{"id":53276,"date":"2022-05-18T13:55:44","date_gmt":"2022-05-18T11:55:44","guid":{"rendered":"https:\/\/vosgesinfo.fr\/saintdieinfo\/2022\/05\/journee-deodatienne-consacree-aux-metiers-de-luniforme-de-securite\/"},"modified":"2022-05-18T13:55:44","modified_gmt":"2022-05-18T11:55:44","slug":"journee-deodatienne-consacree-aux-metiers-de-luniforme-de-securite","status":"publish","type":"post","link":"https:\/\/vosgesinfo.fr\/saintdieinfo\/2022\/05\/journee-deodatienne-consacree-aux-metiers-de-luniforme-de-securite\/","title":{"rendered":"Une journ\u00e9e d\u00e9odatienne consacr\u00e9e aux m\u00e9tiers de l&rsquo;uniforme et de la s\u00e9curit\u00e9"},"content":{"rendered":"\n<h2><strong><span style=\"font-size: 14pt;\">Une journ\u00e9e interactive des m\u00e9tiers de l&rsquo;uniforme et de la s\u00e9curit\u00e9 est organis\u00e9e \u00e0 Saint-Di\u00e9-des-Vosges \u00e0 la toute fin du mois, plus pr\u00e9cis\u00e9ment le mardi 31 mai. Ce jour-l\u00e0, l&rsquo;Arm\u00e9e de Terre, l&rsquo;Arm\u00e9e de l&rsquo;Air et de l&rsquo;Espace, la Marine Nationale, la L\u00e9gion Etrang\u00e8re, la Gendarmerie Nationale, les Police Nationale et Municipale ainsi que les Sapeurs-Pompiers s&rsquo;installeront de 10 \u00e0 18h au parc Jean-Mansuy, avec plusieurs v\u00e9hicules tels qu&rsquo;un v\u00e9hicule blind\u00e9 l\u00e9ger, un v\u00e9hicule de l&rsquo;avant blind\u00e9 ou un camion lourd de d\u00e9pannage.<\/span><\/strong><\/h2>\n<p><!--more--><\/p>\n<p>L&rsquo;occasion pour les visiteurs de rencontrer et d&rsquo;\u00e9changer avec les repr\u00e9sentants des m\u00e9tiers de l&rsquo;uniforme et de la s\u00e9curit\u00e9, d&rsquo;assister \u00e0 des d\u00e9monstrations et des pr\u00e9sentations, notamment du syst\u00e8me de d\u00e9fense sol-air anti-drone. Il sera \u00e9galement possible de participer \u00e0 des ateliers, avec par exemple de l&rsquo;initiation aux techniques d&rsquo;interventions op\u00e9rationnelles rapproch\u00e9es \u2013 TIOR \u2013 la possibilit\u00e9 de rev\u00eatir un parachute ou d&rsquo;arrimer un plateau lest\u00e9 avec des munitions factices. Pour celles et ceux qui souhaiteraient participer aux ateliers, une tenue de sport est plus que conseill\u00e9e.<\/p>\n<p>Organis\u00e9e en partenariat avec la Ville de Saint-Di\u00e9-des-Vosges et la Mission Locale, cette journ\u00e9e, qui se veut <em>\u00ab\u00a0dynamique, vivante et attrayante pour le public\u00a0\u00bb,<\/em> a pour objectif de pr\u00e9senter le savoir faire et le savoir \u00eatre des militaires et des organismes de s\u00e9curit\u00e9, de faire d\u00e9couvrir les nombreux m\u00e9tiers des arm\u00e9es, gendarmes, policiers et sapeurs-pompiers, mais aussi de recruter. Car il y a actuellement 40 000 emplois \u00e0 pourvoir dans les 3 arm\u00e9es et les organismes de s\u00e9curit\u00e9 fran\u00e7ais, qui fonctionnent aujourd&rsquo;hui en sous-effectifs.<\/p>\n<p>Comme l&rsquo;ont soulign\u00e9 ce mercredi matin l&rsquo;adjudant-chef S\u00e9batien, de l&rsquo;Arm\u00e9e de Terre, le sergent-chef Damien, de l&rsquo;Arm\u00e9e de l&rsquo;Air et de l&rsquo;Espace, et le premier-ma\u00eetre Renaud, de la Marine Nationale, <em>\u00ab s&rsquo;engager, c&rsquo;est avoir une exp\u00e9rience humaine, qui peut servir de tremplin ensuite dans la vie civile. Il existe une pl\u00e9thore de modes d&rsquo;engagement, \u00e0 m\u00eame de plaire \u00e0 diff\u00e9rents profils, sachant que la majorit\u00e9 des dipl\u00f4mes sont inscrits au R\u00e9pertoire National des Certifications Professionnelles \u2013 RNCP. Il sont donc valorisables apr\u00e8s la p\u00e9riode d&rsquo;engagement. Et apr\u00e8s 5 ans sous les drapeaux, il est possible de b\u00e9n\u00e9ficier d&rsquo;une reconversion. \u00a0\u00bb<\/em><\/p>\n<p>Apr\u00e8s Saint-Di\u00e9-des-Vosges, cette journ\u00e9e interactive consacr\u00e9e aux m\u00e9tiers de l&rsquo;uniforme et de la s\u00e9curit\u00e9 se d\u00e9clinera \u00e0 Epinal le 1er juin, sur le parking du Petit Champ de Mars, puis \u00e0 Neufch\u00e2teau le 2 juin, sur la place des Marronniers.<\/p>\n<p>J.J.<\/p>\n<p><a href=\"\/2022\/05\/Journ\u00e9e_Interactive_M\u00e9tiers_de_lUniforme_S\u00e9curit\u00e9-3.jpg\" target=\"_blank\" rel=\"noopener\"><img decoding=\"async\" class=\"aligncenter wp-image-183533 size-full\" src=\"\/2022\/05\/Journ\u00e9e_Interactive_M\u00e9tiers_de_lUniforme_S\u00e9curit\u00e9-3.jpg\" alt=\"Journ\u00e9e_Interactive_M\u00e9tiers_de_l'Uniforme_S\u00e9curit\u00e9 (3)\" width=\"565\" height=\"796\" \/><\/a><\/p>\n","protected":false},"excerpt":{"rendered":"<p>Une journ\u00e9e interactive des m\u00e9tiers de l&rsquo;uniforme et de la s\u00e9curit\u00e9 est organis\u00e9e \u00e0 Saint-Di\u00e9-des-Vosges \u00e0 la toute fin du [&hellip;]<\/p>\n","protected":false},"author":44,"featured_media":53277,"comment_status":"open","ping_status":"open","sticky":false,"template":"","format":"standard","meta":{"footnotes":""},"categories":[460,2915],"tags":[11352,4666,4311,6320,7888,4611,3095,3890,4860,1233,3240],"class_list":["post-53276","post","type-post","status-publish","format-standard","has-post-thumbnail","hentry","category-a-la-une","category-saint-die-son-canton","tag-armee-de-lair-et-de-lespace","tag-armee-de-terre","tag-gendarmerie-nationale","tag-journee-interactive-des-metiers-de-luniforme-et-de-la-securite","tag-marine-nationale","tag-mission-locale-de-saint-die-et-des-hautes-vosges","tag-parc-jean-mansuy","tag-police-municipale-de-saint-die-des-vosges","tag-police-nationale","tag-sapeurs-pompiers","tag-ville-de-saint-die-des-vosges"],"acf":[],"yoast_head":"<!-- This site is optimized with the Yoast SEO plugin v22.5 - https:\/\/yoast.com\/wordpress\/plugins\/seo\/ -->\n<title>Une journ\u00e9e d\u00e9odatienne consacr\u00e9e aux m\u00e9tiers de l&#039;uniforme et de la s\u00e9curit\u00e9 - Saint Die Info<\/title>\n<meta name=\"robots\" content=\"index, follow, max-snippet:-1, max-image-preview:large, max-video-preview:-1\" \/>\n<link rel=\"canonical\" href=\"https:\/\/vosgesinfo.fr\/saintdieinfo\/2022\/05\/journee-deodatienne-consacree-aux-metiers-de-luniforme-de-securite\/\" \/>\n<meta name=\"twitter:card\" content=\"summary_large_image\" \/>\n<meta name=\"twitter:title\" content=\"Une journ\u00e9e d\u00e9odatienne consacr\u00e9e aux m\u00e9tiers de l&#039;uniforme et de la s\u00e9curit\u00e9 - Saint Die Info\" \/>\n<meta name=\"twitter:description\" content=\"Une journ\u00e9e interactive des m\u00e9tiers de l&rsquo;uniforme et de la s\u00e9curit\u00e9 est organis\u00e9e \u00e0 Saint-Di\u00e9-des-Vosges \u00e0 la toute fin du [&hellip;]\" \/>\n<meta name=\"twitter:image\" content=\"https:\/\/vosgesinfo.fr\/app\/uploads\/sites\/4\/2024\/08\/202205journee-interactive-metiers-de-luniforme-securite-1.jpg\" \/>\n<meta name=\"twitter:creator\" content=\"@VosgesInfo88\" \/>\n<meta name=\"twitter:site\" content=\"@VosgesInfo88\" \/>\n<meta name=\"twitter:label1\" content=\"\u00c9crit par\" \/>\n\t<meta name=\"twitter:data1\" content=\"la r\u00e9daction\" \/>\n\t<meta name=\"twitter:label2\" content=\"Dur\u00e9e de lecture estim\u00e9e\" \/>\n\t<meta name=\"twitter:data2\" content=\"2 minutes\" \/>\n<script type=\"application\/ld+json\" class=\"yoast-schema-graph\">{\"@context\":\"https:\/\/schema.org\",\"@graph\":[{\"@type\":\"Article\",\"@id\":\"https:\/\/vosgesinfo.fr\/saintdieinfo\/2022\/05\/journee-deodatienne-consacree-aux-metiers-de-luniforme-de-securite\/#article\",\"isPartOf\":{\"@id\":\"https:\/\/vosgesinfo.fr\/saintdieinfo\/2022\/05\/journee-deodatienne-consacree-aux-metiers-de-luniforme-de-securite\/\"},\"author\":{\"name\":\"la r\u00e9daction\",\"@id\":\"https:\/\/vosgesinfo.fr\/saintdieinfo\/#\/schema\/person\/faee6704a21f3977511db84bd1cd450f\"},\"headline\":\"Une journ\u00e9e d\u00e9odatienne consacr\u00e9e aux m\u00e9tiers de l&rsquo;uniforme et de la s\u00e9curit\u00e9\",\"datePublished\":\"2022-05-18T11:55:44+00:00\",\"dateModified\":\"2022-05-18T11:55:44+00:00\",\"mainEntityOfPage\":{\"@id\":\"https:\/\/vosgesinfo.fr\/saintdieinfo\/2022\/05\/journee-deodatienne-consacree-aux-metiers-de-luniforme-de-securite\/\"},\"wordCount\":487,\"commentCount\":0,\"publisher\":{\"@id\":\"https:\/\/vosgesinfo.fr\/saintdieinfo\/#organization\"},\"image\":{\"@id\":\"https:\/\/vosgesinfo.fr\/saintdieinfo\/2022\/05\/journee-deodatienne-consacree-aux-metiers-de-luniforme-de-securite\/#primaryimage\"},\"thumbnailUrl\":\"https:\/\/vosgesinfo.fr\/app\/uploads\/sites\/4\/2024\/08\/202205journee-interactive-metiers-de-luniforme-securite-1.jpg\",\"keywords\":[\"Arm\u00e9e de l'Air et de l'Espace\",\"Arm\u00e9e de Terre\",\"Gendarmerie Nationale\",\"Journ\u00e9e interactive des m\u00e9tiers de l'uniforme et de la s\u00e9curit\u00e9\",\"Marine Nationale\",\"Mission Locale de Saint-Di\u00e9 et des Hautes-Vosges\",\"Parc Jean-Mansuy\",\"Police Municipale de Saint-Di\u00e9-des-Vosges\",\"Police Nationale\",\"sapeurs pompiers\",\"Ville de Saint-Di\u00e9-des-Vosges\"],\"articleSection\":[\"A la Une\",\"Saint-Di\u00e9-des-Vosges et son Agglom\u00e9ration\"],\"inLanguage\":\"fr-FR\",\"potentialAction\":[{\"@type\":\"CommentAction\",\"name\":\"Comment\",\"target\":[\"https:\/\/vosgesinfo.fr\/saintdieinfo\/2022\/05\/journee-deodatienne-consacree-aux-metiers-de-luniforme-de-securite\/#respond\"]}]},{\"@type\":\"WebPage\",\"@id\":\"https:\/\/vosgesinfo.fr\/saintdieinfo\/2022\/05\/journee-deodatienne-consacree-aux-metiers-de-luniforme-de-securite\/\",\"url\":\"https:\/\/vosgesinfo.fr\/saintdieinfo\/2022\/05\/journee-deodatienne-consacree-aux-metiers-de-luniforme-de-securite\/\",\"name\":\"Une journ\u00e9e d\u00e9odatienne consacr\u00e9e aux m\u00e9tiers de l'uniforme et de la s\u00e9curit\u00e9 - Saint Die Info\",\"isPartOf\":{\"@id\":\"https:\/\/vosgesinfo.fr\/saintdieinfo\/#website\"},\"primaryImageOfPage\":{\"@id\":\"https:\/\/vosgesinfo.fr\/saintdieinfo\/2022\/05\/journee-deodatienne-consacree-aux-metiers-de-luniforme-de-securite\/#primaryimage\"},\"image\":{\"@id\":\"https:\/\/vosgesinfo.fr\/saintdieinfo\/2022\/05\/journee-deodatienne-consacree-aux-metiers-de-luniforme-de-securite\/#primaryimage\"},\"thumbnailUrl\":\"https:\/\/vosgesinfo.fr\/app\/uploads\/sites\/4\/2024\/08\/202205journee-interactive-metiers-de-luniforme-securite-1.jpg\",\"datePublished\":\"2022-05-18T11:55:44+00:00\",\"dateModified\":\"2022-05-18T11:55:44+00:00\",\"breadcrumb\":{\"@id\":\"https:\/\/vosgesinfo.fr\/saintdieinfo\/2022\/05\/journee-deodatienne-consacree-aux-metiers-de-luniforme-de-securite\/#breadcrumb\"},\"inLanguage\":\"fr-FR\",\"potentialAction\":[{\"@type\":\"ReadAction\",\"target\":[\"https:\/\/vosgesinfo.fr\/saintdieinfo\/2022\/05\/journee-deodatienne-consacree-aux-metiers-de-luniforme-de-securite\/\"]}]},{\"@type\":\"ImageObject\",\"inLanguage\":\"fr-FR\",\"@id\":\"https:\/\/vosgesinfo.fr\/saintdieinfo\/2022\/05\/journee-deodatienne-consacree-aux-metiers-de-luniforme-de-securite\/#primaryimage\",\"url\":\"https:\/\/vosgesinfo.fr\/app\/uploads\/sites\/4\/2024\/08\/202205journee-interactive-metiers-de-luniforme-securite-1.jpg\",\"contentUrl\":\"https:\/\/vosgesinfo.fr\/app\/uploads\/sites\/4\/2024\/08\/202205journee-interactive-metiers-de-luniforme-securite-1.jpg\",\"width\":1600,\"height\":1205},{\"@type\":\"BreadcrumbList\",\"@id\":\"https:\/\/vosgesinfo.fr\/saintdieinfo\/2022\/05\/journee-deodatienne-consacree-aux-metiers-de-luniforme-de-securite\/#breadcrumb\",\"itemListElement\":[{\"@type\":\"ListItem\",\"position\":1,\"name\":\"Home\",\"item\":\"https:\/\/vosgesinfo.fr\/saintdieinfo\/\"},{\"@type\":\"ListItem\",\"position\":2,\"name\":\"Une journ\u00e9e d\u00e9odatienne consacr\u00e9e aux m\u00e9tiers de l&rsquo;uniforme et de la s\u00e9curit\u00e9\"}]},{\"@type\":\"WebSite\",\"@id\":\"https:\/\/vosgesinfo.fr\/saintdieinfo\/#website\",\"url\":\"https:\/\/vosgesinfo.fr\/saintdieinfo\/\",\"name\":\"Saint Die Info\",\"description\":\"Toute l&#039;actualit\u00e9 de Saint-Di\u00e9-Des-Vosges\",\"publisher\":{\"@id\":\"https:\/\/vosgesinfo.fr\/saintdieinfo\/#organization\"},\"alternateName\":\"Toute l'actualit\u00e9 de Saint-Di\u00e9-Des-Vosges\",\"potentialAction\":[{\"@type\":\"SearchAction\",\"target\":{\"@type\":\"EntryPoint\",\"urlTemplate\":\"https:\/\/vosgesinfo.fr\/saintdieinfo\/?s={search_term_string}\"},\"query-input\":\"required name=search_term_string\"}],\"inLanguage\":\"fr-FR\"},{\"@type\":\"Organization\",\"@id\":\"https:\/\/vosgesinfo.fr\/saintdieinfo\/#organization\",\"name\":\"Saint Die Info\",\"url\":\"https:\/\/vosgesinfo.fr\/saintdieinfo\/\",\"logo\":{\"@type\":\"ImageObject\",\"inLanguage\":\"fr-FR\",\"@id\":\"https:\/\/vosgesinfo.fr\/saintdieinfo\/#\/schema\/logo\/image\/\",\"url\":\"https:\/\/vosgesinfo.fr\/app\/uploads\/sites\/4\/2024\/02\/logo-sdi.jpg\",\"contentUrl\":\"https:\/\/vosgesinfo.fr\/app\/uploads\/sites\/4\/2024\/02\/logo-sdi.jpg\",\"width\":600,\"height\":600,\"caption\":\"Saint Die Info\"},\"image\":{\"@id\":\"https:\/\/vosgesinfo.fr\/saintdieinfo\/#\/schema\/logo\/image\/\"},\"sameAs\":[\"https:\/\/www.facebook.com\/Saintdieinfofr\",\"https:\/\/x.com\/VosgesInfo88\",\"https:\/\/www.youtube.com\/@vosgesinfo\"]},{\"@type\":\"Person\",\"@id\":\"https:\/\/vosgesinfo.fr\/saintdieinfo\/#\/schema\/person\/faee6704a21f3977511db84bd1cd450f\",\"name\":\"la r\u00e9daction\",\"image\":{\"@type\":\"ImageObject\",\"inLanguage\":\"fr-FR\",\"@id\":\"https:\/\/vosgesinfo.fr\/saintdieinfo\/#\/schema\/person\/image\/\",\"url\":\"https:\/\/secure.gravatar.com\/avatar\/6673d8bc6a9c17fa9a453eaa3448de834fa308c2ec9635b7aa99441a7c8d2cf6?s=96&d=mm&r=g\",\"contentUrl\":\"https:\/\/secure.gravatar.com\/avatar\/6673d8bc6a9c17fa9a453eaa3448de834fa308c2ec9635b7aa99441a7c8d2cf6?s=96&d=mm&r=g\",\"caption\":\"la r\u00e9daction\"},\"url\":\"https:\/\/vosgesinfo.fr\/saintdieinfo\/author\/redac\/\"}]}<\/script>\n<!-- \/ Yoast SEO plugin. -->","yoast_head_json":{"title":"Une journ\u00e9e d\u00e9odatienne consacr\u00e9e aux m\u00e9tiers de l'uniforme et de la s\u00e9curit\u00e9 - Saint Die Info","robots":{"index":"index","follow":"follow","max-snippet":"max-snippet:-1","max-image-preview":"max-image-preview:large","max-video-preview":"max-video-preview:-1"},"canonical":"https:\/\/vosgesinfo.fr\/saintdieinfo\/2022\/05\/journee-deodatienne-consacree-aux-metiers-de-luniforme-de-securite\/","twitter_card":"summary_large_image","twitter_title":"Une journ\u00e9e d\u00e9odatienne consacr\u00e9e aux m\u00e9tiers de l'uniforme et de la s\u00e9curit\u00e9 - Saint Die Info","twitter_description":"Une journ\u00e9e interactive des m\u00e9tiers de l&rsquo;uniforme et de la s\u00e9curit\u00e9 est organis\u00e9e \u00e0 Saint-Di\u00e9-des-Vosges \u00e0 la toute fin du [&hellip;]","twitter_image":"https:\/\/vosgesinfo.fr\/app\/uploads\/sites\/4\/2024\/08\/202205journee-interactive-metiers-de-luniforme-securite-1.jpg","twitter_creator":"@VosgesInfo88","twitter_site":"@VosgesInfo88","twitter_misc":{"\u00c9crit par":"la r\u00e9daction","Dur\u00e9e de lecture estim\u00e9e":"2 minutes"},"schema":{"@context":"https:\/\/schema.org","@graph":[{"@type":"Article","@id":"https:\/\/vosgesinfo.fr\/saintdieinfo\/2022\/05\/journee-deodatienne-consacree-aux-metiers-de-luniforme-de-securite\/#article","isPartOf":{"@id":"https:\/\/vosgesinfo.fr\/saintdieinfo\/2022\/05\/journee-deodatienne-consacree-aux-metiers-de-luniforme-de-securite\/"},"author":{"name":"la r\u00e9daction","@id":"https:\/\/vosgesinfo.fr\/saintdieinfo\/#\/schema\/person\/faee6704a21f3977511db84bd1cd450f"},"headline":"Une journ\u00e9e d\u00e9odatienne consacr\u00e9e aux m\u00e9tiers de l&rsquo;uniforme et de la s\u00e9curit\u00e9","datePublished":"2022-05-18T11:55:44+00:00","dateModified":"2022-05-18T11:55:44+00:00","mainEntityOfPage":{"@id":"https:\/\/vosgesinfo.fr\/saintdieinfo\/2022\/05\/journee-deodatienne-consacree-aux-metiers-de-luniforme-de-securite\/"},"wordCount":487,"commentCount":0,"publisher":{"@id":"https:\/\/vosgesinfo.fr\/saintdieinfo\/#organization"},"image":{"@id":"https:\/\/vosgesinfo.fr\/saintdieinfo\/2022\/05\/journee-deodatienne-consacree-aux-metiers-de-luniforme-de-securite\/#primaryimage"},"thumbnailUrl":"https:\/\/vosgesinfo.fr\/app\/uploads\/sites\/4\/2024\/08\/202205journee-interactive-metiers-de-luniforme-securite-1.jpg","keywords":["Arm\u00e9e de l'Air et de l'Espace","Arm\u00e9e de Terre","Gendarmerie Nationale","Journ\u00e9e interactive des m\u00e9tiers de l'uniforme et de la s\u00e9curit\u00e9","Marine Nationale","Mission Locale de Saint-Di\u00e9 et des Hautes-Vosges","Parc Jean-Mansuy","Police Municipale de Saint-Di\u00e9-des-Vosges","Police Nationale","sapeurs pompiers","Ville de Saint-Di\u00e9-des-Vosges"],"articleSection":["A la Une","Saint-Di\u00e9-des-Vosges et son Agglom\u00e9ration"],"inLanguage":"fr-FR","potentialAction":[{"@type":"CommentAction","name":"Comment","target":["https:\/\/vosgesinfo.fr\/saintdieinfo\/2022\/05\/journee-deodatienne-consacree-aux-metiers-de-luniforme-de-securite\/#respond"]}]},{"@type":"WebPage","@id":"https:\/\/vosgesinfo.fr\/saintdieinfo\/2022\/05\/journee-deodatienne-consacree-aux-metiers-de-luniforme-de-securite\/","url":"https:\/\/vosgesinfo.fr\/saintdieinfo\/2022\/05\/journee-deodatienne-consacree-aux-metiers-de-luniforme-de-securite\/","name":"Une journ\u00e9e d\u00e9odatienne consacr\u00e9e aux m\u00e9tiers de l'uniforme et de la s\u00e9curit\u00e9 - Saint Die Info","isPartOf":{"@id":"https:\/\/vosgesinfo.fr\/saintdieinfo\/#website"},"primaryImageOfPage":{"@id":"https:\/\/vosgesinfo.fr\/saintdieinfo\/2022\/05\/journee-deodatienne-consacree-aux-metiers-de-luniforme-de-securite\/#primaryimage"},"image":{"@id":"https:\/\/vosgesinfo.fr\/saintdieinfo\/2022\/05\/journee-deodatienne-consacree-aux-metiers-de-luniforme-de-securite\/#primaryimage"},"thumbnailUrl":"https:\/\/vosgesinfo.fr\/app\/uploads\/sites\/4\/2024\/08\/202205journee-interactive-metiers-de-luniforme-securite-1.jpg","datePublished":"2022-05-18T11:55:44+00:00","dateModified":"2022-05-18T11:55:44+00:00","breadcrumb":{"@id":"https:\/\/vosgesinfo.fr\/saintdieinfo\/2022\/05\/journee-deodatienne-consacree-aux-metiers-de-luniforme-de-securite\/#breadcrumb"},"inLanguage":"fr-FR","potentialAction":[{"@type":"ReadAction","target":["https:\/\/vosgesinfo.fr\/saintdieinfo\/2022\/05\/journee-deodatienne-consacree-aux-metiers-de-luniforme-de-securite\/"]}]},{"@type":"ImageObject","inLanguage":"fr-FR","@id":"https:\/\/vosgesinfo.fr\/saintdieinfo\/2022\/05\/journee-deodatienne-consacree-aux-metiers-de-luniforme-de-securite\/#primaryimage","url":"https:\/\/vosgesinfo.fr\/app\/uploads\/sites\/4\/2024\/08\/202205journee-interactive-metiers-de-luniforme-securite-1.jpg","contentUrl":"https:\/\/vosgesinfo.fr\/app\/uploads\/sites\/4\/2024\/08\/202205journee-interactive-metiers-de-luniforme-securite-1.jpg","width":1600,"height":1205},{"@type":"BreadcrumbList","@id":"https:\/\/vosgesinfo.fr\/saintdieinfo\/2022\/05\/journee-deodatienne-consacree-aux-metiers-de-luniforme-de-securite\/#breadcrumb","itemListElement":[{"@type":"ListItem","position":1,"name":"Home","item":"https:\/\/vosgesinfo.fr\/saintdieinfo\/"},{"@type":"ListItem","position":2,"name":"Une journ\u00e9e d\u00e9odatienne consacr\u00e9e aux m\u00e9tiers de l&rsquo;uniforme et de la s\u00e9curit\u00e9"}]},{"@type":"WebSite","@id":"https:\/\/vosgesinfo.fr\/saintdieinfo\/#website","url":"https:\/\/vosgesinfo.fr\/saintdieinfo\/","name":"Saint Die Info","description":"Toute l&#039;actualit\u00e9 de Saint-Di\u00e9-Des-Vosges","publisher":{"@id":"https:\/\/vosgesinfo.fr\/saintdieinfo\/#organization"},"alternateName":"Toute l'actualit\u00e9 de Saint-Di\u00e9-Des-Vosges","potentialAction":[{"@type":"SearchAction","target":{"@type":"EntryPoint","urlTemplate":"https:\/\/vosgesinfo.fr\/saintdieinfo\/?s={search_term_string}"},"query-input":"required name=search_term_string"}],"inLanguage":"fr-FR"},{"@type":"Organization","@id":"https:\/\/vosgesinfo.fr\/saintdieinfo\/#organization","name":"Saint Die Info","url":"https:\/\/vosgesinfo.fr\/saintdieinfo\/","logo":{"@type":"ImageObject","inLanguage":"fr-FR","@id":"https:\/\/vosgesinfo.fr\/saintdieinfo\/#\/schema\/logo\/image\/","url":"https:\/\/vosgesinfo.fr\/app\/uploads\/sites\/4\/2024\/02\/logo-sdi.jpg","contentUrl":"https:\/\/vosgesinfo.fr\/app\/uploads\/sites\/4\/2024\/02\/logo-sdi.jpg","width":600,"height":600,"caption":"Saint Die Info"},"image":{"@id":"https:\/\/vosgesinfo.fr\/saintdieinfo\/#\/schema\/logo\/image\/"},"sameAs":["https:\/\/www.facebook.com\/Saintdieinfofr","https:\/\/x.com\/VosgesInfo88","https:\/\/www.youtube.com\/@vosgesinfo"]},{"@type":"Person","@id":"https:\/\/vosgesinfo.fr\/saintdieinfo\/#\/schema\/person\/faee6704a21f3977511db84bd1cd450f","name":"la r\u00e9daction","image":{"@type":"ImageObject","inLanguage":"fr-FR","@id":"https:\/\/vosgesinfo.fr\/saintdieinfo\/#\/schema\/person\/image\/","url":"https:\/\/secure.gravatar.com\/avatar\/6673d8bc6a9c17fa9a453eaa3448de834fa308c2ec9635b7aa99441a7c8d2cf6?s=96&d=mm&r=g","contentUrl":"https:\/\/secure.gravatar.com\/avatar\/6673d8bc6a9c17fa9a453eaa3448de834fa308c2ec9635b7aa99441a7c8d2cf6?s=96&d=mm&r=g","caption":"la r\u00e9daction"},"url":"https:\/\/vosgesinfo.fr\/saintdieinfo\/author\/redac\/"}]}},"_links":{"self":[{"href":"https:\/\/vosgesinfo.fr\/saintdieinfo\/wp-json\/wp\/v2\/posts\/53276","targetHints":{"allow":["GET"]}}],"collection":[{"href":"https:\/\/vosgesinfo.fr\/saintdieinfo\/wp-json\/wp\/v2\/posts"}],"about":[{"href":"https:\/\/vosgesinfo.fr\/saintdieinfo\/wp-json\/wp\/v2\/types\/post"}],"author":[{"embeddable":true,"href":"https:\/\/vosgesinfo.fr\/saintdieinfo\/wp-json\/wp\/v2\/users\/44"}],"replies":[{"embeddable":true,"href":"https:\/\/vosgesinfo.fr\/saintdieinfo\/wp-json\/wp\/v2\/comments?post=53276"}],"version-history":[{"count":0,"href":"https:\/\/vosgesinfo.fr\/saintdieinfo\/wp-json\/wp\/v2\/posts\/53276\/revisions"}],"wp:featuredmedia":[{"embeddable":true,"href":"https:\/\/vosgesinfo.fr\/saintdieinfo\/wp-json\/wp\/v2\/media\/53277"}],"wp:attachment":[{"href":"https:\/\/vosgesinfo.fr\/saintdieinfo\/wp-json\/wp\/v2\/media?parent=53276"}],"wp:term":[{"taxonomy":"category","embeddable":true,"href":"https:\/\/vosgesinfo.fr\/saintdieinfo\/wp-json\/wp\/v2\/categories?post=53276"},{"taxonomy":"post_tag","embeddable":true,"href":"https:\/\/vosgesinfo.fr\/saintdieinfo\/wp-json\/wp\/v2\/tags?post=53276"}],"curies":[{"name":"wp","href":"https:\/\/api.w.org\/{rel}","templated":true}]}}