{"id":53280,"date":"2022-05-18T14:31:01","date_gmt":"2022-05-18T12:31:01","guid":{"rendered":"https:\/\/vosgesinfo.fr\/saintdieinfo\/2022\/05\/laccueil-de-lassurance-maladie-a-saint-die-vosges-demenage\/"},"modified":"2022-05-18T14:31:01","modified_gmt":"2022-05-18T12:31:01","slug":"laccueil-de-lassurance-maladie-a-saint-die-vosges-demenage","status":"publish","type":"post","link":"https:\/\/vosgesinfo.fr\/saintdieinfo\/2022\/05\/laccueil-de-lassurance-maladie-a-saint-die-vosges-demenage\/","title":{"rendered":"L\u2019accueil de l\u2019Assurance Maladie \u00e0 Saint-Di\u00e9-des-Vosges d\u00e9m\u00e9nage"},"content":{"rendered":"<p><a href=\"\/2022\/05\/Assurance_Maladie_Logo.jpg\" target=\"_blank\" rel=\"noopener\"><img decoding=\"async\" class=\"aligncenter wp-image-183537 size-full\" src=\"\/2022\/05\/Assurance_Maladie_Logo.jpg\" alt=\"Assurance_Maladie_Logo\" width=\"589\" height=\"291\" \/><\/a><\/p>\n<h2><strong><span style=\"font-size: 14pt;\"><span id=\"page3R_mcid8\" class=\"markedContent\"><span dir=\"ltr\">\u00c0 partir du mercredi 1<\/span><span dir=\"ltr\">er<\/span> <span dir=\"ltr\">juin 2022<\/span><span dir=\"ltr\">, l\u2019<\/span><span dir=\"ltr\">accueil d<\/span><span dir=\"ltr\">e l\u2019A<\/span><span dir=\"ltr\">ssurance Maladie \u00e0 Saint-Di\u00e9-des-Vosges<\/span><span dir=\"ltr\"> change d\u2019<\/span><span dir=\"ltr\">adresse pour vous offrir une meilleure qualit\u00e9 de service. <\/span><\/span><span id=\"page3R_mcid9\" class=\"markedContent\"><\/span><span id=\"page3R_mcid10\" class=\"markedContent\"><span dir=\"ltr\">Il se situera d\u00e9sormais au<\/span> <span dir=\"ltr\">7, rue Cach\u00e9e<\/span> <span dir=\"ltr\">\u00e0 Saint-Di\u00e9-des-Vosges.<\/span><\/span><\/span><\/strong><\/h2>\n<p><!--more--><\/p>\n<p><a href=\"\/2022\/05\/Assurance_Maladie_Plan.jpg\" target=\"_blank\" rel=\"noopener\"><img decoding=\"async\" class=\"aligncenter wp-image-183538 size-large\" src=\"\/2022\/05\/Assurance_Maladie_Plan-1024x676.jpg\" alt=\"Assurance_Maladie_Plan\" width=\"960\" height=\"634\" \/><\/a><\/p>\n<p><span id=\"page3R_mcid12\" class=\"markedContent\"><span dir=\"ltr\">Sur place, un acc\u00e8s gratuit au Wifi permettra de r\u00e9aliser directement, en quelques clics, ses<\/span><span dir=\"ltr\"> d\u00e9marches en ligne. <\/span><\/span><span id=\"page3R_mcid13\" class=\"markedContent\"><\/span><span id=\"page3R_mcid14\" class=\"markedContent\"><span dir=\"ltr\">En raison de ce d\u00e9m\u00e9nagement,<\/span> <span dir=\"ltr\">l<\/span><span dir=\"ltr\">\u2019<\/span><span dir=\"ltr\">accueil de l<\/span><span dir=\"ltr\">\u2019<\/span><span dir=\"ltr\">Assurance Maladie situ\u00e9 au 49, rue de La <\/span><span dir=\"ltr\">Bolle sera exceptionnellement ferm\u00e9, le mardi 31 mai 2022 (toute la journ\u00e9e)<\/span><span dir=\"ltr\">. <\/span><\/span><span id=\"page3R_mcid15\" class=\"markedContent\"><span dir=\"ltr\">L<\/span><span dir=\"ltr\">\u2019<\/span><span dir=\"ltr\">accueil de l<\/span><span dir=\"ltr\">\u2019<\/span><span dir=\"ltr\">Assurance Retraite, qui reste pr\u00e9sent dans l<\/span><span dir=\"ltr\">\u2019<\/span><span dir=\"ltr\">Espace S\u00e9curit\u00e9 sociale, sera lui <\/span><span dir=\"ltr\">ouvert.<\/span><\/span><span id=\"page3R_mcid16\" class=\"markedContent\"><\/span><span id=\"page3R_mcid17\" class=\"markedContent\"><\/span><span id=\"page3R_mcid18\" class=\"markedContent\"><\/span><br \/>\n<span id=\"page3R_mcid18\" class=\"markedContent\"><\/span><\/p>\n<h3><span id=\"page3R_mcid18\" class=\"markedContent\"><strong><span dir=\"ltr\" style=\"font-size: 12pt;\">BESOIN D\u2019AIDE<\/span><\/strong><\/span><strong><span style=\"font-size: 12pt;\"><span id=\"page3R_mcid19\" class=\"markedContent\"><\/span><span id=\"page3R_mcid20\" class=\"markedContent\"> <span dir=\"ltr\">?<\/span><\/span><span id=\"page3R_mcid21\" class=\"markedContent\"><\/span><span id=\"page3R_mcid22\" class=\"markedContent\"><\/span><span id=\"page3R_mcid23\" class=\"markedContent\"><\/span><\/span><\/strong><br \/>\n<span id=\"page3R_mcid23\" class=\"markedContent\"><\/span><\/h3>\n<ul>\n<li><span id=\"page3R_mcid25\" class=\"markedContent\"><span dir=\"ltr\">Vous souhaitez obtenir des informations sur votre dossier personnel<\/span><\/span><span id=\"page3R_mcid26\" class=\"markedContent\"><\/span><span id=\"page3R_mcid27\" class=\"markedContent\"> <span dir=\"ltr\">? <\/span><\/span><span id=\"page3R_mcid28\" class=\"markedContent\"><\/span><span id=\"page3R_mcid29\" class=\"markedContent\"><\/span><span id=\"page3R_mcid30\" class=\"markedContent\"><span dir=\"ltr\">Connectez<\/span><\/span><span id=\"page3R_mcid31\" class=\"markedContent\"><span dir=\"ltr\">&#8211;<\/span><\/span><span id=\"page3R_mcid32\" class=\"markedContent\"><span dir=\"ltr\">vous<\/span><\/span><span id=\"page3R_mcid33\" class=\"markedContent\"> <span dir=\"ltr\">\u00e0<\/span><\/span><span id=\"page3R_mcid34\" class=\"markedContent\"> <span dir=\"ltr\">votre compte ameli<\/span><\/span><span id=\"page3R_mcid35\" class=\"markedContent\"><\/span><span id=\"page3R_mcid36\" class=\"markedContent\"> <span dir=\"ltr\">depuis votre ordinateur ou votre smartphone<\/span><\/span><span id=\"page3R_mcid37\" class=\"markedContent\"> <span dir=\"ltr\">et adressez<\/span><\/span><span id=\"page3R_mcid38\" class=\"markedContent\"><span dir=\"ltr\">&#8211;<\/span><\/span><span id=\"page3R_mcid39\" class=\"markedContent\"><span dir=\"ltr\">nous<\/span><\/span><span id=\"page3R_mcid40\" class=\"markedContent\"><span dir=\"ltr\"> un<\/span><\/span><span id=\"page3R_mcid41\" class=\"markedContent\"> <span dir=\"ltr\">message depuis la rubrique \u00ab<\/span><\/span><span id=\"page3R_mcid42\" class=\"markedContent\"><\/span><span id=\"page3R_mcid43\" class=\"markedContent\"> <span dir=\"ltr\">Ma messagerie<\/span><\/span><span id=\"page3R_mcid44\" class=\"markedContent\"><\/span><span id=\"page3R_mcid45\" class=\"markedContent\"> <span dir=\"ltr\">\u00bb. En cas d\u2019impossibilit\u00e9, contactez<\/span><\/span><span id=\"page3R_mcid46\" class=\"markedContent\"><span dir=\"ltr\">&#8211;<\/span><\/span><span id=\"page3R_mcid47\" class=\"markedContent\"><span dir=\"ltr\">nous par t\u00e9l\u00e9phone<\/span><\/span><span id=\"page3R_mcid48\" class=\"markedContent\"><span dir=\"ltr\"> au 36 46 (service gratuit + prix appel), du lundi au vendredi, de 8 h 30 \u00e0 17 h 30.<\/span><\/span><\/li>\n<li><span id=\"page3R_mcid49\" class=\"markedContent\"><\/span><span id=\"page3R_mcid50\" class=\"markedContent\"><\/span><span id=\"page3R_mcid51\" class=\"markedContent\"><\/span><span id=\"page3R_mcid51\" class=\"markedContent\"><\/span><span id=\"page3R_mcid53\" class=\"markedContent\"><span dir=\"ltr\">Vous avez une question plus g\u00e9n\u00e9rale<\/span><\/span><span id=\"page3R_mcid54\" class=\"markedContent\"><\/span><span id=\"page3R_mcid55\" class=\"markedContent\"> <span dir=\"ltr\">? <\/span><\/span><span id=\"page3R_mcid56\" class=\"markedContent\"><\/span><span id=\"page3R_mcid57\" class=\"markedContent\"><\/span><span id=\"page3R_mcid58\" class=\"markedContent\"><\/span><span id=\"page3R_mcid58\" class=\"markedContent\"><span dir=\"ltr\">Posez votre question sur<\/span><\/span><span id=\"page3R_mcid59\" class=\"markedContent\"> <span dir=\"ltr\">le foru<\/span><\/span><span id=\"page3R_mcid60\" class=\"markedContent\"><span dir=\"ltr\">m<\/span><\/span><span id=\"page3R_mcid61\" class=\"markedContent\"><\/span><span id=\"page3R_mcid62\" class=\"markedContent\"> <span dir=\"ltr\">ameli<\/span><\/span><span id=\"page3R_mcid63\" class=\"markedContent\"><\/span><span id=\"page3R_mcid64\" class=\"markedContent\"> <span dir=\"ltr\">pour les<\/span><\/span><span id=\"page3R_mcid65\" class=\"markedContent\"> <span dir=\"ltr\">assur\u00e9s<\/span><\/span><span id=\"page3R_mcid66\" class=\"markedContent\"><\/span><span id=\"page3R_mcid67\" class=\"markedContent\"> <span dir=\"ltr\">(<\/span><\/span><a href=\"https:\/\/forum-assures.ameli.fr\/\" target=\"_blank\" rel=\"noopener\"><span id=\"page3R_mcid68\" class=\"markedContent\"><span dir=\"ltr\">https:\/\/forum<\/span><\/span><span id=\"page3R_mcid69\" class=\"markedContent\"><span dir=\"ltr\">&#8211;<\/span><\/span><span id=\"page3R_mcid70\" class=\"markedContent\"><span dir=\"ltr\">assures.ameli.fr\/<\/span><\/span><\/a><span id=\"page3R_mcid71\" class=\"markedContent\"><span dir=\"ltr\">)<\/span><\/span><span id=\"page3R_mcid72\" class=\"markedContent\"><span dir=\"ltr\">. Une <\/span><\/span><span id=\"page3R_mcid73\" class=\"markedContent\"><\/span><span id=\"page3R_mcid73\" class=\"markedContent\"><span dir=\"ltr\">r\u00e9ponse vous sera apport\u00e9e<\/span><\/span><span id=\"page3R_mcid74\" class=\"markedContent\"> <span dir=\"ltr\">dans les meilleurs d\u00e9lais<\/span><\/span><span id=\"page3R_mcid75\" class=\"markedContent\"> <span dir=\"ltr\">par nos experts de l\u2019Assurance Maladie.<\/span><\/span><\/li>\n<\/ul>\n","protected":false},"excerpt":{"rendered":"<p>\u00c0 partir du mercredi 1er juin 2022, l\u2019accueil de l\u2019Assurance Maladie \u00e0 Saint-Di\u00e9-des-Vosges change d\u2019adresse pour vous offrir une meilleure [&hellip;]<\/p>\n","protected":false},"author":44,"featured_media":53281,"comment_status":"open","ping_status":"open","sticky":false,"template":"","format":"standard","meta":{"footnotes":""},"categories":[460,2915],"tags":[11353,11354],"class_list":["post-53280","post","type-post","status-publish","format-standard","has-post-thumbnail","hentry","category-a-la-une","category-saint-die-son-canton","tag-accueil-de-lassurance-maladie-a-saint-die-des-vosges","tag-assurance-maladie-des-vosges"],"acf":[],"yoast_head":"<!-- This site is optimized with the Yoast SEO plugin v22.5 - https:\/\/yoast.com\/wordpress\/plugins\/seo\/ -->\n<title>L\u2019accueil de l\u2019Assurance Maladie \u00e0 Saint-Di\u00e9-des-Vosges d\u00e9m\u00e9nage - Saint Die Info<\/title>\n<meta name=\"robots\" content=\"index, follow, max-snippet:-1, max-image-preview:large, max-video-preview:-1\" \/>\n<link rel=\"canonical\" href=\"https:\/\/vosgesinfo.fr\/saintdieinfo\/2022\/05\/laccueil-de-lassurance-maladie-a-saint-die-vosges-demenage\/\" \/>\n<meta name=\"twitter:card\" content=\"summary_large_image\" \/>\n<meta name=\"twitter:title\" content=\"L\u2019accueil de l\u2019Assurance Maladie \u00e0 Saint-Di\u00e9-des-Vosges d\u00e9m\u00e9nage - Saint Die Info\" \/>\n<meta name=\"twitter:description\" content=\"\u00c0 partir du mercredi 1er juin 2022, l\u2019accueil de l\u2019Assurance Maladie \u00e0 Saint-Di\u00e9-des-Vosges change d\u2019adresse pour vous offrir une meilleure [&hellip;]\" \/>\n<meta name=\"twitter:image\" content=\"https:\/\/vosgesinfo.fr\/app\/uploads\/sites\/4\/2024\/08\/202205assurance-maladie-logo.jpg\" \/>\n<meta name=\"twitter:creator\" content=\"@VosgesInfo88\" \/>\n<meta name=\"twitter:site\" content=\"@VosgesInfo88\" \/>\n<meta name=\"twitter:label1\" content=\"\u00c9crit par\" \/>\n\t<meta name=\"twitter:data1\" content=\"la r\u00e9daction\" \/>\n\t<meta name=\"twitter:label2\" content=\"Dur\u00e9e de lecture estim\u00e9e\" \/>\n\t<meta name=\"twitter:data2\" content=\"1 minute\" \/>\n<script type=\"application\/ld+json\" class=\"yoast-schema-graph\">{\"@context\":\"https:\/\/schema.org\",\"@graph\":[{\"@type\":\"Article\",\"@id\":\"https:\/\/vosgesinfo.fr\/saintdieinfo\/2022\/05\/laccueil-de-lassurance-maladie-a-saint-die-vosges-demenage\/#article\",\"isPartOf\":{\"@id\":\"https:\/\/vosgesinfo.fr\/saintdieinfo\/2022\/05\/laccueil-de-lassurance-maladie-a-saint-die-vosges-demenage\/\"},\"author\":{\"name\":\"la r\u00e9daction\",\"@id\":\"https:\/\/vosgesinfo.fr\/saintdieinfo\/#\/schema\/person\/faee6704a21f3977511db84bd1cd450f\"},\"headline\":\"L\u2019accueil de l\u2019Assurance Maladie \u00e0 Saint-Di\u00e9-des-Vosges d\u00e9m\u00e9nage\",\"datePublished\":\"2022-05-18T12:31:01+00:00\",\"dateModified\":\"2022-05-18T12:31:01+00:00\",\"mainEntityOfPage\":{\"@id\":\"https:\/\/vosgesinfo.fr\/saintdieinfo\/2022\/05\/laccueil-de-lassurance-maladie-a-saint-die-vosges-demenage\/\"},\"wordCount\":220,\"commentCount\":0,\"publisher\":{\"@id\":\"https:\/\/vosgesinfo.fr\/saintdieinfo\/#organization\"},\"image\":{\"@id\":\"https:\/\/vosgesinfo.fr\/saintdieinfo\/2022\/05\/laccueil-de-lassurance-maladie-a-saint-die-vosges-demenage\/#primaryimage\"},\"thumbnailUrl\":\"https:\/\/vosgesinfo.fr\/app\/uploads\/sites\/4\/2024\/08\/202205assurance-maladie-logo.jpg\",\"keywords\":[\"Accueil de l\u2019Assurance Maladie \u00e0 Saint-Di\u00e9-des-Vosges\",\"Assurance Maladie des Vosges\"],\"articleSection\":[\"A la Une\",\"Saint-Di\u00e9-des-Vosges et son Agglom\u00e9ration\"],\"inLanguage\":\"fr-FR\",\"potentialAction\":[{\"@type\":\"CommentAction\",\"name\":\"Comment\",\"target\":[\"https:\/\/vosgesinfo.fr\/saintdieinfo\/2022\/05\/laccueil-de-lassurance-maladie-a-saint-die-vosges-demenage\/#respond\"]}]},{\"@type\":\"WebPage\",\"@id\":\"https:\/\/vosgesinfo.fr\/saintdieinfo\/2022\/05\/laccueil-de-lassurance-maladie-a-saint-die-vosges-demenage\/\",\"url\":\"https:\/\/vosgesinfo.fr\/saintdieinfo\/2022\/05\/laccueil-de-lassurance-maladie-a-saint-die-vosges-demenage\/\",\"name\":\"L\u2019accueil de l\u2019Assurance Maladie \u00e0 Saint-Di\u00e9-des-Vosges d\u00e9m\u00e9nage - Saint Die Info\",\"isPartOf\":{\"@id\":\"https:\/\/vosgesinfo.fr\/saintdieinfo\/#website\"},\"primaryImageOfPage\":{\"@id\":\"https:\/\/vosgesinfo.fr\/saintdieinfo\/2022\/05\/laccueil-de-lassurance-maladie-a-saint-die-vosges-demenage\/#primaryimage\"},\"image\":{\"@id\":\"https:\/\/vosgesinfo.fr\/saintdieinfo\/2022\/05\/laccueil-de-lassurance-maladie-a-saint-die-vosges-demenage\/#primaryimage\"},\"thumbnailUrl\":\"https:\/\/vosgesinfo.fr\/app\/uploads\/sites\/4\/2024\/08\/202205assurance-maladie-logo.jpg\",\"datePublished\":\"2022-05-18T12:31:01+00:00\",\"dateModified\":\"2022-05-18T12:31:01+00:00\",\"breadcrumb\":{\"@id\":\"https:\/\/vosgesinfo.fr\/saintdieinfo\/2022\/05\/laccueil-de-lassurance-maladie-a-saint-die-vosges-demenage\/#breadcrumb\"},\"inLanguage\":\"fr-FR\",\"potentialAction\":[{\"@type\":\"ReadAction\",\"target\":[\"https:\/\/vosgesinfo.fr\/saintdieinfo\/2022\/05\/laccueil-de-lassurance-maladie-a-saint-die-vosges-demenage\/\"]}]},{\"@type\":\"ImageObject\",\"inLanguage\":\"fr-FR\",\"@id\":\"https:\/\/vosgesinfo.fr\/saintdieinfo\/2022\/05\/laccueil-de-lassurance-maladie-a-saint-die-vosges-demenage\/#primaryimage\",\"url\":\"https:\/\/vosgesinfo.fr\/app\/uploads\/sites\/4\/2024\/08\/202205assurance-maladie-logo.jpg\",\"contentUrl\":\"https:\/\/vosgesinfo.fr\/app\/uploads\/sites\/4\/2024\/08\/202205assurance-maladie-logo.jpg\",\"width\":589,\"height\":291},{\"@type\":\"BreadcrumbList\",\"@id\":\"https:\/\/vosgesinfo.fr\/saintdieinfo\/2022\/05\/laccueil-de-lassurance-maladie-a-saint-die-vosges-demenage\/#breadcrumb\",\"itemListElement\":[{\"@type\":\"ListItem\",\"position\":1,\"name\":\"Home\",\"item\":\"https:\/\/vosgesinfo.fr\/saintdieinfo\/\"},{\"@type\":\"ListItem\",\"position\":2,\"name\":\"L\u2019accueil de l\u2019Assurance Maladie \u00e0 Saint-Di\u00e9-des-Vosges d\u00e9m\u00e9nage\"}]},{\"@type\":\"WebSite\",\"@id\":\"https:\/\/vosgesinfo.fr\/saintdieinfo\/#website\",\"url\":\"https:\/\/vosgesinfo.fr\/saintdieinfo\/\",\"name\":\"Saint Die Info\",\"description\":\"Toute l&#039;actualit\u00e9 de Saint-Di\u00e9-Des-Vosges\",\"publisher\":{\"@id\":\"https:\/\/vosgesinfo.fr\/saintdieinfo\/#organization\"},\"alternateName\":\"Toute l'actualit\u00e9 de Saint-Di\u00e9-Des-Vosges\",\"potentialAction\":[{\"@type\":\"SearchAction\",\"target\":{\"@type\":\"EntryPoint\",\"urlTemplate\":\"https:\/\/vosgesinfo.fr\/saintdieinfo\/?s={search_term_string}\"},\"query-input\":\"required name=search_term_string\"}],\"inLanguage\":\"fr-FR\"},{\"@type\":\"Organization\",\"@id\":\"https:\/\/vosgesinfo.fr\/saintdieinfo\/#organization\",\"name\":\"Saint Die Info\",\"url\":\"https:\/\/vosgesinfo.fr\/saintdieinfo\/\",\"logo\":{\"@type\":\"ImageObject\",\"inLanguage\":\"fr-FR\",\"@id\":\"https:\/\/vosgesinfo.fr\/saintdieinfo\/#\/schema\/logo\/image\/\",\"url\":\"https:\/\/vosgesinfo.fr\/app\/uploads\/sites\/4\/2024\/02\/logo-sdi.jpg\",\"contentUrl\":\"https:\/\/vosgesinfo.fr\/app\/uploads\/sites\/4\/2024\/02\/logo-sdi.jpg\",\"width\":600,\"height\":600,\"caption\":\"Saint Die Info\"},\"image\":{\"@id\":\"https:\/\/vosgesinfo.fr\/saintdieinfo\/#\/schema\/logo\/image\/\"},\"sameAs\":[\"https:\/\/www.facebook.com\/Saintdieinfofr\",\"https:\/\/x.com\/VosgesInfo88\",\"https:\/\/www.youtube.com\/@vosgesinfo\"]},{\"@type\":\"Person\",\"@id\":\"https:\/\/vosgesinfo.fr\/saintdieinfo\/#\/schema\/person\/faee6704a21f3977511db84bd1cd450f\",\"name\":\"la r\u00e9daction\",\"image\":{\"@type\":\"ImageObject\",\"inLanguage\":\"fr-FR\",\"@id\":\"https:\/\/vosgesinfo.fr\/saintdieinfo\/#\/schema\/person\/image\/\",\"url\":\"https:\/\/secure.gravatar.com\/avatar\/6673d8bc6a9c17fa9a453eaa3448de834fa308c2ec9635b7aa99441a7c8d2cf6?s=96&d=mm&r=g\",\"contentUrl\":\"https:\/\/secure.gravatar.com\/avatar\/6673d8bc6a9c17fa9a453eaa3448de834fa308c2ec9635b7aa99441a7c8d2cf6?s=96&d=mm&r=g\",\"caption\":\"la r\u00e9daction\"},\"url\":\"https:\/\/vosgesinfo.fr\/saintdieinfo\/author\/redac\/\"}]}<\/script>\n<!-- \/ Yoast SEO plugin. -->","yoast_head_json":{"title":"L\u2019accueil de l\u2019Assurance Maladie \u00e0 Saint-Di\u00e9-des-Vosges d\u00e9m\u00e9nage - Saint Die Info","robots":{"index":"index","follow":"follow","max-snippet":"max-snippet:-1","max-image-preview":"max-image-preview:large","max-video-preview":"max-video-preview:-1"},"canonical":"https:\/\/vosgesinfo.fr\/saintdieinfo\/2022\/05\/laccueil-de-lassurance-maladie-a-saint-die-vosges-demenage\/","twitter_card":"summary_large_image","twitter_title":"L\u2019accueil de l\u2019Assurance Maladie \u00e0 Saint-Di\u00e9-des-Vosges d\u00e9m\u00e9nage - Saint Die Info","twitter_description":"\u00c0 partir du mercredi 1er juin 2022, l\u2019accueil de l\u2019Assurance Maladie \u00e0 Saint-Di\u00e9-des-Vosges change d\u2019adresse pour vous offrir une meilleure [&hellip;]","twitter_image":"https:\/\/vosgesinfo.fr\/app\/uploads\/sites\/4\/2024\/08\/202205assurance-maladie-logo.jpg","twitter_creator":"@VosgesInfo88","twitter_site":"@VosgesInfo88","twitter_misc":{"\u00c9crit par":"la r\u00e9daction","Dur\u00e9e de lecture estim\u00e9e":"1 minute"},"schema":{"@context":"https:\/\/schema.org","@graph":[{"@type":"Article","@id":"https:\/\/vosgesinfo.fr\/saintdieinfo\/2022\/05\/laccueil-de-lassurance-maladie-a-saint-die-vosges-demenage\/#article","isPartOf":{"@id":"https:\/\/vosgesinfo.fr\/saintdieinfo\/2022\/05\/laccueil-de-lassurance-maladie-a-saint-die-vosges-demenage\/"},"author":{"name":"la r\u00e9daction","@id":"https:\/\/vosgesinfo.fr\/saintdieinfo\/#\/schema\/person\/faee6704a21f3977511db84bd1cd450f"},"headline":"L\u2019accueil de l\u2019Assurance Maladie \u00e0 Saint-Di\u00e9-des-Vosges d\u00e9m\u00e9nage","datePublished":"2022-05-18T12:31:01+00:00","dateModified":"2022-05-18T12:31:01+00:00","mainEntityOfPage":{"@id":"https:\/\/vosgesinfo.fr\/saintdieinfo\/2022\/05\/laccueil-de-lassurance-maladie-a-saint-die-vosges-demenage\/"},"wordCount":220,"commentCount":0,"publisher":{"@id":"https:\/\/vosgesinfo.fr\/saintdieinfo\/#organization"},"image":{"@id":"https:\/\/vosgesinfo.fr\/saintdieinfo\/2022\/05\/laccueil-de-lassurance-maladie-a-saint-die-vosges-demenage\/#primaryimage"},"thumbnailUrl":"https:\/\/vosgesinfo.fr\/app\/uploads\/sites\/4\/2024\/08\/202205assurance-maladie-logo.jpg","keywords":["Accueil de l\u2019Assurance Maladie \u00e0 Saint-Di\u00e9-des-Vosges","Assurance Maladie des Vosges"],"articleSection":["A la Une","Saint-Di\u00e9-des-Vosges et son Agglom\u00e9ration"],"inLanguage":"fr-FR","potentialAction":[{"@type":"CommentAction","name":"Comment","target":["https:\/\/vosgesinfo.fr\/saintdieinfo\/2022\/05\/laccueil-de-lassurance-maladie-a-saint-die-vosges-demenage\/#respond"]}]},{"@type":"WebPage","@id":"https:\/\/vosgesinfo.fr\/saintdieinfo\/2022\/05\/laccueil-de-lassurance-maladie-a-saint-die-vosges-demenage\/","url":"https:\/\/vosgesinfo.fr\/saintdieinfo\/2022\/05\/laccueil-de-lassurance-maladie-a-saint-die-vosges-demenage\/","name":"L\u2019accueil de l\u2019Assurance Maladie \u00e0 Saint-Di\u00e9-des-Vosges d\u00e9m\u00e9nage - Saint Die Info","isPartOf":{"@id":"https:\/\/vosgesinfo.fr\/saintdieinfo\/#website"},"primaryImageOfPage":{"@id":"https:\/\/vosgesinfo.fr\/saintdieinfo\/2022\/05\/laccueil-de-lassurance-maladie-a-saint-die-vosges-demenage\/#primaryimage"},"image":{"@id":"https:\/\/vosgesinfo.fr\/saintdieinfo\/2022\/05\/laccueil-de-lassurance-maladie-a-saint-die-vosges-demenage\/#primaryimage"},"thumbnailUrl":"https:\/\/vosgesinfo.fr\/app\/uploads\/sites\/4\/2024\/08\/202205assurance-maladie-logo.jpg","datePublished":"2022-05-18T12:31:01+00:00","dateModified":"2022-05-18T12:31:01+00:00","breadcrumb":{"@id":"https:\/\/vosgesinfo.fr\/saintdieinfo\/2022\/05\/laccueil-de-lassurance-maladie-a-saint-die-vosges-demenage\/#breadcrumb"},"inLanguage":"fr-FR","potentialAction":[{"@type":"ReadAction","target":["https:\/\/vosgesinfo.fr\/saintdieinfo\/2022\/05\/laccueil-de-lassurance-maladie-a-saint-die-vosges-demenage\/"]}]},{"@type":"ImageObject","inLanguage":"fr-FR","@id":"https:\/\/vosgesinfo.fr\/saintdieinfo\/2022\/05\/laccueil-de-lassurance-maladie-a-saint-die-vosges-demenage\/#primaryimage","url":"https:\/\/vosgesinfo.fr\/app\/uploads\/sites\/4\/2024\/08\/202205assurance-maladie-logo.jpg","contentUrl":"https:\/\/vosgesinfo.fr\/app\/uploads\/sites\/4\/2024\/08\/202205assurance-maladie-logo.jpg","width":589,"height":291},{"@type":"BreadcrumbList","@id":"https:\/\/vosgesinfo.fr\/saintdieinfo\/2022\/05\/laccueil-de-lassurance-maladie-a-saint-die-vosges-demenage\/#breadcrumb","itemListElement":[{"@type":"ListItem","position":1,"name":"Home","item":"https:\/\/vosgesinfo.fr\/saintdieinfo\/"},{"@type":"ListItem","position":2,"name":"L\u2019accueil de l\u2019Assurance Maladie \u00e0 Saint-Di\u00e9-des-Vosges d\u00e9m\u00e9nage"}]},{"@type":"WebSite","@id":"https:\/\/vosgesinfo.fr\/saintdieinfo\/#website","url":"https:\/\/vosgesinfo.fr\/saintdieinfo\/","name":"Saint Die Info","description":"Toute l&#039;actualit\u00e9 de Saint-Di\u00e9-Des-Vosges","publisher":{"@id":"https:\/\/vosgesinfo.fr\/saintdieinfo\/#organization"},"alternateName":"Toute l'actualit\u00e9 de Saint-Di\u00e9-Des-Vosges","potentialAction":[{"@type":"SearchAction","target":{"@type":"EntryPoint","urlTemplate":"https:\/\/vosgesinfo.fr\/saintdieinfo\/?s={search_term_string}"},"query-input":"required name=search_term_string"}],"inLanguage":"fr-FR"},{"@type":"Organization","@id":"https:\/\/vosgesinfo.fr\/saintdieinfo\/#organization","name":"Saint Die Info","url":"https:\/\/vosgesinfo.fr\/saintdieinfo\/","logo":{"@type":"ImageObject","inLanguage":"fr-FR","@id":"https:\/\/vosgesinfo.fr\/saintdieinfo\/#\/schema\/logo\/image\/","url":"https:\/\/vosgesinfo.fr\/app\/uploads\/sites\/4\/2024\/02\/logo-sdi.jpg","contentUrl":"https:\/\/vosgesinfo.fr\/app\/uploads\/sites\/4\/2024\/02\/logo-sdi.jpg","width":600,"height":600,"caption":"Saint Die Info"},"image":{"@id":"https:\/\/vosgesinfo.fr\/saintdieinfo\/#\/schema\/logo\/image\/"},"sameAs":["https:\/\/www.facebook.com\/Saintdieinfofr","https:\/\/x.com\/VosgesInfo88","https:\/\/www.youtube.com\/@vosgesinfo"]},{"@type":"Person","@id":"https:\/\/vosgesinfo.fr\/saintdieinfo\/#\/schema\/person\/faee6704a21f3977511db84bd1cd450f","name":"la r\u00e9daction","image":{"@type":"ImageObject","inLanguage":"fr-FR","@id":"https:\/\/vosgesinfo.fr\/saintdieinfo\/#\/schema\/person\/image\/","url":"https:\/\/secure.gravatar.com\/avatar\/6673d8bc6a9c17fa9a453eaa3448de834fa308c2ec9635b7aa99441a7c8d2cf6?s=96&d=mm&r=g","contentUrl":"https:\/\/secure.gravatar.com\/avatar\/6673d8bc6a9c17fa9a453eaa3448de834fa308c2ec9635b7aa99441a7c8d2cf6?s=96&d=mm&r=g","caption":"la r\u00e9daction"},"url":"https:\/\/vosgesinfo.fr\/saintdieinfo\/author\/redac\/"}]}},"_links":{"self":[{"href":"https:\/\/vosgesinfo.fr\/saintdieinfo\/wp-json\/wp\/v2\/posts\/53280","targetHints":{"allow":["GET"]}}],"collection":[{"href":"https:\/\/vosgesinfo.fr\/saintdieinfo\/wp-json\/wp\/v2\/posts"}],"about":[{"href":"https:\/\/vosgesinfo.fr\/saintdieinfo\/wp-json\/wp\/v2\/types\/post"}],"author":[{"embeddable":true,"href":"https:\/\/vosgesinfo.fr\/saintdieinfo\/wp-json\/wp\/v2\/users\/44"}],"replies":[{"embeddable":true,"href":"https:\/\/vosgesinfo.fr\/saintdieinfo\/wp-json\/wp\/v2\/comments?post=53280"}],"version-history":[{"count":0,"href":"https:\/\/vosgesinfo.fr\/saintdieinfo\/wp-json\/wp\/v2\/posts\/53280\/revisions"}],"wp:featuredmedia":[{"embeddable":true,"href":"https:\/\/vosgesinfo.fr\/saintdieinfo\/wp-json\/wp\/v2\/media\/53281"}],"wp:attachment":[{"href":"https:\/\/vosgesinfo.fr\/saintdieinfo\/wp-json\/wp\/v2\/media?parent=53280"}],"wp:term":[{"taxonomy":"category","embeddable":true,"href":"https:\/\/vosgesinfo.fr\/saintdieinfo\/wp-json\/wp\/v2\/categories?post=53280"},{"taxonomy":"post_tag","embeddable":true,"href":"https:\/\/vosgesinfo.fr\/saintdieinfo\/wp-json\/wp\/v2\/tags?post=53280"}],"curies":[{"name":"wp","href":"https:\/\/api.w.org\/{rel}","templated":true}]}}