{"id":53283,"date":"2022-05-18T14:41:49","date_gmt":"2022-05-18T12:41:49","guid":{"rendered":"https:\/\/vosgesinfo.fr\/saintdieinfo\/2022\/05\/vosges-departement-a-nouveau-place-vigilance-jaune-risque-dorages\/"},"modified":"2022-05-18T14:41:49","modified_gmt":"2022-05-18T12:41:49","slug":"vosges-departement-a-nouveau-place-vigilance-jaune-risque-dorages","status":"publish","type":"post","link":"https:\/\/vosgesinfo.fr\/saintdieinfo\/2022\/05\/vosges-departement-a-nouveau-place-vigilance-jaune-risque-dorages\/","title":{"rendered":"Vosges \u2013 Le d\u00e9partement \u00e0 nouveau plac\u00e9 en vigilance jaune pour des risque d\u2019orages"},"content":{"rendered":"<div class=\"\" dir=\"auto\">\n<div id=\"jsc_c_5\" class=\"ecm0bbzt hv4rvrfc ihqw7lf3 dati1w0a\" data-ad-comet-preview=\"message\" data-ad-preview=\"message\">\n<div class=\"j83agx80 cbu4d94t ew0dbk1b irj2b8pg\">\n<div class=\"qzhwtbm6 knvmm38d\">\n<div class=\"kvgmc6g5 cxmmr5t8 oygrvhab hcukyx3x c1et5uql ii04i59q\">\n<div dir=\"auto\"><a href=\"\/2022\/05\/282092150_323742093238203_5451048282078152597_n.jpg\" target=\"_blank\" rel=\"noopener\"><img decoding=\"async\" class=\"aligncenter wp-image-183541 size-full\" src=\"\/2022\/05\/282092150_323742093238203_5451048282078152597_n.jpg\" alt=\"282092150_323742093238203_5451048282078152597_n\" width=\"870\" height=\"489\" \/><\/a><\/div>\n<h2 dir=\"auto\"><strong><span style=\"font-size: 14pt;\">M\u00e9t\u00e9o France a de nouveau plac\u00e9 le d\u00e9partement de Vosges en vigilance jaunes pour des risques d&rsquo;orages, entre ce jeudi 19 mai \u00e0 minuit et ce vendredi 20 mai \u00e0 minuit. Soyez prudents et pr\u00e9voyez d\u00e8s maintenant de rentrer les \u00e9quipements sensibles au vent.<\/span><\/strong><\/h2>\n<\/div>\n<\/div>\n<\/div>\n<\/div>\n<\/div>\n<p><!--more--><\/p>\n<div dir=\"auto\">Dans la nuit de mercredi \u00e0 jeudi et le d\u00e9but de matin\u00e9e demain, de faibles averses tr\u00e8s localement orageuses sont susceptibles de traverser rapidement la Bourgogne, la Champagne-Ardenne et la Lorraine. A partir du milieu de matin\u00e9e de jeudi, de nouveaux orages plus forts traversent la Champagne-Ardenne. Ces orages se d\u00e9calent ensuite vers la Lorraine, puis vers l&rsquo;Alsace et les fronti\u00e8res nord entre la mi-journ\u00e9e et la soir\u00e9e de jeudi.<\/div>\n<div class=\"\" dir=\"auto\">\n<div id=\"jsc_c_5\" class=\"ecm0bbzt hv4rvrfc ihqw7lf3 dati1w0a\" data-ad-comet-preview=\"message\" data-ad-preview=\"message\">\n<div class=\"j83agx80 cbu4d94t ew0dbk1b irj2b8pg\">\n<div class=\"qzhwtbm6 knvmm38d\">\n<div class=\"cxmmr5t8 oygrvhab hcukyx3x c1et5uql o9v6fnle ii04i59q\">\n<h3 dir=\"auto\"><strong><span style=\"font-size: 12pt;\">Ces averses orageuses peuvent parfois \u00eatre virulentes. Sur le Grand-Est, sous les orages, on attend ainsi :<\/span><\/strong><\/h3>\n<ul>\n<li dir=\"auto\">des rafales de l&rsquo;ordre de 60 \u00e0 80 km\/h, localement un peu plus;<\/li>\n<li dir=\"auto\">de fortes pluies (10 \u00e0 20 mm en peu de temps, mais tr\u00e8s ponctuellement davantage);<\/li>\n<li dir=\"auto\">un peu de gr\u00eale;<\/li>\n<li dir=\"auto\">une activit\u00e9 \u00e9lectrique importante.<\/li>\n<\/ul>\n<div dir=\"auto\">Ces orages s&rsquo;\u00e9vacuent en cours de soir\u00e9e par les fronti\u00e8res allemandes.<\/div>\n<div dir=\"auto\">Suivez la vigilance &gt; <strong><a class=\"oajrlxb2 g5ia77u1 qu0x051f esr5mh6w e9989ue4 r7d6kgcz rq0escxv nhd2j8a9 nc684nl6 p7hjln8o kvgmc6g5 cxmmr5t8 oygrvhab hcukyx3x jb3vyjys rz4wbd8a qt6c0cv9 a8nywdso i1ao9s8h esuyzwwr f1sip0of lzcic4wl gpro0wi8 py34i1dx\" tabindex=\"0\" href=\"https:\/\/vigilance.meteofrance.fr\/fr\/vosges?fbclid=IwAR0tSqGyLURXUfGL08KCoSs86Zg83RuoRU9NPDPKQrVOZXB9GTzCOuojAx0\" target=\"_blank\" rel=\"nofollow noopener\">https:\/\/vigilance.meteofrance.fr\/fr\/vosges<\/a><\/strong><\/div>\n<\/div>\n<\/div>\n<\/div>\n<\/div>\n<\/div>\n","protected":false},"excerpt":{"rendered":"<p>M\u00e9t\u00e9o France a de nouveau plac\u00e9 le d\u00e9partement de Vosges en vigilance jaunes pour des risques d&rsquo;orages, entre ce jeudi [&hellip;]<\/p>\n","protected":false},"author":44,"featured_media":22311,"comment_status":"open","ping_status":"open","sticky":false,"template":"","format":"standard","meta":{"footnotes":""},"categories":[460,18],"tags":[3587,1783,6211,553],"class_list":["post-53283","post","type-post","status-publish","format-standard","has-post-thumbnail","hentry","category-a-la-une","category-vosges","tag-meteo-france","tag-orages","tag-risques-dorages","tag-vigilance-jaune"],"acf":[],"yoast_head":"<!-- This site is optimized with the Yoast SEO plugin v22.5 - https:\/\/yoast.com\/wordpress\/plugins\/seo\/ -->\n<title>Vosges \u2013 Le d\u00e9partement \u00e0 nouveau plac\u00e9 en vigilance jaune pour des risque d\u2019orages - Saint Die Info<\/title>\n<meta name=\"robots\" content=\"index, follow, max-snippet:-1, max-image-preview:large, max-video-preview:-1\" \/>\n<link rel=\"canonical\" href=\"https:\/\/vosgesinfo.fr\/saintdieinfo\/2022\/05\/vosges-departement-a-nouveau-place-vigilance-jaune-risque-dorages\/\" \/>\n<meta name=\"twitter:card\" content=\"summary_large_image\" \/>\n<meta name=\"twitter:title\" content=\"Vosges \u2013 Le d\u00e9partement \u00e0 nouveau plac\u00e9 en vigilance jaune pour des risque d\u2019orages - Saint Die Info\" \/>\n<meta name=\"twitter:description\" content=\"M\u00e9t\u00e9o France a de nouveau plac\u00e9 le d\u00e9partement de Vosges en vigilance jaunes pour des risques d&rsquo;orages, entre ce jeudi [&hellip;]\" \/>\n<meta name=\"twitter:image\" content=\"https:\/\/vosgesinfo.fr\/app\/uploads\/sites\/4\/2020\/06\/orage2.jpg\" \/>\n<meta name=\"twitter:creator\" content=\"@VosgesInfo88\" \/>\n<meta name=\"twitter:site\" content=\"@VosgesInfo88\" \/>\n<meta name=\"twitter:label1\" content=\"\u00c9crit par\" \/>\n\t<meta name=\"twitter:data1\" content=\"la r\u00e9daction\" \/>\n\t<meta name=\"twitter:label2\" content=\"Dur\u00e9e de lecture estim\u00e9e\" \/>\n\t<meta name=\"twitter:data2\" content=\"1 minute\" \/>\n<script type=\"application\/ld+json\" class=\"yoast-schema-graph\">{\"@context\":\"https:\/\/schema.org\",\"@graph\":[{\"@type\":\"Article\",\"@id\":\"https:\/\/vosgesinfo.fr\/saintdieinfo\/2022\/05\/vosges-departement-a-nouveau-place-vigilance-jaune-risque-dorages\/#article\",\"isPartOf\":{\"@id\":\"https:\/\/vosgesinfo.fr\/saintdieinfo\/2022\/05\/vosges-departement-a-nouveau-place-vigilance-jaune-risque-dorages\/\"},\"author\":{\"name\":\"la r\u00e9daction\",\"@id\":\"https:\/\/vosgesinfo.fr\/saintdieinfo\/#\/schema\/person\/faee6704a21f3977511db84bd1cd450f\"},\"headline\":\"Vosges \u2013 Le d\u00e9partement \u00e0 nouveau plac\u00e9 en vigilance jaune pour des risque d\u2019orages\",\"datePublished\":\"2022-05-18T12:41:49+00:00\",\"dateModified\":\"2022-05-18T12:41:49+00:00\",\"mainEntityOfPage\":{\"@id\":\"https:\/\/vosgesinfo.fr\/saintdieinfo\/2022\/05\/vosges-departement-a-nouveau-place-vigilance-jaune-risque-dorages\/\"},\"wordCount\":212,\"commentCount\":0,\"publisher\":{\"@id\":\"https:\/\/vosgesinfo.fr\/saintdieinfo\/#organization\"},\"image\":{\"@id\":\"https:\/\/vosgesinfo.fr\/saintdieinfo\/2022\/05\/vosges-departement-a-nouveau-place-vigilance-jaune-risque-dorages\/#primaryimage\"},\"thumbnailUrl\":\"https:\/\/vosgesinfo.fr\/app\/uploads\/sites\/4\/2020\/06\/orage2.jpg\",\"keywords\":[\"M\u00e9t\u00e9o France\",\"orages\",\"Risques d'orages\",\"vigilance jaune\"],\"articleSection\":[\"A la Une\",\"Vosges\"],\"inLanguage\":\"fr-FR\",\"potentialAction\":[{\"@type\":\"CommentAction\",\"name\":\"Comment\",\"target\":[\"https:\/\/vosgesinfo.fr\/saintdieinfo\/2022\/05\/vosges-departement-a-nouveau-place-vigilance-jaune-risque-dorages\/#respond\"]}]},{\"@type\":\"WebPage\",\"@id\":\"https:\/\/vosgesinfo.fr\/saintdieinfo\/2022\/05\/vosges-departement-a-nouveau-place-vigilance-jaune-risque-dorages\/\",\"url\":\"https:\/\/vosgesinfo.fr\/saintdieinfo\/2022\/05\/vosges-departement-a-nouveau-place-vigilance-jaune-risque-dorages\/\",\"name\":\"Vosges \u2013 Le d\u00e9partement \u00e0 nouveau plac\u00e9 en vigilance jaune pour des risque d\u2019orages - Saint Die Info\",\"isPartOf\":{\"@id\":\"https:\/\/vosgesinfo.fr\/saintdieinfo\/#website\"},\"primaryImageOfPage\":{\"@id\":\"https:\/\/vosgesinfo.fr\/saintdieinfo\/2022\/05\/vosges-departement-a-nouveau-place-vigilance-jaune-risque-dorages\/#primaryimage\"},\"image\":{\"@id\":\"https:\/\/vosgesinfo.fr\/saintdieinfo\/2022\/05\/vosges-departement-a-nouveau-place-vigilance-jaune-risque-dorages\/#primaryimage\"},\"thumbnailUrl\":\"https:\/\/vosgesinfo.fr\/app\/uploads\/sites\/4\/2020\/06\/orage2.jpg\",\"datePublished\":\"2022-05-18T12:41:49+00:00\",\"dateModified\":\"2022-05-18T12:41:49+00:00\",\"breadcrumb\":{\"@id\":\"https:\/\/vosgesinfo.fr\/saintdieinfo\/2022\/05\/vosges-departement-a-nouveau-place-vigilance-jaune-risque-dorages\/#breadcrumb\"},\"inLanguage\":\"fr-FR\",\"potentialAction\":[{\"@type\":\"ReadAction\",\"target\":[\"https:\/\/vosgesinfo.fr\/saintdieinfo\/2022\/05\/vosges-departement-a-nouveau-place-vigilance-jaune-risque-dorages\/\"]}]},{\"@type\":\"ImageObject\",\"inLanguage\":\"fr-FR\",\"@id\":\"https:\/\/vosgesinfo.fr\/saintdieinfo\/2022\/05\/vosges-departement-a-nouveau-place-vigilance-jaune-risque-dorages\/#primaryimage\",\"url\":\"https:\/\/vosgesinfo.fr\/app\/uploads\/sites\/4\/2020\/06\/orage2.jpg\",\"contentUrl\":\"https:\/\/vosgesinfo.fr\/app\/uploads\/sites\/4\/2020\/06\/orage2.jpg\",\"width\":800,\"height\":533,\"caption\":\"(Illustration)\"},{\"@type\":\"BreadcrumbList\",\"@id\":\"https:\/\/vosgesinfo.fr\/saintdieinfo\/2022\/05\/vosges-departement-a-nouveau-place-vigilance-jaune-risque-dorages\/#breadcrumb\",\"itemListElement\":[{\"@type\":\"ListItem\",\"position\":1,\"name\":\"Home\",\"item\":\"https:\/\/vosgesinfo.fr\/saintdieinfo\/\"},{\"@type\":\"ListItem\",\"position\":2,\"name\":\"Vosges \u2013 Le d\u00e9partement \u00e0 nouveau plac\u00e9 en vigilance jaune pour des risque d\u2019orages\"}]},{\"@type\":\"WebSite\",\"@id\":\"https:\/\/vosgesinfo.fr\/saintdieinfo\/#website\",\"url\":\"https:\/\/vosgesinfo.fr\/saintdieinfo\/\",\"name\":\"Saint Die Info\",\"description\":\"Toute l&#039;actualit\u00e9 de Saint-Di\u00e9-Des-Vosges\",\"publisher\":{\"@id\":\"https:\/\/vosgesinfo.fr\/saintdieinfo\/#organization\"},\"alternateName\":\"Toute l'actualit\u00e9 de Saint-Di\u00e9-Des-Vosges\",\"potentialAction\":[{\"@type\":\"SearchAction\",\"target\":{\"@type\":\"EntryPoint\",\"urlTemplate\":\"https:\/\/vosgesinfo.fr\/saintdieinfo\/?s={search_term_string}\"},\"query-input\":\"required name=search_term_string\"}],\"inLanguage\":\"fr-FR\"},{\"@type\":\"Organization\",\"@id\":\"https:\/\/vosgesinfo.fr\/saintdieinfo\/#organization\",\"name\":\"Saint Die Info\",\"url\":\"https:\/\/vosgesinfo.fr\/saintdieinfo\/\",\"logo\":{\"@type\":\"ImageObject\",\"inLanguage\":\"fr-FR\",\"@id\":\"https:\/\/vosgesinfo.fr\/saintdieinfo\/#\/schema\/logo\/image\/\",\"url\":\"https:\/\/vosgesinfo.fr\/app\/uploads\/sites\/4\/2024\/02\/logo-sdi.jpg\",\"contentUrl\":\"https:\/\/vosgesinfo.fr\/app\/uploads\/sites\/4\/2024\/02\/logo-sdi.jpg\",\"width\":600,\"height\":600,\"caption\":\"Saint Die Info\"},\"image\":{\"@id\":\"https:\/\/vosgesinfo.fr\/saintdieinfo\/#\/schema\/logo\/image\/\"},\"sameAs\":[\"https:\/\/www.facebook.com\/Saintdieinfofr\",\"https:\/\/x.com\/VosgesInfo88\",\"https:\/\/www.youtube.com\/@vosgesinfo\"]},{\"@type\":\"Person\",\"@id\":\"https:\/\/vosgesinfo.fr\/saintdieinfo\/#\/schema\/person\/faee6704a21f3977511db84bd1cd450f\",\"name\":\"la r\u00e9daction\",\"image\":{\"@type\":\"ImageObject\",\"inLanguage\":\"fr-FR\",\"@id\":\"https:\/\/vosgesinfo.fr\/saintdieinfo\/#\/schema\/person\/image\/\",\"url\":\"https:\/\/secure.gravatar.com\/avatar\/6673d8bc6a9c17fa9a453eaa3448de834fa308c2ec9635b7aa99441a7c8d2cf6?s=96&d=mm&r=g\",\"contentUrl\":\"https:\/\/secure.gravatar.com\/avatar\/6673d8bc6a9c17fa9a453eaa3448de834fa308c2ec9635b7aa99441a7c8d2cf6?s=96&d=mm&r=g\",\"caption\":\"la r\u00e9daction\"},\"url\":\"https:\/\/vosgesinfo.fr\/saintdieinfo\/author\/redac\/\"}]}<\/script>\n<!-- \/ Yoast SEO plugin. -->","yoast_head_json":{"title":"Vosges \u2013 Le d\u00e9partement \u00e0 nouveau plac\u00e9 en vigilance jaune pour des risque d\u2019orages - Saint Die Info","robots":{"index":"index","follow":"follow","max-snippet":"max-snippet:-1","max-image-preview":"max-image-preview:large","max-video-preview":"max-video-preview:-1"},"canonical":"https:\/\/vosgesinfo.fr\/saintdieinfo\/2022\/05\/vosges-departement-a-nouveau-place-vigilance-jaune-risque-dorages\/","twitter_card":"summary_large_image","twitter_title":"Vosges \u2013 Le d\u00e9partement \u00e0 nouveau plac\u00e9 en vigilance jaune pour des risque d\u2019orages - Saint Die Info","twitter_description":"M\u00e9t\u00e9o France a de nouveau plac\u00e9 le d\u00e9partement de Vosges en vigilance jaunes pour des risques d&rsquo;orages, entre ce jeudi [&hellip;]","twitter_image":"https:\/\/vosgesinfo.fr\/app\/uploads\/sites\/4\/2020\/06\/orage2.jpg","twitter_creator":"@VosgesInfo88","twitter_site":"@VosgesInfo88","twitter_misc":{"\u00c9crit par":"la r\u00e9daction","Dur\u00e9e de lecture estim\u00e9e":"1 minute"},"schema":{"@context":"https:\/\/schema.org","@graph":[{"@type":"Article","@id":"https:\/\/vosgesinfo.fr\/saintdieinfo\/2022\/05\/vosges-departement-a-nouveau-place-vigilance-jaune-risque-dorages\/#article","isPartOf":{"@id":"https:\/\/vosgesinfo.fr\/saintdieinfo\/2022\/05\/vosges-departement-a-nouveau-place-vigilance-jaune-risque-dorages\/"},"author":{"name":"la r\u00e9daction","@id":"https:\/\/vosgesinfo.fr\/saintdieinfo\/#\/schema\/person\/faee6704a21f3977511db84bd1cd450f"},"headline":"Vosges \u2013 Le d\u00e9partement \u00e0 nouveau plac\u00e9 en vigilance jaune pour des risque d\u2019orages","datePublished":"2022-05-18T12:41:49+00:00","dateModified":"2022-05-18T12:41:49+00:00","mainEntityOfPage":{"@id":"https:\/\/vosgesinfo.fr\/saintdieinfo\/2022\/05\/vosges-departement-a-nouveau-place-vigilance-jaune-risque-dorages\/"},"wordCount":212,"commentCount":0,"publisher":{"@id":"https:\/\/vosgesinfo.fr\/saintdieinfo\/#organization"},"image":{"@id":"https:\/\/vosgesinfo.fr\/saintdieinfo\/2022\/05\/vosges-departement-a-nouveau-place-vigilance-jaune-risque-dorages\/#primaryimage"},"thumbnailUrl":"https:\/\/vosgesinfo.fr\/app\/uploads\/sites\/4\/2020\/06\/orage2.jpg","keywords":["M\u00e9t\u00e9o France","orages","Risques d'orages","vigilance jaune"],"articleSection":["A la Une","Vosges"],"inLanguage":"fr-FR","potentialAction":[{"@type":"CommentAction","name":"Comment","target":["https:\/\/vosgesinfo.fr\/saintdieinfo\/2022\/05\/vosges-departement-a-nouveau-place-vigilance-jaune-risque-dorages\/#respond"]}]},{"@type":"WebPage","@id":"https:\/\/vosgesinfo.fr\/saintdieinfo\/2022\/05\/vosges-departement-a-nouveau-place-vigilance-jaune-risque-dorages\/","url":"https:\/\/vosgesinfo.fr\/saintdieinfo\/2022\/05\/vosges-departement-a-nouveau-place-vigilance-jaune-risque-dorages\/","name":"Vosges \u2013 Le d\u00e9partement \u00e0 nouveau plac\u00e9 en vigilance jaune pour des risque d\u2019orages - Saint Die Info","isPartOf":{"@id":"https:\/\/vosgesinfo.fr\/saintdieinfo\/#website"},"primaryImageOfPage":{"@id":"https:\/\/vosgesinfo.fr\/saintdieinfo\/2022\/05\/vosges-departement-a-nouveau-place-vigilance-jaune-risque-dorages\/#primaryimage"},"image":{"@id":"https:\/\/vosgesinfo.fr\/saintdieinfo\/2022\/05\/vosges-departement-a-nouveau-place-vigilance-jaune-risque-dorages\/#primaryimage"},"thumbnailUrl":"https:\/\/vosgesinfo.fr\/app\/uploads\/sites\/4\/2020\/06\/orage2.jpg","datePublished":"2022-05-18T12:41:49+00:00","dateModified":"2022-05-18T12:41:49+00:00","breadcrumb":{"@id":"https:\/\/vosgesinfo.fr\/saintdieinfo\/2022\/05\/vosges-departement-a-nouveau-place-vigilance-jaune-risque-dorages\/#breadcrumb"},"inLanguage":"fr-FR","potentialAction":[{"@type":"ReadAction","target":["https:\/\/vosgesinfo.fr\/saintdieinfo\/2022\/05\/vosges-departement-a-nouveau-place-vigilance-jaune-risque-dorages\/"]}]},{"@type":"ImageObject","inLanguage":"fr-FR","@id":"https:\/\/vosgesinfo.fr\/saintdieinfo\/2022\/05\/vosges-departement-a-nouveau-place-vigilance-jaune-risque-dorages\/#primaryimage","url":"https:\/\/vosgesinfo.fr\/app\/uploads\/sites\/4\/2020\/06\/orage2.jpg","contentUrl":"https:\/\/vosgesinfo.fr\/app\/uploads\/sites\/4\/2020\/06\/orage2.jpg","width":800,"height":533,"caption":"(Illustration)"},{"@type":"BreadcrumbList","@id":"https:\/\/vosgesinfo.fr\/saintdieinfo\/2022\/05\/vosges-departement-a-nouveau-place-vigilance-jaune-risque-dorages\/#breadcrumb","itemListElement":[{"@type":"ListItem","position":1,"name":"Home","item":"https:\/\/vosgesinfo.fr\/saintdieinfo\/"},{"@type":"ListItem","position":2,"name":"Vosges \u2013 Le d\u00e9partement \u00e0 nouveau plac\u00e9 en vigilance jaune pour des risque d\u2019orages"}]},{"@type":"WebSite","@id":"https:\/\/vosgesinfo.fr\/saintdieinfo\/#website","url":"https:\/\/vosgesinfo.fr\/saintdieinfo\/","name":"Saint Die Info","description":"Toute l&#039;actualit\u00e9 de Saint-Di\u00e9-Des-Vosges","publisher":{"@id":"https:\/\/vosgesinfo.fr\/saintdieinfo\/#organization"},"alternateName":"Toute l'actualit\u00e9 de Saint-Di\u00e9-Des-Vosges","potentialAction":[{"@type":"SearchAction","target":{"@type":"EntryPoint","urlTemplate":"https:\/\/vosgesinfo.fr\/saintdieinfo\/?s={search_term_string}"},"query-input":"required name=search_term_string"}],"inLanguage":"fr-FR"},{"@type":"Organization","@id":"https:\/\/vosgesinfo.fr\/saintdieinfo\/#organization","name":"Saint Die Info","url":"https:\/\/vosgesinfo.fr\/saintdieinfo\/","logo":{"@type":"ImageObject","inLanguage":"fr-FR","@id":"https:\/\/vosgesinfo.fr\/saintdieinfo\/#\/schema\/logo\/image\/","url":"https:\/\/vosgesinfo.fr\/app\/uploads\/sites\/4\/2024\/02\/logo-sdi.jpg","contentUrl":"https:\/\/vosgesinfo.fr\/app\/uploads\/sites\/4\/2024\/02\/logo-sdi.jpg","width":600,"height":600,"caption":"Saint Die Info"},"image":{"@id":"https:\/\/vosgesinfo.fr\/saintdieinfo\/#\/schema\/logo\/image\/"},"sameAs":["https:\/\/www.facebook.com\/Saintdieinfofr","https:\/\/x.com\/VosgesInfo88","https:\/\/www.youtube.com\/@vosgesinfo"]},{"@type":"Person","@id":"https:\/\/vosgesinfo.fr\/saintdieinfo\/#\/schema\/person\/faee6704a21f3977511db84bd1cd450f","name":"la r\u00e9daction","image":{"@type":"ImageObject","inLanguage":"fr-FR","@id":"https:\/\/vosgesinfo.fr\/saintdieinfo\/#\/schema\/person\/image\/","url":"https:\/\/secure.gravatar.com\/avatar\/6673d8bc6a9c17fa9a453eaa3448de834fa308c2ec9635b7aa99441a7c8d2cf6?s=96&d=mm&r=g","contentUrl":"https:\/\/secure.gravatar.com\/avatar\/6673d8bc6a9c17fa9a453eaa3448de834fa308c2ec9635b7aa99441a7c8d2cf6?s=96&d=mm&r=g","caption":"la r\u00e9daction"},"url":"https:\/\/vosgesinfo.fr\/saintdieinfo\/author\/redac\/"}]}},"_links":{"self":[{"href":"https:\/\/vosgesinfo.fr\/saintdieinfo\/wp-json\/wp\/v2\/posts\/53283","targetHints":{"allow":["GET"]}}],"collection":[{"href":"https:\/\/vosgesinfo.fr\/saintdieinfo\/wp-json\/wp\/v2\/posts"}],"about":[{"href":"https:\/\/vosgesinfo.fr\/saintdieinfo\/wp-json\/wp\/v2\/types\/post"}],"author":[{"embeddable":true,"href":"https:\/\/vosgesinfo.fr\/saintdieinfo\/wp-json\/wp\/v2\/users\/44"}],"replies":[{"embeddable":true,"href":"https:\/\/vosgesinfo.fr\/saintdieinfo\/wp-json\/wp\/v2\/comments?post=53283"}],"version-history":[{"count":0,"href":"https:\/\/vosgesinfo.fr\/saintdieinfo\/wp-json\/wp\/v2\/posts\/53283\/revisions"}],"wp:featuredmedia":[{"embeddable":true,"href":"https:\/\/vosgesinfo.fr\/saintdieinfo\/wp-json\/wp\/v2\/media\/22311"}],"wp:attachment":[{"href":"https:\/\/vosgesinfo.fr\/saintdieinfo\/wp-json\/wp\/v2\/media?parent=53283"}],"wp:term":[{"taxonomy":"category","embeddable":true,"href":"https:\/\/vosgesinfo.fr\/saintdieinfo\/wp-json\/wp\/v2\/categories?post=53283"},{"taxonomy":"post_tag","embeddable":true,"href":"https:\/\/vosgesinfo.fr\/saintdieinfo\/wp-json\/wp\/v2\/tags?post=53283"}],"curies":[{"name":"wp","href":"https:\/\/api.w.org\/{rel}","templated":true}]}}