{"id":53287,"date":"2022-05-18T15:03:26","date_gmt":"2022-05-18T13:03:26","guid":{"rendered":"https:\/\/vosgesinfo.fr\/saintdieinfo\/2022\/05\/gamm-vert-present-a-jardin-ville\/"},"modified":"2022-05-18T15:03:26","modified_gmt":"2022-05-18T13:03:26","slug":"gamm-vert-present-a-jardin-ville","status":"publish","type":"post","link":"https:\/\/vosgesinfo.fr\/saintdieinfo\/2022\/05\/gamm-vert-present-a-jardin-ville\/","title":{"rendered":"Gamm Vert pr\u00e9sent \u00e0 \u00ab\u00a0Un Jardin dans ma ville\u00a0\u00bb"},"content":{"rendered":"<p style=\"text-align: left;\"><a href=\"\/2022\/05\/gamm-vert-FDM-photo-premium.jpg\" target=\"_blank\" rel=\"noopener\"><img decoding=\"async\" class=\"aligncenter wp-image-183549 size-large\" src=\"\/2022\/05\/gamm-vert-FDM-photo-premium-1024x819.jpg\" alt=\"gamm vert FDM photo premium\" width=\"960\" height=\"768\" \/><\/a><\/p>\n<h2 style=\"text-align: left;\"><strong><span style=\"font-size: 14pt;\">Ce week-end, votre magasin Gamm Vert Saint-Di\u00e9 sera pr\u00e9sent \u00e0 la 8\u00e8me \u00e9dition d\u2019U<i>n Jardin dans ma ville<\/i>, organis\u00e9e par la Ville et par l\u2019Union des artisans et des commer\u00e7ants de Saint-Di\u00e9-Des-Vosges.<\/span><\/strong><\/h2>\n<p style=\"text-align: left;\"><!--more--><\/p>\n<p style=\"text-align: left;\" align=\"JUSTIFY\"><span style=\"font-size: medium;\">Votre magasin Gamm-Vert vous accueillera au c\u0153ur de la rue Thiers, <\/span><span style=\"font-size: medium;\"><b>ce samedi \u00e0 partir de 10h et ce dimanche \u00e0 partir de 9h. <\/b><\/span><\/p>\n<p style=\"text-align: left;\" align=\"JUSTIFY\"><strong><span style=\"font-size: medium;\">Vous y d\u00e9couvrirez, entre autres, les \u00ab\u00a0reines du jardin\u00a0\u00bb, \u00e0 savoir les roses \u00ab\u00a0David Austin\u00a0\u00bb,<\/span><\/strong><span style=\"font-size: medium;\"> qui allient le charme romantique et le d\u00e9licieux parfum des roses d\u2019antan, \u00e0 floraison intense des rosiers modernes. <\/span><\/p>\n<p style=\"text-align: left;\" align=\"JUSTIFY\"><span style=\"font-size: medium;\">Et comme la F\u00eate des m\u00e8res approche \u00e0 grands pas, vous n\u2019aurez que l\u2019embarras du choix pour faire plaisir ! Gamm Vert vous a aussi concoct\u00e9 des offres sp\u00e9ciales sur nombreuses vari\u00e9t\u00e9s comme les Phaleonopsis\u00a0: <\/span><span style=\"font-size: medium;\"><b>la c\u00e9l\u00e8bre orchid\u00e9e qui fait battre les c\u0153urs\u00a0! \u00e0 savoir\u00a0: l\u2019orchid\u00e9e et son pot c\u00e9ramique, 2 tiges, en promo \u00e0 14,95 \u20ac\u00a0! <\/b><\/span><\/p>\n\n<p style=\"text-align: left;\" align=\"JUSTIFY\"><strong><span style=\"font-size: medium;\">Les sp\u00e9cialistes des serres et de la p\u00e9pini\u00e8re de chez Gamm Vert vous donneront toutes les astuces<\/span><\/strong><span style=\"font-size: medium;\"> afin que vous n\u2019ayez plus de secret pour la magnifique famille des orchidac\u00e9es, si fascinante et d\u00e9licate\u00a0! <\/span><\/p>\n<p style=\"text-align: left;\" align=\"JUSTIFY\"><span style=\"font-size: medium;\"><strong>Gamm Vert vous propose \u00e9galement des compositions design et tr\u00e8s tendance,<\/strong> <\/span><span style=\"font-size: medium;\">avec 2 ou 3 plantes durables et joliment dispos\u00e9es dans un terrarium\u00a0; vous pourrez \u00e9galement opter pour le mini-rosier aux couleurs flamboyantes, qui fera \u00e9galement tr\u00e8s plaisir et pourra, en plus, \u00eatre replant\u00e9 au printemps.<\/span><\/p>\n<p style=\"text-align: left;\" align=\"JUSTIFY\"><span style=\"font-size: medium;\">Et pour une floraison toute l\u2019ann\u00e9e, offrez-lui l\u2019anthurium, rouge ou rose, qu\u2019il conviendra d\u2019entretenir avec un peu d\u2019eau et beaucoup de lumi\u00e8re.<\/span><\/p>\n<p style=\"text-align: left;\" align=\"JUSTIFY\"><strong><span style=\"font-size: medium;\">A noter ce samedi 21 mai, vous pourrez venir, sur rdv, avec votre animal de compagnie afin de vous faire photographier gratuitement\u00a0par un professionnel\u00a0!<\/span><\/strong><\/p>\n<p style=\"text-align: left;\" align=\"JUSTIFY\"><span style=\"font-size: medium;\">Toute l\u2019\u00e9quipe se fera un plaisir de vous accueillir\u00a0!<\/span><\/p>\n<p style=\"text-align: left;\" align=\"JUSTIFY\"><a href=\"\/2022\/05\/gamm-vert-photo-s\u00e9ance.jpg\" target=\"_blank\" rel=\"noopener\"><img decoding=\"async\" class=\"aligncenter wp-image-183550 size-full\" src=\"\/2022\/05\/gamm-vert-photo-s\u00e9ance.jpg\" alt=\"gamm vert photo s\u00e9ance\" width=\"418\" height=\"391\" \/><\/a><\/p>\n<p style=\"text-align: left;\"><strong><a name=\"Bookmark\"><\/a><span style=\"font-size: medium;\">Ouvert tous les jours (9h \u00e0 12h, 14h \u00e0 19h) sauf le dimanche<\/span><\/strong><\/p>\n<p style=\"text-align: left;\"><strong><span style=\"font-size: medium;\">Gamm Vert, 16 rue Emile Durkheim, 88\u00a0100 Saint-Di\u00e9<\/span><\/strong><\/p>\n<p style=\"text-align: left;\"><strong><span style=\"font-size: medium;\">T\u00e9l.\u00a0: 03.29.56.94.70<\/span><\/strong><\/p>\n<p style=\"text-align: left;\"><strong><span style=\"font-size: medium;\">Page Facebook\u00a0: Gamm Vert Saint-Di\u00e9-Des-Vosges<\/span><\/strong><\/p>\n<p style=\"text-align: left;\"><span style=\"font-size: medium;\">R\u00e9daction et photos\u00a0: Patricia Ferry-Demange<\/span><\/p>\n","protected":false},"excerpt":{"rendered":"<p>Ce week-end, votre magasin Gamm Vert Saint-Di\u00e9 sera pr\u00e9sent \u00e0 la 8\u00e8me \u00e9dition d\u2019Un Jardin dans ma ville, organis\u00e9e par [&hellip;]<\/p>\n","protected":false},"author":44,"featured_media":53288,"comment_status":"open","ping_status":"open","sticky":false,"template":"","format":"standard","meta":{"footnotes":""},"categories":[460,2915],"tags":[2942],"class_list":["post-53287","post","type-post","status-publish","format-standard","has-post-thumbnail","hentry","category-a-la-une","category-saint-die-son-canton","tag-gamm-vert"],"acf":[],"yoast_head":"<!-- This site is optimized with the Yoast SEO plugin v22.5 - https:\/\/yoast.com\/wordpress\/plugins\/seo\/ -->\n<title>Gamm Vert pr\u00e9sent \u00e0 \u00ab\u00a0Un Jardin dans ma ville\u00a0\u00bb - Saint Die Info<\/title>\n<meta name=\"robots\" content=\"index, follow, max-snippet:-1, max-image-preview:large, max-video-preview:-1\" \/>\n<link rel=\"canonical\" href=\"https:\/\/vosgesinfo.fr\/saintdieinfo\/2022\/05\/gamm-vert-present-a-jardin-ville\/\" \/>\n<meta name=\"twitter:card\" content=\"summary_large_image\" \/>\n<meta name=\"twitter:title\" content=\"Gamm Vert pr\u00e9sent \u00e0 \u00ab\u00a0Un Jardin dans ma ville\u00a0\u00bb - Saint Die Info\" \/>\n<meta name=\"twitter:description\" content=\"Ce week-end, votre magasin Gamm Vert Saint-Di\u00e9 sera pr\u00e9sent \u00e0 la 8\u00e8me \u00e9dition d\u2019Un Jardin dans ma ville, organis\u00e9e par [&hellip;]\" \/>\n<meta name=\"twitter:image\" content=\"https:\/\/vosgesinfo.fr\/app\/uploads\/sites\/4\/2024\/08\/202205gamm-vert-fdm-photo-premium.jpg\" \/>\n<meta name=\"twitter:creator\" content=\"@VosgesInfo88\" \/>\n<meta name=\"twitter:site\" content=\"@VosgesInfo88\" \/>\n<meta name=\"twitter:label1\" content=\"\u00c9crit par\" \/>\n\t<meta name=\"twitter:data1\" content=\"la r\u00e9daction\" \/>\n\t<meta name=\"twitter:label2\" content=\"Dur\u00e9e de lecture estim\u00e9e\" \/>\n\t<meta name=\"twitter:data2\" content=\"2 minutes\" \/>\n<script type=\"application\/ld+json\" class=\"yoast-schema-graph\">{\"@context\":\"https:\/\/schema.org\",\"@graph\":[{\"@type\":\"Article\",\"@id\":\"https:\/\/vosgesinfo.fr\/saintdieinfo\/2022\/05\/gamm-vert-present-a-jardin-ville\/#article\",\"isPartOf\":{\"@id\":\"https:\/\/vosgesinfo.fr\/saintdieinfo\/2022\/05\/gamm-vert-present-a-jardin-ville\/\"},\"author\":{\"name\":\"la r\u00e9daction\",\"@id\":\"https:\/\/vosgesinfo.fr\/saintdieinfo\/#\/schema\/person\/faee6704a21f3977511db84bd1cd450f\"},\"headline\":\"Gamm Vert pr\u00e9sent \u00e0 \u00ab\u00a0Un Jardin dans ma ville\u00a0\u00bb\",\"datePublished\":\"2022-05-18T13:03:26+00:00\",\"dateModified\":\"2022-05-18T13:03:26+00:00\",\"mainEntityOfPage\":{\"@id\":\"https:\/\/vosgesinfo.fr\/saintdieinfo\/2022\/05\/gamm-vert-present-a-jardin-ville\/\"},\"wordCount\":354,\"commentCount\":0,\"publisher\":{\"@id\":\"https:\/\/vosgesinfo.fr\/saintdieinfo\/#organization\"},\"image\":{\"@id\":\"https:\/\/vosgesinfo.fr\/saintdieinfo\/2022\/05\/gamm-vert-present-a-jardin-ville\/#primaryimage\"},\"thumbnailUrl\":\"https:\/\/vosgesinfo.fr\/app\/uploads\/sites\/4\/2024\/08\/202205gamm-vert-fdm-photo-premium.jpg\",\"keywords\":[\"Gamm Vert\"],\"articleSection\":[\"A la Une\",\"Saint-Di\u00e9-des-Vosges et son Agglom\u00e9ration\"],\"inLanguage\":\"fr-FR\",\"potentialAction\":[{\"@type\":\"CommentAction\",\"name\":\"Comment\",\"target\":[\"https:\/\/vosgesinfo.fr\/saintdieinfo\/2022\/05\/gamm-vert-present-a-jardin-ville\/#respond\"]}]},{\"@type\":\"WebPage\",\"@id\":\"https:\/\/vosgesinfo.fr\/saintdieinfo\/2022\/05\/gamm-vert-present-a-jardin-ville\/\",\"url\":\"https:\/\/vosgesinfo.fr\/saintdieinfo\/2022\/05\/gamm-vert-present-a-jardin-ville\/\",\"name\":\"Gamm Vert pr\u00e9sent \u00e0 \u00ab\u00a0Un Jardin dans ma ville\u00a0\u00bb - Saint Die Info\",\"isPartOf\":{\"@id\":\"https:\/\/vosgesinfo.fr\/saintdieinfo\/#website\"},\"primaryImageOfPage\":{\"@id\":\"https:\/\/vosgesinfo.fr\/saintdieinfo\/2022\/05\/gamm-vert-present-a-jardin-ville\/#primaryimage\"},\"image\":{\"@id\":\"https:\/\/vosgesinfo.fr\/saintdieinfo\/2022\/05\/gamm-vert-present-a-jardin-ville\/#primaryimage\"},\"thumbnailUrl\":\"https:\/\/vosgesinfo.fr\/app\/uploads\/sites\/4\/2024\/08\/202205gamm-vert-fdm-photo-premium.jpg\",\"datePublished\":\"2022-05-18T13:03:26+00:00\",\"dateModified\":\"2022-05-18T13:03:26+00:00\",\"breadcrumb\":{\"@id\":\"https:\/\/vosgesinfo.fr\/saintdieinfo\/2022\/05\/gamm-vert-present-a-jardin-ville\/#breadcrumb\"},\"inLanguage\":\"fr-FR\",\"potentialAction\":[{\"@type\":\"ReadAction\",\"target\":[\"https:\/\/vosgesinfo.fr\/saintdieinfo\/2022\/05\/gamm-vert-present-a-jardin-ville\/\"]}]},{\"@type\":\"ImageObject\",\"inLanguage\":\"fr-FR\",\"@id\":\"https:\/\/vosgesinfo.fr\/saintdieinfo\/2022\/05\/gamm-vert-present-a-jardin-ville\/#primaryimage\",\"url\":\"https:\/\/vosgesinfo.fr\/app\/uploads\/sites\/4\/2024\/08\/202205gamm-vert-fdm-photo-premium.jpg\",\"contentUrl\":\"https:\/\/vosgesinfo.fr\/app\/uploads\/sites\/4\/2024\/08\/202205gamm-vert-fdm-photo-premium.jpg\",\"width\":1600,\"height\":1279},{\"@type\":\"BreadcrumbList\",\"@id\":\"https:\/\/vosgesinfo.fr\/saintdieinfo\/2022\/05\/gamm-vert-present-a-jardin-ville\/#breadcrumb\",\"itemListElement\":[{\"@type\":\"ListItem\",\"position\":1,\"name\":\"Home\",\"item\":\"https:\/\/vosgesinfo.fr\/saintdieinfo\/\"},{\"@type\":\"ListItem\",\"position\":2,\"name\":\"Gamm Vert pr\u00e9sent \u00e0 \u00ab\u00a0Un Jardin dans ma ville\u00a0\u00bb\"}]},{\"@type\":\"WebSite\",\"@id\":\"https:\/\/vosgesinfo.fr\/saintdieinfo\/#website\",\"url\":\"https:\/\/vosgesinfo.fr\/saintdieinfo\/\",\"name\":\"Saint Die Info\",\"description\":\"Toute l&#039;actualit\u00e9 de Saint-Di\u00e9-Des-Vosges\",\"publisher\":{\"@id\":\"https:\/\/vosgesinfo.fr\/saintdieinfo\/#organization\"},\"alternateName\":\"Toute l'actualit\u00e9 de Saint-Di\u00e9-Des-Vosges\",\"potentialAction\":[{\"@type\":\"SearchAction\",\"target\":{\"@type\":\"EntryPoint\",\"urlTemplate\":\"https:\/\/vosgesinfo.fr\/saintdieinfo\/?s={search_term_string}\"},\"query-input\":\"required name=search_term_string\"}],\"inLanguage\":\"fr-FR\"},{\"@type\":\"Organization\",\"@id\":\"https:\/\/vosgesinfo.fr\/saintdieinfo\/#organization\",\"name\":\"Saint Die Info\",\"url\":\"https:\/\/vosgesinfo.fr\/saintdieinfo\/\",\"logo\":{\"@type\":\"ImageObject\",\"inLanguage\":\"fr-FR\",\"@id\":\"https:\/\/vosgesinfo.fr\/saintdieinfo\/#\/schema\/logo\/image\/\",\"url\":\"https:\/\/vosgesinfo.fr\/app\/uploads\/sites\/4\/2024\/02\/logo-sdi.jpg\",\"contentUrl\":\"https:\/\/vosgesinfo.fr\/app\/uploads\/sites\/4\/2024\/02\/logo-sdi.jpg\",\"width\":600,\"height\":600,\"caption\":\"Saint Die Info\"},\"image\":{\"@id\":\"https:\/\/vosgesinfo.fr\/saintdieinfo\/#\/schema\/logo\/image\/\"},\"sameAs\":[\"https:\/\/www.facebook.com\/Saintdieinfofr\",\"https:\/\/x.com\/VosgesInfo88\",\"https:\/\/www.youtube.com\/@vosgesinfo\"]},{\"@type\":\"Person\",\"@id\":\"https:\/\/vosgesinfo.fr\/saintdieinfo\/#\/schema\/person\/faee6704a21f3977511db84bd1cd450f\",\"name\":\"la r\u00e9daction\",\"image\":{\"@type\":\"ImageObject\",\"inLanguage\":\"fr-FR\",\"@id\":\"https:\/\/vosgesinfo.fr\/saintdieinfo\/#\/schema\/person\/image\/\",\"url\":\"https:\/\/secure.gravatar.com\/avatar\/6673d8bc6a9c17fa9a453eaa3448de834fa308c2ec9635b7aa99441a7c8d2cf6?s=96&d=mm&r=g\",\"contentUrl\":\"https:\/\/secure.gravatar.com\/avatar\/6673d8bc6a9c17fa9a453eaa3448de834fa308c2ec9635b7aa99441a7c8d2cf6?s=96&d=mm&r=g\",\"caption\":\"la r\u00e9daction\"},\"url\":\"https:\/\/vosgesinfo.fr\/saintdieinfo\/author\/redac\/\"}]}<\/script>\n<!-- \/ Yoast SEO plugin. -->","yoast_head_json":{"title":"Gamm Vert pr\u00e9sent \u00e0 \u00ab\u00a0Un Jardin dans ma ville\u00a0\u00bb - Saint Die Info","robots":{"index":"index","follow":"follow","max-snippet":"max-snippet:-1","max-image-preview":"max-image-preview:large","max-video-preview":"max-video-preview:-1"},"canonical":"https:\/\/vosgesinfo.fr\/saintdieinfo\/2022\/05\/gamm-vert-present-a-jardin-ville\/","twitter_card":"summary_large_image","twitter_title":"Gamm Vert pr\u00e9sent \u00e0 \u00ab\u00a0Un Jardin dans ma ville\u00a0\u00bb - Saint Die Info","twitter_description":"Ce week-end, votre magasin Gamm Vert Saint-Di\u00e9 sera pr\u00e9sent \u00e0 la 8\u00e8me \u00e9dition d\u2019Un Jardin dans ma ville, organis\u00e9e par [&hellip;]","twitter_image":"https:\/\/vosgesinfo.fr\/app\/uploads\/sites\/4\/2024\/08\/202205gamm-vert-fdm-photo-premium.jpg","twitter_creator":"@VosgesInfo88","twitter_site":"@VosgesInfo88","twitter_misc":{"\u00c9crit par":"la r\u00e9daction","Dur\u00e9e de lecture estim\u00e9e":"2 minutes"},"schema":{"@context":"https:\/\/schema.org","@graph":[{"@type":"Article","@id":"https:\/\/vosgesinfo.fr\/saintdieinfo\/2022\/05\/gamm-vert-present-a-jardin-ville\/#article","isPartOf":{"@id":"https:\/\/vosgesinfo.fr\/saintdieinfo\/2022\/05\/gamm-vert-present-a-jardin-ville\/"},"author":{"name":"la r\u00e9daction","@id":"https:\/\/vosgesinfo.fr\/saintdieinfo\/#\/schema\/person\/faee6704a21f3977511db84bd1cd450f"},"headline":"Gamm Vert pr\u00e9sent \u00e0 \u00ab\u00a0Un Jardin dans ma ville\u00a0\u00bb","datePublished":"2022-05-18T13:03:26+00:00","dateModified":"2022-05-18T13:03:26+00:00","mainEntityOfPage":{"@id":"https:\/\/vosgesinfo.fr\/saintdieinfo\/2022\/05\/gamm-vert-present-a-jardin-ville\/"},"wordCount":354,"commentCount":0,"publisher":{"@id":"https:\/\/vosgesinfo.fr\/saintdieinfo\/#organization"},"image":{"@id":"https:\/\/vosgesinfo.fr\/saintdieinfo\/2022\/05\/gamm-vert-present-a-jardin-ville\/#primaryimage"},"thumbnailUrl":"https:\/\/vosgesinfo.fr\/app\/uploads\/sites\/4\/2024\/08\/202205gamm-vert-fdm-photo-premium.jpg","keywords":["Gamm Vert"],"articleSection":["A la Une","Saint-Di\u00e9-des-Vosges et son Agglom\u00e9ration"],"inLanguage":"fr-FR","potentialAction":[{"@type":"CommentAction","name":"Comment","target":["https:\/\/vosgesinfo.fr\/saintdieinfo\/2022\/05\/gamm-vert-present-a-jardin-ville\/#respond"]}]},{"@type":"WebPage","@id":"https:\/\/vosgesinfo.fr\/saintdieinfo\/2022\/05\/gamm-vert-present-a-jardin-ville\/","url":"https:\/\/vosgesinfo.fr\/saintdieinfo\/2022\/05\/gamm-vert-present-a-jardin-ville\/","name":"Gamm Vert pr\u00e9sent \u00e0 \u00ab\u00a0Un Jardin dans ma ville\u00a0\u00bb - Saint Die Info","isPartOf":{"@id":"https:\/\/vosgesinfo.fr\/saintdieinfo\/#website"},"primaryImageOfPage":{"@id":"https:\/\/vosgesinfo.fr\/saintdieinfo\/2022\/05\/gamm-vert-present-a-jardin-ville\/#primaryimage"},"image":{"@id":"https:\/\/vosgesinfo.fr\/saintdieinfo\/2022\/05\/gamm-vert-present-a-jardin-ville\/#primaryimage"},"thumbnailUrl":"https:\/\/vosgesinfo.fr\/app\/uploads\/sites\/4\/2024\/08\/202205gamm-vert-fdm-photo-premium.jpg","datePublished":"2022-05-18T13:03:26+00:00","dateModified":"2022-05-18T13:03:26+00:00","breadcrumb":{"@id":"https:\/\/vosgesinfo.fr\/saintdieinfo\/2022\/05\/gamm-vert-present-a-jardin-ville\/#breadcrumb"},"inLanguage":"fr-FR","potentialAction":[{"@type":"ReadAction","target":["https:\/\/vosgesinfo.fr\/saintdieinfo\/2022\/05\/gamm-vert-present-a-jardin-ville\/"]}]},{"@type":"ImageObject","inLanguage":"fr-FR","@id":"https:\/\/vosgesinfo.fr\/saintdieinfo\/2022\/05\/gamm-vert-present-a-jardin-ville\/#primaryimage","url":"https:\/\/vosgesinfo.fr\/app\/uploads\/sites\/4\/2024\/08\/202205gamm-vert-fdm-photo-premium.jpg","contentUrl":"https:\/\/vosgesinfo.fr\/app\/uploads\/sites\/4\/2024\/08\/202205gamm-vert-fdm-photo-premium.jpg","width":1600,"height":1279},{"@type":"BreadcrumbList","@id":"https:\/\/vosgesinfo.fr\/saintdieinfo\/2022\/05\/gamm-vert-present-a-jardin-ville\/#breadcrumb","itemListElement":[{"@type":"ListItem","position":1,"name":"Home","item":"https:\/\/vosgesinfo.fr\/saintdieinfo\/"},{"@type":"ListItem","position":2,"name":"Gamm Vert pr\u00e9sent \u00e0 \u00ab\u00a0Un Jardin dans ma ville\u00a0\u00bb"}]},{"@type":"WebSite","@id":"https:\/\/vosgesinfo.fr\/saintdieinfo\/#website","url":"https:\/\/vosgesinfo.fr\/saintdieinfo\/","name":"Saint Die Info","description":"Toute l&#039;actualit\u00e9 de Saint-Di\u00e9-Des-Vosges","publisher":{"@id":"https:\/\/vosgesinfo.fr\/saintdieinfo\/#organization"},"alternateName":"Toute l'actualit\u00e9 de Saint-Di\u00e9-Des-Vosges","potentialAction":[{"@type":"SearchAction","target":{"@type":"EntryPoint","urlTemplate":"https:\/\/vosgesinfo.fr\/saintdieinfo\/?s={search_term_string}"},"query-input":"required name=search_term_string"}],"inLanguage":"fr-FR"},{"@type":"Organization","@id":"https:\/\/vosgesinfo.fr\/saintdieinfo\/#organization","name":"Saint Die Info","url":"https:\/\/vosgesinfo.fr\/saintdieinfo\/","logo":{"@type":"ImageObject","inLanguage":"fr-FR","@id":"https:\/\/vosgesinfo.fr\/saintdieinfo\/#\/schema\/logo\/image\/","url":"https:\/\/vosgesinfo.fr\/app\/uploads\/sites\/4\/2024\/02\/logo-sdi.jpg","contentUrl":"https:\/\/vosgesinfo.fr\/app\/uploads\/sites\/4\/2024\/02\/logo-sdi.jpg","width":600,"height":600,"caption":"Saint Die Info"},"image":{"@id":"https:\/\/vosgesinfo.fr\/saintdieinfo\/#\/schema\/logo\/image\/"},"sameAs":["https:\/\/www.facebook.com\/Saintdieinfofr","https:\/\/x.com\/VosgesInfo88","https:\/\/www.youtube.com\/@vosgesinfo"]},{"@type":"Person","@id":"https:\/\/vosgesinfo.fr\/saintdieinfo\/#\/schema\/person\/faee6704a21f3977511db84bd1cd450f","name":"la r\u00e9daction","image":{"@type":"ImageObject","inLanguage":"fr-FR","@id":"https:\/\/vosgesinfo.fr\/saintdieinfo\/#\/schema\/person\/image\/","url":"https:\/\/secure.gravatar.com\/avatar\/6673d8bc6a9c17fa9a453eaa3448de834fa308c2ec9635b7aa99441a7c8d2cf6?s=96&d=mm&r=g","contentUrl":"https:\/\/secure.gravatar.com\/avatar\/6673d8bc6a9c17fa9a453eaa3448de834fa308c2ec9635b7aa99441a7c8d2cf6?s=96&d=mm&r=g","caption":"la r\u00e9daction"},"url":"https:\/\/vosgesinfo.fr\/saintdieinfo\/author\/redac\/"}]}},"_links":{"self":[{"href":"https:\/\/vosgesinfo.fr\/saintdieinfo\/wp-json\/wp\/v2\/posts\/53287","targetHints":{"allow":["GET"]}}],"collection":[{"href":"https:\/\/vosgesinfo.fr\/saintdieinfo\/wp-json\/wp\/v2\/posts"}],"about":[{"href":"https:\/\/vosgesinfo.fr\/saintdieinfo\/wp-json\/wp\/v2\/types\/post"}],"author":[{"embeddable":true,"href":"https:\/\/vosgesinfo.fr\/saintdieinfo\/wp-json\/wp\/v2\/users\/44"}],"replies":[{"embeddable":true,"href":"https:\/\/vosgesinfo.fr\/saintdieinfo\/wp-json\/wp\/v2\/comments?post=53287"}],"version-history":[{"count":0,"href":"https:\/\/vosgesinfo.fr\/saintdieinfo\/wp-json\/wp\/v2\/posts\/53287\/revisions"}],"wp:featuredmedia":[{"embeddable":true,"href":"https:\/\/vosgesinfo.fr\/saintdieinfo\/wp-json\/wp\/v2\/media\/53288"}],"wp:attachment":[{"href":"https:\/\/vosgesinfo.fr\/saintdieinfo\/wp-json\/wp\/v2\/media?parent=53287"}],"wp:term":[{"taxonomy":"category","embeddable":true,"href":"https:\/\/vosgesinfo.fr\/saintdieinfo\/wp-json\/wp\/v2\/categories?post=53287"},{"taxonomy":"post_tag","embeddable":true,"href":"https:\/\/vosgesinfo.fr\/saintdieinfo\/wp-json\/wp\/v2\/tags?post=53287"}],"curies":[{"name":"wp","href":"https:\/\/api.w.org\/{rel}","templated":true}]}}