{"id":53482,"date":"2022-05-23T05:48:37","date_gmt":"2022-05-23T03:48:37","guid":{"rendered":"https:\/\/vosgesinfo.fr\/saintdieinfo\/2022\/05\/idees-cadeaux-chez-svd-procie-faire-plaisir\/"},"modified":"2022-05-23T05:48:37","modified_gmt":"2022-05-23T03:48:37","slug":"idees-cadeaux-chez-svd-procie-faire-plaisir","status":"publish","type":"post","link":"https:\/\/vosgesinfo.fr\/saintdieinfo\/2022\/05\/idees-cadeaux-chez-svd-procie-faire-plaisir\/","title":{"rendered":"Des id\u00e9es cadeaux chez SVD Pro&#038;Cie qui vont faire plaisir\u00a0!"},"content":{"rendered":"<p style=\"text-align: left;\" align=\"JUSTIFY\"><a href=\"\/2022\/05\/svd-photo-premium-FDM-2022.jpg\" target=\"_blank\" rel=\"noopener\"><img decoding=\"async\" class=\"aligncenter wp-image-183825 size-large\" src=\"\/2022\/05\/svd-photo-premium-FDM-2022-1024x829.jpg\" alt=\"svd- photo premium FDM 2022\" width=\"960\" height=\"777\" \/><\/a><\/p>\n<h2 style=\"text-align: left;\" align=\"JUSTIFY\"><strong><span style=\"font-size: 14pt;\"><span style=\"font-family: Calibri, sans-serif;\"><span lang=\"fr-FR\">Votre <\/span><\/span><span style=\"font-family: Calibri, sans-serif;\">magasin SVD PRO&amp;Cie<\/span><span style=\"font-family: Calibri, sans-serif;\"><span lang=\"fr-FR\"> de Saint-Di\u00e9-des-Vosges<\/span><\/span><span style=\"font-family: Calibri, sans-serif;\">, sp\u00e9cialis\u00e9 dans la Hi-Fi, TV vid\u00e9o et \u00e9l\u00e9ctrom\u00e9nager de grandes marques<\/span><span style=\"font-family: Calibri, sans-serif;\"><span lang=\"fr-FR\"> se pr\u00e9pare pour la f\u00eate des m\u00e8res et des p\u00e8res !<\/span><\/span><\/span><\/strong><\/h2>\n<p style=\"text-align: left;\" align=\"JUSTIFY\"><!--more--><strong><span style=\"font-family: Calibri, sans-serif;\"><span style=\"font-size: large;\">Eric Antoine, le directeur du magasin<\/span><\/span> <span style=\"font-family: Calibri, sans-serif;\"><span style=\"font-size: large;\">et son \u00e9quipe, ont mis en place <\/span><\/span><span style=\"font-family: Calibri, sans-serif;\"><span style=\"font-size: large;\"><span lang=\"fr-FR\">des offres \u00e0 petits prix<\/span><\/span><\/span> <span style=\"font-family: Calibri, sans-serif;\"><span style=\"font-size: large;\"><span lang=\"fr-FR\">qui vont vraiment faire plaisir\u00a0aux mamans et aux papas !<\/span><\/span><\/span><\/strong><\/p>\n<p style=\"text-align: left;\" align=\"JUSTIFY\"><strong><span style=\"font-family: Calibri, sans-serif;\"><span style=\"font-size: large;\"><span lang=\"fr-FR\">Vous n\u2019aurez que l\u2019embarras du choix\u00a0<\/span><\/span><\/span><span style=\"font-family: Calibri, sans-serif;\"><span style=\"font-size: large;\"><span lang=\"fr-FR\">: <\/span><\/span><\/span><\/strong><span style=\"font-family: Calibri, sans-serif;\"><span style=\"font-size: large;\">le<\/span><\/span><span style=\"font-family: Calibri, sans-serif;\"><span style=\"font-size: large;\"><span lang=\"fr-FR\">s<\/span><\/span><\/span> <span style=\"font-family: Calibri, sans-serif;\"><span style=\"font-size: large;\"><span lang=\"fr-FR\">produits connect\u00e9s comme les Smartphones, les tablettes, les enceintes \u00e0 commande vocale, les \u00e9couteurs, les bracelets connect\u00e9s \u2026ou des cadeaux utiles comme une tondeuse hybride, une th\u00e9i\u00e8re \u00e9lectrique, une machine \u00e0 caf\u00e9 derni\u00e8re g\u00e9n\u00e9ration, un \u00e9pilateur ou un lisseur\u2026ou encore le cadeau qui va mettre tout le monde d\u2019accord\u00a0: la plancha, \u00e0 partir de 29\u20ac (mod\u00e8le domo-DO 1060 TP), difficile de faire mieux\u00a0!<\/span><\/span><\/span><\/p>\n\n<p style=\"text-align: left;\" align=\"JUSTIFY\"><strong><span style=\"font-family: Calibri, sans-serif;\"><span style=\"font-size: large;\"><span lang=\"fr-FR\">C\u2019est promis, il y en aura pour tous les go\u00fbts et pour tous les budgets<\/span><\/span><\/span><span style=\"font-family: Calibri, sans-serif;\"><span style=\"font-size: large;\"><span lang=\"fr-FR\">. <\/span><\/span><\/span><\/strong><span style=\"font-family: Calibri, sans-serif;\"><span style=\"font-size: large;\"> Il tient \u00e0 coeur \u00e0 SVD Pro et Cie de chouchouter chacun de ses clients, et en plus des prix comp\u00e9titifs au magasin, <\/span><\/span><strong><span style=\"font-family: Calibri, sans-serif;\"><span style=\"font-size: large;\">vous b\u00e9n\u00e9ficiez d&rsquo;un service de tr\u00e9s grande qualit\u00e9 avant et apr\u00e9s la vente !<\/span><\/span><\/strong><\/p>\n<p style=\"text-align: left;\" align=\"JUSTIFY\"><span style=\"font-family: Calibri, sans-serif;\"><span style=\"font-size: large;\"><span lang=\"fr-FR\">Alors pour avoir le choix et la qualit\u00e9 \u00e0 prix de f\u00eate, u<\/span><\/span><\/span><span style=\"font-family: Calibri, sans-serif;\"><span style=\"font-size: large;\">n d\u00e9tour s&rsquo;impose au 17, rue Antoine de Saint-Exup\u00e9ry&#8230;.!!<\/span><\/span><\/p>\n\n<h3 style=\"text-align: left;\"><strong><span style=\"font-family: Calibri, sans-serif;\"><span style=\"font-size: large;\">S.V.D. PRO&amp;Cie<\/span><\/span><span style=\"font-family: Calibri, sans-serif;\"><span style=\"font-size: large;\"><span lang=\"fr-FR\">\u00a0: <\/span><\/span><\/span><span style=\"font-family: Calibri, sans-serif;\"><span style=\"font-size: large;\">17, rue Antoine de Saint-Exupery <\/span><\/span><span style=\"font-family: Calibri, sans-serif;\"><span style=\"font-size: large;\"><span lang=\"fr-FR\">&#8211; <\/span><\/span><\/span><span style=\"font-family: Calibri, sans-serif;\"><span style=\"font-size: large;\">88100 Saint-Di\u00e9-des-Vosges.<\/span><\/span><\/strong><\/h3>\n<p style=\"text-align: left;\"><strong><span style=\"font-family: Calibri, sans-serif;\"><span style=\"font-size: large;\">Horaires d\u2019ouverture : du mardi au <\/span><\/span><span style=\"font-family: Calibri, sans-serif;\"><span style=\"font-size: large;\"><span lang=\"fr-FR\">vendredi<\/span><\/span><\/span><span style=\"font-family: Calibri, sans-serif;\"><span style=\"font-size: large;\">, de 9h \u00e0 12h et de 14h \u00e0 19h<\/span><\/span><span style=\"font-family: Calibri, sans-serif;\"><span style=\"font-size: large;\"><span lang=\"fr-FR\"> et le samedi jusqu\u2019\u00e0 18H<\/span><\/span><\/span><span style=\"font-family: Calibri, sans-serif;\"><span style=\"font-size: large;\">.T\u00e9l\u00e9phone :<\/span><\/span> <span style=\"font-family: Calibri, sans-serif;\"><span style=\"font-size: large;\">03-29-27-29-70<\/span><\/span><\/strong><\/p>\n<p style=\"text-align: left;\"><span style=\"font-family: Calibri, sans-serif;\"><span style=\"font-size: large;\">Retrouvez notre site : <\/span><\/span><strong><span style=\"color: #000080;\"><span lang=\"zxx\"><u><a class=\"western\" href=\"http:\/\/www.procie-st-die-des-vosges.com\/\" target=\"_blank\" rel=\"noopener\"><span style=\"font-family: Calibri, sans-serif;\"><span style=\"font-size: large;\">www.procie-st-die-des-vosges.com<\/span><\/span><\/a><\/u><\/span><\/span><\/strong><\/p>\n<p style=\"text-align: left;\"><a href=\"\/2022\/05\/svd-photo-ext.jpg\" target=\"_blank\" rel=\"noopener\"><img decoding=\"async\" class=\"aligncenter wp-image-183824 size-full\" src=\"\/2022\/05\/svd-photo-ext.jpg\" alt=\"svd photo ext\" width=\"394\" height=\"243\" \/><\/a><\/p>\n<p style=\"text-align: left;\"><strong><span style=\"font-family: Calibri, sans-serif;\"><span style=\"font-size: large;\">R\u00e9daction<\/span><\/span><span style=\"font-family: Calibri, sans-serif;\"><span style=\"font-size: large;\"><span lang=\"fr-FR\"> et photos <\/span><\/span><\/span><span style=\"font-family: Calibri, sans-serif;\"><span style=\"font-size: large;\">: Patricia Ferry-Demange<\/span><\/span><\/strong><\/p>\n","protected":false},"excerpt":{"rendered":"<p>Votre magasin SVD PRO&amp;Cie de Saint-Di\u00e9-des-Vosges, sp\u00e9cialis\u00e9 dans la Hi-Fi, TV vid\u00e9o et \u00e9l\u00e9ctrom\u00e9nager de grandes marques se pr\u00e9pare pour [&hellip;]<\/p>\n","protected":false},"author":44,"featured_media":53483,"comment_status":"open","ping_status":"open","sticky":false,"template":"","format":"standard","meta":{"footnotes":""},"categories":[460,2915],"tags":[3102],"class_list":["post-53482","post","type-post","status-publish","format-standard","has-post-thumbnail","hentry","category-a-la-une","category-saint-die-son-canton","tag-svd-procie"],"acf":[],"yoast_head":"<!-- This site is optimized with the Yoast SEO plugin v22.5 - https:\/\/yoast.com\/wordpress\/plugins\/seo\/ -->\n<title>Des id\u00e9es cadeaux chez SVD Pro&amp;Cie qui vont faire plaisir\u00a0! - Saint Die Info<\/title>\n<meta name=\"robots\" content=\"index, follow, max-snippet:-1, max-image-preview:large, max-video-preview:-1\" \/>\n<link rel=\"canonical\" href=\"https:\/\/vosgesinfo.fr\/saintdieinfo\/2022\/05\/idees-cadeaux-chez-svd-procie-faire-plaisir\/\" \/>\n<meta name=\"twitter:card\" content=\"summary_large_image\" \/>\n<meta name=\"twitter:title\" content=\"Des id\u00e9es cadeaux chez SVD Pro&amp;Cie qui vont faire plaisir\u00a0! - Saint Die Info\" \/>\n<meta name=\"twitter:description\" content=\"Votre magasin SVD PRO&amp;Cie de Saint-Di\u00e9-des-Vosges, sp\u00e9cialis\u00e9 dans la Hi-Fi, TV vid\u00e9o et \u00e9l\u00e9ctrom\u00e9nager de grandes marques se pr\u00e9pare pour [&hellip;]\" \/>\n<meta name=\"twitter:image\" content=\"https:\/\/vosgesinfo.fr\/app\/uploads\/sites\/4\/2024\/08\/202205svd-photo-premium-fdm-2022.jpg\" \/>\n<meta name=\"twitter:creator\" content=\"@VosgesInfo88\" \/>\n<meta name=\"twitter:site\" content=\"@VosgesInfo88\" \/>\n<meta name=\"twitter:label1\" content=\"\u00c9crit par\" \/>\n\t<meta name=\"twitter:data1\" content=\"la r\u00e9daction\" \/>\n\t<meta name=\"twitter:label2\" content=\"Dur\u00e9e de lecture estim\u00e9e\" \/>\n\t<meta name=\"twitter:data2\" content=\"1 minute\" \/>\n<script type=\"application\/ld+json\" class=\"yoast-schema-graph\">{\"@context\":\"https:\/\/schema.org\",\"@graph\":[{\"@type\":\"Article\",\"@id\":\"https:\/\/vosgesinfo.fr\/saintdieinfo\/2022\/05\/idees-cadeaux-chez-svd-procie-faire-plaisir\/#article\",\"isPartOf\":{\"@id\":\"https:\/\/vosgesinfo.fr\/saintdieinfo\/2022\/05\/idees-cadeaux-chez-svd-procie-faire-plaisir\/\"},\"author\":{\"name\":\"la r\u00e9daction\",\"@id\":\"https:\/\/vosgesinfo.fr\/saintdieinfo\/#\/schema\/person\/faee6704a21f3977511db84bd1cd450f\"},\"headline\":\"Des id\u00e9es cadeaux chez SVD Pro&#038;Cie qui vont faire plaisir\u00a0!\",\"datePublished\":\"2022-05-23T03:48:37+00:00\",\"dateModified\":\"2022-05-23T03:48:37+00:00\",\"mainEntityOfPage\":{\"@id\":\"https:\/\/vosgesinfo.fr\/saintdieinfo\/2022\/05\/idees-cadeaux-chez-svd-procie-faire-plaisir\/\"},\"wordCount\":299,\"commentCount\":0,\"publisher\":{\"@id\":\"https:\/\/vosgesinfo.fr\/saintdieinfo\/#organization\"},\"image\":{\"@id\":\"https:\/\/vosgesinfo.fr\/saintdieinfo\/2022\/05\/idees-cadeaux-chez-svd-procie-faire-plaisir\/#primaryimage\"},\"thumbnailUrl\":\"https:\/\/vosgesinfo.fr\/app\/uploads\/sites\/4\/2024\/08\/202205svd-photo-premium-fdm-2022.jpg\",\"keywords\":[\"SVD PRO&amp;Cie\"],\"articleSection\":[\"A la Une\",\"Saint-Di\u00e9-des-Vosges et son Agglom\u00e9ration\"],\"inLanguage\":\"fr-FR\",\"potentialAction\":[{\"@type\":\"CommentAction\",\"name\":\"Comment\",\"target\":[\"https:\/\/vosgesinfo.fr\/saintdieinfo\/2022\/05\/idees-cadeaux-chez-svd-procie-faire-plaisir\/#respond\"]}]},{\"@type\":\"WebPage\",\"@id\":\"https:\/\/vosgesinfo.fr\/saintdieinfo\/2022\/05\/idees-cadeaux-chez-svd-procie-faire-plaisir\/\",\"url\":\"https:\/\/vosgesinfo.fr\/saintdieinfo\/2022\/05\/idees-cadeaux-chez-svd-procie-faire-plaisir\/\",\"name\":\"Des id\u00e9es cadeaux chez SVD Pro&Cie qui vont faire plaisir\u00a0! - Saint Die Info\",\"isPartOf\":{\"@id\":\"https:\/\/vosgesinfo.fr\/saintdieinfo\/#website\"},\"primaryImageOfPage\":{\"@id\":\"https:\/\/vosgesinfo.fr\/saintdieinfo\/2022\/05\/idees-cadeaux-chez-svd-procie-faire-plaisir\/#primaryimage\"},\"image\":{\"@id\":\"https:\/\/vosgesinfo.fr\/saintdieinfo\/2022\/05\/idees-cadeaux-chez-svd-procie-faire-plaisir\/#primaryimage\"},\"thumbnailUrl\":\"https:\/\/vosgesinfo.fr\/app\/uploads\/sites\/4\/2024\/08\/202205svd-photo-premium-fdm-2022.jpg\",\"datePublished\":\"2022-05-23T03:48:37+00:00\",\"dateModified\":\"2022-05-23T03:48:37+00:00\",\"breadcrumb\":{\"@id\":\"https:\/\/vosgesinfo.fr\/saintdieinfo\/2022\/05\/idees-cadeaux-chez-svd-procie-faire-plaisir\/#breadcrumb\"},\"inLanguage\":\"fr-FR\",\"potentialAction\":[{\"@type\":\"ReadAction\",\"target\":[\"https:\/\/vosgesinfo.fr\/saintdieinfo\/2022\/05\/idees-cadeaux-chez-svd-procie-faire-plaisir\/\"]}]},{\"@type\":\"ImageObject\",\"inLanguage\":\"fr-FR\",\"@id\":\"https:\/\/vosgesinfo.fr\/saintdieinfo\/2022\/05\/idees-cadeaux-chez-svd-procie-faire-plaisir\/#primaryimage\",\"url\":\"https:\/\/vosgesinfo.fr\/app\/uploads\/sites\/4\/2024\/08\/202205svd-photo-premium-fdm-2022.jpg\",\"contentUrl\":\"https:\/\/vosgesinfo.fr\/app\/uploads\/sites\/4\/2024\/08\/202205svd-photo-premium-fdm-2022.jpg\",\"width\":1600,\"height\":1296},{\"@type\":\"BreadcrumbList\",\"@id\":\"https:\/\/vosgesinfo.fr\/saintdieinfo\/2022\/05\/idees-cadeaux-chez-svd-procie-faire-plaisir\/#breadcrumb\",\"itemListElement\":[{\"@type\":\"ListItem\",\"position\":1,\"name\":\"Home\",\"item\":\"https:\/\/vosgesinfo.fr\/saintdieinfo\/\"},{\"@type\":\"ListItem\",\"position\":2,\"name\":\"Des id\u00e9es cadeaux chez SVD Pro&#038;Cie qui vont faire plaisir\u00a0!\"}]},{\"@type\":\"WebSite\",\"@id\":\"https:\/\/vosgesinfo.fr\/saintdieinfo\/#website\",\"url\":\"https:\/\/vosgesinfo.fr\/saintdieinfo\/\",\"name\":\"Saint Die Info\",\"description\":\"Toute l&#039;actualit\u00e9 de Saint-Di\u00e9-Des-Vosges\",\"publisher\":{\"@id\":\"https:\/\/vosgesinfo.fr\/saintdieinfo\/#organization\"},\"alternateName\":\"Toute l'actualit\u00e9 de Saint-Di\u00e9-Des-Vosges\",\"potentialAction\":[{\"@type\":\"SearchAction\",\"target\":{\"@type\":\"EntryPoint\",\"urlTemplate\":\"https:\/\/vosgesinfo.fr\/saintdieinfo\/?s={search_term_string}\"},\"query-input\":\"required name=search_term_string\"}],\"inLanguage\":\"fr-FR\"},{\"@type\":\"Organization\",\"@id\":\"https:\/\/vosgesinfo.fr\/saintdieinfo\/#organization\",\"name\":\"Saint Die Info\",\"url\":\"https:\/\/vosgesinfo.fr\/saintdieinfo\/\",\"logo\":{\"@type\":\"ImageObject\",\"inLanguage\":\"fr-FR\",\"@id\":\"https:\/\/vosgesinfo.fr\/saintdieinfo\/#\/schema\/logo\/image\/\",\"url\":\"https:\/\/vosgesinfo.fr\/app\/uploads\/sites\/4\/2024\/02\/logo-sdi.jpg\",\"contentUrl\":\"https:\/\/vosgesinfo.fr\/app\/uploads\/sites\/4\/2024\/02\/logo-sdi.jpg\",\"width\":600,\"height\":600,\"caption\":\"Saint Die Info\"},\"image\":{\"@id\":\"https:\/\/vosgesinfo.fr\/saintdieinfo\/#\/schema\/logo\/image\/\"},\"sameAs\":[\"https:\/\/www.facebook.com\/Saintdieinfofr\",\"https:\/\/x.com\/VosgesInfo88\",\"https:\/\/www.youtube.com\/@vosgesinfo\"]},{\"@type\":\"Person\",\"@id\":\"https:\/\/vosgesinfo.fr\/saintdieinfo\/#\/schema\/person\/faee6704a21f3977511db84bd1cd450f\",\"name\":\"la r\u00e9daction\",\"image\":{\"@type\":\"ImageObject\",\"inLanguage\":\"fr-FR\",\"@id\":\"https:\/\/vosgesinfo.fr\/saintdieinfo\/#\/schema\/person\/image\/\",\"url\":\"https:\/\/secure.gravatar.com\/avatar\/6673d8bc6a9c17fa9a453eaa3448de834fa308c2ec9635b7aa99441a7c8d2cf6?s=96&d=mm&r=g\",\"contentUrl\":\"https:\/\/secure.gravatar.com\/avatar\/6673d8bc6a9c17fa9a453eaa3448de834fa308c2ec9635b7aa99441a7c8d2cf6?s=96&d=mm&r=g\",\"caption\":\"la r\u00e9daction\"},\"url\":\"https:\/\/vosgesinfo.fr\/saintdieinfo\/author\/redac\/\"}]}<\/script>\n<!-- \/ Yoast SEO plugin. -->","yoast_head_json":{"title":"Des id\u00e9es cadeaux chez SVD Pro&Cie qui vont faire plaisir\u00a0! - Saint Die Info","robots":{"index":"index","follow":"follow","max-snippet":"max-snippet:-1","max-image-preview":"max-image-preview:large","max-video-preview":"max-video-preview:-1"},"canonical":"https:\/\/vosgesinfo.fr\/saintdieinfo\/2022\/05\/idees-cadeaux-chez-svd-procie-faire-plaisir\/","twitter_card":"summary_large_image","twitter_title":"Des id\u00e9es cadeaux chez SVD Pro&Cie qui vont faire plaisir\u00a0! - Saint Die Info","twitter_description":"Votre magasin SVD PRO&amp;Cie de Saint-Di\u00e9-des-Vosges, sp\u00e9cialis\u00e9 dans la Hi-Fi, TV vid\u00e9o et \u00e9l\u00e9ctrom\u00e9nager de grandes marques se pr\u00e9pare pour [&hellip;]","twitter_image":"https:\/\/vosgesinfo.fr\/app\/uploads\/sites\/4\/2024\/08\/202205svd-photo-premium-fdm-2022.jpg","twitter_creator":"@VosgesInfo88","twitter_site":"@VosgesInfo88","twitter_misc":{"\u00c9crit par":"la r\u00e9daction","Dur\u00e9e de lecture estim\u00e9e":"1 minute"},"schema":{"@context":"https:\/\/schema.org","@graph":[{"@type":"Article","@id":"https:\/\/vosgesinfo.fr\/saintdieinfo\/2022\/05\/idees-cadeaux-chez-svd-procie-faire-plaisir\/#article","isPartOf":{"@id":"https:\/\/vosgesinfo.fr\/saintdieinfo\/2022\/05\/idees-cadeaux-chez-svd-procie-faire-plaisir\/"},"author":{"name":"la r\u00e9daction","@id":"https:\/\/vosgesinfo.fr\/saintdieinfo\/#\/schema\/person\/faee6704a21f3977511db84bd1cd450f"},"headline":"Des id\u00e9es cadeaux chez SVD Pro&#038;Cie qui vont faire plaisir\u00a0!","datePublished":"2022-05-23T03:48:37+00:00","dateModified":"2022-05-23T03:48:37+00:00","mainEntityOfPage":{"@id":"https:\/\/vosgesinfo.fr\/saintdieinfo\/2022\/05\/idees-cadeaux-chez-svd-procie-faire-plaisir\/"},"wordCount":299,"commentCount":0,"publisher":{"@id":"https:\/\/vosgesinfo.fr\/saintdieinfo\/#organization"},"image":{"@id":"https:\/\/vosgesinfo.fr\/saintdieinfo\/2022\/05\/idees-cadeaux-chez-svd-procie-faire-plaisir\/#primaryimage"},"thumbnailUrl":"https:\/\/vosgesinfo.fr\/app\/uploads\/sites\/4\/2024\/08\/202205svd-photo-premium-fdm-2022.jpg","keywords":["SVD PRO&amp;Cie"],"articleSection":["A la Une","Saint-Di\u00e9-des-Vosges et son Agglom\u00e9ration"],"inLanguage":"fr-FR","potentialAction":[{"@type":"CommentAction","name":"Comment","target":["https:\/\/vosgesinfo.fr\/saintdieinfo\/2022\/05\/idees-cadeaux-chez-svd-procie-faire-plaisir\/#respond"]}]},{"@type":"WebPage","@id":"https:\/\/vosgesinfo.fr\/saintdieinfo\/2022\/05\/idees-cadeaux-chez-svd-procie-faire-plaisir\/","url":"https:\/\/vosgesinfo.fr\/saintdieinfo\/2022\/05\/idees-cadeaux-chez-svd-procie-faire-plaisir\/","name":"Des id\u00e9es cadeaux chez SVD Pro&Cie qui vont faire plaisir\u00a0! - Saint Die Info","isPartOf":{"@id":"https:\/\/vosgesinfo.fr\/saintdieinfo\/#website"},"primaryImageOfPage":{"@id":"https:\/\/vosgesinfo.fr\/saintdieinfo\/2022\/05\/idees-cadeaux-chez-svd-procie-faire-plaisir\/#primaryimage"},"image":{"@id":"https:\/\/vosgesinfo.fr\/saintdieinfo\/2022\/05\/idees-cadeaux-chez-svd-procie-faire-plaisir\/#primaryimage"},"thumbnailUrl":"https:\/\/vosgesinfo.fr\/app\/uploads\/sites\/4\/2024\/08\/202205svd-photo-premium-fdm-2022.jpg","datePublished":"2022-05-23T03:48:37+00:00","dateModified":"2022-05-23T03:48:37+00:00","breadcrumb":{"@id":"https:\/\/vosgesinfo.fr\/saintdieinfo\/2022\/05\/idees-cadeaux-chez-svd-procie-faire-plaisir\/#breadcrumb"},"inLanguage":"fr-FR","potentialAction":[{"@type":"ReadAction","target":["https:\/\/vosgesinfo.fr\/saintdieinfo\/2022\/05\/idees-cadeaux-chez-svd-procie-faire-plaisir\/"]}]},{"@type":"ImageObject","inLanguage":"fr-FR","@id":"https:\/\/vosgesinfo.fr\/saintdieinfo\/2022\/05\/idees-cadeaux-chez-svd-procie-faire-plaisir\/#primaryimage","url":"https:\/\/vosgesinfo.fr\/app\/uploads\/sites\/4\/2024\/08\/202205svd-photo-premium-fdm-2022.jpg","contentUrl":"https:\/\/vosgesinfo.fr\/app\/uploads\/sites\/4\/2024\/08\/202205svd-photo-premium-fdm-2022.jpg","width":1600,"height":1296},{"@type":"BreadcrumbList","@id":"https:\/\/vosgesinfo.fr\/saintdieinfo\/2022\/05\/idees-cadeaux-chez-svd-procie-faire-plaisir\/#breadcrumb","itemListElement":[{"@type":"ListItem","position":1,"name":"Home","item":"https:\/\/vosgesinfo.fr\/saintdieinfo\/"},{"@type":"ListItem","position":2,"name":"Des id\u00e9es cadeaux chez SVD Pro&#038;Cie qui vont faire plaisir\u00a0!"}]},{"@type":"WebSite","@id":"https:\/\/vosgesinfo.fr\/saintdieinfo\/#website","url":"https:\/\/vosgesinfo.fr\/saintdieinfo\/","name":"Saint Die Info","description":"Toute l&#039;actualit\u00e9 de Saint-Di\u00e9-Des-Vosges","publisher":{"@id":"https:\/\/vosgesinfo.fr\/saintdieinfo\/#organization"},"alternateName":"Toute l'actualit\u00e9 de Saint-Di\u00e9-Des-Vosges","potentialAction":[{"@type":"SearchAction","target":{"@type":"EntryPoint","urlTemplate":"https:\/\/vosgesinfo.fr\/saintdieinfo\/?s={search_term_string}"},"query-input":"required name=search_term_string"}],"inLanguage":"fr-FR"},{"@type":"Organization","@id":"https:\/\/vosgesinfo.fr\/saintdieinfo\/#organization","name":"Saint Die Info","url":"https:\/\/vosgesinfo.fr\/saintdieinfo\/","logo":{"@type":"ImageObject","inLanguage":"fr-FR","@id":"https:\/\/vosgesinfo.fr\/saintdieinfo\/#\/schema\/logo\/image\/","url":"https:\/\/vosgesinfo.fr\/app\/uploads\/sites\/4\/2024\/02\/logo-sdi.jpg","contentUrl":"https:\/\/vosgesinfo.fr\/app\/uploads\/sites\/4\/2024\/02\/logo-sdi.jpg","width":600,"height":600,"caption":"Saint Die Info"},"image":{"@id":"https:\/\/vosgesinfo.fr\/saintdieinfo\/#\/schema\/logo\/image\/"},"sameAs":["https:\/\/www.facebook.com\/Saintdieinfofr","https:\/\/x.com\/VosgesInfo88","https:\/\/www.youtube.com\/@vosgesinfo"]},{"@type":"Person","@id":"https:\/\/vosgesinfo.fr\/saintdieinfo\/#\/schema\/person\/faee6704a21f3977511db84bd1cd450f","name":"la r\u00e9daction","image":{"@type":"ImageObject","inLanguage":"fr-FR","@id":"https:\/\/vosgesinfo.fr\/saintdieinfo\/#\/schema\/person\/image\/","url":"https:\/\/secure.gravatar.com\/avatar\/6673d8bc6a9c17fa9a453eaa3448de834fa308c2ec9635b7aa99441a7c8d2cf6?s=96&d=mm&r=g","contentUrl":"https:\/\/secure.gravatar.com\/avatar\/6673d8bc6a9c17fa9a453eaa3448de834fa308c2ec9635b7aa99441a7c8d2cf6?s=96&d=mm&r=g","caption":"la r\u00e9daction"},"url":"https:\/\/vosgesinfo.fr\/saintdieinfo\/author\/redac\/"}]}},"_links":{"self":[{"href":"https:\/\/vosgesinfo.fr\/saintdieinfo\/wp-json\/wp\/v2\/posts\/53482","targetHints":{"allow":["GET"]}}],"collection":[{"href":"https:\/\/vosgesinfo.fr\/saintdieinfo\/wp-json\/wp\/v2\/posts"}],"about":[{"href":"https:\/\/vosgesinfo.fr\/saintdieinfo\/wp-json\/wp\/v2\/types\/post"}],"author":[{"embeddable":true,"href":"https:\/\/vosgesinfo.fr\/saintdieinfo\/wp-json\/wp\/v2\/users\/44"}],"replies":[{"embeddable":true,"href":"https:\/\/vosgesinfo.fr\/saintdieinfo\/wp-json\/wp\/v2\/comments?post=53482"}],"version-history":[{"count":0,"href":"https:\/\/vosgesinfo.fr\/saintdieinfo\/wp-json\/wp\/v2\/posts\/53482\/revisions"}],"wp:featuredmedia":[{"embeddable":true,"href":"https:\/\/vosgesinfo.fr\/saintdieinfo\/wp-json\/wp\/v2\/media\/53483"}],"wp:attachment":[{"href":"https:\/\/vosgesinfo.fr\/saintdieinfo\/wp-json\/wp\/v2\/media?parent=53482"}],"wp:term":[{"taxonomy":"category","embeddable":true,"href":"https:\/\/vosgesinfo.fr\/saintdieinfo\/wp-json\/wp\/v2\/categories?post=53482"},{"taxonomy":"post_tag","embeddable":true,"href":"https:\/\/vosgesinfo.fr\/saintdieinfo\/wp-json\/wp\/v2\/tags?post=53482"}],"curies":[{"name":"wp","href":"https:\/\/api.w.org\/{rel}","templated":true}]}}