{"id":53518,"date":"2022-05-23T14:19:28","date_gmt":"2022-05-23T12:19:28","guid":{"rendered":"https:\/\/vosgesinfo.fr\/saintdieinfo\/2022\/05\/bouchons-damour-collectes-a-cite-scolaire-jules-ferry\/"},"modified":"2022-05-23T14:19:28","modified_gmt":"2022-05-23T12:19:28","slug":"bouchons-damour-collectes-a-cite-scolaire-jules-ferry","status":"publish","type":"post","link":"https:\/\/vosgesinfo.fr\/saintdieinfo\/2022\/05\/bouchons-damour-collectes-a-cite-scolaire-jules-ferry\/","title":{"rendered":"Des \u00ab\u00a0bouchons d&rsquo;amour\u00a0\u00bb collect\u00e9s \u00e0 la Cit\u00e9 Scolaire Jules-Ferry"},"content":{"rendered":"<p><a href=\"\/2022\/05\/Bouchons_dAmour_Lyc\u00e9e_Jules-Ferry-1.jpg\" target=\"_blank\" rel=\"noopener\"><img decoding=\"async\" class=\"aligncenter wp-image-183880 size-large\" src=\"\/2022\/05\/Bouchons_dAmour_Lyc\u00e9e_Jules-Ferry-1-1024x771.jpg\" alt=\"Bouchons_d'Amour_Lyc\u00e9e_Jules-Ferry (1)\" width=\"960\" height=\"723\" \/><\/a><\/p>\n<h2><strong><span style=\"font-size: 14pt;\">Une collecte de bouchons en plastique au profit d&rsquo;une association avait \u00e9t\u00e9 lanc\u00e9e en 2019 \u00e0 la Cit\u00e9 Scolaire Jules-Ferry&#8230; mais la crise sanitaire avait mis un coup d&rsquo;arr\u00eat \u00e0 ce projet solidaire.<\/span><\/strong><\/h2>\n<p><!--more--><\/p>\n<p>Un projet qui a \u00e9t\u00e9 relanc\u00e9 cette ann\u00e9e avec les \u00e9l\u00e8ves des classes de 5e 1 et 2 du Conseil de la Vie Coll\u00e9gienne \u2013 CVC \u2013 sous l&rsquo;\u00e9gide de Fr\u00e9d\u00e9rique Claudepierre, CPE, de la documentaliste Virginie Margiotta et de Jules Mengel, volontaire en Service Civique. Si aucune association n&rsquo;avait \u00e9t\u00e9 choisie lorsque la collecte avait \u00e9t\u00e9 lanc\u00e9e il y a 3 ans, le choix des coll\u00e9giens s&rsquo;est finalement port\u00e9 sur \u00ab\u00a0Les Bouchons d&rsquo;Amour\u00a0\u00bb. Parrain\u00e9e par Jean-Marie Bigard, cette association nationale a pour but de collecter un maximum de bouchons en plastique, qui sont ensuite revendus \u00e0 des centres de recyclage. L&rsquo;argent ainsi obtenu permet de financer l&rsquo;achat de mat\u00e9riels et d&rsquo;\u00e9quipements pour des personnes handicap\u00e9es. Des fauteuils, mais aussi du mat\u00e9riel auditif ou de l&rsquo;\u00e9quipement pour am\u00e9nager un v\u00e9hicule ou un logement.<\/p>\n<p>Dans le secteur de Saint-Di\u00e9-des-Vosges, 3 b\u00e9n\u00e9voles s&rsquo;activent pour r\u00e9colter les bouchons et les acheminer ensuite vers le centre de recyclage. G\u00e9rard Colnat est l&rsquo;un de ces b\u00e9n\u00e9voles, membre des \u00ab\u00a0Bouchons d&rsquo;Amour\u00a0\u00bb depuis la cr\u00e9ation de l&rsquo;association en 2001. Ce dernier s&rsquo;est rendu ce lundi apr\u00e8s-midi \u00e0 la Cit\u00e9 Scolaire Jules-Ferry, pour venir r\u00e9cup\u00e9rer les 4 gros sacs jaunes remplis des bouchons multicolores. L&rsquo;occasion de montrer aux \u00e9l\u00e8ves les granul\u00e9s et autres mini palettes fabriqu\u00e9es gr\u00e2ce aux bouchons recycl\u00e9s. L&rsquo;occasion \u00e9galement de lancer un appel aux b\u00e9n\u00e9voles, car l&rsquo;antenne locale manque de collecteurs. Celles et ceux qui souhaitent donner de leur temps, ou qui ont des bouchons \u00e0 donner, sont invit\u00e9s \u00e0 contacter G\u00e9rard Colnat au <strong>06-87-09-88-45.<\/strong><\/p>\n<p>J.J.<\/p>\n\n","protected":false},"excerpt":{"rendered":"<p>Une collecte de bouchons en plastique au profit d&rsquo;une association avait \u00e9t\u00e9 lanc\u00e9e en 2019 \u00e0 la Cit\u00e9 Scolaire Jules-Ferry&#8230; [&hellip;]<\/p>\n","protected":false},"author":44,"featured_media":53519,"comment_status":"open","ping_status":"open","sticky":false,"template":"","format":"standard","meta":{"footnotes":""},"categories":[460,6,2915,29],"tags":[11423,3352,11424],"class_list":["post-53518","post","type-post","status-publish","format-standard","has-post-thumbnail","hentry","category-a-la-une","category-education","category-saint-die-son-canton","category-solidarite","tag-bouchons-damour","tag-cite-scolaire-jules-ferry","tag-conseil-de-la-vie-collegienne"],"acf":[],"yoast_head":"<!-- This site is optimized with the Yoast SEO plugin v22.5 - https:\/\/yoast.com\/wordpress\/plugins\/seo\/ -->\n<title>Des \u00ab\u00a0bouchons d&#039;amour\u00a0\u00bb collect\u00e9s \u00e0 la Cit\u00e9 Scolaire Jules-Ferry - Saint Die Info<\/title>\n<meta name=\"robots\" content=\"index, follow, max-snippet:-1, max-image-preview:large, max-video-preview:-1\" \/>\n<link rel=\"canonical\" href=\"https:\/\/vosgesinfo.fr\/saintdieinfo\/2022\/05\/bouchons-damour-collectes-a-cite-scolaire-jules-ferry\/\" \/>\n<meta name=\"twitter:card\" content=\"summary_large_image\" \/>\n<meta name=\"twitter:title\" content=\"Des \u00ab\u00a0bouchons d&#039;amour\u00a0\u00bb collect\u00e9s \u00e0 la Cit\u00e9 Scolaire Jules-Ferry - Saint Die Info\" \/>\n<meta name=\"twitter:description\" content=\"Une collecte de bouchons en plastique au profit d&rsquo;une association avait \u00e9t\u00e9 lanc\u00e9e en 2019 \u00e0 la Cit\u00e9 Scolaire Jules-Ferry&#8230; [&hellip;]\" \/>\n<meta name=\"twitter:image\" content=\"https:\/\/vosgesinfo.fr\/app\/uploads\/sites\/4\/2024\/08\/202205bouchons-damour-lycee-jules-ferry-1.jpg\" \/>\n<meta name=\"twitter:creator\" content=\"@VosgesInfo88\" \/>\n<meta name=\"twitter:site\" content=\"@VosgesInfo88\" \/>\n<meta name=\"twitter:label1\" content=\"\u00c9crit par\" \/>\n\t<meta name=\"twitter:data1\" content=\"la r\u00e9daction\" \/>\n\t<meta name=\"twitter:label2\" content=\"Dur\u00e9e de lecture estim\u00e9e\" \/>\n\t<meta name=\"twitter:data2\" content=\"2 minutes\" \/>\n<script type=\"application\/ld+json\" class=\"yoast-schema-graph\">{\"@context\":\"https:\/\/schema.org\",\"@graph\":[{\"@type\":\"Article\",\"@id\":\"https:\/\/vosgesinfo.fr\/saintdieinfo\/2022\/05\/bouchons-damour-collectes-a-cite-scolaire-jules-ferry\/#article\",\"isPartOf\":{\"@id\":\"https:\/\/vosgesinfo.fr\/saintdieinfo\/2022\/05\/bouchons-damour-collectes-a-cite-scolaire-jules-ferry\/\"},\"author\":{\"name\":\"la r\u00e9daction\",\"@id\":\"https:\/\/vosgesinfo.fr\/saintdieinfo\/#\/schema\/person\/faee6704a21f3977511db84bd1cd450f\"},\"headline\":\"Des \u00ab\u00a0bouchons d&rsquo;amour\u00a0\u00bb collect\u00e9s \u00e0 la Cit\u00e9 Scolaire Jules-Ferry\",\"datePublished\":\"2022-05-23T12:19:28+00:00\",\"dateModified\":\"2022-05-23T12:19:28+00:00\",\"mainEntityOfPage\":{\"@id\":\"https:\/\/vosgesinfo.fr\/saintdieinfo\/2022\/05\/bouchons-damour-collectes-a-cite-scolaire-jules-ferry\/\"},\"wordCount\":342,\"commentCount\":0,\"publisher\":{\"@id\":\"https:\/\/vosgesinfo.fr\/saintdieinfo\/#organization\"},\"image\":{\"@id\":\"https:\/\/vosgesinfo.fr\/saintdieinfo\/2022\/05\/bouchons-damour-collectes-a-cite-scolaire-jules-ferry\/#primaryimage\"},\"thumbnailUrl\":\"https:\/\/vosgesinfo.fr\/app\/uploads\/sites\/4\/2024\/08\/202205bouchons-damour-lycee-jules-ferry-1.jpg\",\"keywords\":[\"Bouchons d'Amour\",\"Cit\u00e9 scolaire Jules-Ferry\",\"Conseil de la Vie Coll\u00e9gienne\"],\"articleSection\":[\"A la Une\",\"\u00c9ducation\",\"Saint-Di\u00e9-des-Vosges et son Agglom\u00e9ration\",\"Solidarit\u00e9\"],\"inLanguage\":\"fr-FR\",\"potentialAction\":[{\"@type\":\"CommentAction\",\"name\":\"Comment\",\"target\":[\"https:\/\/vosgesinfo.fr\/saintdieinfo\/2022\/05\/bouchons-damour-collectes-a-cite-scolaire-jules-ferry\/#respond\"]}]},{\"@type\":\"WebPage\",\"@id\":\"https:\/\/vosgesinfo.fr\/saintdieinfo\/2022\/05\/bouchons-damour-collectes-a-cite-scolaire-jules-ferry\/\",\"url\":\"https:\/\/vosgesinfo.fr\/saintdieinfo\/2022\/05\/bouchons-damour-collectes-a-cite-scolaire-jules-ferry\/\",\"name\":\"Des \u00ab\u00a0bouchons d'amour\u00a0\u00bb collect\u00e9s \u00e0 la Cit\u00e9 Scolaire Jules-Ferry - Saint Die Info\",\"isPartOf\":{\"@id\":\"https:\/\/vosgesinfo.fr\/saintdieinfo\/#website\"},\"primaryImageOfPage\":{\"@id\":\"https:\/\/vosgesinfo.fr\/saintdieinfo\/2022\/05\/bouchons-damour-collectes-a-cite-scolaire-jules-ferry\/#primaryimage\"},\"image\":{\"@id\":\"https:\/\/vosgesinfo.fr\/saintdieinfo\/2022\/05\/bouchons-damour-collectes-a-cite-scolaire-jules-ferry\/#primaryimage\"},\"thumbnailUrl\":\"https:\/\/vosgesinfo.fr\/app\/uploads\/sites\/4\/2024\/08\/202205bouchons-damour-lycee-jules-ferry-1.jpg\",\"datePublished\":\"2022-05-23T12:19:28+00:00\",\"dateModified\":\"2022-05-23T12:19:28+00:00\",\"breadcrumb\":{\"@id\":\"https:\/\/vosgesinfo.fr\/saintdieinfo\/2022\/05\/bouchons-damour-collectes-a-cite-scolaire-jules-ferry\/#breadcrumb\"},\"inLanguage\":\"fr-FR\",\"potentialAction\":[{\"@type\":\"ReadAction\",\"target\":[\"https:\/\/vosgesinfo.fr\/saintdieinfo\/2022\/05\/bouchons-damour-collectes-a-cite-scolaire-jules-ferry\/\"]}]},{\"@type\":\"ImageObject\",\"inLanguage\":\"fr-FR\",\"@id\":\"https:\/\/vosgesinfo.fr\/saintdieinfo\/2022\/05\/bouchons-damour-collectes-a-cite-scolaire-jules-ferry\/#primaryimage\",\"url\":\"https:\/\/vosgesinfo.fr\/app\/uploads\/sites\/4\/2024\/08\/202205bouchons-damour-lycee-jules-ferry-1.jpg\",\"contentUrl\":\"https:\/\/vosgesinfo.fr\/app\/uploads\/sites\/4\/2024\/08\/202205bouchons-damour-lycee-jules-ferry-1.jpg\",\"width\":1600,\"height\":1205},{\"@type\":\"BreadcrumbList\",\"@id\":\"https:\/\/vosgesinfo.fr\/saintdieinfo\/2022\/05\/bouchons-damour-collectes-a-cite-scolaire-jules-ferry\/#breadcrumb\",\"itemListElement\":[{\"@type\":\"ListItem\",\"position\":1,\"name\":\"Home\",\"item\":\"https:\/\/vosgesinfo.fr\/saintdieinfo\/\"},{\"@type\":\"ListItem\",\"position\":2,\"name\":\"Des \u00ab\u00a0bouchons d&rsquo;amour\u00a0\u00bb collect\u00e9s \u00e0 la Cit\u00e9 Scolaire Jules-Ferry\"}]},{\"@type\":\"WebSite\",\"@id\":\"https:\/\/vosgesinfo.fr\/saintdieinfo\/#website\",\"url\":\"https:\/\/vosgesinfo.fr\/saintdieinfo\/\",\"name\":\"Saint Die Info\",\"description\":\"Toute l&#039;actualit\u00e9 de Saint-Di\u00e9-Des-Vosges\",\"publisher\":{\"@id\":\"https:\/\/vosgesinfo.fr\/saintdieinfo\/#organization\"},\"alternateName\":\"Toute l'actualit\u00e9 de Saint-Di\u00e9-Des-Vosges\",\"potentialAction\":[{\"@type\":\"SearchAction\",\"target\":{\"@type\":\"EntryPoint\",\"urlTemplate\":\"https:\/\/vosgesinfo.fr\/saintdieinfo\/?s={search_term_string}\"},\"query-input\":\"required name=search_term_string\"}],\"inLanguage\":\"fr-FR\"},{\"@type\":\"Organization\",\"@id\":\"https:\/\/vosgesinfo.fr\/saintdieinfo\/#organization\",\"name\":\"Saint Die Info\",\"url\":\"https:\/\/vosgesinfo.fr\/saintdieinfo\/\",\"logo\":{\"@type\":\"ImageObject\",\"inLanguage\":\"fr-FR\",\"@id\":\"https:\/\/vosgesinfo.fr\/saintdieinfo\/#\/schema\/logo\/image\/\",\"url\":\"https:\/\/vosgesinfo.fr\/app\/uploads\/sites\/4\/2024\/02\/logo-sdi.jpg\",\"contentUrl\":\"https:\/\/vosgesinfo.fr\/app\/uploads\/sites\/4\/2024\/02\/logo-sdi.jpg\",\"width\":600,\"height\":600,\"caption\":\"Saint Die Info\"},\"image\":{\"@id\":\"https:\/\/vosgesinfo.fr\/saintdieinfo\/#\/schema\/logo\/image\/\"},\"sameAs\":[\"https:\/\/www.facebook.com\/Saintdieinfofr\",\"https:\/\/x.com\/VosgesInfo88\",\"https:\/\/www.youtube.com\/@vosgesinfo\"]},{\"@type\":\"Person\",\"@id\":\"https:\/\/vosgesinfo.fr\/saintdieinfo\/#\/schema\/person\/faee6704a21f3977511db84bd1cd450f\",\"name\":\"la r\u00e9daction\",\"image\":{\"@type\":\"ImageObject\",\"inLanguage\":\"fr-FR\",\"@id\":\"https:\/\/vosgesinfo.fr\/saintdieinfo\/#\/schema\/person\/image\/\",\"url\":\"https:\/\/secure.gravatar.com\/avatar\/6673d8bc6a9c17fa9a453eaa3448de834fa308c2ec9635b7aa99441a7c8d2cf6?s=96&d=mm&r=g\",\"contentUrl\":\"https:\/\/secure.gravatar.com\/avatar\/6673d8bc6a9c17fa9a453eaa3448de834fa308c2ec9635b7aa99441a7c8d2cf6?s=96&d=mm&r=g\",\"caption\":\"la r\u00e9daction\"},\"url\":\"https:\/\/vosgesinfo.fr\/saintdieinfo\/author\/redac\/\"}]}<\/script>\n<!-- \/ Yoast SEO plugin. -->","yoast_head_json":{"title":"Des \u00ab\u00a0bouchons d'amour\u00a0\u00bb collect\u00e9s \u00e0 la Cit\u00e9 Scolaire Jules-Ferry - Saint Die Info","robots":{"index":"index","follow":"follow","max-snippet":"max-snippet:-1","max-image-preview":"max-image-preview:large","max-video-preview":"max-video-preview:-1"},"canonical":"https:\/\/vosgesinfo.fr\/saintdieinfo\/2022\/05\/bouchons-damour-collectes-a-cite-scolaire-jules-ferry\/","twitter_card":"summary_large_image","twitter_title":"Des \u00ab\u00a0bouchons d'amour\u00a0\u00bb collect\u00e9s \u00e0 la Cit\u00e9 Scolaire Jules-Ferry - Saint Die Info","twitter_description":"Une collecte de bouchons en plastique au profit d&rsquo;une association avait \u00e9t\u00e9 lanc\u00e9e en 2019 \u00e0 la Cit\u00e9 Scolaire Jules-Ferry&#8230; [&hellip;]","twitter_image":"https:\/\/vosgesinfo.fr\/app\/uploads\/sites\/4\/2024\/08\/202205bouchons-damour-lycee-jules-ferry-1.jpg","twitter_creator":"@VosgesInfo88","twitter_site":"@VosgesInfo88","twitter_misc":{"\u00c9crit par":"la r\u00e9daction","Dur\u00e9e de lecture estim\u00e9e":"2 minutes"},"schema":{"@context":"https:\/\/schema.org","@graph":[{"@type":"Article","@id":"https:\/\/vosgesinfo.fr\/saintdieinfo\/2022\/05\/bouchons-damour-collectes-a-cite-scolaire-jules-ferry\/#article","isPartOf":{"@id":"https:\/\/vosgesinfo.fr\/saintdieinfo\/2022\/05\/bouchons-damour-collectes-a-cite-scolaire-jules-ferry\/"},"author":{"name":"la r\u00e9daction","@id":"https:\/\/vosgesinfo.fr\/saintdieinfo\/#\/schema\/person\/faee6704a21f3977511db84bd1cd450f"},"headline":"Des \u00ab\u00a0bouchons d&rsquo;amour\u00a0\u00bb collect\u00e9s \u00e0 la Cit\u00e9 Scolaire Jules-Ferry","datePublished":"2022-05-23T12:19:28+00:00","dateModified":"2022-05-23T12:19:28+00:00","mainEntityOfPage":{"@id":"https:\/\/vosgesinfo.fr\/saintdieinfo\/2022\/05\/bouchons-damour-collectes-a-cite-scolaire-jules-ferry\/"},"wordCount":342,"commentCount":0,"publisher":{"@id":"https:\/\/vosgesinfo.fr\/saintdieinfo\/#organization"},"image":{"@id":"https:\/\/vosgesinfo.fr\/saintdieinfo\/2022\/05\/bouchons-damour-collectes-a-cite-scolaire-jules-ferry\/#primaryimage"},"thumbnailUrl":"https:\/\/vosgesinfo.fr\/app\/uploads\/sites\/4\/2024\/08\/202205bouchons-damour-lycee-jules-ferry-1.jpg","keywords":["Bouchons d'Amour","Cit\u00e9 scolaire Jules-Ferry","Conseil de la Vie Coll\u00e9gienne"],"articleSection":["A la Une","\u00c9ducation","Saint-Di\u00e9-des-Vosges et son Agglom\u00e9ration","Solidarit\u00e9"],"inLanguage":"fr-FR","potentialAction":[{"@type":"CommentAction","name":"Comment","target":["https:\/\/vosgesinfo.fr\/saintdieinfo\/2022\/05\/bouchons-damour-collectes-a-cite-scolaire-jules-ferry\/#respond"]}]},{"@type":"WebPage","@id":"https:\/\/vosgesinfo.fr\/saintdieinfo\/2022\/05\/bouchons-damour-collectes-a-cite-scolaire-jules-ferry\/","url":"https:\/\/vosgesinfo.fr\/saintdieinfo\/2022\/05\/bouchons-damour-collectes-a-cite-scolaire-jules-ferry\/","name":"Des \u00ab\u00a0bouchons d'amour\u00a0\u00bb collect\u00e9s \u00e0 la Cit\u00e9 Scolaire Jules-Ferry - Saint Die Info","isPartOf":{"@id":"https:\/\/vosgesinfo.fr\/saintdieinfo\/#website"},"primaryImageOfPage":{"@id":"https:\/\/vosgesinfo.fr\/saintdieinfo\/2022\/05\/bouchons-damour-collectes-a-cite-scolaire-jules-ferry\/#primaryimage"},"image":{"@id":"https:\/\/vosgesinfo.fr\/saintdieinfo\/2022\/05\/bouchons-damour-collectes-a-cite-scolaire-jules-ferry\/#primaryimage"},"thumbnailUrl":"https:\/\/vosgesinfo.fr\/app\/uploads\/sites\/4\/2024\/08\/202205bouchons-damour-lycee-jules-ferry-1.jpg","datePublished":"2022-05-23T12:19:28+00:00","dateModified":"2022-05-23T12:19:28+00:00","breadcrumb":{"@id":"https:\/\/vosgesinfo.fr\/saintdieinfo\/2022\/05\/bouchons-damour-collectes-a-cite-scolaire-jules-ferry\/#breadcrumb"},"inLanguage":"fr-FR","potentialAction":[{"@type":"ReadAction","target":["https:\/\/vosgesinfo.fr\/saintdieinfo\/2022\/05\/bouchons-damour-collectes-a-cite-scolaire-jules-ferry\/"]}]},{"@type":"ImageObject","inLanguage":"fr-FR","@id":"https:\/\/vosgesinfo.fr\/saintdieinfo\/2022\/05\/bouchons-damour-collectes-a-cite-scolaire-jules-ferry\/#primaryimage","url":"https:\/\/vosgesinfo.fr\/app\/uploads\/sites\/4\/2024\/08\/202205bouchons-damour-lycee-jules-ferry-1.jpg","contentUrl":"https:\/\/vosgesinfo.fr\/app\/uploads\/sites\/4\/2024\/08\/202205bouchons-damour-lycee-jules-ferry-1.jpg","width":1600,"height":1205},{"@type":"BreadcrumbList","@id":"https:\/\/vosgesinfo.fr\/saintdieinfo\/2022\/05\/bouchons-damour-collectes-a-cite-scolaire-jules-ferry\/#breadcrumb","itemListElement":[{"@type":"ListItem","position":1,"name":"Home","item":"https:\/\/vosgesinfo.fr\/saintdieinfo\/"},{"@type":"ListItem","position":2,"name":"Des \u00ab\u00a0bouchons d&rsquo;amour\u00a0\u00bb collect\u00e9s \u00e0 la Cit\u00e9 Scolaire Jules-Ferry"}]},{"@type":"WebSite","@id":"https:\/\/vosgesinfo.fr\/saintdieinfo\/#website","url":"https:\/\/vosgesinfo.fr\/saintdieinfo\/","name":"Saint Die Info","description":"Toute l&#039;actualit\u00e9 de Saint-Di\u00e9-Des-Vosges","publisher":{"@id":"https:\/\/vosgesinfo.fr\/saintdieinfo\/#organization"},"alternateName":"Toute l'actualit\u00e9 de Saint-Di\u00e9-Des-Vosges","potentialAction":[{"@type":"SearchAction","target":{"@type":"EntryPoint","urlTemplate":"https:\/\/vosgesinfo.fr\/saintdieinfo\/?s={search_term_string}"},"query-input":"required name=search_term_string"}],"inLanguage":"fr-FR"},{"@type":"Organization","@id":"https:\/\/vosgesinfo.fr\/saintdieinfo\/#organization","name":"Saint Die Info","url":"https:\/\/vosgesinfo.fr\/saintdieinfo\/","logo":{"@type":"ImageObject","inLanguage":"fr-FR","@id":"https:\/\/vosgesinfo.fr\/saintdieinfo\/#\/schema\/logo\/image\/","url":"https:\/\/vosgesinfo.fr\/app\/uploads\/sites\/4\/2024\/02\/logo-sdi.jpg","contentUrl":"https:\/\/vosgesinfo.fr\/app\/uploads\/sites\/4\/2024\/02\/logo-sdi.jpg","width":600,"height":600,"caption":"Saint Die Info"},"image":{"@id":"https:\/\/vosgesinfo.fr\/saintdieinfo\/#\/schema\/logo\/image\/"},"sameAs":["https:\/\/www.facebook.com\/Saintdieinfofr","https:\/\/x.com\/VosgesInfo88","https:\/\/www.youtube.com\/@vosgesinfo"]},{"@type":"Person","@id":"https:\/\/vosgesinfo.fr\/saintdieinfo\/#\/schema\/person\/faee6704a21f3977511db84bd1cd450f","name":"la r\u00e9daction","image":{"@type":"ImageObject","inLanguage":"fr-FR","@id":"https:\/\/vosgesinfo.fr\/saintdieinfo\/#\/schema\/person\/image\/","url":"https:\/\/secure.gravatar.com\/avatar\/6673d8bc6a9c17fa9a453eaa3448de834fa308c2ec9635b7aa99441a7c8d2cf6?s=96&d=mm&r=g","contentUrl":"https:\/\/secure.gravatar.com\/avatar\/6673d8bc6a9c17fa9a453eaa3448de834fa308c2ec9635b7aa99441a7c8d2cf6?s=96&d=mm&r=g","caption":"la r\u00e9daction"},"url":"https:\/\/vosgesinfo.fr\/saintdieinfo\/author\/redac\/"}]}},"_links":{"self":[{"href":"https:\/\/vosgesinfo.fr\/saintdieinfo\/wp-json\/wp\/v2\/posts\/53518","targetHints":{"allow":["GET"]}}],"collection":[{"href":"https:\/\/vosgesinfo.fr\/saintdieinfo\/wp-json\/wp\/v2\/posts"}],"about":[{"href":"https:\/\/vosgesinfo.fr\/saintdieinfo\/wp-json\/wp\/v2\/types\/post"}],"author":[{"embeddable":true,"href":"https:\/\/vosgesinfo.fr\/saintdieinfo\/wp-json\/wp\/v2\/users\/44"}],"replies":[{"embeddable":true,"href":"https:\/\/vosgesinfo.fr\/saintdieinfo\/wp-json\/wp\/v2\/comments?post=53518"}],"version-history":[{"count":0,"href":"https:\/\/vosgesinfo.fr\/saintdieinfo\/wp-json\/wp\/v2\/posts\/53518\/revisions"}],"wp:featuredmedia":[{"embeddable":true,"href":"https:\/\/vosgesinfo.fr\/saintdieinfo\/wp-json\/wp\/v2\/media\/53519"}],"wp:attachment":[{"href":"https:\/\/vosgesinfo.fr\/saintdieinfo\/wp-json\/wp\/v2\/media?parent=53518"}],"wp:term":[{"taxonomy":"category","embeddable":true,"href":"https:\/\/vosgesinfo.fr\/saintdieinfo\/wp-json\/wp\/v2\/categories?post=53518"},{"taxonomy":"post_tag","embeddable":true,"href":"https:\/\/vosgesinfo.fr\/saintdieinfo\/wp-json\/wp\/v2\/tags?post=53518"}],"curies":[{"name":"wp","href":"https:\/\/api.w.org\/{rel}","templated":true}]}}