{"id":53523,"date":"2022-05-23T14:51:48","date_gmt":"2022-05-23T12:51:48","guid":{"rendered":"https:\/\/vosgesinfo.fr\/saintdieinfo\/2022\/05\/conseil-departemental-48-rapports-adoptes-commission-permanente\/"},"modified":"2022-05-23T14:51:48","modified_gmt":"2022-05-23T12:51:48","slug":"conseil-departemental-48-rapports-adoptes-commission-permanente","status":"publish","type":"post","link":"https:\/\/vosgesinfo.fr\/saintdieinfo\/2022\/05\/conseil-departemental-48-rapports-adoptes-commission-permanente\/","title":{"rendered":"Conseil D\u00e9partemental \u2013 48 rapports adopt\u00e9s en commission permanente"},"content":{"rendered":"<div id=\"attachment_182035\" style=\"width: 970px\" class=\"wp-caption aligncenter\"><a href=\"\/2022\/04\/CD88.jpg\" target=\"_blank\" rel=\"noopener\"><img decoding=\"async\" aria-describedby=\"caption-attachment-182035\" class=\"wp-image-182035 size-large\" src=\"\/2022\/04\/CD88-1024x576.jpg\" alt=\"CD88\" width=\"960\" height=\"540\" \/><\/a><p id=\"caption-attachment-182035\" class=\"wp-caption-text\">(Archive)<\/p><\/div>\n<h2 style=\"text-align: left;\" align=\"JUSTIFY\"><strong><span style=\"font-size: 14pt;\"><span style=\"font-family: Tahoma, sans-serif;\">Au cours de cette cinqui\u00e8me Commission permanente de l\u2019ann\u00e9e 2022, les \u00e9lus d\u00e9partementaux, r\u00e9unis sous la pr\u00e9sidence Fran\u00e7ois Vannson, <\/span><span style=\"font-family: Tahoma, sans-serif;\">ont examin\u00e9 et vot\u00e9 48 rapports concernant l\u2019insertion, la s\u00e9curit\u00e9 routi\u00e8re, le tourisme ou encore le sport.<\/span><\/span><\/strong><\/h2>\n<p style=\"text-align: left;\" align=\"JUSTIFY\"><!--more--><\/p>\n<h3 style=\"text-align: left;\" align=\"JUSTIFY\"><strong><span style=\"font-family: Tahoma, sans-serif; font-size: 12pt;\">INSERTION<\/span><\/strong><\/h3>\n<p style=\"text-align: left;\" align=\"JUSTIFY\"><span style=\"font-family: Tahoma, sans-serif;\">L\u2019assembl\u00e9e d\u00e9partementale s\u2019est prononc\u00e9e favorablement pour renforcer ses actions et exp\u00e9rimenter un nouveau partenariat au travers du dispositif \u00ab\u00a0entreprise d\u2019insertion, association interm\u00e9diaire et fili\u00e8res en tension\u00a0\u00bb<\/span><\/p>\n<p style=\"text-align: left;\" align=\"JUSTIFY\"><span style=\"font-family: Tahoma, sans-serif;\">L\u2019accompagnement de l\u2019Insertion par l\u2019Activit\u00e9 Economique (IAE) est pour le D\u00e9partement un enjeu majeur social, \u00e9conomique et territorial. En effet, l\u2019IAE contribue au d\u00e9veloppement des territoires et dans ce cadre, la collectivit\u00e9 territoriale a mis en place depuis 2017 une cellule d\u00e9di\u00e9e \u00e0 ce dispositif. Dans les Vosges, les structures de l\u2019IAE sont repr\u00e9sent\u00e9es par les ateliers chantiers d\u2019insertion (ACI), les entreprises d\u2019insertion (EI), les associations interm\u00e9diriares (AI) et les entreprises de travail temporaires d\u2019insertion. <\/span><\/p>\n<h3 style=\"text-align: left;\" align=\"JUSTIFY\"><span style=\"font-family: Tahoma, sans-serif; font-size: 12pt;\"><strong>En 2022, le dispositif \u00e9volue de mani\u00e8re \u00e0\u00a0:<\/strong> <\/span><\/h3>\n<ul style=\"text-align: left;\">\n<li>\n<p align=\"JUSTIFY\"><span style=\"font-family: Calibri, sans-serif;\"><span style=\"font-family: Tahoma, sans-serif;\">Contribuer \u00e0 l\u2019insertion professionnelle des salari\u00e9s en transition professionnelle, notamment et prioritairement les b\u00e9n\u00e9ficiares du RSA<\/span><\/span><\/p>\n<\/li>\n<li>\n<p align=\"JUSTIFY\"><span style=\"font-family: Calibri, sans-serif;\"><span style=\"font-family: Tahoma, sans-serif;\">R\u00e9pondre au besoins de recrutement des entreprises des fili\u00e8res en tension du d\u00e9partement<\/span><\/span><\/p>\n<\/li>\n<li>\n<p align=\"JUSTIFY\"><span style=\"font-family: Calibri, sans-serif;\"><span style=\"font-family: Tahoma, sans-serif;\">Encourager le d\u00e9veloppement d\u2019activit\u00e9s support port\u00e9es par les EI et AI en lien avec les m\u00e9tiers en tension<\/span><\/span><\/p>\n<\/li>\n<li>\n<p align=\"JUSTIFY\"><span style=\"font-family: Calibri, sans-serif;\"><span style=\"font-family: Tahoma, sans-serif;\">Favoriser la mont\u00e9e en comp\u00e9tences des salari\u00e9s sur ces m\u00e9tiers.<\/span><\/span><\/p>\n<\/li>\n<\/ul>\n<h3 style=\"text-align: left;\" align=\"JUSTIFY\"><strong><span style=\"font-family: Tahoma, sans-serif; font-size: 12pt;\">TOURISME<\/span><\/strong><\/h3>\n<p style=\"text-align: left;\" align=\"JUSTIFY\"><span style=\"font-family: Tahoma, sans-serif;\">Les \u00e9lus d\u00e9partementaux ont vot\u00e9 une aide globale de <\/span><strong><span style=\"font-family: Tahoma, sans-serif;\">77\u00a0000 \u20ac pour soutenir 3 projets <\/span><\/strong><span style=\"font-family: Tahoma, sans-serif;\">sur les cantons de G\u00e9rardmer, Le Thillot et Vittel relevant du dispositif d\u2019aide \u00e0 l\u2019investissement immobilier touristique. <\/span><\/p>\n<p style=\"text-align: left;\" align=\"JUSTIFY\"><a name=\"Bookmark\"><\/a><span style=\"font-family: Tahoma, sans-serif;\">Ainsi \u00e0 Ban-sur-Meurthe-Clefcy, le D\u00e9partement soutiendra un projet de cr\u00e9ation de deux meubl\u00e9s de tourismes dans une ancienne ferme pour un montant de 20.000 euros. <\/span><\/p>\n<h3 style=\"text-align: left;\" align=\"JUSTIFY\"><strong><span style=\"font-family: Tahoma, sans-serif; font-size: 12pt;\">SECURITE ROUTIERE<\/span><\/strong><\/h3>\n<p style=\"text-align: left;\" align=\"JUSTIFY\"><span style=\"font-family: Tahoma, sans-serif;\">Dans le cadre de sa comp\u00e9tence route, le Conseil d\u00e9partemental assure une mission de s\u00e9curit\u00e9 routi\u00e8re. Dans cette optique, la collectivit\u00e9 a lanc\u00e9 pour 2022 un nouvel appel \u00e0 projets en s\u00e9curit\u00e9 routi\u00e8re qui a vocation \u00e0 sensibiliser les usagers aux risques routiers tout en offrant un terrain propice \u00e0 l\u2019innovation et \u00e0 la cr\u00e9ativit\u00e9. Collectivit\u00e9s, \u00e9tablissements scolaires ou associations ont \u00e9t\u00e9 ont invit\u00e9es \u00e0 se mobiliser pour imaginer des projets int\u00e9grant des objectifs de s\u00e9curit\u00e9 routi\u00e8re. Les conseillers ont valid\u00e9 la liste des <\/span><strong><span style=\"font-family: Tahoma, sans-serif;\">14 structures et projets<\/span><\/strong><span style=\"font-family: Tahoma, sans-serif;\"> retenus par le jury. Ils ont \u00e9galement octroy\u00e9 une subvention globale de <\/span><strong><span style=\"font-family: Tahoma, sans-serif;\">19\u00a0986 \u20ac<\/span><\/strong><span style=\"font-family: Tahoma, sans-serif;\"> pour soutenir ces projets. <\/span><\/p>\n<h3 style=\"text-align: left;\" align=\"JUSTIFY\"><strong><span style=\"font-family: Tahoma, sans-serif; font-size: 12pt;\">SPORT<\/span><\/strong><\/h3>\n<p style=\"text-align: left;\" align=\"JUSTIFY\"><span style=\"font-family: Tahoma, sans-serif;\">Le sch\u00e9ma d\u00e9partemental du sport a d\u00e9fini le soutien aux clubs et athl\u00e8tes vosgiens de haut niveau comme un des axes prioritaires. A ce titre, les conseillers d\u00e9partementaux se sont prononc\u00e9s favorablement sur les demandes de subvention de <\/span><strong><span style=\"font-family: Tahoma, sans-serif;\">44 \u00e9quipes sportives <\/span><\/strong><span style=\"font-family: Tahoma, sans-serif;\">\u00e9voluant au meilleur niveau de leur discipline et pour lesquelles une aide globale de <\/span><strong><span style=\"font-family: Tahoma, sans-serif;\">348 000 \u20ac<\/span><\/strong><span style=\"font-family: Tahoma, sans-serif;\"> sera allou\u00e9e.<\/span><\/p>\n<p style=\"text-align: left;\" align=\"JUSTIFY\"><span style=\"font-family: Tahoma, sans-serif;\">L\u2019acc\u00e8s au sport du plus grand nombre est \u00e9galement un des objectifs poursuivis par le D\u00e9partement. Dans ce cadre, une enveloppe de <\/span><span style=\"font-family: Tahoma, sans-serif;\"><b>308\u00a0994 \u20ac <\/b><\/span><span style=\"font-family: Tahoma, sans-serif;\">vient d\u2019\u00eatre vot\u00e9e par l\u2019assembl\u00e9e d\u00e9partementale pour permettre \u00e0 <\/span><strong><span style=\"font-family: Tahoma, sans-serif;\">289 clubs sportifs<\/span><\/strong><span style=\"font-family: Tahoma, sans-serif;\"> de s\u2019\u00e9quiper en petit mat\u00e9riel<\/span><span style=\"font-family: Tahoma, sans-serif;\"><b>.<\/b><\/span><\/p>\n","protected":false},"excerpt":{"rendered":"<p>Au cours de cette cinqui\u00e8me Commission permanente de l\u2019ann\u00e9e 2022, les \u00e9lus d\u00e9partementaux, r\u00e9unis sous la pr\u00e9sidence Fran\u00e7ois Vannson, ont [&hellip;]<\/p>\n","protected":false},"author":44,"featured_media":25958,"comment_status":"open","ping_status":"open","sticky":false,"template":"","format":"standard","meta":{"footnotes":""},"categories":[460,10,18],"tags":[11425,3953,529],"class_list":["post-53523","post","type-post","status-publish","format-standard","has-post-thumbnail","hentry","category-a-la-une","category-politique","category-vosges","tag-commission-permanente","tag-commission-permanente-du-conseil-departemental-des-vosges","tag-conseil-departemental-des-vosges"],"acf":[],"yoast_head":"<!-- This site is optimized with the Yoast SEO plugin v22.5 - https:\/\/yoast.com\/wordpress\/plugins\/seo\/ -->\n<title>Conseil D\u00e9partemental \u2013 48 rapports adopt\u00e9s en commission permanente - Saint Die Info<\/title>\n<meta name=\"robots\" content=\"index, follow, max-snippet:-1, max-image-preview:large, max-video-preview:-1\" \/>\n<link rel=\"canonical\" href=\"https:\/\/vosgesinfo.fr\/saintdieinfo\/2022\/05\/conseil-departemental-48-rapports-adoptes-commission-permanente\/\" \/>\n<meta name=\"twitter:card\" content=\"summary_large_image\" \/>\n<meta name=\"twitter:title\" content=\"Conseil D\u00e9partemental \u2013 48 rapports adopt\u00e9s en commission permanente - Saint Die Info\" \/>\n<meta name=\"twitter:description\" content=\"Au cours de cette cinqui\u00e8me Commission permanente de l\u2019ann\u00e9e 2022, les \u00e9lus d\u00e9partementaux, r\u00e9unis sous la pr\u00e9sidence Fran\u00e7ois Vannson, ont [&hellip;]\" \/>\n<meta name=\"twitter:image\" content=\"https:\/\/vosgesinfo.fr\/app\/uploads\/sites\/4\/2022\/09\/cd88.jpg\" \/>\n<meta name=\"twitter:creator\" content=\"@VosgesInfo88\" \/>\n<meta name=\"twitter:site\" content=\"@VosgesInfo88\" \/>\n<meta name=\"twitter:label1\" content=\"\u00c9crit par\" \/>\n\t<meta name=\"twitter:data1\" content=\"la r\u00e9daction\" \/>\n\t<meta name=\"twitter:label2\" content=\"Dur\u00e9e de lecture estim\u00e9e\" \/>\n\t<meta name=\"twitter:data2\" content=\"3 minutes\" \/>\n<script type=\"application\/ld+json\" class=\"yoast-schema-graph\">{\"@context\":\"https:\/\/schema.org\",\"@graph\":[{\"@type\":\"Article\",\"@id\":\"https:\/\/vosgesinfo.fr\/saintdieinfo\/2022\/05\/conseil-departemental-48-rapports-adoptes-commission-permanente\/#article\",\"isPartOf\":{\"@id\":\"https:\/\/vosgesinfo.fr\/saintdieinfo\/2022\/05\/conseil-departemental-48-rapports-adoptes-commission-permanente\/\"},\"author\":{\"name\":\"la r\u00e9daction\",\"@id\":\"https:\/\/vosgesinfo.fr\/saintdieinfo\/#\/schema\/person\/faee6704a21f3977511db84bd1cd450f\"},\"headline\":\"Conseil D\u00e9partemental \u2013 48 rapports adopt\u00e9s en commission permanente\",\"datePublished\":\"2022-05-23T12:51:48+00:00\",\"dateModified\":\"2022-05-23T12:51:48+00:00\",\"mainEntityOfPage\":{\"@id\":\"https:\/\/vosgesinfo.fr\/saintdieinfo\/2022\/05\/conseil-departemental-48-rapports-adoptes-commission-permanente\/\"},\"wordCount\":546,\"commentCount\":0,\"publisher\":{\"@id\":\"https:\/\/vosgesinfo.fr\/saintdieinfo\/#organization\"},\"image\":{\"@id\":\"https:\/\/vosgesinfo.fr\/saintdieinfo\/2022\/05\/conseil-departemental-48-rapports-adoptes-commission-permanente\/#primaryimage\"},\"thumbnailUrl\":\"https:\/\/vosgesinfo.fr\/app\/uploads\/sites\/4\/2022\/09\/cd88.jpg\",\"keywords\":[\"Commission permanente\",\"Commission permanente du Conseil D\u00e9partemental des Vosges\",\"Conseil d\u00e9partemental des Vosges\"],\"articleSection\":[\"A la Une\",\"Politique\",\"Vosges\"],\"inLanguage\":\"fr-FR\",\"potentialAction\":[{\"@type\":\"CommentAction\",\"name\":\"Comment\",\"target\":[\"https:\/\/vosgesinfo.fr\/saintdieinfo\/2022\/05\/conseil-departemental-48-rapports-adoptes-commission-permanente\/#respond\"]}]},{\"@type\":\"WebPage\",\"@id\":\"https:\/\/vosgesinfo.fr\/saintdieinfo\/2022\/05\/conseil-departemental-48-rapports-adoptes-commission-permanente\/\",\"url\":\"https:\/\/vosgesinfo.fr\/saintdieinfo\/2022\/05\/conseil-departemental-48-rapports-adoptes-commission-permanente\/\",\"name\":\"Conseil D\u00e9partemental \u2013 48 rapports adopt\u00e9s en commission permanente - Saint Die Info\",\"isPartOf\":{\"@id\":\"https:\/\/vosgesinfo.fr\/saintdieinfo\/#website\"},\"primaryImageOfPage\":{\"@id\":\"https:\/\/vosgesinfo.fr\/saintdieinfo\/2022\/05\/conseil-departemental-48-rapports-adoptes-commission-permanente\/#primaryimage\"},\"image\":{\"@id\":\"https:\/\/vosgesinfo.fr\/saintdieinfo\/2022\/05\/conseil-departemental-48-rapports-adoptes-commission-permanente\/#primaryimage\"},\"thumbnailUrl\":\"https:\/\/vosgesinfo.fr\/app\/uploads\/sites\/4\/2022\/09\/cd88.jpg\",\"datePublished\":\"2022-05-23T12:51:48+00:00\",\"dateModified\":\"2022-05-23T12:51:48+00:00\",\"breadcrumb\":{\"@id\":\"https:\/\/vosgesinfo.fr\/saintdieinfo\/2022\/05\/conseil-departemental-48-rapports-adoptes-commission-permanente\/#breadcrumb\"},\"inLanguage\":\"fr-FR\",\"potentialAction\":[{\"@type\":\"ReadAction\",\"target\":[\"https:\/\/vosgesinfo.fr\/saintdieinfo\/2022\/05\/conseil-departemental-48-rapports-adoptes-commission-permanente\/\"]}]},{\"@type\":\"ImageObject\",\"inLanguage\":\"fr-FR\",\"@id\":\"https:\/\/vosgesinfo.fr\/saintdieinfo\/2022\/05\/conseil-departemental-48-rapports-adoptes-commission-permanente\/#primaryimage\",\"url\":\"https:\/\/vosgesinfo.fr\/app\/uploads\/sites\/4\/2022\/09\/cd88.jpg\",\"contentUrl\":\"https:\/\/vosgesinfo.fr\/app\/uploads\/sites\/4\/2022\/09\/cd88.jpg\",\"width\":1600,\"height\":900},{\"@type\":\"BreadcrumbList\",\"@id\":\"https:\/\/vosgesinfo.fr\/saintdieinfo\/2022\/05\/conseil-departemental-48-rapports-adoptes-commission-permanente\/#breadcrumb\",\"itemListElement\":[{\"@type\":\"ListItem\",\"position\":1,\"name\":\"Home\",\"item\":\"https:\/\/vosgesinfo.fr\/saintdieinfo\/\"},{\"@type\":\"ListItem\",\"position\":2,\"name\":\"Conseil D\u00e9partemental \u2013 48 rapports adopt\u00e9s en commission permanente\"}]},{\"@type\":\"WebSite\",\"@id\":\"https:\/\/vosgesinfo.fr\/saintdieinfo\/#website\",\"url\":\"https:\/\/vosgesinfo.fr\/saintdieinfo\/\",\"name\":\"Saint Die Info\",\"description\":\"Toute l&#039;actualit\u00e9 de Saint-Di\u00e9-Des-Vosges\",\"publisher\":{\"@id\":\"https:\/\/vosgesinfo.fr\/saintdieinfo\/#organization\"},\"alternateName\":\"Toute l'actualit\u00e9 de Saint-Di\u00e9-Des-Vosges\",\"potentialAction\":[{\"@type\":\"SearchAction\",\"target\":{\"@type\":\"EntryPoint\",\"urlTemplate\":\"https:\/\/vosgesinfo.fr\/saintdieinfo\/?s={search_term_string}\"},\"query-input\":\"required name=search_term_string\"}],\"inLanguage\":\"fr-FR\"},{\"@type\":\"Organization\",\"@id\":\"https:\/\/vosgesinfo.fr\/saintdieinfo\/#organization\",\"name\":\"Saint Die Info\",\"url\":\"https:\/\/vosgesinfo.fr\/saintdieinfo\/\",\"logo\":{\"@type\":\"ImageObject\",\"inLanguage\":\"fr-FR\",\"@id\":\"https:\/\/vosgesinfo.fr\/saintdieinfo\/#\/schema\/logo\/image\/\",\"url\":\"https:\/\/vosgesinfo.fr\/app\/uploads\/sites\/4\/2024\/02\/logo-sdi.jpg\",\"contentUrl\":\"https:\/\/vosgesinfo.fr\/app\/uploads\/sites\/4\/2024\/02\/logo-sdi.jpg\",\"width\":600,\"height\":600,\"caption\":\"Saint Die Info\"},\"image\":{\"@id\":\"https:\/\/vosgesinfo.fr\/saintdieinfo\/#\/schema\/logo\/image\/\"},\"sameAs\":[\"https:\/\/www.facebook.com\/Saintdieinfofr\",\"https:\/\/x.com\/VosgesInfo88\",\"https:\/\/www.youtube.com\/@vosgesinfo\"]},{\"@type\":\"Person\",\"@id\":\"https:\/\/vosgesinfo.fr\/saintdieinfo\/#\/schema\/person\/faee6704a21f3977511db84bd1cd450f\",\"name\":\"la r\u00e9daction\",\"image\":{\"@type\":\"ImageObject\",\"inLanguage\":\"fr-FR\",\"@id\":\"https:\/\/vosgesinfo.fr\/saintdieinfo\/#\/schema\/person\/image\/\",\"url\":\"https:\/\/secure.gravatar.com\/avatar\/6673d8bc6a9c17fa9a453eaa3448de834fa308c2ec9635b7aa99441a7c8d2cf6?s=96&d=mm&r=g\",\"contentUrl\":\"https:\/\/secure.gravatar.com\/avatar\/6673d8bc6a9c17fa9a453eaa3448de834fa308c2ec9635b7aa99441a7c8d2cf6?s=96&d=mm&r=g\",\"caption\":\"la r\u00e9daction\"},\"url\":\"https:\/\/vosgesinfo.fr\/saintdieinfo\/author\/redac\/\"}]}<\/script>\n<!-- \/ Yoast SEO plugin. -->","yoast_head_json":{"title":"Conseil D\u00e9partemental \u2013 48 rapports adopt\u00e9s en commission permanente - Saint Die Info","robots":{"index":"index","follow":"follow","max-snippet":"max-snippet:-1","max-image-preview":"max-image-preview:large","max-video-preview":"max-video-preview:-1"},"canonical":"https:\/\/vosgesinfo.fr\/saintdieinfo\/2022\/05\/conseil-departemental-48-rapports-adoptes-commission-permanente\/","twitter_card":"summary_large_image","twitter_title":"Conseil D\u00e9partemental \u2013 48 rapports adopt\u00e9s en commission permanente - Saint Die Info","twitter_description":"Au cours de cette cinqui\u00e8me Commission permanente de l\u2019ann\u00e9e 2022, les \u00e9lus d\u00e9partementaux, r\u00e9unis sous la pr\u00e9sidence Fran\u00e7ois Vannson, ont [&hellip;]","twitter_image":"https:\/\/vosgesinfo.fr\/app\/uploads\/sites\/4\/2022\/09\/cd88.jpg","twitter_creator":"@VosgesInfo88","twitter_site":"@VosgesInfo88","twitter_misc":{"\u00c9crit par":"la r\u00e9daction","Dur\u00e9e de lecture estim\u00e9e":"3 minutes"},"schema":{"@context":"https:\/\/schema.org","@graph":[{"@type":"Article","@id":"https:\/\/vosgesinfo.fr\/saintdieinfo\/2022\/05\/conseil-departemental-48-rapports-adoptes-commission-permanente\/#article","isPartOf":{"@id":"https:\/\/vosgesinfo.fr\/saintdieinfo\/2022\/05\/conseil-departemental-48-rapports-adoptes-commission-permanente\/"},"author":{"name":"la r\u00e9daction","@id":"https:\/\/vosgesinfo.fr\/saintdieinfo\/#\/schema\/person\/faee6704a21f3977511db84bd1cd450f"},"headline":"Conseil D\u00e9partemental \u2013 48 rapports adopt\u00e9s en commission permanente","datePublished":"2022-05-23T12:51:48+00:00","dateModified":"2022-05-23T12:51:48+00:00","mainEntityOfPage":{"@id":"https:\/\/vosgesinfo.fr\/saintdieinfo\/2022\/05\/conseil-departemental-48-rapports-adoptes-commission-permanente\/"},"wordCount":546,"commentCount":0,"publisher":{"@id":"https:\/\/vosgesinfo.fr\/saintdieinfo\/#organization"},"image":{"@id":"https:\/\/vosgesinfo.fr\/saintdieinfo\/2022\/05\/conseil-departemental-48-rapports-adoptes-commission-permanente\/#primaryimage"},"thumbnailUrl":"https:\/\/vosgesinfo.fr\/app\/uploads\/sites\/4\/2022\/09\/cd88.jpg","keywords":["Commission permanente","Commission permanente du Conseil D\u00e9partemental des Vosges","Conseil d\u00e9partemental des Vosges"],"articleSection":["A la Une","Politique","Vosges"],"inLanguage":"fr-FR","potentialAction":[{"@type":"CommentAction","name":"Comment","target":["https:\/\/vosgesinfo.fr\/saintdieinfo\/2022\/05\/conseil-departemental-48-rapports-adoptes-commission-permanente\/#respond"]}]},{"@type":"WebPage","@id":"https:\/\/vosgesinfo.fr\/saintdieinfo\/2022\/05\/conseil-departemental-48-rapports-adoptes-commission-permanente\/","url":"https:\/\/vosgesinfo.fr\/saintdieinfo\/2022\/05\/conseil-departemental-48-rapports-adoptes-commission-permanente\/","name":"Conseil D\u00e9partemental \u2013 48 rapports adopt\u00e9s en commission permanente - Saint Die Info","isPartOf":{"@id":"https:\/\/vosgesinfo.fr\/saintdieinfo\/#website"},"primaryImageOfPage":{"@id":"https:\/\/vosgesinfo.fr\/saintdieinfo\/2022\/05\/conseil-departemental-48-rapports-adoptes-commission-permanente\/#primaryimage"},"image":{"@id":"https:\/\/vosgesinfo.fr\/saintdieinfo\/2022\/05\/conseil-departemental-48-rapports-adoptes-commission-permanente\/#primaryimage"},"thumbnailUrl":"https:\/\/vosgesinfo.fr\/app\/uploads\/sites\/4\/2022\/09\/cd88.jpg","datePublished":"2022-05-23T12:51:48+00:00","dateModified":"2022-05-23T12:51:48+00:00","breadcrumb":{"@id":"https:\/\/vosgesinfo.fr\/saintdieinfo\/2022\/05\/conseil-departemental-48-rapports-adoptes-commission-permanente\/#breadcrumb"},"inLanguage":"fr-FR","potentialAction":[{"@type":"ReadAction","target":["https:\/\/vosgesinfo.fr\/saintdieinfo\/2022\/05\/conseil-departemental-48-rapports-adoptes-commission-permanente\/"]}]},{"@type":"ImageObject","inLanguage":"fr-FR","@id":"https:\/\/vosgesinfo.fr\/saintdieinfo\/2022\/05\/conseil-departemental-48-rapports-adoptes-commission-permanente\/#primaryimage","url":"https:\/\/vosgesinfo.fr\/app\/uploads\/sites\/4\/2022\/09\/cd88.jpg","contentUrl":"https:\/\/vosgesinfo.fr\/app\/uploads\/sites\/4\/2022\/09\/cd88.jpg","width":1600,"height":900},{"@type":"BreadcrumbList","@id":"https:\/\/vosgesinfo.fr\/saintdieinfo\/2022\/05\/conseil-departemental-48-rapports-adoptes-commission-permanente\/#breadcrumb","itemListElement":[{"@type":"ListItem","position":1,"name":"Home","item":"https:\/\/vosgesinfo.fr\/saintdieinfo\/"},{"@type":"ListItem","position":2,"name":"Conseil D\u00e9partemental \u2013 48 rapports adopt\u00e9s en commission permanente"}]},{"@type":"WebSite","@id":"https:\/\/vosgesinfo.fr\/saintdieinfo\/#website","url":"https:\/\/vosgesinfo.fr\/saintdieinfo\/","name":"Saint Die Info","description":"Toute l&#039;actualit\u00e9 de Saint-Di\u00e9-Des-Vosges","publisher":{"@id":"https:\/\/vosgesinfo.fr\/saintdieinfo\/#organization"},"alternateName":"Toute l'actualit\u00e9 de Saint-Di\u00e9-Des-Vosges","potentialAction":[{"@type":"SearchAction","target":{"@type":"EntryPoint","urlTemplate":"https:\/\/vosgesinfo.fr\/saintdieinfo\/?s={search_term_string}"},"query-input":"required name=search_term_string"}],"inLanguage":"fr-FR"},{"@type":"Organization","@id":"https:\/\/vosgesinfo.fr\/saintdieinfo\/#organization","name":"Saint Die Info","url":"https:\/\/vosgesinfo.fr\/saintdieinfo\/","logo":{"@type":"ImageObject","inLanguage":"fr-FR","@id":"https:\/\/vosgesinfo.fr\/saintdieinfo\/#\/schema\/logo\/image\/","url":"https:\/\/vosgesinfo.fr\/app\/uploads\/sites\/4\/2024\/02\/logo-sdi.jpg","contentUrl":"https:\/\/vosgesinfo.fr\/app\/uploads\/sites\/4\/2024\/02\/logo-sdi.jpg","width":600,"height":600,"caption":"Saint Die Info"},"image":{"@id":"https:\/\/vosgesinfo.fr\/saintdieinfo\/#\/schema\/logo\/image\/"},"sameAs":["https:\/\/www.facebook.com\/Saintdieinfofr","https:\/\/x.com\/VosgesInfo88","https:\/\/www.youtube.com\/@vosgesinfo"]},{"@type":"Person","@id":"https:\/\/vosgesinfo.fr\/saintdieinfo\/#\/schema\/person\/faee6704a21f3977511db84bd1cd450f","name":"la r\u00e9daction","image":{"@type":"ImageObject","inLanguage":"fr-FR","@id":"https:\/\/vosgesinfo.fr\/saintdieinfo\/#\/schema\/person\/image\/","url":"https:\/\/secure.gravatar.com\/avatar\/6673d8bc6a9c17fa9a453eaa3448de834fa308c2ec9635b7aa99441a7c8d2cf6?s=96&d=mm&r=g","contentUrl":"https:\/\/secure.gravatar.com\/avatar\/6673d8bc6a9c17fa9a453eaa3448de834fa308c2ec9635b7aa99441a7c8d2cf6?s=96&d=mm&r=g","caption":"la r\u00e9daction"},"url":"https:\/\/vosgesinfo.fr\/saintdieinfo\/author\/redac\/"}]}},"_links":{"self":[{"href":"https:\/\/vosgesinfo.fr\/saintdieinfo\/wp-json\/wp\/v2\/posts\/53523","targetHints":{"allow":["GET"]}}],"collection":[{"href":"https:\/\/vosgesinfo.fr\/saintdieinfo\/wp-json\/wp\/v2\/posts"}],"about":[{"href":"https:\/\/vosgesinfo.fr\/saintdieinfo\/wp-json\/wp\/v2\/types\/post"}],"author":[{"embeddable":true,"href":"https:\/\/vosgesinfo.fr\/saintdieinfo\/wp-json\/wp\/v2\/users\/44"}],"replies":[{"embeddable":true,"href":"https:\/\/vosgesinfo.fr\/saintdieinfo\/wp-json\/wp\/v2\/comments?post=53523"}],"version-history":[{"count":0,"href":"https:\/\/vosgesinfo.fr\/saintdieinfo\/wp-json\/wp\/v2\/posts\/53523\/revisions"}],"wp:featuredmedia":[{"embeddable":true,"href":"https:\/\/vosgesinfo.fr\/saintdieinfo\/wp-json\/wp\/v2\/media\/25958"}],"wp:attachment":[{"href":"https:\/\/vosgesinfo.fr\/saintdieinfo\/wp-json\/wp\/v2\/media?parent=53523"}],"wp:term":[{"taxonomy":"category","embeddable":true,"href":"https:\/\/vosgesinfo.fr\/saintdieinfo\/wp-json\/wp\/v2\/categories?post=53523"},{"taxonomy":"post_tag","embeddable":true,"href":"https:\/\/vosgesinfo.fr\/saintdieinfo\/wp-json\/wp\/v2\/tags?post=53523"}],"curies":[{"name":"wp","href":"https:\/\/api.w.org\/{rel}","templated":true}]}}