{"id":53524,"date":"2022-05-23T15:03:25","date_gmt":"2022-05-23T13:03:25","guid":{"rendered":"https:\/\/vosgesinfo.fr\/saintdieinfo\/2022\/05\/plainfaing-compte-rendu-de-seance-conseil-municipal-19-mai\/"},"modified":"2022-05-23T15:03:25","modified_gmt":"2022-05-23T13:03:25","slug":"plainfaing-compte-rendu-de-seance-conseil-municipal-19-mai","status":"publish","type":"post","link":"https:\/\/vosgesinfo.fr\/saintdieinfo\/2022\/05\/plainfaing-compte-rendu-de-seance-conseil-municipal-19-mai\/","title":{"rendered":"Plainfaing \u2013 Compte-rendu de la s\u00e9ance du Conseil Municipal du 19 mai"},"content":{"rendered":"<h2><strong><span style=\"font-size: 14pt;\">Jeudi 19 mai \u00e0 19h30, les membres du Conseil Municipal de Plainfaing se sont r\u00e9unis \u00e0 la mairie de la commune, en s\u00e9ance ordinaire, sous la pr\u00e9sidence du maire Patrick LALEV\u00c9E. Les d\u00e9lib\u00e9rations suivantes ont \u00e9t\u00e9 adopt\u00e9es :<\/span><\/strong><\/h2>\n<p><!--more--><\/p>\n<h3><strong><span style=\"font-size: 12pt;\">R\u00e9alisation d\u2019un emprunt pour le financement des investissements 2022<\/span><\/strong><\/h3>\n<p>Le Conseil municipal d\u00e9cide de r\u00e9aliser un emprunt \u00e0 hauteur de 400\u00a0000 \u20ac afin de financer les investissements pr\u00e9vus en 2022. Vote \u00e0 l\u2019unanimit\u00e9<\/p>\n<h3><strong><span style=\"font-size: 12pt;\">Location-g\u00e9rance du fonds de commerce du Caf\u00e9 de la Place<\/span><\/strong><\/h3>\n<p>Le Conseil municipal autorise la mise en location-g\u00e9rance du fonds de commerce du Caf\u00e9 de la Place \u00e0 M Michel BENABID et Mme Fabienne MICLOT. Vote \u00e0 l\u2019unanimit\u00e9<\/p>\n<h3><strong><span style=\"font-size: 12pt;\">Modification du tableau des effectifs du personnel communal<\/span><\/strong><\/h3>\n<p>Approbation du tableau des effectifs du personnel communal int\u00e9grant deux postes d\u2019adjoints techniques principaux de 2\u00e8me classe \u00e0 temps complet et supprimant deux postes d\u2019adjoints techniques territoriaux. Vote \u00e0 l\u2019unanimit\u00e9<\/p>\n<h3><strong><span style=\"font-size: 12pt;\">Modification du r\u00e8glement int\u00e9rieur de location des salles communales<\/span><\/strong><\/h3>\n<p>Les r\u00e9glements int\u00e9rieurs de la salle de r\u00e9ception de l\u2019Espace Polyvalent Plainfinois, du Mille-Club et de l\u2019Espace culturel de Noirgoutte (cin\u00e9ma) ont \u00e9t\u00e9 modifi\u00e9s, notamment en reprenant les points suivants\u00a0: remise des cl\u00e9s \u00e0 r\u00e9ception du dossier complet, restitution du ch\u00e8que de caution dans les 7 jours suivant la manifestation, rappel des interdictions, le Mille-club qui ne sera plus lou\u00e9 en p\u00e9riode hivernale (du 01\/10 au 30\/04)\u2026 Vote \u00e0 l\u2019unanimit\u00e9<\/p>\n<h3><strong><span style=\"font-size: 12pt;\">Gratuit\u00e9 de la location de l\u2019espace culturel de Noirgoutte (cin\u00e9ma)<\/span><\/strong><\/h3>\n<p>Afin de redynamiser l\u2019activit\u00e9 artistique et culturelle sur la commune, le conseil municipal d\u00e9cide de mettre \u00e0 disposition, \u00e0 titre gratuit, l\u2019Espace culturel de Noirgoutte aux associations proposant des manifestations \u00e0 but non lucratif. Vote \u00e0 l\u2019unanimit\u00e9<\/p>\n<h3><strong><span style=\"font-size: 12pt;\">Transfert de la comp\u00e9tence \u00ab\u00a0Eclairage public\u00a0\u00bb au S.D.E.V.<\/span><\/strong><\/h3>\n<p>Le conseil municipal d\u00e9cide de conserver la ma\u00eetrise d\u2019ouvrage des investissements et la maintenance du r\u00e9seau d\u2019\u00e9clairage public, la comp\u00e9tence ne sera pas transf\u00e9r\u00e9e au Syndicat D\u00e9partemental d\u2019Electricit\u00e9 des Vosges. Vote \u00e0 l\u2019unanimit\u00e9<\/p>\n<h3><strong><span style=\"font-size: 12pt;\">Ma\u00eetrise d\u2019\u0153uvre pour le doublement du pont du Breck<\/span><\/strong><\/h3>\n<p><a name=\"Bookmark\"><\/a>Le conseil municipal d\u00e9cide de retenir la soci\u00e9t\u00e9 SIGMA pour la Ma\u00eetrise d\u2019\u0152uvre des travaux de doublement du pont du Breck, \u00e0 hauteur de 26\u00a0700 \u20ac HT. Vote \u00e0 l\u2019unanimit\u00e9<\/p>\n","protected":false},"excerpt":{"rendered":"<p>Jeudi 19 mai \u00e0 19h30, les membres du Conseil Municipal de Plainfaing se sont r\u00e9unis \u00e0 la mairie de la [&hellip;]<\/p>\n","protected":false},"author":44,"featured_media":53525,"comment_status":"open","ping_status":"open","sticky":false,"template":"","format":"standard","meta":{"footnotes":""},"categories":[10,2915],"tags":[7916,8753,2481],"class_list":["post-53524","post","type-post","status-publish","format-standard","has-post-thumbnail","hentry","category-politique","category-saint-die-son-canton","tag-conseil-municipal","tag-conseil-municipal-de-plainfaing","tag-plainfaing"],"acf":[],"yoast_head":"<!-- This site is optimized with the Yoast SEO plugin v22.5 - https:\/\/yoast.com\/wordpress\/plugins\/seo\/ -->\n<title>Plainfaing \u2013 Compte-rendu de la s\u00e9ance du Conseil Municipal du 19 mai - Saint Die Info<\/title>\n<meta name=\"robots\" content=\"index, follow, max-snippet:-1, max-image-preview:large, max-video-preview:-1\" \/>\n<link rel=\"canonical\" href=\"https:\/\/vosgesinfo.fr\/saintdieinfo\/2022\/05\/plainfaing-compte-rendu-de-seance-conseil-municipal-19-mai\/\" \/>\n<meta name=\"twitter:card\" content=\"summary_large_image\" \/>\n<meta name=\"twitter:title\" content=\"Plainfaing \u2013 Compte-rendu de la s\u00e9ance du Conseil Municipal du 19 mai - Saint Die Info\" \/>\n<meta name=\"twitter:description\" content=\"Jeudi 19 mai \u00e0 19h30, les membres du Conseil Municipal de Plainfaing se sont r\u00e9unis \u00e0 la mairie de la [&hellip;]\" \/>\n<meta name=\"twitter:image\" content=\"https:\/\/vosgesinfo.fr\/app\/uploads\/sites\/4\/2024\/08\/202005conseil-municipal-8.jpg\" \/>\n<meta name=\"twitter:creator\" content=\"@VosgesInfo88\" \/>\n<meta name=\"twitter:site\" content=\"@VosgesInfo88\" \/>\n<meta name=\"twitter:label1\" content=\"\u00c9crit par\" \/>\n\t<meta name=\"twitter:data1\" content=\"la r\u00e9daction\" \/>\n\t<meta name=\"twitter:label2\" content=\"Dur\u00e9e de lecture estim\u00e9e\" \/>\n\t<meta name=\"twitter:data2\" content=\"2 minutes\" \/>\n<script type=\"application\/ld+json\" class=\"yoast-schema-graph\">{\"@context\":\"https:\/\/schema.org\",\"@graph\":[{\"@type\":\"Article\",\"@id\":\"https:\/\/vosgesinfo.fr\/saintdieinfo\/2022\/05\/plainfaing-compte-rendu-de-seance-conseil-municipal-19-mai\/#article\",\"isPartOf\":{\"@id\":\"https:\/\/vosgesinfo.fr\/saintdieinfo\/2022\/05\/plainfaing-compte-rendu-de-seance-conseil-municipal-19-mai\/\"},\"author\":{\"name\":\"la r\u00e9daction\",\"@id\":\"https:\/\/vosgesinfo.fr\/saintdieinfo\/#\/schema\/person\/faee6704a21f3977511db84bd1cd450f\"},\"headline\":\"Plainfaing \u2013 Compte-rendu de la s\u00e9ance du Conseil Municipal du 19 mai\",\"datePublished\":\"2022-05-23T13:03:25+00:00\",\"dateModified\":\"2022-05-23T13:03:25+00:00\",\"mainEntityOfPage\":{\"@id\":\"https:\/\/vosgesinfo.fr\/saintdieinfo\/2022\/05\/plainfaing-compte-rendu-de-seance-conseil-municipal-19-mai\/\"},\"wordCount\":398,\"commentCount\":0,\"publisher\":{\"@id\":\"https:\/\/vosgesinfo.fr\/saintdieinfo\/#organization\"},\"image\":{\"@id\":\"https:\/\/vosgesinfo.fr\/saintdieinfo\/2022\/05\/plainfaing-compte-rendu-de-seance-conseil-municipal-19-mai\/#primaryimage\"},\"thumbnailUrl\":\"https:\/\/vosgesinfo.fr\/app\/uploads\/sites\/4\/2024\/08\/202005conseil-municipal-8.jpg\",\"keywords\":[\"Conseil Municipal\",\"Conseil Municipal de Plainfaing\",\"Plainfaing\"],\"articleSection\":[\"Politique\",\"Saint-Di\u00e9-des-Vosges et son Agglom\u00e9ration\"],\"inLanguage\":\"fr-FR\",\"potentialAction\":[{\"@type\":\"CommentAction\",\"name\":\"Comment\",\"target\":[\"https:\/\/vosgesinfo.fr\/saintdieinfo\/2022\/05\/plainfaing-compte-rendu-de-seance-conseil-municipal-19-mai\/#respond\"]}]},{\"@type\":\"WebPage\",\"@id\":\"https:\/\/vosgesinfo.fr\/saintdieinfo\/2022\/05\/plainfaing-compte-rendu-de-seance-conseil-municipal-19-mai\/\",\"url\":\"https:\/\/vosgesinfo.fr\/saintdieinfo\/2022\/05\/plainfaing-compte-rendu-de-seance-conseil-municipal-19-mai\/\",\"name\":\"Plainfaing \u2013 Compte-rendu de la s\u00e9ance du Conseil Municipal du 19 mai - Saint Die Info\",\"isPartOf\":{\"@id\":\"https:\/\/vosgesinfo.fr\/saintdieinfo\/#website\"},\"primaryImageOfPage\":{\"@id\":\"https:\/\/vosgesinfo.fr\/saintdieinfo\/2022\/05\/plainfaing-compte-rendu-de-seance-conseil-municipal-19-mai\/#primaryimage\"},\"image\":{\"@id\":\"https:\/\/vosgesinfo.fr\/saintdieinfo\/2022\/05\/plainfaing-compte-rendu-de-seance-conseil-municipal-19-mai\/#primaryimage\"},\"thumbnailUrl\":\"https:\/\/vosgesinfo.fr\/app\/uploads\/sites\/4\/2024\/08\/202005conseil-municipal-8.jpg\",\"datePublished\":\"2022-05-23T13:03:25+00:00\",\"dateModified\":\"2022-05-23T13:03:25+00:00\",\"breadcrumb\":{\"@id\":\"https:\/\/vosgesinfo.fr\/saintdieinfo\/2022\/05\/plainfaing-compte-rendu-de-seance-conseil-municipal-19-mai\/#breadcrumb\"},\"inLanguage\":\"fr-FR\",\"potentialAction\":[{\"@type\":\"ReadAction\",\"target\":[\"https:\/\/vosgesinfo.fr\/saintdieinfo\/2022\/05\/plainfaing-compte-rendu-de-seance-conseil-municipal-19-mai\/\"]}]},{\"@type\":\"ImageObject\",\"inLanguage\":\"fr-FR\",\"@id\":\"https:\/\/vosgesinfo.fr\/saintdieinfo\/2022\/05\/plainfaing-compte-rendu-de-seance-conseil-municipal-19-mai\/#primaryimage\",\"url\":\"https:\/\/vosgesinfo.fr\/app\/uploads\/sites\/4\/2024\/08\/202005conseil-municipal-8.jpg\",\"contentUrl\":\"https:\/\/vosgesinfo.fr\/app\/uploads\/sites\/4\/2024\/08\/202005conseil-municipal-8.jpg\",\"width\":800,\"height\":420},{\"@type\":\"BreadcrumbList\",\"@id\":\"https:\/\/vosgesinfo.fr\/saintdieinfo\/2022\/05\/plainfaing-compte-rendu-de-seance-conseil-municipal-19-mai\/#breadcrumb\",\"itemListElement\":[{\"@type\":\"ListItem\",\"position\":1,\"name\":\"Home\",\"item\":\"https:\/\/vosgesinfo.fr\/saintdieinfo\/\"},{\"@type\":\"ListItem\",\"position\":2,\"name\":\"Plainfaing \u2013 Compte-rendu de la s\u00e9ance du Conseil Municipal du 19 mai\"}]},{\"@type\":\"WebSite\",\"@id\":\"https:\/\/vosgesinfo.fr\/saintdieinfo\/#website\",\"url\":\"https:\/\/vosgesinfo.fr\/saintdieinfo\/\",\"name\":\"Saint Die Info\",\"description\":\"Toute l&#039;actualit\u00e9 de Saint-Di\u00e9-Des-Vosges\",\"publisher\":{\"@id\":\"https:\/\/vosgesinfo.fr\/saintdieinfo\/#organization\"},\"alternateName\":\"Toute l'actualit\u00e9 de Saint-Di\u00e9-Des-Vosges\",\"potentialAction\":[{\"@type\":\"SearchAction\",\"target\":{\"@type\":\"EntryPoint\",\"urlTemplate\":\"https:\/\/vosgesinfo.fr\/saintdieinfo\/?s={search_term_string}\"},\"query-input\":\"required name=search_term_string\"}],\"inLanguage\":\"fr-FR\"},{\"@type\":\"Organization\",\"@id\":\"https:\/\/vosgesinfo.fr\/saintdieinfo\/#organization\",\"name\":\"Saint Die Info\",\"url\":\"https:\/\/vosgesinfo.fr\/saintdieinfo\/\",\"logo\":{\"@type\":\"ImageObject\",\"inLanguage\":\"fr-FR\",\"@id\":\"https:\/\/vosgesinfo.fr\/saintdieinfo\/#\/schema\/logo\/image\/\",\"url\":\"https:\/\/vosgesinfo.fr\/app\/uploads\/sites\/4\/2024\/02\/logo-sdi.jpg\",\"contentUrl\":\"https:\/\/vosgesinfo.fr\/app\/uploads\/sites\/4\/2024\/02\/logo-sdi.jpg\",\"width\":600,\"height\":600,\"caption\":\"Saint Die Info\"},\"image\":{\"@id\":\"https:\/\/vosgesinfo.fr\/saintdieinfo\/#\/schema\/logo\/image\/\"},\"sameAs\":[\"https:\/\/www.facebook.com\/Saintdieinfofr\",\"https:\/\/x.com\/VosgesInfo88\",\"https:\/\/www.youtube.com\/@vosgesinfo\"]},{\"@type\":\"Person\",\"@id\":\"https:\/\/vosgesinfo.fr\/saintdieinfo\/#\/schema\/person\/faee6704a21f3977511db84bd1cd450f\",\"name\":\"la r\u00e9daction\",\"image\":{\"@type\":\"ImageObject\",\"inLanguage\":\"fr-FR\",\"@id\":\"https:\/\/vosgesinfo.fr\/saintdieinfo\/#\/schema\/person\/image\/\",\"url\":\"https:\/\/secure.gravatar.com\/avatar\/6673d8bc6a9c17fa9a453eaa3448de834fa308c2ec9635b7aa99441a7c8d2cf6?s=96&d=mm&r=g\",\"contentUrl\":\"https:\/\/secure.gravatar.com\/avatar\/6673d8bc6a9c17fa9a453eaa3448de834fa308c2ec9635b7aa99441a7c8d2cf6?s=96&d=mm&r=g\",\"caption\":\"la r\u00e9daction\"},\"url\":\"https:\/\/vosgesinfo.fr\/saintdieinfo\/author\/redac\/\"}]}<\/script>\n<!-- \/ Yoast SEO plugin. -->","yoast_head_json":{"title":"Plainfaing \u2013 Compte-rendu de la s\u00e9ance du Conseil Municipal du 19 mai - Saint Die Info","robots":{"index":"index","follow":"follow","max-snippet":"max-snippet:-1","max-image-preview":"max-image-preview:large","max-video-preview":"max-video-preview:-1"},"canonical":"https:\/\/vosgesinfo.fr\/saintdieinfo\/2022\/05\/plainfaing-compte-rendu-de-seance-conseil-municipal-19-mai\/","twitter_card":"summary_large_image","twitter_title":"Plainfaing \u2013 Compte-rendu de la s\u00e9ance du Conseil Municipal du 19 mai - Saint Die Info","twitter_description":"Jeudi 19 mai \u00e0 19h30, les membres du Conseil Municipal de Plainfaing se sont r\u00e9unis \u00e0 la mairie de la [&hellip;]","twitter_image":"https:\/\/vosgesinfo.fr\/app\/uploads\/sites\/4\/2024\/08\/202005conseil-municipal-8.jpg","twitter_creator":"@VosgesInfo88","twitter_site":"@VosgesInfo88","twitter_misc":{"\u00c9crit par":"la r\u00e9daction","Dur\u00e9e de lecture estim\u00e9e":"2 minutes"},"schema":{"@context":"https:\/\/schema.org","@graph":[{"@type":"Article","@id":"https:\/\/vosgesinfo.fr\/saintdieinfo\/2022\/05\/plainfaing-compte-rendu-de-seance-conseil-municipal-19-mai\/#article","isPartOf":{"@id":"https:\/\/vosgesinfo.fr\/saintdieinfo\/2022\/05\/plainfaing-compte-rendu-de-seance-conseil-municipal-19-mai\/"},"author":{"name":"la r\u00e9daction","@id":"https:\/\/vosgesinfo.fr\/saintdieinfo\/#\/schema\/person\/faee6704a21f3977511db84bd1cd450f"},"headline":"Plainfaing \u2013 Compte-rendu de la s\u00e9ance du Conseil Municipal du 19 mai","datePublished":"2022-05-23T13:03:25+00:00","dateModified":"2022-05-23T13:03:25+00:00","mainEntityOfPage":{"@id":"https:\/\/vosgesinfo.fr\/saintdieinfo\/2022\/05\/plainfaing-compte-rendu-de-seance-conseil-municipal-19-mai\/"},"wordCount":398,"commentCount":0,"publisher":{"@id":"https:\/\/vosgesinfo.fr\/saintdieinfo\/#organization"},"image":{"@id":"https:\/\/vosgesinfo.fr\/saintdieinfo\/2022\/05\/plainfaing-compte-rendu-de-seance-conseil-municipal-19-mai\/#primaryimage"},"thumbnailUrl":"https:\/\/vosgesinfo.fr\/app\/uploads\/sites\/4\/2024\/08\/202005conseil-municipal-8.jpg","keywords":["Conseil Municipal","Conseil Municipal de Plainfaing","Plainfaing"],"articleSection":["Politique","Saint-Di\u00e9-des-Vosges et son Agglom\u00e9ration"],"inLanguage":"fr-FR","potentialAction":[{"@type":"CommentAction","name":"Comment","target":["https:\/\/vosgesinfo.fr\/saintdieinfo\/2022\/05\/plainfaing-compte-rendu-de-seance-conseil-municipal-19-mai\/#respond"]}]},{"@type":"WebPage","@id":"https:\/\/vosgesinfo.fr\/saintdieinfo\/2022\/05\/plainfaing-compte-rendu-de-seance-conseil-municipal-19-mai\/","url":"https:\/\/vosgesinfo.fr\/saintdieinfo\/2022\/05\/plainfaing-compte-rendu-de-seance-conseil-municipal-19-mai\/","name":"Plainfaing \u2013 Compte-rendu de la s\u00e9ance du Conseil Municipal du 19 mai - Saint Die Info","isPartOf":{"@id":"https:\/\/vosgesinfo.fr\/saintdieinfo\/#website"},"primaryImageOfPage":{"@id":"https:\/\/vosgesinfo.fr\/saintdieinfo\/2022\/05\/plainfaing-compte-rendu-de-seance-conseil-municipal-19-mai\/#primaryimage"},"image":{"@id":"https:\/\/vosgesinfo.fr\/saintdieinfo\/2022\/05\/plainfaing-compte-rendu-de-seance-conseil-municipal-19-mai\/#primaryimage"},"thumbnailUrl":"https:\/\/vosgesinfo.fr\/app\/uploads\/sites\/4\/2024\/08\/202005conseil-municipal-8.jpg","datePublished":"2022-05-23T13:03:25+00:00","dateModified":"2022-05-23T13:03:25+00:00","breadcrumb":{"@id":"https:\/\/vosgesinfo.fr\/saintdieinfo\/2022\/05\/plainfaing-compte-rendu-de-seance-conseil-municipal-19-mai\/#breadcrumb"},"inLanguage":"fr-FR","potentialAction":[{"@type":"ReadAction","target":["https:\/\/vosgesinfo.fr\/saintdieinfo\/2022\/05\/plainfaing-compte-rendu-de-seance-conseil-municipal-19-mai\/"]}]},{"@type":"ImageObject","inLanguage":"fr-FR","@id":"https:\/\/vosgesinfo.fr\/saintdieinfo\/2022\/05\/plainfaing-compte-rendu-de-seance-conseil-municipal-19-mai\/#primaryimage","url":"https:\/\/vosgesinfo.fr\/app\/uploads\/sites\/4\/2024\/08\/202005conseil-municipal-8.jpg","contentUrl":"https:\/\/vosgesinfo.fr\/app\/uploads\/sites\/4\/2024\/08\/202005conseil-municipal-8.jpg","width":800,"height":420},{"@type":"BreadcrumbList","@id":"https:\/\/vosgesinfo.fr\/saintdieinfo\/2022\/05\/plainfaing-compte-rendu-de-seance-conseil-municipal-19-mai\/#breadcrumb","itemListElement":[{"@type":"ListItem","position":1,"name":"Home","item":"https:\/\/vosgesinfo.fr\/saintdieinfo\/"},{"@type":"ListItem","position":2,"name":"Plainfaing \u2013 Compte-rendu de la s\u00e9ance du Conseil Municipal du 19 mai"}]},{"@type":"WebSite","@id":"https:\/\/vosgesinfo.fr\/saintdieinfo\/#website","url":"https:\/\/vosgesinfo.fr\/saintdieinfo\/","name":"Saint Die Info","description":"Toute l&#039;actualit\u00e9 de Saint-Di\u00e9-Des-Vosges","publisher":{"@id":"https:\/\/vosgesinfo.fr\/saintdieinfo\/#organization"},"alternateName":"Toute l'actualit\u00e9 de Saint-Di\u00e9-Des-Vosges","potentialAction":[{"@type":"SearchAction","target":{"@type":"EntryPoint","urlTemplate":"https:\/\/vosgesinfo.fr\/saintdieinfo\/?s={search_term_string}"},"query-input":"required name=search_term_string"}],"inLanguage":"fr-FR"},{"@type":"Organization","@id":"https:\/\/vosgesinfo.fr\/saintdieinfo\/#organization","name":"Saint Die Info","url":"https:\/\/vosgesinfo.fr\/saintdieinfo\/","logo":{"@type":"ImageObject","inLanguage":"fr-FR","@id":"https:\/\/vosgesinfo.fr\/saintdieinfo\/#\/schema\/logo\/image\/","url":"https:\/\/vosgesinfo.fr\/app\/uploads\/sites\/4\/2024\/02\/logo-sdi.jpg","contentUrl":"https:\/\/vosgesinfo.fr\/app\/uploads\/sites\/4\/2024\/02\/logo-sdi.jpg","width":600,"height":600,"caption":"Saint Die Info"},"image":{"@id":"https:\/\/vosgesinfo.fr\/saintdieinfo\/#\/schema\/logo\/image\/"},"sameAs":["https:\/\/www.facebook.com\/Saintdieinfofr","https:\/\/x.com\/VosgesInfo88","https:\/\/www.youtube.com\/@vosgesinfo"]},{"@type":"Person","@id":"https:\/\/vosgesinfo.fr\/saintdieinfo\/#\/schema\/person\/faee6704a21f3977511db84bd1cd450f","name":"la r\u00e9daction","image":{"@type":"ImageObject","inLanguage":"fr-FR","@id":"https:\/\/vosgesinfo.fr\/saintdieinfo\/#\/schema\/person\/image\/","url":"https:\/\/secure.gravatar.com\/avatar\/6673d8bc6a9c17fa9a453eaa3448de834fa308c2ec9635b7aa99441a7c8d2cf6?s=96&d=mm&r=g","contentUrl":"https:\/\/secure.gravatar.com\/avatar\/6673d8bc6a9c17fa9a453eaa3448de834fa308c2ec9635b7aa99441a7c8d2cf6?s=96&d=mm&r=g","caption":"la r\u00e9daction"},"url":"https:\/\/vosgesinfo.fr\/saintdieinfo\/author\/redac\/"}]}},"_links":{"self":[{"href":"https:\/\/vosgesinfo.fr\/saintdieinfo\/wp-json\/wp\/v2\/posts\/53524","targetHints":{"allow":["GET"]}}],"collection":[{"href":"https:\/\/vosgesinfo.fr\/saintdieinfo\/wp-json\/wp\/v2\/posts"}],"about":[{"href":"https:\/\/vosgesinfo.fr\/saintdieinfo\/wp-json\/wp\/v2\/types\/post"}],"author":[{"embeddable":true,"href":"https:\/\/vosgesinfo.fr\/saintdieinfo\/wp-json\/wp\/v2\/users\/44"}],"replies":[{"embeddable":true,"href":"https:\/\/vosgesinfo.fr\/saintdieinfo\/wp-json\/wp\/v2\/comments?post=53524"}],"version-history":[{"count":0,"href":"https:\/\/vosgesinfo.fr\/saintdieinfo\/wp-json\/wp\/v2\/posts\/53524\/revisions"}],"wp:featuredmedia":[{"embeddable":true,"href":"https:\/\/vosgesinfo.fr\/saintdieinfo\/wp-json\/wp\/v2\/media\/53525"}],"wp:attachment":[{"href":"https:\/\/vosgesinfo.fr\/saintdieinfo\/wp-json\/wp\/v2\/media?parent=53524"}],"wp:term":[{"taxonomy":"category","embeddable":true,"href":"https:\/\/vosgesinfo.fr\/saintdieinfo\/wp-json\/wp\/v2\/categories?post=53524"},{"taxonomy":"post_tag","embeddable":true,"href":"https:\/\/vosgesinfo.fr\/saintdieinfo\/wp-json\/wp\/v2\/tags?post=53524"}],"curies":[{"name":"wp","href":"https:\/\/api.w.org\/{rel}","templated":true}]}}