{"id":53584,"date":"2022-05-24T13:22:10","date_gmt":"2022-05-24T11:22:10","guid":{"rendered":"https:\/\/vosgesinfo.fr\/saintdieinfo\/2022\/05\/judo-saint-die-vosges-remporte-24e-challenge-alain-griffon\/"},"modified":"2022-05-24T13:22:10","modified_gmt":"2022-05-24T11:22:10","slug":"judo-saint-die-vosges-remporte-24e-challenge-alain-griffon","status":"publish","type":"post","link":"https:\/\/vosgesinfo.fr\/saintdieinfo\/2022\/05\/judo-saint-die-vosges-remporte-24e-challenge-alain-griffon\/","title":{"rendered":"Judo\u00a0: Saint-Di\u00e9-des-Vosges remporte le 24e challenge Alain Griffon"},"content":{"rendered":"<div id=\"attachment_183987\" style=\"width: 970px\" class=\"wp-caption aligncenter\"><a href=\"\/2022\/05\/Judo-24e_Challenge_Alain_Griffon-5.jpg\" target=\"_blank\" rel=\"noopener\"><img decoding=\"async\" aria-describedby=\"caption-attachment-183987\" class=\"wp-image-183987 size-large\" src=\"\/2022\/05\/Judo-24e_Challenge_Alain_Griffon-5-1024x683.jpg\" alt=\"Judo-24e_Challenge_Alain_Griffon (5)\" width=\"960\" height=\"640\" \/><\/a><p id=\"caption-attachment-183987\" class=\"wp-caption-text\">(Photographies Marc Fourniquet)<\/p><\/div>\n<h2><strong><span style=\"font-size: 14pt;\">Les tatamis sur Palais Omnisports Joseph-Claudel accueillaient ce dimanche le 24e challenge Alain Griffon. Un tournoi annuel organis\u00e9 par le Judo Club de Saint-Di\u00e9-des-Vosges, baptis\u00e9 ainsi pour rendre hommage \u00e0 l&rsquo;un des dirigeants \u2013 et ceinture noire \u2013 du club aujourd&rsquo;hui disparu.<\/span><\/strong><\/h2>\n<p><!--more--><\/p>\n<p>Le tournoi Alain Griffon, qui se veut avant tout convivial et \u00e9ducatif, permet \u00e0 tous les jeunes judokas de rencontrer leurs camarades d&rsquo;autres, car il est ouvert aux cat\u00e9gories Eveil, Mini Poussin(e)s, Poussin(e)s et Benjamin(e)s de tous les clubs de la R\u00e9gion Grand Est. Pour chacune des cat\u00e9gories, le r\u00e8glement \u00e9tait adapt\u00e9e avec, par exemple, une dur\u00e9e des randos de 1min pour pour les Mini-Poussins et Poussines 2014\/2015 contre 1min30 pour les Poussins et Poussines 2012\/2013.<\/p>\n<p>En fin de journ\u00e9e, \u00e0 l&rsquo;issue de l&rsquo;ensemble des rencontres, un classement des clubs est effectu\u00e9 afin de r\u00e9compenser les 10 meilleurs. La Ville de Saint-Di\u00e9-des-Vosges offrant le Troph\u00e9e du Vainqueur. Cette ann\u00e9e, c&rsquo;est Saint-Di\u00e9-des-Vosges qui l&rsquo;a remport\u00e9 avec 106 points. Etival-Clairefontaine monte sur la deuxi\u00e8me marche du podium avec 72 points, et Senones est 3e avec 66 points.<\/p>\n<p>J.J.<\/p>\n\n","protected":false},"excerpt":{"rendered":"<p>Les tatamis sur Palais Omnisports Joseph-Claudel accueillaient ce dimanche le 24e challenge Alain Griffon. Un tournoi annuel organis\u00e9 par le [&hellip;]<\/p>\n","protected":false},"author":44,"featured_media":53585,"comment_status":"open","ping_status":"open","sticky":false,"template":"","format":"standard","meta":{"footnotes":""},"categories":[460,2915,14],"tags":[11439,11440,2109,6610,3126],"class_list":["post-53584","post","type-post","status-publish","format-standard","has-post-thumbnail","hentry","category-a-la-une","category-saint-die-son-canton","category-sport","tag-24e-challenge-alain-griffon","tag-challenge-alain-griffon","tag-judo","tag-judo-club-deodatien","tag-palais-omnisports-joseph-claudel"],"acf":[],"yoast_head":"<!-- This site is optimized with the Yoast SEO plugin v22.5 - https:\/\/yoast.com\/wordpress\/plugins\/seo\/ -->\n<title>Judo\u00a0: Saint-Di\u00e9-des-Vosges remporte le 24e challenge Alain Griffon - Saint Die Info<\/title>\n<meta name=\"robots\" content=\"index, follow, max-snippet:-1, max-image-preview:large, max-video-preview:-1\" \/>\n<link rel=\"canonical\" href=\"https:\/\/vosgesinfo.fr\/saintdieinfo\/2022\/05\/judo-saint-die-vosges-remporte-24e-challenge-alain-griffon\/\" \/>\n<meta name=\"twitter:card\" content=\"summary_large_image\" \/>\n<meta name=\"twitter:title\" content=\"Judo\u00a0: Saint-Di\u00e9-des-Vosges remporte le 24e challenge Alain Griffon - Saint Die Info\" \/>\n<meta name=\"twitter:description\" content=\"Les tatamis sur Palais Omnisports Joseph-Claudel accueillaient ce dimanche le 24e challenge Alain Griffon. Un tournoi annuel organis\u00e9 par le [&hellip;]\" \/>\n<meta name=\"twitter:image\" content=\"https:\/\/vosgesinfo.fr\/app\/uploads\/sites\/4\/2024\/08\/202205judo-24e-challenge-alain-griffon-5.jpg\" \/>\n<meta name=\"twitter:creator\" content=\"@VosgesInfo88\" \/>\n<meta name=\"twitter:site\" content=\"@VosgesInfo88\" \/>\n<meta name=\"twitter:label1\" content=\"\u00c9crit par\" \/>\n\t<meta name=\"twitter:data1\" content=\"la r\u00e9daction\" \/>\n\t<meta name=\"twitter:label2\" content=\"Dur\u00e9e de lecture estim\u00e9e\" \/>\n\t<meta name=\"twitter:data2\" content=\"1 minute\" \/>\n<script type=\"application\/ld+json\" class=\"yoast-schema-graph\">{\"@context\":\"https:\/\/schema.org\",\"@graph\":[{\"@type\":\"Article\",\"@id\":\"https:\/\/vosgesinfo.fr\/saintdieinfo\/2022\/05\/judo-saint-die-vosges-remporte-24e-challenge-alain-griffon\/#article\",\"isPartOf\":{\"@id\":\"https:\/\/vosgesinfo.fr\/saintdieinfo\/2022\/05\/judo-saint-die-vosges-remporte-24e-challenge-alain-griffon\/\"},\"author\":{\"name\":\"la r\u00e9daction\",\"@id\":\"https:\/\/vosgesinfo.fr\/saintdieinfo\/#\/schema\/person\/faee6704a21f3977511db84bd1cd450f\"},\"headline\":\"Judo\u00a0: Saint-Di\u00e9-des-Vosges remporte le 24e challenge Alain Griffon\",\"datePublished\":\"2022-05-24T11:22:10+00:00\",\"dateModified\":\"2022-05-24T11:22:10+00:00\",\"mainEntityOfPage\":{\"@id\":\"https:\/\/vosgesinfo.fr\/saintdieinfo\/2022\/05\/judo-saint-die-vosges-remporte-24e-challenge-alain-griffon\/\"},\"wordCount\":220,\"commentCount\":0,\"publisher\":{\"@id\":\"https:\/\/vosgesinfo.fr\/saintdieinfo\/#organization\"},\"image\":{\"@id\":\"https:\/\/vosgesinfo.fr\/saintdieinfo\/2022\/05\/judo-saint-die-vosges-remporte-24e-challenge-alain-griffon\/#primaryimage\"},\"thumbnailUrl\":\"https:\/\/vosgesinfo.fr\/app\/uploads\/sites\/4\/2024\/08\/202205judo-24e-challenge-alain-griffon-5.jpg\",\"keywords\":[\"24e Challenge Alain-Griffon\",\"Challenge Alain-Griffon\",\"judo\",\"Judo Club D\u00e9odatien\",\"Palais Omnisports Joseph-Claudel\"],\"articleSection\":[\"A la Une\",\"Saint-Di\u00e9-des-Vosges et son Agglom\u00e9ration\",\"Sport\"],\"inLanguage\":\"fr-FR\",\"potentialAction\":[{\"@type\":\"CommentAction\",\"name\":\"Comment\",\"target\":[\"https:\/\/vosgesinfo.fr\/saintdieinfo\/2022\/05\/judo-saint-die-vosges-remporte-24e-challenge-alain-griffon\/#respond\"]}]},{\"@type\":\"WebPage\",\"@id\":\"https:\/\/vosgesinfo.fr\/saintdieinfo\/2022\/05\/judo-saint-die-vosges-remporte-24e-challenge-alain-griffon\/\",\"url\":\"https:\/\/vosgesinfo.fr\/saintdieinfo\/2022\/05\/judo-saint-die-vosges-remporte-24e-challenge-alain-griffon\/\",\"name\":\"Judo\u00a0: Saint-Di\u00e9-des-Vosges remporte le 24e challenge Alain Griffon - Saint Die Info\",\"isPartOf\":{\"@id\":\"https:\/\/vosgesinfo.fr\/saintdieinfo\/#website\"},\"primaryImageOfPage\":{\"@id\":\"https:\/\/vosgesinfo.fr\/saintdieinfo\/2022\/05\/judo-saint-die-vosges-remporte-24e-challenge-alain-griffon\/#primaryimage\"},\"image\":{\"@id\":\"https:\/\/vosgesinfo.fr\/saintdieinfo\/2022\/05\/judo-saint-die-vosges-remporte-24e-challenge-alain-griffon\/#primaryimage\"},\"thumbnailUrl\":\"https:\/\/vosgesinfo.fr\/app\/uploads\/sites\/4\/2024\/08\/202205judo-24e-challenge-alain-griffon-5.jpg\",\"datePublished\":\"2022-05-24T11:22:10+00:00\",\"dateModified\":\"2022-05-24T11:22:10+00:00\",\"breadcrumb\":{\"@id\":\"https:\/\/vosgesinfo.fr\/saintdieinfo\/2022\/05\/judo-saint-die-vosges-remporte-24e-challenge-alain-griffon\/#breadcrumb\"},\"inLanguage\":\"fr-FR\",\"potentialAction\":[{\"@type\":\"ReadAction\",\"target\":[\"https:\/\/vosgesinfo.fr\/saintdieinfo\/2022\/05\/judo-saint-die-vosges-remporte-24e-challenge-alain-griffon\/\"]}]},{\"@type\":\"ImageObject\",\"inLanguage\":\"fr-FR\",\"@id\":\"https:\/\/vosgesinfo.fr\/saintdieinfo\/2022\/05\/judo-saint-die-vosges-remporte-24e-challenge-alain-griffon\/#primaryimage\",\"url\":\"https:\/\/vosgesinfo.fr\/app\/uploads\/sites\/4\/2024\/08\/202205judo-24e-challenge-alain-griffon-5.jpg\",\"contentUrl\":\"https:\/\/vosgesinfo.fr\/app\/uploads\/sites\/4\/2024\/08\/202205judo-24e-challenge-alain-griffon-5.jpg\",\"width\":1024,\"height\":683},{\"@type\":\"BreadcrumbList\",\"@id\":\"https:\/\/vosgesinfo.fr\/saintdieinfo\/2022\/05\/judo-saint-die-vosges-remporte-24e-challenge-alain-griffon\/#breadcrumb\",\"itemListElement\":[{\"@type\":\"ListItem\",\"position\":1,\"name\":\"Home\",\"item\":\"https:\/\/vosgesinfo.fr\/saintdieinfo\/\"},{\"@type\":\"ListItem\",\"position\":2,\"name\":\"Judo\u00a0: Saint-Di\u00e9-des-Vosges remporte le 24e challenge Alain Griffon\"}]},{\"@type\":\"WebSite\",\"@id\":\"https:\/\/vosgesinfo.fr\/saintdieinfo\/#website\",\"url\":\"https:\/\/vosgesinfo.fr\/saintdieinfo\/\",\"name\":\"Saint Die Info\",\"description\":\"Toute l&#039;actualit\u00e9 de Saint-Di\u00e9-Des-Vosges\",\"publisher\":{\"@id\":\"https:\/\/vosgesinfo.fr\/saintdieinfo\/#organization\"},\"alternateName\":\"Toute l'actualit\u00e9 de Saint-Di\u00e9-Des-Vosges\",\"potentialAction\":[{\"@type\":\"SearchAction\",\"target\":{\"@type\":\"EntryPoint\",\"urlTemplate\":\"https:\/\/vosgesinfo.fr\/saintdieinfo\/?s={search_term_string}\"},\"query-input\":\"required name=search_term_string\"}],\"inLanguage\":\"fr-FR\"},{\"@type\":\"Organization\",\"@id\":\"https:\/\/vosgesinfo.fr\/saintdieinfo\/#organization\",\"name\":\"Saint Die Info\",\"url\":\"https:\/\/vosgesinfo.fr\/saintdieinfo\/\",\"logo\":{\"@type\":\"ImageObject\",\"inLanguage\":\"fr-FR\",\"@id\":\"https:\/\/vosgesinfo.fr\/saintdieinfo\/#\/schema\/logo\/image\/\",\"url\":\"https:\/\/vosgesinfo.fr\/app\/uploads\/sites\/4\/2024\/02\/logo-sdi.jpg\",\"contentUrl\":\"https:\/\/vosgesinfo.fr\/app\/uploads\/sites\/4\/2024\/02\/logo-sdi.jpg\",\"width\":600,\"height\":600,\"caption\":\"Saint Die Info\"},\"image\":{\"@id\":\"https:\/\/vosgesinfo.fr\/saintdieinfo\/#\/schema\/logo\/image\/\"},\"sameAs\":[\"https:\/\/www.facebook.com\/Saintdieinfofr\",\"https:\/\/x.com\/VosgesInfo88\",\"https:\/\/www.youtube.com\/@vosgesinfo\"]},{\"@type\":\"Person\",\"@id\":\"https:\/\/vosgesinfo.fr\/saintdieinfo\/#\/schema\/person\/faee6704a21f3977511db84bd1cd450f\",\"name\":\"la r\u00e9daction\",\"image\":{\"@type\":\"ImageObject\",\"inLanguage\":\"fr-FR\",\"@id\":\"https:\/\/vosgesinfo.fr\/saintdieinfo\/#\/schema\/person\/image\/\",\"url\":\"https:\/\/secure.gravatar.com\/avatar\/6673d8bc6a9c17fa9a453eaa3448de834fa308c2ec9635b7aa99441a7c8d2cf6?s=96&d=mm&r=g\",\"contentUrl\":\"https:\/\/secure.gravatar.com\/avatar\/6673d8bc6a9c17fa9a453eaa3448de834fa308c2ec9635b7aa99441a7c8d2cf6?s=96&d=mm&r=g\",\"caption\":\"la r\u00e9daction\"},\"url\":\"https:\/\/vosgesinfo.fr\/saintdieinfo\/author\/redac\/\"}]}<\/script>\n<!-- \/ Yoast SEO plugin. -->","yoast_head_json":{"title":"Judo\u00a0: Saint-Di\u00e9-des-Vosges remporte le 24e challenge Alain Griffon - Saint Die Info","robots":{"index":"index","follow":"follow","max-snippet":"max-snippet:-1","max-image-preview":"max-image-preview:large","max-video-preview":"max-video-preview:-1"},"canonical":"https:\/\/vosgesinfo.fr\/saintdieinfo\/2022\/05\/judo-saint-die-vosges-remporte-24e-challenge-alain-griffon\/","twitter_card":"summary_large_image","twitter_title":"Judo\u00a0: Saint-Di\u00e9-des-Vosges remporte le 24e challenge Alain Griffon - Saint Die Info","twitter_description":"Les tatamis sur Palais Omnisports Joseph-Claudel accueillaient ce dimanche le 24e challenge Alain Griffon. Un tournoi annuel organis\u00e9 par le [&hellip;]","twitter_image":"https:\/\/vosgesinfo.fr\/app\/uploads\/sites\/4\/2024\/08\/202205judo-24e-challenge-alain-griffon-5.jpg","twitter_creator":"@VosgesInfo88","twitter_site":"@VosgesInfo88","twitter_misc":{"\u00c9crit par":"la r\u00e9daction","Dur\u00e9e de lecture estim\u00e9e":"1 minute"},"schema":{"@context":"https:\/\/schema.org","@graph":[{"@type":"Article","@id":"https:\/\/vosgesinfo.fr\/saintdieinfo\/2022\/05\/judo-saint-die-vosges-remporte-24e-challenge-alain-griffon\/#article","isPartOf":{"@id":"https:\/\/vosgesinfo.fr\/saintdieinfo\/2022\/05\/judo-saint-die-vosges-remporte-24e-challenge-alain-griffon\/"},"author":{"name":"la r\u00e9daction","@id":"https:\/\/vosgesinfo.fr\/saintdieinfo\/#\/schema\/person\/faee6704a21f3977511db84bd1cd450f"},"headline":"Judo\u00a0: Saint-Di\u00e9-des-Vosges remporte le 24e challenge Alain Griffon","datePublished":"2022-05-24T11:22:10+00:00","dateModified":"2022-05-24T11:22:10+00:00","mainEntityOfPage":{"@id":"https:\/\/vosgesinfo.fr\/saintdieinfo\/2022\/05\/judo-saint-die-vosges-remporte-24e-challenge-alain-griffon\/"},"wordCount":220,"commentCount":0,"publisher":{"@id":"https:\/\/vosgesinfo.fr\/saintdieinfo\/#organization"},"image":{"@id":"https:\/\/vosgesinfo.fr\/saintdieinfo\/2022\/05\/judo-saint-die-vosges-remporte-24e-challenge-alain-griffon\/#primaryimage"},"thumbnailUrl":"https:\/\/vosgesinfo.fr\/app\/uploads\/sites\/4\/2024\/08\/202205judo-24e-challenge-alain-griffon-5.jpg","keywords":["24e Challenge Alain-Griffon","Challenge Alain-Griffon","judo","Judo Club D\u00e9odatien","Palais Omnisports Joseph-Claudel"],"articleSection":["A la Une","Saint-Di\u00e9-des-Vosges et son Agglom\u00e9ration","Sport"],"inLanguage":"fr-FR","potentialAction":[{"@type":"CommentAction","name":"Comment","target":["https:\/\/vosgesinfo.fr\/saintdieinfo\/2022\/05\/judo-saint-die-vosges-remporte-24e-challenge-alain-griffon\/#respond"]}]},{"@type":"WebPage","@id":"https:\/\/vosgesinfo.fr\/saintdieinfo\/2022\/05\/judo-saint-die-vosges-remporte-24e-challenge-alain-griffon\/","url":"https:\/\/vosgesinfo.fr\/saintdieinfo\/2022\/05\/judo-saint-die-vosges-remporte-24e-challenge-alain-griffon\/","name":"Judo\u00a0: Saint-Di\u00e9-des-Vosges remporte le 24e challenge Alain Griffon - Saint Die Info","isPartOf":{"@id":"https:\/\/vosgesinfo.fr\/saintdieinfo\/#website"},"primaryImageOfPage":{"@id":"https:\/\/vosgesinfo.fr\/saintdieinfo\/2022\/05\/judo-saint-die-vosges-remporte-24e-challenge-alain-griffon\/#primaryimage"},"image":{"@id":"https:\/\/vosgesinfo.fr\/saintdieinfo\/2022\/05\/judo-saint-die-vosges-remporte-24e-challenge-alain-griffon\/#primaryimage"},"thumbnailUrl":"https:\/\/vosgesinfo.fr\/app\/uploads\/sites\/4\/2024\/08\/202205judo-24e-challenge-alain-griffon-5.jpg","datePublished":"2022-05-24T11:22:10+00:00","dateModified":"2022-05-24T11:22:10+00:00","breadcrumb":{"@id":"https:\/\/vosgesinfo.fr\/saintdieinfo\/2022\/05\/judo-saint-die-vosges-remporte-24e-challenge-alain-griffon\/#breadcrumb"},"inLanguage":"fr-FR","potentialAction":[{"@type":"ReadAction","target":["https:\/\/vosgesinfo.fr\/saintdieinfo\/2022\/05\/judo-saint-die-vosges-remporte-24e-challenge-alain-griffon\/"]}]},{"@type":"ImageObject","inLanguage":"fr-FR","@id":"https:\/\/vosgesinfo.fr\/saintdieinfo\/2022\/05\/judo-saint-die-vosges-remporte-24e-challenge-alain-griffon\/#primaryimage","url":"https:\/\/vosgesinfo.fr\/app\/uploads\/sites\/4\/2024\/08\/202205judo-24e-challenge-alain-griffon-5.jpg","contentUrl":"https:\/\/vosgesinfo.fr\/app\/uploads\/sites\/4\/2024\/08\/202205judo-24e-challenge-alain-griffon-5.jpg","width":1024,"height":683},{"@type":"BreadcrumbList","@id":"https:\/\/vosgesinfo.fr\/saintdieinfo\/2022\/05\/judo-saint-die-vosges-remporte-24e-challenge-alain-griffon\/#breadcrumb","itemListElement":[{"@type":"ListItem","position":1,"name":"Home","item":"https:\/\/vosgesinfo.fr\/saintdieinfo\/"},{"@type":"ListItem","position":2,"name":"Judo\u00a0: Saint-Di\u00e9-des-Vosges remporte le 24e challenge Alain Griffon"}]},{"@type":"WebSite","@id":"https:\/\/vosgesinfo.fr\/saintdieinfo\/#website","url":"https:\/\/vosgesinfo.fr\/saintdieinfo\/","name":"Saint Die Info","description":"Toute l&#039;actualit\u00e9 de Saint-Di\u00e9-Des-Vosges","publisher":{"@id":"https:\/\/vosgesinfo.fr\/saintdieinfo\/#organization"},"alternateName":"Toute l'actualit\u00e9 de Saint-Di\u00e9-Des-Vosges","potentialAction":[{"@type":"SearchAction","target":{"@type":"EntryPoint","urlTemplate":"https:\/\/vosgesinfo.fr\/saintdieinfo\/?s={search_term_string}"},"query-input":"required name=search_term_string"}],"inLanguage":"fr-FR"},{"@type":"Organization","@id":"https:\/\/vosgesinfo.fr\/saintdieinfo\/#organization","name":"Saint Die Info","url":"https:\/\/vosgesinfo.fr\/saintdieinfo\/","logo":{"@type":"ImageObject","inLanguage":"fr-FR","@id":"https:\/\/vosgesinfo.fr\/saintdieinfo\/#\/schema\/logo\/image\/","url":"https:\/\/vosgesinfo.fr\/app\/uploads\/sites\/4\/2024\/02\/logo-sdi.jpg","contentUrl":"https:\/\/vosgesinfo.fr\/app\/uploads\/sites\/4\/2024\/02\/logo-sdi.jpg","width":600,"height":600,"caption":"Saint Die Info"},"image":{"@id":"https:\/\/vosgesinfo.fr\/saintdieinfo\/#\/schema\/logo\/image\/"},"sameAs":["https:\/\/www.facebook.com\/Saintdieinfofr","https:\/\/x.com\/VosgesInfo88","https:\/\/www.youtube.com\/@vosgesinfo"]},{"@type":"Person","@id":"https:\/\/vosgesinfo.fr\/saintdieinfo\/#\/schema\/person\/faee6704a21f3977511db84bd1cd450f","name":"la r\u00e9daction","image":{"@type":"ImageObject","inLanguage":"fr-FR","@id":"https:\/\/vosgesinfo.fr\/saintdieinfo\/#\/schema\/person\/image\/","url":"https:\/\/secure.gravatar.com\/avatar\/6673d8bc6a9c17fa9a453eaa3448de834fa308c2ec9635b7aa99441a7c8d2cf6?s=96&d=mm&r=g","contentUrl":"https:\/\/secure.gravatar.com\/avatar\/6673d8bc6a9c17fa9a453eaa3448de834fa308c2ec9635b7aa99441a7c8d2cf6?s=96&d=mm&r=g","caption":"la r\u00e9daction"},"url":"https:\/\/vosgesinfo.fr\/saintdieinfo\/author\/redac\/"}]}},"_links":{"self":[{"href":"https:\/\/vosgesinfo.fr\/saintdieinfo\/wp-json\/wp\/v2\/posts\/53584","targetHints":{"allow":["GET"]}}],"collection":[{"href":"https:\/\/vosgesinfo.fr\/saintdieinfo\/wp-json\/wp\/v2\/posts"}],"about":[{"href":"https:\/\/vosgesinfo.fr\/saintdieinfo\/wp-json\/wp\/v2\/types\/post"}],"author":[{"embeddable":true,"href":"https:\/\/vosgesinfo.fr\/saintdieinfo\/wp-json\/wp\/v2\/users\/44"}],"replies":[{"embeddable":true,"href":"https:\/\/vosgesinfo.fr\/saintdieinfo\/wp-json\/wp\/v2\/comments?post=53584"}],"version-history":[{"count":0,"href":"https:\/\/vosgesinfo.fr\/saintdieinfo\/wp-json\/wp\/v2\/posts\/53584\/revisions"}],"wp:featuredmedia":[{"embeddable":true,"href":"https:\/\/vosgesinfo.fr\/saintdieinfo\/wp-json\/wp\/v2\/media\/53585"}],"wp:attachment":[{"href":"https:\/\/vosgesinfo.fr\/saintdieinfo\/wp-json\/wp\/v2\/media?parent=53584"}],"wp:term":[{"taxonomy":"category","embeddable":true,"href":"https:\/\/vosgesinfo.fr\/saintdieinfo\/wp-json\/wp\/v2\/categories?post=53584"},{"taxonomy":"post_tag","embeddable":true,"href":"https:\/\/vosgesinfo.fr\/saintdieinfo\/wp-json\/wp\/v2\/tags?post=53584"}],"curies":[{"name":"wp","href":"https:\/\/api.w.org\/{rel}","templated":true}]}}