{"id":53597,"date":"2022-05-24T15:09:45","date_gmt":"2022-05-24T13:09:45","guid":{"rendered":"https:\/\/vosgesinfo.fr\/saintdieinfo\/2022\/05\/patrimoine-deodatien-reinterprete-forme-de-legendes\/"},"modified":"2022-05-24T15:09:45","modified_gmt":"2022-05-24T13:09:45","slug":"patrimoine-deodatien-reinterprete-forme-de-legendes","status":"publish","type":"post","link":"https:\/\/vosgesinfo.fr\/saintdieinfo\/2022\/05\/patrimoine-deodatien-reinterprete-forme-de-legendes\/","title":{"rendered":"Le patrimoine d\u00e9odatien r\u00e9interpr\u00e9t\u00e9 sous forme de l\u00e9gendes"},"content":{"rendered":"<div id=\"attachment_183992\" style=\"width: 970px\" class=\"wp-caption aligncenter\"><a href=\"\/2022\/05\/Projet_Perceptions_Lyc\u00e9e_Jules-Ferry-1.jpg\" target=\"_blank\" rel=\"noopener\"><img decoding=\"async\" aria-describedby=\"caption-attachment-183992\" class=\"wp-image-183992 size-large\" src=\"\/2022\/05\/Projet_Perceptions_Lyc\u00e9e_Jules-Ferry-1-1024x771.jpg\" alt=\"Projet_Perceptions_Lyc\u00e9e_Jules-Ferry (1)\" width=\"960\" height=\"723\" \/><\/a><p id=\"caption-attachment-183992\" class=\"wp-caption-text\">L&rsquo;artiste Emilie Thieuleux utilise la technique de la s\u00e9rigraphie pour r\u00e9aliser les supports qui pr\u00e9sentent les diff\u00e9rentes l\u00e9gendes.<\/p><\/div>\n<h2><strong><span style=\"font-size: 14pt;\">Les \u00e9l\u00e8ves de 2 classes de Premi\u00e8re du lyc\u00e9e Jules-Ferry ont r\u00e9interpr\u00e9t\u00e9 le patrimoine de Saint-Di\u00e9-des-Vosges sous forme de l\u00e9gendes. L&rsquo;id\u00e9e de ce projet p\u00e9dagogique, baptis\u00e9 \u00ab Perceptions\u202f\u202f\u00bb et qui s&rsquo;inscrit dans le cadre du Comit\u00e9 Territorial pour l&rsquo;Education Artistique et Culturelle, \u00e9tant de faire d\u00e9couvrir \u2013 ou red\u00e9couvrir \u2013 le patrimoine urbain d\u00e9odatien aux lyc\u00e9ens.<\/span><\/strong><\/h2>\n<p><!--more--><\/p>\n<p>Afin de s&rsquo;impr\u00e9gner de ce patrimoine, ces derniers ont notamment visit\u00e9 le parcours des fresques street-art, \u00ab\u00a0Histoires Urbaines\u00a0\u00bb, initi\u00e9 par la Galerie 36e Art. C&rsquo;est en fin d&rsquo;ann\u00e9e derni\u00e8re, au mois de novembre, que les adolescents ont commenc\u00e9 \u00e0 plancher sur ce projet. Encadr\u00e9s par les enseignants en Histoire-G\u00e9ographie Didier Mathieu et Sylvie Renouard, ils se sont r\u00e9partis par petits groupes de 3 \u00e0 5 \u00e9l\u00e8ves, avec pour t\u00e2che d&rsquo;\u00e9crire une l\u00e9gende associ\u00e9e \u00e0 l&rsquo;un des monuments, b\u00e2timents ou lieux de la ville. Chacune des 14 l\u00e9gendes n\u00e9es du projet \u00e9tant associ\u00e9es \u00e0 un pictogramme.<\/p>\n<p>Par exemple, la l\u00e9gende relative \u00e0 l&rsquo;usine Le Corbusier relate l&rsquo;histoire de 2 fr\u00e8res, Edward et Charles Corbusier, qui sont surpris par un orage alors qu&rsquo;ils sont \u00e0 la p\u00eache. Edward, attaqu\u00e9 par un corbeau alors que Charles s&rsquo;enfuit chez lui, est furieux contre son fr\u00e8re. Lorsqu&rsquo;il se regarde dans le miroir, il s&rsquo;aper\u00e7oit que sa t\u00eate est celle d&rsquo;un corbeau. Il d\u00e9couvre qu&rsquo;il est atteint d&rsquo;un virus inconnu, la Corbus Morbus. Toujours en froid avec son fr\u00e8re, Edward propage le virus \u00e0 hauteur humaine. Pour rester hors de port\u00e9e du du nuage, Charles construit une usine sur pilots qui fabrique des masques en forme de corbeau pour sauver la population et permettre \u00e0 Edward de se promener dans les rues d\u00e9odatiennes sans \u00eatre jug\u00e9&#8230; et esp\u00e9rer ainsi une probable r\u00e9conciliation.<\/p>\n<p>Pour la partie graphique, qui comprend la r\u00e9alisation des pictogrammes mais aussi les 4 supports sur lesquels sont pr\u00e9sent\u00e9s les l\u00e9gendes, les lyc\u00e9ens ont travaill\u00e9 avec l&rsquo;artiste Emilie Thieuleux ces 2 derniers mois, chaque mardi matin. C&rsquo;est \u00e9galement sous l&rsquo;\u00e9gide de l&rsquo;artiste que chaque groupe d&rsquo;\u00e9l\u00e8ves s&rsquo;est enregistr\u00e9 en lisant sa l\u00e9gende. Alors que le projet touche d\u00e9sormais \u00e0 sa fin, avec une derni\u00e8re s\u00e9ance la semaine prochaine, il sera restitu\u00e9 au moment des prochaines Journ\u00e9es du patrimoine, le week-end des 17 et 18 septembre.<\/p>\n<p>J.J.<\/p>\n\n","protected":false},"excerpt":{"rendered":"<p>Les \u00e9l\u00e8ves de 2 classes de Premi\u00e8re du lyc\u00e9e Jules-Ferry ont r\u00e9interpr\u00e9t\u00e9 le patrimoine de Saint-Di\u00e9-des-Vosges sous forme de l\u00e9gendes. [&hellip;]<\/p>\n","protected":false},"author":44,"featured_media":53598,"comment_status":"open","ping_status":"open","sticky":false,"template":"","format":"standard","meta":{"footnotes":""},"categories":[460,6,2915],"tags":[3352,11444,6367,5358,11445],"class_list":["post-53597","post","type-post","status-publish","format-standard","has-post-thumbnail","hentry","category-a-la-une","category-education","category-saint-die-son-canton","tag-cite-scolaire-jules-ferry","tag-comite-territorial-pour-leducation-artistique-et-culturelle","tag-emilie-thieuleux","tag-lycee-jules-ferry","tag-patrimoine-deodatien"],"acf":[],"yoast_head":"<!-- This site is optimized with the Yoast SEO plugin v22.5 - https:\/\/yoast.com\/wordpress\/plugins\/seo\/ -->\n<title>Le patrimoine d\u00e9odatien r\u00e9interpr\u00e9t\u00e9 sous forme de l\u00e9gendes - Saint Die Info<\/title>\n<meta name=\"robots\" content=\"index, follow, max-snippet:-1, max-image-preview:large, max-video-preview:-1\" \/>\n<link rel=\"canonical\" href=\"https:\/\/vosgesinfo.fr\/saintdieinfo\/2022\/05\/patrimoine-deodatien-reinterprete-forme-de-legendes\/\" \/>\n<meta name=\"twitter:card\" content=\"summary_large_image\" \/>\n<meta name=\"twitter:title\" content=\"Le patrimoine d\u00e9odatien r\u00e9interpr\u00e9t\u00e9 sous forme de l\u00e9gendes - Saint Die Info\" \/>\n<meta name=\"twitter:description\" content=\"Les \u00e9l\u00e8ves de 2 classes de Premi\u00e8re du lyc\u00e9e Jules-Ferry ont r\u00e9interpr\u00e9t\u00e9 le patrimoine de Saint-Di\u00e9-des-Vosges sous forme de l\u00e9gendes. [&hellip;]\" \/>\n<meta name=\"twitter:image\" content=\"https:\/\/vosgesinfo.fr\/app\/uploads\/sites\/4\/2024\/08\/202205projet-perceptions-lycee-jules-ferry-1-1.jpg\" \/>\n<meta name=\"twitter:creator\" content=\"@VosgesInfo88\" \/>\n<meta name=\"twitter:site\" content=\"@VosgesInfo88\" \/>\n<meta name=\"twitter:label1\" content=\"\u00c9crit par\" \/>\n\t<meta name=\"twitter:data1\" content=\"la r\u00e9daction\" \/>\n\t<meta name=\"twitter:label2\" content=\"Dur\u00e9e de lecture estim\u00e9e\" \/>\n\t<meta name=\"twitter:data2\" content=\"2 minutes\" \/>\n<script type=\"application\/ld+json\" class=\"yoast-schema-graph\">{\"@context\":\"https:\/\/schema.org\",\"@graph\":[{\"@type\":\"Article\",\"@id\":\"https:\/\/vosgesinfo.fr\/saintdieinfo\/2022\/05\/patrimoine-deodatien-reinterprete-forme-de-legendes\/#article\",\"isPartOf\":{\"@id\":\"https:\/\/vosgesinfo.fr\/saintdieinfo\/2022\/05\/patrimoine-deodatien-reinterprete-forme-de-legendes\/\"},\"author\":{\"name\":\"la r\u00e9daction\",\"@id\":\"https:\/\/vosgesinfo.fr\/saintdieinfo\/#\/schema\/person\/faee6704a21f3977511db84bd1cd450f\"},\"headline\":\"Le patrimoine d\u00e9odatien r\u00e9interpr\u00e9t\u00e9 sous forme de l\u00e9gendes\",\"datePublished\":\"2022-05-24T13:09:45+00:00\",\"dateModified\":\"2022-05-24T13:09:45+00:00\",\"mainEntityOfPage\":{\"@id\":\"https:\/\/vosgesinfo.fr\/saintdieinfo\/2022\/05\/patrimoine-deodatien-reinterprete-forme-de-legendes\/\"},\"wordCount\":470,\"commentCount\":0,\"publisher\":{\"@id\":\"https:\/\/vosgesinfo.fr\/saintdieinfo\/#organization\"},\"image\":{\"@id\":\"https:\/\/vosgesinfo.fr\/saintdieinfo\/2022\/05\/patrimoine-deodatien-reinterprete-forme-de-legendes\/#primaryimage\"},\"thumbnailUrl\":\"https:\/\/vosgesinfo.fr\/app\/uploads\/sites\/4\/2024\/08\/202205projet-perceptions-lycee-jules-ferry-1-1.jpg\",\"keywords\":[\"Cit\u00e9 scolaire Jules-Ferry\",\"Comit\u00e9 Territorial pour l'Education Artistique et Culturelle\",\"Emilie Thieuleux\",\"Lyc\u00e9e Jules-Ferry\",\"Patrimoine d\u00e9odatien\"],\"articleSection\":[\"A la Une\",\"\u00c9ducation\",\"Saint-Di\u00e9-des-Vosges et son Agglom\u00e9ration\"],\"inLanguage\":\"fr-FR\",\"potentialAction\":[{\"@type\":\"CommentAction\",\"name\":\"Comment\",\"target\":[\"https:\/\/vosgesinfo.fr\/saintdieinfo\/2022\/05\/patrimoine-deodatien-reinterprete-forme-de-legendes\/#respond\"]}]},{\"@type\":\"WebPage\",\"@id\":\"https:\/\/vosgesinfo.fr\/saintdieinfo\/2022\/05\/patrimoine-deodatien-reinterprete-forme-de-legendes\/\",\"url\":\"https:\/\/vosgesinfo.fr\/saintdieinfo\/2022\/05\/patrimoine-deodatien-reinterprete-forme-de-legendes\/\",\"name\":\"Le patrimoine d\u00e9odatien r\u00e9interpr\u00e9t\u00e9 sous forme de l\u00e9gendes - Saint Die Info\",\"isPartOf\":{\"@id\":\"https:\/\/vosgesinfo.fr\/saintdieinfo\/#website\"},\"primaryImageOfPage\":{\"@id\":\"https:\/\/vosgesinfo.fr\/saintdieinfo\/2022\/05\/patrimoine-deodatien-reinterprete-forme-de-legendes\/#primaryimage\"},\"image\":{\"@id\":\"https:\/\/vosgesinfo.fr\/saintdieinfo\/2022\/05\/patrimoine-deodatien-reinterprete-forme-de-legendes\/#primaryimage\"},\"thumbnailUrl\":\"https:\/\/vosgesinfo.fr\/app\/uploads\/sites\/4\/2024\/08\/202205projet-perceptions-lycee-jules-ferry-1-1.jpg\",\"datePublished\":\"2022-05-24T13:09:45+00:00\",\"dateModified\":\"2022-05-24T13:09:45+00:00\",\"breadcrumb\":{\"@id\":\"https:\/\/vosgesinfo.fr\/saintdieinfo\/2022\/05\/patrimoine-deodatien-reinterprete-forme-de-legendes\/#breadcrumb\"},\"inLanguage\":\"fr-FR\",\"potentialAction\":[{\"@type\":\"ReadAction\",\"target\":[\"https:\/\/vosgesinfo.fr\/saintdieinfo\/2022\/05\/patrimoine-deodatien-reinterprete-forme-de-legendes\/\"]}]},{\"@type\":\"ImageObject\",\"inLanguage\":\"fr-FR\",\"@id\":\"https:\/\/vosgesinfo.fr\/saintdieinfo\/2022\/05\/patrimoine-deodatien-reinterprete-forme-de-legendes\/#primaryimage\",\"url\":\"https:\/\/vosgesinfo.fr\/app\/uploads\/sites\/4\/2024\/08\/202205projet-perceptions-lycee-jules-ferry-1-1.jpg\",\"contentUrl\":\"https:\/\/vosgesinfo.fr\/app\/uploads\/sites\/4\/2024\/08\/202205projet-perceptions-lycee-jules-ferry-1-1.jpg\",\"width\":1600,\"height\":1205},{\"@type\":\"BreadcrumbList\",\"@id\":\"https:\/\/vosgesinfo.fr\/saintdieinfo\/2022\/05\/patrimoine-deodatien-reinterprete-forme-de-legendes\/#breadcrumb\",\"itemListElement\":[{\"@type\":\"ListItem\",\"position\":1,\"name\":\"Home\",\"item\":\"https:\/\/vosgesinfo.fr\/saintdieinfo\/\"},{\"@type\":\"ListItem\",\"position\":2,\"name\":\"Le patrimoine d\u00e9odatien r\u00e9interpr\u00e9t\u00e9 sous forme de l\u00e9gendes\"}]},{\"@type\":\"WebSite\",\"@id\":\"https:\/\/vosgesinfo.fr\/saintdieinfo\/#website\",\"url\":\"https:\/\/vosgesinfo.fr\/saintdieinfo\/\",\"name\":\"Saint Die Info\",\"description\":\"Toute l&#039;actualit\u00e9 de Saint-Di\u00e9-Des-Vosges\",\"publisher\":{\"@id\":\"https:\/\/vosgesinfo.fr\/saintdieinfo\/#organization\"},\"alternateName\":\"Toute l'actualit\u00e9 de Saint-Di\u00e9-Des-Vosges\",\"potentialAction\":[{\"@type\":\"SearchAction\",\"target\":{\"@type\":\"EntryPoint\",\"urlTemplate\":\"https:\/\/vosgesinfo.fr\/saintdieinfo\/?s={search_term_string}\"},\"query-input\":\"required name=search_term_string\"}],\"inLanguage\":\"fr-FR\"},{\"@type\":\"Organization\",\"@id\":\"https:\/\/vosgesinfo.fr\/saintdieinfo\/#organization\",\"name\":\"Saint Die Info\",\"url\":\"https:\/\/vosgesinfo.fr\/saintdieinfo\/\",\"logo\":{\"@type\":\"ImageObject\",\"inLanguage\":\"fr-FR\",\"@id\":\"https:\/\/vosgesinfo.fr\/saintdieinfo\/#\/schema\/logo\/image\/\",\"url\":\"https:\/\/vosgesinfo.fr\/app\/uploads\/sites\/4\/2024\/02\/logo-sdi.jpg\",\"contentUrl\":\"https:\/\/vosgesinfo.fr\/app\/uploads\/sites\/4\/2024\/02\/logo-sdi.jpg\",\"width\":600,\"height\":600,\"caption\":\"Saint Die Info\"},\"image\":{\"@id\":\"https:\/\/vosgesinfo.fr\/saintdieinfo\/#\/schema\/logo\/image\/\"},\"sameAs\":[\"https:\/\/www.facebook.com\/Saintdieinfofr\",\"https:\/\/x.com\/VosgesInfo88\",\"https:\/\/www.youtube.com\/@vosgesinfo\"]},{\"@type\":\"Person\",\"@id\":\"https:\/\/vosgesinfo.fr\/saintdieinfo\/#\/schema\/person\/faee6704a21f3977511db84bd1cd450f\",\"name\":\"la r\u00e9daction\",\"image\":{\"@type\":\"ImageObject\",\"inLanguage\":\"fr-FR\",\"@id\":\"https:\/\/vosgesinfo.fr\/saintdieinfo\/#\/schema\/person\/image\/\",\"url\":\"https:\/\/secure.gravatar.com\/avatar\/6673d8bc6a9c17fa9a453eaa3448de834fa308c2ec9635b7aa99441a7c8d2cf6?s=96&d=mm&r=g\",\"contentUrl\":\"https:\/\/secure.gravatar.com\/avatar\/6673d8bc6a9c17fa9a453eaa3448de834fa308c2ec9635b7aa99441a7c8d2cf6?s=96&d=mm&r=g\",\"caption\":\"la r\u00e9daction\"},\"url\":\"https:\/\/vosgesinfo.fr\/saintdieinfo\/author\/redac\/\"}]}<\/script>\n<!-- \/ Yoast SEO plugin. -->","yoast_head_json":{"title":"Le patrimoine d\u00e9odatien r\u00e9interpr\u00e9t\u00e9 sous forme de l\u00e9gendes - Saint Die Info","robots":{"index":"index","follow":"follow","max-snippet":"max-snippet:-1","max-image-preview":"max-image-preview:large","max-video-preview":"max-video-preview:-1"},"canonical":"https:\/\/vosgesinfo.fr\/saintdieinfo\/2022\/05\/patrimoine-deodatien-reinterprete-forme-de-legendes\/","twitter_card":"summary_large_image","twitter_title":"Le patrimoine d\u00e9odatien r\u00e9interpr\u00e9t\u00e9 sous forme de l\u00e9gendes - Saint Die Info","twitter_description":"Les \u00e9l\u00e8ves de 2 classes de Premi\u00e8re du lyc\u00e9e Jules-Ferry ont r\u00e9interpr\u00e9t\u00e9 le patrimoine de Saint-Di\u00e9-des-Vosges sous forme de l\u00e9gendes. [&hellip;]","twitter_image":"https:\/\/vosgesinfo.fr\/app\/uploads\/sites\/4\/2024\/08\/202205projet-perceptions-lycee-jules-ferry-1-1.jpg","twitter_creator":"@VosgesInfo88","twitter_site":"@VosgesInfo88","twitter_misc":{"\u00c9crit par":"la r\u00e9daction","Dur\u00e9e de lecture estim\u00e9e":"2 minutes"},"schema":{"@context":"https:\/\/schema.org","@graph":[{"@type":"Article","@id":"https:\/\/vosgesinfo.fr\/saintdieinfo\/2022\/05\/patrimoine-deodatien-reinterprete-forme-de-legendes\/#article","isPartOf":{"@id":"https:\/\/vosgesinfo.fr\/saintdieinfo\/2022\/05\/patrimoine-deodatien-reinterprete-forme-de-legendes\/"},"author":{"name":"la r\u00e9daction","@id":"https:\/\/vosgesinfo.fr\/saintdieinfo\/#\/schema\/person\/faee6704a21f3977511db84bd1cd450f"},"headline":"Le patrimoine d\u00e9odatien r\u00e9interpr\u00e9t\u00e9 sous forme de l\u00e9gendes","datePublished":"2022-05-24T13:09:45+00:00","dateModified":"2022-05-24T13:09:45+00:00","mainEntityOfPage":{"@id":"https:\/\/vosgesinfo.fr\/saintdieinfo\/2022\/05\/patrimoine-deodatien-reinterprete-forme-de-legendes\/"},"wordCount":470,"commentCount":0,"publisher":{"@id":"https:\/\/vosgesinfo.fr\/saintdieinfo\/#organization"},"image":{"@id":"https:\/\/vosgesinfo.fr\/saintdieinfo\/2022\/05\/patrimoine-deodatien-reinterprete-forme-de-legendes\/#primaryimage"},"thumbnailUrl":"https:\/\/vosgesinfo.fr\/app\/uploads\/sites\/4\/2024\/08\/202205projet-perceptions-lycee-jules-ferry-1-1.jpg","keywords":["Cit\u00e9 scolaire Jules-Ferry","Comit\u00e9 Territorial pour l'Education Artistique et Culturelle","Emilie Thieuleux","Lyc\u00e9e Jules-Ferry","Patrimoine d\u00e9odatien"],"articleSection":["A la Une","\u00c9ducation","Saint-Di\u00e9-des-Vosges et son Agglom\u00e9ration"],"inLanguage":"fr-FR","potentialAction":[{"@type":"CommentAction","name":"Comment","target":["https:\/\/vosgesinfo.fr\/saintdieinfo\/2022\/05\/patrimoine-deodatien-reinterprete-forme-de-legendes\/#respond"]}]},{"@type":"WebPage","@id":"https:\/\/vosgesinfo.fr\/saintdieinfo\/2022\/05\/patrimoine-deodatien-reinterprete-forme-de-legendes\/","url":"https:\/\/vosgesinfo.fr\/saintdieinfo\/2022\/05\/patrimoine-deodatien-reinterprete-forme-de-legendes\/","name":"Le patrimoine d\u00e9odatien r\u00e9interpr\u00e9t\u00e9 sous forme de l\u00e9gendes - Saint Die Info","isPartOf":{"@id":"https:\/\/vosgesinfo.fr\/saintdieinfo\/#website"},"primaryImageOfPage":{"@id":"https:\/\/vosgesinfo.fr\/saintdieinfo\/2022\/05\/patrimoine-deodatien-reinterprete-forme-de-legendes\/#primaryimage"},"image":{"@id":"https:\/\/vosgesinfo.fr\/saintdieinfo\/2022\/05\/patrimoine-deodatien-reinterprete-forme-de-legendes\/#primaryimage"},"thumbnailUrl":"https:\/\/vosgesinfo.fr\/app\/uploads\/sites\/4\/2024\/08\/202205projet-perceptions-lycee-jules-ferry-1-1.jpg","datePublished":"2022-05-24T13:09:45+00:00","dateModified":"2022-05-24T13:09:45+00:00","breadcrumb":{"@id":"https:\/\/vosgesinfo.fr\/saintdieinfo\/2022\/05\/patrimoine-deodatien-reinterprete-forme-de-legendes\/#breadcrumb"},"inLanguage":"fr-FR","potentialAction":[{"@type":"ReadAction","target":["https:\/\/vosgesinfo.fr\/saintdieinfo\/2022\/05\/patrimoine-deodatien-reinterprete-forme-de-legendes\/"]}]},{"@type":"ImageObject","inLanguage":"fr-FR","@id":"https:\/\/vosgesinfo.fr\/saintdieinfo\/2022\/05\/patrimoine-deodatien-reinterprete-forme-de-legendes\/#primaryimage","url":"https:\/\/vosgesinfo.fr\/app\/uploads\/sites\/4\/2024\/08\/202205projet-perceptions-lycee-jules-ferry-1-1.jpg","contentUrl":"https:\/\/vosgesinfo.fr\/app\/uploads\/sites\/4\/2024\/08\/202205projet-perceptions-lycee-jules-ferry-1-1.jpg","width":1600,"height":1205},{"@type":"BreadcrumbList","@id":"https:\/\/vosgesinfo.fr\/saintdieinfo\/2022\/05\/patrimoine-deodatien-reinterprete-forme-de-legendes\/#breadcrumb","itemListElement":[{"@type":"ListItem","position":1,"name":"Home","item":"https:\/\/vosgesinfo.fr\/saintdieinfo\/"},{"@type":"ListItem","position":2,"name":"Le patrimoine d\u00e9odatien r\u00e9interpr\u00e9t\u00e9 sous forme de l\u00e9gendes"}]},{"@type":"WebSite","@id":"https:\/\/vosgesinfo.fr\/saintdieinfo\/#website","url":"https:\/\/vosgesinfo.fr\/saintdieinfo\/","name":"Saint Die Info","description":"Toute l&#039;actualit\u00e9 de Saint-Di\u00e9-Des-Vosges","publisher":{"@id":"https:\/\/vosgesinfo.fr\/saintdieinfo\/#organization"},"alternateName":"Toute l'actualit\u00e9 de Saint-Di\u00e9-Des-Vosges","potentialAction":[{"@type":"SearchAction","target":{"@type":"EntryPoint","urlTemplate":"https:\/\/vosgesinfo.fr\/saintdieinfo\/?s={search_term_string}"},"query-input":"required name=search_term_string"}],"inLanguage":"fr-FR"},{"@type":"Organization","@id":"https:\/\/vosgesinfo.fr\/saintdieinfo\/#organization","name":"Saint Die Info","url":"https:\/\/vosgesinfo.fr\/saintdieinfo\/","logo":{"@type":"ImageObject","inLanguage":"fr-FR","@id":"https:\/\/vosgesinfo.fr\/saintdieinfo\/#\/schema\/logo\/image\/","url":"https:\/\/vosgesinfo.fr\/app\/uploads\/sites\/4\/2024\/02\/logo-sdi.jpg","contentUrl":"https:\/\/vosgesinfo.fr\/app\/uploads\/sites\/4\/2024\/02\/logo-sdi.jpg","width":600,"height":600,"caption":"Saint Die Info"},"image":{"@id":"https:\/\/vosgesinfo.fr\/saintdieinfo\/#\/schema\/logo\/image\/"},"sameAs":["https:\/\/www.facebook.com\/Saintdieinfofr","https:\/\/x.com\/VosgesInfo88","https:\/\/www.youtube.com\/@vosgesinfo"]},{"@type":"Person","@id":"https:\/\/vosgesinfo.fr\/saintdieinfo\/#\/schema\/person\/faee6704a21f3977511db84bd1cd450f","name":"la r\u00e9daction","image":{"@type":"ImageObject","inLanguage":"fr-FR","@id":"https:\/\/vosgesinfo.fr\/saintdieinfo\/#\/schema\/person\/image\/","url":"https:\/\/secure.gravatar.com\/avatar\/6673d8bc6a9c17fa9a453eaa3448de834fa308c2ec9635b7aa99441a7c8d2cf6?s=96&d=mm&r=g","contentUrl":"https:\/\/secure.gravatar.com\/avatar\/6673d8bc6a9c17fa9a453eaa3448de834fa308c2ec9635b7aa99441a7c8d2cf6?s=96&d=mm&r=g","caption":"la r\u00e9daction"},"url":"https:\/\/vosgesinfo.fr\/saintdieinfo\/author\/redac\/"}]}},"_links":{"self":[{"href":"https:\/\/vosgesinfo.fr\/saintdieinfo\/wp-json\/wp\/v2\/posts\/53597","targetHints":{"allow":["GET"]}}],"collection":[{"href":"https:\/\/vosgesinfo.fr\/saintdieinfo\/wp-json\/wp\/v2\/posts"}],"about":[{"href":"https:\/\/vosgesinfo.fr\/saintdieinfo\/wp-json\/wp\/v2\/types\/post"}],"author":[{"embeddable":true,"href":"https:\/\/vosgesinfo.fr\/saintdieinfo\/wp-json\/wp\/v2\/users\/44"}],"replies":[{"embeddable":true,"href":"https:\/\/vosgesinfo.fr\/saintdieinfo\/wp-json\/wp\/v2\/comments?post=53597"}],"version-history":[{"count":0,"href":"https:\/\/vosgesinfo.fr\/saintdieinfo\/wp-json\/wp\/v2\/posts\/53597\/revisions"}],"wp:featuredmedia":[{"embeddable":true,"href":"https:\/\/vosgesinfo.fr\/saintdieinfo\/wp-json\/wp\/v2\/media\/53598"}],"wp:attachment":[{"href":"https:\/\/vosgesinfo.fr\/saintdieinfo\/wp-json\/wp\/v2\/media?parent=53597"}],"wp:term":[{"taxonomy":"category","embeddable":true,"href":"https:\/\/vosgesinfo.fr\/saintdieinfo\/wp-json\/wp\/v2\/categories?post=53597"},{"taxonomy":"post_tag","embeddable":true,"href":"https:\/\/vosgesinfo.fr\/saintdieinfo\/wp-json\/wp\/v2\/tags?post=53597"}],"curies":[{"name":"wp","href":"https:\/\/api.w.org\/{rel}","templated":true}]}}