{"id":53639,"date":"2022-05-25T11:27:31","date_gmt":"2022-05-25T09:27:31","guid":{"rendered":"https:\/\/vosgesinfo.fr\/saintdieinfo\/2022\/05\/deodatien-herve-legrix-realise-portraits-photo-profit-de-lutte-contre-cancer\/"},"modified":"2022-05-25T11:27:31","modified_gmt":"2022-05-25T09:27:31","slug":"deodatien-herve-legrix-realise-portraits-photo-profit-de-lutte-contre-cancer","status":"publish","type":"post","link":"https:\/\/vosgesinfo.fr\/saintdieinfo\/2022\/05\/deodatien-herve-legrix-realise-portraits-photo-profit-de-lutte-contre-cancer\/","title":{"rendered":"Le D\u00e9odatien Herv\u00e9 Legrix r\u00e9alise des portraits photo au profit de la lutte contre le cancer"},"content":{"rendered":"<div id=\"attachment_184048\" style=\"width: 970px\" class=\"wp-caption aligncenter\"><a href=\"\/2022\/05\/Portraits_Octobre_Rose_Herv\u00e9_Legrix-2.jpg\" target=\"_blank\" rel=\"noopener\"><img decoding=\"async\" aria-describedby=\"caption-attachment-184048\" class=\"wp-image-184048 size-large\" src=\"\/2022\/05\/Portraits_Octobre_Rose_Herv\u00e9_Legrix-2-1024x771.jpg\" alt=\"Portraits_Octobre_Rose_Herv\u00e9_Legrix (2)\" width=\"960\" height=\"723\" \/><\/a><p id=\"caption-attachment-184048\" class=\"wp-caption-text\">Herv\u00e9 Legrix en pleine s\u00e9ance de shooting photo ce mercredi matin.<\/p><\/div>\n<h2><strong><span style=\"font-size: 14pt;\">Depuis 2019 et sa premi\u00e8re exposition photographique, \u00ab\u00a0Kellermann sous un autre angle\u00a0\u00bb, Herv\u00e9 Legrix encha\u00eene les projets. Son dernier en date\u00a0? Des shootings photos en vue du prochain Octobre Rose d\u00e9odatien.<\/span><\/strong><\/h2>\n<p><!--more--><\/p>\n<p>Le D\u00e9odatien propose \u00e0 toutes celles et ceux qui le souhaitent de venir se faire tirer le portrait au Centre Social Lucie-Aubrac du quartier Kellermann, que ce soit seul(e), en famille et\/ou avec son animal de compagnie. Sur la somme de 10 euros demand\u00e9e pour chaque portrait, 3 euros seront ensuite remis \u00e0 la Ligue contre le cancer sachant que Herv\u00e9 Legrix r\u00e9alise lui m\u00eame les tirages sur papier A4. Le but n&rsquo;est donc pas de se faire de l&rsquo;argent.<\/p>\n<p><em>\u00ab\u00a0La premi\u00e8re fois que j&rsquo;ai fait du portrait, c&rsquo;\u00e9tait pour la Journ\u00e9e internationale des droits des femmes de cette ann\u00e9e, lorsque j&rsquo;avais expos\u00e9 <strong><a href=\"https:\/\/saintdieinfo.fr\/2022\/03\/18-portraits-de-femmes-a-decouvrir-a-lespace-georges-sadoul-cet-apres-midi\/\" target=\"_blank\" rel=\"noopener\">18 portraits en noir et blanc de femmes d\u00e9odatiennes \u00e0 l&rsquo;Espace Georges-Sadoul.<\/a><\/strong> Pour ce nouveau projet, au d\u00e9part c&rsquo;est Olivier Besin du Centre Social Lucie-Aubrac qui est venu me voir pour me proposer de faire un shooting photo des adh\u00e9rents du centre. \u00c7a faisait longtemps que je voulais faire un projet de ce type, avec des portraits en noir et blanc, donc j&rsquo;ai imm\u00e9diatement accept\u00e9. Des adh\u00e9rents seulement, cela s&rsquo;est \u00e9largi aux habitants du quartier et d\u00e9sormais \u00e0 tout le monde\u00a0\u00bb<\/em> explique Herv\u00e9 Legrix, tout en ajoutant que <em>\u00ab\u00a0les personnes qui me donnent leur autorisation auront leur portrait expos\u00e9 au centre social \u00e0 l&rsquo;automne, au moment d&rsquo;Octobre Rose.\u00a0\u00bb<\/em><\/p>\n<p>Pour conna\u00eetre les horaires et dates des prochains shootings photo organis\u00e9s dans le cadre de ce projet, prendre contact aupr\u00e8s du Centre Social Lucie-Aubrac, par t\u00e9l\u00e9phone au <strong>03-29-55-02-53.<\/strong><\/p>\n<p>J.J.<\/p>\n\n","protected":false},"excerpt":{"rendered":"<p>Depuis 2019 et sa premi\u00e8re exposition photographique, \u00ab\u00a0Kellermann sous un autre angle\u00a0\u00bb, Herv\u00e9 Legrix encha\u00eene les projets. Son dernier en [&hellip;]<\/p>\n","protected":false},"author":44,"featured_media":53640,"comment_status":"open","ping_status":"open","sticky":false,"template":"","format":"standard","meta":{"footnotes":""},"categories":[460,8019,7847,2915,29],"tags":[4177,8021,2171,2268,11460],"class_list":["post-53639","post","type-post","status-publish","format-standard","has-post-thumbnail","hentry","category-a-la-une","category-vie-artistique-art-culture","category-art-culture","category-saint-die-son-canton","category-solidarite","tag-centre-social-lucie-aubrac","tag-herve-legrix","tag-ligue-contre-le-cancer","tag-octobre-rose","tag-shooting-photo"],"acf":[],"yoast_head":"<!-- This site is optimized with the Yoast SEO plugin v22.5 - https:\/\/yoast.com\/wordpress\/plugins\/seo\/ -->\n<title>Le D\u00e9odatien Herv\u00e9 Legrix r\u00e9alise des portraits photo au profit de la lutte contre le cancer - Saint Die Info<\/title>\n<meta name=\"robots\" content=\"index, follow, max-snippet:-1, max-image-preview:large, max-video-preview:-1\" \/>\n<link rel=\"canonical\" href=\"https:\/\/vosgesinfo.fr\/saintdieinfo\/2022\/05\/deodatien-herve-legrix-realise-portraits-photo-profit-de-lutte-contre-cancer\/\" \/>\n<meta name=\"twitter:card\" content=\"summary_large_image\" \/>\n<meta name=\"twitter:title\" content=\"Le D\u00e9odatien Herv\u00e9 Legrix r\u00e9alise des portraits photo au profit de la lutte contre le cancer - Saint Die Info\" \/>\n<meta name=\"twitter:description\" content=\"Depuis 2019 et sa premi\u00e8re exposition photographique, \u00ab\u00a0Kellermann sous un autre angle\u00a0\u00bb, Herv\u00e9 Legrix encha\u00eene les projets. Son dernier en [&hellip;]\" \/>\n<meta name=\"twitter:image\" content=\"https:\/\/vosgesinfo.fr\/app\/uploads\/sites\/4\/2024\/08\/202205portraits-octobre-rose-herve-legrix-2.jpg\" \/>\n<meta name=\"twitter:creator\" content=\"@VosgesInfo88\" \/>\n<meta name=\"twitter:site\" content=\"@VosgesInfo88\" \/>\n<meta name=\"twitter:label1\" content=\"\u00c9crit par\" \/>\n\t<meta name=\"twitter:data1\" content=\"la r\u00e9daction\" \/>\n\t<meta name=\"twitter:label2\" content=\"Dur\u00e9e de lecture estim\u00e9e\" \/>\n\t<meta name=\"twitter:data2\" content=\"2 minutes\" \/>\n<script type=\"application\/ld+json\" class=\"yoast-schema-graph\">{\"@context\":\"https:\/\/schema.org\",\"@graph\":[{\"@type\":\"Article\",\"@id\":\"https:\/\/vosgesinfo.fr\/saintdieinfo\/2022\/05\/deodatien-herve-legrix-realise-portraits-photo-profit-de-lutte-contre-cancer\/#article\",\"isPartOf\":{\"@id\":\"https:\/\/vosgesinfo.fr\/saintdieinfo\/2022\/05\/deodatien-herve-legrix-realise-portraits-photo-profit-de-lutte-contre-cancer\/\"},\"author\":{\"name\":\"la r\u00e9daction\",\"@id\":\"https:\/\/vosgesinfo.fr\/saintdieinfo\/#\/schema\/person\/faee6704a21f3977511db84bd1cd450f\"},\"headline\":\"Le D\u00e9odatien Herv\u00e9 Legrix r\u00e9alise des portraits photo au profit de la lutte contre le cancer\",\"datePublished\":\"2022-05-25T09:27:31+00:00\",\"dateModified\":\"2022-05-25T09:27:31+00:00\",\"mainEntityOfPage\":{\"@id\":\"https:\/\/vosgesinfo.fr\/saintdieinfo\/2022\/05\/deodatien-herve-legrix-realise-portraits-photo-profit-de-lutte-contre-cancer\/\"},\"wordCount\":343,\"commentCount\":0,\"publisher\":{\"@id\":\"https:\/\/vosgesinfo.fr\/saintdieinfo\/#organization\"},\"image\":{\"@id\":\"https:\/\/vosgesinfo.fr\/saintdieinfo\/2022\/05\/deodatien-herve-legrix-realise-portraits-photo-profit-de-lutte-contre-cancer\/#primaryimage\"},\"thumbnailUrl\":\"https:\/\/vosgesinfo.fr\/app\/uploads\/sites\/4\/2024\/08\/202205portraits-octobre-rose-herve-legrix-2.jpg\",\"keywords\":[\"Centre-Social Lucie Aubrac\",\"Herv\u00e9 Legrix\",\"Ligue contre le cancer\",\"Octobre Rose\",\"Shooting photo\"],\"articleSection\":[\"A la Une\",\"Art\",\"Culture\",\"Saint-Di\u00e9-des-Vosges et son Agglom\u00e9ration\",\"Solidarit\u00e9\"],\"inLanguage\":\"fr-FR\",\"potentialAction\":[{\"@type\":\"CommentAction\",\"name\":\"Comment\",\"target\":[\"https:\/\/vosgesinfo.fr\/saintdieinfo\/2022\/05\/deodatien-herve-legrix-realise-portraits-photo-profit-de-lutte-contre-cancer\/#respond\"]}]},{\"@type\":\"WebPage\",\"@id\":\"https:\/\/vosgesinfo.fr\/saintdieinfo\/2022\/05\/deodatien-herve-legrix-realise-portraits-photo-profit-de-lutte-contre-cancer\/\",\"url\":\"https:\/\/vosgesinfo.fr\/saintdieinfo\/2022\/05\/deodatien-herve-legrix-realise-portraits-photo-profit-de-lutte-contre-cancer\/\",\"name\":\"Le D\u00e9odatien Herv\u00e9 Legrix r\u00e9alise des portraits photo au profit de la lutte contre le cancer - Saint Die Info\",\"isPartOf\":{\"@id\":\"https:\/\/vosgesinfo.fr\/saintdieinfo\/#website\"},\"primaryImageOfPage\":{\"@id\":\"https:\/\/vosgesinfo.fr\/saintdieinfo\/2022\/05\/deodatien-herve-legrix-realise-portraits-photo-profit-de-lutte-contre-cancer\/#primaryimage\"},\"image\":{\"@id\":\"https:\/\/vosgesinfo.fr\/saintdieinfo\/2022\/05\/deodatien-herve-legrix-realise-portraits-photo-profit-de-lutte-contre-cancer\/#primaryimage\"},\"thumbnailUrl\":\"https:\/\/vosgesinfo.fr\/app\/uploads\/sites\/4\/2024\/08\/202205portraits-octobre-rose-herve-legrix-2.jpg\",\"datePublished\":\"2022-05-25T09:27:31+00:00\",\"dateModified\":\"2022-05-25T09:27:31+00:00\",\"breadcrumb\":{\"@id\":\"https:\/\/vosgesinfo.fr\/saintdieinfo\/2022\/05\/deodatien-herve-legrix-realise-portraits-photo-profit-de-lutte-contre-cancer\/#breadcrumb\"},\"inLanguage\":\"fr-FR\",\"potentialAction\":[{\"@type\":\"ReadAction\",\"target\":[\"https:\/\/vosgesinfo.fr\/saintdieinfo\/2022\/05\/deodatien-herve-legrix-realise-portraits-photo-profit-de-lutte-contre-cancer\/\"]}]},{\"@type\":\"ImageObject\",\"inLanguage\":\"fr-FR\",\"@id\":\"https:\/\/vosgesinfo.fr\/saintdieinfo\/2022\/05\/deodatien-herve-legrix-realise-portraits-photo-profit-de-lutte-contre-cancer\/#primaryimage\",\"url\":\"https:\/\/vosgesinfo.fr\/app\/uploads\/sites\/4\/2024\/08\/202205portraits-octobre-rose-herve-legrix-2.jpg\",\"contentUrl\":\"https:\/\/vosgesinfo.fr\/app\/uploads\/sites\/4\/2024\/08\/202205portraits-octobre-rose-herve-legrix-2.jpg\",\"width\":1600,\"height\":1205},{\"@type\":\"BreadcrumbList\",\"@id\":\"https:\/\/vosgesinfo.fr\/saintdieinfo\/2022\/05\/deodatien-herve-legrix-realise-portraits-photo-profit-de-lutte-contre-cancer\/#breadcrumb\",\"itemListElement\":[{\"@type\":\"ListItem\",\"position\":1,\"name\":\"Home\",\"item\":\"https:\/\/vosgesinfo.fr\/saintdieinfo\/\"},{\"@type\":\"ListItem\",\"position\":2,\"name\":\"Le D\u00e9odatien Herv\u00e9 Legrix r\u00e9alise des portraits photo au profit de la lutte contre le cancer\"}]},{\"@type\":\"WebSite\",\"@id\":\"https:\/\/vosgesinfo.fr\/saintdieinfo\/#website\",\"url\":\"https:\/\/vosgesinfo.fr\/saintdieinfo\/\",\"name\":\"Saint Die Info\",\"description\":\"Toute l&#039;actualit\u00e9 de Saint-Di\u00e9-Des-Vosges\",\"publisher\":{\"@id\":\"https:\/\/vosgesinfo.fr\/saintdieinfo\/#organization\"},\"alternateName\":\"Toute l'actualit\u00e9 de Saint-Di\u00e9-Des-Vosges\",\"potentialAction\":[{\"@type\":\"SearchAction\",\"target\":{\"@type\":\"EntryPoint\",\"urlTemplate\":\"https:\/\/vosgesinfo.fr\/saintdieinfo\/?s={search_term_string}\"},\"query-input\":\"required name=search_term_string\"}],\"inLanguage\":\"fr-FR\"},{\"@type\":\"Organization\",\"@id\":\"https:\/\/vosgesinfo.fr\/saintdieinfo\/#organization\",\"name\":\"Saint Die Info\",\"url\":\"https:\/\/vosgesinfo.fr\/saintdieinfo\/\",\"logo\":{\"@type\":\"ImageObject\",\"inLanguage\":\"fr-FR\",\"@id\":\"https:\/\/vosgesinfo.fr\/saintdieinfo\/#\/schema\/logo\/image\/\",\"url\":\"https:\/\/vosgesinfo.fr\/app\/uploads\/sites\/4\/2024\/02\/logo-sdi.jpg\",\"contentUrl\":\"https:\/\/vosgesinfo.fr\/app\/uploads\/sites\/4\/2024\/02\/logo-sdi.jpg\",\"width\":600,\"height\":600,\"caption\":\"Saint Die Info\"},\"image\":{\"@id\":\"https:\/\/vosgesinfo.fr\/saintdieinfo\/#\/schema\/logo\/image\/\"},\"sameAs\":[\"https:\/\/www.facebook.com\/Saintdieinfofr\",\"https:\/\/x.com\/VosgesInfo88\",\"https:\/\/www.youtube.com\/@vosgesinfo\"]},{\"@type\":\"Person\",\"@id\":\"https:\/\/vosgesinfo.fr\/saintdieinfo\/#\/schema\/person\/faee6704a21f3977511db84bd1cd450f\",\"name\":\"la r\u00e9daction\",\"image\":{\"@type\":\"ImageObject\",\"inLanguage\":\"fr-FR\",\"@id\":\"https:\/\/vosgesinfo.fr\/saintdieinfo\/#\/schema\/person\/image\/\",\"url\":\"https:\/\/secure.gravatar.com\/avatar\/6673d8bc6a9c17fa9a453eaa3448de834fa308c2ec9635b7aa99441a7c8d2cf6?s=96&d=mm&r=g\",\"contentUrl\":\"https:\/\/secure.gravatar.com\/avatar\/6673d8bc6a9c17fa9a453eaa3448de834fa308c2ec9635b7aa99441a7c8d2cf6?s=96&d=mm&r=g\",\"caption\":\"la r\u00e9daction\"},\"url\":\"https:\/\/vosgesinfo.fr\/saintdieinfo\/author\/redac\/\"}]}<\/script>\n<!-- \/ Yoast SEO plugin. -->","yoast_head_json":{"title":"Le D\u00e9odatien Herv\u00e9 Legrix r\u00e9alise des portraits photo au profit de la lutte contre le cancer - Saint Die Info","robots":{"index":"index","follow":"follow","max-snippet":"max-snippet:-1","max-image-preview":"max-image-preview:large","max-video-preview":"max-video-preview:-1"},"canonical":"https:\/\/vosgesinfo.fr\/saintdieinfo\/2022\/05\/deodatien-herve-legrix-realise-portraits-photo-profit-de-lutte-contre-cancer\/","twitter_card":"summary_large_image","twitter_title":"Le D\u00e9odatien Herv\u00e9 Legrix r\u00e9alise des portraits photo au profit de la lutte contre le cancer - Saint Die Info","twitter_description":"Depuis 2019 et sa premi\u00e8re exposition photographique, \u00ab\u00a0Kellermann sous un autre angle\u00a0\u00bb, Herv\u00e9 Legrix encha\u00eene les projets. Son dernier en [&hellip;]","twitter_image":"https:\/\/vosgesinfo.fr\/app\/uploads\/sites\/4\/2024\/08\/202205portraits-octobre-rose-herve-legrix-2.jpg","twitter_creator":"@VosgesInfo88","twitter_site":"@VosgesInfo88","twitter_misc":{"\u00c9crit par":"la r\u00e9daction","Dur\u00e9e de lecture estim\u00e9e":"2 minutes"},"schema":{"@context":"https:\/\/schema.org","@graph":[{"@type":"Article","@id":"https:\/\/vosgesinfo.fr\/saintdieinfo\/2022\/05\/deodatien-herve-legrix-realise-portraits-photo-profit-de-lutte-contre-cancer\/#article","isPartOf":{"@id":"https:\/\/vosgesinfo.fr\/saintdieinfo\/2022\/05\/deodatien-herve-legrix-realise-portraits-photo-profit-de-lutte-contre-cancer\/"},"author":{"name":"la r\u00e9daction","@id":"https:\/\/vosgesinfo.fr\/saintdieinfo\/#\/schema\/person\/faee6704a21f3977511db84bd1cd450f"},"headline":"Le D\u00e9odatien Herv\u00e9 Legrix r\u00e9alise des portraits photo au profit de la lutte contre le cancer","datePublished":"2022-05-25T09:27:31+00:00","dateModified":"2022-05-25T09:27:31+00:00","mainEntityOfPage":{"@id":"https:\/\/vosgesinfo.fr\/saintdieinfo\/2022\/05\/deodatien-herve-legrix-realise-portraits-photo-profit-de-lutte-contre-cancer\/"},"wordCount":343,"commentCount":0,"publisher":{"@id":"https:\/\/vosgesinfo.fr\/saintdieinfo\/#organization"},"image":{"@id":"https:\/\/vosgesinfo.fr\/saintdieinfo\/2022\/05\/deodatien-herve-legrix-realise-portraits-photo-profit-de-lutte-contre-cancer\/#primaryimage"},"thumbnailUrl":"https:\/\/vosgesinfo.fr\/app\/uploads\/sites\/4\/2024\/08\/202205portraits-octobre-rose-herve-legrix-2.jpg","keywords":["Centre-Social Lucie Aubrac","Herv\u00e9 Legrix","Ligue contre le cancer","Octobre Rose","Shooting photo"],"articleSection":["A la Une","Art","Culture","Saint-Di\u00e9-des-Vosges et son Agglom\u00e9ration","Solidarit\u00e9"],"inLanguage":"fr-FR","potentialAction":[{"@type":"CommentAction","name":"Comment","target":["https:\/\/vosgesinfo.fr\/saintdieinfo\/2022\/05\/deodatien-herve-legrix-realise-portraits-photo-profit-de-lutte-contre-cancer\/#respond"]}]},{"@type":"WebPage","@id":"https:\/\/vosgesinfo.fr\/saintdieinfo\/2022\/05\/deodatien-herve-legrix-realise-portraits-photo-profit-de-lutte-contre-cancer\/","url":"https:\/\/vosgesinfo.fr\/saintdieinfo\/2022\/05\/deodatien-herve-legrix-realise-portraits-photo-profit-de-lutte-contre-cancer\/","name":"Le D\u00e9odatien Herv\u00e9 Legrix r\u00e9alise des portraits photo au profit de la lutte contre le cancer - Saint Die Info","isPartOf":{"@id":"https:\/\/vosgesinfo.fr\/saintdieinfo\/#website"},"primaryImageOfPage":{"@id":"https:\/\/vosgesinfo.fr\/saintdieinfo\/2022\/05\/deodatien-herve-legrix-realise-portraits-photo-profit-de-lutte-contre-cancer\/#primaryimage"},"image":{"@id":"https:\/\/vosgesinfo.fr\/saintdieinfo\/2022\/05\/deodatien-herve-legrix-realise-portraits-photo-profit-de-lutte-contre-cancer\/#primaryimage"},"thumbnailUrl":"https:\/\/vosgesinfo.fr\/app\/uploads\/sites\/4\/2024\/08\/202205portraits-octobre-rose-herve-legrix-2.jpg","datePublished":"2022-05-25T09:27:31+00:00","dateModified":"2022-05-25T09:27:31+00:00","breadcrumb":{"@id":"https:\/\/vosgesinfo.fr\/saintdieinfo\/2022\/05\/deodatien-herve-legrix-realise-portraits-photo-profit-de-lutte-contre-cancer\/#breadcrumb"},"inLanguage":"fr-FR","potentialAction":[{"@type":"ReadAction","target":["https:\/\/vosgesinfo.fr\/saintdieinfo\/2022\/05\/deodatien-herve-legrix-realise-portraits-photo-profit-de-lutte-contre-cancer\/"]}]},{"@type":"ImageObject","inLanguage":"fr-FR","@id":"https:\/\/vosgesinfo.fr\/saintdieinfo\/2022\/05\/deodatien-herve-legrix-realise-portraits-photo-profit-de-lutte-contre-cancer\/#primaryimage","url":"https:\/\/vosgesinfo.fr\/app\/uploads\/sites\/4\/2024\/08\/202205portraits-octobre-rose-herve-legrix-2.jpg","contentUrl":"https:\/\/vosgesinfo.fr\/app\/uploads\/sites\/4\/2024\/08\/202205portraits-octobre-rose-herve-legrix-2.jpg","width":1600,"height":1205},{"@type":"BreadcrumbList","@id":"https:\/\/vosgesinfo.fr\/saintdieinfo\/2022\/05\/deodatien-herve-legrix-realise-portraits-photo-profit-de-lutte-contre-cancer\/#breadcrumb","itemListElement":[{"@type":"ListItem","position":1,"name":"Home","item":"https:\/\/vosgesinfo.fr\/saintdieinfo\/"},{"@type":"ListItem","position":2,"name":"Le D\u00e9odatien Herv\u00e9 Legrix r\u00e9alise des portraits photo au profit de la lutte contre le cancer"}]},{"@type":"WebSite","@id":"https:\/\/vosgesinfo.fr\/saintdieinfo\/#website","url":"https:\/\/vosgesinfo.fr\/saintdieinfo\/","name":"Saint Die Info","description":"Toute l&#039;actualit\u00e9 de Saint-Di\u00e9-Des-Vosges","publisher":{"@id":"https:\/\/vosgesinfo.fr\/saintdieinfo\/#organization"},"alternateName":"Toute l'actualit\u00e9 de Saint-Di\u00e9-Des-Vosges","potentialAction":[{"@type":"SearchAction","target":{"@type":"EntryPoint","urlTemplate":"https:\/\/vosgesinfo.fr\/saintdieinfo\/?s={search_term_string}"},"query-input":"required name=search_term_string"}],"inLanguage":"fr-FR"},{"@type":"Organization","@id":"https:\/\/vosgesinfo.fr\/saintdieinfo\/#organization","name":"Saint Die Info","url":"https:\/\/vosgesinfo.fr\/saintdieinfo\/","logo":{"@type":"ImageObject","inLanguage":"fr-FR","@id":"https:\/\/vosgesinfo.fr\/saintdieinfo\/#\/schema\/logo\/image\/","url":"https:\/\/vosgesinfo.fr\/app\/uploads\/sites\/4\/2024\/02\/logo-sdi.jpg","contentUrl":"https:\/\/vosgesinfo.fr\/app\/uploads\/sites\/4\/2024\/02\/logo-sdi.jpg","width":600,"height":600,"caption":"Saint Die Info"},"image":{"@id":"https:\/\/vosgesinfo.fr\/saintdieinfo\/#\/schema\/logo\/image\/"},"sameAs":["https:\/\/www.facebook.com\/Saintdieinfofr","https:\/\/x.com\/VosgesInfo88","https:\/\/www.youtube.com\/@vosgesinfo"]},{"@type":"Person","@id":"https:\/\/vosgesinfo.fr\/saintdieinfo\/#\/schema\/person\/faee6704a21f3977511db84bd1cd450f","name":"la r\u00e9daction","image":{"@type":"ImageObject","inLanguage":"fr-FR","@id":"https:\/\/vosgesinfo.fr\/saintdieinfo\/#\/schema\/person\/image\/","url":"https:\/\/secure.gravatar.com\/avatar\/6673d8bc6a9c17fa9a453eaa3448de834fa308c2ec9635b7aa99441a7c8d2cf6?s=96&d=mm&r=g","contentUrl":"https:\/\/secure.gravatar.com\/avatar\/6673d8bc6a9c17fa9a453eaa3448de834fa308c2ec9635b7aa99441a7c8d2cf6?s=96&d=mm&r=g","caption":"la r\u00e9daction"},"url":"https:\/\/vosgesinfo.fr\/saintdieinfo\/author\/redac\/"}]}},"_links":{"self":[{"href":"https:\/\/vosgesinfo.fr\/saintdieinfo\/wp-json\/wp\/v2\/posts\/53639","targetHints":{"allow":["GET"]}}],"collection":[{"href":"https:\/\/vosgesinfo.fr\/saintdieinfo\/wp-json\/wp\/v2\/posts"}],"about":[{"href":"https:\/\/vosgesinfo.fr\/saintdieinfo\/wp-json\/wp\/v2\/types\/post"}],"author":[{"embeddable":true,"href":"https:\/\/vosgesinfo.fr\/saintdieinfo\/wp-json\/wp\/v2\/users\/44"}],"replies":[{"embeddable":true,"href":"https:\/\/vosgesinfo.fr\/saintdieinfo\/wp-json\/wp\/v2\/comments?post=53639"}],"version-history":[{"count":0,"href":"https:\/\/vosgesinfo.fr\/saintdieinfo\/wp-json\/wp\/v2\/posts\/53639\/revisions"}],"wp:featuredmedia":[{"embeddable":true,"href":"https:\/\/vosgesinfo.fr\/saintdieinfo\/wp-json\/wp\/v2\/media\/53640"}],"wp:attachment":[{"href":"https:\/\/vosgesinfo.fr\/saintdieinfo\/wp-json\/wp\/v2\/media?parent=53639"}],"wp:term":[{"taxonomy":"category","embeddable":true,"href":"https:\/\/vosgesinfo.fr\/saintdieinfo\/wp-json\/wp\/v2\/categories?post=53639"},{"taxonomy":"post_tag","embeddable":true,"href":"https:\/\/vosgesinfo.fr\/saintdieinfo\/wp-json\/wp\/v2\/tags?post=53639"}],"curies":[{"name":"wp","href":"https:\/\/api.w.org\/{rel}","templated":true}]}}