{"id":53644,"date":"2022-05-25T11:48:08","date_gmt":"2022-05-25T09:48:08","guid":{"rendered":"https:\/\/vosgesinfo.fr\/saintdieinfo\/2022\/05\/elections-legislatives-jeanne-francoise-langlade-lo-candidate-deuxieme-circonscription-vosges\/"},"modified":"2022-05-25T11:48:08","modified_gmt":"2022-05-25T09:48:08","slug":"elections-legislatives-jeanne-francoise-langlade-lo-candidate-deuxieme-circonscription-vosges","status":"publish","type":"post","link":"https:\/\/vosgesinfo.fr\/saintdieinfo\/2022\/05\/elections-legislatives-jeanne-francoise-langlade-lo-candidate-deuxieme-circonscription-vosges\/","title":{"rendered":"Elections l\u00e9gislatives : Jeanne-Fran\u00e7oise Langlade (LO) est candidate dans la deuxi\u00e8me circonscription des Vosges"},"content":{"rendered":"<p><a href=\"\/2022\/05\/Elections_L\u00e9gislatives-Jeanne-Fran\u00e7ois_Langlande_Lutte_Ouvri\u00e8re.jpg\" target=\"_blank\" rel=\"noopener\"><img decoding=\"async\" class=\"aligncenter wp-image-184053 size-full\" src=\"\/2022\/05\/Elections_L\u00e9gislatives-Jeanne-Fran\u00e7ois_Langlande_Lutte_Ouvri\u00e8re.jpg\" alt=\"Elections_L\u00e9gislatives-Jeanne-Fran\u00e7ois_Langlande_Lutte_Ouvri\u00e8re\" width=\"800\" height=\"600\" \/><\/a><\/p>\n<h2><strong><span style=\"font-size: 14pt;\"><a href=\"https:\/\/saintdieinfo.fr\/2022\/05\/elections-legislatives-candidats-deuxieme-circonscription-vosges\/\" target=\"_blank\" rel=\"noopener\">Douze candidats se sont d\u00e9clar\u00e9s en Pr\u00e9fecture dans la deuxi\u00e8me circonscription des Vosges<\/a> pour les \u00e9lection l\u00e9gislatives des 12 et 19 juin. Parmi eux figure Jeanne-Fran\u00e7oise Langlade, candidate sous l&rsquo;\u00e9tiquette de la Lutte Ouvri\u00e8re. Psychologue \u00e0 la retraite, Jeanne-Fran\u00e7oise Langlade est originaire de Montb\u00e9liard, dans le Doubs. Son rempla\u00e7ant est Cl\u00e9ment Jeudy, enseignant en coll\u00e8ge.<\/span><\/strong><\/h2>\n<p><!--more--><\/p>\n<p>A travers sa candidature, soutenue par Nathalie Arthaud, Jeanne-Fran\u00e7oise Langlade veut lutter <em>\u00ab\u00a0contre le ch\u00f4mage et la pr\u00e9carit\u00e9\u00a0\u00bb<\/em>, <em>\u00ab\u00a0contre la flamb\u00e9e des prix et l&rsquo;effondrement du pouvoir d&rsquo;achat\u00a0\u00bb<\/em>, et <em>\u00ab\u00a0contre la sp\u00e9culation et les malversations des groupes capitalistes\u00a0\u00bb<\/em>. Consid\u00e9rant que <em>\u00ab\u00a0les travailleurs sont capables de la diriger bien mieux que la grande bourgeoisie aveugl\u00e9e par sa course au profit\u00a0\u00bb<\/em>, tout en <em>\u00ab\u00a0refusant d&rsquo;\u00eatre embrigad\u00e9 derri\u00e8re les partis politiques de la bourgeoisie et la classe capitaliste\u00a0\u00bb<\/em> et <em>\u00ab\u00a0rejetant le racisme et le nationalisme\u00a0\u00bb<\/em>, la candidate propose notamment <em>\u00ab d&rsquo;augmenter et indexer les salaires et les pensions sur le hausse des prix, avec pas un salaire, pas une pension, pas une allocution \u00e0 moins de 2000 euros net\u00a0\u00bb<\/em>, mais aussi <em>\u00ab d&rsquo;abolir le secret des affaires et imposer le contr\u00f4le des travailleurs sur les comptes et les d\u00e9cisions des entreprises.\u00a0\u00bb<\/em><\/p>\n<p>Pour Lutte Ouvri\u00e8re,<em> \u00ab\u00a0il faut pr\u00e9parer une opposition ouvri\u00e8re bas\u00e9e sur nos int\u00e9r\u00eats de classe, \u00e0 l&rsquo;oppos\u00e9 des d\u00e9magogues d&rsquo;extr\u00eame droite qui divisent le monde ouvrier, dissimulent les responsabilit\u00e9s du grand patronat en d\u00e9signant nos fr\u00e8res de classe, les travailleurs immigr\u00e9s, comme boucs \u00e9missaires.\u00a0\u00bb<\/em><\/p>\n<p>J.J.<\/p>\n","protected":false},"excerpt":{"rendered":"<p>Douze candidats se sont d\u00e9clar\u00e9s en Pr\u00e9fecture dans la deuxi\u00e8me circonscription des Vosges pour les \u00e9lection l\u00e9gislatives des 12 et [&hellip;]<\/p>\n","protected":false},"author":44,"featured_media":53645,"comment_status":"open","ping_status":"open","sticky":false,"template":"","format":"standard","meta":{"footnotes":""},"categories":[460,10,2915],"tags":[6575,10434,10409,6574,6576],"class_list":["post-53644","post","type-post","status-publish","format-standard","has-post-thumbnail","hentry","category-a-la-une","category-politique","category-saint-die-son-canton","tag-clement-jeudy","tag-elections-legislatives","tag-elections-legislatives-2022","tag-jeanne-francoise-langlade","tag-lutte-ouvriere"],"acf":[],"yoast_head":"<!-- This site is optimized with the Yoast SEO plugin v22.5 - https:\/\/yoast.com\/wordpress\/plugins\/seo\/ -->\n<title>Elections l\u00e9gislatives : Jeanne-Fran\u00e7oise Langlade (LO) est candidate dans la deuxi\u00e8me circonscription des Vosges - Saint Die Info<\/title>\n<meta name=\"robots\" content=\"index, follow, max-snippet:-1, max-image-preview:large, max-video-preview:-1\" \/>\n<link rel=\"canonical\" href=\"https:\/\/vosgesinfo.fr\/saintdieinfo\/2022\/05\/elections-legislatives-jeanne-francoise-langlade-lo-candidate-deuxieme-circonscription-vosges\/\" \/>\n<meta name=\"twitter:card\" content=\"summary_large_image\" \/>\n<meta name=\"twitter:title\" content=\"Elections l\u00e9gislatives : Jeanne-Fran\u00e7oise Langlade (LO) est candidate dans la deuxi\u00e8me circonscription des Vosges - Saint Die Info\" \/>\n<meta name=\"twitter:description\" content=\"Douze candidats se sont d\u00e9clar\u00e9s en Pr\u00e9fecture dans la deuxi\u00e8me circonscription des Vosges pour les \u00e9lection l\u00e9gislatives des 12 et [&hellip;]\" \/>\n<meta name=\"twitter:image\" content=\"https:\/\/vosgesinfo.fr\/app\/uploads\/sites\/4\/2024\/08\/202205elections-legislatives-jeanne-francois-langlande-lutte-ouvriere.jpg\" \/>\n<meta name=\"twitter:creator\" content=\"@VosgesInfo88\" \/>\n<meta name=\"twitter:site\" content=\"@VosgesInfo88\" \/>\n<meta name=\"twitter:label1\" content=\"\u00c9crit par\" \/>\n\t<meta name=\"twitter:data1\" content=\"la r\u00e9daction\" \/>\n\t<meta name=\"twitter:label2\" content=\"Dur\u00e9e de lecture estim\u00e9e\" \/>\n\t<meta name=\"twitter:data2\" content=\"1 minute\" \/>\n<script type=\"application\/ld+json\" class=\"yoast-schema-graph\">{\"@context\":\"https:\/\/schema.org\",\"@graph\":[{\"@type\":\"Article\",\"@id\":\"https:\/\/vosgesinfo.fr\/saintdieinfo\/2022\/05\/elections-legislatives-jeanne-francoise-langlade-lo-candidate-deuxieme-circonscription-vosges\/#article\",\"isPartOf\":{\"@id\":\"https:\/\/vosgesinfo.fr\/saintdieinfo\/2022\/05\/elections-legislatives-jeanne-francoise-langlade-lo-candidate-deuxieme-circonscription-vosges\/\"},\"author\":{\"name\":\"la r\u00e9daction\",\"@id\":\"https:\/\/vosgesinfo.fr\/saintdieinfo\/#\/schema\/person\/faee6704a21f3977511db84bd1cd450f\"},\"headline\":\"Elections l\u00e9gislatives : Jeanne-Fran\u00e7oise Langlade (LO) est candidate dans la deuxi\u00e8me circonscription des Vosges\",\"datePublished\":\"2022-05-25T09:48:08+00:00\",\"dateModified\":\"2022-05-25T09:48:08+00:00\",\"mainEntityOfPage\":{\"@id\":\"https:\/\/vosgesinfo.fr\/saintdieinfo\/2022\/05\/elections-legislatives-jeanne-francoise-langlade-lo-candidate-deuxieme-circonscription-vosges\/\"},\"wordCount\":289,\"commentCount\":0,\"publisher\":{\"@id\":\"https:\/\/vosgesinfo.fr\/saintdieinfo\/#organization\"},\"image\":{\"@id\":\"https:\/\/vosgesinfo.fr\/saintdieinfo\/2022\/05\/elections-legislatives-jeanne-francoise-langlade-lo-candidate-deuxieme-circonscription-vosges\/#primaryimage\"},\"thumbnailUrl\":\"https:\/\/vosgesinfo.fr\/app\/uploads\/sites\/4\/2024\/08\/202205elections-legislatives-jeanne-francois-langlande-lutte-ouvriere.jpg\",\"keywords\":[\"Cl\u00e9ment Jeudy\",\"\u00e9lections l\u00e9gislatives\",\"Elections l\u00e9gislatives 2022\",\"Jeanne-Fran\u00e7oise Langlade\",\"Lutte Ouvri\u00e8re\"],\"articleSection\":[\"A la Une\",\"Politique\",\"Saint-Di\u00e9-des-Vosges et son Agglom\u00e9ration\"],\"inLanguage\":\"fr-FR\",\"potentialAction\":[{\"@type\":\"CommentAction\",\"name\":\"Comment\",\"target\":[\"https:\/\/vosgesinfo.fr\/saintdieinfo\/2022\/05\/elections-legislatives-jeanne-francoise-langlade-lo-candidate-deuxieme-circonscription-vosges\/#respond\"]}]},{\"@type\":\"WebPage\",\"@id\":\"https:\/\/vosgesinfo.fr\/saintdieinfo\/2022\/05\/elections-legislatives-jeanne-francoise-langlade-lo-candidate-deuxieme-circonscription-vosges\/\",\"url\":\"https:\/\/vosgesinfo.fr\/saintdieinfo\/2022\/05\/elections-legislatives-jeanne-francoise-langlade-lo-candidate-deuxieme-circonscription-vosges\/\",\"name\":\"Elections l\u00e9gislatives : Jeanne-Fran\u00e7oise Langlade (LO) est candidate dans la deuxi\u00e8me circonscription des Vosges - Saint Die Info\",\"isPartOf\":{\"@id\":\"https:\/\/vosgesinfo.fr\/saintdieinfo\/#website\"},\"primaryImageOfPage\":{\"@id\":\"https:\/\/vosgesinfo.fr\/saintdieinfo\/2022\/05\/elections-legislatives-jeanne-francoise-langlade-lo-candidate-deuxieme-circonscription-vosges\/#primaryimage\"},\"image\":{\"@id\":\"https:\/\/vosgesinfo.fr\/saintdieinfo\/2022\/05\/elections-legislatives-jeanne-francoise-langlade-lo-candidate-deuxieme-circonscription-vosges\/#primaryimage\"},\"thumbnailUrl\":\"https:\/\/vosgesinfo.fr\/app\/uploads\/sites\/4\/2024\/08\/202205elections-legislatives-jeanne-francois-langlande-lutte-ouvriere.jpg\",\"datePublished\":\"2022-05-25T09:48:08+00:00\",\"dateModified\":\"2022-05-25T09:48:08+00:00\",\"breadcrumb\":{\"@id\":\"https:\/\/vosgesinfo.fr\/saintdieinfo\/2022\/05\/elections-legislatives-jeanne-francoise-langlade-lo-candidate-deuxieme-circonscription-vosges\/#breadcrumb\"},\"inLanguage\":\"fr-FR\",\"potentialAction\":[{\"@type\":\"ReadAction\",\"target\":[\"https:\/\/vosgesinfo.fr\/saintdieinfo\/2022\/05\/elections-legislatives-jeanne-francoise-langlade-lo-candidate-deuxieme-circonscription-vosges\/\"]}]},{\"@type\":\"ImageObject\",\"inLanguage\":\"fr-FR\",\"@id\":\"https:\/\/vosgesinfo.fr\/saintdieinfo\/2022\/05\/elections-legislatives-jeanne-francoise-langlade-lo-candidate-deuxieme-circonscription-vosges\/#primaryimage\",\"url\":\"https:\/\/vosgesinfo.fr\/app\/uploads\/sites\/4\/2024\/08\/202205elections-legislatives-jeanne-francois-langlande-lutte-ouvriere.jpg\",\"contentUrl\":\"https:\/\/vosgesinfo.fr\/app\/uploads\/sites\/4\/2024\/08\/202205elections-legislatives-jeanne-francois-langlande-lutte-ouvriere.jpg\",\"width\":800,\"height\":600},{\"@type\":\"BreadcrumbList\",\"@id\":\"https:\/\/vosgesinfo.fr\/saintdieinfo\/2022\/05\/elections-legislatives-jeanne-francoise-langlade-lo-candidate-deuxieme-circonscription-vosges\/#breadcrumb\",\"itemListElement\":[{\"@type\":\"ListItem\",\"position\":1,\"name\":\"Home\",\"item\":\"https:\/\/vosgesinfo.fr\/saintdieinfo\/\"},{\"@type\":\"ListItem\",\"position\":2,\"name\":\"Elections l\u00e9gislatives : Jeanne-Fran\u00e7oise Langlade (LO) est candidate dans la deuxi\u00e8me circonscription des Vosges\"}]},{\"@type\":\"WebSite\",\"@id\":\"https:\/\/vosgesinfo.fr\/saintdieinfo\/#website\",\"url\":\"https:\/\/vosgesinfo.fr\/saintdieinfo\/\",\"name\":\"Saint Die Info\",\"description\":\"Toute l&#039;actualit\u00e9 de Saint-Di\u00e9-Des-Vosges\",\"publisher\":{\"@id\":\"https:\/\/vosgesinfo.fr\/saintdieinfo\/#organization\"},\"alternateName\":\"Toute l'actualit\u00e9 de Saint-Di\u00e9-Des-Vosges\",\"potentialAction\":[{\"@type\":\"SearchAction\",\"target\":{\"@type\":\"EntryPoint\",\"urlTemplate\":\"https:\/\/vosgesinfo.fr\/saintdieinfo\/?s={search_term_string}\"},\"query-input\":\"required name=search_term_string\"}],\"inLanguage\":\"fr-FR\"},{\"@type\":\"Organization\",\"@id\":\"https:\/\/vosgesinfo.fr\/saintdieinfo\/#organization\",\"name\":\"Saint Die Info\",\"url\":\"https:\/\/vosgesinfo.fr\/saintdieinfo\/\",\"logo\":{\"@type\":\"ImageObject\",\"inLanguage\":\"fr-FR\",\"@id\":\"https:\/\/vosgesinfo.fr\/saintdieinfo\/#\/schema\/logo\/image\/\",\"url\":\"https:\/\/vosgesinfo.fr\/app\/uploads\/sites\/4\/2024\/02\/logo-sdi.jpg\",\"contentUrl\":\"https:\/\/vosgesinfo.fr\/app\/uploads\/sites\/4\/2024\/02\/logo-sdi.jpg\",\"width\":600,\"height\":600,\"caption\":\"Saint Die Info\"},\"image\":{\"@id\":\"https:\/\/vosgesinfo.fr\/saintdieinfo\/#\/schema\/logo\/image\/\"},\"sameAs\":[\"https:\/\/www.facebook.com\/Saintdieinfofr\",\"https:\/\/x.com\/VosgesInfo88\",\"https:\/\/www.youtube.com\/@vosgesinfo\"]},{\"@type\":\"Person\",\"@id\":\"https:\/\/vosgesinfo.fr\/saintdieinfo\/#\/schema\/person\/faee6704a21f3977511db84bd1cd450f\",\"name\":\"la r\u00e9daction\",\"image\":{\"@type\":\"ImageObject\",\"inLanguage\":\"fr-FR\",\"@id\":\"https:\/\/vosgesinfo.fr\/saintdieinfo\/#\/schema\/person\/image\/\",\"url\":\"https:\/\/secure.gravatar.com\/avatar\/6673d8bc6a9c17fa9a453eaa3448de834fa308c2ec9635b7aa99441a7c8d2cf6?s=96&d=mm&r=g\",\"contentUrl\":\"https:\/\/secure.gravatar.com\/avatar\/6673d8bc6a9c17fa9a453eaa3448de834fa308c2ec9635b7aa99441a7c8d2cf6?s=96&d=mm&r=g\",\"caption\":\"la r\u00e9daction\"},\"url\":\"https:\/\/vosgesinfo.fr\/saintdieinfo\/author\/redac\/\"}]}<\/script>\n<!-- \/ Yoast SEO plugin. -->","yoast_head_json":{"title":"Elections l\u00e9gislatives : Jeanne-Fran\u00e7oise Langlade (LO) est candidate dans la deuxi\u00e8me circonscription des Vosges - Saint Die Info","robots":{"index":"index","follow":"follow","max-snippet":"max-snippet:-1","max-image-preview":"max-image-preview:large","max-video-preview":"max-video-preview:-1"},"canonical":"https:\/\/vosgesinfo.fr\/saintdieinfo\/2022\/05\/elections-legislatives-jeanne-francoise-langlade-lo-candidate-deuxieme-circonscription-vosges\/","twitter_card":"summary_large_image","twitter_title":"Elections l\u00e9gislatives : Jeanne-Fran\u00e7oise Langlade (LO) est candidate dans la deuxi\u00e8me circonscription des Vosges - Saint Die Info","twitter_description":"Douze candidats se sont d\u00e9clar\u00e9s en Pr\u00e9fecture dans la deuxi\u00e8me circonscription des Vosges pour les \u00e9lection l\u00e9gislatives des 12 et [&hellip;]","twitter_image":"https:\/\/vosgesinfo.fr\/app\/uploads\/sites\/4\/2024\/08\/202205elections-legislatives-jeanne-francois-langlande-lutte-ouvriere.jpg","twitter_creator":"@VosgesInfo88","twitter_site":"@VosgesInfo88","twitter_misc":{"\u00c9crit par":"la r\u00e9daction","Dur\u00e9e de lecture estim\u00e9e":"1 minute"},"schema":{"@context":"https:\/\/schema.org","@graph":[{"@type":"Article","@id":"https:\/\/vosgesinfo.fr\/saintdieinfo\/2022\/05\/elections-legislatives-jeanne-francoise-langlade-lo-candidate-deuxieme-circonscription-vosges\/#article","isPartOf":{"@id":"https:\/\/vosgesinfo.fr\/saintdieinfo\/2022\/05\/elections-legislatives-jeanne-francoise-langlade-lo-candidate-deuxieme-circonscription-vosges\/"},"author":{"name":"la r\u00e9daction","@id":"https:\/\/vosgesinfo.fr\/saintdieinfo\/#\/schema\/person\/faee6704a21f3977511db84bd1cd450f"},"headline":"Elections l\u00e9gislatives : Jeanne-Fran\u00e7oise Langlade (LO) est candidate dans la deuxi\u00e8me circonscription des Vosges","datePublished":"2022-05-25T09:48:08+00:00","dateModified":"2022-05-25T09:48:08+00:00","mainEntityOfPage":{"@id":"https:\/\/vosgesinfo.fr\/saintdieinfo\/2022\/05\/elections-legislatives-jeanne-francoise-langlade-lo-candidate-deuxieme-circonscription-vosges\/"},"wordCount":289,"commentCount":0,"publisher":{"@id":"https:\/\/vosgesinfo.fr\/saintdieinfo\/#organization"},"image":{"@id":"https:\/\/vosgesinfo.fr\/saintdieinfo\/2022\/05\/elections-legislatives-jeanne-francoise-langlade-lo-candidate-deuxieme-circonscription-vosges\/#primaryimage"},"thumbnailUrl":"https:\/\/vosgesinfo.fr\/app\/uploads\/sites\/4\/2024\/08\/202205elections-legislatives-jeanne-francois-langlande-lutte-ouvriere.jpg","keywords":["Cl\u00e9ment Jeudy","\u00e9lections l\u00e9gislatives","Elections l\u00e9gislatives 2022","Jeanne-Fran\u00e7oise Langlade","Lutte Ouvri\u00e8re"],"articleSection":["A la Une","Politique","Saint-Di\u00e9-des-Vosges et son Agglom\u00e9ration"],"inLanguage":"fr-FR","potentialAction":[{"@type":"CommentAction","name":"Comment","target":["https:\/\/vosgesinfo.fr\/saintdieinfo\/2022\/05\/elections-legislatives-jeanne-francoise-langlade-lo-candidate-deuxieme-circonscription-vosges\/#respond"]}]},{"@type":"WebPage","@id":"https:\/\/vosgesinfo.fr\/saintdieinfo\/2022\/05\/elections-legislatives-jeanne-francoise-langlade-lo-candidate-deuxieme-circonscription-vosges\/","url":"https:\/\/vosgesinfo.fr\/saintdieinfo\/2022\/05\/elections-legislatives-jeanne-francoise-langlade-lo-candidate-deuxieme-circonscription-vosges\/","name":"Elections l\u00e9gislatives : Jeanne-Fran\u00e7oise Langlade (LO) est candidate dans la deuxi\u00e8me circonscription des Vosges - Saint Die Info","isPartOf":{"@id":"https:\/\/vosgesinfo.fr\/saintdieinfo\/#website"},"primaryImageOfPage":{"@id":"https:\/\/vosgesinfo.fr\/saintdieinfo\/2022\/05\/elections-legislatives-jeanne-francoise-langlade-lo-candidate-deuxieme-circonscription-vosges\/#primaryimage"},"image":{"@id":"https:\/\/vosgesinfo.fr\/saintdieinfo\/2022\/05\/elections-legislatives-jeanne-francoise-langlade-lo-candidate-deuxieme-circonscription-vosges\/#primaryimage"},"thumbnailUrl":"https:\/\/vosgesinfo.fr\/app\/uploads\/sites\/4\/2024\/08\/202205elections-legislatives-jeanne-francois-langlande-lutte-ouvriere.jpg","datePublished":"2022-05-25T09:48:08+00:00","dateModified":"2022-05-25T09:48:08+00:00","breadcrumb":{"@id":"https:\/\/vosgesinfo.fr\/saintdieinfo\/2022\/05\/elections-legislatives-jeanne-francoise-langlade-lo-candidate-deuxieme-circonscription-vosges\/#breadcrumb"},"inLanguage":"fr-FR","potentialAction":[{"@type":"ReadAction","target":["https:\/\/vosgesinfo.fr\/saintdieinfo\/2022\/05\/elections-legislatives-jeanne-francoise-langlade-lo-candidate-deuxieme-circonscription-vosges\/"]}]},{"@type":"ImageObject","inLanguage":"fr-FR","@id":"https:\/\/vosgesinfo.fr\/saintdieinfo\/2022\/05\/elections-legislatives-jeanne-francoise-langlade-lo-candidate-deuxieme-circonscription-vosges\/#primaryimage","url":"https:\/\/vosgesinfo.fr\/app\/uploads\/sites\/4\/2024\/08\/202205elections-legislatives-jeanne-francois-langlande-lutte-ouvriere.jpg","contentUrl":"https:\/\/vosgesinfo.fr\/app\/uploads\/sites\/4\/2024\/08\/202205elections-legislatives-jeanne-francois-langlande-lutte-ouvriere.jpg","width":800,"height":600},{"@type":"BreadcrumbList","@id":"https:\/\/vosgesinfo.fr\/saintdieinfo\/2022\/05\/elections-legislatives-jeanne-francoise-langlade-lo-candidate-deuxieme-circonscription-vosges\/#breadcrumb","itemListElement":[{"@type":"ListItem","position":1,"name":"Home","item":"https:\/\/vosgesinfo.fr\/saintdieinfo\/"},{"@type":"ListItem","position":2,"name":"Elections l\u00e9gislatives : Jeanne-Fran\u00e7oise Langlade (LO) est candidate dans la deuxi\u00e8me circonscription des Vosges"}]},{"@type":"WebSite","@id":"https:\/\/vosgesinfo.fr\/saintdieinfo\/#website","url":"https:\/\/vosgesinfo.fr\/saintdieinfo\/","name":"Saint Die Info","description":"Toute l&#039;actualit\u00e9 de Saint-Di\u00e9-Des-Vosges","publisher":{"@id":"https:\/\/vosgesinfo.fr\/saintdieinfo\/#organization"},"alternateName":"Toute l'actualit\u00e9 de Saint-Di\u00e9-Des-Vosges","potentialAction":[{"@type":"SearchAction","target":{"@type":"EntryPoint","urlTemplate":"https:\/\/vosgesinfo.fr\/saintdieinfo\/?s={search_term_string}"},"query-input":"required name=search_term_string"}],"inLanguage":"fr-FR"},{"@type":"Organization","@id":"https:\/\/vosgesinfo.fr\/saintdieinfo\/#organization","name":"Saint Die Info","url":"https:\/\/vosgesinfo.fr\/saintdieinfo\/","logo":{"@type":"ImageObject","inLanguage":"fr-FR","@id":"https:\/\/vosgesinfo.fr\/saintdieinfo\/#\/schema\/logo\/image\/","url":"https:\/\/vosgesinfo.fr\/app\/uploads\/sites\/4\/2024\/02\/logo-sdi.jpg","contentUrl":"https:\/\/vosgesinfo.fr\/app\/uploads\/sites\/4\/2024\/02\/logo-sdi.jpg","width":600,"height":600,"caption":"Saint Die Info"},"image":{"@id":"https:\/\/vosgesinfo.fr\/saintdieinfo\/#\/schema\/logo\/image\/"},"sameAs":["https:\/\/www.facebook.com\/Saintdieinfofr","https:\/\/x.com\/VosgesInfo88","https:\/\/www.youtube.com\/@vosgesinfo"]},{"@type":"Person","@id":"https:\/\/vosgesinfo.fr\/saintdieinfo\/#\/schema\/person\/faee6704a21f3977511db84bd1cd450f","name":"la r\u00e9daction","image":{"@type":"ImageObject","inLanguage":"fr-FR","@id":"https:\/\/vosgesinfo.fr\/saintdieinfo\/#\/schema\/person\/image\/","url":"https:\/\/secure.gravatar.com\/avatar\/6673d8bc6a9c17fa9a453eaa3448de834fa308c2ec9635b7aa99441a7c8d2cf6?s=96&d=mm&r=g","contentUrl":"https:\/\/secure.gravatar.com\/avatar\/6673d8bc6a9c17fa9a453eaa3448de834fa308c2ec9635b7aa99441a7c8d2cf6?s=96&d=mm&r=g","caption":"la r\u00e9daction"},"url":"https:\/\/vosgesinfo.fr\/saintdieinfo\/author\/redac\/"}]}},"_links":{"self":[{"href":"https:\/\/vosgesinfo.fr\/saintdieinfo\/wp-json\/wp\/v2\/posts\/53644","targetHints":{"allow":["GET"]}}],"collection":[{"href":"https:\/\/vosgesinfo.fr\/saintdieinfo\/wp-json\/wp\/v2\/posts"}],"about":[{"href":"https:\/\/vosgesinfo.fr\/saintdieinfo\/wp-json\/wp\/v2\/types\/post"}],"author":[{"embeddable":true,"href":"https:\/\/vosgesinfo.fr\/saintdieinfo\/wp-json\/wp\/v2\/users\/44"}],"replies":[{"embeddable":true,"href":"https:\/\/vosgesinfo.fr\/saintdieinfo\/wp-json\/wp\/v2\/comments?post=53644"}],"version-history":[{"count":0,"href":"https:\/\/vosgesinfo.fr\/saintdieinfo\/wp-json\/wp\/v2\/posts\/53644\/revisions"}],"wp:featuredmedia":[{"embeddable":true,"href":"https:\/\/vosgesinfo.fr\/saintdieinfo\/wp-json\/wp\/v2\/media\/53645"}],"wp:attachment":[{"href":"https:\/\/vosgesinfo.fr\/saintdieinfo\/wp-json\/wp\/v2\/media?parent=53644"}],"wp:term":[{"taxonomy":"category","embeddable":true,"href":"https:\/\/vosgesinfo.fr\/saintdieinfo\/wp-json\/wp\/v2\/categories?post=53644"},{"taxonomy":"post_tag","embeddable":true,"href":"https:\/\/vosgesinfo.fr\/saintdieinfo\/wp-json\/wp\/v2\/tags?post=53644"}],"curies":[{"name":"wp","href":"https:\/\/api.w.org\/{rel}","templated":true}]}}