{"id":53648,"date":"2022-05-25T19:19:53","date_gmt":"2022-05-25T17:19:53","guid":{"rendered":"https:\/\/vosgesinfo.fr\/saintdieinfo\/2022\/05\/elections-legislatives-lionel-chambrot-candidat-de-decroissance-deuxieme-circonscription-vosges\/"},"modified":"2022-05-25T19:19:53","modified_gmt":"2022-05-25T17:19:53","slug":"elections-legislatives-lionel-chambrot-candidat-de-decroissance-deuxieme-circonscription-vosges","status":"publish","type":"post","link":"https:\/\/vosgesinfo.fr\/saintdieinfo\/2022\/05\/elections-legislatives-lionel-chambrot-candidat-de-decroissance-deuxieme-circonscription-vosges\/","title":{"rendered":"Elections l\u00e9gislatives \u2013 Lionel Chambrot est le candidat de la d\u00e9croissance dans la deuxi\u00e8me circonscription des Vosges"},"content":{"rendered":"<p><a href=\"\/2022\/05\/Elections_L\u00e9gislatives-Lionel_Chambrot_D\u00e9croissance.jpg\" target=\"_blank\" rel=\"noopener\"><img decoding=\"async\" class=\"aligncenter wp-image-184059 size-large\" src=\"\/2022\/05\/Elections_L\u00e9gislatives-Lionel_Chambrot_D\u00e9croissance-1024x955.jpg\" alt=\"Elections_L\u00e9gislatives-Lionel_Chambrot_D\u00e9croissance\" width=\"960\" height=\"895\" \/><\/a><\/p>\n<h2><strong><span style=\"font-size: 14pt;\">Lionel Chambrot est l&rsquo;un des 12 candidats en lice pour les prochaines \u00e9lections l\u00e9gislatives dans la deuxi\u00e8me circonscription des Vosges. Candidat de la d\u00e9croissance, il s&rsquo;est pr\u00e9sent\u00e9 pour la premi\u00e8re fois \u00e0 une \u00e9lection en 2015, aux d\u00e9partementales. Travaillant dans le milieu associatif, il habite La Houssi\u00e8re pr\u00e8s de Corcieux. Sa rempla\u00e7ante est Sandrine Bonnaf\u00e9, productrice de l\u00e9gumes et \u0153ufs \u00e0 Anould.<\/span><\/strong><\/h2>\n<p><!--more--><\/p>\n<p>Pour Lionel Chambrot, qui a rejoint le mouvement de la d\u00e9croissance en 2012 apr\u00e8s avoir milit\u00e9 au NPA, <em>\u00ab les mouvements \u00e9cologistes ne vont pas assez loin en France. La seule \u00e9nergie verte, c&rsquo;est celle qu&rsquo;on ne consomme pas. L&rsquo;id\u00e9e port\u00e9e par le mouvement d\u00e9croissant est de d\u00e9-consommer et de ralentir la consommation. On est en train de s&rsquo;effondrer. L&rsquo;heure est grave, tr\u00e8s grave. Il faut absolument qu&rsquo;on change tout le syst\u00e8me, \u00e0 tous les niveaux, sinon on va droit dans le mur. Il est n\u00e9cessaire de consommer quand cela est strictement n\u00e9cessaire. Mais pour moi, le monde actuel est condamn\u00e9 \u00e0 mourir car beaucoup de gens sont endormis par le syst\u00e8me. L&rsquo;objectif du mouvement d\u00e9croissant est aussi de construire le monde d&rsquo;apr\u00e8s.\u00a0\u00bb<\/em><\/p>\n<p>Conscient que ses chances d&rsquo;\u00eatre \u00e9lu sont tr\u00e8s minces, Lionel Chambrot a d\u00e9cid\u00e9 de se pr\u00e9senter aux \u00e9lections l\u00e9gislatives pour faire davantage conna\u00eetre le mouvement d\u00e9croissant. Un mouvement qui n&rsquo;est pas constitu\u00e9 en parti politique en France. <em>\u00ab\u00a0Ma candidature est une candidature de t\u00e9moignage. Dans le peu de d\u00e9mocratie qu&rsquo;il nous reste, je souhaitais diffuser les id\u00e9es associ\u00e9es \u00e0 la d\u00e9croissance. C&rsquo;est un peu un acte d\u00e9sesp\u00e9r\u00e9. Avec ma rempla\u00e7ante, nous menons une campagne \u00e0 z\u00e9ro euro, sans profession de foi. Il est difficile de s&rsquo;exprimer, nous n&rsquo;avons par exemple pas \u00e9t\u00e9 invit\u00e9s au d\u00e9bat t\u00e9l\u00e9vis\u00e9 sur France 3. Aujourd&rsquo;hui il n&rsquo;y a que les 4 gros partis qui peuvent exprimer leurs id\u00e9es.\u00a0\u00bb<\/em><\/p>\n<p>Parmi les propositions du candidat et de sa rempla\u00e7ante, <em>\u00ab\u00a0la relocalisation des activit\u00e9s \u00e9conomiques non n\u00e9fastes, pour vivre avec des ressources renouvelables de proximit\u00e9\u00a0\u00bb<\/em>\u00a0; <em>\u00ab\u00a0la d\u00e9-connection, en proc\u00e9dant \u00e0 un moratoire sur le financement et l&rsquo;installation de nouvelles infrastructures num\u00e9riques (5G, 6G, etc.) et cesser d&rsquo;imposer le tout-num\u00e9rique\u00a0\u00bb<\/em>\u00a0; <em>\u00ab\u00a0le partage et le plafonnement des richesses, en mettant en \u0153uvre un \u00e9cart maximum de 1 \u00e0 4 entre les revenus du travail, et en supprimant les revenus du capital et du patrimoine au-del\u00e0 de 4 fois le revenu minimum\u00a0\u00bb<\/em>\u00a0; <em>\u00ab\u00a0favoriser la d\u00e9-m\u00e9tropolisation, en stoppant les grands projets inutiles et impos\u00e9s d&rsquo;infrastructures a\u00e9riennes, portuaires, routi\u00e8res et de TGV, mais rouvrir les gares, les ports fluviaux, les lignes de tram et bus, favoriser les d\u00e9placements lents et doux\u00a0\u00bb<\/em>\u00a0; <em>\u00ab\u00a0bio-r\u00e9gionaliser, en inventant une d\u00e9mocratie bas\u00e9e sur les bassins de vie.\u00a0\u00bb<\/em><\/p>\n<p>J.J.<\/p>\n","protected":false},"excerpt":{"rendered":"<p>Lionel Chambrot est l&rsquo;un des 12 candidats en lice pour les prochaines \u00e9lections l\u00e9gislatives dans la deuxi\u00e8me circonscription des Vosges. [&hellip;]<\/p>\n","protected":false},"author":44,"featured_media":53649,"comment_status":"open","ping_status":"open","sticky":false,"template":"","format":"standard","meta":{"footnotes":""},"categories":[460,10,2915],"tags":[6549,6496,10434,10409,6547,11462],"class_list":["post-53648","post","type-post","status-publish","format-standard","has-post-thumbnail","hentry","category-a-la-une","category-politique","category-saint-die-son-canton","tag-decroissance","tag-deuxieme-circonscription-des-vosges","tag-elections-legislatives","tag-elections-legislatives-2022","tag-lionel-chambrot","tag-sandrine-bonnafe"],"acf":[],"yoast_head":"<!-- This site is optimized with the Yoast SEO plugin v22.5 - https:\/\/yoast.com\/wordpress\/plugins\/seo\/ -->\n<title>Elections l\u00e9gislatives \u2013 Lionel Chambrot est le candidat de la d\u00e9croissance dans la deuxi\u00e8me circonscription des Vosges - Saint Die Info<\/title>\n<meta name=\"robots\" content=\"index, follow, max-snippet:-1, max-image-preview:large, max-video-preview:-1\" \/>\n<link rel=\"canonical\" href=\"https:\/\/vosgesinfo.fr\/saintdieinfo\/2022\/05\/elections-legislatives-lionel-chambrot-candidat-de-decroissance-deuxieme-circonscription-vosges\/\" \/>\n<meta name=\"twitter:card\" content=\"summary_large_image\" \/>\n<meta name=\"twitter:title\" content=\"Elections l\u00e9gislatives \u2013 Lionel Chambrot est le candidat de la d\u00e9croissance dans la deuxi\u00e8me circonscription des Vosges - Saint Die Info\" \/>\n<meta name=\"twitter:description\" content=\"Lionel Chambrot est l&rsquo;un des 12 candidats en lice pour les prochaines \u00e9lections l\u00e9gislatives dans la deuxi\u00e8me circonscription des Vosges. [&hellip;]\" \/>\n<meta name=\"twitter:image\" content=\"https:\/\/vosgesinfo.fr\/app\/uploads\/sites\/4\/2024\/08\/202205elections-legislatives-lionel-chambrot-decroissance.jpg\" \/>\n<meta name=\"twitter:creator\" content=\"@VosgesInfo88\" \/>\n<meta name=\"twitter:site\" content=\"@VosgesInfo88\" \/>\n<meta name=\"twitter:label1\" content=\"\u00c9crit par\" \/>\n\t<meta name=\"twitter:data1\" content=\"la r\u00e9daction\" \/>\n\t<meta name=\"twitter:label2\" content=\"Dur\u00e9e de lecture estim\u00e9e\" \/>\n\t<meta name=\"twitter:data2\" content=\"2 minutes\" \/>\n<script type=\"application\/ld+json\" class=\"yoast-schema-graph\">{\"@context\":\"https:\/\/schema.org\",\"@graph\":[{\"@type\":\"Article\",\"@id\":\"https:\/\/vosgesinfo.fr\/saintdieinfo\/2022\/05\/elections-legislatives-lionel-chambrot-candidat-de-decroissance-deuxieme-circonscription-vosges\/#article\",\"isPartOf\":{\"@id\":\"https:\/\/vosgesinfo.fr\/saintdieinfo\/2022\/05\/elections-legislatives-lionel-chambrot-candidat-de-decroissance-deuxieme-circonscription-vosges\/\"},\"author\":{\"name\":\"la r\u00e9daction\",\"@id\":\"https:\/\/vosgesinfo.fr\/saintdieinfo\/#\/schema\/person\/faee6704a21f3977511db84bd1cd450f\"},\"headline\":\"Elections l\u00e9gislatives \u2013 Lionel Chambrot est le candidat de la d\u00e9croissance dans la deuxi\u00e8me circonscription des Vosges\",\"datePublished\":\"2022-05-25T17:19:53+00:00\",\"dateModified\":\"2022-05-25T17:19:53+00:00\",\"mainEntityOfPage\":{\"@id\":\"https:\/\/vosgesinfo.fr\/saintdieinfo\/2022\/05\/elections-legislatives-lionel-chambrot-candidat-de-decroissance-deuxieme-circonscription-vosges\/\"},\"wordCount\":518,\"commentCount\":0,\"publisher\":{\"@id\":\"https:\/\/vosgesinfo.fr\/saintdieinfo\/#organization\"},\"image\":{\"@id\":\"https:\/\/vosgesinfo.fr\/saintdieinfo\/2022\/05\/elections-legislatives-lionel-chambrot-candidat-de-decroissance-deuxieme-circonscription-vosges\/#primaryimage\"},\"thumbnailUrl\":\"https:\/\/vosgesinfo.fr\/app\/uploads\/sites\/4\/2024\/08\/202205elections-legislatives-lionel-chambrot-decroissance.jpg\",\"keywords\":[\"D\u00e9croissance\",\"Deuxi\u00e8me circonscription des Vosges\",\"\u00e9lections l\u00e9gislatives\",\"Elections l\u00e9gislatives 2022\",\"Lionel Chambrot\",\"Sandrine Bonnaf\u00e9\"],\"articleSection\":[\"A la Une\",\"Politique\",\"Saint-Di\u00e9-des-Vosges et son Agglom\u00e9ration\"],\"inLanguage\":\"fr-FR\",\"potentialAction\":[{\"@type\":\"CommentAction\",\"name\":\"Comment\",\"target\":[\"https:\/\/vosgesinfo.fr\/saintdieinfo\/2022\/05\/elections-legislatives-lionel-chambrot-candidat-de-decroissance-deuxieme-circonscription-vosges\/#respond\"]}]},{\"@type\":\"WebPage\",\"@id\":\"https:\/\/vosgesinfo.fr\/saintdieinfo\/2022\/05\/elections-legislatives-lionel-chambrot-candidat-de-decroissance-deuxieme-circonscription-vosges\/\",\"url\":\"https:\/\/vosgesinfo.fr\/saintdieinfo\/2022\/05\/elections-legislatives-lionel-chambrot-candidat-de-decroissance-deuxieme-circonscription-vosges\/\",\"name\":\"Elections l\u00e9gislatives \u2013 Lionel Chambrot est le candidat de la d\u00e9croissance dans la deuxi\u00e8me circonscription des Vosges - Saint Die Info\",\"isPartOf\":{\"@id\":\"https:\/\/vosgesinfo.fr\/saintdieinfo\/#website\"},\"primaryImageOfPage\":{\"@id\":\"https:\/\/vosgesinfo.fr\/saintdieinfo\/2022\/05\/elections-legislatives-lionel-chambrot-candidat-de-decroissance-deuxieme-circonscription-vosges\/#primaryimage\"},\"image\":{\"@id\":\"https:\/\/vosgesinfo.fr\/saintdieinfo\/2022\/05\/elections-legislatives-lionel-chambrot-candidat-de-decroissance-deuxieme-circonscription-vosges\/#primaryimage\"},\"thumbnailUrl\":\"https:\/\/vosgesinfo.fr\/app\/uploads\/sites\/4\/2024\/08\/202205elections-legislatives-lionel-chambrot-decroissance.jpg\",\"datePublished\":\"2022-05-25T17:19:53+00:00\",\"dateModified\":\"2022-05-25T17:19:53+00:00\",\"breadcrumb\":{\"@id\":\"https:\/\/vosgesinfo.fr\/saintdieinfo\/2022\/05\/elections-legislatives-lionel-chambrot-candidat-de-decroissance-deuxieme-circonscription-vosges\/#breadcrumb\"},\"inLanguage\":\"fr-FR\",\"potentialAction\":[{\"@type\":\"ReadAction\",\"target\":[\"https:\/\/vosgesinfo.fr\/saintdieinfo\/2022\/05\/elections-legislatives-lionel-chambrot-candidat-de-decroissance-deuxieme-circonscription-vosges\/\"]}]},{\"@type\":\"ImageObject\",\"inLanguage\":\"fr-FR\",\"@id\":\"https:\/\/vosgesinfo.fr\/saintdieinfo\/2022\/05\/elections-legislatives-lionel-chambrot-candidat-de-decroissance-deuxieme-circonscription-vosges\/#primaryimage\",\"url\":\"https:\/\/vosgesinfo.fr\/app\/uploads\/sites\/4\/2024\/08\/202205elections-legislatives-lionel-chambrot-decroissance.jpg\",\"contentUrl\":\"https:\/\/vosgesinfo.fr\/app\/uploads\/sites\/4\/2024\/08\/202205elections-legislatives-lionel-chambrot-decroissance.jpg\",\"width\":1544,\"height\":1440},{\"@type\":\"BreadcrumbList\",\"@id\":\"https:\/\/vosgesinfo.fr\/saintdieinfo\/2022\/05\/elections-legislatives-lionel-chambrot-candidat-de-decroissance-deuxieme-circonscription-vosges\/#breadcrumb\",\"itemListElement\":[{\"@type\":\"ListItem\",\"position\":1,\"name\":\"Home\",\"item\":\"https:\/\/vosgesinfo.fr\/saintdieinfo\/\"},{\"@type\":\"ListItem\",\"position\":2,\"name\":\"Elections l\u00e9gislatives \u2013 Lionel Chambrot est le candidat de la d\u00e9croissance dans la deuxi\u00e8me circonscription des Vosges\"}]},{\"@type\":\"WebSite\",\"@id\":\"https:\/\/vosgesinfo.fr\/saintdieinfo\/#website\",\"url\":\"https:\/\/vosgesinfo.fr\/saintdieinfo\/\",\"name\":\"Saint Die Info\",\"description\":\"Toute l&#039;actualit\u00e9 de Saint-Di\u00e9-Des-Vosges\",\"publisher\":{\"@id\":\"https:\/\/vosgesinfo.fr\/saintdieinfo\/#organization\"},\"alternateName\":\"Toute l'actualit\u00e9 de Saint-Di\u00e9-Des-Vosges\",\"potentialAction\":[{\"@type\":\"SearchAction\",\"target\":{\"@type\":\"EntryPoint\",\"urlTemplate\":\"https:\/\/vosgesinfo.fr\/saintdieinfo\/?s={search_term_string}\"},\"query-input\":\"required name=search_term_string\"}],\"inLanguage\":\"fr-FR\"},{\"@type\":\"Organization\",\"@id\":\"https:\/\/vosgesinfo.fr\/saintdieinfo\/#organization\",\"name\":\"Saint Die Info\",\"url\":\"https:\/\/vosgesinfo.fr\/saintdieinfo\/\",\"logo\":{\"@type\":\"ImageObject\",\"inLanguage\":\"fr-FR\",\"@id\":\"https:\/\/vosgesinfo.fr\/saintdieinfo\/#\/schema\/logo\/image\/\",\"url\":\"https:\/\/vosgesinfo.fr\/app\/uploads\/sites\/4\/2024\/02\/logo-sdi.jpg\",\"contentUrl\":\"https:\/\/vosgesinfo.fr\/app\/uploads\/sites\/4\/2024\/02\/logo-sdi.jpg\",\"width\":600,\"height\":600,\"caption\":\"Saint Die Info\"},\"image\":{\"@id\":\"https:\/\/vosgesinfo.fr\/saintdieinfo\/#\/schema\/logo\/image\/\"},\"sameAs\":[\"https:\/\/www.facebook.com\/Saintdieinfofr\",\"https:\/\/x.com\/VosgesInfo88\",\"https:\/\/www.youtube.com\/@vosgesinfo\"]},{\"@type\":\"Person\",\"@id\":\"https:\/\/vosgesinfo.fr\/saintdieinfo\/#\/schema\/person\/faee6704a21f3977511db84bd1cd450f\",\"name\":\"la r\u00e9daction\",\"image\":{\"@type\":\"ImageObject\",\"inLanguage\":\"fr-FR\",\"@id\":\"https:\/\/vosgesinfo.fr\/saintdieinfo\/#\/schema\/person\/image\/\",\"url\":\"https:\/\/secure.gravatar.com\/avatar\/6673d8bc6a9c17fa9a453eaa3448de834fa308c2ec9635b7aa99441a7c8d2cf6?s=96&d=mm&r=g\",\"contentUrl\":\"https:\/\/secure.gravatar.com\/avatar\/6673d8bc6a9c17fa9a453eaa3448de834fa308c2ec9635b7aa99441a7c8d2cf6?s=96&d=mm&r=g\",\"caption\":\"la r\u00e9daction\"},\"url\":\"https:\/\/vosgesinfo.fr\/saintdieinfo\/author\/redac\/\"}]}<\/script>\n<!-- \/ Yoast SEO plugin. -->","yoast_head_json":{"title":"Elections l\u00e9gislatives \u2013 Lionel Chambrot est le candidat de la d\u00e9croissance dans la deuxi\u00e8me circonscription des Vosges - Saint Die Info","robots":{"index":"index","follow":"follow","max-snippet":"max-snippet:-1","max-image-preview":"max-image-preview:large","max-video-preview":"max-video-preview:-1"},"canonical":"https:\/\/vosgesinfo.fr\/saintdieinfo\/2022\/05\/elections-legislatives-lionel-chambrot-candidat-de-decroissance-deuxieme-circonscription-vosges\/","twitter_card":"summary_large_image","twitter_title":"Elections l\u00e9gislatives \u2013 Lionel Chambrot est le candidat de la d\u00e9croissance dans la deuxi\u00e8me circonscription des Vosges - Saint Die Info","twitter_description":"Lionel Chambrot est l&rsquo;un des 12 candidats en lice pour les prochaines \u00e9lections l\u00e9gislatives dans la deuxi\u00e8me circonscription des Vosges. [&hellip;]","twitter_image":"https:\/\/vosgesinfo.fr\/app\/uploads\/sites\/4\/2024\/08\/202205elections-legislatives-lionel-chambrot-decroissance.jpg","twitter_creator":"@VosgesInfo88","twitter_site":"@VosgesInfo88","twitter_misc":{"\u00c9crit par":"la r\u00e9daction","Dur\u00e9e de lecture estim\u00e9e":"2 minutes"},"schema":{"@context":"https:\/\/schema.org","@graph":[{"@type":"Article","@id":"https:\/\/vosgesinfo.fr\/saintdieinfo\/2022\/05\/elections-legislatives-lionel-chambrot-candidat-de-decroissance-deuxieme-circonscription-vosges\/#article","isPartOf":{"@id":"https:\/\/vosgesinfo.fr\/saintdieinfo\/2022\/05\/elections-legislatives-lionel-chambrot-candidat-de-decroissance-deuxieme-circonscription-vosges\/"},"author":{"name":"la r\u00e9daction","@id":"https:\/\/vosgesinfo.fr\/saintdieinfo\/#\/schema\/person\/faee6704a21f3977511db84bd1cd450f"},"headline":"Elections l\u00e9gislatives \u2013 Lionel Chambrot est le candidat de la d\u00e9croissance dans la deuxi\u00e8me circonscription des Vosges","datePublished":"2022-05-25T17:19:53+00:00","dateModified":"2022-05-25T17:19:53+00:00","mainEntityOfPage":{"@id":"https:\/\/vosgesinfo.fr\/saintdieinfo\/2022\/05\/elections-legislatives-lionel-chambrot-candidat-de-decroissance-deuxieme-circonscription-vosges\/"},"wordCount":518,"commentCount":0,"publisher":{"@id":"https:\/\/vosgesinfo.fr\/saintdieinfo\/#organization"},"image":{"@id":"https:\/\/vosgesinfo.fr\/saintdieinfo\/2022\/05\/elections-legislatives-lionel-chambrot-candidat-de-decroissance-deuxieme-circonscription-vosges\/#primaryimage"},"thumbnailUrl":"https:\/\/vosgesinfo.fr\/app\/uploads\/sites\/4\/2024\/08\/202205elections-legislatives-lionel-chambrot-decroissance.jpg","keywords":["D\u00e9croissance","Deuxi\u00e8me circonscription des Vosges","\u00e9lections l\u00e9gislatives","Elections l\u00e9gislatives 2022","Lionel Chambrot","Sandrine Bonnaf\u00e9"],"articleSection":["A la Une","Politique","Saint-Di\u00e9-des-Vosges et son Agglom\u00e9ration"],"inLanguage":"fr-FR","potentialAction":[{"@type":"CommentAction","name":"Comment","target":["https:\/\/vosgesinfo.fr\/saintdieinfo\/2022\/05\/elections-legislatives-lionel-chambrot-candidat-de-decroissance-deuxieme-circonscription-vosges\/#respond"]}]},{"@type":"WebPage","@id":"https:\/\/vosgesinfo.fr\/saintdieinfo\/2022\/05\/elections-legislatives-lionel-chambrot-candidat-de-decroissance-deuxieme-circonscription-vosges\/","url":"https:\/\/vosgesinfo.fr\/saintdieinfo\/2022\/05\/elections-legislatives-lionel-chambrot-candidat-de-decroissance-deuxieme-circonscription-vosges\/","name":"Elections l\u00e9gislatives \u2013 Lionel Chambrot est le candidat de la d\u00e9croissance dans la deuxi\u00e8me circonscription des Vosges - Saint Die Info","isPartOf":{"@id":"https:\/\/vosgesinfo.fr\/saintdieinfo\/#website"},"primaryImageOfPage":{"@id":"https:\/\/vosgesinfo.fr\/saintdieinfo\/2022\/05\/elections-legislatives-lionel-chambrot-candidat-de-decroissance-deuxieme-circonscription-vosges\/#primaryimage"},"image":{"@id":"https:\/\/vosgesinfo.fr\/saintdieinfo\/2022\/05\/elections-legislatives-lionel-chambrot-candidat-de-decroissance-deuxieme-circonscription-vosges\/#primaryimage"},"thumbnailUrl":"https:\/\/vosgesinfo.fr\/app\/uploads\/sites\/4\/2024\/08\/202205elections-legislatives-lionel-chambrot-decroissance.jpg","datePublished":"2022-05-25T17:19:53+00:00","dateModified":"2022-05-25T17:19:53+00:00","breadcrumb":{"@id":"https:\/\/vosgesinfo.fr\/saintdieinfo\/2022\/05\/elections-legislatives-lionel-chambrot-candidat-de-decroissance-deuxieme-circonscription-vosges\/#breadcrumb"},"inLanguage":"fr-FR","potentialAction":[{"@type":"ReadAction","target":["https:\/\/vosgesinfo.fr\/saintdieinfo\/2022\/05\/elections-legislatives-lionel-chambrot-candidat-de-decroissance-deuxieme-circonscription-vosges\/"]}]},{"@type":"ImageObject","inLanguage":"fr-FR","@id":"https:\/\/vosgesinfo.fr\/saintdieinfo\/2022\/05\/elections-legislatives-lionel-chambrot-candidat-de-decroissance-deuxieme-circonscription-vosges\/#primaryimage","url":"https:\/\/vosgesinfo.fr\/app\/uploads\/sites\/4\/2024\/08\/202205elections-legislatives-lionel-chambrot-decroissance.jpg","contentUrl":"https:\/\/vosgesinfo.fr\/app\/uploads\/sites\/4\/2024\/08\/202205elections-legislatives-lionel-chambrot-decroissance.jpg","width":1544,"height":1440},{"@type":"BreadcrumbList","@id":"https:\/\/vosgesinfo.fr\/saintdieinfo\/2022\/05\/elections-legislatives-lionel-chambrot-candidat-de-decroissance-deuxieme-circonscription-vosges\/#breadcrumb","itemListElement":[{"@type":"ListItem","position":1,"name":"Home","item":"https:\/\/vosgesinfo.fr\/saintdieinfo\/"},{"@type":"ListItem","position":2,"name":"Elections l\u00e9gislatives \u2013 Lionel Chambrot est le candidat de la d\u00e9croissance dans la deuxi\u00e8me circonscription des Vosges"}]},{"@type":"WebSite","@id":"https:\/\/vosgesinfo.fr\/saintdieinfo\/#website","url":"https:\/\/vosgesinfo.fr\/saintdieinfo\/","name":"Saint Die Info","description":"Toute l&#039;actualit\u00e9 de Saint-Di\u00e9-Des-Vosges","publisher":{"@id":"https:\/\/vosgesinfo.fr\/saintdieinfo\/#organization"},"alternateName":"Toute l'actualit\u00e9 de Saint-Di\u00e9-Des-Vosges","potentialAction":[{"@type":"SearchAction","target":{"@type":"EntryPoint","urlTemplate":"https:\/\/vosgesinfo.fr\/saintdieinfo\/?s={search_term_string}"},"query-input":"required name=search_term_string"}],"inLanguage":"fr-FR"},{"@type":"Organization","@id":"https:\/\/vosgesinfo.fr\/saintdieinfo\/#organization","name":"Saint Die Info","url":"https:\/\/vosgesinfo.fr\/saintdieinfo\/","logo":{"@type":"ImageObject","inLanguage":"fr-FR","@id":"https:\/\/vosgesinfo.fr\/saintdieinfo\/#\/schema\/logo\/image\/","url":"https:\/\/vosgesinfo.fr\/app\/uploads\/sites\/4\/2024\/02\/logo-sdi.jpg","contentUrl":"https:\/\/vosgesinfo.fr\/app\/uploads\/sites\/4\/2024\/02\/logo-sdi.jpg","width":600,"height":600,"caption":"Saint Die Info"},"image":{"@id":"https:\/\/vosgesinfo.fr\/saintdieinfo\/#\/schema\/logo\/image\/"},"sameAs":["https:\/\/www.facebook.com\/Saintdieinfofr","https:\/\/x.com\/VosgesInfo88","https:\/\/www.youtube.com\/@vosgesinfo"]},{"@type":"Person","@id":"https:\/\/vosgesinfo.fr\/saintdieinfo\/#\/schema\/person\/faee6704a21f3977511db84bd1cd450f","name":"la r\u00e9daction","image":{"@type":"ImageObject","inLanguage":"fr-FR","@id":"https:\/\/vosgesinfo.fr\/saintdieinfo\/#\/schema\/person\/image\/","url":"https:\/\/secure.gravatar.com\/avatar\/6673d8bc6a9c17fa9a453eaa3448de834fa308c2ec9635b7aa99441a7c8d2cf6?s=96&d=mm&r=g","contentUrl":"https:\/\/secure.gravatar.com\/avatar\/6673d8bc6a9c17fa9a453eaa3448de834fa308c2ec9635b7aa99441a7c8d2cf6?s=96&d=mm&r=g","caption":"la r\u00e9daction"},"url":"https:\/\/vosgesinfo.fr\/saintdieinfo\/author\/redac\/"}]}},"_links":{"self":[{"href":"https:\/\/vosgesinfo.fr\/saintdieinfo\/wp-json\/wp\/v2\/posts\/53648","targetHints":{"allow":["GET"]}}],"collection":[{"href":"https:\/\/vosgesinfo.fr\/saintdieinfo\/wp-json\/wp\/v2\/posts"}],"about":[{"href":"https:\/\/vosgesinfo.fr\/saintdieinfo\/wp-json\/wp\/v2\/types\/post"}],"author":[{"embeddable":true,"href":"https:\/\/vosgesinfo.fr\/saintdieinfo\/wp-json\/wp\/v2\/users\/44"}],"replies":[{"embeddable":true,"href":"https:\/\/vosgesinfo.fr\/saintdieinfo\/wp-json\/wp\/v2\/comments?post=53648"}],"version-history":[{"count":0,"href":"https:\/\/vosgesinfo.fr\/saintdieinfo\/wp-json\/wp\/v2\/posts\/53648\/revisions"}],"wp:featuredmedia":[{"embeddable":true,"href":"https:\/\/vosgesinfo.fr\/saintdieinfo\/wp-json\/wp\/v2\/media\/53649"}],"wp:attachment":[{"href":"https:\/\/vosgesinfo.fr\/saintdieinfo\/wp-json\/wp\/v2\/media?parent=53648"}],"wp:term":[{"taxonomy":"category","embeddable":true,"href":"https:\/\/vosgesinfo.fr\/saintdieinfo\/wp-json\/wp\/v2\/categories?post=53648"},{"taxonomy":"post_tag","embeddable":true,"href":"https:\/\/vosgesinfo.fr\/saintdieinfo\/wp-json\/wp\/v2\/tags?post=53648"}],"curies":[{"name":"wp","href":"https:\/\/api.w.org\/{rel}","templated":true}]}}