{"id":53652,"date":"2022-05-25T22:44:44","date_gmt":"2022-05-25T20:44:44","guid":{"rendered":"https:\/\/vosgesinfo.fr\/saintdieinfo\/2022\/05\/saulcy-meurthe-photographes-gaep-exposent-a-lancien-seminaire\/"},"modified":"2022-05-25T22:44:44","modified_gmt":"2022-05-25T20:44:44","slug":"saulcy-meurthe-photographes-gaep-exposent-a-lancien-seminaire","status":"publish","type":"post","link":"https:\/\/vosgesinfo.fr\/saintdieinfo\/2022\/05\/saulcy-meurthe-photographes-gaep-exposent-a-lancien-seminaire\/","title":{"rendered":"Saulcy-sur-Meurthe \u2013 Les photographes du GAEP exposent \u00e0 l&rsquo;ancien s\u00e9minaire"},"content":{"rendered":"<div dir=\"auto\">\n<div id=\"attachment_184066\" style=\"width: 970px\" class=\"wp-caption aligncenter\"><a href=\"\/2022\/05\/Saulcy-sur-Meurthe-Exposition_GAEP_2022-2.jpg\" target=\"_blank\" rel=\"noopener\"><img decoding=\"async\" aria-describedby=\"caption-attachment-184066\" class=\"wp-image-184066 size-large\" src=\"\/2022\/05\/Saulcy-sur-Meurthe-Exposition_GAEP_2022-2-1024x683.jpg\" alt=\"Saulcy-sur-Meurthe-Exposition_GAEP_2022 (2)\" width=\"960\" height=\"640\" \/><\/a><p id=\"caption-attachment-184066\" class=\"wp-caption-text\">(Photographies Marc Fourniquet)<\/p><\/div>\n<\/div>\n<h2 dir=\"auto\"><strong><span style=\"font-size: 14pt;\"><a href=\"https:\/\/saintdieinfo.fr\/2022\/05\/32e-semaine-arts-sera-placee-signe-arts-de-table\/\" target=\"_blank\" rel=\"noopener\">Dans le cadre de la 32e Semaine des Arts<\/a>, le Groupe Amical d&rsquo;Expression Artistique \u2013 GAEP \u2013 pr\u00e9sente une exposition d&rsquo;une quinzaine de photographes encadr\u00e9s par Francis Bourguer, \u00e0 l&rsquo;int\u00e9rieur et l&rsquo;ext\u00e9rieur de l&rsquo;ancien s\u00e9minaire. C&rsquo;est ce mercredi en fin de journ\u00e9e que cette exposition gratuite et ouverte \u00e0 tous a \u00e9t\u00e9 inaugur\u00e9e, en pr\u00e9sence d&rsquo;\u00e9lus municipaux.<\/span><\/strong><\/h2>\n<p><!--more-->De jeudi \u00e0 dimanche, ce sont 42 photographies que les visiteurs pourront d\u00e9couvrir chaque jour de 14h \u00e0 18h30. Des photographies de Michel Boulay, Jose Dupin, Lucas Gasterment, Charl\u00e8ne Thomas, Denis Bernard, Andr\u00e9 Antoine, Bernard Pierrat, G\u00e9rard Michel Annick Barth\u00e9l\u00e9my, Michel Cintrat, Fr\u00e9d\u00e9ric Ulmer, Vincent Drillon, Francis Bourguer et Marc Fourniquet.<\/p>\n<div dir=\"auto\">\n<div dir=\"auto\">\n\n<\/div>\n<\/div>\n","protected":false},"excerpt":{"rendered":"<p>Dans le cadre de la 32e Semaine des Arts, le Groupe Amical d&rsquo;Expression Artistique \u2013 GAEP \u2013 pr\u00e9sente une exposition [&hellip;]<\/p>\n","protected":false},"author":44,"featured_media":53653,"comment_status":"open","ping_status":"open","sticky":false,"template":"","format":"standard","meta":{"footnotes":""},"categories":[460,8019,7847,2915],"tags":[11290,2952,6162,11432,4520],"class_list":["post-53652","post","type-post","status-publish","format-standard","has-post-thumbnail","hentry","category-a-la-une","category-vie-artistique-art-culture","category-art-culture","category-saint-die-son-canton","tag-32e-semaine-des-arts","tag-exposition-photographique","tag-gaep","tag-groupe-amical-dexpression-artistique","tag-saulcy-sur-meurthe"],"acf":[],"yoast_head":"<!-- This site is optimized with the Yoast SEO plugin v22.5 - https:\/\/yoast.com\/wordpress\/plugins\/seo\/ -->\n<title>Saulcy-sur-Meurthe \u2013 Les photographes du GAEP exposent \u00e0 l&#039;ancien s\u00e9minaire - Saint Die Info<\/title>\n<meta name=\"robots\" content=\"index, follow, max-snippet:-1, max-image-preview:large, max-video-preview:-1\" \/>\n<link rel=\"canonical\" href=\"https:\/\/vosgesinfo.fr\/saintdieinfo\/2022\/05\/saulcy-meurthe-photographes-gaep-exposent-a-lancien-seminaire\/\" \/>\n<meta name=\"twitter:card\" content=\"summary_large_image\" \/>\n<meta name=\"twitter:title\" content=\"Saulcy-sur-Meurthe \u2013 Les photographes du GAEP exposent \u00e0 l&#039;ancien s\u00e9minaire - Saint Die Info\" \/>\n<meta name=\"twitter:description\" content=\"Dans le cadre de la 32e Semaine des Arts, le Groupe Amical d&rsquo;Expression Artistique \u2013 GAEP \u2013 pr\u00e9sente une exposition [&hellip;]\" \/>\n<meta name=\"twitter:image\" content=\"https:\/\/vosgesinfo.fr\/app\/uploads\/sites\/4\/2024\/08\/202205saulcy-sur-meurthe-exposition-gaep-2022-2.jpg\" \/>\n<meta name=\"twitter:creator\" content=\"@VosgesInfo88\" \/>\n<meta name=\"twitter:site\" content=\"@VosgesInfo88\" \/>\n<meta name=\"twitter:label1\" content=\"\u00c9crit par\" \/>\n\t<meta name=\"twitter:data1\" content=\"la r\u00e9daction\" \/>\n\t<meta name=\"twitter:label2\" content=\"Dur\u00e9e de lecture estim\u00e9e\" \/>\n\t<meta name=\"twitter:data2\" content=\"1 minute\" \/>\n<script type=\"application\/ld+json\" class=\"yoast-schema-graph\">{\"@context\":\"https:\/\/schema.org\",\"@graph\":[{\"@type\":\"Article\",\"@id\":\"https:\/\/vosgesinfo.fr\/saintdieinfo\/2022\/05\/saulcy-meurthe-photographes-gaep-exposent-a-lancien-seminaire\/#article\",\"isPartOf\":{\"@id\":\"https:\/\/vosgesinfo.fr\/saintdieinfo\/2022\/05\/saulcy-meurthe-photographes-gaep-exposent-a-lancien-seminaire\/\"},\"author\":{\"name\":\"la r\u00e9daction\",\"@id\":\"https:\/\/vosgesinfo.fr\/saintdieinfo\/#\/schema\/person\/faee6704a21f3977511db84bd1cd450f\"},\"headline\":\"Saulcy-sur-Meurthe \u2013 Les photographes du GAEP exposent \u00e0 l&rsquo;ancien s\u00e9minaire\",\"datePublished\":\"2022-05-25T20:44:44+00:00\",\"dateModified\":\"2022-05-25T20:44:44+00:00\",\"mainEntityOfPage\":{\"@id\":\"https:\/\/vosgesinfo.fr\/saintdieinfo\/2022\/05\/saulcy-meurthe-photographes-gaep-exposent-a-lancien-seminaire\/\"},\"wordCount\":149,\"commentCount\":0,\"publisher\":{\"@id\":\"https:\/\/vosgesinfo.fr\/saintdieinfo\/#organization\"},\"image\":{\"@id\":\"https:\/\/vosgesinfo.fr\/saintdieinfo\/2022\/05\/saulcy-meurthe-photographes-gaep-exposent-a-lancien-seminaire\/#primaryimage\"},\"thumbnailUrl\":\"https:\/\/vosgesinfo.fr\/app\/uploads\/sites\/4\/2024\/08\/202205saulcy-sur-meurthe-exposition-gaep-2022-2.jpg\",\"keywords\":[\"32e Semaine des Arts\",\"Exposition photographique\",\"GAEP\",\"Groupe Amical d'Expression Artistique\",\"Saulcy-sur-Meurthe\"],\"articleSection\":[\"A la Une\",\"Art\",\"Culture\",\"Saint-Di\u00e9-des-Vosges et son Agglom\u00e9ration\"],\"inLanguage\":\"fr-FR\",\"potentialAction\":[{\"@type\":\"CommentAction\",\"name\":\"Comment\",\"target\":[\"https:\/\/vosgesinfo.fr\/saintdieinfo\/2022\/05\/saulcy-meurthe-photographes-gaep-exposent-a-lancien-seminaire\/#respond\"]}]},{\"@type\":\"WebPage\",\"@id\":\"https:\/\/vosgesinfo.fr\/saintdieinfo\/2022\/05\/saulcy-meurthe-photographes-gaep-exposent-a-lancien-seminaire\/\",\"url\":\"https:\/\/vosgesinfo.fr\/saintdieinfo\/2022\/05\/saulcy-meurthe-photographes-gaep-exposent-a-lancien-seminaire\/\",\"name\":\"Saulcy-sur-Meurthe \u2013 Les photographes du GAEP exposent \u00e0 l'ancien s\u00e9minaire - Saint Die Info\",\"isPartOf\":{\"@id\":\"https:\/\/vosgesinfo.fr\/saintdieinfo\/#website\"},\"primaryImageOfPage\":{\"@id\":\"https:\/\/vosgesinfo.fr\/saintdieinfo\/2022\/05\/saulcy-meurthe-photographes-gaep-exposent-a-lancien-seminaire\/#primaryimage\"},\"image\":{\"@id\":\"https:\/\/vosgesinfo.fr\/saintdieinfo\/2022\/05\/saulcy-meurthe-photographes-gaep-exposent-a-lancien-seminaire\/#primaryimage\"},\"thumbnailUrl\":\"https:\/\/vosgesinfo.fr\/app\/uploads\/sites\/4\/2024\/08\/202205saulcy-sur-meurthe-exposition-gaep-2022-2.jpg\",\"datePublished\":\"2022-05-25T20:44:44+00:00\",\"dateModified\":\"2022-05-25T20:44:44+00:00\",\"breadcrumb\":{\"@id\":\"https:\/\/vosgesinfo.fr\/saintdieinfo\/2022\/05\/saulcy-meurthe-photographes-gaep-exposent-a-lancien-seminaire\/#breadcrumb\"},\"inLanguage\":\"fr-FR\",\"potentialAction\":[{\"@type\":\"ReadAction\",\"target\":[\"https:\/\/vosgesinfo.fr\/saintdieinfo\/2022\/05\/saulcy-meurthe-photographes-gaep-exposent-a-lancien-seminaire\/\"]}]},{\"@type\":\"ImageObject\",\"inLanguage\":\"fr-FR\",\"@id\":\"https:\/\/vosgesinfo.fr\/saintdieinfo\/2022\/05\/saulcy-meurthe-photographes-gaep-exposent-a-lancien-seminaire\/#primaryimage\",\"url\":\"https:\/\/vosgesinfo.fr\/app\/uploads\/sites\/4\/2024\/08\/202205saulcy-sur-meurthe-exposition-gaep-2022-2.jpg\",\"contentUrl\":\"https:\/\/vosgesinfo.fr\/app\/uploads\/sites\/4\/2024\/08\/202205saulcy-sur-meurthe-exposition-gaep-2022-2.jpg\",\"width\":2048,\"height\":1366},{\"@type\":\"BreadcrumbList\",\"@id\":\"https:\/\/vosgesinfo.fr\/saintdieinfo\/2022\/05\/saulcy-meurthe-photographes-gaep-exposent-a-lancien-seminaire\/#breadcrumb\",\"itemListElement\":[{\"@type\":\"ListItem\",\"position\":1,\"name\":\"Home\",\"item\":\"https:\/\/vosgesinfo.fr\/saintdieinfo\/\"},{\"@type\":\"ListItem\",\"position\":2,\"name\":\"Saulcy-sur-Meurthe \u2013 Les photographes du GAEP exposent \u00e0 l&rsquo;ancien s\u00e9minaire\"}]},{\"@type\":\"WebSite\",\"@id\":\"https:\/\/vosgesinfo.fr\/saintdieinfo\/#website\",\"url\":\"https:\/\/vosgesinfo.fr\/saintdieinfo\/\",\"name\":\"Saint Die Info\",\"description\":\"Toute l&#039;actualit\u00e9 de Saint-Di\u00e9-Des-Vosges\",\"publisher\":{\"@id\":\"https:\/\/vosgesinfo.fr\/saintdieinfo\/#organization\"},\"alternateName\":\"Toute l'actualit\u00e9 de Saint-Di\u00e9-Des-Vosges\",\"potentialAction\":[{\"@type\":\"SearchAction\",\"target\":{\"@type\":\"EntryPoint\",\"urlTemplate\":\"https:\/\/vosgesinfo.fr\/saintdieinfo\/?s={search_term_string}\"},\"query-input\":\"required name=search_term_string\"}],\"inLanguage\":\"fr-FR\"},{\"@type\":\"Organization\",\"@id\":\"https:\/\/vosgesinfo.fr\/saintdieinfo\/#organization\",\"name\":\"Saint Die Info\",\"url\":\"https:\/\/vosgesinfo.fr\/saintdieinfo\/\",\"logo\":{\"@type\":\"ImageObject\",\"inLanguage\":\"fr-FR\",\"@id\":\"https:\/\/vosgesinfo.fr\/saintdieinfo\/#\/schema\/logo\/image\/\",\"url\":\"https:\/\/vosgesinfo.fr\/app\/uploads\/sites\/4\/2024\/02\/logo-sdi.jpg\",\"contentUrl\":\"https:\/\/vosgesinfo.fr\/app\/uploads\/sites\/4\/2024\/02\/logo-sdi.jpg\",\"width\":600,\"height\":600,\"caption\":\"Saint Die Info\"},\"image\":{\"@id\":\"https:\/\/vosgesinfo.fr\/saintdieinfo\/#\/schema\/logo\/image\/\"},\"sameAs\":[\"https:\/\/www.facebook.com\/Saintdieinfofr\",\"https:\/\/x.com\/VosgesInfo88\",\"https:\/\/www.youtube.com\/@vosgesinfo\"]},{\"@type\":\"Person\",\"@id\":\"https:\/\/vosgesinfo.fr\/saintdieinfo\/#\/schema\/person\/faee6704a21f3977511db84bd1cd450f\",\"name\":\"la r\u00e9daction\",\"image\":{\"@type\":\"ImageObject\",\"inLanguage\":\"fr-FR\",\"@id\":\"https:\/\/vosgesinfo.fr\/saintdieinfo\/#\/schema\/person\/image\/\",\"url\":\"https:\/\/secure.gravatar.com\/avatar\/6673d8bc6a9c17fa9a453eaa3448de834fa308c2ec9635b7aa99441a7c8d2cf6?s=96&d=mm&r=g\",\"contentUrl\":\"https:\/\/secure.gravatar.com\/avatar\/6673d8bc6a9c17fa9a453eaa3448de834fa308c2ec9635b7aa99441a7c8d2cf6?s=96&d=mm&r=g\",\"caption\":\"la r\u00e9daction\"},\"url\":\"https:\/\/vosgesinfo.fr\/saintdieinfo\/author\/redac\/\"}]}<\/script>\n<!-- \/ Yoast SEO plugin. -->","yoast_head_json":{"title":"Saulcy-sur-Meurthe \u2013 Les photographes du GAEP exposent \u00e0 l'ancien s\u00e9minaire - Saint Die Info","robots":{"index":"index","follow":"follow","max-snippet":"max-snippet:-1","max-image-preview":"max-image-preview:large","max-video-preview":"max-video-preview:-1"},"canonical":"https:\/\/vosgesinfo.fr\/saintdieinfo\/2022\/05\/saulcy-meurthe-photographes-gaep-exposent-a-lancien-seminaire\/","twitter_card":"summary_large_image","twitter_title":"Saulcy-sur-Meurthe \u2013 Les photographes du GAEP exposent \u00e0 l'ancien s\u00e9minaire - Saint Die Info","twitter_description":"Dans le cadre de la 32e Semaine des Arts, le Groupe Amical d&rsquo;Expression Artistique \u2013 GAEP \u2013 pr\u00e9sente une exposition [&hellip;]","twitter_image":"https:\/\/vosgesinfo.fr\/app\/uploads\/sites\/4\/2024\/08\/202205saulcy-sur-meurthe-exposition-gaep-2022-2.jpg","twitter_creator":"@VosgesInfo88","twitter_site":"@VosgesInfo88","twitter_misc":{"\u00c9crit par":"la r\u00e9daction","Dur\u00e9e de lecture estim\u00e9e":"1 minute"},"schema":{"@context":"https:\/\/schema.org","@graph":[{"@type":"Article","@id":"https:\/\/vosgesinfo.fr\/saintdieinfo\/2022\/05\/saulcy-meurthe-photographes-gaep-exposent-a-lancien-seminaire\/#article","isPartOf":{"@id":"https:\/\/vosgesinfo.fr\/saintdieinfo\/2022\/05\/saulcy-meurthe-photographes-gaep-exposent-a-lancien-seminaire\/"},"author":{"name":"la r\u00e9daction","@id":"https:\/\/vosgesinfo.fr\/saintdieinfo\/#\/schema\/person\/faee6704a21f3977511db84bd1cd450f"},"headline":"Saulcy-sur-Meurthe \u2013 Les photographes du GAEP exposent \u00e0 l&rsquo;ancien s\u00e9minaire","datePublished":"2022-05-25T20:44:44+00:00","dateModified":"2022-05-25T20:44:44+00:00","mainEntityOfPage":{"@id":"https:\/\/vosgesinfo.fr\/saintdieinfo\/2022\/05\/saulcy-meurthe-photographes-gaep-exposent-a-lancien-seminaire\/"},"wordCount":149,"commentCount":0,"publisher":{"@id":"https:\/\/vosgesinfo.fr\/saintdieinfo\/#organization"},"image":{"@id":"https:\/\/vosgesinfo.fr\/saintdieinfo\/2022\/05\/saulcy-meurthe-photographes-gaep-exposent-a-lancien-seminaire\/#primaryimage"},"thumbnailUrl":"https:\/\/vosgesinfo.fr\/app\/uploads\/sites\/4\/2024\/08\/202205saulcy-sur-meurthe-exposition-gaep-2022-2.jpg","keywords":["32e Semaine des Arts","Exposition photographique","GAEP","Groupe Amical d'Expression Artistique","Saulcy-sur-Meurthe"],"articleSection":["A la Une","Art","Culture","Saint-Di\u00e9-des-Vosges et son Agglom\u00e9ration"],"inLanguage":"fr-FR","potentialAction":[{"@type":"CommentAction","name":"Comment","target":["https:\/\/vosgesinfo.fr\/saintdieinfo\/2022\/05\/saulcy-meurthe-photographes-gaep-exposent-a-lancien-seminaire\/#respond"]}]},{"@type":"WebPage","@id":"https:\/\/vosgesinfo.fr\/saintdieinfo\/2022\/05\/saulcy-meurthe-photographes-gaep-exposent-a-lancien-seminaire\/","url":"https:\/\/vosgesinfo.fr\/saintdieinfo\/2022\/05\/saulcy-meurthe-photographes-gaep-exposent-a-lancien-seminaire\/","name":"Saulcy-sur-Meurthe \u2013 Les photographes du GAEP exposent \u00e0 l'ancien s\u00e9minaire - Saint Die Info","isPartOf":{"@id":"https:\/\/vosgesinfo.fr\/saintdieinfo\/#website"},"primaryImageOfPage":{"@id":"https:\/\/vosgesinfo.fr\/saintdieinfo\/2022\/05\/saulcy-meurthe-photographes-gaep-exposent-a-lancien-seminaire\/#primaryimage"},"image":{"@id":"https:\/\/vosgesinfo.fr\/saintdieinfo\/2022\/05\/saulcy-meurthe-photographes-gaep-exposent-a-lancien-seminaire\/#primaryimage"},"thumbnailUrl":"https:\/\/vosgesinfo.fr\/app\/uploads\/sites\/4\/2024\/08\/202205saulcy-sur-meurthe-exposition-gaep-2022-2.jpg","datePublished":"2022-05-25T20:44:44+00:00","dateModified":"2022-05-25T20:44:44+00:00","breadcrumb":{"@id":"https:\/\/vosgesinfo.fr\/saintdieinfo\/2022\/05\/saulcy-meurthe-photographes-gaep-exposent-a-lancien-seminaire\/#breadcrumb"},"inLanguage":"fr-FR","potentialAction":[{"@type":"ReadAction","target":["https:\/\/vosgesinfo.fr\/saintdieinfo\/2022\/05\/saulcy-meurthe-photographes-gaep-exposent-a-lancien-seminaire\/"]}]},{"@type":"ImageObject","inLanguage":"fr-FR","@id":"https:\/\/vosgesinfo.fr\/saintdieinfo\/2022\/05\/saulcy-meurthe-photographes-gaep-exposent-a-lancien-seminaire\/#primaryimage","url":"https:\/\/vosgesinfo.fr\/app\/uploads\/sites\/4\/2024\/08\/202205saulcy-sur-meurthe-exposition-gaep-2022-2.jpg","contentUrl":"https:\/\/vosgesinfo.fr\/app\/uploads\/sites\/4\/2024\/08\/202205saulcy-sur-meurthe-exposition-gaep-2022-2.jpg","width":2048,"height":1366},{"@type":"BreadcrumbList","@id":"https:\/\/vosgesinfo.fr\/saintdieinfo\/2022\/05\/saulcy-meurthe-photographes-gaep-exposent-a-lancien-seminaire\/#breadcrumb","itemListElement":[{"@type":"ListItem","position":1,"name":"Home","item":"https:\/\/vosgesinfo.fr\/saintdieinfo\/"},{"@type":"ListItem","position":2,"name":"Saulcy-sur-Meurthe \u2013 Les photographes du GAEP exposent \u00e0 l&rsquo;ancien s\u00e9minaire"}]},{"@type":"WebSite","@id":"https:\/\/vosgesinfo.fr\/saintdieinfo\/#website","url":"https:\/\/vosgesinfo.fr\/saintdieinfo\/","name":"Saint Die Info","description":"Toute l&#039;actualit\u00e9 de Saint-Di\u00e9-Des-Vosges","publisher":{"@id":"https:\/\/vosgesinfo.fr\/saintdieinfo\/#organization"},"alternateName":"Toute l'actualit\u00e9 de Saint-Di\u00e9-Des-Vosges","potentialAction":[{"@type":"SearchAction","target":{"@type":"EntryPoint","urlTemplate":"https:\/\/vosgesinfo.fr\/saintdieinfo\/?s={search_term_string}"},"query-input":"required name=search_term_string"}],"inLanguage":"fr-FR"},{"@type":"Organization","@id":"https:\/\/vosgesinfo.fr\/saintdieinfo\/#organization","name":"Saint Die Info","url":"https:\/\/vosgesinfo.fr\/saintdieinfo\/","logo":{"@type":"ImageObject","inLanguage":"fr-FR","@id":"https:\/\/vosgesinfo.fr\/saintdieinfo\/#\/schema\/logo\/image\/","url":"https:\/\/vosgesinfo.fr\/app\/uploads\/sites\/4\/2024\/02\/logo-sdi.jpg","contentUrl":"https:\/\/vosgesinfo.fr\/app\/uploads\/sites\/4\/2024\/02\/logo-sdi.jpg","width":600,"height":600,"caption":"Saint Die Info"},"image":{"@id":"https:\/\/vosgesinfo.fr\/saintdieinfo\/#\/schema\/logo\/image\/"},"sameAs":["https:\/\/www.facebook.com\/Saintdieinfofr","https:\/\/x.com\/VosgesInfo88","https:\/\/www.youtube.com\/@vosgesinfo"]},{"@type":"Person","@id":"https:\/\/vosgesinfo.fr\/saintdieinfo\/#\/schema\/person\/faee6704a21f3977511db84bd1cd450f","name":"la r\u00e9daction","image":{"@type":"ImageObject","inLanguage":"fr-FR","@id":"https:\/\/vosgesinfo.fr\/saintdieinfo\/#\/schema\/person\/image\/","url":"https:\/\/secure.gravatar.com\/avatar\/6673d8bc6a9c17fa9a453eaa3448de834fa308c2ec9635b7aa99441a7c8d2cf6?s=96&d=mm&r=g","contentUrl":"https:\/\/secure.gravatar.com\/avatar\/6673d8bc6a9c17fa9a453eaa3448de834fa308c2ec9635b7aa99441a7c8d2cf6?s=96&d=mm&r=g","caption":"la r\u00e9daction"},"url":"https:\/\/vosgesinfo.fr\/saintdieinfo\/author\/redac\/"}]}},"_links":{"self":[{"href":"https:\/\/vosgesinfo.fr\/saintdieinfo\/wp-json\/wp\/v2\/posts\/53652","targetHints":{"allow":["GET"]}}],"collection":[{"href":"https:\/\/vosgesinfo.fr\/saintdieinfo\/wp-json\/wp\/v2\/posts"}],"about":[{"href":"https:\/\/vosgesinfo.fr\/saintdieinfo\/wp-json\/wp\/v2\/types\/post"}],"author":[{"embeddable":true,"href":"https:\/\/vosgesinfo.fr\/saintdieinfo\/wp-json\/wp\/v2\/users\/44"}],"replies":[{"embeddable":true,"href":"https:\/\/vosgesinfo.fr\/saintdieinfo\/wp-json\/wp\/v2\/comments?post=53652"}],"version-history":[{"count":0,"href":"https:\/\/vosgesinfo.fr\/saintdieinfo\/wp-json\/wp\/v2\/posts\/53652\/revisions"}],"wp:featuredmedia":[{"embeddable":true,"href":"https:\/\/vosgesinfo.fr\/saintdieinfo\/wp-json\/wp\/v2\/media\/53653"}],"wp:attachment":[{"href":"https:\/\/vosgesinfo.fr\/saintdieinfo\/wp-json\/wp\/v2\/media?parent=53652"}],"wp:term":[{"taxonomy":"category","embeddable":true,"href":"https:\/\/vosgesinfo.fr\/saintdieinfo\/wp-json\/wp\/v2\/categories?post=53652"},{"taxonomy":"post_tag","embeddable":true,"href":"https:\/\/vosgesinfo.fr\/saintdieinfo\/wp-json\/wp\/v2\/tags?post=53652"}],"curies":[{"name":"wp","href":"https:\/\/api.w.org\/{rel}","templated":true}]}}