{"id":53696,"date":"2022-05-27T10:09:57","date_gmt":"2022-05-27T08:09:57","guid":{"rendered":"https:\/\/vosgesinfo.fr\/saintdieinfo\/2022\/05\/vexaincourt-route-dacces-lac-de-maix-fermee-aux-vehicules-lete\/"},"modified":"2022-05-27T10:09:57","modified_gmt":"2022-05-27T08:09:57","slug":"vexaincourt-route-dacces-lac-de-maix-fermee-aux-vehicules-lete","status":"publish","type":"post","link":"https:\/\/vosgesinfo.fr\/saintdieinfo\/2022\/05\/vexaincourt-route-dacces-lac-de-maix-fermee-aux-vehicules-lete\/","title":{"rendered":"Vexaincourt \u2013 La route d&rsquo;acc\u00e8s au lac de la Maix ferm\u00e9e aux v\u00e9hicules l&rsquo;\u00e9t\u00e9"},"content":{"rendered":"<div id=\"attachment_184118\" style=\"width: 970px\" class=\"wp-caption aligncenter\"><a href=\"\/2022\/05\/Lac_Maix.jpg\" target=\"_blank\" rel=\"noopener\"><img decoding=\"async\" aria-describedby=\"caption-attachment-184118\" class=\"wp-image-184118 size-large\" src=\"\/2022\/05\/Lac_Maix-1024x768.jpg\" alt=\"Lac_Maix\" width=\"960\" height=\"720\" \/><\/a><p id=\"caption-attachment-184118\" class=\"wp-caption-text\">Le lac de la Maix (Photographie Wikipedia.org)<\/p><\/div>\n<h2><strong><span style=\"font-size: 14pt;\">L&rsquo;Office Nationale des For\u00eats \u2013 ONF \u2013 vient d&rsquo;annoncer que la route d&rsquo;acc\u00e8s au lac de la Maix, depuis Vexaincourt, sera d\u00e9sormais ferm\u00e9e aux v\u00e9hicules motoris\u00e9s du 15 juin au 15 septembre.<\/span><\/strong><\/h2>\n<p><!--more--><\/p>\n<p>Une d\u00e9cision prise afin de pr\u00e9server ce lieu class\u00e9 \u00ab\u00a0Natura 2000\u00a0\u00bb, qui conna\u00eet une fr\u00e9quentation importante en \u00e9t\u00e9. Selon l&rsquo;ONF, lors de la p\u00e9riode estivale le lac de la Maix est <em>\u00ab\u00a0expos\u00e9 \u00e0 de nombreuses incivilit\u00e9s. C&rsquo;est lorsque la fr\u00e9quentation touristique est la plus importante que les comportements n\u00e9fastes \u00e0 la pr\u00e9servation du milieu naturel sont les plus nombreux.\u00a0\u00bb<\/em> La baignade des personnes et des chiens fragilise notamment le d\u00e9veloppement d&rsquo;une faune et d&rsquo;une flore consid\u00e9r\u00e9es comme <em>\u00ab\u00a0tr\u00e8s vuln\u00e9rables\u00a0\u00bb<\/em>. S&rsquo;il ne sera plus possible d&rsquo;acc\u00e9der au parking du lac de la Maix durant 3 mois, le site sera toujours accessible \u00e0 pied ou en v\u00e9lo.<\/p>\n<p>J.J.<\/p>\n","protected":false},"excerpt":{"rendered":"<p>L&rsquo;Office Nationale des For\u00eats \u2013 ONF \u2013 vient d&rsquo;annoncer que la route d&rsquo;acc\u00e8s au lac de la Maix, depuis Vexaincourt, [&hellip;]<\/p>\n","protected":false},"author":44,"featured_media":53697,"comment_status":"open","ping_status":"open","sticky":false,"template":"","format":"standard","meta":{"footnotes":""},"categories":[460,20,2915],"tags":[11479,7281,7282,11126],"class_list":["post-53696","post","type-post","status-publish","format-standard","has-post-thumbnail","hentry","category-a-la-une","category-loisirs","category-saint-die-son-canton","tag-lac-de-la-maix","tag-office-national-des-forets","tag-onf","tag-vexaincourt"],"acf":[],"yoast_head":"<!-- This site is optimized with the Yoast SEO plugin v22.5 - https:\/\/yoast.com\/wordpress\/plugins\/seo\/ -->\n<title>Vexaincourt \u2013 La route d&#039;acc\u00e8s au lac de la Maix ferm\u00e9e aux v\u00e9hicules l&#039;\u00e9t\u00e9 - Saint Die Info<\/title>\n<meta name=\"robots\" content=\"index, follow, max-snippet:-1, max-image-preview:large, max-video-preview:-1\" \/>\n<link rel=\"canonical\" href=\"https:\/\/vosgesinfo.fr\/saintdieinfo\/2022\/05\/vexaincourt-route-dacces-lac-de-maix-fermee-aux-vehicules-lete\/\" \/>\n<meta name=\"twitter:card\" content=\"summary_large_image\" \/>\n<meta name=\"twitter:title\" content=\"Vexaincourt \u2013 La route d&#039;acc\u00e8s au lac de la Maix ferm\u00e9e aux v\u00e9hicules l&#039;\u00e9t\u00e9 - Saint Die Info\" \/>\n<meta name=\"twitter:description\" content=\"L&rsquo;Office Nationale des For\u00eats \u2013 ONF \u2013 vient d&rsquo;annoncer que la route d&rsquo;acc\u00e8s au lac de la Maix, depuis Vexaincourt, [&hellip;]\" \/>\n<meta name=\"twitter:image\" content=\"https:\/\/vosgesinfo.fr\/app\/uploads\/sites\/4\/2024\/08\/202205lac-maix.jpg\" \/>\n<meta name=\"twitter:creator\" content=\"@VosgesInfo88\" \/>\n<meta name=\"twitter:site\" content=\"@VosgesInfo88\" \/>\n<meta name=\"twitter:label1\" content=\"\u00c9crit par\" \/>\n\t<meta name=\"twitter:data1\" content=\"la r\u00e9daction\" \/>\n\t<meta name=\"twitter:label2\" content=\"Dur\u00e9e de lecture estim\u00e9e\" \/>\n\t<meta name=\"twitter:data2\" content=\"1 minute\" \/>\n<script type=\"application\/ld+json\" class=\"yoast-schema-graph\">{\"@context\":\"https:\/\/schema.org\",\"@graph\":[{\"@type\":\"Article\",\"@id\":\"https:\/\/vosgesinfo.fr\/saintdieinfo\/2022\/05\/vexaincourt-route-dacces-lac-de-maix-fermee-aux-vehicules-lete\/#article\",\"isPartOf\":{\"@id\":\"https:\/\/vosgesinfo.fr\/saintdieinfo\/2022\/05\/vexaincourt-route-dacces-lac-de-maix-fermee-aux-vehicules-lete\/\"},\"author\":{\"name\":\"la r\u00e9daction\",\"@id\":\"https:\/\/vosgesinfo.fr\/saintdieinfo\/#\/schema\/person\/faee6704a21f3977511db84bd1cd450f\"},\"headline\":\"Vexaincourt \u2013 La route d&rsquo;acc\u00e8s au lac de la Maix ferm\u00e9e aux v\u00e9hicules l&rsquo;\u00e9t\u00e9\",\"datePublished\":\"2022-05-27T08:09:57+00:00\",\"dateModified\":\"2022-05-27T08:09:57+00:00\",\"mainEntityOfPage\":{\"@id\":\"https:\/\/vosgesinfo.fr\/saintdieinfo\/2022\/05\/vexaincourt-route-dacces-lac-de-maix-fermee-aux-vehicules-lete\/\"},\"wordCount\":194,\"commentCount\":0,\"publisher\":{\"@id\":\"https:\/\/vosgesinfo.fr\/saintdieinfo\/#organization\"},\"image\":{\"@id\":\"https:\/\/vosgesinfo.fr\/saintdieinfo\/2022\/05\/vexaincourt-route-dacces-lac-de-maix-fermee-aux-vehicules-lete\/#primaryimage\"},\"thumbnailUrl\":\"https:\/\/vosgesinfo.fr\/app\/uploads\/sites\/4\/2024\/08\/202205lac-maix.jpg\",\"keywords\":[\"Lac de la Maix\",\"Office National des For\u00eats\",\"ONF\",\"Vexaincourt\"],\"articleSection\":[\"A la Une\",\"Loisirs\",\"Saint-Di\u00e9-des-Vosges et son Agglom\u00e9ration\"],\"inLanguage\":\"fr-FR\",\"potentialAction\":[{\"@type\":\"CommentAction\",\"name\":\"Comment\",\"target\":[\"https:\/\/vosgesinfo.fr\/saintdieinfo\/2022\/05\/vexaincourt-route-dacces-lac-de-maix-fermee-aux-vehicules-lete\/#respond\"]}]},{\"@type\":\"WebPage\",\"@id\":\"https:\/\/vosgesinfo.fr\/saintdieinfo\/2022\/05\/vexaincourt-route-dacces-lac-de-maix-fermee-aux-vehicules-lete\/\",\"url\":\"https:\/\/vosgesinfo.fr\/saintdieinfo\/2022\/05\/vexaincourt-route-dacces-lac-de-maix-fermee-aux-vehicules-lete\/\",\"name\":\"Vexaincourt \u2013 La route d'acc\u00e8s au lac de la Maix ferm\u00e9e aux v\u00e9hicules l'\u00e9t\u00e9 - Saint Die Info\",\"isPartOf\":{\"@id\":\"https:\/\/vosgesinfo.fr\/saintdieinfo\/#website\"},\"primaryImageOfPage\":{\"@id\":\"https:\/\/vosgesinfo.fr\/saintdieinfo\/2022\/05\/vexaincourt-route-dacces-lac-de-maix-fermee-aux-vehicules-lete\/#primaryimage\"},\"image\":{\"@id\":\"https:\/\/vosgesinfo.fr\/saintdieinfo\/2022\/05\/vexaincourt-route-dacces-lac-de-maix-fermee-aux-vehicules-lete\/#primaryimage\"},\"thumbnailUrl\":\"https:\/\/vosgesinfo.fr\/app\/uploads\/sites\/4\/2024\/08\/202205lac-maix.jpg\",\"datePublished\":\"2022-05-27T08:09:57+00:00\",\"dateModified\":\"2022-05-27T08:09:57+00:00\",\"breadcrumb\":{\"@id\":\"https:\/\/vosgesinfo.fr\/saintdieinfo\/2022\/05\/vexaincourt-route-dacces-lac-de-maix-fermee-aux-vehicules-lete\/#breadcrumb\"},\"inLanguage\":\"fr-FR\",\"potentialAction\":[{\"@type\":\"ReadAction\",\"target\":[\"https:\/\/vosgesinfo.fr\/saintdieinfo\/2022\/05\/vexaincourt-route-dacces-lac-de-maix-fermee-aux-vehicules-lete\/\"]}]},{\"@type\":\"ImageObject\",\"inLanguage\":\"fr-FR\",\"@id\":\"https:\/\/vosgesinfo.fr\/saintdieinfo\/2022\/05\/vexaincourt-route-dacces-lac-de-maix-fermee-aux-vehicules-lete\/#primaryimage\",\"url\":\"https:\/\/vosgesinfo.fr\/app\/uploads\/sites\/4\/2024\/08\/202205lac-maix.jpg\",\"contentUrl\":\"https:\/\/vosgesinfo.fr\/app\/uploads\/sites\/4\/2024\/08\/202205lac-maix.jpg\",\"width\":1024,\"height\":768},{\"@type\":\"BreadcrumbList\",\"@id\":\"https:\/\/vosgesinfo.fr\/saintdieinfo\/2022\/05\/vexaincourt-route-dacces-lac-de-maix-fermee-aux-vehicules-lete\/#breadcrumb\",\"itemListElement\":[{\"@type\":\"ListItem\",\"position\":1,\"name\":\"Home\",\"item\":\"https:\/\/vosgesinfo.fr\/saintdieinfo\/\"},{\"@type\":\"ListItem\",\"position\":2,\"name\":\"Vexaincourt \u2013 La route d&rsquo;acc\u00e8s au lac de la Maix ferm\u00e9e aux v\u00e9hicules l&rsquo;\u00e9t\u00e9\"}]},{\"@type\":\"WebSite\",\"@id\":\"https:\/\/vosgesinfo.fr\/saintdieinfo\/#website\",\"url\":\"https:\/\/vosgesinfo.fr\/saintdieinfo\/\",\"name\":\"Saint Die Info\",\"description\":\"Toute l&#039;actualit\u00e9 de Saint-Di\u00e9-Des-Vosges\",\"publisher\":{\"@id\":\"https:\/\/vosgesinfo.fr\/saintdieinfo\/#organization\"},\"alternateName\":\"Toute l'actualit\u00e9 de Saint-Di\u00e9-Des-Vosges\",\"potentialAction\":[{\"@type\":\"SearchAction\",\"target\":{\"@type\":\"EntryPoint\",\"urlTemplate\":\"https:\/\/vosgesinfo.fr\/saintdieinfo\/?s={search_term_string}\"},\"query-input\":\"required name=search_term_string\"}],\"inLanguage\":\"fr-FR\"},{\"@type\":\"Organization\",\"@id\":\"https:\/\/vosgesinfo.fr\/saintdieinfo\/#organization\",\"name\":\"Saint Die Info\",\"url\":\"https:\/\/vosgesinfo.fr\/saintdieinfo\/\",\"logo\":{\"@type\":\"ImageObject\",\"inLanguage\":\"fr-FR\",\"@id\":\"https:\/\/vosgesinfo.fr\/saintdieinfo\/#\/schema\/logo\/image\/\",\"url\":\"https:\/\/vosgesinfo.fr\/app\/uploads\/sites\/4\/2024\/02\/logo-sdi.jpg\",\"contentUrl\":\"https:\/\/vosgesinfo.fr\/app\/uploads\/sites\/4\/2024\/02\/logo-sdi.jpg\",\"width\":600,\"height\":600,\"caption\":\"Saint Die Info\"},\"image\":{\"@id\":\"https:\/\/vosgesinfo.fr\/saintdieinfo\/#\/schema\/logo\/image\/\"},\"sameAs\":[\"https:\/\/www.facebook.com\/Saintdieinfofr\",\"https:\/\/x.com\/VosgesInfo88\",\"https:\/\/www.youtube.com\/@vosgesinfo\"]},{\"@type\":\"Person\",\"@id\":\"https:\/\/vosgesinfo.fr\/saintdieinfo\/#\/schema\/person\/faee6704a21f3977511db84bd1cd450f\",\"name\":\"la r\u00e9daction\",\"image\":{\"@type\":\"ImageObject\",\"inLanguage\":\"fr-FR\",\"@id\":\"https:\/\/vosgesinfo.fr\/saintdieinfo\/#\/schema\/person\/image\/\",\"url\":\"https:\/\/secure.gravatar.com\/avatar\/6673d8bc6a9c17fa9a453eaa3448de834fa308c2ec9635b7aa99441a7c8d2cf6?s=96&d=mm&r=g\",\"contentUrl\":\"https:\/\/secure.gravatar.com\/avatar\/6673d8bc6a9c17fa9a453eaa3448de834fa308c2ec9635b7aa99441a7c8d2cf6?s=96&d=mm&r=g\",\"caption\":\"la r\u00e9daction\"},\"url\":\"https:\/\/vosgesinfo.fr\/saintdieinfo\/author\/redac\/\"}]}<\/script>\n<!-- \/ Yoast SEO plugin. -->","yoast_head_json":{"title":"Vexaincourt \u2013 La route d'acc\u00e8s au lac de la Maix ferm\u00e9e aux v\u00e9hicules l'\u00e9t\u00e9 - Saint Die Info","robots":{"index":"index","follow":"follow","max-snippet":"max-snippet:-1","max-image-preview":"max-image-preview:large","max-video-preview":"max-video-preview:-1"},"canonical":"https:\/\/vosgesinfo.fr\/saintdieinfo\/2022\/05\/vexaincourt-route-dacces-lac-de-maix-fermee-aux-vehicules-lete\/","twitter_card":"summary_large_image","twitter_title":"Vexaincourt \u2013 La route d'acc\u00e8s au lac de la Maix ferm\u00e9e aux v\u00e9hicules l'\u00e9t\u00e9 - Saint Die Info","twitter_description":"L&rsquo;Office Nationale des For\u00eats \u2013 ONF \u2013 vient d&rsquo;annoncer que la route d&rsquo;acc\u00e8s au lac de la Maix, depuis Vexaincourt, [&hellip;]","twitter_image":"https:\/\/vosgesinfo.fr\/app\/uploads\/sites\/4\/2024\/08\/202205lac-maix.jpg","twitter_creator":"@VosgesInfo88","twitter_site":"@VosgesInfo88","twitter_misc":{"\u00c9crit par":"la r\u00e9daction","Dur\u00e9e de lecture estim\u00e9e":"1 minute"},"schema":{"@context":"https:\/\/schema.org","@graph":[{"@type":"Article","@id":"https:\/\/vosgesinfo.fr\/saintdieinfo\/2022\/05\/vexaincourt-route-dacces-lac-de-maix-fermee-aux-vehicules-lete\/#article","isPartOf":{"@id":"https:\/\/vosgesinfo.fr\/saintdieinfo\/2022\/05\/vexaincourt-route-dacces-lac-de-maix-fermee-aux-vehicules-lete\/"},"author":{"name":"la r\u00e9daction","@id":"https:\/\/vosgesinfo.fr\/saintdieinfo\/#\/schema\/person\/faee6704a21f3977511db84bd1cd450f"},"headline":"Vexaincourt \u2013 La route d&rsquo;acc\u00e8s au lac de la Maix ferm\u00e9e aux v\u00e9hicules l&rsquo;\u00e9t\u00e9","datePublished":"2022-05-27T08:09:57+00:00","dateModified":"2022-05-27T08:09:57+00:00","mainEntityOfPage":{"@id":"https:\/\/vosgesinfo.fr\/saintdieinfo\/2022\/05\/vexaincourt-route-dacces-lac-de-maix-fermee-aux-vehicules-lete\/"},"wordCount":194,"commentCount":0,"publisher":{"@id":"https:\/\/vosgesinfo.fr\/saintdieinfo\/#organization"},"image":{"@id":"https:\/\/vosgesinfo.fr\/saintdieinfo\/2022\/05\/vexaincourt-route-dacces-lac-de-maix-fermee-aux-vehicules-lete\/#primaryimage"},"thumbnailUrl":"https:\/\/vosgesinfo.fr\/app\/uploads\/sites\/4\/2024\/08\/202205lac-maix.jpg","keywords":["Lac de la Maix","Office National des For\u00eats","ONF","Vexaincourt"],"articleSection":["A la Une","Loisirs","Saint-Di\u00e9-des-Vosges et son Agglom\u00e9ration"],"inLanguage":"fr-FR","potentialAction":[{"@type":"CommentAction","name":"Comment","target":["https:\/\/vosgesinfo.fr\/saintdieinfo\/2022\/05\/vexaincourt-route-dacces-lac-de-maix-fermee-aux-vehicules-lete\/#respond"]}]},{"@type":"WebPage","@id":"https:\/\/vosgesinfo.fr\/saintdieinfo\/2022\/05\/vexaincourt-route-dacces-lac-de-maix-fermee-aux-vehicules-lete\/","url":"https:\/\/vosgesinfo.fr\/saintdieinfo\/2022\/05\/vexaincourt-route-dacces-lac-de-maix-fermee-aux-vehicules-lete\/","name":"Vexaincourt \u2013 La route d'acc\u00e8s au lac de la Maix ferm\u00e9e aux v\u00e9hicules l'\u00e9t\u00e9 - Saint Die Info","isPartOf":{"@id":"https:\/\/vosgesinfo.fr\/saintdieinfo\/#website"},"primaryImageOfPage":{"@id":"https:\/\/vosgesinfo.fr\/saintdieinfo\/2022\/05\/vexaincourt-route-dacces-lac-de-maix-fermee-aux-vehicules-lete\/#primaryimage"},"image":{"@id":"https:\/\/vosgesinfo.fr\/saintdieinfo\/2022\/05\/vexaincourt-route-dacces-lac-de-maix-fermee-aux-vehicules-lete\/#primaryimage"},"thumbnailUrl":"https:\/\/vosgesinfo.fr\/app\/uploads\/sites\/4\/2024\/08\/202205lac-maix.jpg","datePublished":"2022-05-27T08:09:57+00:00","dateModified":"2022-05-27T08:09:57+00:00","breadcrumb":{"@id":"https:\/\/vosgesinfo.fr\/saintdieinfo\/2022\/05\/vexaincourt-route-dacces-lac-de-maix-fermee-aux-vehicules-lete\/#breadcrumb"},"inLanguage":"fr-FR","potentialAction":[{"@type":"ReadAction","target":["https:\/\/vosgesinfo.fr\/saintdieinfo\/2022\/05\/vexaincourt-route-dacces-lac-de-maix-fermee-aux-vehicules-lete\/"]}]},{"@type":"ImageObject","inLanguage":"fr-FR","@id":"https:\/\/vosgesinfo.fr\/saintdieinfo\/2022\/05\/vexaincourt-route-dacces-lac-de-maix-fermee-aux-vehicules-lete\/#primaryimage","url":"https:\/\/vosgesinfo.fr\/app\/uploads\/sites\/4\/2024\/08\/202205lac-maix.jpg","contentUrl":"https:\/\/vosgesinfo.fr\/app\/uploads\/sites\/4\/2024\/08\/202205lac-maix.jpg","width":1024,"height":768},{"@type":"BreadcrumbList","@id":"https:\/\/vosgesinfo.fr\/saintdieinfo\/2022\/05\/vexaincourt-route-dacces-lac-de-maix-fermee-aux-vehicules-lete\/#breadcrumb","itemListElement":[{"@type":"ListItem","position":1,"name":"Home","item":"https:\/\/vosgesinfo.fr\/saintdieinfo\/"},{"@type":"ListItem","position":2,"name":"Vexaincourt \u2013 La route d&rsquo;acc\u00e8s au lac de la Maix ferm\u00e9e aux v\u00e9hicules l&rsquo;\u00e9t\u00e9"}]},{"@type":"WebSite","@id":"https:\/\/vosgesinfo.fr\/saintdieinfo\/#website","url":"https:\/\/vosgesinfo.fr\/saintdieinfo\/","name":"Saint Die Info","description":"Toute l&#039;actualit\u00e9 de Saint-Di\u00e9-Des-Vosges","publisher":{"@id":"https:\/\/vosgesinfo.fr\/saintdieinfo\/#organization"},"alternateName":"Toute l'actualit\u00e9 de Saint-Di\u00e9-Des-Vosges","potentialAction":[{"@type":"SearchAction","target":{"@type":"EntryPoint","urlTemplate":"https:\/\/vosgesinfo.fr\/saintdieinfo\/?s={search_term_string}"},"query-input":"required name=search_term_string"}],"inLanguage":"fr-FR"},{"@type":"Organization","@id":"https:\/\/vosgesinfo.fr\/saintdieinfo\/#organization","name":"Saint Die Info","url":"https:\/\/vosgesinfo.fr\/saintdieinfo\/","logo":{"@type":"ImageObject","inLanguage":"fr-FR","@id":"https:\/\/vosgesinfo.fr\/saintdieinfo\/#\/schema\/logo\/image\/","url":"https:\/\/vosgesinfo.fr\/app\/uploads\/sites\/4\/2024\/02\/logo-sdi.jpg","contentUrl":"https:\/\/vosgesinfo.fr\/app\/uploads\/sites\/4\/2024\/02\/logo-sdi.jpg","width":600,"height":600,"caption":"Saint Die Info"},"image":{"@id":"https:\/\/vosgesinfo.fr\/saintdieinfo\/#\/schema\/logo\/image\/"},"sameAs":["https:\/\/www.facebook.com\/Saintdieinfofr","https:\/\/x.com\/VosgesInfo88","https:\/\/www.youtube.com\/@vosgesinfo"]},{"@type":"Person","@id":"https:\/\/vosgesinfo.fr\/saintdieinfo\/#\/schema\/person\/faee6704a21f3977511db84bd1cd450f","name":"la r\u00e9daction","image":{"@type":"ImageObject","inLanguage":"fr-FR","@id":"https:\/\/vosgesinfo.fr\/saintdieinfo\/#\/schema\/person\/image\/","url":"https:\/\/secure.gravatar.com\/avatar\/6673d8bc6a9c17fa9a453eaa3448de834fa308c2ec9635b7aa99441a7c8d2cf6?s=96&d=mm&r=g","contentUrl":"https:\/\/secure.gravatar.com\/avatar\/6673d8bc6a9c17fa9a453eaa3448de834fa308c2ec9635b7aa99441a7c8d2cf6?s=96&d=mm&r=g","caption":"la r\u00e9daction"},"url":"https:\/\/vosgesinfo.fr\/saintdieinfo\/author\/redac\/"}]}},"_links":{"self":[{"href":"https:\/\/vosgesinfo.fr\/saintdieinfo\/wp-json\/wp\/v2\/posts\/53696","targetHints":{"allow":["GET"]}}],"collection":[{"href":"https:\/\/vosgesinfo.fr\/saintdieinfo\/wp-json\/wp\/v2\/posts"}],"about":[{"href":"https:\/\/vosgesinfo.fr\/saintdieinfo\/wp-json\/wp\/v2\/types\/post"}],"author":[{"embeddable":true,"href":"https:\/\/vosgesinfo.fr\/saintdieinfo\/wp-json\/wp\/v2\/users\/44"}],"replies":[{"embeddable":true,"href":"https:\/\/vosgesinfo.fr\/saintdieinfo\/wp-json\/wp\/v2\/comments?post=53696"}],"version-history":[{"count":0,"href":"https:\/\/vosgesinfo.fr\/saintdieinfo\/wp-json\/wp\/v2\/posts\/53696\/revisions"}],"wp:featuredmedia":[{"embeddable":true,"href":"https:\/\/vosgesinfo.fr\/saintdieinfo\/wp-json\/wp\/v2\/media\/53697"}],"wp:attachment":[{"href":"https:\/\/vosgesinfo.fr\/saintdieinfo\/wp-json\/wp\/v2\/media?parent=53696"}],"wp:term":[{"taxonomy":"category","embeddable":true,"href":"https:\/\/vosgesinfo.fr\/saintdieinfo\/wp-json\/wp\/v2\/categories?post=53696"},{"taxonomy":"post_tag","embeddable":true,"href":"https:\/\/vosgesinfo.fr\/saintdieinfo\/wp-json\/wp\/v2\/tags?post=53696"}],"curies":[{"name":"wp","href":"https:\/\/api.w.org\/{rel}","templated":true}]}}