{"id":53698,"date":"2022-05-27T06:00:22","date_gmt":"2022-05-27T04:00:22","guid":{"rendered":"https:\/\/vosgesinfo.fr\/saintdieinfo\/2022\/05\/leurope-fete-a-saint-die-vosges-portugal-concert-cafe-europe-programme\/"},"modified":"2022-05-27T06:00:22","modified_gmt":"2022-05-27T04:00:22","slug":"leurope-fete-a-saint-die-vosges-portugal-concert-cafe-europe-programme","status":"publish","type":"post","link":"https:\/\/vosgesinfo.fr\/saintdieinfo\/2022\/05\/leurope-fete-a-saint-die-vosges-portugal-concert-cafe-europe-programme\/","title":{"rendered":"L\u2019Europe en F\u00eate \u00e0 Saint-Di\u00e9-des-Vosges : Portugal, concert et caf\u00e9-europe au programme"},"content":{"rendered":"<div>\n<h2><a href=\"\/2022\/05\/Europe_en_F\u00eate_SDDV-1.jpg\" target=\"_blank\" rel=\"noopener\"><img decoding=\"async\" class=\"aligncenter wp-image-183162 size-large\" src=\"\/2022\/05\/Europe_en_F\u00eate_SDDV-1-722x1024.jpg\" alt=\"Europe_en_F\u00eate_SDDV (1)\" width=\"722\" height=\"1024\" \/><\/a><\/h2>\n<h2><strong><span style=\"font-size: 14pt;\"><a href=\"https:\/\/saintdieinfo.fr\/2022\/05\/mai-fetons-leurope-a-saint-die-vosges\/\" target=\"_blank\" rel=\"noopener\">En ce mois de mai et pour la 4e ann\u00e9e, Saint-Di\u00e9-des-Vosges f\u00eate l\u2019Europe.<\/a> Trois temps forts viendront cl\u00f4turer cette \u00e9dition 2022 ces prochains jours :<\/span><\/strong><\/h2>\n<\/div>\n<p><!--more--><\/p>\n<p><a href=\"\/2022\/05\/3_.jpg\" target=\"_blank\" rel=\"noopener\"><img decoding=\"async\" class=\"aligncenter wp-image-184121 size-large\" src=\"\/2022\/05\/3_-1024x768.jpg\" alt=\"3_\" width=\"960\" height=\"720\" \/><\/a><\/p>\n<ul>\n<li><strong>Samedi 28 de midi \u00e0 minuit \/ Place du March\u00e9 :<\/strong><strong> \u00ab\u00a0Savourez le Portugal place du March\u00e9 !\u00a0\u00bb<\/strong><\/li>\n<\/ul>\n<div><span dir=\"ltr\">\u00a0Un temps de f\u00eate partag\u00e9 pour d\u00e9couvrir les richesses du Portugal, qui sera le pays invit\u00e9 du prochain Festival <\/span><span dir=\"ltr\">International de G\u00e9ographie ! <\/span><span dir=\"ltr\">Restauration le midi et le soir \u2022 Buvette \u2022 Epicerie portugaise <\/span><span dir=\"ltr\">\u2022 Spectacles de musique et de danse sur la place par <\/span><span dir=\"ltr\">le Groupe Culturel et Folklorique Portugais de Mulhouse, qui sera pr\u00e9sent avec son groupe d\u2019adultes et son groupe <\/span><span dir=\"ltr\">d\u2019enfants. <\/span><span dir=\"ltr\">D\u00e9ambulation en centre-ville par le Groupe Culturel et Folklorique Portugais. Animation musicale. Exposition de photos du Portugal.<\/span> Contact pour l&rsquo;association franco-portugaise de Saint-Di\u00e9-des-Vosges : 06-28-01-02-96.<\/div>\n<div><a href=\"\/2022\/05\/Sonia-Franck-111_.jpg\" target=\"_blank\" rel=\"noopener\"><img decoding=\"async\" class=\"aligncenter wp-image-184124 size-full\" src=\"\/2022\/05\/Sonia-Franck-111_.jpg\" alt=\"Sonia-Franck-111_\" width=\"950\" height=\"950\" \/><\/a><\/div>\n<ul>\n<li><strong>Lundi 30 mai \u00e0 20 h 30 \/ Plateau de La Nef :<\/strong> <strong>Concert \u00ab\u00a0Tour d&rsquo;Europe en musique\u00a0\u00bb<\/strong><\/li>\n<\/ul>\n<div>Par Franck Natan au violon et Sonia Karapetyan au piano. <span dir=\"ltr\">Ouverture par les musiciens du Conservatoire Olivier-Douchain <\/span><span dir=\"ltr\">qui interpr\u00e9teront <\/span><span dir=\"ltr\">l\u2019hymne europ\u00e9en (l\u2019Ode \u00e0 la Joie de Ludwig von Beethoven). Au programme du <\/span><span dir=\"ltr\">concert : des \u0153uvres de B\u00e9la Bart\u00f3k, Henryk Wieniawski, Anton\u00edn Dvo\u0159\u00e1k, Christoph <\/span><span dir=\"ltr\">Willibald von Gluck, Manuel de Falla, Johannes Brahms&#8230; Entr\u00e9e libre.<\/span><\/div>\n<ul>\n<li><strong><span dir=\"ltr\">Mardi 31 mai \u00e0 18 h \/ Caf\u00e9 Thiers : <\/span>Caf\u00e9-Europe \u00ab\u00a0Zoom sur la mobilit\u00e9 des jeunes\u00a0\u00bb<\/strong><\/li>\n<\/ul>\n<div>E<span dir=\"ltr\">change d\u2019informations et d\u2019exp\u00e9riences autour de la mobilit\u00e9 europ\u00e9enne des jeunes. Intervention de stagiaires <\/span><span dir=\"ltr\">venues de Friedrichshafen en \u00e9change Erasmus+, participation de CRISTEEL \u2013 Europe Direct Lorraine Grand Est.<\/span><\/div>\n<div>&#8211;<\/div>\n<div><strong>A noter que l&rsquo;exposition \u00ab\u00a0Ciao Italia!\u00a0\u00bb sur l&rsquo;immigration italienne en France, pr\u00e9sent\u00e9e \u00e0 la biblioth\u00e8que universitaire de l&rsquo;IUT, est prolong\u00e9e d&rsquo;une semaine, et sera accessible au public jusqu&rsquo;au mardi 7 juin.<\/strong><\/div>\n<div><a href=\"\/2022\/05\/afficheitalieMAIL.jpg\" target=\"_blank\" rel=\"noopener\"><img decoding=\"async\" class=\"aligncenter wp-image-184122 size-full\" src=\"\/2022\/05\/afficheitalieMAIL.jpg\" alt=\"afficheitalieMAIL\" width=\"527\" height=\"744\" \/><\/a><\/div>\n<div><\/div>\n<div>\n<div><strong><a href=\"https:\/\/saint-die.eu\/images\/09_ACTU\/2022\/05_mai\/EUROPE_EN_FETE.pdf\" target=\"_blank\" rel=\"noopener\">Le programme dans son int\u00e9gralit\u00e9.<\/a><\/strong><\/div>\n<\/div>\n<div><\/div>\n","protected":false},"excerpt":{"rendered":"<p>En ce mois de mai et pour la 4e ann\u00e9e, Saint-Di\u00e9-des-Vosges f\u00eate l\u2019Europe. Trois temps forts viendront cl\u00f4turer cette \u00e9dition [&hellip;]<\/p>\n","protected":false},"author":44,"featured_media":53699,"comment_status":"open","ping_status":"open","sticky":false,"template":"","format":"standard","meta":{"footnotes":""},"categories":[460,2915],"tags":[11480,11481,9035],"class_list":["post-53698","post","type-post","status-publish","format-standard","has-post-thumbnail","hentry","category-a-la-une","category-saint-die-son-canton","tag-leurope-en-fete","tag-mois-de-leurope","tag-portugal"],"acf":[],"yoast_head":"<!-- This site is optimized with the Yoast SEO plugin v22.5 - https:\/\/yoast.com\/wordpress\/plugins\/seo\/ -->\n<title>L\u2019Europe en F\u00eate \u00e0 Saint-Di\u00e9-des-Vosges : Portugal, concert et caf\u00e9-europe au programme - Saint Die Info<\/title>\n<meta name=\"robots\" content=\"index, follow, max-snippet:-1, max-image-preview:large, max-video-preview:-1\" \/>\n<link rel=\"canonical\" href=\"https:\/\/vosgesinfo.fr\/saintdieinfo\/2022\/05\/leurope-fete-a-saint-die-vosges-portugal-concert-cafe-europe-programme\/\" \/>\n<meta name=\"twitter:card\" content=\"summary_large_image\" \/>\n<meta name=\"twitter:title\" content=\"L\u2019Europe en F\u00eate \u00e0 Saint-Di\u00e9-des-Vosges : Portugal, concert et caf\u00e9-europe au programme - Saint Die Info\" \/>\n<meta name=\"twitter:description\" content=\"En ce mois de mai et pour la 4e ann\u00e9e, Saint-Di\u00e9-des-Vosges f\u00eate l\u2019Europe. Trois temps forts viendront cl\u00f4turer cette \u00e9dition [&hellip;]\" \/>\n<meta name=\"twitter:image\" content=\"https:\/\/vosgesinfo.fr\/app\/uploads\/sites\/4\/2024\/08\/202205europe-en-fete-sddv-5-1.jpg\" \/>\n<meta name=\"twitter:creator\" content=\"@VosgesInfo88\" \/>\n<meta name=\"twitter:site\" content=\"@VosgesInfo88\" \/>\n<meta name=\"twitter:label1\" content=\"\u00c9crit par\" \/>\n\t<meta name=\"twitter:data1\" content=\"la r\u00e9daction\" \/>\n\t<meta name=\"twitter:label2\" content=\"Dur\u00e9e de lecture estim\u00e9e\" \/>\n\t<meta name=\"twitter:data2\" content=\"1 minute\" \/>\n<script type=\"application\/ld+json\" class=\"yoast-schema-graph\">{\"@context\":\"https:\/\/schema.org\",\"@graph\":[{\"@type\":\"Article\",\"@id\":\"https:\/\/vosgesinfo.fr\/saintdieinfo\/2022\/05\/leurope-fete-a-saint-die-vosges-portugal-concert-cafe-europe-programme\/#article\",\"isPartOf\":{\"@id\":\"https:\/\/vosgesinfo.fr\/saintdieinfo\/2022\/05\/leurope-fete-a-saint-die-vosges-portugal-concert-cafe-europe-programme\/\"},\"author\":{\"name\":\"la r\u00e9daction\",\"@id\":\"https:\/\/vosgesinfo.fr\/saintdieinfo\/#\/schema\/person\/faee6704a21f3977511db84bd1cd450f\"},\"headline\":\"L\u2019Europe en F\u00eate \u00e0 Saint-Di\u00e9-des-Vosges : Portugal, concert et caf\u00e9-europe au programme\",\"datePublished\":\"2022-05-27T04:00:22+00:00\",\"dateModified\":\"2022-05-27T04:00:22+00:00\",\"mainEntityOfPage\":{\"@id\":\"https:\/\/vosgesinfo.fr\/saintdieinfo\/2022\/05\/leurope-fete-a-saint-die-vosges-portugal-concert-cafe-europe-programme\/\"},\"wordCount\":315,\"commentCount\":0,\"publisher\":{\"@id\":\"https:\/\/vosgesinfo.fr\/saintdieinfo\/#organization\"},\"image\":{\"@id\":\"https:\/\/vosgesinfo.fr\/saintdieinfo\/2022\/05\/leurope-fete-a-saint-die-vosges-portugal-concert-cafe-europe-programme\/#primaryimage\"},\"thumbnailUrl\":\"https:\/\/vosgesinfo.fr\/app\/uploads\/sites\/4\/2024\/08\/202205europe-en-fete-sddv-5-1.jpg\",\"keywords\":[\"L'Europe en f\u00eate\",\"Mois de l'Europe\",\"Portugal\"],\"articleSection\":[\"A la Une\",\"Saint-Di\u00e9-des-Vosges et son Agglom\u00e9ration\"],\"inLanguage\":\"fr-FR\",\"potentialAction\":[{\"@type\":\"CommentAction\",\"name\":\"Comment\",\"target\":[\"https:\/\/vosgesinfo.fr\/saintdieinfo\/2022\/05\/leurope-fete-a-saint-die-vosges-portugal-concert-cafe-europe-programme\/#respond\"]}]},{\"@type\":\"WebPage\",\"@id\":\"https:\/\/vosgesinfo.fr\/saintdieinfo\/2022\/05\/leurope-fete-a-saint-die-vosges-portugal-concert-cafe-europe-programme\/\",\"url\":\"https:\/\/vosgesinfo.fr\/saintdieinfo\/2022\/05\/leurope-fete-a-saint-die-vosges-portugal-concert-cafe-europe-programme\/\",\"name\":\"L\u2019Europe en F\u00eate \u00e0 Saint-Di\u00e9-des-Vosges : Portugal, concert et caf\u00e9-europe au programme - Saint Die Info\",\"isPartOf\":{\"@id\":\"https:\/\/vosgesinfo.fr\/saintdieinfo\/#website\"},\"primaryImageOfPage\":{\"@id\":\"https:\/\/vosgesinfo.fr\/saintdieinfo\/2022\/05\/leurope-fete-a-saint-die-vosges-portugal-concert-cafe-europe-programme\/#primaryimage\"},\"image\":{\"@id\":\"https:\/\/vosgesinfo.fr\/saintdieinfo\/2022\/05\/leurope-fete-a-saint-die-vosges-portugal-concert-cafe-europe-programme\/#primaryimage\"},\"thumbnailUrl\":\"https:\/\/vosgesinfo.fr\/app\/uploads\/sites\/4\/2024\/08\/202205europe-en-fete-sddv-5-1.jpg\",\"datePublished\":\"2022-05-27T04:00:22+00:00\",\"dateModified\":\"2022-05-27T04:00:22+00:00\",\"breadcrumb\":{\"@id\":\"https:\/\/vosgesinfo.fr\/saintdieinfo\/2022\/05\/leurope-fete-a-saint-die-vosges-portugal-concert-cafe-europe-programme\/#breadcrumb\"},\"inLanguage\":\"fr-FR\",\"potentialAction\":[{\"@type\":\"ReadAction\",\"target\":[\"https:\/\/vosgesinfo.fr\/saintdieinfo\/2022\/05\/leurope-fete-a-saint-die-vosges-portugal-concert-cafe-europe-programme\/\"]}]},{\"@type\":\"ImageObject\",\"inLanguage\":\"fr-FR\",\"@id\":\"https:\/\/vosgesinfo.fr\/saintdieinfo\/2022\/05\/leurope-fete-a-saint-die-vosges-portugal-concert-cafe-europe-programme\/#primaryimage\",\"url\":\"https:\/\/vosgesinfo.fr\/app\/uploads\/sites\/4\/2024\/08\/202205europe-en-fete-sddv-5-1.jpg\",\"contentUrl\":\"https:\/\/vosgesinfo.fr\/app\/uploads\/sites\/4\/2024\/08\/202205europe-en-fete-sddv-5-1.jpg\",\"width\":897,\"height\":522},{\"@type\":\"BreadcrumbList\",\"@id\":\"https:\/\/vosgesinfo.fr\/saintdieinfo\/2022\/05\/leurope-fete-a-saint-die-vosges-portugal-concert-cafe-europe-programme\/#breadcrumb\",\"itemListElement\":[{\"@type\":\"ListItem\",\"position\":1,\"name\":\"Home\",\"item\":\"https:\/\/vosgesinfo.fr\/saintdieinfo\/\"},{\"@type\":\"ListItem\",\"position\":2,\"name\":\"L\u2019Europe en F\u00eate \u00e0 Saint-Di\u00e9-des-Vosges : Portugal, concert et caf\u00e9-europe au programme\"}]},{\"@type\":\"WebSite\",\"@id\":\"https:\/\/vosgesinfo.fr\/saintdieinfo\/#website\",\"url\":\"https:\/\/vosgesinfo.fr\/saintdieinfo\/\",\"name\":\"Saint Die Info\",\"description\":\"Toute l&#039;actualit\u00e9 de Saint-Di\u00e9-Des-Vosges\",\"publisher\":{\"@id\":\"https:\/\/vosgesinfo.fr\/saintdieinfo\/#organization\"},\"alternateName\":\"Toute l'actualit\u00e9 de Saint-Di\u00e9-Des-Vosges\",\"potentialAction\":[{\"@type\":\"SearchAction\",\"target\":{\"@type\":\"EntryPoint\",\"urlTemplate\":\"https:\/\/vosgesinfo.fr\/saintdieinfo\/?s={search_term_string}\"},\"query-input\":\"required name=search_term_string\"}],\"inLanguage\":\"fr-FR\"},{\"@type\":\"Organization\",\"@id\":\"https:\/\/vosgesinfo.fr\/saintdieinfo\/#organization\",\"name\":\"Saint Die Info\",\"url\":\"https:\/\/vosgesinfo.fr\/saintdieinfo\/\",\"logo\":{\"@type\":\"ImageObject\",\"inLanguage\":\"fr-FR\",\"@id\":\"https:\/\/vosgesinfo.fr\/saintdieinfo\/#\/schema\/logo\/image\/\",\"url\":\"https:\/\/vosgesinfo.fr\/app\/uploads\/sites\/4\/2024\/02\/logo-sdi.jpg\",\"contentUrl\":\"https:\/\/vosgesinfo.fr\/app\/uploads\/sites\/4\/2024\/02\/logo-sdi.jpg\",\"width\":600,\"height\":600,\"caption\":\"Saint Die Info\"},\"image\":{\"@id\":\"https:\/\/vosgesinfo.fr\/saintdieinfo\/#\/schema\/logo\/image\/\"},\"sameAs\":[\"https:\/\/www.facebook.com\/Saintdieinfofr\",\"https:\/\/x.com\/VosgesInfo88\",\"https:\/\/www.youtube.com\/@vosgesinfo\"]},{\"@type\":\"Person\",\"@id\":\"https:\/\/vosgesinfo.fr\/saintdieinfo\/#\/schema\/person\/faee6704a21f3977511db84bd1cd450f\",\"name\":\"la r\u00e9daction\",\"image\":{\"@type\":\"ImageObject\",\"inLanguage\":\"fr-FR\",\"@id\":\"https:\/\/vosgesinfo.fr\/saintdieinfo\/#\/schema\/person\/image\/\",\"url\":\"https:\/\/secure.gravatar.com\/avatar\/6673d8bc6a9c17fa9a453eaa3448de834fa308c2ec9635b7aa99441a7c8d2cf6?s=96&d=mm&r=g\",\"contentUrl\":\"https:\/\/secure.gravatar.com\/avatar\/6673d8bc6a9c17fa9a453eaa3448de834fa308c2ec9635b7aa99441a7c8d2cf6?s=96&d=mm&r=g\",\"caption\":\"la r\u00e9daction\"},\"url\":\"https:\/\/vosgesinfo.fr\/saintdieinfo\/author\/redac\/\"}]}<\/script>\n<!-- \/ Yoast SEO plugin. -->","yoast_head_json":{"title":"L\u2019Europe en F\u00eate \u00e0 Saint-Di\u00e9-des-Vosges : Portugal, concert et caf\u00e9-europe au programme - Saint Die Info","robots":{"index":"index","follow":"follow","max-snippet":"max-snippet:-1","max-image-preview":"max-image-preview:large","max-video-preview":"max-video-preview:-1"},"canonical":"https:\/\/vosgesinfo.fr\/saintdieinfo\/2022\/05\/leurope-fete-a-saint-die-vosges-portugal-concert-cafe-europe-programme\/","twitter_card":"summary_large_image","twitter_title":"L\u2019Europe en F\u00eate \u00e0 Saint-Di\u00e9-des-Vosges : Portugal, concert et caf\u00e9-europe au programme - Saint Die Info","twitter_description":"En ce mois de mai et pour la 4e ann\u00e9e, Saint-Di\u00e9-des-Vosges f\u00eate l\u2019Europe. Trois temps forts viendront cl\u00f4turer cette \u00e9dition [&hellip;]","twitter_image":"https:\/\/vosgesinfo.fr\/app\/uploads\/sites\/4\/2024\/08\/202205europe-en-fete-sddv-5-1.jpg","twitter_creator":"@VosgesInfo88","twitter_site":"@VosgesInfo88","twitter_misc":{"\u00c9crit par":"la r\u00e9daction","Dur\u00e9e de lecture estim\u00e9e":"1 minute"},"schema":{"@context":"https:\/\/schema.org","@graph":[{"@type":"Article","@id":"https:\/\/vosgesinfo.fr\/saintdieinfo\/2022\/05\/leurope-fete-a-saint-die-vosges-portugal-concert-cafe-europe-programme\/#article","isPartOf":{"@id":"https:\/\/vosgesinfo.fr\/saintdieinfo\/2022\/05\/leurope-fete-a-saint-die-vosges-portugal-concert-cafe-europe-programme\/"},"author":{"name":"la r\u00e9daction","@id":"https:\/\/vosgesinfo.fr\/saintdieinfo\/#\/schema\/person\/faee6704a21f3977511db84bd1cd450f"},"headline":"L\u2019Europe en F\u00eate \u00e0 Saint-Di\u00e9-des-Vosges : Portugal, concert et caf\u00e9-europe au programme","datePublished":"2022-05-27T04:00:22+00:00","dateModified":"2022-05-27T04:00:22+00:00","mainEntityOfPage":{"@id":"https:\/\/vosgesinfo.fr\/saintdieinfo\/2022\/05\/leurope-fete-a-saint-die-vosges-portugal-concert-cafe-europe-programme\/"},"wordCount":315,"commentCount":0,"publisher":{"@id":"https:\/\/vosgesinfo.fr\/saintdieinfo\/#organization"},"image":{"@id":"https:\/\/vosgesinfo.fr\/saintdieinfo\/2022\/05\/leurope-fete-a-saint-die-vosges-portugal-concert-cafe-europe-programme\/#primaryimage"},"thumbnailUrl":"https:\/\/vosgesinfo.fr\/app\/uploads\/sites\/4\/2024\/08\/202205europe-en-fete-sddv-5-1.jpg","keywords":["L'Europe en f\u00eate","Mois de l'Europe","Portugal"],"articleSection":["A la Une","Saint-Di\u00e9-des-Vosges et son Agglom\u00e9ration"],"inLanguage":"fr-FR","potentialAction":[{"@type":"CommentAction","name":"Comment","target":["https:\/\/vosgesinfo.fr\/saintdieinfo\/2022\/05\/leurope-fete-a-saint-die-vosges-portugal-concert-cafe-europe-programme\/#respond"]}]},{"@type":"WebPage","@id":"https:\/\/vosgesinfo.fr\/saintdieinfo\/2022\/05\/leurope-fete-a-saint-die-vosges-portugal-concert-cafe-europe-programme\/","url":"https:\/\/vosgesinfo.fr\/saintdieinfo\/2022\/05\/leurope-fete-a-saint-die-vosges-portugal-concert-cafe-europe-programme\/","name":"L\u2019Europe en F\u00eate \u00e0 Saint-Di\u00e9-des-Vosges : Portugal, concert et caf\u00e9-europe au programme - Saint Die Info","isPartOf":{"@id":"https:\/\/vosgesinfo.fr\/saintdieinfo\/#website"},"primaryImageOfPage":{"@id":"https:\/\/vosgesinfo.fr\/saintdieinfo\/2022\/05\/leurope-fete-a-saint-die-vosges-portugal-concert-cafe-europe-programme\/#primaryimage"},"image":{"@id":"https:\/\/vosgesinfo.fr\/saintdieinfo\/2022\/05\/leurope-fete-a-saint-die-vosges-portugal-concert-cafe-europe-programme\/#primaryimage"},"thumbnailUrl":"https:\/\/vosgesinfo.fr\/app\/uploads\/sites\/4\/2024\/08\/202205europe-en-fete-sddv-5-1.jpg","datePublished":"2022-05-27T04:00:22+00:00","dateModified":"2022-05-27T04:00:22+00:00","breadcrumb":{"@id":"https:\/\/vosgesinfo.fr\/saintdieinfo\/2022\/05\/leurope-fete-a-saint-die-vosges-portugal-concert-cafe-europe-programme\/#breadcrumb"},"inLanguage":"fr-FR","potentialAction":[{"@type":"ReadAction","target":["https:\/\/vosgesinfo.fr\/saintdieinfo\/2022\/05\/leurope-fete-a-saint-die-vosges-portugal-concert-cafe-europe-programme\/"]}]},{"@type":"ImageObject","inLanguage":"fr-FR","@id":"https:\/\/vosgesinfo.fr\/saintdieinfo\/2022\/05\/leurope-fete-a-saint-die-vosges-portugal-concert-cafe-europe-programme\/#primaryimage","url":"https:\/\/vosgesinfo.fr\/app\/uploads\/sites\/4\/2024\/08\/202205europe-en-fete-sddv-5-1.jpg","contentUrl":"https:\/\/vosgesinfo.fr\/app\/uploads\/sites\/4\/2024\/08\/202205europe-en-fete-sddv-5-1.jpg","width":897,"height":522},{"@type":"BreadcrumbList","@id":"https:\/\/vosgesinfo.fr\/saintdieinfo\/2022\/05\/leurope-fete-a-saint-die-vosges-portugal-concert-cafe-europe-programme\/#breadcrumb","itemListElement":[{"@type":"ListItem","position":1,"name":"Home","item":"https:\/\/vosgesinfo.fr\/saintdieinfo\/"},{"@type":"ListItem","position":2,"name":"L\u2019Europe en F\u00eate \u00e0 Saint-Di\u00e9-des-Vosges : Portugal, concert et caf\u00e9-europe au programme"}]},{"@type":"WebSite","@id":"https:\/\/vosgesinfo.fr\/saintdieinfo\/#website","url":"https:\/\/vosgesinfo.fr\/saintdieinfo\/","name":"Saint Die Info","description":"Toute l&#039;actualit\u00e9 de Saint-Di\u00e9-Des-Vosges","publisher":{"@id":"https:\/\/vosgesinfo.fr\/saintdieinfo\/#organization"},"alternateName":"Toute l'actualit\u00e9 de Saint-Di\u00e9-Des-Vosges","potentialAction":[{"@type":"SearchAction","target":{"@type":"EntryPoint","urlTemplate":"https:\/\/vosgesinfo.fr\/saintdieinfo\/?s={search_term_string}"},"query-input":"required name=search_term_string"}],"inLanguage":"fr-FR"},{"@type":"Organization","@id":"https:\/\/vosgesinfo.fr\/saintdieinfo\/#organization","name":"Saint Die Info","url":"https:\/\/vosgesinfo.fr\/saintdieinfo\/","logo":{"@type":"ImageObject","inLanguage":"fr-FR","@id":"https:\/\/vosgesinfo.fr\/saintdieinfo\/#\/schema\/logo\/image\/","url":"https:\/\/vosgesinfo.fr\/app\/uploads\/sites\/4\/2024\/02\/logo-sdi.jpg","contentUrl":"https:\/\/vosgesinfo.fr\/app\/uploads\/sites\/4\/2024\/02\/logo-sdi.jpg","width":600,"height":600,"caption":"Saint Die Info"},"image":{"@id":"https:\/\/vosgesinfo.fr\/saintdieinfo\/#\/schema\/logo\/image\/"},"sameAs":["https:\/\/www.facebook.com\/Saintdieinfofr","https:\/\/x.com\/VosgesInfo88","https:\/\/www.youtube.com\/@vosgesinfo"]},{"@type":"Person","@id":"https:\/\/vosgesinfo.fr\/saintdieinfo\/#\/schema\/person\/faee6704a21f3977511db84bd1cd450f","name":"la r\u00e9daction","image":{"@type":"ImageObject","inLanguage":"fr-FR","@id":"https:\/\/vosgesinfo.fr\/saintdieinfo\/#\/schema\/person\/image\/","url":"https:\/\/secure.gravatar.com\/avatar\/6673d8bc6a9c17fa9a453eaa3448de834fa308c2ec9635b7aa99441a7c8d2cf6?s=96&d=mm&r=g","contentUrl":"https:\/\/secure.gravatar.com\/avatar\/6673d8bc6a9c17fa9a453eaa3448de834fa308c2ec9635b7aa99441a7c8d2cf6?s=96&d=mm&r=g","caption":"la r\u00e9daction"},"url":"https:\/\/vosgesinfo.fr\/saintdieinfo\/author\/redac\/"}]}},"_links":{"self":[{"href":"https:\/\/vosgesinfo.fr\/saintdieinfo\/wp-json\/wp\/v2\/posts\/53698","targetHints":{"allow":["GET"]}}],"collection":[{"href":"https:\/\/vosgesinfo.fr\/saintdieinfo\/wp-json\/wp\/v2\/posts"}],"about":[{"href":"https:\/\/vosgesinfo.fr\/saintdieinfo\/wp-json\/wp\/v2\/types\/post"}],"author":[{"embeddable":true,"href":"https:\/\/vosgesinfo.fr\/saintdieinfo\/wp-json\/wp\/v2\/users\/44"}],"replies":[{"embeddable":true,"href":"https:\/\/vosgesinfo.fr\/saintdieinfo\/wp-json\/wp\/v2\/comments?post=53698"}],"version-history":[{"count":0,"href":"https:\/\/vosgesinfo.fr\/saintdieinfo\/wp-json\/wp\/v2\/posts\/53698\/revisions"}],"wp:featuredmedia":[{"embeddable":true,"href":"https:\/\/vosgesinfo.fr\/saintdieinfo\/wp-json\/wp\/v2\/media\/53699"}],"wp:attachment":[{"href":"https:\/\/vosgesinfo.fr\/saintdieinfo\/wp-json\/wp\/v2\/media?parent=53698"}],"wp:term":[{"taxonomy":"category","embeddable":true,"href":"https:\/\/vosgesinfo.fr\/saintdieinfo\/wp-json\/wp\/v2\/categories?post=53698"},{"taxonomy":"post_tag","embeddable":true,"href":"https:\/\/vosgesinfo.fr\/saintdieinfo\/wp-json\/wp\/v2\/tags?post=53698"}],"curies":[{"name":"wp","href":"https:\/\/api.w.org\/{rel}","templated":true}]}}