{"id":53703,"date":"2022-05-27T11:26:11","date_gmt":"2022-05-27T09:26:11","guid":{"rendered":"https:\/\/vosgesinfo.fr\/saintdieinfo\/2022\/05\/celles-plaine-lassociation-lucille-luciole-organise-fete-de-musique\/"},"modified":"2022-05-27T11:26:11","modified_gmt":"2022-05-27T09:26:11","slug":"celles-plaine-lassociation-lucille-luciole-organise-fete-de-musique","status":"publish","type":"post","link":"https:\/\/vosgesinfo.fr\/saintdieinfo\/2022\/05\/celles-plaine-lassociation-lucille-luciole-organise-fete-de-musique\/","title":{"rendered":"Celles-sur-Plaine \u2013 L&rsquo;association Lucille-Luciole organise sa F\u00eate de la Musique"},"content":{"rendered":"<h2><strong><span style=\"font-size: 14pt;\">L&rsquo;association Lucille-Luciole organise sa F\u00eate de la Musique \u00e0 Celles-sur-Plaine, qui aura lieu de 14h \u00e0 23h le samedi 18 juin sur la Place la Gare. Entr\u00e9e libre.<\/span><\/strong><\/h2>\n<p><!--more-->En pr\u00e9sence de divers exposants, diff\u00e9rentes animations seront propos\u00e9es au public : balade en poney, trottinette, quad \u00e9lectrique, jolette, tombola&#8230; et bien entendu de la musique. Sur place, il sera \u00e9galement possible de savourer des cr\u00eapes, tartes flamb\u00e9es et de partager un couscous royal accompagn\u00e9 d&rsquo;un dessert. A noter que les r\u00e9servations pour le couscous sont \u00e0 effectuer avant le 12 juin \u00e0 minuit, <strong><a href=\"https:\/\/www.helloasso.com\/associations\/lucilleluciole\/evenements\/reservation-couscous?fbclid=IwAR1dht1UKaP3fm90HCjfhTqPjK7Fons_YcACQT7VL2bA29ZwP7aUDhWeJ0A\" target=\"_blank\" rel=\"noopener\">en cliquant ici.<\/a> <\/strong>Les fonds r\u00e9colt\u00e9s lors de cette journ\u00e9e festive contribueront \u00e0 l&rsquo;achat de mat\u00e9riel adapt\u00e9 pour am\u00e9liorer le quotidien de Lucille Martin.<\/p>\n<p>L\u2019association Lucille-Luciole a \u00e9t\u00e9 cr\u00e9\u00e9e suite au grave accident de Lucille Martin, survenu dans la matin\u00e9e du 25 janvier 2019 alors qu\u2019elle \u00e9tait \u00e2g\u00e9e de 19 ans. Ce jour-l\u00e0, elle \u00e9tait au volant de sa voiture pour se rendre \u00e0 la Fac de Sport lorsqu&rsquo;elle a gliss\u00e9 sur une plaque de verglas et la neige, entre Celles-sur-Plaine et Raon-l\u2019Etape, percutant un arbre et d\u00e9valant un ravin. Cet accident de la route a laiss\u00e9 la jeune femme t\u00e9trapl\u00e9gique, mais ne lui a pas \u00f4t\u00e9 sa joie et sa soif de vivre.<\/p>\n<p><a href=\"\/2022\/05\/Celles-sur-Plaine-F\u00eate_Musique_Lucille-Luciole1.jpg\" target=\"_blank\" rel=\"noopener\"><img decoding=\"async\" class=\"aligncenter wp-image-184128 size-large\" src=\"\/2022\/05\/Celles-sur-Plaine-F\u00eate_Musique_Lucille-Luciole1-727x1024.jpg\" alt=\"Celles-sur-Plaine-F\u00eate_Musique_Lucille-Luciole\" width=\"727\" height=\"1024\" \/><\/a><\/p>\n<p>J.J.<\/p>\n<p>&nbsp;<\/p>\n","protected":false},"excerpt":{"rendered":"<p>L&rsquo;association Lucille-Luciole organise sa F\u00eate de la Musique \u00e0 Celles-sur-Plaine, qui aura lieu de 14h \u00e0 23h le samedi 18 [&hellip;]<\/p>\n","protected":false},"author":44,"featured_media":53704,"comment_status":"open","ping_status":"open","sticky":false,"template":"","format":"standard","meta":{"footnotes":""},"categories":[3900,2915,29,17],"tags":[11419,1666,7526],"class_list":["post-53703","post","type-post","status-publish","format-standard","has-post-thumbnail","hentry","category-breves","category-saint-die-son-canton","category-solidarite","category-vie-associative","tag-celles-sur-plaine","tag-fete-de-la-musique","tag-lucille-luciole"],"acf":[],"yoast_head":"<!-- This site is optimized with the Yoast SEO plugin v22.5 - https:\/\/yoast.com\/wordpress\/plugins\/seo\/ -->\n<title>Celles-sur-Plaine \u2013 L&#039;association Lucille-Luciole organise sa F\u00eate de la Musique - Saint Die Info<\/title>\n<meta name=\"robots\" content=\"index, follow, max-snippet:-1, max-image-preview:large, max-video-preview:-1\" \/>\n<link rel=\"canonical\" href=\"https:\/\/vosgesinfo.fr\/saintdieinfo\/2022\/05\/celles-plaine-lassociation-lucille-luciole-organise-fete-de-musique\/\" \/>\n<meta name=\"twitter:card\" content=\"summary_large_image\" \/>\n<meta name=\"twitter:title\" content=\"Celles-sur-Plaine \u2013 L&#039;association Lucille-Luciole organise sa F\u00eate de la Musique - Saint Die Info\" \/>\n<meta name=\"twitter:description\" content=\"L&rsquo;association Lucille-Luciole organise sa F\u00eate de la Musique \u00e0 Celles-sur-Plaine, qui aura lieu de 14h \u00e0 23h le samedi 18 [&hellip;]\" \/>\n<meta name=\"twitter:image\" content=\"https:\/\/vosgesinfo.fr\/app\/uploads\/sites\/4\/2024\/08\/202205celles-sur-plaine-fete-musique-lucille-luciole-01.jpg\" \/>\n<meta name=\"twitter:creator\" content=\"@VosgesInfo88\" \/>\n<meta name=\"twitter:site\" content=\"@VosgesInfo88\" \/>\n<meta name=\"twitter:label1\" content=\"\u00c9crit par\" \/>\n\t<meta name=\"twitter:data1\" content=\"la r\u00e9daction\" \/>\n\t<meta name=\"twitter:label2\" content=\"Dur\u00e9e de lecture estim\u00e9e\" \/>\n\t<meta name=\"twitter:data2\" content=\"1 minute\" \/>\n<script type=\"application\/ld+json\" class=\"yoast-schema-graph\">{\"@context\":\"https:\/\/schema.org\",\"@graph\":[{\"@type\":\"Article\",\"@id\":\"https:\/\/vosgesinfo.fr\/saintdieinfo\/2022\/05\/celles-plaine-lassociation-lucille-luciole-organise-fete-de-musique\/#article\",\"isPartOf\":{\"@id\":\"https:\/\/vosgesinfo.fr\/saintdieinfo\/2022\/05\/celles-plaine-lassociation-lucille-luciole-organise-fete-de-musique\/\"},\"author\":{\"name\":\"la r\u00e9daction\",\"@id\":\"https:\/\/vosgesinfo.fr\/saintdieinfo\/#\/schema\/person\/faee6704a21f3977511db84bd1cd450f\"},\"headline\":\"Celles-sur-Plaine \u2013 L&rsquo;association Lucille-Luciole organise sa F\u00eate de la Musique\",\"datePublished\":\"2022-05-27T09:26:11+00:00\",\"dateModified\":\"2022-05-27T09:26:11+00:00\",\"mainEntityOfPage\":{\"@id\":\"https:\/\/vosgesinfo.fr\/saintdieinfo\/2022\/05\/celles-plaine-lassociation-lucille-luciole-organise-fete-de-musique\/\"},\"wordCount\":234,\"commentCount\":0,\"publisher\":{\"@id\":\"https:\/\/vosgesinfo.fr\/saintdieinfo\/#organization\"},\"image\":{\"@id\":\"https:\/\/vosgesinfo.fr\/saintdieinfo\/2022\/05\/celles-plaine-lassociation-lucille-luciole-organise-fete-de-musique\/#primaryimage\"},\"thumbnailUrl\":\"https:\/\/vosgesinfo.fr\/app\/uploads\/sites\/4\/2024\/08\/202205celles-sur-plaine-fete-musique-lucille-luciole-01.jpg\",\"keywords\":[\"Celles-sur-Plaine\",\"f\u00eate de la musique\",\"Lucille-Luciole\"],\"articleSection\":[\"Br\u00e8ves\",\"Saint-Di\u00e9-des-Vosges et son Agglom\u00e9ration\",\"Solidarit\u00e9\",\"Vie Associative\"],\"inLanguage\":\"fr-FR\",\"potentialAction\":[{\"@type\":\"CommentAction\",\"name\":\"Comment\",\"target\":[\"https:\/\/vosgesinfo.fr\/saintdieinfo\/2022\/05\/celles-plaine-lassociation-lucille-luciole-organise-fete-de-musique\/#respond\"]}]},{\"@type\":\"WebPage\",\"@id\":\"https:\/\/vosgesinfo.fr\/saintdieinfo\/2022\/05\/celles-plaine-lassociation-lucille-luciole-organise-fete-de-musique\/\",\"url\":\"https:\/\/vosgesinfo.fr\/saintdieinfo\/2022\/05\/celles-plaine-lassociation-lucille-luciole-organise-fete-de-musique\/\",\"name\":\"Celles-sur-Plaine \u2013 L'association Lucille-Luciole organise sa F\u00eate de la Musique - Saint Die Info\",\"isPartOf\":{\"@id\":\"https:\/\/vosgesinfo.fr\/saintdieinfo\/#website\"},\"primaryImageOfPage\":{\"@id\":\"https:\/\/vosgesinfo.fr\/saintdieinfo\/2022\/05\/celles-plaine-lassociation-lucille-luciole-organise-fete-de-musique\/#primaryimage\"},\"image\":{\"@id\":\"https:\/\/vosgesinfo.fr\/saintdieinfo\/2022\/05\/celles-plaine-lassociation-lucille-luciole-organise-fete-de-musique\/#primaryimage\"},\"thumbnailUrl\":\"https:\/\/vosgesinfo.fr\/app\/uploads\/sites\/4\/2024\/08\/202205celles-sur-plaine-fete-musique-lucille-luciole-01.jpg\",\"datePublished\":\"2022-05-27T09:26:11+00:00\",\"dateModified\":\"2022-05-27T09:26:11+00:00\",\"breadcrumb\":{\"@id\":\"https:\/\/vosgesinfo.fr\/saintdieinfo\/2022\/05\/celles-plaine-lassociation-lucille-luciole-organise-fete-de-musique\/#breadcrumb\"},\"inLanguage\":\"fr-FR\",\"potentialAction\":[{\"@type\":\"ReadAction\",\"target\":[\"https:\/\/vosgesinfo.fr\/saintdieinfo\/2022\/05\/celles-plaine-lassociation-lucille-luciole-organise-fete-de-musique\/\"]}]},{\"@type\":\"ImageObject\",\"inLanguage\":\"fr-FR\",\"@id\":\"https:\/\/vosgesinfo.fr\/saintdieinfo\/2022\/05\/celles-plaine-lassociation-lucille-luciole-organise-fete-de-musique\/#primaryimage\",\"url\":\"https:\/\/vosgesinfo.fr\/app\/uploads\/sites\/4\/2024\/08\/202205celles-sur-plaine-fete-musique-lucille-luciole-01.jpg\",\"contentUrl\":\"https:\/\/vosgesinfo.fr\/app\/uploads\/sites\/4\/2024\/08\/202205celles-sur-plaine-fete-musique-lucille-luciole-01.jpg\",\"width\":911,\"height\":690},{\"@type\":\"BreadcrumbList\",\"@id\":\"https:\/\/vosgesinfo.fr\/saintdieinfo\/2022\/05\/celles-plaine-lassociation-lucille-luciole-organise-fete-de-musique\/#breadcrumb\",\"itemListElement\":[{\"@type\":\"ListItem\",\"position\":1,\"name\":\"Home\",\"item\":\"https:\/\/vosgesinfo.fr\/saintdieinfo\/\"},{\"@type\":\"ListItem\",\"position\":2,\"name\":\"Celles-sur-Plaine \u2013 L&rsquo;association Lucille-Luciole organise sa F\u00eate de la Musique\"}]},{\"@type\":\"WebSite\",\"@id\":\"https:\/\/vosgesinfo.fr\/saintdieinfo\/#website\",\"url\":\"https:\/\/vosgesinfo.fr\/saintdieinfo\/\",\"name\":\"Saint Die Info\",\"description\":\"Toute l&#039;actualit\u00e9 de Saint-Di\u00e9-Des-Vosges\",\"publisher\":{\"@id\":\"https:\/\/vosgesinfo.fr\/saintdieinfo\/#organization\"},\"alternateName\":\"Toute l'actualit\u00e9 de Saint-Di\u00e9-Des-Vosges\",\"potentialAction\":[{\"@type\":\"SearchAction\",\"target\":{\"@type\":\"EntryPoint\",\"urlTemplate\":\"https:\/\/vosgesinfo.fr\/saintdieinfo\/?s={search_term_string}\"},\"query-input\":\"required name=search_term_string\"}],\"inLanguage\":\"fr-FR\"},{\"@type\":\"Organization\",\"@id\":\"https:\/\/vosgesinfo.fr\/saintdieinfo\/#organization\",\"name\":\"Saint Die Info\",\"url\":\"https:\/\/vosgesinfo.fr\/saintdieinfo\/\",\"logo\":{\"@type\":\"ImageObject\",\"inLanguage\":\"fr-FR\",\"@id\":\"https:\/\/vosgesinfo.fr\/saintdieinfo\/#\/schema\/logo\/image\/\",\"url\":\"https:\/\/vosgesinfo.fr\/app\/uploads\/sites\/4\/2024\/02\/logo-sdi.jpg\",\"contentUrl\":\"https:\/\/vosgesinfo.fr\/app\/uploads\/sites\/4\/2024\/02\/logo-sdi.jpg\",\"width\":600,\"height\":600,\"caption\":\"Saint Die Info\"},\"image\":{\"@id\":\"https:\/\/vosgesinfo.fr\/saintdieinfo\/#\/schema\/logo\/image\/\"},\"sameAs\":[\"https:\/\/www.facebook.com\/Saintdieinfofr\",\"https:\/\/x.com\/VosgesInfo88\",\"https:\/\/www.youtube.com\/@vosgesinfo\"]},{\"@type\":\"Person\",\"@id\":\"https:\/\/vosgesinfo.fr\/saintdieinfo\/#\/schema\/person\/faee6704a21f3977511db84bd1cd450f\",\"name\":\"la r\u00e9daction\",\"image\":{\"@type\":\"ImageObject\",\"inLanguage\":\"fr-FR\",\"@id\":\"https:\/\/vosgesinfo.fr\/saintdieinfo\/#\/schema\/person\/image\/\",\"url\":\"https:\/\/secure.gravatar.com\/avatar\/6673d8bc6a9c17fa9a453eaa3448de834fa308c2ec9635b7aa99441a7c8d2cf6?s=96&d=mm&r=g\",\"contentUrl\":\"https:\/\/secure.gravatar.com\/avatar\/6673d8bc6a9c17fa9a453eaa3448de834fa308c2ec9635b7aa99441a7c8d2cf6?s=96&d=mm&r=g\",\"caption\":\"la r\u00e9daction\"},\"url\":\"https:\/\/vosgesinfo.fr\/saintdieinfo\/author\/redac\/\"}]}<\/script>\n<!-- \/ Yoast SEO plugin. -->","yoast_head_json":{"title":"Celles-sur-Plaine \u2013 L'association Lucille-Luciole organise sa F\u00eate de la Musique - Saint Die Info","robots":{"index":"index","follow":"follow","max-snippet":"max-snippet:-1","max-image-preview":"max-image-preview:large","max-video-preview":"max-video-preview:-1"},"canonical":"https:\/\/vosgesinfo.fr\/saintdieinfo\/2022\/05\/celles-plaine-lassociation-lucille-luciole-organise-fete-de-musique\/","twitter_card":"summary_large_image","twitter_title":"Celles-sur-Plaine \u2013 L'association Lucille-Luciole organise sa F\u00eate de la Musique - Saint Die Info","twitter_description":"L&rsquo;association Lucille-Luciole organise sa F\u00eate de la Musique \u00e0 Celles-sur-Plaine, qui aura lieu de 14h \u00e0 23h le samedi 18 [&hellip;]","twitter_image":"https:\/\/vosgesinfo.fr\/app\/uploads\/sites\/4\/2024\/08\/202205celles-sur-plaine-fete-musique-lucille-luciole-01.jpg","twitter_creator":"@VosgesInfo88","twitter_site":"@VosgesInfo88","twitter_misc":{"\u00c9crit par":"la r\u00e9daction","Dur\u00e9e de lecture estim\u00e9e":"1 minute"},"schema":{"@context":"https:\/\/schema.org","@graph":[{"@type":"Article","@id":"https:\/\/vosgesinfo.fr\/saintdieinfo\/2022\/05\/celles-plaine-lassociation-lucille-luciole-organise-fete-de-musique\/#article","isPartOf":{"@id":"https:\/\/vosgesinfo.fr\/saintdieinfo\/2022\/05\/celles-plaine-lassociation-lucille-luciole-organise-fete-de-musique\/"},"author":{"name":"la r\u00e9daction","@id":"https:\/\/vosgesinfo.fr\/saintdieinfo\/#\/schema\/person\/faee6704a21f3977511db84bd1cd450f"},"headline":"Celles-sur-Plaine \u2013 L&rsquo;association Lucille-Luciole organise sa F\u00eate de la Musique","datePublished":"2022-05-27T09:26:11+00:00","dateModified":"2022-05-27T09:26:11+00:00","mainEntityOfPage":{"@id":"https:\/\/vosgesinfo.fr\/saintdieinfo\/2022\/05\/celles-plaine-lassociation-lucille-luciole-organise-fete-de-musique\/"},"wordCount":234,"commentCount":0,"publisher":{"@id":"https:\/\/vosgesinfo.fr\/saintdieinfo\/#organization"},"image":{"@id":"https:\/\/vosgesinfo.fr\/saintdieinfo\/2022\/05\/celles-plaine-lassociation-lucille-luciole-organise-fete-de-musique\/#primaryimage"},"thumbnailUrl":"https:\/\/vosgesinfo.fr\/app\/uploads\/sites\/4\/2024\/08\/202205celles-sur-plaine-fete-musique-lucille-luciole-01.jpg","keywords":["Celles-sur-Plaine","f\u00eate de la musique","Lucille-Luciole"],"articleSection":["Br\u00e8ves","Saint-Di\u00e9-des-Vosges et son Agglom\u00e9ration","Solidarit\u00e9","Vie Associative"],"inLanguage":"fr-FR","potentialAction":[{"@type":"CommentAction","name":"Comment","target":["https:\/\/vosgesinfo.fr\/saintdieinfo\/2022\/05\/celles-plaine-lassociation-lucille-luciole-organise-fete-de-musique\/#respond"]}]},{"@type":"WebPage","@id":"https:\/\/vosgesinfo.fr\/saintdieinfo\/2022\/05\/celles-plaine-lassociation-lucille-luciole-organise-fete-de-musique\/","url":"https:\/\/vosgesinfo.fr\/saintdieinfo\/2022\/05\/celles-plaine-lassociation-lucille-luciole-organise-fete-de-musique\/","name":"Celles-sur-Plaine \u2013 L'association Lucille-Luciole organise sa F\u00eate de la Musique - Saint Die Info","isPartOf":{"@id":"https:\/\/vosgesinfo.fr\/saintdieinfo\/#website"},"primaryImageOfPage":{"@id":"https:\/\/vosgesinfo.fr\/saintdieinfo\/2022\/05\/celles-plaine-lassociation-lucille-luciole-organise-fete-de-musique\/#primaryimage"},"image":{"@id":"https:\/\/vosgesinfo.fr\/saintdieinfo\/2022\/05\/celles-plaine-lassociation-lucille-luciole-organise-fete-de-musique\/#primaryimage"},"thumbnailUrl":"https:\/\/vosgesinfo.fr\/app\/uploads\/sites\/4\/2024\/08\/202205celles-sur-plaine-fete-musique-lucille-luciole-01.jpg","datePublished":"2022-05-27T09:26:11+00:00","dateModified":"2022-05-27T09:26:11+00:00","breadcrumb":{"@id":"https:\/\/vosgesinfo.fr\/saintdieinfo\/2022\/05\/celles-plaine-lassociation-lucille-luciole-organise-fete-de-musique\/#breadcrumb"},"inLanguage":"fr-FR","potentialAction":[{"@type":"ReadAction","target":["https:\/\/vosgesinfo.fr\/saintdieinfo\/2022\/05\/celles-plaine-lassociation-lucille-luciole-organise-fete-de-musique\/"]}]},{"@type":"ImageObject","inLanguage":"fr-FR","@id":"https:\/\/vosgesinfo.fr\/saintdieinfo\/2022\/05\/celles-plaine-lassociation-lucille-luciole-organise-fete-de-musique\/#primaryimage","url":"https:\/\/vosgesinfo.fr\/app\/uploads\/sites\/4\/2024\/08\/202205celles-sur-plaine-fete-musique-lucille-luciole-01.jpg","contentUrl":"https:\/\/vosgesinfo.fr\/app\/uploads\/sites\/4\/2024\/08\/202205celles-sur-plaine-fete-musique-lucille-luciole-01.jpg","width":911,"height":690},{"@type":"BreadcrumbList","@id":"https:\/\/vosgesinfo.fr\/saintdieinfo\/2022\/05\/celles-plaine-lassociation-lucille-luciole-organise-fete-de-musique\/#breadcrumb","itemListElement":[{"@type":"ListItem","position":1,"name":"Home","item":"https:\/\/vosgesinfo.fr\/saintdieinfo\/"},{"@type":"ListItem","position":2,"name":"Celles-sur-Plaine \u2013 L&rsquo;association Lucille-Luciole organise sa F\u00eate de la Musique"}]},{"@type":"WebSite","@id":"https:\/\/vosgesinfo.fr\/saintdieinfo\/#website","url":"https:\/\/vosgesinfo.fr\/saintdieinfo\/","name":"Saint Die Info","description":"Toute l&#039;actualit\u00e9 de Saint-Di\u00e9-Des-Vosges","publisher":{"@id":"https:\/\/vosgesinfo.fr\/saintdieinfo\/#organization"},"alternateName":"Toute l'actualit\u00e9 de Saint-Di\u00e9-Des-Vosges","potentialAction":[{"@type":"SearchAction","target":{"@type":"EntryPoint","urlTemplate":"https:\/\/vosgesinfo.fr\/saintdieinfo\/?s={search_term_string}"},"query-input":"required name=search_term_string"}],"inLanguage":"fr-FR"},{"@type":"Organization","@id":"https:\/\/vosgesinfo.fr\/saintdieinfo\/#organization","name":"Saint Die Info","url":"https:\/\/vosgesinfo.fr\/saintdieinfo\/","logo":{"@type":"ImageObject","inLanguage":"fr-FR","@id":"https:\/\/vosgesinfo.fr\/saintdieinfo\/#\/schema\/logo\/image\/","url":"https:\/\/vosgesinfo.fr\/app\/uploads\/sites\/4\/2024\/02\/logo-sdi.jpg","contentUrl":"https:\/\/vosgesinfo.fr\/app\/uploads\/sites\/4\/2024\/02\/logo-sdi.jpg","width":600,"height":600,"caption":"Saint Die Info"},"image":{"@id":"https:\/\/vosgesinfo.fr\/saintdieinfo\/#\/schema\/logo\/image\/"},"sameAs":["https:\/\/www.facebook.com\/Saintdieinfofr","https:\/\/x.com\/VosgesInfo88","https:\/\/www.youtube.com\/@vosgesinfo"]},{"@type":"Person","@id":"https:\/\/vosgesinfo.fr\/saintdieinfo\/#\/schema\/person\/faee6704a21f3977511db84bd1cd450f","name":"la r\u00e9daction","image":{"@type":"ImageObject","inLanguage":"fr-FR","@id":"https:\/\/vosgesinfo.fr\/saintdieinfo\/#\/schema\/person\/image\/","url":"https:\/\/secure.gravatar.com\/avatar\/6673d8bc6a9c17fa9a453eaa3448de834fa308c2ec9635b7aa99441a7c8d2cf6?s=96&d=mm&r=g","contentUrl":"https:\/\/secure.gravatar.com\/avatar\/6673d8bc6a9c17fa9a453eaa3448de834fa308c2ec9635b7aa99441a7c8d2cf6?s=96&d=mm&r=g","caption":"la r\u00e9daction"},"url":"https:\/\/vosgesinfo.fr\/saintdieinfo\/author\/redac\/"}]}},"_links":{"self":[{"href":"https:\/\/vosgesinfo.fr\/saintdieinfo\/wp-json\/wp\/v2\/posts\/53703","targetHints":{"allow":["GET"]}}],"collection":[{"href":"https:\/\/vosgesinfo.fr\/saintdieinfo\/wp-json\/wp\/v2\/posts"}],"about":[{"href":"https:\/\/vosgesinfo.fr\/saintdieinfo\/wp-json\/wp\/v2\/types\/post"}],"author":[{"embeddable":true,"href":"https:\/\/vosgesinfo.fr\/saintdieinfo\/wp-json\/wp\/v2\/users\/44"}],"replies":[{"embeddable":true,"href":"https:\/\/vosgesinfo.fr\/saintdieinfo\/wp-json\/wp\/v2\/comments?post=53703"}],"version-history":[{"count":0,"href":"https:\/\/vosgesinfo.fr\/saintdieinfo\/wp-json\/wp\/v2\/posts\/53703\/revisions"}],"wp:featuredmedia":[{"embeddable":true,"href":"https:\/\/vosgesinfo.fr\/saintdieinfo\/wp-json\/wp\/v2\/media\/53704"}],"wp:attachment":[{"href":"https:\/\/vosgesinfo.fr\/saintdieinfo\/wp-json\/wp\/v2\/media?parent=53703"}],"wp:term":[{"taxonomy":"category","embeddable":true,"href":"https:\/\/vosgesinfo.fr\/saintdieinfo\/wp-json\/wp\/v2\/categories?post=53703"},{"taxonomy":"post_tag","embeddable":true,"href":"https:\/\/vosgesinfo.fr\/saintdieinfo\/wp-json\/wp\/v2\/tags?post=53703"}],"curies":[{"name":"wp","href":"https:\/\/api.w.org\/{rel}","templated":true}]}}