{"id":53805,"date":"2022-05-31T10:00:20","date_gmt":"2022-05-31T08:00:20","guid":{"rendered":"https:\/\/vosgesinfo.fr\/saintdieinfo\/2022\/05\/defis-boulot-a-lecole-jy-vais-autrement-plus-de-12-500km-parcourus-deodatie\/"},"modified":"2022-05-31T10:00:20","modified_gmt":"2022-05-31T08:00:20","slug":"defis-boulot-a-lecole-jy-vais-autrement-plus-de-12-500km-parcourus-deodatie","status":"publish","type":"post","link":"https:\/\/vosgesinfo.fr\/saintdieinfo\/2022\/05\/defis-boulot-a-lecole-jy-vais-autrement-plus-de-12-500km-parcourus-deodatie\/","title":{"rendered":"D\u00e9fis \u00ab\u00a0Au boulot et \u00e0 l&rsquo;\u00e9cole j&rsquo;y vais autrement\u00a0\u00bb\u00a0: plus de 12 500km parcourus en D\u00e9odatie"},"content":{"rendered":"<div id=\"attachment_184307\" style=\"width: 970px\" class=\"wp-caption aligncenter\"><a href=\"\/2022\/05\/D\u00e9fi_Jy_Vais_Autrement.jpg\" target=\"_blank\" rel=\"noopener\"><img decoding=\"async\" aria-describedby=\"caption-attachment-184307\" class=\"wp-image-184307 size-large\" src=\"\/2022\/05\/D\u00e9fi_Jy_Vais_Autrement-1024x462.jpg\" alt=\"D\u00e9fi_J'y_Vais_Autrement\" width=\"960\" height=\"433\" \/><\/a><p id=\"caption-attachment-184307\" class=\"wp-caption-text\">L&rsquo;\u00e9quipe du PETR du Pays de la D\u00e9odatie. (Photographie PETR du Pays de la D\u00e9odatie)<\/p><\/div>\n<h2><strong><span style=\"font-size: 14pt;\">L&rsquo;\u00e9dition 2022 des d\u00e9fis \u00ab\u00a0Au boulot et \u00e0 l&rsquo;\u00e9cole j&rsquo;y vais autrement\u00a0\u00bb s&rsquo;est d\u00e9roul\u00e9 dans la R\u00e9gion Grand Est du 2 au 22 mai.<\/span><\/strong><\/h2>\n<p><!--more--><\/p>\n<p>8546 participants de 732 \u00e9tablissements y ont pris part, parcourant 1 216 857km \u00e0 pied, \u00e0 v\u00e9lo, en trottinette, en monoroue, en covoiturage, en TER, bus ou tram&#8230; soit une estimation de 205 600kg de CO\u00b2 \u00e9vit\u00e9s. Cet \u00e9v\u00e9nement rev\u00eat \u00e9galement une dimension solidaire, car le total des kilom\u00e8tres parcourus en modes alternatifs \u00e0 la voiture individuelle par l&rsquo;ensemble des participants aux d\u00e9fis est ensuite convertie en dotation financi\u00e8re, au b\u00e9n\u00e9fice d&rsquo;une structure oeuvrant dans les domaines des mobilit\u00e9s actives, partag\u00e9es, solidaires ou inclusives.<\/p>\n<p>Localement, \u00e0 Saint-Di\u00e9-des-Vosges et ses alentours, ces d\u00e9fis sont port\u00e9s par le PETR du Pays de la D\u00e9odatie. E cette ann\u00e9e 2022, ce sont plus de plus de 200 participants d&rsquo;une vingtaine de structures du territoire (bailleur social, commerces, entreprises, collectivit\u00e9s, etc.) et 650 \u00e9l\u00e8ves et personnels d&rsquo;\u00e9cole qui ont pris part aux d\u00e9fis. L&rsquo;ensemble des participants totalise une distance de plus de 12 500km, pour 950 jours de participation cumul\u00e9s. <em>\u00ab\u00a0Un grand merci \u00e0 nos \u00e9quipes d\u00e9odatiennes ainsi qu&rsquo;aux \u00e9l\u00e8ves et personnels des \u00e9coles pour leur participation aux d\u00e9fis \u00ab Au boulot et \u00e0 l\u2019\u00e9cole j\u2019y vais autrement ! \u00bb. Et si les d\u00e9fis sont termin\u00e9s pour cette ann\u00e9e, aller au boulot autrement peut se faire toute l&rsquo;ann\u00e9e\u00a0\u00bb<\/em> a comment\u00e9 le PETR du Pays de la D\u00e9odatie ces derniers jours.<\/p>\n<p>Pour en apprendre plus sur les d\u00e9fis \u00ab Au boulot et \u00e0 l&rsquo;\u00e9cole j&rsquo;y vais autrement \u00bb\u00a0: <strong><a href=\"https:\/\/defi-jyvais.fr\/\" target=\"_blank\" rel=\"noopener\">https:\/\/defi-jyvais.fr\/<\/a><\/strong><\/p>\n<p>J.J.<\/p>\n","protected":false},"excerpt":{"rendered":"<p>L&rsquo;\u00e9dition 2022 des d\u00e9fis \u00ab\u00a0Au boulot et \u00e0 l&rsquo;\u00e9cole j&rsquo;y vais autrement\u00a0\u00bb s&rsquo;est d\u00e9roul\u00e9 dans la R\u00e9gion Grand Est du [&hellip;]<\/p>\n","protected":false},"author":44,"featured_media":53806,"comment_status":"open","ping_status":"open","sticky":false,"template":"","format":"standard","meta":{"footnotes":""},"categories":[460,2915],"tags":[11513,11296,3507],"class_list":["post-53805","post","type-post","status-publish","format-standard","has-post-thumbnail","hentry","category-a-la-une","category-saint-die-son-canton","tag-defis-au-boulot-et-a-lecole-jy-vais-autrement","tag-mobilites-douces","tag-petr-du-pays-de-la-deodatie"],"acf":[],"yoast_head":"<!-- This site is optimized with the Yoast SEO plugin v22.5 - https:\/\/yoast.com\/wordpress\/plugins\/seo\/ -->\n<title>D\u00e9fis \u00ab\u00a0Au boulot et \u00e0 l&#039;\u00e9cole j&#039;y vais autrement\u00a0\u00bb\u00a0: plus de 12 500km parcourus en D\u00e9odatie - Saint Die Info<\/title>\n<meta name=\"robots\" content=\"index, follow, max-snippet:-1, max-image-preview:large, max-video-preview:-1\" \/>\n<link rel=\"canonical\" href=\"https:\/\/vosgesinfo.fr\/saintdieinfo\/2022\/05\/defis-boulot-a-lecole-jy-vais-autrement-plus-de-12-500km-parcourus-deodatie\/\" \/>\n<meta name=\"twitter:card\" content=\"summary_large_image\" \/>\n<meta name=\"twitter:title\" content=\"D\u00e9fis \u00ab\u00a0Au boulot et \u00e0 l&#039;\u00e9cole j&#039;y vais autrement\u00a0\u00bb\u00a0: plus de 12 500km parcourus en D\u00e9odatie - Saint Die Info\" \/>\n<meta name=\"twitter:description\" content=\"L&rsquo;\u00e9dition 2022 des d\u00e9fis \u00ab\u00a0Au boulot et \u00e0 l&rsquo;\u00e9cole j&rsquo;y vais autrement\u00a0\u00bb s&rsquo;est d\u00e9roul\u00e9 dans la R\u00e9gion Grand Est du [&hellip;]\" \/>\n<meta name=\"twitter:image\" content=\"https:\/\/vosgesinfo.fr\/app\/uploads\/sites\/4\/2024\/08\/202205defi-jy-vais-autrement.jpg\" \/>\n<meta name=\"twitter:creator\" content=\"@VosgesInfo88\" \/>\n<meta name=\"twitter:site\" content=\"@VosgesInfo88\" \/>\n<meta name=\"twitter:label1\" content=\"\u00c9crit par\" \/>\n\t<meta name=\"twitter:data1\" content=\"la r\u00e9daction\" \/>\n\t<meta name=\"twitter:label2\" content=\"Dur\u00e9e de lecture estim\u00e9e\" \/>\n\t<meta name=\"twitter:data2\" content=\"1 minute\" \/>\n<script type=\"application\/ld+json\" class=\"yoast-schema-graph\">{\"@context\":\"https:\/\/schema.org\",\"@graph\":[{\"@type\":\"Article\",\"@id\":\"https:\/\/vosgesinfo.fr\/saintdieinfo\/2022\/05\/defis-boulot-a-lecole-jy-vais-autrement-plus-de-12-500km-parcourus-deodatie\/#article\",\"isPartOf\":{\"@id\":\"https:\/\/vosgesinfo.fr\/saintdieinfo\/2022\/05\/defis-boulot-a-lecole-jy-vais-autrement-plus-de-12-500km-parcourus-deodatie\/\"},\"author\":{\"name\":\"la r\u00e9daction\",\"@id\":\"https:\/\/vosgesinfo.fr\/saintdieinfo\/#\/schema\/person\/faee6704a21f3977511db84bd1cd450f\"},\"headline\":\"D\u00e9fis \u00ab\u00a0Au boulot et \u00e0 l&rsquo;\u00e9cole j&rsquo;y vais autrement\u00a0\u00bb\u00a0: plus de 12 500km parcourus en D\u00e9odatie\",\"datePublished\":\"2022-05-31T08:00:20+00:00\",\"dateModified\":\"2022-05-31T08:00:20+00:00\",\"mainEntityOfPage\":{\"@id\":\"https:\/\/vosgesinfo.fr\/saintdieinfo\/2022\/05\/defis-boulot-a-lecole-jy-vais-autrement-plus-de-12-500km-parcourus-deodatie\/\"},\"wordCount\":325,\"commentCount\":0,\"publisher\":{\"@id\":\"https:\/\/vosgesinfo.fr\/saintdieinfo\/#organization\"},\"image\":{\"@id\":\"https:\/\/vosgesinfo.fr\/saintdieinfo\/2022\/05\/defis-boulot-a-lecole-jy-vais-autrement-plus-de-12-500km-parcourus-deodatie\/#primaryimage\"},\"thumbnailUrl\":\"https:\/\/vosgesinfo.fr\/app\/uploads\/sites\/4\/2024\/08\/202205defi-jy-vais-autrement.jpg\",\"keywords\":[\"D\u00e9fis Au boulot et \u00e0 l'\u00e9cole j'y vais autrement\",\"Mobilit\u00e9s douces\",\"PETR du Pays de la D\u00e9odatie\"],\"articleSection\":[\"A la Une\",\"Saint-Di\u00e9-des-Vosges et son Agglom\u00e9ration\"],\"inLanguage\":\"fr-FR\",\"potentialAction\":[{\"@type\":\"CommentAction\",\"name\":\"Comment\",\"target\":[\"https:\/\/vosgesinfo.fr\/saintdieinfo\/2022\/05\/defis-boulot-a-lecole-jy-vais-autrement-plus-de-12-500km-parcourus-deodatie\/#respond\"]}]},{\"@type\":\"WebPage\",\"@id\":\"https:\/\/vosgesinfo.fr\/saintdieinfo\/2022\/05\/defis-boulot-a-lecole-jy-vais-autrement-plus-de-12-500km-parcourus-deodatie\/\",\"url\":\"https:\/\/vosgesinfo.fr\/saintdieinfo\/2022\/05\/defis-boulot-a-lecole-jy-vais-autrement-plus-de-12-500km-parcourus-deodatie\/\",\"name\":\"D\u00e9fis \u00ab\u00a0Au boulot et \u00e0 l'\u00e9cole j'y vais autrement\u00a0\u00bb\u00a0: plus de 12 500km parcourus en D\u00e9odatie - Saint Die Info\",\"isPartOf\":{\"@id\":\"https:\/\/vosgesinfo.fr\/saintdieinfo\/#website\"},\"primaryImageOfPage\":{\"@id\":\"https:\/\/vosgesinfo.fr\/saintdieinfo\/2022\/05\/defis-boulot-a-lecole-jy-vais-autrement-plus-de-12-500km-parcourus-deodatie\/#primaryimage\"},\"image\":{\"@id\":\"https:\/\/vosgesinfo.fr\/saintdieinfo\/2022\/05\/defis-boulot-a-lecole-jy-vais-autrement-plus-de-12-500km-parcourus-deodatie\/#primaryimage\"},\"thumbnailUrl\":\"https:\/\/vosgesinfo.fr\/app\/uploads\/sites\/4\/2024\/08\/202205defi-jy-vais-autrement.jpg\",\"datePublished\":\"2022-05-31T08:00:20+00:00\",\"dateModified\":\"2022-05-31T08:00:20+00:00\",\"breadcrumb\":{\"@id\":\"https:\/\/vosgesinfo.fr\/saintdieinfo\/2022\/05\/defis-boulot-a-lecole-jy-vais-autrement-plus-de-12-500km-parcourus-deodatie\/#breadcrumb\"},\"inLanguage\":\"fr-FR\",\"potentialAction\":[{\"@type\":\"ReadAction\",\"target\":[\"https:\/\/vosgesinfo.fr\/saintdieinfo\/2022\/05\/defis-boulot-a-lecole-jy-vais-autrement-plus-de-12-500km-parcourus-deodatie\/\"]}]},{\"@type\":\"ImageObject\",\"inLanguage\":\"fr-FR\",\"@id\":\"https:\/\/vosgesinfo.fr\/saintdieinfo\/2022\/05\/defis-boulot-a-lecole-jy-vais-autrement-plus-de-12-500km-parcourus-deodatie\/#primaryimage\",\"url\":\"https:\/\/vosgesinfo.fr\/app\/uploads\/sites\/4\/2024\/08\/202205defi-jy-vais-autrement.jpg\",\"contentUrl\":\"https:\/\/vosgesinfo.fr\/app\/uploads\/sites\/4\/2024\/08\/202205defi-jy-vais-autrement.jpg\",\"width\":1804,\"height\":814},{\"@type\":\"BreadcrumbList\",\"@id\":\"https:\/\/vosgesinfo.fr\/saintdieinfo\/2022\/05\/defis-boulot-a-lecole-jy-vais-autrement-plus-de-12-500km-parcourus-deodatie\/#breadcrumb\",\"itemListElement\":[{\"@type\":\"ListItem\",\"position\":1,\"name\":\"Home\",\"item\":\"https:\/\/vosgesinfo.fr\/saintdieinfo\/\"},{\"@type\":\"ListItem\",\"position\":2,\"name\":\"D\u00e9fis \u00ab\u00a0Au boulot et \u00e0 l&rsquo;\u00e9cole j&rsquo;y vais autrement\u00a0\u00bb\u00a0: plus de 12 500km parcourus en D\u00e9odatie\"}]},{\"@type\":\"WebSite\",\"@id\":\"https:\/\/vosgesinfo.fr\/saintdieinfo\/#website\",\"url\":\"https:\/\/vosgesinfo.fr\/saintdieinfo\/\",\"name\":\"Saint Die Info\",\"description\":\"Toute l&#039;actualit\u00e9 de Saint-Di\u00e9-Des-Vosges\",\"publisher\":{\"@id\":\"https:\/\/vosgesinfo.fr\/saintdieinfo\/#organization\"},\"alternateName\":\"Toute l'actualit\u00e9 de Saint-Di\u00e9-Des-Vosges\",\"potentialAction\":[{\"@type\":\"SearchAction\",\"target\":{\"@type\":\"EntryPoint\",\"urlTemplate\":\"https:\/\/vosgesinfo.fr\/saintdieinfo\/?s={search_term_string}\"},\"query-input\":\"required name=search_term_string\"}],\"inLanguage\":\"fr-FR\"},{\"@type\":\"Organization\",\"@id\":\"https:\/\/vosgesinfo.fr\/saintdieinfo\/#organization\",\"name\":\"Saint Die Info\",\"url\":\"https:\/\/vosgesinfo.fr\/saintdieinfo\/\",\"logo\":{\"@type\":\"ImageObject\",\"inLanguage\":\"fr-FR\",\"@id\":\"https:\/\/vosgesinfo.fr\/saintdieinfo\/#\/schema\/logo\/image\/\",\"url\":\"https:\/\/vosgesinfo.fr\/app\/uploads\/sites\/4\/2024\/02\/logo-sdi.jpg\",\"contentUrl\":\"https:\/\/vosgesinfo.fr\/app\/uploads\/sites\/4\/2024\/02\/logo-sdi.jpg\",\"width\":600,\"height\":600,\"caption\":\"Saint Die Info\"},\"image\":{\"@id\":\"https:\/\/vosgesinfo.fr\/saintdieinfo\/#\/schema\/logo\/image\/\"},\"sameAs\":[\"https:\/\/www.facebook.com\/Saintdieinfofr\",\"https:\/\/x.com\/VosgesInfo88\",\"https:\/\/www.youtube.com\/@vosgesinfo\"]},{\"@type\":\"Person\",\"@id\":\"https:\/\/vosgesinfo.fr\/saintdieinfo\/#\/schema\/person\/faee6704a21f3977511db84bd1cd450f\",\"name\":\"la r\u00e9daction\",\"image\":{\"@type\":\"ImageObject\",\"inLanguage\":\"fr-FR\",\"@id\":\"https:\/\/vosgesinfo.fr\/saintdieinfo\/#\/schema\/person\/image\/\",\"url\":\"https:\/\/secure.gravatar.com\/avatar\/6673d8bc6a9c17fa9a453eaa3448de834fa308c2ec9635b7aa99441a7c8d2cf6?s=96&d=mm&r=g\",\"contentUrl\":\"https:\/\/secure.gravatar.com\/avatar\/6673d8bc6a9c17fa9a453eaa3448de834fa308c2ec9635b7aa99441a7c8d2cf6?s=96&d=mm&r=g\",\"caption\":\"la r\u00e9daction\"},\"url\":\"https:\/\/vosgesinfo.fr\/saintdieinfo\/author\/redac\/\"}]}<\/script>\n<!-- \/ Yoast SEO plugin. -->","yoast_head_json":{"title":"D\u00e9fis \u00ab\u00a0Au boulot et \u00e0 l'\u00e9cole j'y vais autrement\u00a0\u00bb\u00a0: plus de 12 500km parcourus en D\u00e9odatie - Saint Die Info","robots":{"index":"index","follow":"follow","max-snippet":"max-snippet:-1","max-image-preview":"max-image-preview:large","max-video-preview":"max-video-preview:-1"},"canonical":"https:\/\/vosgesinfo.fr\/saintdieinfo\/2022\/05\/defis-boulot-a-lecole-jy-vais-autrement-plus-de-12-500km-parcourus-deodatie\/","twitter_card":"summary_large_image","twitter_title":"D\u00e9fis \u00ab\u00a0Au boulot et \u00e0 l'\u00e9cole j'y vais autrement\u00a0\u00bb\u00a0: plus de 12 500km parcourus en D\u00e9odatie - Saint Die Info","twitter_description":"L&rsquo;\u00e9dition 2022 des d\u00e9fis \u00ab\u00a0Au boulot et \u00e0 l&rsquo;\u00e9cole j&rsquo;y vais autrement\u00a0\u00bb s&rsquo;est d\u00e9roul\u00e9 dans la R\u00e9gion Grand Est du [&hellip;]","twitter_image":"https:\/\/vosgesinfo.fr\/app\/uploads\/sites\/4\/2024\/08\/202205defi-jy-vais-autrement.jpg","twitter_creator":"@VosgesInfo88","twitter_site":"@VosgesInfo88","twitter_misc":{"\u00c9crit par":"la r\u00e9daction","Dur\u00e9e de lecture estim\u00e9e":"1 minute"},"schema":{"@context":"https:\/\/schema.org","@graph":[{"@type":"Article","@id":"https:\/\/vosgesinfo.fr\/saintdieinfo\/2022\/05\/defis-boulot-a-lecole-jy-vais-autrement-plus-de-12-500km-parcourus-deodatie\/#article","isPartOf":{"@id":"https:\/\/vosgesinfo.fr\/saintdieinfo\/2022\/05\/defis-boulot-a-lecole-jy-vais-autrement-plus-de-12-500km-parcourus-deodatie\/"},"author":{"name":"la r\u00e9daction","@id":"https:\/\/vosgesinfo.fr\/saintdieinfo\/#\/schema\/person\/faee6704a21f3977511db84bd1cd450f"},"headline":"D\u00e9fis \u00ab\u00a0Au boulot et \u00e0 l&rsquo;\u00e9cole j&rsquo;y vais autrement\u00a0\u00bb\u00a0: plus de 12 500km parcourus en D\u00e9odatie","datePublished":"2022-05-31T08:00:20+00:00","dateModified":"2022-05-31T08:00:20+00:00","mainEntityOfPage":{"@id":"https:\/\/vosgesinfo.fr\/saintdieinfo\/2022\/05\/defis-boulot-a-lecole-jy-vais-autrement-plus-de-12-500km-parcourus-deodatie\/"},"wordCount":325,"commentCount":0,"publisher":{"@id":"https:\/\/vosgesinfo.fr\/saintdieinfo\/#organization"},"image":{"@id":"https:\/\/vosgesinfo.fr\/saintdieinfo\/2022\/05\/defis-boulot-a-lecole-jy-vais-autrement-plus-de-12-500km-parcourus-deodatie\/#primaryimage"},"thumbnailUrl":"https:\/\/vosgesinfo.fr\/app\/uploads\/sites\/4\/2024\/08\/202205defi-jy-vais-autrement.jpg","keywords":["D\u00e9fis Au boulot et \u00e0 l'\u00e9cole j'y vais autrement","Mobilit\u00e9s douces","PETR du Pays de la D\u00e9odatie"],"articleSection":["A la Une","Saint-Di\u00e9-des-Vosges et son Agglom\u00e9ration"],"inLanguage":"fr-FR","potentialAction":[{"@type":"CommentAction","name":"Comment","target":["https:\/\/vosgesinfo.fr\/saintdieinfo\/2022\/05\/defis-boulot-a-lecole-jy-vais-autrement-plus-de-12-500km-parcourus-deodatie\/#respond"]}]},{"@type":"WebPage","@id":"https:\/\/vosgesinfo.fr\/saintdieinfo\/2022\/05\/defis-boulot-a-lecole-jy-vais-autrement-plus-de-12-500km-parcourus-deodatie\/","url":"https:\/\/vosgesinfo.fr\/saintdieinfo\/2022\/05\/defis-boulot-a-lecole-jy-vais-autrement-plus-de-12-500km-parcourus-deodatie\/","name":"D\u00e9fis \u00ab\u00a0Au boulot et \u00e0 l'\u00e9cole j'y vais autrement\u00a0\u00bb\u00a0: plus de 12 500km parcourus en D\u00e9odatie - Saint Die Info","isPartOf":{"@id":"https:\/\/vosgesinfo.fr\/saintdieinfo\/#website"},"primaryImageOfPage":{"@id":"https:\/\/vosgesinfo.fr\/saintdieinfo\/2022\/05\/defis-boulot-a-lecole-jy-vais-autrement-plus-de-12-500km-parcourus-deodatie\/#primaryimage"},"image":{"@id":"https:\/\/vosgesinfo.fr\/saintdieinfo\/2022\/05\/defis-boulot-a-lecole-jy-vais-autrement-plus-de-12-500km-parcourus-deodatie\/#primaryimage"},"thumbnailUrl":"https:\/\/vosgesinfo.fr\/app\/uploads\/sites\/4\/2024\/08\/202205defi-jy-vais-autrement.jpg","datePublished":"2022-05-31T08:00:20+00:00","dateModified":"2022-05-31T08:00:20+00:00","breadcrumb":{"@id":"https:\/\/vosgesinfo.fr\/saintdieinfo\/2022\/05\/defis-boulot-a-lecole-jy-vais-autrement-plus-de-12-500km-parcourus-deodatie\/#breadcrumb"},"inLanguage":"fr-FR","potentialAction":[{"@type":"ReadAction","target":["https:\/\/vosgesinfo.fr\/saintdieinfo\/2022\/05\/defis-boulot-a-lecole-jy-vais-autrement-plus-de-12-500km-parcourus-deodatie\/"]}]},{"@type":"ImageObject","inLanguage":"fr-FR","@id":"https:\/\/vosgesinfo.fr\/saintdieinfo\/2022\/05\/defis-boulot-a-lecole-jy-vais-autrement-plus-de-12-500km-parcourus-deodatie\/#primaryimage","url":"https:\/\/vosgesinfo.fr\/app\/uploads\/sites\/4\/2024\/08\/202205defi-jy-vais-autrement.jpg","contentUrl":"https:\/\/vosgesinfo.fr\/app\/uploads\/sites\/4\/2024\/08\/202205defi-jy-vais-autrement.jpg","width":1804,"height":814},{"@type":"BreadcrumbList","@id":"https:\/\/vosgesinfo.fr\/saintdieinfo\/2022\/05\/defis-boulot-a-lecole-jy-vais-autrement-plus-de-12-500km-parcourus-deodatie\/#breadcrumb","itemListElement":[{"@type":"ListItem","position":1,"name":"Home","item":"https:\/\/vosgesinfo.fr\/saintdieinfo\/"},{"@type":"ListItem","position":2,"name":"D\u00e9fis \u00ab\u00a0Au boulot et \u00e0 l&rsquo;\u00e9cole j&rsquo;y vais autrement\u00a0\u00bb\u00a0: plus de 12 500km parcourus en D\u00e9odatie"}]},{"@type":"WebSite","@id":"https:\/\/vosgesinfo.fr\/saintdieinfo\/#website","url":"https:\/\/vosgesinfo.fr\/saintdieinfo\/","name":"Saint Die Info","description":"Toute l&#039;actualit\u00e9 de Saint-Di\u00e9-Des-Vosges","publisher":{"@id":"https:\/\/vosgesinfo.fr\/saintdieinfo\/#organization"},"alternateName":"Toute l'actualit\u00e9 de Saint-Di\u00e9-Des-Vosges","potentialAction":[{"@type":"SearchAction","target":{"@type":"EntryPoint","urlTemplate":"https:\/\/vosgesinfo.fr\/saintdieinfo\/?s={search_term_string}"},"query-input":"required name=search_term_string"}],"inLanguage":"fr-FR"},{"@type":"Organization","@id":"https:\/\/vosgesinfo.fr\/saintdieinfo\/#organization","name":"Saint Die Info","url":"https:\/\/vosgesinfo.fr\/saintdieinfo\/","logo":{"@type":"ImageObject","inLanguage":"fr-FR","@id":"https:\/\/vosgesinfo.fr\/saintdieinfo\/#\/schema\/logo\/image\/","url":"https:\/\/vosgesinfo.fr\/app\/uploads\/sites\/4\/2024\/02\/logo-sdi.jpg","contentUrl":"https:\/\/vosgesinfo.fr\/app\/uploads\/sites\/4\/2024\/02\/logo-sdi.jpg","width":600,"height":600,"caption":"Saint Die Info"},"image":{"@id":"https:\/\/vosgesinfo.fr\/saintdieinfo\/#\/schema\/logo\/image\/"},"sameAs":["https:\/\/www.facebook.com\/Saintdieinfofr","https:\/\/x.com\/VosgesInfo88","https:\/\/www.youtube.com\/@vosgesinfo"]},{"@type":"Person","@id":"https:\/\/vosgesinfo.fr\/saintdieinfo\/#\/schema\/person\/faee6704a21f3977511db84bd1cd450f","name":"la r\u00e9daction","image":{"@type":"ImageObject","inLanguage":"fr-FR","@id":"https:\/\/vosgesinfo.fr\/saintdieinfo\/#\/schema\/person\/image\/","url":"https:\/\/secure.gravatar.com\/avatar\/6673d8bc6a9c17fa9a453eaa3448de834fa308c2ec9635b7aa99441a7c8d2cf6?s=96&d=mm&r=g","contentUrl":"https:\/\/secure.gravatar.com\/avatar\/6673d8bc6a9c17fa9a453eaa3448de834fa308c2ec9635b7aa99441a7c8d2cf6?s=96&d=mm&r=g","caption":"la r\u00e9daction"},"url":"https:\/\/vosgesinfo.fr\/saintdieinfo\/author\/redac\/"}]}},"_links":{"self":[{"href":"https:\/\/vosgesinfo.fr\/saintdieinfo\/wp-json\/wp\/v2\/posts\/53805","targetHints":{"allow":["GET"]}}],"collection":[{"href":"https:\/\/vosgesinfo.fr\/saintdieinfo\/wp-json\/wp\/v2\/posts"}],"about":[{"href":"https:\/\/vosgesinfo.fr\/saintdieinfo\/wp-json\/wp\/v2\/types\/post"}],"author":[{"embeddable":true,"href":"https:\/\/vosgesinfo.fr\/saintdieinfo\/wp-json\/wp\/v2\/users\/44"}],"replies":[{"embeddable":true,"href":"https:\/\/vosgesinfo.fr\/saintdieinfo\/wp-json\/wp\/v2\/comments?post=53805"}],"version-history":[{"count":0,"href":"https:\/\/vosgesinfo.fr\/saintdieinfo\/wp-json\/wp\/v2\/posts\/53805\/revisions"}],"wp:featuredmedia":[{"embeddable":true,"href":"https:\/\/vosgesinfo.fr\/saintdieinfo\/wp-json\/wp\/v2\/media\/53806"}],"wp:attachment":[{"href":"https:\/\/vosgesinfo.fr\/saintdieinfo\/wp-json\/wp\/v2\/media?parent=53805"}],"wp:term":[{"taxonomy":"category","embeddable":true,"href":"https:\/\/vosgesinfo.fr\/saintdieinfo\/wp-json\/wp\/v2\/categories?post=53805"},{"taxonomy":"post_tag","embeddable":true,"href":"https:\/\/vosgesinfo.fr\/saintdieinfo\/wp-json\/wp\/v2\/tags?post=53805"}],"curies":[{"name":"wp","href":"https:\/\/api.w.org\/{rel}","templated":true}]}}