{"id":53838,"date":"2022-05-31T11:27:01","date_gmt":"2022-05-31T09:27:01","guid":{"rendered":"https:\/\/vosgesinfo.fr\/saintdieinfo\/2022\/05\/metiers-de-luniforme-de-securite-installes-toute-journee-parc-jean-mansuy\/"},"modified":"2022-05-31T11:27:01","modified_gmt":"2022-05-31T09:27:01","slug":"metiers-de-luniforme-de-securite-installes-toute-journee-parc-jean-mansuy","status":"publish","type":"post","link":"https:\/\/vosgesinfo.fr\/saintdieinfo\/2022\/05\/metiers-de-luniforme-de-securite-installes-toute-journee-parc-jean-mansuy\/","title":{"rendered":"Les m\u00e9tiers de l&rsquo;uniforme et de la s\u00e9curit\u00e9 sont install\u00e9s toute la journ\u00e9e au parc Jean-Mansuy"},"content":{"rendered":"<div id=\"attachment_184288\" style=\"width: 970px\" class=\"wp-caption aligncenter\"><a href=\"\/2022\/05\/Journ\u00e9e_M\u00e9tiers_Uniforme_S\u00e9curit\u00e9-9.jpg\" target=\"_blank\" rel=\"noopener\"><img decoding=\"async\" aria-describedby=\"caption-attachment-184288\" class=\"wp-image-184288 size-large\" src=\"\/2022\/05\/Journ\u00e9e_M\u00e9tiers_Uniforme_S\u00e9curit\u00e9-9-1024x771.jpg\" alt=\"Journ\u00e9e_M\u00e9tiers_Uniforme_S\u00e9curit\u00e9 (9)\" width=\"960\" height=\"723\" \/><\/a><p id=\"caption-attachment-184288\" class=\"wp-caption-text\">Une militaire du 92e R\u00e9giment d&rsquo;Artillerie de Montagne explique le fonctionnement du fusil d&rsquo;assaut HK416F, qui \u00e9quipe les soldats fran\u00e7ais et qui remplace le FAMAS.<\/p><\/div>\n<h2><strong><span style=\"font-size: 14pt;\">A Saint-Di\u00e9-des-Vosges, ce dernier jour de mai est synonyme de journ\u00e9e des m\u00e9tiers de l&rsquo;uniforme et de la s\u00e9curit\u00e9, qui se d\u00e9roule jusqu&rsquo;\u00e0 18h au parc Jean-Mansuy et sur la place Jules-Ferry.<\/span><\/strong><\/h2>\n<p><!--more--><\/p>\n<p>Organis\u00e9e en partenariat avec la Ville et la Mission Locale, cette journ\u00e9e se veut ludique et interactive, avec des d\u00e9monstrations et des pr\u00e9sentations. L&rsquo;occasion \u00e9galement de manipuler du mat\u00e9riel militaire, comme le fusil d&rsquo;assaut HK416F ou une veste de protection contre les \u00e9clats, d&rsquo;effectuer un massage cardiaque sur un mannequin ou de se mesurer au challenge des tractions.<\/p>\n<p>En pr\u00e9sence, de mani\u00e8re non exhaustive, du 1er R\u00e9giment de Tirailleurs d&rsquo;Epinal, du 4e R\u00e9giment du Mat\u00e9riel, du 35e R\u00e9giment de Parachutistes, du 93e R\u00e9giment d&rsquo;Artillerie de Montagne, du 1er R\u00e9giment d&rsquo;H\u00e9licopt\u00e8res de Combat, du 53e R\u00e9giment de Transmissions, de la L\u00e9gion Etrang\u00e8re, de la Marine Nationale, de l&rsquo;Arm\u00e9e de l&rsquo;Air et de l&rsquo;Espace, de la Gendarmerie Nationale, des Polices Nationale et Municipale ou des Sapeurs-pompiers, le but de cette journ\u00e9e est de pr\u00e9senter et faire d\u00e9couvrir au public d\u00e9odatien quelques-unes des facettes des m\u00e9tiers de l&rsquo;uniforme et de la s\u00e9curit\u00e9, mais aussi de recruter. Car il y a actuellement 40 000 emplois \u00e0 pourvoir dans les 3 Arm\u00e9es fran\u00e7aises et les organismes de s\u00e9curit\u00e9 fran\u00e7ais.<\/p>\n<p>Apr\u00e8s Saint-Di\u00e9-des-Vosges, des journ\u00e9es similaires sont organis\u00e9es cette semaine \u00e0 Epinal et Neufch\u00e2teau. Respectivement demain mercredi dans la Cit\u00e9 des Images, sur le parking du Petit Champ de Mars, puis jeudi sur la place des Marronniers de la sous-pr\u00e9fecture de l&rsquo;ouest vosgien.<\/p>\n<p>J.J.<\/p>\n\n","protected":false},"excerpt":{"rendered":"<p>A Saint-Di\u00e9-des-Vosges, ce dernier jour de mai est synonyme de journ\u00e9e des m\u00e9tiers de l&rsquo;uniforme et de la s\u00e9curit\u00e9, qui [&hellip;]<\/p>\n","protected":false},"author":44,"featured_media":53839,"comment_status":"open","ping_status":"open","sticky":false,"template":"","format":"standard","meta":{"footnotes":""},"categories":[460,2915],"tags":[6320,11517,4611,3095,6773,3240],"class_list":["post-53838","post","type-post","status-publish","format-standard","has-post-thumbnail","hentry","category-a-la-une","category-saint-die-son-canton","tag-journee-interactive-des-metiers-de-luniforme-et-de-la-securite","tag-metiers-de-luniforme-et-de-la-securite","tag-mission-locale-de-saint-die-et-des-hautes-vosges","tag-parc-jean-mansuy","tag-place-jules-ferry","tag-ville-de-saint-die-des-vosges"],"acf":[],"yoast_head":"<!-- This site is optimized with the Yoast SEO plugin v22.5 - https:\/\/yoast.com\/wordpress\/plugins\/seo\/ -->\n<title>Les m\u00e9tiers de l&#039;uniforme et de la s\u00e9curit\u00e9 sont install\u00e9s toute la journ\u00e9e au parc Jean-Mansuy - Saint Die Info<\/title>\n<meta name=\"robots\" content=\"index, follow, max-snippet:-1, max-image-preview:large, max-video-preview:-1\" \/>\n<link rel=\"canonical\" href=\"https:\/\/vosgesinfo.fr\/saintdieinfo\/2022\/05\/metiers-de-luniforme-de-securite-installes-toute-journee-parc-jean-mansuy\/\" \/>\n<meta name=\"twitter:card\" content=\"summary_large_image\" \/>\n<meta name=\"twitter:title\" content=\"Les m\u00e9tiers de l&#039;uniforme et de la s\u00e9curit\u00e9 sont install\u00e9s toute la journ\u00e9e au parc Jean-Mansuy - Saint Die Info\" \/>\n<meta name=\"twitter:description\" content=\"A Saint-Di\u00e9-des-Vosges, ce dernier jour de mai est synonyme de journ\u00e9e des m\u00e9tiers de l&rsquo;uniforme et de la s\u00e9curit\u00e9, qui [&hellip;]\" \/>\n<meta name=\"twitter:image\" content=\"https:\/\/vosgesinfo.fr\/app\/uploads\/sites\/4\/2024\/08\/202205journee-metiers-uniforme-securite-9-1.jpg\" \/>\n<meta name=\"twitter:creator\" content=\"@VosgesInfo88\" \/>\n<meta name=\"twitter:site\" content=\"@VosgesInfo88\" \/>\n<meta name=\"twitter:label1\" content=\"\u00c9crit par\" \/>\n\t<meta name=\"twitter:data1\" content=\"la r\u00e9daction\" \/>\n\t<meta name=\"twitter:label2\" content=\"Dur\u00e9e de lecture estim\u00e9e\" \/>\n\t<meta name=\"twitter:data2\" content=\"2 minutes\" \/>\n<script type=\"application\/ld+json\" class=\"yoast-schema-graph\">{\"@context\":\"https:\/\/schema.org\",\"@graph\":[{\"@type\":\"Article\",\"@id\":\"https:\/\/vosgesinfo.fr\/saintdieinfo\/2022\/05\/metiers-de-luniforme-de-securite-installes-toute-journee-parc-jean-mansuy\/#article\",\"isPartOf\":{\"@id\":\"https:\/\/vosgesinfo.fr\/saintdieinfo\/2022\/05\/metiers-de-luniforme-de-securite-installes-toute-journee-parc-jean-mansuy\/\"},\"author\":{\"name\":\"la r\u00e9daction\",\"@id\":\"https:\/\/vosgesinfo.fr\/saintdieinfo\/#\/schema\/person\/faee6704a21f3977511db84bd1cd450f\"},\"headline\":\"Les m\u00e9tiers de l&rsquo;uniforme et de la s\u00e9curit\u00e9 sont install\u00e9s toute la journ\u00e9e au parc Jean-Mansuy\",\"datePublished\":\"2022-05-31T09:27:01+00:00\",\"dateModified\":\"2022-05-31T09:27:01+00:00\",\"mainEntityOfPage\":{\"@id\":\"https:\/\/vosgesinfo.fr\/saintdieinfo\/2022\/05\/metiers-de-luniforme-de-securite-installes-toute-journee-parc-jean-mansuy\/\"},\"wordCount\":362,\"commentCount\":0,\"publisher\":{\"@id\":\"https:\/\/vosgesinfo.fr\/saintdieinfo\/#organization\"},\"image\":{\"@id\":\"https:\/\/vosgesinfo.fr\/saintdieinfo\/2022\/05\/metiers-de-luniforme-de-securite-installes-toute-journee-parc-jean-mansuy\/#primaryimage\"},\"thumbnailUrl\":\"https:\/\/vosgesinfo.fr\/app\/uploads\/sites\/4\/2024\/08\/202205journee-metiers-uniforme-securite-9-1.jpg\",\"keywords\":[\"Journ\u00e9e interactive des m\u00e9tiers de l'uniforme et de la s\u00e9curit\u00e9\",\"M\u00e9tiers de l'uniforme et de la s\u00e9curit\u00e9\",\"Mission Locale de Saint-Di\u00e9 et des Hautes-Vosges\",\"Parc Jean-Mansuy\",\"Place Jules-Ferry\",\"Ville de Saint-Di\u00e9-des-Vosges\"],\"articleSection\":[\"A la Une\",\"Saint-Di\u00e9-des-Vosges et son Agglom\u00e9ration\"],\"inLanguage\":\"fr-FR\",\"potentialAction\":[{\"@type\":\"CommentAction\",\"name\":\"Comment\",\"target\":[\"https:\/\/vosgesinfo.fr\/saintdieinfo\/2022\/05\/metiers-de-luniforme-de-securite-installes-toute-journee-parc-jean-mansuy\/#respond\"]}]},{\"@type\":\"WebPage\",\"@id\":\"https:\/\/vosgesinfo.fr\/saintdieinfo\/2022\/05\/metiers-de-luniforme-de-securite-installes-toute-journee-parc-jean-mansuy\/\",\"url\":\"https:\/\/vosgesinfo.fr\/saintdieinfo\/2022\/05\/metiers-de-luniforme-de-securite-installes-toute-journee-parc-jean-mansuy\/\",\"name\":\"Les m\u00e9tiers de l'uniforme et de la s\u00e9curit\u00e9 sont install\u00e9s toute la journ\u00e9e au parc Jean-Mansuy - Saint Die Info\",\"isPartOf\":{\"@id\":\"https:\/\/vosgesinfo.fr\/saintdieinfo\/#website\"},\"primaryImageOfPage\":{\"@id\":\"https:\/\/vosgesinfo.fr\/saintdieinfo\/2022\/05\/metiers-de-luniforme-de-securite-installes-toute-journee-parc-jean-mansuy\/#primaryimage\"},\"image\":{\"@id\":\"https:\/\/vosgesinfo.fr\/saintdieinfo\/2022\/05\/metiers-de-luniforme-de-securite-installes-toute-journee-parc-jean-mansuy\/#primaryimage\"},\"thumbnailUrl\":\"https:\/\/vosgesinfo.fr\/app\/uploads\/sites\/4\/2024\/08\/202205journee-metiers-uniforme-securite-9-1.jpg\",\"datePublished\":\"2022-05-31T09:27:01+00:00\",\"dateModified\":\"2022-05-31T09:27:01+00:00\",\"breadcrumb\":{\"@id\":\"https:\/\/vosgesinfo.fr\/saintdieinfo\/2022\/05\/metiers-de-luniforme-de-securite-installes-toute-journee-parc-jean-mansuy\/#breadcrumb\"},\"inLanguage\":\"fr-FR\",\"potentialAction\":[{\"@type\":\"ReadAction\",\"target\":[\"https:\/\/vosgesinfo.fr\/saintdieinfo\/2022\/05\/metiers-de-luniforme-de-securite-installes-toute-journee-parc-jean-mansuy\/\"]}]},{\"@type\":\"ImageObject\",\"inLanguage\":\"fr-FR\",\"@id\":\"https:\/\/vosgesinfo.fr\/saintdieinfo\/2022\/05\/metiers-de-luniforme-de-securite-installes-toute-journee-parc-jean-mansuy\/#primaryimage\",\"url\":\"https:\/\/vosgesinfo.fr\/app\/uploads\/sites\/4\/2024\/08\/202205journee-metiers-uniforme-securite-9-1.jpg\",\"contentUrl\":\"https:\/\/vosgesinfo.fr\/app\/uploads\/sites\/4\/2024\/08\/202205journee-metiers-uniforme-securite-9-1.jpg\",\"width\":1600,\"height\":1205},{\"@type\":\"BreadcrumbList\",\"@id\":\"https:\/\/vosgesinfo.fr\/saintdieinfo\/2022\/05\/metiers-de-luniforme-de-securite-installes-toute-journee-parc-jean-mansuy\/#breadcrumb\",\"itemListElement\":[{\"@type\":\"ListItem\",\"position\":1,\"name\":\"Home\",\"item\":\"https:\/\/vosgesinfo.fr\/saintdieinfo\/\"},{\"@type\":\"ListItem\",\"position\":2,\"name\":\"Les m\u00e9tiers de l&rsquo;uniforme et de la s\u00e9curit\u00e9 sont install\u00e9s toute la journ\u00e9e au parc Jean-Mansuy\"}]},{\"@type\":\"WebSite\",\"@id\":\"https:\/\/vosgesinfo.fr\/saintdieinfo\/#website\",\"url\":\"https:\/\/vosgesinfo.fr\/saintdieinfo\/\",\"name\":\"Saint Die Info\",\"description\":\"Toute l&#039;actualit\u00e9 de Saint-Di\u00e9-Des-Vosges\",\"publisher\":{\"@id\":\"https:\/\/vosgesinfo.fr\/saintdieinfo\/#organization\"},\"alternateName\":\"Toute l'actualit\u00e9 de Saint-Di\u00e9-Des-Vosges\",\"potentialAction\":[{\"@type\":\"SearchAction\",\"target\":{\"@type\":\"EntryPoint\",\"urlTemplate\":\"https:\/\/vosgesinfo.fr\/saintdieinfo\/?s={search_term_string}\"},\"query-input\":\"required name=search_term_string\"}],\"inLanguage\":\"fr-FR\"},{\"@type\":\"Organization\",\"@id\":\"https:\/\/vosgesinfo.fr\/saintdieinfo\/#organization\",\"name\":\"Saint Die Info\",\"url\":\"https:\/\/vosgesinfo.fr\/saintdieinfo\/\",\"logo\":{\"@type\":\"ImageObject\",\"inLanguage\":\"fr-FR\",\"@id\":\"https:\/\/vosgesinfo.fr\/saintdieinfo\/#\/schema\/logo\/image\/\",\"url\":\"https:\/\/vosgesinfo.fr\/app\/uploads\/sites\/4\/2024\/02\/logo-sdi.jpg\",\"contentUrl\":\"https:\/\/vosgesinfo.fr\/app\/uploads\/sites\/4\/2024\/02\/logo-sdi.jpg\",\"width\":600,\"height\":600,\"caption\":\"Saint Die Info\"},\"image\":{\"@id\":\"https:\/\/vosgesinfo.fr\/saintdieinfo\/#\/schema\/logo\/image\/\"},\"sameAs\":[\"https:\/\/www.facebook.com\/Saintdieinfofr\",\"https:\/\/x.com\/VosgesInfo88\",\"https:\/\/www.youtube.com\/@vosgesinfo\"]},{\"@type\":\"Person\",\"@id\":\"https:\/\/vosgesinfo.fr\/saintdieinfo\/#\/schema\/person\/faee6704a21f3977511db84bd1cd450f\",\"name\":\"la r\u00e9daction\",\"image\":{\"@type\":\"ImageObject\",\"inLanguage\":\"fr-FR\",\"@id\":\"https:\/\/vosgesinfo.fr\/saintdieinfo\/#\/schema\/person\/image\/\",\"url\":\"https:\/\/secure.gravatar.com\/avatar\/6673d8bc6a9c17fa9a453eaa3448de834fa308c2ec9635b7aa99441a7c8d2cf6?s=96&d=mm&r=g\",\"contentUrl\":\"https:\/\/secure.gravatar.com\/avatar\/6673d8bc6a9c17fa9a453eaa3448de834fa308c2ec9635b7aa99441a7c8d2cf6?s=96&d=mm&r=g\",\"caption\":\"la r\u00e9daction\"},\"url\":\"https:\/\/vosgesinfo.fr\/saintdieinfo\/author\/redac\/\"}]}<\/script>\n<!-- \/ Yoast SEO plugin. -->","yoast_head_json":{"title":"Les m\u00e9tiers de l'uniforme et de la s\u00e9curit\u00e9 sont install\u00e9s toute la journ\u00e9e au parc Jean-Mansuy - Saint Die Info","robots":{"index":"index","follow":"follow","max-snippet":"max-snippet:-1","max-image-preview":"max-image-preview:large","max-video-preview":"max-video-preview:-1"},"canonical":"https:\/\/vosgesinfo.fr\/saintdieinfo\/2022\/05\/metiers-de-luniforme-de-securite-installes-toute-journee-parc-jean-mansuy\/","twitter_card":"summary_large_image","twitter_title":"Les m\u00e9tiers de l'uniforme et de la s\u00e9curit\u00e9 sont install\u00e9s toute la journ\u00e9e au parc Jean-Mansuy - Saint Die Info","twitter_description":"A Saint-Di\u00e9-des-Vosges, ce dernier jour de mai est synonyme de journ\u00e9e des m\u00e9tiers de l&rsquo;uniforme et de la s\u00e9curit\u00e9, qui [&hellip;]","twitter_image":"https:\/\/vosgesinfo.fr\/app\/uploads\/sites\/4\/2024\/08\/202205journee-metiers-uniforme-securite-9-1.jpg","twitter_creator":"@VosgesInfo88","twitter_site":"@VosgesInfo88","twitter_misc":{"\u00c9crit par":"la r\u00e9daction","Dur\u00e9e de lecture estim\u00e9e":"2 minutes"},"schema":{"@context":"https:\/\/schema.org","@graph":[{"@type":"Article","@id":"https:\/\/vosgesinfo.fr\/saintdieinfo\/2022\/05\/metiers-de-luniforme-de-securite-installes-toute-journee-parc-jean-mansuy\/#article","isPartOf":{"@id":"https:\/\/vosgesinfo.fr\/saintdieinfo\/2022\/05\/metiers-de-luniforme-de-securite-installes-toute-journee-parc-jean-mansuy\/"},"author":{"name":"la r\u00e9daction","@id":"https:\/\/vosgesinfo.fr\/saintdieinfo\/#\/schema\/person\/faee6704a21f3977511db84bd1cd450f"},"headline":"Les m\u00e9tiers de l&rsquo;uniforme et de la s\u00e9curit\u00e9 sont install\u00e9s toute la journ\u00e9e au parc Jean-Mansuy","datePublished":"2022-05-31T09:27:01+00:00","dateModified":"2022-05-31T09:27:01+00:00","mainEntityOfPage":{"@id":"https:\/\/vosgesinfo.fr\/saintdieinfo\/2022\/05\/metiers-de-luniforme-de-securite-installes-toute-journee-parc-jean-mansuy\/"},"wordCount":362,"commentCount":0,"publisher":{"@id":"https:\/\/vosgesinfo.fr\/saintdieinfo\/#organization"},"image":{"@id":"https:\/\/vosgesinfo.fr\/saintdieinfo\/2022\/05\/metiers-de-luniforme-de-securite-installes-toute-journee-parc-jean-mansuy\/#primaryimage"},"thumbnailUrl":"https:\/\/vosgesinfo.fr\/app\/uploads\/sites\/4\/2024\/08\/202205journee-metiers-uniforme-securite-9-1.jpg","keywords":["Journ\u00e9e interactive des m\u00e9tiers de l'uniforme et de la s\u00e9curit\u00e9","M\u00e9tiers de l'uniforme et de la s\u00e9curit\u00e9","Mission Locale de Saint-Di\u00e9 et des Hautes-Vosges","Parc Jean-Mansuy","Place Jules-Ferry","Ville de Saint-Di\u00e9-des-Vosges"],"articleSection":["A la Une","Saint-Di\u00e9-des-Vosges et son Agglom\u00e9ration"],"inLanguage":"fr-FR","potentialAction":[{"@type":"CommentAction","name":"Comment","target":["https:\/\/vosgesinfo.fr\/saintdieinfo\/2022\/05\/metiers-de-luniforme-de-securite-installes-toute-journee-parc-jean-mansuy\/#respond"]}]},{"@type":"WebPage","@id":"https:\/\/vosgesinfo.fr\/saintdieinfo\/2022\/05\/metiers-de-luniforme-de-securite-installes-toute-journee-parc-jean-mansuy\/","url":"https:\/\/vosgesinfo.fr\/saintdieinfo\/2022\/05\/metiers-de-luniforme-de-securite-installes-toute-journee-parc-jean-mansuy\/","name":"Les m\u00e9tiers de l'uniforme et de la s\u00e9curit\u00e9 sont install\u00e9s toute la journ\u00e9e au parc Jean-Mansuy - Saint Die Info","isPartOf":{"@id":"https:\/\/vosgesinfo.fr\/saintdieinfo\/#website"},"primaryImageOfPage":{"@id":"https:\/\/vosgesinfo.fr\/saintdieinfo\/2022\/05\/metiers-de-luniforme-de-securite-installes-toute-journee-parc-jean-mansuy\/#primaryimage"},"image":{"@id":"https:\/\/vosgesinfo.fr\/saintdieinfo\/2022\/05\/metiers-de-luniforme-de-securite-installes-toute-journee-parc-jean-mansuy\/#primaryimage"},"thumbnailUrl":"https:\/\/vosgesinfo.fr\/app\/uploads\/sites\/4\/2024\/08\/202205journee-metiers-uniforme-securite-9-1.jpg","datePublished":"2022-05-31T09:27:01+00:00","dateModified":"2022-05-31T09:27:01+00:00","breadcrumb":{"@id":"https:\/\/vosgesinfo.fr\/saintdieinfo\/2022\/05\/metiers-de-luniforme-de-securite-installes-toute-journee-parc-jean-mansuy\/#breadcrumb"},"inLanguage":"fr-FR","potentialAction":[{"@type":"ReadAction","target":["https:\/\/vosgesinfo.fr\/saintdieinfo\/2022\/05\/metiers-de-luniforme-de-securite-installes-toute-journee-parc-jean-mansuy\/"]}]},{"@type":"ImageObject","inLanguage":"fr-FR","@id":"https:\/\/vosgesinfo.fr\/saintdieinfo\/2022\/05\/metiers-de-luniforme-de-securite-installes-toute-journee-parc-jean-mansuy\/#primaryimage","url":"https:\/\/vosgesinfo.fr\/app\/uploads\/sites\/4\/2024\/08\/202205journee-metiers-uniforme-securite-9-1.jpg","contentUrl":"https:\/\/vosgesinfo.fr\/app\/uploads\/sites\/4\/2024\/08\/202205journee-metiers-uniforme-securite-9-1.jpg","width":1600,"height":1205},{"@type":"BreadcrumbList","@id":"https:\/\/vosgesinfo.fr\/saintdieinfo\/2022\/05\/metiers-de-luniforme-de-securite-installes-toute-journee-parc-jean-mansuy\/#breadcrumb","itemListElement":[{"@type":"ListItem","position":1,"name":"Home","item":"https:\/\/vosgesinfo.fr\/saintdieinfo\/"},{"@type":"ListItem","position":2,"name":"Les m\u00e9tiers de l&rsquo;uniforme et de la s\u00e9curit\u00e9 sont install\u00e9s toute la journ\u00e9e au parc Jean-Mansuy"}]},{"@type":"WebSite","@id":"https:\/\/vosgesinfo.fr\/saintdieinfo\/#website","url":"https:\/\/vosgesinfo.fr\/saintdieinfo\/","name":"Saint Die Info","description":"Toute l&#039;actualit\u00e9 de Saint-Di\u00e9-Des-Vosges","publisher":{"@id":"https:\/\/vosgesinfo.fr\/saintdieinfo\/#organization"},"alternateName":"Toute l'actualit\u00e9 de Saint-Di\u00e9-Des-Vosges","potentialAction":[{"@type":"SearchAction","target":{"@type":"EntryPoint","urlTemplate":"https:\/\/vosgesinfo.fr\/saintdieinfo\/?s={search_term_string}"},"query-input":"required name=search_term_string"}],"inLanguage":"fr-FR"},{"@type":"Organization","@id":"https:\/\/vosgesinfo.fr\/saintdieinfo\/#organization","name":"Saint Die Info","url":"https:\/\/vosgesinfo.fr\/saintdieinfo\/","logo":{"@type":"ImageObject","inLanguage":"fr-FR","@id":"https:\/\/vosgesinfo.fr\/saintdieinfo\/#\/schema\/logo\/image\/","url":"https:\/\/vosgesinfo.fr\/app\/uploads\/sites\/4\/2024\/02\/logo-sdi.jpg","contentUrl":"https:\/\/vosgesinfo.fr\/app\/uploads\/sites\/4\/2024\/02\/logo-sdi.jpg","width":600,"height":600,"caption":"Saint Die Info"},"image":{"@id":"https:\/\/vosgesinfo.fr\/saintdieinfo\/#\/schema\/logo\/image\/"},"sameAs":["https:\/\/www.facebook.com\/Saintdieinfofr","https:\/\/x.com\/VosgesInfo88","https:\/\/www.youtube.com\/@vosgesinfo"]},{"@type":"Person","@id":"https:\/\/vosgesinfo.fr\/saintdieinfo\/#\/schema\/person\/faee6704a21f3977511db84bd1cd450f","name":"la r\u00e9daction","image":{"@type":"ImageObject","inLanguage":"fr-FR","@id":"https:\/\/vosgesinfo.fr\/saintdieinfo\/#\/schema\/person\/image\/","url":"https:\/\/secure.gravatar.com\/avatar\/6673d8bc6a9c17fa9a453eaa3448de834fa308c2ec9635b7aa99441a7c8d2cf6?s=96&d=mm&r=g","contentUrl":"https:\/\/secure.gravatar.com\/avatar\/6673d8bc6a9c17fa9a453eaa3448de834fa308c2ec9635b7aa99441a7c8d2cf6?s=96&d=mm&r=g","caption":"la r\u00e9daction"},"url":"https:\/\/vosgesinfo.fr\/saintdieinfo\/author\/redac\/"}]}},"_links":{"self":[{"href":"https:\/\/vosgesinfo.fr\/saintdieinfo\/wp-json\/wp\/v2\/posts\/53838","targetHints":{"allow":["GET"]}}],"collection":[{"href":"https:\/\/vosgesinfo.fr\/saintdieinfo\/wp-json\/wp\/v2\/posts"}],"about":[{"href":"https:\/\/vosgesinfo.fr\/saintdieinfo\/wp-json\/wp\/v2\/types\/post"}],"author":[{"embeddable":true,"href":"https:\/\/vosgesinfo.fr\/saintdieinfo\/wp-json\/wp\/v2\/users\/44"}],"replies":[{"embeddable":true,"href":"https:\/\/vosgesinfo.fr\/saintdieinfo\/wp-json\/wp\/v2\/comments?post=53838"}],"version-history":[{"count":0,"href":"https:\/\/vosgesinfo.fr\/saintdieinfo\/wp-json\/wp\/v2\/posts\/53838\/revisions"}],"wp:featuredmedia":[{"embeddable":true,"href":"https:\/\/vosgesinfo.fr\/saintdieinfo\/wp-json\/wp\/v2\/media\/53839"}],"wp:attachment":[{"href":"https:\/\/vosgesinfo.fr\/saintdieinfo\/wp-json\/wp\/v2\/media?parent=53838"}],"wp:term":[{"taxonomy":"category","embeddable":true,"href":"https:\/\/vosgesinfo.fr\/saintdieinfo\/wp-json\/wp\/v2\/categories?post=53838"},{"taxonomy":"post_tag","embeddable":true,"href":"https:\/\/vosgesinfo.fr\/saintdieinfo\/wp-json\/wp\/v2\/tags?post=53838"}],"curies":[{"name":"wp","href":"https:\/\/api.w.org\/{rel}","templated":true}]}}