{"id":53843,"date":"2022-05-31T12:13:51","date_gmt":"2022-05-31T10:13:51","guid":{"rendered":"https:\/\/vosgesinfo.fr\/saintdieinfo\/2022\/05\/corcieux-rassemblement-militaire-commemorer-soulevement-maquis-forfelet\/"},"modified":"2022-05-31T12:13:51","modified_gmt":"2022-05-31T10:13:51","slug":"corcieux-rassemblement-militaire-commemorer-soulevement-maquis-forfelet","status":"publish","type":"post","link":"https:\/\/vosgesinfo.fr\/saintdieinfo\/2022\/05\/corcieux-rassemblement-militaire-commemorer-soulevement-maquis-forfelet\/","title":{"rendered":"Corcieux \u2013 Rassemblement militaire pour comm\u00e9morer le soul\u00e8vement du maquis forfelet"},"content":{"rendered":"<div dir=\"auto\"><a href=\"\/2022\/05\/Corcieux-Rassemblement_Militaire-2.png\" target=\"_blank\" rel=\"noopener\"><img decoding=\"async\" class=\"aligncenter wp-image-184324 size-large\" src=\"\/2022\/05\/Corcieux-Rassemblement_Militaire-2-723x1024.png\" alt=\"Corcieux-Rassemblement_Militaire (2)\" width=\"723\" height=\"1024\" \/><\/a><\/div>\n<h2 dir=\"auto\"><strong><span style=\"font-size: 14pt;\">Un rassemblement militaire est organis\u00e9 durant les 3 jours du week-end de la Pentec\u00f4te \u00e0 Corcieux. Diff\u00e9rentes animations gratuites sont propos\u00e9es en souvenir du soul\u00e8vement du maquis de Corcieux. La Mairie de Corcieux, l&rsquo;Association du Souvenir des \u00c9v\u00e9nements du Maquis de Corcieux et l&rsquo;Association Militaria de Vincey, s&rsquo;associent pour comm\u00e9morer les \u00e9v\u00e9nements qui se sont d\u00e9roul\u00e9s le 6 juin 1944. Le programme complet :<\/span><\/strong><\/h2>\n<div dir=\"auto\"><a href=\"\/2022\/05\/Corcieux-Rassemblement_Militaire-1.png\" target=\"_blank\" rel=\"noopener\"><img decoding=\"async\" class=\"aligncenter wp-image-184323 size-large\" src=\"\/2022\/05\/Corcieux-Rassemblement_Militaire-1-1024x726.png\" alt=\"Corcieux-Rassemblement_Militaire (1)\" width=\"960\" height=\"681\" \/><\/a><\/div>\n<p>&nbsp;<\/p>\n","protected":false},"excerpt":{"rendered":"<p>Un rassemblement militaire est organis\u00e9 durant les 3 jours du week-end de la Pentec\u00f4te \u00e0 Corcieux. Diff\u00e9rentes animations gratuites sont [&hellip;]<\/p>\n","protected":false},"author":44,"featured_media":53844,"comment_status":"open","ping_status":"open","sticky":false,"template":"","format":"standard","meta":{"footnotes":""},"categories":[3900,2915],"tags":[1824,11519,11520,6202],"class_list":["post-53843","post","type-post","status-publish","format-standard","has-post-thumbnail","hentry","category-breves","category-saint-die-son-canton","tag-corcieux","tag-rassemblement-militaire","tag-soulevement-du-maquis-de-corcieux","tag-week-end-de-la-pentecote"],"acf":[],"yoast_head":"<!-- This site is optimized with the Yoast SEO plugin v22.5 - https:\/\/yoast.com\/wordpress\/plugins\/seo\/ -->\n<title>Corcieux \u2013 Rassemblement militaire pour comm\u00e9morer le soul\u00e8vement du maquis forfelet - Saint Die Info<\/title>\n<meta name=\"robots\" content=\"index, follow, max-snippet:-1, max-image-preview:large, max-video-preview:-1\" \/>\n<link rel=\"canonical\" href=\"https:\/\/vosgesinfo.fr\/saintdieinfo\/2022\/05\/corcieux-rassemblement-militaire-commemorer-soulevement-maquis-forfelet\/\" \/>\n<meta name=\"twitter:card\" content=\"summary_large_image\" \/>\n<meta name=\"twitter:title\" content=\"Corcieux \u2013 Rassemblement militaire pour comm\u00e9morer le soul\u00e8vement du maquis forfelet - Saint Die Info\" \/>\n<meta name=\"twitter:description\" content=\"Un rassemblement militaire est organis\u00e9 durant les 3 jours du week-end de la Pentec\u00f4te \u00e0 Corcieux. Diff\u00e9rentes animations gratuites sont [&hellip;]\" \/>\n<meta name=\"twitter:image\" content=\"https:\/\/vosgesinfo.fr\/app\/uploads\/sites\/4\/2024\/08\/202205corcieux-rassemblement-militaire-3.jpg\" \/>\n<meta name=\"twitter:creator\" content=\"@VosgesInfo88\" \/>\n<meta name=\"twitter:site\" content=\"@VosgesInfo88\" \/>\n<meta name=\"twitter:label1\" content=\"\u00c9crit par\" \/>\n\t<meta name=\"twitter:data1\" content=\"la r\u00e9daction\" \/>\n<script type=\"application\/ld+json\" class=\"yoast-schema-graph\">{\"@context\":\"https:\/\/schema.org\",\"@graph\":[{\"@type\":\"Article\",\"@id\":\"https:\/\/vosgesinfo.fr\/saintdieinfo\/2022\/05\/corcieux-rassemblement-militaire-commemorer-soulevement-maquis-forfelet\/#article\",\"isPartOf\":{\"@id\":\"https:\/\/vosgesinfo.fr\/saintdieinfo\/2022\/05\/corcieux-rassemblement-militaire-commemorer-soulevement-maquis-forfelet\/\"},\"author\":{\"name\":\"la r\u00e9daction\",\"@id\":\"https:\/\/vosgesinfo.fr\/saintdieinfo\/#\/schema\/person\/faee6704a21f3977511db84bd1cd450f\"},\"headline\":\"Corcieux \u2013 Rassemblement militaire pour comm\u00e9morer le soul\u00e8vement du maquis forfelet\",\"datePublished\":\"2022-05-31T10:13:51+00:00\",\"dateModified\":\"2022-05-31T10:13:51+00:00\",\"mainEntityOfPage\":{\"@id\":\"https:\/\/vosgesinfo.fr\/saintdieinfo\/2022\/05\/corcieux-rassemblement-militaire-commemorer-soulevement-maquis-forfelet\/\"},\"wordCount\":84,\"commentCount\":0,\"publisher\":{\"@id\":\"https:\/\/vosgesinfo.fr\/saintdieinfo\/#organization\"},\"image\":{\"@id\":\"https:\/\/vosgesinfo.fr\/saintdieinfo\/2022\/05\/corcieux-rassemblement-militaire-commemorer-soulevement-maquis-forfelet\/#primaryimage\"},\"thumbnailUrl\":\"https:\/\/vosgesinfo.fr\/app\/uploads\/sites\/4\/2024\/08\/202205corcieux-rassemblement-militaire-3.jpg\",\"keywords\":[\"Corcieux\",\"Rassemblement militaire\",\"Soul\u00e8vement du maquis de Corcieux\",\"Week-end de la Pentec\u00f4te\"],\"articleSection\":[\"Br\u00e8ves\",\"Saint-Di\u00e9-des-Vosges et son Agglom\u00e9ration\"],\"inLanguage\":\"fr-FR\",\"potentialAction\":[{\"@type\":\"CommentAction\",\"name\":\"Comment\",\"target\":[\"https:\/\/vosgesinfo.fr\/saintdieinfo\/2022\/05\/corcieux-rassemblement-militaire-commemorer-soulevement-maquis-forfelet\/#respond\"]}]},{\"@type\":\"WebPage\",\"@id\":\"https:\/\/vosgesinfo.fr\/saintdieinfo\/2022\/05\/corcieux-rassemblement-militaire-commemorer-soulevement-maquis-forfelet\/\",\"url\":\"https:\/\/vosgesinfo.fr\/saintdieinfo\/2022\/05\/corcieux-rassemblement-militaire-commemorer-soulevement-maquis-forfelet\/\",\"name\":\"Corcieux \u2013 Rassemblement militaire pour comm\u00e9morer le soul\u00e8vement du maquis forfelet - Saint Die Info\",\"isPartOf\":{\"@id\":\"https:\/\/vosgesinfo.fr\/saintdieinfo\/#website\"},\"primaryImageOfPage\":{\"@id\":\"https:\/\/vosgesinfo.fr\/saintdieinfo\/2022\/05\/corcieux-rassemblement-militaire-commemorer-soulevement-maquis-forfelet\/#primaryimage\"},\"image\":{\"@id\":\"https:\/\/vosgesinfo.fr\/saintdieinfo\/2022\/05\/corcieux-rassemblement-militaire-commemorer-soulevement-maquis-forfelet\/#primaryimage\"},\"thumbnailUrl\":\"https:\/\/vosgesinfo.fr\/app\/uploads\/sites\/4\/2024\/08\/202205corcieux-rassemblement-militaire-3.jpg\",\"datePublished\":\"2022-05-31T10:13:51+00:00\",\"dateModified\":\"2022-05-31T10:13:51+00:00\",\"breadcrumb\":{\"@id\":\"https:\/\/vosgesinfo.fr\/saintdieinfo\/2022\/05\/corcieux-rassemblement-militaire-commemorer-soulevement-maquis-forfelet\/#breadcrumb\"},\"inLanguage\":\"fr-FR\",\"potentialAction\":[{\"@type\":\"ReadAction\",\"target\":[\"https:\/\/vosgesinfo.fr\/saintdieinfo\/2022\/05\/corcieux-rassemblement-militaire-commemorer-soulevement-maquis-forfelet\/\"]}]},{\"@type\":\"ImageObject\",\"inLanguage\":\"fr-FR\",\"@id\":\"https:\/\/vosgesinfo.fr\/saintdieinfo\/2022\/05\/corcieux-rassemblement-militaire-commemorer-soulevement-maquis-forfelet\/#primaryimage\",\"url\":\"https:\/\/vosgesinfo.fr\/app\/uploads\/sites\/4\/2024\/08\/202205corcieux-rassemblement-militaire-3.jpg\",\"contentUrl\":\"https:\/\/vosgesinfo.fr\/app\/uploads\/sites\/4\/2024\/08\/202205corcieux-rassemblement-militaire-3.jpg\",\"width\":655,\"height\":311},{\"@type\":\"BreadcrumbList\",\"@id\":\"https:\/\/vosgesinfo.fr\/saintdieinfo\/2022\/05\/corcieux-rassemblement-militaire-commemorer-soulevement-maquis-forfelet\/#breadcrumb\",\"itemListElement\":[{\"@type\":\"ListItem\",\"position\":1,\"name\":\"Home\",\"item\":\"https:\/\/vosgesinfo.fr\/saintdieinfo\/\"},{\"@type\":\"ListItem\",\"position\":2,\"name\":\"Corcieux \u2013 Rassemblement militaire pour comm\u00e9morer le soul\u00e8vement du maquis forfelet\"}]},{\"@type\":\"WebSite\",\"@id\":\"https:\/\/vosgesinfo.fr\/saintdieinfo\/#website\",\"url\":\"https:\/\/vosgesinfo.fr\/saintdieinfo\/\",\"name\":\"Saint Die Info\",\"description\":\"Toute l&#039;actualit\u00e9 de Saint-Di\u00e9-Des-Vosges\",\"publisher\":{\"@id\":\"https:\/\/vosgesinfo.fr\/saintdieinfo\/#organization\"},\"alternateName\":\"Toute l'actualit\u00e9 de Saint-Di\u00e9-Des-Vosges\",\"potentialAction\":[{\"@type\":\"SearchAction\",\"target\":{\"@type\":\"EntryPoint\",\"urlTemplate\":\"https:\/\/vosgesinfo.fr\/saintdieinfo\/?s={search_term_string}\"},\"query-input\":\"required name=search_term_string\"}],\"inLanguage\":\"fr-FR\"},{\"@type\":\"Organization\",\"@id\":\"https:\/\/vosgesinfo.fr\/saintdieinfo\/#organization\",\"name\":\"Saint Die Info\",\"url\":\"https:\/\/vosgesinfo.fr\/saintdieinfo\/\",\"logo\":{\"@type\":\"ImageObject\",\"inLanguage\":\"fr-FR\",\"@id\":\"https:\/\/vosgesinfo.fr\/saintdieinfo\/#\/schema\/logo\/image\/\",\"url\":\"https:\/\/vosgesinfo.fr\/app\/uploads\/sites\/4\/2024\/02\/logo-sdi.jpg\",\"contentUrl\":\"https:\/\/vosgesinfo.fr\/app\/uploads\/sites\/4\/2024\/02\/logo-sdi.jpg\",\"width\":600,\"height\":600,\"caption\":\"Saint Die Info\"},\"image\":{\"@id\":\"https:\/\/vosgesinfo.fr\/saintdieinfo\/#\/schema\/logo\/image\/\"},\"sameAs\":[\"https:\/\/www.facebook.com\/Saintdieinfofr\",\"https:\/\/x.com\/VosgesInfo88\",\"https:\/\/www.youtube.com\/@vosgesinfo\"]},{\"@type\":\"Person\",\"@id\":\"https:\/\/vosgesinfo.fr\/saintdieinfo\/#\/schema\/person\/faee6704a21f3977511db84bd1cd450f\",\"name\":\"la r\u00e9daction\",\"image\":{\"@type\":\"ImageObject\",\"inLanguage\":\"fr-FR\",\"@id\":\"https:\/\/vosgesinfo.fr\/saintdieinfo\/#\/schema\/person\/image\/\",\"url\":\"https:\/\/secure.gravatar.com\/avatar\/6673d8bc6a9c17fa9a453eaa3448de834fa308c2ec9635b7aa99441a7c8d2cf6?s=96&d=mm&r=g\",\"contentUrl\":\"https:\/\/secure.gravatar.com\/avatar\/6673d8bc6a9c17fa9a453eaa3448de834fa308c2ec9635b7aa99441a7c8d2cf6?s=96&d=mm&r=g\",\"caption\":\"la r\u00e9daction\"},\"url\":\"https:\/\/vosgesinfo.fr\/saintdieinfo\/author\/redac\/\"}]}<\/script>\n<!-- \/ Yoast SEO plugin. -->","yoast_head_json":{"title":"Corcieux \u2013 Rassemblement militaire pour comm\u00e9morer le soul\u00e8vement du maquis forfelet - Saint Die Info","robots":{"index":"index","follow":"follow","max-snippet":"max-snippet:-1","max-image-preview":"max-image-preview:large","max-video-preview":"max-video-preview:-1"},"canonical":"https:\/\/vosgesinfo.fr\/saintdieinfo\/2022\/05\/corcieux-rassemblement-militaire-commemorer-soulevement-maquis-forfelet\/","twitter_card":"summary_large_image","twitter_title":"Corcieux \u2013 Rassemblement militaire pour comm\u00e9morer le soul\u00e8vement du maquis forfelet - Saint Die Info","twitter_description":"Un rassemblement militaire est organis\u00e9 durant les 3 jours du week-end de la Pentec\u00f4te \u00e0 Corcieux. Diff\u00e9rentes animations gratuites sont [&hellip;]","twitter_image":"https:\/\/vosgesinfo.fr\/app\/uploads\/sites\/4\/2024\/08\/202205corcieux-rassemblement-militaire-3.jpg","twitter_creator":"@VosgesInfo88","twitter_site":"@VosgesInfo88","twitter_misc":{"\u00c9crit par":"la r\u00e9daction"},"schema":{"@context":"https:\/\/schema.org","@graph":[{"@type":"Article","@id":"https:\/\/vosgesinfo.fr\/saintdieinfo\/2022\/05\/corcieux-rassemblement-militaire-commemorer-soulevement-maquis-forfelet\/#article","isPartOf":{"@id":"https:\/\/vosgesinfo.fr\/saintdieinfo\/2022\/05\/corcieux-rassemblement-militaire-commemorer-soulevement-maquis-forfelet\/"},"author":{"name":"la r\u00e9daction","@id":"https:\/\/vosgesinfo.fr\/saintdieinfo\/#\/schema\/person\/faee6704a21f3977511db84bd1cd450f"},"headline":"Corcieux \u2013 Rassemblement militaire pour comm\u00e9morer le soul\u00e8vement du maquis forfelet","datePublished":"2022-05-31T10:13:51+00:00","dateModified":"2022-05-31T10:13:51+00:00","mainEntityOfPage":{"@id":"https:\/\/vosgesinfo.fr\/saintdieinfo\/2022\/05\/corcieux-rassemblement-militaire-commemorer-soulevement-maquis-forfelet\/"},"wordCount":84,"commentCount":0,"publisher":{"@id":"https:\/\/vosgesinfo.fr\/saintdieinfo\/#organization"},"image":{"@id":"https:\/\/vosgesinfo.fr\/saintdieinfo\/2022\/05\/corcieux-rassemblement-militaire-commemorer-soulevement-maquis-forfelet\/#primaryimage"},"thumbnailUrl":"https:\/\/vosgesinfo.fr\/app\/uploads\/sites\/4\/2024\/08\/202205corcieux-rassemblement-militaire-3.jpg","keywords":["Corcieux","Rassemblement militaire","Soul\u00e8vement du maquis de Corcieux","Week-end de la Pentec\u00f4te"],"articleSection":["Br\u00e8ves","Saint-Di\u00e9-des-Vosges et son Agglom\u00e9ration"],"inLanguage":"fr-FR","potentialAction":[{"@type":"CommentAction","name":"Comment","target":["https:\/\/vosgesinfo.fr\/saintdieinfo\/2022\/05\/corcieux-rassemblement-militaire-commemorer-soulevement-maquis-forfelet\/#respond"]}]},{"@type":"WebPage","@id":"https:\/\/vosgesinfo.fr\/saintdieinfo\/2022\/05\/corcieux-rassemblement-militaire-commemorer-soulevement-maquis-forfelet\/","url":"https:\/\/vosgesinfo.fr\/saintdieinfo\/2022\/05\/corcieux-rassemblement-militaire-commemorer-soulevement-maquis-forfelet\/","name":"Corcieux \u2013 Rassemblement militaire pour comm\u00e9morer le soul\u00e8vement du maquis forfelet - Saint Die Info","isPartOf":{"@id":"https:\/\/vosgesinfo.fr\/saintdieinfo\/#website"},"primaryImageOfPage":{"@id":"https:\/\/vosgesinfo.fr\/saintdieinfo\/2022\/05\/corcieux-rassemblement-militaire-commemorer-soulevement-maquis-forfelet\/#primaryimage"},"image":{"@id":"https:\/\/vosgesinfo.fr\/saintdieinfo\/2022\/05\/corcieux-rassemblement-militaire-commemorer-soulevement-maquis-forfelet\/#primaryimage"},"thumbnailUrl":"https:\/\/vosgesinfo.fr\/app\/uploads\/sites\/4\/2024\/08\/202205corcieux-rassemblement-militaire-3.jpg","datePublished":"2022-05-31T10:13:51+00:00","dateModified":"2022-05-31T10:13:51+00:00","breadcrumb":{"@id":"https:\/\/vosgesinfo.fr\/saintdieinfo\/2022\/05\/corcieux-rassemblement-militaire-commemorer-soulevement-maquis-forfelet\/#breadcrumb"},"inLanguage":"fr-FR","potentialAction":[{"@type":"ReadAction","target":["https:\/\/vosgesinfo.fr\/saintdieinfo\/2022\/05\/corcieux-rassemblement-militaire-commemorer-soulevement-maquis-forfelet\/"]}]},{"@type":"ImageObject","inLanguage":"fr-FR","@id":"https:\/\/vosgesinfo.fr\/saintdieinfo\/2022\/05\/corcieux-rassemblement-militaire-commemorer-soulevement-maquis-forfelet\/#primaryimage","url":"https:\/\/vosgesinfo.fr\/app\/uploads\/sites\/4\/2024\/08\/202205corcieux-rassemblement-militaire-3.jpg","contentUrl":"https:\/\/vosgesinfo.fr\/app\/uploads\/sites\/4\/2024\/08\/202205corcieux-rassemblement-militaire-3.jpg","width":655,"height":311},{"@type":"BreadcrumbList","@id":"https:\/\/vosgesinfo.fr\/saintdieinfo\/2022\/05\/corcieux-rassemblement-militaire-commemorer-soulevement-maquis-forfelet\/#breadcrumb","itemListElement":[{"@type":"ListItem","position":1,"name":"Home","item":"https:\/\/vosgesinfo.fr\/saintdieinfo\/"},{"@type":"ListItem","position":2,"name":"Corcieux \u2013 Rassemblement militaire pour comm\u00e9morer le soul\u00e8vement du maquis forfelet"}]},{"@type":"WebSite","@id":"https:\/\/vosgesinfo.fr\/saintdieinfo\/#website","url":"https:\/\/vosgesinfo.fr\/saintdieinfo\/","name":"Saint Die Info","description":"Toute l&#039;actualit\u00e9 de Saint-Di\u00e9-Des-Vosges","publisher":{"@id":"https:\/\/vosgesinfo.fr\/saintdieinfo\/#organization"},"alternateName":"Toute l'actualit\u00e9 de Saint-Di\u00e9-Des-Vosges","potentialAction":[{"@type":"SearchAction","target":{"@type":"EntryPoint","urlTemplate":"https:\/\/vosgesinfo.fr\/saintdieinfo\/?s={search_term_string}"},"query-input":"required name=search_term_string"}],"inLanguage":"fr-FR"},{"@type":"Organization","@id":"https:\/\/vosgesinfo.fr\/saintdieinfo\/#organization","name":"Saint Die Info","url":"https:\/\/vosgesinfo.fr\/saintdieinfo\/","logo":{"@type":"ImageObject","inLanguage":"fr-FR","@id":"https:\/\/vosgesinfo.fr\/saintdieinfo\/#\/schema\/logo\/image\/","url":"https:\/\/vosgesinfo.fr\/app\/uploads\/sites\/4\/2024\/02\/logo-sdi.jpg","contentUrl":"https:\/\/vosgesinfo.fr\/app\/uploads\/sites\/4\/2024\/02\/logo-sdi.jpg","width":600,"height":600,"caption":"Saint Die Info"},"image":{"@id":"https:\/\/vosgesinfo.fr\/saintdieinfo\/#\/schema\/logo\/image\/"},"sameAs":["https:\/\/www.facebook.com\/Saintdieinfofr","https:\/\/x.com\/VosgesInfo88","https:\/\/www.youtube.com\/@vosgesinfo"]},{"@type":"Person","@id":"https:\/\/vosgesinfo.fr\/saintdieinfo\/#\/schema\/person\/faee6704a21f3977511db84bd1cd450f","name":"la r\u00e9daction","image":{"@type":"ImageObject","inLanguage":"fr-FR","@id":"https:\/\/vosgesinfo.fr\/saintdieinfo\/#\/schema\/person\/image\/","url":"https:\/\/secure.gravatar.com\/avatar\/6673d8bc6a9c17fa9a453eaa3448de834fa308c2ec9635b7aa99441a7c8d2cf6?s=96&d=mm&r=g","contentUrl":"https:\/\/secure.gravatar.com\/avatar\/6673d8bc6a9c17fa9a453eaa3448de834fa308c2ec9635b7aa99441a7c8d2cf6?s=96&d=mm&r=g","caption":"la r\u00e9daction"},"url":"https:\/\/vosgesinfo.fr\/saintdieinfo\/author\/redac\/"}]}},"_links":{"self":[{"href":"https:\/\/vosgesinfo.fr\/saintdieinfo\/wp-json\/wp\/v2\/posts\/53843","targetHints":{"allow":["GET"]}}],"collection":[{"href":"https:\/\/vosgesinfo.fr\/saintdieinfo\/wp-json\/wp\/v2\/posts"}],"about":[{"href":"https:\/\/vosgesinfo.fr\/saintdieinfo\/wp-json\/wp\/v2\/types\/post"}],"author":[{"embeddable":true,"href":"https:\/\/vosgesinfo.fr\/saintdieinfo\/wp-json\/wp\/v2\/users\/44"}],"replies":[{"embeddable":true,"href":"https:\/\/vosgesinfo.fr\/saintdieinfo\/wp-json\/wp\/v2\/comments?post=53843"}],"version-history":[{"count":0,"href":"https:\/\/vosgesinfo.fr\/saintdieinfo\/wp-json\/wp\/v2\/posts\/53843\/revisions"}],"wp:featuredmedia":[{"embeddable":true,"href":"https:\/\/vosgesinfo.fr\/saintdieinfo\/wp-json\/wp\/v2\/media\/53844"}],"wp:attachment":[{"href":"https:\/\/vosgesinfo.fr\/saintdieinfo\/wp-json\/wp\/v2\/media?parent=53843"}],"wp:term":[{"taxonomy":"category","embeddable":true,"href":"https:\/\/vosgesinfo.fr\/saintdieinfo\/wp-json\/wp\/v2\/categories?post=53843"},{"taxonomy":"post_tag","embeddable":true,"href":"https:\/\/vosgesinfo.fr\/saintdieinfo\/wp-json\/wp\/v2\/tags?post=53843"}],"curies":[{"name":"wp","href":"https:\/\/api.w.org\/{rel}","templated":true}]}}