{"id":53851,"date":"2022-05-31T16:09:50","date_gmt":"2022-05-31T14:09:50","guid":{"rendered":"https:\/\/vosgesinfo.fr\/saintdieinfo\/2022\/05\/melec-co%c2%b2-eleves-lycee-georges-baumont-creent-detecteur-de-co%c2%b2\/"},"modified":"2022-05-31T16:09:50","modified_gmt":"2022-05-31T14:09:50","slug":"melec-co%c2%b2-eleves-lycee-georges-baumont-creent-detecteur-de-co%c2%b2","status":"publish","type":"post","link":"https:\/\/vosgesinfo.fr\/saintdieinfo\/2022\/05\/melec-co%c2%b2-eleves-lycee-georges-baumont-creent-detecteur-de-co%c2%b2\/","title":{"rendered":"\u00ab\u00a0Melec CO\u00b2\u00a0\u00bb, des \u00e9l\u00e8ves du lyc\u00e9e Georges-Baumont cr\u00e9ent un d\u00e9tecteur de CO\u00b2"},"content":{"rendered":"<p><a href=\"\/2022\/05\/Mini-Entreprise_Lyc\u00e9e_Georges-Baumont-1.jpg\" target=\"_blank\" rel=\"noopener\"><img decoding=\"async\" class=\"aligncenter wp-image-184334 size-large\" src=\"\/2022\/05\/Mini-Entreprise_Lyc\u00e9e_Georges-Baumont-1-1024x771.jpg\" alt=\"Mini-Entreprise_Lyc\u00e9e_Georges-Baumont (1)\" width=\"960\" height=\"723\" \/><\/a><\/p>\n<h2><strong><span style=\"font-size: 14pt;\">Apr\u00e8s une mise entre parenth\u00e8se forc\u00e9e \u00e0 cause de la crise sanitaire, la mini-entreprise du lyc\u00e9e Georges-Baumont est de retour cette ann\u00e9e avec \u00ab\u00a0Melec System\u00a0\u00bb, toujours dans le cadre du programme Entreprendre Pour Apprendre \u2013 EPA. C&rsquo;est dans ce cadre que la classe de Premi\u00e8re Bac Pro M\u00e9tiers de l&rsquo;Electricit\u00e9 et de ses Environnements Connect\u00e9s \u2013 MELEC \u2013 ont imagin\u00e9, con\u00e7u et r\u00e9alis\u00e9 un d\u00e9tecteur de CO\u00b2, baptis\u00e9 \u00ab\u00a0Melec CO\u00b2\u00a0\u00bb, sous l&rsquo;\u00e9gide de leur enseignant en Electronique Herv\u00e9 Courtois.<\/span><\/strong><\/h2>\n<p><!--more--><\/p>\n<p>Ce d\u00e9tecteur permet d&rsquo;indiquer la qualit\u00e9 de l&rsquo;air du lieu o\u00f9 l&rsquo;on se trouve en mesurant les ppm, un acronyme qui signifie \u00ab\u00a0partie par million\u00a0\u00bb. Soit le nombre de mol\u00e9cules de polluant sur un million de mol\u00e9cules de l&rsquo;air. Concr\u00e8tement, entre 400 et 600 ppm, la qualit\u00e9 de l&rsquo;air est consid\u00e9r\u00e9e comme bonne, moyenne de 600 \u00e0 1200 ppm, mauvaise entre 1200 et 2000 ppm, et critique au-del\u00e0 de 2000 ppm.<\/p>\n<p>C&rsquo;est en d\u00e9but d&rsquo;ann\u00e9e scolaire que les lyc\u00e9ens et leur enseignant ont commenc\u00e9 \u00e0 r\u00e9fl\u00e9chir \u00e0 ce projet entrepreneurial, qui s&rsquo;inscrit dans le cadre du \u00ab\u00a0chef d&rsquo;oeuvre\u00a0\u00bb des fili\u00e8res professionnelles. Aujourd&rsquo;hui fonctionnel, le capteur \u00ab\u00a0Melec CO\u00b2\u00a0\u00bb se d\u00e9cline en une version \u00ab\u00a0adulte\u00a0\u00bb et une version \u00ab\u00a0enfant\u00a0\u00bb, avec un affichage simplifi\u00e9. Selon la qualit\u00e9 de l&rsquo;air, l&rsquo;affichage est vert, jaune ou rouge et le niveau de ppm est renseign\u00e9. Malheureusement, les actuelles difficult\u00e9s d&rsquo;approvisionnement de composants \u00e9lectroniques n&rsquo;ont pas permis de lancer la production des capteurs, outre celle des prototypes.<\/p>\n<p>Une invention utile, notamment dans un \u00e9tablissement recevant du public, qui a valu aux entrepreneurs en herbe de \u00ab\u00a0Melec System\u00a0\u00bb de remporter 2 prix r\u00e9gionaux le 17 mai dernier \u00e0 Metz. Respectivement le prix du public, obtenu via des votes du public, et le prix \u00ab\u00a0Entreprendre Autrement\u00a0\u00bb, qui r\u00e9compense une mini-entreprise aux m\u00e9thodes de travail diff\u00e9rente des autres. \u00ab\u00a0Melec System\u00a0\u00bb ayant comme particularit\u00e9 d&rsquo;avoir un fonctionnement horizontal, avec des d\u00e9cisions syst\u00e9matiquement prises de mani\u00e8re d\u00e9mocratique. Sa devise est d&rsquo;ailleurs explicite\u00a0: \u00ab\u00a0Travailler ensemble est notre r\u00e9ussite\u00a0\u00bb. Pour plus de renseignements sur le capteur \u00ab\u00a0Melec CO\u00b2 \u00bb et pour le commander : <strong><a href=\"mailto:contact@melec-system.ml\" target=\"_blank\" rel=\"noopener\">contact@melec-system.ml<\/a><\/strong>.<\/p>\n<p>J.J.<\/p>\n\n","protected":false},"excerpt":{"rendered":"<p>Apr\u00e8s une mise entre parenth\u00e8se forc\u00e9e \u00e0 cause de la crise sanitaire, la mini-entreprise du lyc\u00e9e Georges-Baumont est de retour [&hellip;]<\/p>\n","protected":false},"author":44,"featured_media":53852,"comment_status":"open","ping_status":"open","sticky":false,"template":"","format":"standard","meta":{"footnotes":""},"categories":[460,6,2915],"tags":[11524,11525,11526,11527,11528,8393,11529],"class_list":["post-53851","post","type-post","status-publish","format-standard","has-post-thumbnail","hentry","category-a-la-une","category-education","category-saint-die-son-canton","tag-bac-pro-metiers-de-lelectricite-et-de-ses-environnements-connectes","tag-capteur-de-co","tag-entreprendre-pour-apprendre","tag-melec","tag-melec-system","tag-metz","tag-mini-entreprise-du-lycee-georges-baumont"],"acf":[],"yoast_head":"<!-- This site is optimized with the Yoast SEO plugin v22.5 - https:\/\/yoast.com\/wordpress\/plugins\/seo\/ -->\n<title>\u00ab\u00a0Melec CO\u00b2\u00a0\u00bb, des \u00e9l\u00e8ves du lyc\u00e9e Georges-Baumont cr\u00e9ent un d\u00e9tecteur de CO\u00b2 - Saint Die Info<\/title>\n<meta name=\"robots\" content=\"index, follow, max-snippet:-1, max-image-preview:large, max-video-preview:-1\" \/>\n<link rel=\"canonical\" href=\"https:\/\/vosgesinfo.fr\/saintdieinfo\/2022\/05\/melec-co\u00b2-eleves-lycee-georges-baumont-creent-detecteur-de-co\u00b2\/\" \/>\n<meta name=\"twitter:card\" content=\"summary_large_image\" \/>\n<meta name=\"twitter:title\" content=\"\u00ab\u00a0Melec CO\u00b2\u00a0\u00bb, des \u00e9l\u00e8ves du lyc\u00e9e Georges-Baumont cr\u00e9ent un d\u00e9tecteur de CO\u00b2 - Saint Die Info\" \/>\n<meta name=\"twitter:description\" content=\"Apr\u00e8s une mise entre parenth\u00e8se forc\u00e9e \u00e0 cause de la crise sanitaire, la mini-entreprise du lyc\u00e9e Georges-Baumont est de retour [&hellip;]\" \/>\n<meta name=\"twitter:image\" content=\"https:\/\/vosgesinfo.fr\/app\/uploads\/sites\/4\/2024\/08\/202205mini-entreprise-lycee-georges-baumont-1.jpg\" \/>\n<meta name=\"twitter:creator\" content=\"@VosgesInfo88\" \/>\n<meta name=\"twitter:site\" content=\"@VosgesInfo88\" \/>\n<meta name=\"twitter:label1\" content=\"\u00c9crit par\" \/>\n\t<meta name=\"twitter:data1\" content=\"la r\u00e9daction\" \/>\n\t<meta name=\"twitter:label2\" content=\"Dur\u00e9e de lecture estim\u00e9e\" \/>\n\t<meta name=\"twitter:data2\" content=\"2 minutes\" \/>\n<script type=\"application\/ld+json\" class=\"yoast-schema-graph\">{\"@context\":\"https:\/\/schema.org\",\"@graph\":[{\"@type\":\"Article\",\"@id\":\"https:\/\/vosgesinfo.fr\/saintdieinfo\/2022\/05\/melec-co%c2%b2-eleves-lycee-georges-baumont-creent-detecteur-de-co%c2%b2\/#article\",\"isPartOf\":{\"@id\":\"https:\/\/vosgesinfo.fr\/saintdieinfo\/2022\/05\/melec-co%c2%b2-eleves-lycee-georges-baumont-creent-detecteur-de-co%c2%b2\/\"},\"author\":{\"name\":\"la r\u00e9daction\",\"@id\":\"https:\/\/vosgesinfo.fr\/saintdieinfo\/#\/schema\/person\/faee6704a21f3977511db84bd1cd450f\"},\"headline\":\"\u00ab\u00a0Melec CO\u00b2\u00a0\u00bb, des \u00e9l\u00e8ves du lyc\u00e9e Georges-Baumont cr\u00e9ent un d\u00e9tecteur de CO\u00b2\",\"datePublished\":\"2022-05-31T14:09:50+00:00\",\"dateModified\":\"2022-05-31T14:09:50+00:00\",\"mainEntityOfPage\":{\"@id\":\"https:\/\/vosgesinfo.fr\/saintdieinfo\/2022\/05\/melec-co%c2%b2-eleves-lycee-georges-baumont-creent-detecteur-de-co%c2%b2\/\"},\"wordCount\":400,\"commentCount\":0,\"publisher\":{\"@id\":\"https:\/\/vosgesinfo.fr\/saintdieinfo\/#organization\"},\"image\":{\"@id\":\"https:\/\/vosgesinfo.fr\/saintdieinfo\/2022\/05\/melec-co%c2%b2-eleves-lycee-georges-baumont-creent-detecteur-de-co%c2%b2\/#primaryimage\"},\"thumbnailUrl\":\"https:\/\/vosgesinfo.fr\/app\/uploads\/sites\/4\/2024\/08\/202205mini-entreprise-lycee-georges-baumont-1.jpg\",\"keywords\":[\"Bac Pro M\u00e9tiers de l'Electricit\u00e9 et de ses Environnements Connect\u00e9s\",\"Capteur de CO\u00b2\",\"Entreprendre Pour Apprendre\",\"MELEC\",\"Melec System\",\"Metz\",\"Mini-entreprise du lyc\u00e9e Georges-Baumont\"],\"articleSection\":[\"A la Une\",\"\u00c9ducation\",\"Saint-Di\u00e9-des-Vosges et son Agglom\u00e9ration\"],\"inLanguage\":\"fr-FR\",\"potentialAction\":[{\"@type\":\"CommentAction\",\"name\":\"Comment\",\"target\":[\"https:\/\/vosgesinfo.fr\/saintdieinfo\/2022\/05\/melec-co%c2%b2-eleves-lycee-georges-baumont-creent-detecteur-de-co%c2%b2\/#respond\"]}]},{\"@type\":\"WebPage\",\"@id\":\"https:\/\/vosgesinfo.fr\/saintdieinfo\/2022\/05\/melec-co%c2%b2-eleves-lycee-georges-baumont-creent-detecteur-de-co%c2%b2\/\",\"url\":\"https:\/\/vosgesinfo.fr\/saintdieinfo\/2022\/05\/melec-co%c2%b2-eleves-lycee-georges-baumont-creent-detecteur-de-co%c2%b2\/\",\"name\":\"\u00ab\u00a0Melec CO\u00b2\u00a0\u00bb, des \u00e9l\u00e8ves du lyc\u00e9e Georges-Baumont cr\u00e9ent un d\u00e9tecteur de CO\u00b2 - Saint Die Info\",\"isPartOf\":{\"@id\":\"https:\/\/vosgesinfo.fr\/saintdieinfo\/#website\"},\"primaryImageOfPage\":{\"@id\":\"https:\/\/vosgesinfo.fr\/saintdieinfo\/2022\/05\/melec-co%c2%b2-eleves-lycee-georges-baumont-creent-detecteur-de-co%c2%b2\/#primaryimage\"},\"image\":{\"@id\":\"https:\/\/vosgesinfo.fr\/saintdieinfo\/2022\/05\/melec-co%c2%b2-eleves-lycee-georges-baumont-creent-detecteur-de-co%c2%b2\/#primaryimage\"},\"thumbnailUrl\":\"https:\/\/vosgesinfo.fr\/app\/uploads\/sites\/4\/2024\/08\/202205mini-entreprise-lycee-georges-baumont-1.jpg\",\"datePublished\":\"2022-05-31T14:09:50+00:00\",\"dateModified\":\"2022-05-31T14:09:50+00:00\",\"breadcrumb\":{\"@id\":\"https:\/\/vosgesinfo.fr\/saintdieinfo\/2022\/05\/melec-co%c2%b2-eleves-lycee-georges-baumont-creent-detecteur-de-co%c2%b2\/#breadcrumb\"},\"inLanguage\":\"fr-FR\",\"potentialAction\":[{\"@type\":\"ReadAction\",\"target\":[\"https:\/\/vosgesinfo.fr\/saintdieinfo\/2022\/05\/melec-co%c2%b2-eleves-lycee-georges-baumont-creent-detecteur-de-co%c2%b2\/\"]}]},{\"@type\":\"ImageObject\",\"inLanguage\":\"fr-FR\",\"@id\":\"https:\/\/vosgesinfo.fr\/saintdieinfo\/2022\/05\/melec-co%c2%b2-eleves-lycee-georges-baumont-creent-detecteur-de-co%c2%b2\/#primaryimage\",\"url\":\"https:\/\/vosgesinfo.fr\/app\/uploads\/sites\/4\/2024\/08\/202205mini-entreprise-lycee-georges-baumont-1.jpg\",\"contentUrl\":\"https:\/\/vosgesinfo.fr\/app\/uploads\/sites\/4\/2024\/08\/202205mini-entreprise-lycee-georges-baumont-1.jpg\",\"width\":1600,\"height\":1205},{\"@type\":\"BreadcrumbList\",\"@id\":\"https:\/\/vosgesinfo.fr\/saintdieinfo\/2022\/05\/melec-co%c2%b2-eleves-lycee-georges-baumont-creent-detecteur-de-co%c2%b2\/#breadcrumb\",\"itemListElement\":[{\"@type\":\"ListItem\",\"position\":1,\"name\":\"Home\",\"item\":\"https:\/\/vosgesinfo.fr\/saintdieinfo\/\"},{\"@type\":\"ListItem\",\"position\":2,\"name\":\"\u00ab\u00a0Melec CO\u00b2\u00a0\u00bb, des \u00e9l\u00e8ves du lyc\u00e9e Georges-Baumont cr\u00e9ent un d\u00e9tecteur de CO\u00b2\"}]},{\"@type\":\"WebSite\",\"@id\":\"https:\/\/vosgesinfo.fr\/saintdieinfo\/#website\",\"url\":\"https:\/\/vosgesinfo.fr\/saintdieinfo\/\",\"name\":\"Saint Die Info\",\"description\":\"Toute l&#039;actualit\u00e9 de Saint-Di\u00e9-Des-Vosges\",\"publisher\":{\"@id\":\"https:\/\/vosgesinfo.fr\/saintdieinfo\/#organization\"},\"alternateName\":\"Toute l'actualit\u00e9 de Saint-Di\u00e9-Des-Vosges\",\"potentialAction\":[{\"@type\":\"SearchAction\",\"target\":{\"@type\":\"EntryPoint\",\"urlTemplate\":\"https:\/\/vosgesinfo.fr\/saintdieinfo\/?s={search_term_string}\"},\"query-input\":\"required name=search_term_string\"}],\"inLanguage\":\"fr-FR\"},{\"@type\":\"Organization\",\"@id\":\"https:\/\/vosgesinfo.fr\/saintdieinfo\/#organization\",\"name\":\"Saint Die Info\",\"url\":\"https:\/\/vosgesinfo.fr\/saintdieinfo\/\",\"logo\":{\"@type\":\"ImageObject\",\"inLanguage\":\"fr-FR\",\"@id\":\"https:\/\/vosgesinfo.fr\/saintdieinfo\/#\/schema\/logo\/image\/\",\"url\":\"https:\/\/vosgesinfo.fr\/app\/uploads\/sites\/4\/2024\/02\/logo-sdi.jpg\",\"contentUrl\":\"https:\/\/vosgesinfo.fr\/app\/uploads\/sites\/4\/2024\/02\/logo-sdi.jpg\",\"width\":600,\"height\":600,\"caption\":\"Saint Die Info\"},\"image\":{\"@id\":\"https:\/\/vosgesinfo.fr\/saintdieinfo\/#\/schema\/logo\/image\/\"},\"sameAs\":[\"https:\/\/www.facebook.com\/Saintdieinfofr\",\"https:\/\/x.com\/VosgesInfo88\",\"https:\/\/www.youtube.com\/@vosgesinfo\"]},{\"@type\":\"Person\",\"@id\":\"https:\/\/vosgesinfo.fr\/saintdieinfo\/#\/schema\/person\/faee6704a21f3977511db84bd1cd450f\",\"name\":\"la r\u00e9daction\",\"image\":{\"@type\":\"ImageObject\",\"inLanguage\":\"fr-FR\",\"@id\":\"https:\/\/vosgesinfo.fr\/saintdieinfo\/#\/schema\/person\/image\/\",\"url\":\"https:\/\/secure.gravatar.com\/avatar\/6673d8bc6a9c17fa9a453eaa3448de834fa308c2ec9635b7aa99441a7c8d2cf6?s=96&d=mm&r=g\",\"contentUrl\":\"https:\/\/secure.gravatar.com\/avatar\/6673d8bc6a9c17fa9a453eaa3448de834fa308c2ec9635b7aa99441a7c8d2cf6?s=96&d=mm&r=g\",\"caption\":\"la r\u00e9daction\"},\"url\":\"https:\/\/vosgesinfo.fr\/saintdieinfo\/author\/redac\/\"}]}<\/script>\n<!-- \/ Yoast SEO plugin. -->","yoast_head_json":{"title":"\u00ab\u00a0Melec CO\u00b2\u00a0\u00bb, des \u00e9l\u00e8ves du lyc\u00e9e Georges-Baumont cr\u00e9ent un d\u00e9tecteur de CO\u00b2 - Saint Die Info","robots":{"index":"index","follow":"follow","max-snippet":"max-snippet:-1","max-image-preview":"max-image-preview:large","max-video-preview":"max-video-preview:-1"},"canonical":"https:\/\/vosgesinfo.fr\/saintdieinfo\/2022\/05\/melec-co\u00b2-eleves-lycee-georges-baumont-creent-detecteur-de-co\u00b2\/","twitter_card":"summary_large_image","twitter_title":"\u00ab\u00a0Melec CO\u00b2\u00a0\u00bb, des \u00e9l\u00e8ves du lyc\u00e9e Georges-Baumont cr\u00e9ent un d\u00e9tecteur de CO\u00b2 - Saint Die Info","twitter_description":"Apr\u00e8s une mise entre parenth\u00e8se forc\u00e9e \u00e0 cause de la crise sanitaire, la mini-entreprise du lyc\u00e9e Georges-Baumont est de retour [&hellip;]","twitter_image":"https:\/\/vosgesinfo.fr\/app\/uploads\/sites\/4\/2024\/08\/202205mini-entreprise-lycee-georges-baumont-1.jpg","twitter_creator":"@VosgesInfo88","twitter_site":"@VosgesInfo88","twitter_misc":{"\u00c9crit par":"la r\u00e9daction","Dur\u00e9e de lecture estim\u00e9e":"2 minutes"},"schema":{"@context":"https:\/\/schema.org","@graph":[{"@type":"Article","@id":"https:\/\/vosgesinfo.fr\/saintdieinfo\/2022\/05\/melec-co%c2%b2-eleves-lycee-georges-baumont-creent-detecteur-de-co%c2%b2\/#article","isPartOf":{"@id":"https:\/\/vosgesinfo.fr\/saintdieinfo\/2022\/05\/melec-co%c2%b2-eleves-lycee-georges-baumont-creent-detecteur-de-co%c2%b2\/"},"author":{"name":"la r\u00e9daction","@id":"https:\/\/vosgesinfo.fr\/saintdieinfo\/#\/schema\/person\/faee6704a21f3977511db84bd1cd450f"},"headline":"\u00ab\u00a0Melec CO\u00b2\u00a0\u00bb, des \u00e9l\u00e8ves du lyc\u00e9e Georges-Baumont cr\u00e9ent un d\u00e9tecteur de CO\u00b2","datePublished":"2022-05-31T14:09:50+00:00","dateModified":"2022-05-31T14:09:50+00:00","mainEntityOfPage":{"@id":"https:\/\/vosgesinfo.fr\/saintdieinfo\/2022\/05\/melec-co%c2%b2-eleves-lycee-georges-baumont-creent-detecteur-de-co%c2%b2\/"},"wordCount":400,"commentCount":0,"publisher":{"@id":"https:\/\/vosgesinfo.fr\/saintdieinfo\/#organization"},"image":{"@id":"https:\/\/vosgesinfo.fr\/saintdieinfo\/2022\/05\/melec-co%c2%b2-eleves-lycee-georges-baumont-creent-detecteur-de-co%c2%b2\/#primaryimage"},"thumbnailUrl":"https:\/\/vosgesinfo.fr\/app\/uploads\/sites\/4\/2024\/08\/202205mini-entreprise-lycee-georges-baumont-1.jpg","keywords":["Bac Pro M\u00e9tiers de l'Electricit\u00e9 et de ses Environnements Connect\u00e9s","Capteur de CO\u00b2","Entreprendre Pour Apprendre","MELEC","Melec System","Metz","Mini-entreprise du lyc\u00e9e Georges-Baumont"],"articleSection":["A la Une","\u00c9ducation","Saint-Di\u00e9-des-Vosges et son Agglom\u00e9ration"],"inLanguage":"fr-FR","potentialAction":[{"@type":"CommentAction","name":"Comment","target":["https:\/\/vosgesinfo.fr\/saintdieinfo\/2022\/05\/melec-co%c2%b2-eleves-lycee-georges-baumont-creent-detecteur-de-co%c2%b2\/#respond"]}]},{"@type":"WebPage","@id":"https:\/\/vosgesinfo.fr\/saintdieinfo\/2022\/05\/melec-co%c2%b2-eleves-lycee-georges-baumont-creent-detecteur-de-co%c2%b2\/","url":"https:\/\/vosgesinfo.fr\/saintdieinfo\/2022\/05\/melec-co%c2%b2-eleves-lycee-georges-baumont-creent-detecteur-de-co%c2%b2\/","name":"\u00ab\u00a0Melec CO\u00b2\u00a0\u00bb, des \u00e9l\u00e8ves du lyc\u00e9e Georges-Baumont cr\u00e9ent un d\u00e9tecteur de CO\u00b2 - Saint Die Info","isPartOf":{"@id":"https:\/\/vosgesinfo.fr\/saintdieinfo\/#website"},"primaryImageOfPage":{"@id":"https:\/\/vosgesinfo.fr\/saintdieinfo\/2022\/05\/melec-co%c2%b2-eleves-lycee-georges-baumont-creent-detecteur-de-co%c2%b2\/#primaryimage"},"image":{"@id":"https:\/\/vosgesinfo.fr\/saintdieinfo\/2022\/05\/melec-co%c2%b2-eleves-lycee-georges-baumont-creent-detecteur-de-co%c2%b2\/#primaryimage"},"thumbnailUrl":"https:\/\/vosgesinfo.fr\/app\/uploads\/sites\/4\/2024\/08\/202205mini-entreprise-lycee-georges-baumont-1.jpg","datePublished":"2022-05-31T14:09:50+00:00","dateModified":"2022-05-31T14:09:50+00:00","breadcrumb":{"@id":"https:\/\/vosgesinfo.fr\/saintdieinfo\/2022\/05\/melec-co%c2%b2-eleves-lycee-georges-baumont-creent-detecteur-de-co%c2%b2\/#breadcrumb"},"inLanguage":"fr-FR","potentialAction":[{"@type":"ReadAction","target":["https:\/\/vosgesinfo.fr\/saintdieinfo\/2022\/05\/melec-co%c2%b2-eleves-lycee-georges-baumont-creent-detecteur-de-co%c2%b2\/"]}]},{"@type":"ImageObject","inLanguage":"fr-FR","@id":"https:\/\/vosgesinfo.fr\/saintdieinfo\/2022\/05\/melec-co%c2%b2-eleves-lycee-georges-baumont-creent-detecteur-de-co%c2%b2\/#primaryimage","url":"https:\/\/vosgesinfo.fr\/app\/uploads\/sites\/4\/2024\/08\/202205mini-entreprise-lycee-georges-baumont-1.jpg","contentUrl":"https:\/\/vosgesinfo.fr\/app\/uploads\/sites\/4\/2024\/08\/202205mini-entreprise-lycee-georges-baumont-1.jpg","width":1600,"height":1205},{"@type":"BreadcrumbList","@id":"https:\/\/vosgesinfo.fr\/saintdieinfo\/2022\/05\/melec-co%c2%b2-eleves-lycee-georges-baumont-creent-detecteur-de-co%c2%b2\/#breadcrumb","itemListElement":[{"@type":"ListItem","position":1,"name":"Home","item":"https:\/\/vosgesinfo.fr\/saintdieinfo\/"},{"@type":"ListItem","position":2,"name":"\u00ab\u00a0Melec CO\u00b2\u00a0\u00bb, des \u00e9l\u00e8ves du lyc\u00e9e Georges-Baumont cr\u00e9ent un d\u00e9tecteur de CO\u00b2"}]},{"@type":"WebSite","@id":"https:\/\/vosgesinfo.fr\/saintdieinfo\/#website","url":"https:\/\/vosgesinfo.fr\/saintdieinfo\/","name":"Saint Die Info","description":"Toute l&#039;actualit\u00e9 de Saint-Di\u00e9-Des-Vosges","publisher":{"@id":"https:\/\/vosgesinfo.fr\/saintdieinfo\/#organization"},"alternateName":"Toute l'actualit\u00e9 de Saint-Di\u00e9-Des-Vosges","potentialAction":[{"@type":"SearchAction","target":{"@type":"EntryPoint","urlTemplate":"https:\/\/vosgesinfo.fr\/saintdieinfo\/?s={search_term_string}"},"query-input":"required name=search_term_string"}],"inLanguage":"fr-FR"},{"@type":"Organization","@id":"https:\/\/vosgesinfo.fr\/saintdieinfo\/#organization","name":"Saint Die Info","url":"https:\/\/vosgesinfo.fr\/saintdieinfo\/","logo":{"@type":"ImageObject","inLanguage":"fr-FR","@id":"https:\/\/vosgesinfo.fr\/saintdieinfo\/#\/schema\/logo\/image\/","url":"https:\/\/vosgesinfo.fr\/app\/uploads\/sites\/4\/2024\/02\/logo-sdi.jpg","contentUrl":"https:\/\/vosgesinfo.fr\/app\/uploads\/sites\/4\/2024\/02\/logo-sdi.jpg","width":600,"height":600,"caption":"Saint Die Info"},"image":{"@id":"https:\/\/vosgesinfo.fr\/saintdieinfo\/#\/schema\/logo\/image\/"},"sameAs":["https:\/\/www.facebook.com\/Saintdieinfofr","https:\/\/x.com\/VosgesInfo88","https:\/\/www.youtube.com\/@vosgesinfo"]},{"@type":"Person","@id":"https:\/\/vosgesinfo.fr\/saintdieinfo\/#\/schema\/person\/faee6704a21f3977511db84bd1cd450f","name":"la r\u00e9daction","image":{"@type":"ImageObject","inLanguage":"fr-FR","@id":"https:\/\/vosgesinfo.fr\/saintdieinfo\/#\/schema\/person\/image\/","url":"https:\/\/secure.gravatar.com\/avatar\/6673d8bc6a9c17fa9a453eaa3448de834fa308c2ec9635b7aa99441a7c8d2cf6?s=96&d=mm&r=g","contentUrl":"https:\/\/secure.gravatar.com\/avatar\/6673d8bc6a9c17fa9a453eaa3448de834fa308c2ec9635b7aa99441a7c8d2cf6?s=96&d=mm&r=g","caption":"la r\u00e9daction"},"url":"https:\/\/vosgesinfo.fr\/saintdieinfo\/author\/redac\/"}]}},"_links":{"self":[{"href":"https:\/\/vosgesinfo.fr\/saintdieinfo\/wp-json\/wp\/v2\/posts\/53851","targetHints":{"allow":["GET"]}}],"collection":[{"href":"https:\/\/vosgesinfo.fr\/saintdieinfo\/wp-json\/wp\/v2\/posts"}],"about":[{"href":"https:\/\/vosgesinfo.fr\/saintdieinfo\/wp-json\/wp\/v2\/types\/post"}],"author":[{"embeddable":true,"href":"https:\/\/vosgesinfo.fr\/saintdieinfo\/wp-json\/wp\/v2\/users\/44"}],"replies":[{"embeddable":true,"href":"https:\/\/vosgesinfo.fr\/saintdieinfo\/wp-json\/wp\/v2\/comments?post=53851"}],"version-history":[{"count":0,"href":"https:\/\/vosgesinfo.fr\/saintdieinfo\/wp-json\/wp\/v2\/posts\/53851\/revisions"}],"wp:featuredmedia":[{"embeddable":true,"href":"https:\/\/vosgesinfo.fr\/saintdieinfo\/wp-json\/wp\/v2\/media\/53852"}],"wp:attachment":[{"href":"https:\/\/vosgesinfo.fr\/saintdieinfo\/wp-json\/wp\/v2\/media?parent=53851"}],"wp:term":[{"taxonomy":"category","embeddable":true,"href":"https:\/\/vosgesinfo.fr\/saintdieinfo\/wp-json\/wp\/v2\/categories?post=53851"},{"taxonomy":"post_tag","embeddable":true,"href":"https:\/\/vosgesinfo.fr\/saintdieinfo\/wp-json\/wp\/v2\/tags?post=53851"}],"curies":[{"name":"wp","href":"https:\/\/api.w.org\/{rel}","templated":true}]}}