{"id":53857,"date":"2022-06-01T05:55:46","date_gmt":"2022-06-01T03:55:46","guid":{"rendered":"https:\/\/vosgesinfo.fr\/saintdieinfo\/2022\/06\/rambervillers-signature-de-convention-territoriale-globale\/"},"modified":"2022-06-01T05:55:46","modified_gmt":"2022-06-01T03:55:46","slug":"rambervillers-signature-de-convention-territoriale-globale","status":"publish","type":"post","link":"https:\/\/vosgesinfo.fr\/saintdieinfo\/2022\/06\/rambervillers-signature-de-convention-territoriale-globale\/","title":{"rendered":"Rambervillers \u2013 Signature de la Convention Territoriale Globale"},"content":{"rendered":"<div id=\"attachment_184341\" style=\"width: 970px\" class=\"wp-caption aligncenter\"><a href=\"\/2022\/06\/Rambervillers.jpg\" target=\"_blank\" rel=\"noopener\"><img decoding=\"async\" aria-describedby=\"caption-attachment-184341\" class=\"wp-image-184341 size-large\" src=\"\/2022\/06\/Rambervillers-1024x576.jpg\" alt=\"Rambervillers\" width=\"960\" height=\"540\" \/><\/a><p id=\"caption-attachment-184341\" class=\"wp-caption-text\">(Photographie Vosges Mag)<\/p><\/div>\n<h2><strong><span style=\"font-size: 14pt;\">La Communaut\u00e9 de Communes de la R\u00e9gion de Rambervillers a sign\u00e9 hier un partenariat destin\u00e9 \u00e0 co-construire un projet social de territoire. Ce mardi 31 mai\u00a0le Conseil d\u00e9partemental\u00a0des Vosges,\u00a0la Caisse d\u2019Allocations Familiales et la Mutualit\u00e9 Sociale Agricole associ\u00e9s \u00e0 la Communaut\u00e9 de Communes de la R\u00e9gion de Rambervillers signent une Convention Territoriale Globale aux familles.<\/span><\/strong><\/h2>\n<p><!--more--><\/p>\n<p>Concr\u00e8tement, il s\u2019agit d\u2019une collaboration renforc\u00e9e entre les diff\u00e9rents acteurs du territoire afin d\u2019apporter aux habitants une offre de services optimis\u00e9e. Cette convention s\u2019appuie sur un diagnostic d\u00e9j\u00e0 r\u00e9alis\u00e9 portant \u00e0 la fois sur l\u2019acc\u00e8s aux droits, le logement, la petite enfance, la jeunesse, la parentalit\u00e9 et l\u2019animation de la vie sociale.<\/p>\n<p>Ce travail collaboratif devrait permettre de r\u00e9pondre aux besoins prioritaires des familles en proposant des services et des structures de qualit\u00e9, r\u00e9partis sur le territoire et en prenant en compte les enjeux actuels\u00a0: lutte contre l\u2019illectronisme, politique jeunesse adapt\u00e9e, optimisation de l\u2019offre d\u2019accueil du jeune enfant, engagement citoyen\u2026<\/p>\n<p>La Convention Territoriale Globale (CTG) coordonne d\u00e9sormais tous les dispositifs d\u2019action sociale entre les collectivit\u00e9s territoriales et centralise leur pilotage. Le plan d\u2019actions est engag\u00e9 pour les quatre ann\u00e9es \u00e0 venir. Cette d\u00e9marche s\u2019inscrit dans le cadre du Sch\u00e9ma d\u00e9partemental de services aux familles sign\u00e9 en d\u00e9cembre dernier.<\/p>\n<h3><strong><span style=\"font-size: 12pt;\">La Communaut\u00e9 de Communes de la R\u00e9gion de Rambervillers en chiffres\u00a0:<\/span><\/strong><\/h3>\n<ul>\n<li>30 communes;<\/li>\n<li>13\u00a0124 habitants;<\/li>\n<li>47,8% des habitants rel\u00e8vent de la CAF;<\/li>\n<li>2443 enfants d\u2019allocataires dont 1\/3 ont moins de 6 ans;<\/li>\n<li>16 M\u20ac de prestations vers\u00e9es directement aux familles en 2019;<\/li>\n<li>25 places en cr\u00e8che.<\/li>\n<\/ul>\n<p>&#8211;<\/p>\n<p>Source : <a href=\"https:\/\/www.vosgesmag.fr\" target=\"_blank\" rel=\"noopener\">www.vosgesmag.fr<\/a><\/p>\n","protected":false},"excerpt":{"rendered":"<p>La Communaut\u00e9 de Communes de la R\u00e9gion de Rambervillers a sign\u00e9 hier un partenariat destin\u00e9 \u00e0 co-construire un projet social [&hellip;]<\/p>\n","protected":false},"author":44,"featured_media":53858,"comment_status":"open","ping_status":"open","sticky":false,"template":"","format":"standard","meta":{"footnotes":""},"categories":[460,18],"tags":[11530,11531,529,11532,11533,1303,3024],"class_list":["post-53857","post","type-post","status-publish","format-standard","has-post-thumbnail","hentry","category-a-la-une","category-vosges","tag-caisse-dallocations-familiales","tag-communaute-de-communes-de-la-region-de-rambervillers","tag-conseil-departemental-des-vosges","tag-convention-territoriale-globale-aux-familles","tag-mutualite-sociale-agricole","tag-rambervillers","tag-vosges-mag"],"acf":[],"yoast_head":"<!-- This site is optimized with the Yoast SEO plugin v22.5 - https:\/\/yoast.com\/wordpress\/plugins\/seo\/ -->\n<title>Rambervillers \u2013 Signature de la Convention Territoriale Globale - Saint Die Info<\/title>\n<meta name=\"robots\" content=\"index, follow, max-snippet:-1, max-image-preview:large, max-video-preview:-1\" \/>\n<link rel=\"canonical\" href=\"https:\/\/vosgesinfo.fr\/saintdieinfo\/2022\/06\/rambervillers-signature-de-convention-territoriale-globale\/\" \/>\n<meta name=\"twitter:card\" content=\"summary_large_image\" \/>\n<meta name=\"twitter:title\" content=\"Rambervillers \u2013 Signature de la Convention Territoriale Globale - Saint Die Info\" \/>\n<meta name=\"twitter:description\" content=\"La Communaut\u00e9 de Communes de la R\u00e9gion de Rambervillers a sign\u00e9 hier un partenariat destin\u00e9 \u00e0 co-construire un projet social [&hellip;]\" \/>\n<meta name=\"twitter:image\" content=\"https:\/\/vosgesinfo.fr\/app\/uploads\/sites\/4\/2024\/08\/202206rambervillers.jpg\" \/>\n<meta name=\"twitter:creator\" content=\"@VosgesInfo88\" \/>\n<meta name=\"twitter:site\" content=\"@VosgesInfo88\" \/>\n<meta name=\"twitter:label1\" content=\"\u00c9crit par\" \/>\n\t<meta name=\"twitter:data1\" content=\"la r\u00e9daction\" \/>\n\t<meta name=\"twitter:label2\" content=\"Dur\u00e9e de lecture estim\u00e9e\" \/>\n\t<meta name=\"twitter:data2\" content=\"1 minute\" \/>\n<script type=\"application\/ld+json\" class=\"yoast-schema-graph\">{\"@context\":\"https:\/\/schema.org\",\"@graph\":[{\"@type\":\"Article\",\"@id\":\"https:\/\/vosgesinfo.fr\/saintdieinfo\/2022\/06\/rambervillers-signature-de-convention-territoriale-globale\/#article\",\"isPartOf\":{\"@id\":\"https:\/\/vosgesinfo.fr\/saintdieinfo\/2022\/06\/rambervillers-signature-de-convention-territoriale-globale\/\"},\"author\":{\"name\":\"la r\u00e9daction\",\"@id\":\"https:\/\/vosgesinfo.fr\/saintdieinfo\/#\/schema\/person\/faee6704a21f3977511db84bd1cd450f\"},\"headline\":\"Rambervillers \u2013 Signature de la Convention Territoriale Globale\",\"datePublished\":\"2022-06-01T03:55:46+00:00\",\"dateModified\":\"2022-06-01T03:55:46+00:00\",\"mainEntityOfPage\":{\"@id\":\"https:\/\/vosgesinfo.fr\/saintdieinfo\/2022\/06\/rambervillers-signature-de-convention-territoriale-globale\/\"},\"wordCount\":299,\"commentCount\":0,\"publisher\":{\"@id\":\"https:\/\/vosgesinfo.fr\/saintdieinfo\/#organization\"},\"image\":{\"@id\":\"https:\/\/vosgesinfo.fr\/saintdieinfo\/2022\/06\/rambervillers-signature-de-convention-territoriale-globale\/#primaryimage\"},\"thumbnailUrl\":\"https:\/\/vosgesinfo.fr\/app\/uploads\/sites\/4\/2024\/08\/202206rambervillers.jpg\",\"keywords\":[\"Caisse d'Allocations Familiales\",\"Communaut\u00e9 de Communes de la R\u00e9gion de Rambervillers\",\"Conseil d\u00e9partemental des Vosges\",\"Convention Territoriale Globale aux familles\",\"Mutualit\u00e9 Sociale Agricole\",\"Rambervillers\",\"Vosges Mag\"],\"articleSection\":[\"A la Une\",\"Vosges\"],\"inLanguage\":\"fr-FR\",\"potentialAction\":[{\"@type\":\"CommentAction\",\"name\":\"Comment\",\"target\":[\"https:\/\/vosgesinfo.fr\/saintdieinfo\/2022\/06\/rambervillers-signature-de-convention-territoriale-globale\/#respond\"]}]},{\"@type\":\"WebPage\",\"@id\":\"https:\/\/vosgesinfo.fr\/saintdieinfo\/2022\/06\/rambervillers-signature-de-convention-territoriale-globale\/\",\"url\":\"https:\/\/vosgesinfo.fr\/saintdieinfo\/2022\/06\/rambervillers-signature-de-convention-territoriale-globale\/\",\"name\":\"Rambervillers \u2013 Signature de la Convention Territoriale Globale - Saint Die Info\",\"isPartOf\":{\"@id\":\"https:\/\/vosgesinfo.fr\/saintdieinfo\/#website\"},\"primaryImageOfPage\":{\"@id\":\"https:\/\/vosgesinfo.fr\/saintdieinfo\/2022\/06\/rambervillers-signature-de-convention-territoriale-globale\/#primaryimage\"},\"image\":{\"@id\":\"https:\/\/vosgesinfo.fr\/saintdieinfo\/2022\/06\/rambervillers-signature-de-convention-territoriale-globale\/#primaryimage\"},\"thumbnailUrl\":\"https:\/\/vosgesinfo.fr\/app\/uploads\/sites\/4\/2024\/08\/202206rambervillers.jpg\",\"datePublished\":\"2022-06-01T03:55:46+00:00\",\"dateModified\":\"2022-06-01T03:55:46+00:00\",\"breadcrumb\":{\"@id\":\"https:\/\/vosgesinfo.fr\/saintdieinfo\/2022\/06\/rambervillers-signature-de-convention-territoriale-globale\/#breadcrumb\"},\"inLanguage\":\"fr-FR\",\"potentialAction\":[{\"@type\":\"ReadAction\",\"target\":[\"https:\/\/vosgesinfo.fr\/saintdieinfo\/2022\/06\/rambervillers-signature-de-convention-territoriale-globale\/\"]}]},{\"@type\":\"ImageObject\",\"inLanguage\":\"fr-FR\",\"@id\":\"https:\/\/vosgesinfo.fr\/saintdieinfo\/2022\/06\/rambervillers-signature-de-convention-territoriale-globale\/#primaryimage\",\"url\":\"https:\/\/vosgesinfo.fr\/app\/uploads\/sites\/4\/2024\/08\/202206rambervillers.jpg\",\"contentUrl\":\"https:\/\/vosgesinfo.fr\/app\/uploads\/sites\/4\/2024\/08\/202206rambervillers.jpg\",\"width\":1600,\"height\":900},{\"@type\":\"BreadcrumbList\",\"@id\":\"https:\/\/vosgesinfo.fr\/saintdieinfo\/2022\/06\/rambervillers-signature-de-convention-territoriale-globale\/#breadcrumb\",\"itemListElement\":[{\"@type\":\"ListItem\",\"position\":1,\"name\":\"Home\",\"item\":\"https:\/\/vosgesinfo.fr\/saintdieinfo\/\"},{\"@type\":\"ListItem\",\"position\":2,\"name\":\"Rambervillers \u2013 Signature de la Convention Territoriale Globale\"}]},{\"@type\":\"WebSite\",\"@id\":\"https:\/\/vosgesinfo.fr\/saintdieinfo\/#website\",\"url\":\"https:\/\/vosgesinfo.fr\/saintdieinfo\/\",\"name\":\"Saint Die Info\",\"description\":\"Toute l&#039;actualit\u00e9 de Saint-Di\u00e9-Des-Vosges\",\"publisher\":{\"@id\":\"https:\/\/vosgesinfo.fr\/saintdieinfo\/#organization\"},\"alternateName\":\"Toute l'actualit\u00e9 de Saint-Di\u00e9-Des-Vosges\",\"potentialAction\":[{\"@type\":\"SearchAction\",\"target\":{\"@type\":\"EntryPoint\",\"urlTemplate\":\"https:\/\/vosgesinfo.fr\/saintdieinfo\/?s={search_term_string}\"},\"query-input\":\"required name=search_term_string\"}],\"inLanguage\":\"fr-FR\"},{\"@type\":\"Organization\",\"@id\":\"https:\/\/vosgesinfo.fr\/saintdieinfo\/#organization\",\"name\":\"Saint Die Info\",\"url\":\"https:\/\/vosgesinfo.fr\/saintdieinfo\/\",\"logo\":{\"@type\":\"ImageObject\",\"inLanguage\":\"fr-FR\",\"@id\":\"https:\/\/vosgesinfo.fr\/saintdieinfo\/#\/schema\/logo\/image\/\",\"url\":\"https:\/\/vosgesinfo.fr\/app\/uploads\/sites\/4\/2024\/02\/logo-sdi.jpg\",\"contentUrl\":\"https:\/\/vosgesinfo.fr\/app\/uploads\/sites\/4\/2024\/02\/logo-sdi.jpg\",\"width\":600,\"height\":600,\"caption\":\"Saint Die Info\"},\"image\":{\"@id\":\"https:\/\/vosgesinfo.fr\/saintdieinfo\/#\/schema\/logo\/image\/\"},\"sameAs\":[\"https:\/\/www.facebook.com\/Saintdieinfofr\",\"https:\/\/x.com\/VosgesInfo88\",\"https:\/\/www.youtube.com\/@vosgesinfo\"]},{\"@type\":\"Person\",\"@id\":\"https:\/\/vosgesinfo.fr\/saintdieinfo\/#\/schema\/person\/faee6704a21f3977511db84bd1cd450f\",\"name\":\"la r\u00e9daction\",\"image\":{\"@type\":\"ImageObject\",\"inLanguage\":\"fr-FR\",\"@id\":\"https:\/\/vosgesinfo.fr\/saintdieinfo\/#\/schema\/person\/image\/\",\"url\":\"https:\/\/secure.gravatar.com\/avatar\/6673d8bc6a9c17fa9a453eaa3448de834fa308c2ec9635b7aa99441a7c8d2cf6?s=96&d=mm&r=g\",\"contentUrl\":\"https:\/\/secure.gravatar.com\/avatar\/6673d8bc6a9c17fa9a453eaa3448de834fa308c2ec9635b7aa99441a7c8d2cf6?s=96&d=mm&r=g\",\"caption\":\"la r\u00e9daction\"},\"url\":\"https:\/\/vosgesinfo.fr\/saintdieinfo\/author\/redac\/\"}]}<\/script>\n<!-- \/ Yoast SEO plugin. -->","yoast_head_json":{"title":"Rambervillers \u2013 Signature de la Convention Territoriale Globale - Saint Die Info","robots":{"index":"index","follow":"follow","max-snippet":"max-snippet:-1","max-image-preview":"max-image-preview:large","max-video-preview":"max-video-preview:-1"},"canonical":"https:\/\/vosgesinfo.fr\/saintdieinfo\/2022\/06\/rambervillers-signature-de-convention-territoriale-globale\/","twitter_card":"summary_large_image","twitter_title":"Rambervillers \u2013 Signature de la Convention Territoriale Globale - Saint Die Info","twitter_description":"La Communaut\u00e9 de Communes de la R\u00e9gion de Rambervillers a sign\u00e9 hier un partenariat destin\u00e9 \u00e0 co-construire un projet social [&hellip;]","twitter_image":"https:\/\/vosgesinfo.fr\/app\/uploads\/sites\/4\/2024\/08\/202206rambervillers.jpg","twitter_creator":"@VosgesInfo88","twitter_site":"@VosgesInfo88","twitter_misc":{"\u00c9crit par":"la r\u00e9daction","Dur\u00e9e de lecture estim\u00e9e":"1 minute"},"schema":{"@context":"https:\/\/schema.org","@graph":[{"@type":"Article","@id":"https:\/\/vosgesinfo.fr\/saintdieinfo\/2022\/06\/rambervillers-signature-de-convention-territoriale-globale\/#article","isPartOf":{"@id":"https:\/\/vosgesinfo.fr\/saintdieinfo\/2022\/06\/rambervillers-signature-de-convention-territoriale-globale\/"},"author":{"name":"la r\u00e9daction","@id":"https:\/\/vosgesinfo.fr\/saintdieinfo\/#\/schema\/person\/faee6704a21f3977511db84bd1cd450f"},"headline":"Rambervillers \u2013 Signature de la Convention Territoriale Globale","datePublished":"2022-06-01T03:55:46+00:00","dateModified":"2022-06-01T03:55:46+00:00","mainEntityOfPage":{"@id":"https:\/\/vosgesinfo.fr\/saintdieinfo\/2022\/06\/rambervillers-signature-de-convention-territoriale-globale\/"},"wordCount":299,"commentCount":0,"publisher":{"@id":"https:\/\/vosgesinfo.fr\/saintdieinfo\/#organization"},"image":{"@id":"https:\/\/vosgesinfo.fr\/saintdieinfo\/2022\/06\/rambervillers-signature-de-convention-territoriale-globale\/#primaryimage"},"thumbnailUrl":"https:\/\/vosgesinfo.fr\/app\/uploads\/sites\/4\/2024\/08\/202206rambervillers.jpg","keywords":["Caisse d'Allocations Familiales","Communaut\u00e9 de Communes de la R\u00e9gion de Rambervillers","Conseil d\u00e9partemental des Vosges","Convention Territoriale Globale aux familles","Mutualit\u00e9 Sociale Agricole","Rambervillers","Vosges Mag"],"articleSection":["A la Une","Vosges"],"inLanguage":"fr-FR","potentialAction":[{"@type":"CommentAction","name":"Comment","target":["https:\/\/vosgesinfo.fr\/saintdieinfo\/2022\/06\/rambervillers-signature-de-convention-territoriale-globale\/#respond"]}]},{"@type":"WebPage","@id":"https:\/\/vosgesinfo.fr\/saintdieinfo\/2022\/06\/rambervillers-signature-de-convention-territoriale-globale\/","url":"https:\/\/vosgesinfo.fr\/saintdieinfo\/2022\/06\/rambervillers-signature-de-convention-territoriale-globale\/","name":"Rambervillers \u2013 Signature de la Convention Territoriale Globale - Saint Die Info","isPartOf":{"@id":"https:\/\/vosgesinfo.fr\/saintdieinfo\/#website"},"primaryImageOfPage":{"@id":"https:\/\/vosgesinfo.fr\/saintdieinfo\/2022\/06\/rambervillers-signature-de-convention-territoriale-globale\/#primaryimage"},"image":{"@id":"https:\/\/vosgesinfo.fr\/saintdieinfo\/2022\/06\/rambervillers-signature-de-convention-territoriale-globale\/#primaryimage"},"thumbnailUrl":"https:\/\/vosgesinfo.fr\/app\/uploads\/sites\/4\/2024\/08\/202206rambervillers.jpg","datePublished":"2022-06-01T03:55:46+00:00","dateModified":"2022-06-01T03:55:46+00:00","breadcrumb":{"@id":"https:\/\/vosgesinfo.fr\/saintdieinfo\/2022\/06\/rambervillers-signature-de-convention-territoriale-globale\/#breadcrumb"},"inLanguage":"fr-FR","potentialAction":[{"@type":"ReadAction","target":["https:\/\/vosgesinfo.fr\/saintdieinfo\/2022\/06\/rambervillers-signature-de-convention-territoriale-globale\/"]}]},{"@type":"ImageObject","inLanguage":"fr-FR","@id":"https:\/\/vosgesinfo.fr\/saintdieinfo\/2022\/06\/rambervillers-signature-de-convention-territoriale-globale\/#primaryimage","url":"https:\/\/vosgesinfo.fr\/app\/uploads\/sites\/4\/2024\/08\/202206rambervillers.jpg","contentUrl":"https:\/\/vosgesinfo.fr\/app\/uploads\/sites\/4\/2024\/08\/202206rambervillers.jpg","width":1600,"height":900},{"@type":"BreadcrumbList","@id":"https:\/\/vosgesinfo.fr\/saintdieinfo\/2022\/06\/rambervillers-signature-de-convention-territoriale-globale\/#breadcrumb","itemListElement":[{"@type":"ListItem","position":1,"name":"Home","item":"https:\/\/vosgesinfo.fr\/saintdieinfo\/"},{"@type":"ListItem","position":2,"name":"Rambervillers \u2013 Signature de la Convention Territoriale Globale"}]},{"@type":"WebSite","@id":"https:\/\/vosgesinfo.fr\/saintdieinfo\/#website","url":"https:\/\/vosgesinfo.fr\/saintdieinfo\/","name":"Saint Die Info","description":"Toute l&#039;actualit\u00e9 de Saint-Di\u00e9-Des-Vosges","publisher":{"@id":"https:\/\/vosgesinfo.fr\/saintdieinfo\/#organization"},"alternateName":"Toute l'actualit\u00e9 de Saint-Di\u00e9-Des-Vosges","potentialAction":[{"@type":"SearchAction","target":{"@type":"EntryPoint","urlTemplate":"https:\/\/vosgesinfo.fr\/saintdieinfo\/?s={search_term_string}"},"query-input":"required name=search_term_string"}],"inLanguage":"fr-FR"},{"@type":"Organization","@id":"https:\/\/vosgesinfo.fr\/saintdieinfo\/#organization","name":"Saint Die Info","url":"https:\/\/vosgesinfo.fr\/saintdieinfo\/","logo":{"@type":"ImageObject","inLanguage":"fr-FR","@id":"https:\/\/vosgesinfo.fr\/saintdieinfo\/#\/schema\/logo\/image\/","url":"https:\/\/vosgesinfo.fr\/app\/uploads\/sites\/4\/2024\/02\/logo-sdi.jpg","contentUrl":"https:\/\/vosgesinfo.fr\/app\/uploads\/sites\/4\/2024\/02\/logo-sdi.jpg","width":600,"height":600,"caption":"Saint Die Info"},"image":{"@id":"https:\/\/vosgesinfo.fr\/saintdieinfo\/#\/schema\/logo\/image\/"},"sameAs":["https:\/\/www.facebook.com\/Saintdieinfofr","https:\/\/x.com\/VosgesInfo88","https:\/\/www.youtube.com\/@vosgesinfo"]},{"@type":"Person","@id":"https:\/\/vosgesinfo.fr\/saintdieinfo\/#\/schema\/person\/faee6704a21f3977511db84bd1cd450f","name":"la r\u00e9daction","image":{"@type":"ImageObject","inLanguage":"fr-FR","@id":"https:\/\/vosgesinfo.fr\/saintdieinfo\/#\/schema\/person\/image\/","url":"https:\/\/secure.gravatar.com\/avatar\/6673d8bc6a9c17fa9a453eaa3448de834fa308c2ec9635b7aa99441a7c8d2cf6?s=96&d=mm&r=g","contentUrl":"https:\/\/secure.gravatar.com\/avatar\/6673d8bc6a9c17fa9a453eaa3448de834fa308c2ec9635b7aa99441a7c8d2cf6?s=96&d=mm&r=g","caption":"la r\u00e9daction"},"url":"https:\/\/vosgesinfo.fr\/saintdieinfo\/author\/redac\/"}]}},"_links":{"self":[{"href":"https:\/\/vosgesinfo.fr\/saintdieinfo\/wp-json\/wp\/v2\/posts\/53857","targetHints":{"allow":["GET"]}}],"collection":[{"href":"https:\/\/vosgesinfo.fr\/saintdieinfo\/wp-json\/wp\/v2\/posts"}],"about":[{"href":"https:\/\/vosgesinfo.fr\/saintdieinfo\/wp-json\/wp\/v2\/types\/post"}],"author":[{"embeddable":true,"href":"https:\/\/vosgesinfo.fr\/saintdieinfo\/wp-json\/wp\/v2\/users\/44"}],"replies":[{"embeddable":true,"href":"https:\/\/vosgesinfo.fr\/saintdieinfo\/wp-json\/wp\/v2\/comments?post=53857"}],"version-history":[{"count":0,"href":"https:\/\/vosgesinfo.fr\/saintdieinfo\/wp-json\/wp\/v2\/posts\/53857\/revisions"}],"wp:featuredmedia":[{"embeddable":true,"href":"https:\/\/vosgesinfo.fr\/saintdieinfo\/wp-json\/wp\/v2\/media\/53858"}],"wp:attachment":[{"href":"https:\/\/vosgesinfo.fr\/saintdieinfo\/wp-json\/wp\/v2\/media?parent=53857"}],"wp:term":[{"taxonomy":"category","embeddable":true,"href":"https:\/\/vosgesinfo.fr\/saintdieinfo\/wp-json\/wp\/v2\/categories?post=53857"},{"taxonomy":"post_tag","embeddable":true,"href":"https:\/\/vosgesinfo.fr\/saintdieinfo\/wp-json\/wp\/v2\/tags?post=53857"}],"curies":[{"name":"wp","href":"https:\/\/api.w.org\/{rel}","templated":true}]}}