{"id":53884,"date":"2022-06-01T10:52:54","date_gmt":"2022-06-01T08:52:54","guid":{"rendered":"https:\/\/vosgesinfo.fr\/saintdieinfo\/2022\/06\/change-1er-juin-2022\/"},"modified":"2022-06-01T10:52:54","modified_gmt":"2022-06-01T08:52:54","slug":"change-1er-juin-2022","status":"publish","type":"post","link":"https:\/\/vosgesinfo.fr\/saintdieinfo\/2022\/06\/change-1er-juin-2022\/","title":{"rendered":"Ce qui change au 1er juin 2022"},"content":{"rendered":"<p><a href=\"\/2022\/06\/01062022.png\" target=\"_blank\" rel=\"noopener\"><img decoding=\"async\" class=\"aligncenter wp-image-184377 size-large\" src=\"\/2022\/06\/01062022-1024x575.png\" alt=\"01062022\" width=\"960\" height=\"539\" \/><\/a><\/p>\n<h2><strong><span style=\"font-family: Calibri, sans-serif; font-size: 14pt;\">Voici ce qui change \u00e0 partir de ce mercredi 1er juin 2022 en France\u00a0:<\/span><\/strong><\/h2>\n<p><!--more--><\/p>\n<h3><strong><span style=\"font-family: Calibri, sans-serif; font-size: 12pt;\">Vie quotidienne<\/span><\/strong><\/h3>\n<ul>\n<li><strong><span style=\"font-family: Calibri, sans-serif;\">Fin de la tr\u00eave hivernale<\/span><\/strong><\/li>\n<\/ul>\n<p><span style=\"font-family: Calibri, sans-serif;\">\u00c0 partir du 1er juin 2022, les expulsions locatives et les coupures d&rsquo;\u00e9lectricit\u00e9 reprennent en cas d&rsquo;impay\u00e9s. <\/span><\/p>\n<p><span style=\"font-family: Calibri, sans-serif;\">La tr\u00eave hivernale prend traditionnellement fin le 1er avril 2022. Elle avait \u00e9t\u00e9 prolong\u00e9e de deux mois. <\/span><\/p>\n<ul>\n<li><strong><span style=\"font-family: Calibri, sans-serif;\">Modernisation du livret de famille<\/span><\/strong><\/li>\n<\/ul>\n<p><span style=\"font-family: Calibri, sans-serif;\">Le nouveau mod\u00e8le du livret de famille voit le jour d\u00e8s le 1er juin 2022. C&rsquo;est par un arr\u00eat\u00e9 du 3 mai 2022 fixant le nouveau mod\u00e8le de livret de famille, que celui-ci prendra en compte les nouvelles dispositions concernant la procr\u00e9ation m\u00e9dicalement assist\u00e9e (PMA), la nouvelle r\u00e8gle du choix du nom, la r\u00e9forme de l&rsquo;adoption, l&rsquo;identit\u00e9 des enfants n\u00e9s sans vie et l&rsquo;acte de d\u00e9c\u00e8s des enfants majeurs.<\/span><\/p>\n<h3><strong><span style=\"font-family: Calibri, sans-serif; font-size: 12pt;\">Pouvoir d&rsquo;achat<\/span><\/strong><\/h3>\n<ul>\n<li><strong><span style=\"font-family: Calibri, sans-serif;\">Titres-restaurants : fin du plafond \u00e0 38 euros<\/span><\/strong><\/li>\n<\/ul>\n<p><span style=\"font-family: Calibri, sans-serif;\">\u00c0 partir du 30 juin 2022, le doublement du plafond d\u2019utilisation quotidien des titres-restaurant 2022 prend fin. Il reste cependant possible, jusqu&rsquo;\u00e0 cette date, de r\u00e9gler au maximum 38 euros en titres-restaurants, dans un restaurant y compris les dimanches et les jours f\u00e9ri\u00e9s. C&rsquo;est pour soutenir les restaurateurs que le dispositif de doublement des tickets restaurants, qui devait prendre fin le 28 f\u00e9vrier, avait \u00e9t\u00e9 prolong\u00e9 jusqu&rsquo;\u00e0 la fin du mois de juin. <\/span><\/p>\n<h3><strong><span style=\"font-family: Calibri, sans-serif; font-size: 12pt;\">Finances<\/span><\/strong><\/h3>\n<ul>\n<li><strong><span style=\"font-family: Calibri, sans-serif;\">Transparence des frais de gestion des PER et assurances-vie<\/span><\/strong><\/li>\n<\/ul>\n<p><span style=\"font-family: Calibri, sans-serif;\">\u00c0 partir du 1er\u00a0juin\u00a02022, les frais des assurances-vie et Plan \u00c9pargne Retraite (PER) deviennent plus transparents En effet, les producteurs et distributeurs de ces produits d&rsquo;\u00e9pargne devront, d\u00e8s cette date, afficher les frais sur leur site Internet, en respectant un tableau standard permettant aux souscripteurs de conna\u00eetre leurs droits d\u2019entr\u00e9e, frais annuels et ponctuels. <\/span><\/p>\n<ul>\n<li><strong><span style=\"font-family: Calibri, sans-serif;\">R\u00e9silier une assurance emprunteur devient plus facile<\/span><\/strong><\/li>\n<\/ul>\n<p><span style=\"font-family: Calibri, sans-serif;\">Mise en place pour permettre aux demandeurs de b\u00e9n\u00e9ficier d\u2019un meilleur taux, la mesure permettant de r\u00e9silier une assurance emprunteur s&rsquo;appliquera :<\/span><\/p>\n<ul>\n<li><span style=\"font-family: Calibri, sans-serif;\">\u00e0 compter du 1er juin 2022 pour tous les nouveaux pr\u00eats ; <\/span><\/li>\n<li><span style=\"font-family: Calibri, sans-serif;\">\u00e0 partir du 1er septembre 2022 pour les contrats en cours \u00e0 cette date.<\/span><\/li>\n<li><strong><span style=\"font-family: Calibri, sans-serif;\">Le droit \u00e0 l&rsquo;oubli pour les anciens malades du cancer r\u00e9duit \u00e0 cinq ans<\/span><\/strong><\/li>\n<\/ul>\n<p><span style=\"font-family: Calibri, sans-serif;\">L&rsquo;acc\u00e8s \u00e0 un cr\u00e9dit immobilier pour les anciens malades du cancer ou de l&rsquo;h\u00e9patite est simplifi\u00e9 et ce gr\u00e2ce \u00e0 la loi du 28 f\u00e9vrier 2022 pour un acc\u00e8s plus juste, plus simple et plus transparent au march\u00e9 de l&rsquo;assurance emprunteur qui entre en vigueur le 1er juin. Elle permet aux anciens malades du cancer ou de l&rsquo;h\u00e9patite C, d&rsquo;obtenir un cr\u00e9dit aux m\u00eames conditions qu&rsquo;un autre emprunteur \u00e0 condition que cela arrive \u00e0 partir de 5 ans apr\u00e8s leur gu\u00e9rison et non 10 ans comme cela \u00e9tait le cas auparavant. Par ailleurs, le questionnaire m\u00e9dical pour les emprunts de moins de 200\u00a0000\u00a0euros par personne (soit 400\u00a0000\u00a0euros pour un couple) est supprim\u00e9. <\/span><\/p>\n<ul>\n<li><strong><span style=\"font-family: Calibri, sans-serif;\">Simplification du dispositif d\u2019acc\u00e8s \u00e0 un compte bancaire<\/span><\/strong><\/li>\n<\/ul>\n<p><span style=\"font-family: Calibri, sans-serif;\">Le d\u00e9cret du 11 mars 2022 relatif \u00e0 la proc\u00e9dure de droit au compte facilite la proc\u00e9dure d\u2019acc\u00e8s au compte bancaire. La nouvelle proc\u00e9dure permettra, et ce \u00e0 partir du 13\u00a0juin 2022, aux personnes qui n&rsquo;ont pas obtenu de r\u00e9ponse positive dans les 15\u00a0jours suivant leur demande d&rsquo;ouverture de compte bancaire de s&rsquo;adresser directement \u00e0 la Banque de France. <\/span><\/p>\n<h3><strong><span style=\"font-family: Calibri, sans-serif; font-size: 12pt;\">Bien-\u00eatre animal<\/span><\/strong><\/h3>\n<ul>\n<li><strong><span style=\"font-family: Calibri, sans-serif;\">Nouvelle \u00e9tape pour mettre fin \u00e0 l&rsquo;\u00e9limination des poussins m\u00e2les<\/span><\/strong><\/li>\n<\/ul>\n<p><span style=\"font-family: Calibri, sans-serif;\">\u00c0 la suite du d\u00e9cret publi\u00e9 le 6 f\u00e9vrier 2022 au Journal officiel, la France met fin au broyage des poussins m\u00e2les dans les fili\u00e8res d\u2019\u00e9levage de poules destin\u00e9es \u00e0 la production d\u2019\u0153ufs. Si d\u00e8s le 1er mars 2022 les couvoirs devaient justifier leurs commandes de mat\u00e9riel d\u2019ovosexage, \u00e0 partir du 1er juin 2022 les couvoirs devront justifier de l\u2019engagement des travaux. La prochaine \u00e9tape est pr\u00e9vue pour le 31 d\u00e9cembre 2022, date \u00e0 laquelle tous les couvoirs devront \u00eatre \u00e9quip\u00e9s et les mat\u00e9riels op\u00e9rationnels pour traiter la production concern\u00e9e.<\/span><\/p>\n","protected":false},"excerpt":{"rendered":"<p>Voici ce qui change \u00e0 partir de ce mercredi 1er juin 2022 en France\u00a0:<\/p>\n","protected":false},"author":44,"featured_media":53885,"comment_status":"open","ping_status":"open","sticky":false,"template":"","format":"standard","meta":{"footnotes":""},"categories":[460,13,18],"tags":[11544],"class_list":["post-53884","post","type-post","status-publish","format-standard","has-post-thumbnail","hentry","category-a-la-une","category-societe","category-vosges","tag-ce-qui-change-au-1er-juin-2022"],"acf":[],"yoast_head":"<!-- This site is optimized with the Yoast SEO plugin v22.5 - https:\/\/yoast.com\/wordpress\/plugins\/seo\/ -->\n<title>Ce qui change au 1er juin 2022 - Saint Die Info<\/title>\n<meta name=\"robots\" content=\"index, follow, max-snippet:-1, max-image-preview:large, max-video-preview:-1\" \/>\n<link rel=\"canonical\" href=\"https:\/\/vosgesinfo.fr\/saintdieinfo\/2022\/06\/change-1er-juin-2022\/\" \/>\n<meta name=\"twitter:card\" content=\"summary_large_image\" \/>\n<meta name=\"twitter:title\" content=\"Ce qui change au 1er juin 2022 - Saint Die Info\" \/>\n<meta name=\"twitter:description\" content=\"Voici ce qui change \u00e0 partir de ce mercredi 1er juin 2022 en France\u00a0:\" \/>\n<meta name=\"twitter:image\" content=\"https:\/\/vosgesinfo.fr\/app\/uploads\/sites\/4\/2024\/08\/20220601062022.png\" \/>\n<meta name=\"twitter:creator\" content=\"@VosgesInfo88\" \/>\n<meta name=\"twitter:site\" content=\"@VosgesInfo88\" \/>\n<meta name=\"twitter:label1\" content=\"\u00c9crit par\" \/>\n\t<meta name=\"twitter:data1\" content=\"la r\u00e9daction\" \/>\n\t<meta name=\"twitter:label2\" content=\"Dur\u00e9e de lecture estim\u00e9e\" \/>\n\t<meta name=\"twitter:data2\" content=\"3 minutes\" \/>\n<script type=\"application\/ld+json\" class=\"yoast-schema-graph\">{\"@context\":\"https:\/\/schema.org\",\"@graph\":[{\"@type\":\"Article\",\"@id\":\"https:\/\/vosgesinfo.fr\/saintdieinfo\/2022\/06\/change-1er-juin-2022\/#article\",\"isPartOf\":{\"@id\":\"https:\/\/vosgesinfo.fr\/saintdieinfo\/2022\/06\/change-1er-juin-2022\/\"},\"author\":{\"name\":\"la r\u00e9daction\",\"@id\":\"https:\/\/vosgesinfo.fr\/saintdieinfo\/#\/schema\/person\/faee6704a21f3977511db84bd1cd450f\"},\"headline\":\"Ce qui change au 1er juin 2022\",\"datePublished\":\"2022-06-01T08:52:54+00:00\",\"dateModified\":\"2022-06-01T08:52:54+00:00\",\"mainEntityOfPage\":{\"@id\":\"https:\/\/vosgesinfo.fr\/saintdieinfo\/2022\/06\/change-1er-juin-2022\/\"},\"wordCount\":673,\"commentCount\":0,\"publisher\":{\"@id\":\"https:\/\/vosgesinfo.fr\/saintdieinfo\/#organization\"},\"image\":{\"@id\":\"https:\/\/vosgesinfo.fr\/saintdieinfo\/2022\/06\/change-1er-juin-2022\/#primaryimage\"},\"thumbnailUrl\":\"https:\/\/vosgesinfo.fr\/app\/uploads\/sites\/4\/2024\/08\/20220601062022.png\",\"keywords\":[\"Ce qui change au 1er juin 2022\"],\"articleSection\":[\"A la Une\",\"Soci\u00e9t\u00e9\",\"Vosges\"],\"inLanguage\":\"fr-FR\",\"potentialAction\":[{\"@type\":\"CommentAction\",\"name\":\"Comment\",\"target\":[\"https:\/\/vosgesinfo.fr\/saintdieinfo\/2022\/06\/change-1er-juin-2022\/#respond\"]}]},{\"@type\":\"WebPage\",\"@id\":\"https:\/\/vosgesinfo.fr\/saintdieinfo\/2022\/06\/change-1er-juin-2022\/\",\"url\":\"https:\/\/vosgesinfo.fr\/saintdieinfo\/2022\/06\/change-1er-juin-2022\/\",\"name\":\"Ce qui change au 1er juin 2022 - Saint Die Info\",\"isPartOf\":{\"@id\":\"https:\/\/vosgesinfo.fr\/saintdieinfo\/#website\"},\"primaryImageOfPage\":{\"@id\":\"https:\/\/vosgesinfo.fr\/saintdieinfo\/2022\/06\/change-1er-juin-2022\/#primaryimage\"},\"image\":{\"@id\":\"https:\/\/vosgesinfo.fr\/saintdieinfo\/2022\/06\/change-1er-juin-2022\/#primaryimage\"},\"thumbnailUrl\":\"https:\/\/vosgesinfo.fr\/app\/uploads\/sites\/4\/2024\/08\/20220601062022.png\",\"datePublished\":\"2022-06-01T08:52:54+00:00\",\"dateModified\":\"2022-06-01T08:52:54+00:00\",\"breadcrumb\":{\"@id\":\"https:\/\/vosgesinfo.fr\/saintdieinfo\/2022\/06\/change-1er-juin-2022\/#breadcrumb\"},\"inLanguage\":\"fr-FR\",\"potentialAction\":[{\"@type\":\"ReadAction\",\"target\":[\"https:\/\/vosgesinfo.fr\/saintdieinfo\/2022\/06\/change-1er-juin-2022\/\"]}]},{\"@type\":\"ImageObject\",\"inLanguage\":\"fr-FR\",\"@id\":\"https:\/\/vosgesinfo.fr\/saintdieinfo\/2022\/06\/change-1er-juin-2022\/#primaryimage\",\"url\":\"https:\/\/vosgesinfo.fr\/app\/uploads\/sites\/4\/2024\/08\/20220601062022.png\",\"contentUrl\":\"https:\/\/vosgesinfo.fr\/app\/uploads\/sites\/4\/2024\/08\/20220601062022.png\",\"width\":1440,\"height\":808},{\"@type\":\"BreadcrumbList\",\"@id\":\"https:\/\/vosgesinfo.fr\/saintdieinfo\/2022\/06\/change-1er-juin-2022\/#breadcrumb\",\"itemListElement\":[{\"@type\":\"ListItem\",\"position\":1,\"name\":\"Home\",\"item\":\"https:\/\/vosgesinfo.fr\/saintdieinfo\/\"},{\"@type\":\"ListItem\",\"position\":2,\"name\":\"Ce qui change au 1er juin 2022\"}]},{\"@type\":\"WebSite\",\"@id\":\"https:\/\/vosgesinfo.fr\/saintdieinfo\/#website\",\"url\":\"https:\/\/vosgesinfo.fr\/saintdieinfo\/\",\"name\":\"Saint Die Info\",\"description\":\"Toute l&#039;actualit\u00e9 de Saint-Di\u00e9-Des-Vosges\",\"publisher\":{\"@id\":\"https:\/\/vosgesinfo.fr\/saintdieinfo\/#organization\"},\"alternateName\":\"Toute l'actualit\u00e9 de Saint-Di\u00e9-Des-Vosges\",\"potentialAction\":[{\"@type\":\"SearchAction\",\"target\":{\"@type\":\"EntryPoint\",\"urlTemplate\":\"https:\/\/vosgesinfo.fr\/saintdieinfo\/?s={search_term_string}\"},\"query-input\":\"required name=search_term_string\"}],\"inLanguage\":\"fr-FR\"},{\"@type\":\"Organization\",\"@id\":\"https:\/\/vosgesinfo.fr\/saintdieinfo\/#organization\",\"name\":\"Saint Die Info\",\"url\":\"https:\/\/vosgesinfo.fr\/saintdieinfo\/\",\"logo\":{\"@type\":\"ImageObject\",\"inLanguage\":\"fr-FR\",\"@id\":\"https:\/\/vosgesinfo.fr\/saintdieinfo\/#\/schema\/logo\/image\/\",\"url\":\"https:\/\/vosgesinfo.fr\/app\/uploads\/sites\/4\/2024\/02\/logo-sdi.jpg\",\"contentUrl\":\"https:\/\/vosgesinfo.fr\/app\/uploads\/sites\/4\/2024\/02\/logo-sdi.jpg\",\"width\":600,\"height\":600,\"caption\":\"Saint Die Info\"},\"image\":{\"@id\":\"https:\/\/vosgesinfo.fr\/saintdieinfo\/#\/schema\/logo\/image\/\"},\"sameAs\":[\"https:\/\/www.facebook.com\/Saintdieinfofr\",\"https:\/\/x.com\/VosgesInfo88\",\"https:\/\/www.youtube.com\/@vosgesinfo\"]},{\"@type\":\"Person\",\"@id\":\"https:\/\/vosgesinfo.fr\/saintdieinfo\/#\/schema\/person\/faee6704a21f3977511db84bd1cd450f\",\"name\":\"la r\u00e9daction\",\"image\":{\"@type\":\"ImageObject\",\"inLanguage\":\"fr-FR\",\"@id\":\"https:\/\/vosgesinfo.fr\/saintdieinfo\/#\/schema\/person\/image\/\",\"url\":\"https:\/\/secure.gravatar.com\/avatar\/6673d8bc6a9c17fa9a453eaa3448de834fa308c2ec9635b7aa99441a7c8d2cf6?s=96&d=mm&r=g\",\"contentUrl\":\"https:\/\/secure.gravatar.com\/avatar\/6673d8bc6a9c17fa9a453eaa3448de834fa308c2ec9635b7aa99441a7c8d2cf6?s=96&d=mm&r=g\",\"caption\":\"la r\u00e9daction\"},\"url\":\"https:\/\/vosgesinfo.fr\/saintdieinfo\/author\/redac\/\"}]}<\/script>\n<!-- \/ Yoast SEO plugin. -->","yoast_head_json":{"title":"Ce qui change au 1er juin 2022 - Saint Die Info","robots":{"index":"index","follow":"follow","max-snippet":"max-snippet:-1","max-image-preview":"max-image-preview:large","max-video-preview":"max-video-preview:-1"},"canonical":"https:\/\/vosgesinfo.fr\/saintdieinfo\/2022\/06\/change-1er-juin-2022\/","twitter_card":"summary_large_image","twitter_title":"Ce qui change au 1er juin 2022 - Saint Die Info","twitter_description":"Voici ce qui change \u00e0 partir de ce mercredi 1er juin 2022 en France\u00a0:","twitter_image":"https:\/\/vosgesinfo.fr\/app\/uploads\/sites\/4\/2024\/08\/20220601062022.png","twitter_creator":"@VosgesInfo88","twitter_site":"@VosgesInfo88","twitter_misc":{"\u00c9crit par":"la r\u00e9daction","Dur\u00e9e de lecture estim\u00e9e":"3 minutes"},"schema":{"@context":"https:\/\/schema.org","@graph":[{"@type":"Article","@id":"https:\/\/vosgesinfo.fr\/saintdieinfo\/2022\/06\/change-1er-juin-2022\/#article","isPartOf":{"@id":"https:\/\/vosgesinfo.fr\/saintdieinfo\/2022\/06\/change-1er-juin-2022\/"},"author":{"name":"la r\u00e9daction","@id":"https:\/\/vosgesinfo.fr\/saintdieinfo\/#\/schema\/person\/faee6704a21f3977511db84bd1cd450f"},"headline":"Ce qui change au 1er juin 2022","datePublished":"2022-06-01T08:52:54+00:00","dateModified":"2022-06-01T08:52:54+00:00","mainEntityOfPage":{"@id":"https:\/\/vosgesinfo.fr\/saintdieinfo\/2022\/06\/change-1er-juin-2022\/"},"wordCount":673,"commentCount":0,"publisher":{"@id":"https:\/\/vosgesinfo.fr\/saintdieinfo\/#organization"},"image":{"@id":"https:\/\/vosgesinfo.fr\/saintdieinfo\/2022\/06\/change-1er-juin-2022\/#primaryimage"},"thumbnailUrl":"https:\/\/vosgesinfo.fr\/app\/uploads\/sites\/4\/2024\/08\/20220601062022.png","keywords":["Ce qui change au 1er juin 2022"],"articleSection":["A la Une","Soci\u00e9t\u00e9","Vosges"],"inLanguage":"fr-FR","potentialAction":[{"@type":"CommentAction","name":"Comment","target":["https:\/\/vosgesinfo.fr\/saintdieinfo\/2022\/06\/change-1er-juin-2022\/#respond"]}]},{"@type":"WebPage","@id":"https:\/\/vosgesinfo.fr\/saintdieinfo\/2022\/06\/change-1er-juin-2022\/","url":"https:\/\/vosgesinfo.fr\/saintdieinfo\/2022\/06\/change-1er-juin-2022\/","name":"Ce qui change au 1er juin 2022 - Saint Die Info","isPartOf":{"@id":"https:\/\/vosgesinfo.fr\/saintdieinfo\/#website"},"primaryImageOfPage":{"@id":"https:\/\/vosgesinfo.fr\/saintdieinfo\/2022\/06\/change-1er-juin-2022\/#primaryimage"},"image":{"@id":"https:\/\/vosgesinfo.fr\/saintdieinfo\/2022\/06\/change-1er-juin-2022\/#primaryimage"},"thumbnailUrl":"https:\/\/vosgesinfo.fr\/app\/uploads\/sites\/4\/2024\/08\/20220601062022.png","datePublished":"2022-06-01T08:52:54+00:00","dateModified":"2022-06-01T08:52:54+00:00","breadcrumb":{"@id":"https:\/\/vosgesinfo.fr\/saintdieinfo\/2022\/06\/change-1er-juin-2022\/#breadcrumb"},"inLanguage":"fr-FR","potentialAction":[{"@type":"ReadAction","target":["https:\/\/vosgesinfo.fr\/saintdieinfo\/2022\/06\/change-1er-juin-2022\/"]}]},{"@type":"ImageObject","inLanguage":"fr-FR","@id":"https:\/\/vosgesinfo.fr\/saintdieinfo\/2022\/06\/change-1er-juin-2022\/#primaryimage","url":"https:\/\/vosgesinfo.fr\/app\/uploads\/sites\/4\/2024\/08\/20220601062022.png","contentUrl":"https:\/\/vosgesinfo.fr\/app\/uploads\/sites\/4\/2024\/08\/20220601062022.png","width":1440,"height":808},{"@type":"BreadcrumbList","@id":"https:\/\/vosgesinfo.fr\/saintdieinfo\/2022\/06\/change-1er-juin-2022\/#breadcrumb","itemListElement":[{"@type":"ListItem","position":1,"name":"Home","item":"https:\/\/vosgesinfo.fr\/saintdieinfo\/"},{"@type":"ListItem","position":2,"name":"Ce qui change au 1er juin 2022"}]},{"@type":"WebSite","@id":"https:\/\/vosgesinfo.fr\/saintdieinfo\/#website","url":"https:\/\/vosgesinfo.fr\/saintdieinfo\/","name":"Saint Die Info","description":"Toute l&#039;actualit\u00e9 de Saint-Di\u00e9-Des-Vosges","publisher":{"@id":"https:\/\/vosgesinfo.fr\/saintdieinfo\/#organization"},"alternateName":"Toute l'actualit\u00e9 de Saint-Di\u00e9-Des-Vosges","potentialAction":[{"@type":"SearchAction","target":{"@type":"EntryPoint","urlTemplate":"https:\/\/vosgesinfo.fr\/saintdieinfo\/?s={search_term_string}"},"query-input":"required name=search_term_string"}],"inLanguage":"fr-FR"},{"@type":"Organization","@id":"https:\/\/vosgesinfo.fr\/saintdieinfo\/#organization","name":"Saint Die Info","url":"https:\/\/vosgesinfo.fr\/saintdieinfo\/","logo":{"@type":"ImageObject","inLanguage":"fr-FR","@id":"https:\/\/vosgesinfo.fr\/saintdieinfo\/#\/schema\/logo\/image\/","url":"https:\/\/vosgesinfo.fr\/app\/uploads\/sites\/4\/2024\/02\/logo-sdi.jpg","contentUrl":"https:\/\/vosgesinfo.fr\/app\/uploads\/sites\/4\/2024\/02\/logo-sdi.jpg","width":600,"height":600,"caption":"Saint Die Info"},"image":{"@id":"https:\/\/vosgesinfo.fr\/saintdieinfo\/#\/schema\/logo\/image\/"},"sameAs":["https:\/\/www.facebook.com\/Saintdieinfofr","https:\/\/x.com\/VosgesInfo88","https:\/\/www.youtube.com\/@vosgesinfo"]},{"@type":"Person","@id":"https:\/\/vosgesinfo.fr\/saintdieinfo\/#\/schema\/person\/faee6704a21f3977511db84bd1cd450f","name":"la r\u00e9daction","image":{"@type":"ImageObject","inLanguage":"fr-FR","@id":"https:\/\/vosgesinfo.fr\/saintdieinfo\/#\/schema\/person\/image\/","url":"https:\/\/secure.gravatar.com\/avatar\/6673d8bc6a9c17fa9a453eaa3448de834fa308c2ec9635b7aa99441a7c8d2cf6?s=96&d=mm&r=g","contentUrl":"https:\/\/secure.gravatar.com\/avatar\/6673d8bc6a9c17fa9a453eaa3448de834fa308c2ec9635b7aa99441a7c8d2cf6?s=96&d=mm&r=g","caption":"la r\u00e9daction"},"url":"https:\/\/vosgesinfo.fr\/saintdieinfo\/author\/redac\/"}]}},"_links":{"self":[{"href":"https:\/\/vosgesinfo.fr\/saintdieinfo\/wp-json\/wp\/v2\/posts\/53884","targetHints":{"allow":["GET"]}}],"collection":[{"href":"https:\/\/vosgesinfo.fr\/saintdieinfo\/wp-json\/wp\/v2\/posts"}],"about":[{"href":"https:\/\/vosgesinfo.fr\/saintdieinfo\/wp-json\/wp\/v2\/types\/post"}],"author":[{"embeddable":true,"href":"https:\/\/vosgesinfo.fr\/saintdieinfo\/wp-json\/wp\/v2\/users\/44"}],"replies":[{"embeddable":true,"href":"https:\/\/vosgesinfo.fr\/saintdieinfo\/wp-json\/wp\/v2\/comments?post=53884"}],"version-history":[{"count":0,"href":"https:\/\/vosgesinfo.fr\/saintdieinfo\/wp-json\/wp\/v2\/posts\/53884\/revisions"}],"wp:featuredmedia":[{"embeddable":true,"href":"https:\/\/vosgesinfo.fr\/saintdieinfo\/wp-json\/wp\/v2\/media\/53885"}],"wp:attachment":[{"href":"https:\/\/vosgesinfo.fr\/saintdieinfo\/wp-json\/wp\/v2\/media?parent=53884"}],"wp:term":[{"taxonomy":"category","embeddable":true,"href":"https:\/\/vosgesinfo.fr\/saintdieinfo\/wp-json\/wp\/v2\/categories?post=53884"},{"taxonomy":"post_tag","embeddable":true,"href":"https:\/\/vosgesinfo.fr\/saintdieinfo\/wp-json\/wp\/v2\/tags?post=53884"}],"curies":[{"name":"wp","href":"https:\/\/api.w.org\/{rel}","templated":true}]}}