{"id":53890,"date":"2022-06-01T13:40:14","date_gmt":"2022-06-01T11:40:14","guid":{"rendered":"https:\/\/vosgesinfo.fr\/saintdieinfo\/2022\/06\/livrodrome-festival-partir-livre-bientot-de-retour-a-saint-die-vosges\/"},"modified":"2022-06-01T13:40:14","modified_gmt":"2022-06-01T11:40:14","slug":"livrodrome-festival-partir-livre-bientot-de-retour-a-saint-die-vosges","status":"publish","type":"post","link":"https:\/\/vosgesinfo.fr\/saintdieinfo\/2022\/06\/livrodrome-festival-partir-livre-bientot-de-retour-a-saint-die-vosges\/","title":{"rendered":"Le Livrodrome du festival \u00ab\u00a0Partir en livre\u00a0\u00bb bient\u00f4t de retour \u00e0 Saint-Di\u00e9-des-Vosges"},"content":{"rendered":"<div id=\"attachment_124482\" style=\"width: 1010px\" class=\"wp-caption aligncenter\"><a href=\"\/2018\/07\/Livrodrome-12.jpg\" target=\"_blank\" rel=\"noopener\"><img decoding=\"async\" aria-describedby=\"caption-attachment-124482\" class=\"wp-image-124482 size-full\" src=\"\/2018\/07\/Livrodrome-12.jpg\" alt=\"Livrodrome (12)\" width=\"1000\" height=\"667\" \/><\/a><p id=\"caption-attachment-124482\" class=\"wp-caption-text\">(Archive)<\/p><\/div>\n<h2><strong><span style=\"font-size: 14pt;\">Le Livrodrome du festival national \u00ab\u00a0Partir en livre\u00a0\u00bb, organis\u00e9 par le Centre National du Livre \u2013 CNL \u2013 est un v\u00e9ritable parc d&rsquo;attraction litt\u00e9raire, \u00e9ph\u00e9m\u00e8re, itin\u00e9rant et gratuit. Il sera bient\u00f4t de retour \u00e0 Saint-Di\u00e9-des-Vosges, plus pr\u00e9cis\u00e9ment le lundi 27 juin au parc Jean-Mansuy.<\/span><\/strong><\/h2>\n<p><!--more--><\/p>\n<p>Pour sa d\u00e9clinaison 2022, le Livrodrome rassemble 16 attractions litt\u00e9raires, ludiques, spectaculaires, participatives et multim\u00e9dia. Au programme, et en continu de 9h \u00e0 18h\u00a0: BD en r\u00e9alit\u00e9 virtuelle, tatouages Moli\u00e8re, blind test, cabine d&rsquo;ordonnances litt\u00e9raires, laboratoire interactif de cr\u00e9ation BD, karaok\u00e9 litt\u00e9raire, podcast, chroniques booktube, radio live, escape game, laboratoire d&rsquo;impression typographique, jukebox litt\u00e9raire, futuroland, tir-livre, pop-up Le Corbusier, bande d\u00e9fil\u00e9e num\u00e9rique, biblioth\u00e8que suspendue&#8230; le tout en pr\u00e9sence de Esm\u00e9 Planchon, Erik L&rsquo;Homme, Violaine Leroy, Jimmy Blin, Diariata N&rsquo;Diaye, Nicolas Debon, Renaud Marlier, Emilie Thieuleux, L&rsquo;Imprimerie B\u00e2tard, S\u00e9raphine P\u00e9ronnelle, Philippe Morlot, St\u00e9phane Escoms, Pierre Cattan et Rostaim Yavari.<\/p>\n<p>De plus, de nombreux cadeaux et ch\u00e8ques-lire seront \u00e0 gagner ce jour-l\u00e0, sachant qu&rsquo;il sera \u00e9galement possible de devenir animateur de la radio associative RCM, mais aussi de participer \u00e0 des ateliers d&rsquo;\u00e9criture, de BD et de d\u00e9couverte des m\u00e9tiers du livre. Dans tous les cas, pour la radio comme pour les ateliers, une inscription pr\u00e9alable est demand\u00e9e, en envoyant un courriel \u00e0 partir du 7 juin \u00e0 l&rsquo;adresse <strong><a href=\"mailto:flore.leguillard@livrodrome.com\" target=\"_blank\" rel=\"noopener\">flore.leguillard@livrodrome.com<\/a><\/strong>.<\/p>\n<p>J.J.<\/p>\n<p><a href=\"\/2022\/06\/Livrodrome_2022.jpg\" target=\"_blank\" rel=\"noopener\"><img decoding=\"async\" class=\"aligncenter wp-image-184388 size-large\" src=\"\/2022\/06\/Livrodrome_2022-749x1024.jpg\" alt=\"Livrodrome_2022\" width=\"749\" height=\"1024\" \/><\/a><\/p>\n","protected":false},"excerpt":{"rendered":"<p>Le Livrodrome du festival national \u00ab\u00a0Partir en livre\u00a0\u00bb, organis\u00e9 par le Centre National du Livre \u2013 CNL \u2013 est un [&hellip;]<\/p>\n","protected":false},"author":44,"featured_media":53891,"comment_status":"open","ping_status":"open","sticky":false,"template":"","format":"standard","meta":{"footnotes":""},"categories":[460,7847,3532,8090,20,2915],"tags":[6527,11546,3095,6528],"class_list":["post-53890","post","type-post","status-publish","format-standard","has-post-thumbnail","hentry","category-a-la-une","category-art-culture","category-enfants","category-litterature","category-loisirs","category-saint-die-son-canton","tag-centre-national-du-livre","tag-livrodrome","tag-parc-jean-mansuy","tag-partir-en-livre"],"acf":[],"yoast_head":"<!-- This site is optimized with the Yoast SEO plugin v22.5 - https:\/\/yoast.com\/wordpress\/plugins\/seo\/ -->\n<title>Le Livrodrome du festival \u00ab\u00a0Partir en livre\u00a0\u00bb bient\u00f4t de retour \u00e0 Saint-Di\u00e9-des-Vosges - Saint Die Info<\/title>\n<meta name=\"robots\" content=\"index, follow, max-snippet:-1, max-image-preview:large, max-video-preview:-1\" \/>\n<link rel=\"canonical\" href=\"https:\/\/vosgesinfo.fr\/saintdieinfo\/2022\/06\/livrodrome-festival-partir-livre-bientot-de-retour-a-saint-die-vosges\/\" \/>\n<meta name=\"twitter:card\" content=\"summary_large_image\" \/>\n<meta name=\"twitter:title\" content=\"Le Livrodrome du festival \u00ab\u00a0Partir en livre\u00a0\u00bb bient\u00f4t de retour \u00e0 Saint-Di\u00e9-des-Vosges - Saint Die Info\" \/>\n<meta name=\"twitter:description\" content=\"Le Livrodrome du festival national \u00ab\u00a0Partir en livre\u00a0\u00bb, organis\u00e9 par le Centre National du Livre \u2013 CNL \u2013 est un [&hellip;]\" \/>\n<meta name=\"twitter:image\" content=\"https:\/\/vosgesinfo.fr\/app\/uploads\/sites\/4\/2024\/08\/201807livrodrome-12.jpg\" \/>\n<meta name=\"twitter:creator\" content=\"@VosgesInfo88\" \/>\n<meta name=\"twitter:site\" content=\"@VosgesInfo88\" \/>\n<meta name=\"twitter:label1\" content=\"\u00c9crit par\" \/>\n\t<meta name=\"twitter:data1\" content=\"la r\u00e9daction\" \/>\n\t<meta name=\"twitter:label2\" content=\"Dur\u00e9e de lecture estim\u00e9e\" \/>\n\t<meta name=\"twitter:data2\" content=\"1 minute\" \/>\n<script type=\"application\/ld+json\" class=\"yoast-schema-graph\">{\"@context\":\"https:\/\/schema.org\",\"@graph\":[{\"@type\":\"Article\",\"@id\":\"https:\/\/vosgesinfo.fr\/saintdieinfo\/2022\/06\/livrodrome-festival-partir-livre-bientot-de-retour-a-saint-die-vosges\/#article\",\"isPartOf\":{\"@id\":\"https:\/\/vosgesinfo.fr\/saintdieinfo\/2022\/06\/livrodrome-festival-partir-livre-bientot-de-retour-a-saint-die-vosges\/\"},\"author\":{\"name\":\"la r\u00e9daction\",\"@id\":\"https:\/\/vosgesinfo.fr\/saintdieinfo\/#\/schema\/person\/faee6704a21f3977511db84bd1cd450f\"},\"headline\":\"Le Livrodrome du festival \u00ab\u00a0Partir en livre\u00a0\u00bb bient\u00f4t de retour \u00e0 Saint-Di\u00e9-des-Vosges\",\"datePublished\":\"2022-06-01T11:40:14+00:00\",\"dateModified\":\"2022-06-01T11:40:14+00:00\",\"mainEntityOfPage\":{\"@id\":\"https:\/\/vosgesinfo.fr\/saintdieinfo\/2022\/06\/livrodrome-festival-partir-livre-bientot-de-retour-a-saint-die-vosges\/\"},\"wordCount\":267,\"commentCount\":0,\"publisher\":{\"@id\":\"https:\/\/vosgesinfo.fr\/saintdieinfo\/#organization\"},\"image\":{\"@id\":\"https:\/\/vosgesinfo.fr\/saintdieinfo\/2022\/06\/livrodrome-festival-partir-livre-bientot-de-retour-a-saint-die-vosges\/#primaryimage\"},\"thumbnailUrl\":\"https:\/\/vosgesinfo.fr\/app\/uploads\/sites\/4\/2024\/08\/201807livrodrome-12.jpg\",\"keywords\":[\"Centre National du Livre\",\"Livrodrome\",\"Parc Jean-Mansuy\",\"Partir en Livre\"],\"articleSection\":[\"A la Une\",\"Culture\",\"Enfants\",\"Litt\u00e9rature\",\"Loisirs\",\"Saint-Di\u00e9-des-Vosges et son Agglom\u00e9ration\"],\"inLanguage\":\"fr-FR\",\"potentialAction\":[{\"@type\":\"CommentAction\",\"name\":\"Comment\",\"target\":[\"https:\/\/vosgesinfo.fr\/saintdieinfo\/2022\/06\/livrodrome-festival-partir-livre-bientot-de-retour-a-saint-die-vosges\/#respond\"]}]},{\"@type\":\"WebPage\",\"@id\":\"https:\/\/vosgesinfo.fr\/saintdieinfo\/2022\/06\/livrodrome-festival-partir-livre-bientot-de-retour-a-saint-die-vosges\/\",\"url\":\"https:\/\/vosgesinfo.fr\/saintdieinfo\/2022\/06\/livrodrome-festival-partir-livre-bientot-de-retour-a-saint-die-vosges\/\",\"name\":\"Le Livrodrome du festival \u00ab\u00a0Partir en livre\u00a0\u00bb bient\u00f4t de retour \u00e0 Saint-Di\u00e9-des-Vosges - Saint Die Info\",\"isPartOf\":{\"@id\":\"https:\/\/vosgesinfo.fr\/saintdieinfo\/#website\"},\"primaryImageOfPage\":{\"@id\":\"https:\/\/vosgesinfo.fr\/saintdieinfo\/2022\/06\/livrodrome-festival-partir-livre-bientot-de-retour-a-saint-die-vosges\/#primaryimage\"},\"image\":{\"@id\":\"https:\/\/vosgesinfo.fr\/saintdieinfo\/2022\/06\/livrodrome-festival-partir-livre-bientot-de-retour-a-saint-die-vosges\/#primaryimage\"},\"thumbnailUrl\":\"https:\/\/vosgesinfo.fr\/app\/uploads\/sites\/4\/2024\/08\/201807livrodrome-12.jpg\",\"datePublished\":\"2022-06-01T11:40:14+00:00\",\"dateModified\":\"2022-06-01T11:40:14+00:00\",\"breadcrumb\":{\"@id\":\"https:\/\/vosgesinfo.fr\/saintdieinfo\/2022\/06\/livrodrome-festival-partir-livre-bientot-de-retour-a-saint-die-vosges\/#breadcrumb\"},\"inLanguage\":\"fr-FR\",\"potentialAction\":[{\"@type\":\"ReadAction\",\"target\":[\"https:\/\/vosgesinfo.fr\/saintdieinfo\/2022\/06\/livrodrome-festival-partir-livre-bientot-de-retour-a-saint-die-vosges\/\"]}]},{\"@type\":\"ImageObject\",\"inLanguage\":\"fr-FR\",\"@id\":\"https:\/\/vosgesinfo.fr\/saintdieinfo\/2022\/06\/livrodrome-festival-partir-livre-bientot-de-retour-a-saint-die-vosges\/#primaryimage\",\"url\":\"https:\/\/vosgesinfo.fr\/app\/uploads\/sites\/4\/2024\/08\/201807livrodrome-12.jpg\",\"contentUrl\":\"https:\/\/vosgesinfo.fr\/app\/uploads\/sites\/4\/2024\/08\/201807livrodrome-12.jpg\",\"width\":1000,\"height\":667},{\"@type\":\"BreadcrumbList\",\"@id\":\"https:\/\/vosgesinfo.fr\/saintdieinfo\/2022\/06\/livrodrome-festival-partir-livre-bientot-de-retour-a-saint-die-vosges\/#breadcrumb\",\"itemListElement\":[{\"@type\":\"ListItem\",\"position\":1,\"name\":\"Home\",\"item\":\"https:\/\/vosgesinfo.fr\/saintdieinfo\/\"},{\"@type\":\"ListItem\",\"position\":2,\"name\":\"Le Livrodrome du festival \u00ab\u00a0Partir en livre\u00a0\u00bb bient\u00f4t de retour \u00e0 Saint-Di\u00e9-des-Vosges\"}]},{\"@type\":\"WebSite\",\"@id\":\"https:\/\/vosgesinfo.fr\/saintdieinfo\/#website\",\"url\":\"https:\/\/vosgesinfo.fr\/saintdieinfo\/\",\"name\":\"Saint Die Info\",\"description\":\"Toute l&#039;actualit\u00e9 de Saint-Di\u00e9-Des-Vosges\",\"publisher\":{\"@id\":\"https:\/\/vosgesinfo.fr\/saintdieinfo\/#organization\"},\"alternateName\":\"Toute l'actualit\u00e9 de Saint-Di\u00e9-Des-Vosges\",\"potentialAction\":[{\"@type\":\"SearchAction\",\"target\":{\"@type\":\"EntryPoint\",\"urlTemplate\":\"https:\/\/vosgesinfo.fr\/saintdieinfo\/?s={search_term_string}\"},\"query-input\":\"required name=search_term_string\"}],\"inLanguage\":\"fr-FR\"},{\"@type\":\"Organization\",\"@id\":\"https:\/\/vosgesinfo.fr\/saintdieinfo\/#organization\",\"name\":\"Saint Die Info\",\"url\":\"https:\/\/vosgesinfo.fr\/saintdieinfo\/\",\"logo\":{\"@type\":\"ImageObject\",\"inLanguage\":\"fr-FR\",\"@id\":\"https:\/\/vosgesinfo.fr\/saintdieinfo\/#\/schema\/logo\/image\/\",\"url\":\"https:\/\/vosgesinfo.fr\/app\/uploads\/sites\/4\/2024\/02\/logo-sdi.jpg\",\"contentUrl\":\"https:\/\/vosgesinfo.fr\/app\/uploads\/sites\/4\/2024\/02\/logo-sdi.jpg\",\"width\":600,\"height\":600,\"caption\":\"Saint Die Info\"},\"image\":{\"@id\":\"https:\/\/vosgesinfo.fr\/saintdieinfo\/#\/schema\/logo\/image\/\"},\"sameAs\":[\"https:\/\/www.facebook.com\/Saintdieinfofr\",\"https:\/\/x.com\/VosgesInfo88\",\"https:\/\/www.youtube.com\/@vosgesinfo\"]},{\"@type\":\"Person\",\"@id\":\"https:\/\/vosgesinfo.fr\/saintdieinfo\/#\/schema\/person\/faee6704a21f3977511db84bd1cd450f\",\"name\":\"la r\u00e9daction\",\"image\":{\"@type\":\"ImageObject\",\"inLanguage\":\"fr-FR\",\"@id\":\"https:\/\/vosgesinfo.fr\/saintdieinfo\/#\/schema\/person\/image\/\",\"url\":\"https:\/\/secure.gravatar.com\/avatar\/6673d8bc6a9c17fa9a453eaa3448de834fa308c2ec9635b7aa99441a7c8d2cf6?s=96&d=mm&r=g\",\"contentUrl\":\"https:\/\/secure.gravatar.com\/avatar\/6673d8bc6a9c17fa9a453eaa3448de834fa308c2ec9635b7aa99441a7c8d2cf6?s=96&d=mm&r=g\",\"caption\":\"la r\u00e9daction\"},\"url\":\"https:\/\/vosgesinfo.fr\/saintdieinfo\/author\/redac\/\"}]}<\/script>\n<!-- \/ Yoast SEO plugin. -->","yoast_head_json":{"title":"Le Livrodrome du festival \u00ab\u00a0Partir en livre\u00a0\u00bb bient\u00f4t de retour \u00e0 Saint-Di\u00e9-des-Vosges - Saint Die Info","robots":{"index":"index","follow":"follow","max-snippet":"max-snippet:-1","max-image-preview":"max-image-preview:large","max-video-preview":"max-video-preview:-1"},"canonical":"https:\/\/vosgesinfo.fr\/saintdieinfo\/2022\/06\/livrodrome-festival-partir-livre-bientot-de-retour-a-saint-die-vosges\/","twitter_card":"summary_large_image","twitter_title":"Le Livrodrome du festival \u00ab\u00a0Partir en livre\u00a0\u00bb bient\u00f4t de retour \u00e0 Saint-Di\u00e9-des-Vosges - Saint Die Info","twitter_description":"Le Livrodrome du festival national \u00ab\u00a0Partir en livre\u00a0\u00bb, organis\u00e9 par le Centre National du Livre \u2013 CNL \u2013 est un [&hellip;]","twitter_image":"https:\/\/vosgesinfo.fr\/app\/uploads\/sites\/4\/2024\/08\/201807livrodrome-12.jpg","twitter_creator":"@VosgesInfo88","twitter_site":"@VosgesInfo88","twitter_misc":{"\u00c9crit par":"la r\u00e9daction","Dur\u00e9e de lecture estim\u00e9e":"1 minute"},"schema":{"@context":"https:\/\/schema.org","@graph":[{"@type":"Article","@id":"https:\/\/vosgesinfo.fr\/saintdieinfo\/2022\/06\/livrodrome-festival-partir-livre-bientot-de-retour-a-saint-die-vosges\/#article","isPartOf":{"@id":"https:\/\/vosgesinfo.fr\/saintdieinfo\/2022\/06\/livrodrome-festival-partir-livre-bientot-de-retour-a-saint-die-vosges\/"},"author":{"name":"la r\u00e9daction","@id":"https:\/\/vosgesinfo.fr\/saintdieinfo\/#\/schema\/person\/faee6704a21f3977511db84bd1cd450f"},"headline":"Le Livrodrome du festival \u00ab\u00a0Partir en livre\u00a0\u00bb bient\u00f4t de retour \u00e0 Saint-Di\u00e9-des-Vosges","datePublished":"2022-06-01T11:40:14+00:00","dateModified":"2022-06-01T11:40:14+00:00","mainEntityOfPage":{"@id":"https:\/\/vosgesinfo.fr\/saintdieinfo\/2022\/06\/livrodrome-festival-partir-livre-bientot-de-retour-a-saint-die-vosges\/"},"wordCount":267,"commentCount":0,"publisher":{"@id":"https:\/\/vosgesinfo.fr\/saintdieinfo\/#organization"},"image":{"@id":"https:\/\/vosgesinfo.fr\/saintdieinfo\/2022\/06\/livrodrome-festival-partir-livre-bientot-de-retour-a-saint-die-vosges\/#primaryimage"},"thumbnailUrl":"https:\/\/vosgesinfo.fr\/app\/uploads\/sites\/4\/2024\/08\/201807livrodrome-12.jpg","keywords":["Centre National du Livre","Livrodrome","Parc Jean-Mansuy","Partir en Livre"],"articleSection":["A la Une","Culture","Enfants","Litt\u00e9rature","Loisirs","Saint-Di\u00e9-des-Vosges et son Agglom\u00e9ration"],"inLanguage":"fr-FR","potentialAction":[{"@type":"CommentAction","name":"Comment","target":["https:\/\/vosgesinfo.fr\/saintdieinfo\/2022\/06\/livrodrome-festival-partir-livre-bientot-de-retour-a-saint-die-vosges\/#respond"]}]},{"@type":"WebPage","@id":"https:\/\/vosgesinfo.fr\/saintdieinfo\/2022\/06\/livrodrome-festival-partir-livre-bientot-de-retour-a-saint-die-vosges\/","url":"https:\/\/vosgesinfo.fr\/saintdieinfo\/2022\/06\/livrodrome-festival-partir-livre-bientot-de-retour-a-saint-die-vosges\/","name":"Le Livrodrome du festival \u00ab\u00a0Partir en livre\u00a0\u00bb bient\u00f4t de retour \u00e0 Saint-Di\u00e9-des-Vosges - Saint Die Info","isPartOf":{"@id":"https:\/\/vosgesinfo.fr\/saintdieinfo\/#website"},"primaryImageOfPage":{"@id":"https:\/\/vosgesinfo.fr\/saintdieinfo\/2022\/06\/livrodrome-festival-partir-livre-bientot-de-retour-a-saint-die-vosges\/#primaryimage"},"image":{"@id":"https:\/\/vosgesinfo.fr\/saintdieinfo\/2022\/06\/livrodrome-festival-partir-livre-bientot-de-retour-a-saint-die-vosges\/#primaryimage"},"thumbnailUrl":"https:\/\/vosgesinfo.fr\/app\/uploads\/sites\/4\/2024\/08\/201807livrodrome-12.jpg","datePublished":"2022-06-01T11:40:14+00:00","dateModified":"2022-06-01T11:40:14+00:00","breadcrumb":{"@id":"https:\/\/vosgesinfo.fr\/saintdieinfo\/2022\/06\/livrodrome-festival-partir-livre-bientot-de-retour-a-saint-die-vosges\/#breadcrumb"},"inLanguage":"fr-FR","potentialAction":[{"@type":"ReadAction","target":["https:\/\/vosgesinfo.fr\/saintdieinfo\/2022\/06\/livrodrome-festival-partir-livre-bientot-de-retour-a-saint-die-vosges\/"]}]},{"@type":"ImageObject","inLanguage":"fr-FR","@id":"https:\/\/vosgesinfo.fr\/saintdieinfo\/2022\/06\/livrodrome-festival-partir-livre-bientot-de-retour-a-saint-die-vosges\/#primaryimage","url":"https:\/\/vosgesinfo.fr\/app\/uploads\/sites\/4\/2024\/08\/201807livrodrome-12.jpg","contentUrl":"https:\/\/vosgesinfo.fr\/app\/uploads\/sites\/4\/2024\/08\/201807livrodrome-12.jpg","width":1000,"height":667},{"@type":"BreadcrumbList","@id":"https:\/\/vosgesinfo.fr\/saintdieinfo\/2022\/06\/livrodrome-festival-partir-livre-bientot-de-retour-a-saint-die-vosges\/#breadcrumb","itemListElement":[{"@type":"ListItem","position":1,"name":"Home","item":"https:\/\/vosgesinfo.fr\/saintdieinfo\/"},{"@type":"ListItem","position":2,"name":"Le Livrodrome du festival \u00ab\u00a0Partir en livre\u00a0\u00bb bient\u00f4t de retour \u00e0 Saint-Di\u00e9-des-Vosges"}]},{"@type":"WebSite","@id":"https:\/\/vosgesinfo.fr\/saintdieinfo\/#website","url":"https:\/\/vosgesinfo.fr\/saintdieinfo\/","name":"Saint Die Info","description":"Toute l&#039;actualit\u00e9 de Saint-Di\u00e9-Des-Vosges","publisher":{"@id":"https:\/\/vosgesinfo.fr\/saintdieinfo\/#organization"},"alternateName":"Toute l'actualit\u00e9 de Saint-Di\u00e9-Des-Vosges","potentialAction":[{"@type":"SearchAction","target":{"@type":"EntryPoint","urlTemplate":"https:\/\/vosgesinfo.fr\/saintdieinfo\/?s={search_term_string}"},"query-input":"required name=search_term_string"}],"inLanguage":"fr-FR"},{"@type":"Organization","@id":"https:\/\/vosgesinfo.fr\/saintdieinfo\/#organization","name":"Saint Die Info","url":"https:\/\/vosgesinfo.fr\/saintdieinfo\/","logo":{"@type":"ImageObject","inLanguage":"fr-FR","@id":"https:\/\/vosgesinfo.fr\/saintdieinfo\/#\/schema\/logo\/image\/","url":"https:\/\/vosgesinfo.fr\/app\/uploads\/sites\/4\/2024\/02\/logo-sdi.jpg","contentUrl":"https:\/\/vosgesinfo.fr\/app\/uploads\/sites\/4\/2024\/02\/logo-sdi.jpg","width":600,"height":600,"caption":"Saint Die Info"},"image":{"@id":"https:\/\/vosgesinfo.fr\/saintdieinfo\/#\/schema\/logo\/image\/"},"sameAs":["https:\/\/www.facebook.com\/Saintdieinfofr","https:\/\/x.com\/VosgesInfo88","https:\/\/www.youtube.com\/@vosgesinfo"]},{"@type":"Person","@id":"https:\/\/vosgesinfo.fr\/saintdieinfo\/#\/schema\/person\/faee6704a21f3977511db84bd1cd450f","name":"la r\u00e9daction","image":{"@type":"ImageObject","inLanguage":"fr-FR","@id":"https:\/\/vosgesinfo.fr\/saintdieinfo\/#\/schema\/person\/image\/","url":"https:\/\/secure.gravatar.com\/avatar\/6673d8bc6a9c17fa9a453eaa3448de834fa308c2ec9635b7aa99441a7c8d2cf6?s=96&d=mm&r=g","contentUrl":"https:\/\/secure.gravatar.com\/avatar\/6673d8bc6a9c17fa9a453eaa3448de834fa308c2ec9635b7aa99441a7c8d2cf6?s=96&d=mm&r=g","caption":"la r\u00e9daction"},"url":"https:\/\/vosgesinfo.fr\/saintdieinfo\/author\/redac\/"}]}},"_links":{"self":[{"href":"https:\/\/vosgesinfo.fr\/saintdieinfo\/wp-json\/wp\/v2\/posts\/53890","targetHints":{"allow":["GET"]}}],"collection":[{"href":"https:\/\/vosgesinfo.fr\/saintdieinfo\/wp-json\/wp\/v2\/posts"}],"about":[{"href":"https:\/\/vosgesinfo.fr\/saintdieinfo\/wp-json\/wp\/v2\/types\/post"}],"author":[{"embeddable":true,"href":"https:\/\/vosgesinfo.fr\/saintdieinfo\/wp-json\/wp\/v2\/users\/44"}],"replies":[{"embeddable":true,"href":"https:\/\/vosgesinfo.fr\/saintdieinfo\/wp-json\/wp\/v2\/comments?post=53890"}],"version-history":[{"count":0,"href":"https:\/\/vosgesinfo.fr\/saintdieinfo\/wp-json\/wp\/v2\/posts\/53890\/revisions"}],"wp:featuredmedia":[{"embeddable":true,"href":"https:\/\/vosgesinfo.fr\/saintdieinfo\/wp-json\/wp\/v2\/media\/53891"}],"wp:attachment":[{"href":"https:\/\/vosgesinfo.fr\/saintdieinfo\/wp-json\/wp\/v2\/media?parent=53890"}],"wp:term":[{"taxonomy":"category","embeddable":true,"href":"https:\/\/vosgesinfo.fr\/saintdieinfo\/wp-json\/wp\/v2\/categories?post=53890"},{"taxonomy":"post_tag","embeddable":true,"href":"https:\/\/vosgesinfo.fr\/saintdieinfo\/wp-json\/wp\/v2\/tags?post=53890"}],"curies":[{"name":"wp","href":"https:\/\/api.w.org\/{rel}","templated":true}]}}