{"id":53897,"date":"2022-06-01T06:00:37","date_gmt":"2022-06-01T04:00:37","guid":{"rendered":"https:\/\/vosgesinfo.fr\/saintdieinfo\/2022\/06\/pret-immobilier-premieres-concretisations-de-lacces-facilite-a-lassurance-emprunteur\/"},"modified":"2022-06-01T06:00:37","modified_gmt":"2022-06-01T04:00:37","slug":"pret-immobilier-premieres-concretisations-de-lacces-facilite-a-lassurance-emprunteur","status":"publish","type":"post","link":"https:\/\/vosgesinfo.fr\/saintdieinfo\/2022\/06\/pret-immobilier-premieres-concretisations-de-lacces-facilite-a-lassurance-emprunteur\/","title":{"rendered":"Pr\u00eat immobilier : premi\u00e8res concr\u00e9tisations de l\u2019acc\u00e8s facilit\u00e9 \u00e0 l\u2019assurance emprunteur"},"content":{"rendered":"<h2><a href=\"\/2018\/01\/DG20141119-zoneeuro-10-gremillet.jpg\" target=\"_blank\" rel=\"noopener\"><img decoding=\"async\" class=\"aligncenter wp-image-115671 size-full\" src=\"\/2018\/01\/DG20141119-zoneeuro-10-gremillet.jpg\" alt=\"DG20141119-zoneeuro-10-gremillet\" width=\"640\" height=\"360\" \/><\/a><\/h2>\n<h2><strong><span style=\"font-size: 14pt;\">Daniel Gremillet, S\u00e9nateur des Vosges, se f\u00e9licite de l\u2019entr\u00e9e en vigueur, ce mercredi 1er juin, de la loi pour un acc\u00e8s plus juste, plus simple et plus transparent au march\u00e9 de l\u2019assurance emprunteur.<\/span><\/strong><\/h2>\n<p><!--more--><\/p>\n<p>Fin du questionnaire m\u00e9dical<\/p>\n<p>\u00ab C\u2019est une des avanc\u00e9es significatives de ce texte : la suppression du questionnaire m\u00e9dical pour les pr\u00eats dont la part assur\u00e9e par personne est inf\u00e9rieure \u00e0 200 000 euros et dont l\u2019\u00e9ch\u00e9ance arrive avant le 60\u00e8me anniversaire de l\u2019assur\u00e9 \u00bb, rappelle le S\u00e9nateur vosgien, Rapporteur au nom de la Commission des affaires \u00e9conomiques du S\u00e9nat de la proposition de loi dite de l\u2019assurance emprunteur adopt\u00e9e d\u00e9finitivement, par le S\u00e9nat, le 17 f\u00e9vrier 2022 et \u00e0 l\u2019initiative de cette \u00e9volution. \u00ab Concr\u00e8tement, \u00e0 compter d\u2019aujourd\u2019hui, l\u2019assur\u00e9 n\u2019est plus dans l\u2019obligation de fournir une quelconque information relative \u00e0 son \u00e9tat de sant\u00e9 ni de r\u00e9aliser aucun examen m\u00e9dical s\u2019il remplit ces deux conditions. L\u2019absence de questionnaire m\u00e9dical concerne uniquement les pr\u00eats immobiliers octroy\u00e9s \u00e0 des consommateurs pour l\u2019acquisition de biens \u00e0 usage d\u2019habitation et \u00e0 usage mixte habitation et professionnel \u00bb. Un d\u00e9cret pourra m\u00eame faire \u00e9voluer ces seuils mais uniquement dans un sens plus favorable \u00e0 l\u2019emprunteur.<\/p>\n<p>Rappelons que d\u00e8s sa promulgation, le 28 f\u00e9vrier 2022, cette loi a simplifi\u00e9 l\u2019acc\u00e8s au pr\u00eat immobilier pour les personnes ayant souffert d\u2019un cancer ou de l\u2019h\u00e9patite C. Le d\u00e9lai du droit \u00e0 l\u2019oubli pour les pathologies canc\u00e9reuses et l\u2019h\u00e9patite C est, dor\u00e9navant, r\u00e9duit de 10 \u00e0 5 ans. \u00ab Il \u00e9tait important pour moi de prendre en consid\u00e9ration des femmes et des hommes, dont je ne compte pas le nombre de t\u00e9moignages de remerciements, qui sont ou ont \u00e9t\u00e9 confront\u00e9s \u00e0 des probl\u00e8mes de sant\u00e9, notamment les plus jeunes. \u00bb<\/p>\n<p>Profiter d\u2019une offre concurrente moins ch\u00e8re et d\u2019une information renforc\u00e9e<\/p>\n<p>Par ailleurs, ce 1er juin, la ren\u00e9gociation de l\u2019assurance \u00e0 tout moment est ouverte pour les nouveaux cr\u00e9dits. Cette r\u00e9forme sera \u00e9tendue \u00e0 tous les cr\u00e9dits en cours \u00e0 partir du 1er septembre prochain. Les banques devront m\u00eame le rappeler chaque ann\u00e9e \u00e0 l\u2019emprunteur dans les deux mois qui pr\u00e9c\u00e8dent la date d\u2019\u00e9ch\u00e9ance de leur contrat. \u00ab J\u2019ai souhait\u00e9 am\u00e9liorer l\u2019information des emprunteurs sur leurs droits et soumettre les pr\u00eateurs \u00e0 de nouvelles obligations et sanctions, pour s\u2019assurer qu\u2019ils ne puissent plus entraver les demandes de r\u00e9siliation, de quelque mani\u00e8re que ce soit \u00bb.<\/p>\n<p>Et de conclure : \u00ab Il est, aujourd\u2019hui, indispensable de rappeler aux emprunteurs, face, trop souvent, \u00e0 une cotisation mensuelle, vers\u00e9e pour assurer leur cr\u00e9dit immobilier, qu\u2019ils peuvent \u00e9conomiser plusieurs milliers d\u2019euros sur la dur\u00e9e de leur cr\u00e9dit en faisant jouer la concurrence sur cette assurance \u00bb.<\/p>\n<p>Plus d\u2019informations : https:\/\/www.senat.fr\/dossier-legislatif\/ppl21-225.html<\/p>\n","protected":false},"excerpt":{"rendered":"<p>Daniel Gremillet, S\u00e9nateur des Vosges, se f\u00e9licite de l\u2019entr\u00e9e en vigueur, ce mercredi 1er juin, de la loi pour un [&hellip;]<\/p>\n","protected":false},"author":44,"featured_media":27225,"comment_status":"open","ping_status":"open","sticky":false,"template":"","format":"standard","meta":{"footnotes":""},"categories":[460,10,18],"tags":[11547,2581,3570],"class_list":["post-53897","post","type-post","status-publish","format-standard","has-post-thumbnail","hentry","category-a-la-une","category-politique","category-vosges","tag-acces-facilite-a-lassurance-emprunteur","tag-daniel-gremillet","tag-senateur-des-vosges"],"acf":[],"yoast_head":"<!-- This site is optimized with the Yoast SEO plugin v22.5 - https:\/\/yoast.com\/wordpress\/plugins\/seo\/ -->\n<title>Pr\u00eat immobilier : premi\u00e8res concr\u00e9tisations de l\u2019acc\u00e8s facilit\u00e9 \u00e0 l\u2019assurance emprunteur - Saint Die Info<\/title>\n<meta name=\"robots\" content=\"index, follow, max-snippet:-1, max-image-preview:large, max-video-preview:-1\" \/>\n<link rel=\"canonical\" href=\"https:\/\/vosgesinfo.fr\/saintdieinfo\/2022\/06\/pret-immobilier-premieres-concretisations-de-lacces-facilite-a-lassurance-emprunteur\/\" \/>\n<meta name=\"twitter:card\" content=\"summary_large_image\" \/>\n<meta name=\"twitter:title\" content=\"Pr\u00eat immobilier : premi\u00e8res concr\u00e9tisations de l\u2019acc\u00e8s facilit\u00e9 \u00e0 l\u2019assurance emprunteur - Saint Die Info\" \/>\n<meta name=\"twitter:description\" content=\"Daniel Gremillet, S\u00e9nateur des Vosges, se f\u00e9licite de l\u2019entr\u00e9e en vigueur, ce mercredi 1er juin, de la loi pour un [&hellip;]\" \/>\n<meta name=\"twitter:image\" content=\"https:\/\/vosgesinfo.fr\/app\/uploads\/sites\/4\/2021\/04\/dg20141119-zoneeuro-10-gremillet.jpg\" \/>\n<meta name=\"twitter:creator\" content=\"@VosgesInfo88\" \/>\n<meta name=\"twitter:site\" content=\"@VosgesInfo88\" \/>\n<meta name=\"twitter:label1\" content=\"\u00c9crit par\" \/>\n\t<meta name=\"twitter:data1\" content=\"la r\u00e9daction\" \/>\n\t<meta name=\"twitter:label2\" content=\"Dur\u00e9e de lecture estim\u00e9e\" \/>\n\t<meta name=\"twitter:data2\" content=\"3 minutes\" \/>\n<script type=\"application\/ld+json\" class=\"yoast-schema-graph\">{\"@context\":\"https:\/\/schema.org\",\"@graph\":[{\"@type\":\"Article\",\"@id\":\"https:\/\/vosgesinfo.fr\/saintdieinfo\/2022\/06\/pret-immobilier-premieres-concretisations-de-lacces-facilite-a-lassurance-emprunteur\/#article\",\"isPartOf\":{\"@id\":\"https:\/\/vosgesinfo.fr\/saintdieinfo\/2022\/06\/pret-immobilier-premieres-concretisations-de-lacces-facilite-a-lassurance-emprunteur\/\"},\"author\":{\"name\":\"la r\u00e9daction\",\"@id\":\"https:\/\/vosgesinfo.fr\/saintdieinfo\/#\/schema\/person\/faee6704a21f3977511db84bd1cd450f\"},\"headline\":\"Pr\u00eat immobilier : premi\u00e8res concr\u00e9tisations de l\u2019acc\u00e8s facilit\u00e9 \u00e0 l\u2019assurance emprunteur\",\"datePublished\":\"2022-06-01T04:00:37+00:00\",\"dateModified\":\"2022-06-01T04:00:37+00:00\",\"mainEntityOfPage\":{\"@id\":\"https:\/\/vosgesinfo.fr\/saintdieinfo\/2022\/06\/pret-immobilier-premieres-concretisations-de-lacces-facilite-a-lassurance-emprunteur\/\"},\"wordCount\":517,\"commentCount\":0,\"publisher\":{\"@id\":\"https:\/\/vosgesinfo.fr\/saintdieinfo\/#organization\"},\"image\":{\"@id\":\"https:\/\/vosgesinfo.fr\/saintdieinfo\/2022\/06\/pret-immobilier-premieres-concretisations-de-lacces-facilite-a-lassurance-emprunteur\/#primaryimage\"},\"thumbnailUrl\":\"https:\/\/vosgesinfo.fr\/app\/uploads\/sites\/4\/2021\/04\/dg20141119-zoneeuro-10-gremillet.jpg\",\"keywords\":[\"Acc\u00e8s facilit\u00e9 \u00e0 l\u2019assurance emprunteur\",\"Daniel Gremillet\",\"S\u00e9nateur des Vosges\"],\"articleSection\":[\"A la Une\",\"Politique\",\"Vosges\"],\"inLanguage\":\"fr-FR\",\"potentialAction\":[{\"@type\":\"CommentAction\",\"name\":\"Comment\",\"target\":[\"https:\/\/vosgesinfo.fr\/saintdieinfo\/2022\/06\/pret-immobilier-premieres-concretisations-de-lacces-facilite-a-lassurance-emprunteur\/#respond\"]}]},{\"@type\":\"WebPage\",\"@id\":\"https:\/\/vosgesinfo.fr\/saintdieinfo\/2022\/06\/pret-immobilier-premieres-concretisations-de-lacces-facilite-a-lassurance-emprunteur\/\",\"url\":\"https:\/\/vosgesinfo.fr\/saintdieinfo\/2022\/06\/pret-immobilier-premieres-concretisations-de-lacces-facilite-a-lassurance-emprunteur\/\",\"name\":\"Pr\u00eat immobilier : premi\u00e8res concr\u00e9tisations de l\u2019acc\u00e8s facilit\u00e9 \u00e0 l\u2019assurance emprunteur - Saint Die Info\",\"isPartOf\":{\"@id\":\"https:\/\/vosgesinfo.fr\/saintdieinfo\/#website\"},\"primaryImageOfPage\":{\"@id\":\"https:\/\/vosgesinfo.fr\/saintdieinfo\/2022\/06\/pret-immobilier-premieres-concretisations-de-lacces-facilite-a-lassurance-emprunteur\/#primaryimage\"},\"image\":{\"@id\":\"https:\/\/vosgesinfo.fr\/saintdieinfo\/2022\/06\/pret-immobilier-premieres-concretisations-de-lacces-facilite-a-lassurance-emprunteur\/#primaryimage\"},\"thumbnailUrl\":\"https:\/\/vosgesinfo.fr\/app\/uploads\/sites\/4\/2021\/04\/dg20141119-zoneeuro-10-gremillet.jpg\",\"datePublished\":\"2022-06-01T04:00:37+00:00\",\"dateModified\":\"2022-06-01T04:00:37+00:00\",\"breadcrumb\":{\"@id\":\"https:\/\/vosgesinfo.fr\/saintdieinfo\/2022\/06\/pret-immobilier-premieres-concretisations-de-lacces-facilite-a-lassurance-emprunteur\/#breadcrumb\"},\"inLanguage\":\"fr-FR\",\"potentialAction\":[{\"@type\":\"ReadAction\",\"target\":[\"https:\/\/vosgesinfo.fr\/saintdieinfo\/2022\/06\/pret-immobilier-premieres-concretisations-de-lacces-facilite-a-lassurance-emprunteur\/\"]}]},{\"@type\":\"ImageObject\",\"inLanguage\":\"fr-FR\",\"@id\":\"https:\/\/vosgesinfo.fr\/saintdieinfo\/2022\/06\/pret-immobilier-premieres-concretisations-de-lacces-facilite-a-lassurance-emprunteur\/#primaryimage\",\"url\":\"https:\/\/vosgesinfo.fr\/app\/uploads\/sites\/4\/2021\/04\/dg20141119-zoneeuro-10-gremillet.jpg\",\"contentUrl\":\"https:\/\/vosgesinfo.fr\/app\/uploads\/sites\/4\/2021\/04\/dg20141119-zoneeuro-10-gremillet.jpg\"},{\"@type\":\"BreadcrumbList\",\"@id\":\"https:\/\/vosgesinfo.fr\/saintdieinfo\/2022\/06\/pret-immobilier-premieres-concretisations-de-lacces-facilite-a-lassurance-emprunteur\/#breadcrumb\",\"itemListElement\":[{\"@type\":\"ListItem\",\"position\":1,\"name\":\"Home\",\"item\":\"https:\/\/vosgesinfo.fr\/saintdieinfo\/\"},{\"@type\":\"ListItem\",\"position\":2,\"name\":\"Pr\u00eat immobilier : premi\u00e8res concr\u00e9tisations de l\u2019acc\u00e8s facilit\u00e9 \u00e0 l\u2019assurance emprunteur\"}]},{\"@type\":\"WebSite\",\"@id\":\"https:\/\/vosgesinfo.fr\/saintdieinfo\/#website\",\"url\":\"https:\/\/vosgesinfo.fr\/saintdieinfo\/\",\"name\":\"Saint Die Info\",\"description\":\"Toute l&#039;actualit\u00e9 de Saint-Di\u00e9-Des-Vosges\",\"publisher\":{\"@id\":\"https:\/\/vosgesinfo.fr\/saintdieinfo\/#organization\"},\"alternateName\":\"Toute l'actualit\u00e9 de Saint-Di\u00e9-Des-Vosges\",\"potentialAction\":[{\"@type\":\"SearchAction\",\"target\":{\"@type\":\"EntryPoint\",\"urlTemplate\":\"https:\/\/vosgesinfo.fr\/saintdieinfo\/?s={search_term_string}\"},\"query-input\":\"required name=search_term_string\"}],\"inLanguage\":\"fr-FR\"},{\"@type\":\"Organization\",\"@id\":\"https:\/\/vosgesinfo.fr\/saintdieinfo\/#organization\",\"name\":\"Saint Die Info\",\"url\":\"https:\/\/vosgesinfo.fr\/saintdieinfo\/\",\"logo\":{\"@type\":\"ImageObject\",\"inLanguage\":\"fr-FR\",\"@id\":\"https:\/\/vosgesinfo.fr\/saintdieinfo\/#\/schema\/logo\/image\/\",\"url\":\"https:\/\/vosgesinfo.fr\/app\/uploads\/sites\/4\/2024\/02\/logo-sdi.jpg\",\"contentUrl\":\"https:\/\/vosgesinfo.fr\/app\/uploads\/sites\/4\/2024\/02\/logo-sdi.jpg\",\"width\":600,\"height\":600,\"caption\":\"Saint Die Info\"},\"image\":{\"@id\":\"https:\/\/vosgesinfo.fr\/saintdieinfo\/#\/schema\/logo\/image\/\"},\"sameAs\":[\"https:\/\/www.facebook.com\/Saintdieinfofr\",\"https:\/\/x.com\/VosgesInfo88\",\"https:\/\/www.youtube.com\/@vosgesinfo\"]},{\"@type\":\"Person\",\"@id\":\"https:\/\/vosgesinfo.fr\/saintdieinfo\/#\/schema\/person\/faee6704a21f3977511db84bd1cd450f\",\"name\":\"la r\u00e9daction\",\"image\":{\"@type\":\"ImageObject\",\"inLanguage\":\"fr-FR\",\"@id\":\"https:\/\/vosgesinfo.fr\/saintdieinfo\/#\/schema\/person\/image\/\",\"url\":\"https:\/\/secure.gravatar.com\/avatar\/6673d8bc6a9c17fa9a453eaa3448de834fa308c2ec9635b7aa99441a7c8d2cf6?s=96&d=mm&r=g\",\"contentUrl\":\"https:\/\/secure.gravatar.com\/avatar\/6673d8bc6a9c17fa9a453eaa3448de834fa308c2ec9635b7aa99441a7c8d2cf6?s=96&d=mm&r=g\",\"caption\":\"la r\u00e9daction\"},\"url\":\"https:\/\/vosgesinfo.fr\/saintdieinfo\/author\/redac\/\"}]}<\/script>\n<!-- \/ Yoast SEO plugin. -->","yoast_head_json":{"title":"Pr\u00eat immobilier : premi\u00e8res concr\u00e9tisations de l\u2019acc\u00e8s facilit\u00e9 \u00e0 l\u2019assurance emprunteur - Saint Die Info","robots":{"index":"index","follow":"follow","max-snippet":"max-snippet:-1","max-image-preview":"max-image-preview:large","max-video-preview":"max-video-preview:-1"},"canonical":"https:\/\/vosgesinfo.fr\/saintdieinfo\/2022\/06\/pret-immobilier-premieres-concretisations-de-lacces-facilite-a-lassurance-emprunteur\/","twitter_card":"summary_large_image","twitter_title":"Pr\u00eat immobilier : premi\u00e8res concr\u00e9tisations de l\u2019acc\u00e8s facilit\u00e9 \u00e0 l\u2019assurance emprunteur - Saint Die Info","twitter_description":"Daniel Gremillet, S\u00e9nateur des Vosges, se f\u00e9licite de l\u2019entr\u00e9e en vigueur, ce mercredi 1er juin, de la loi pour un [&hellip;]","twitter_image":"https:\/\/vosgesinfo.fr\/app\/uploads\/sites\/4\/2021\/04\/dg20141119-zoneeuro-10-gremillet.jpg","twitter_creator":"@VosgesInfo88","twitter_site":"@VosgesInfo88","twitter_misc":{"\u00c9crit par":"la r\u00e9daction","Dur\u00e9e de lecture estim\u00e9e":"3 minutes"},"schema":{"@context":"https:\/\/schema.org","@graph":[{"@type":"Article","@id":"https:\/\/vosgesinfo.fr\/saintdieinfo\/2022\/06\/pret-immobilier-premieres-concretisations-de-lacces-facilite-a-lassurance-emprunteur\/#article","isPartOf":{"@id":"https:\/\/vosgesinfo.fr\/saintdieinfo\/2022\/06\/pret-immobilier-premieres-concretisations-de-lacces-facilite-a-lassurance-emprunteur\/"},"author":{"name":"la r\u00e9daction","@id":"https:\/\/vosgesinfo.fr\/saintdieinfo\/#\/schema\/person\/faee6704a21f3977511db84bd1cd450f"},"headline":"Pr\u00eat immobilier : premi\u00e8res concr\u00e9tisations de l\u2019acc\u00e8s facilit\u00e9 \u00e0 l\u2019assurance emprunteur","datePublished":"2022-06-01T04:00:37+00:00","dateModified":"2022-06-01T04:00:37+00:00","mainEntityOfPage":{"@id":"https:\/\/vosgesinfo.fr\/saintdieinfo\/2022\/06\/pret-immobilier-premieres-concretisations-de-lacces-facilite-a-lassurance-emprunteur\/"},"wordCount":517,"commentCount":0,"publisher":{"@id":"https:\/\/vosgesinfo.fr\/saintdieinfo\/#organization"},"image":{"@id":"https:\/\/vosgesinfo.fr\/saintdieinfo\/2022\/06\/pret-immobilier-premieres-concretisations-de-lacces-facilite-a-lassurance-emprunteur\/#primaryimage"},"thumbnailUrl":"https:\/\/vosgesinfo.fr\/app\/uploads\/sites\/4\/2021\/04\/dg20141119-zoneeuro-10-gremillet.jpg","keywords":["Acc\u00e8s facilit\u00e9 \u00e0 l\u2019assurance emprunteur","Daniel Gremillet","S\u00e9nateur des Vosges"],"articleSection":["A la Une","Politique","Vosges"],"inLanguage":"fr-FR","potentialAction":[{"@type":"CommentAction","name":"Comment","target":["https:\/\/vosgesinfo.fr\/saintdieinfo\/2022\/06\/pret-immobilier-premieres-concretisations-de-lacces-facilite-a-lassurance-emprunteur\/#respond"]}]},{"@type":"WebPage","@id":"https:\/\/vosgesinfo.fr\/saintdieinfo\/2022\/06\/pret-immobilier-premieres-concretisations-de-lacces-facilite-a-lassurance-emprunteur\/","url":"https:\/\/vosgesinfo.fr\/saintdieinfo\/2022\/06\/pret-immobilier-premieres-concretisations-de-lacces-facilite-a-lassurance-emprunteur\/","name":"Pr\u00eat immobilier : premi\u00e8res concr\u00e9tisations de l\u2019acc\u00e8s facilit\u00e9 \u00e0 l\u2019assurance emprunteur - Saint Die Info","isPartOf":{"@id":"https:\/\/vosgesinfo.fr\/saintdieinfo\/#website"},"primaryImageOfPage":{"@id":"https:\/\/vosgesinfo.fr\/saintdieinfo\/2022\/06\/pret-immobilier-premieres-concretisations-de-lacces-facilite-a-lassurance-emprunteur\/#primaryimage"},"image":{"@id":"https:\/\/vosgesinfo.fr\/saintdieinfo\/2022\/06\/pret-immobilier-premieres-concretisations-de-lacces-facilite-a-lassurance-emprunteur\/#primaryimage"},"thumbnailUrl":"https:\/\/vosgesinfo.fr\/app\/uploads\/sites\/4\/2021\/04\/dg20141119-zoneeuro-10-gremillet.jpg","datePublished":"2022-06-01T04:00:37+00:00","dateModified":"2022-06-01T04:00:37+00:00","breadcrumb":{"@id":"https:\/\/vosgesinfo.fr\/saintdieinfo\/2022\/06\/pret-immobilier-premieres-concretisations-de-lacces-facilite-a-lassurance-emprunteur\/#breadcrumb"},"inLanguage":"fr-FR","potentialAction":[{"@type":"ReadAction","target":["https:\/\/vosgesinfo.fr\/saintdieinfo\/2022\/06\/pret-immobilier-premieres-concretisations-de-lacces-facilite-a-lassurance-emprunteur\/"]}]},{"@type":"ImageObject","inLanguage":"fr-FR","@id":"https:\/\/vosgesinfo.fr\/saintdieinfo\/2022\/06\/pret-immobilier-premieres-concretisations-de-lacces-facilite-a-lassurance-emprunteur\/#primaryimage","url":"https:\/\/vosgesinfo.fr\/app\/uploads\/sites\/4\/2021\/04\/dg20141119-zoneeuro-10-gremillet.jpg","contentUrl":"https:\/\/vosgesinfo.fr\/app\/uploads\/sites\/4\/2021\/04\/dg20141119-zoneeuro-10-gremillet.jpg"},{"@type":"BreadcrumbList","@id":"https:\/\/vosgesinfo.fr\/saintdieinfo\/2022\/06\/pret-immobilier-premieres-concretisations-de-lacces-facilite-a-lassurance-emprunteur\/#breadcrumb","itemListElement":[{"@type":"ListItem","position":1,"name":"Home","item":"https:\/\/vosgesinfo.fr\/saintdieinfo\/"},{"@type":"ListItem","position":2,"name":"Pr\u00eat immobilier : premi\u00e8res concr\u00e9tisations de l\u2019acc\u00e8s facilit\u00e9 \u00e0 l\u2019assurance emprunteur"}]},{"@type":"WebSite","@id":"https:\/\/vosgesinfo.fr\/saintdieinfo\/#website","url":"https:\/\/vosgesinfo.fr\/saintdieinfo\/","name":"Saint Die Info","description":"Toute l&#039;actualit\u00e9 de Saint-Di\u00e9-Des-Vosges","publisher":{"@id":"https:\/\/vosgesinfo.fr\/saintdieinfo\/#organization"},"alternateName":"Toute l'actualit\u00e9 de Saint-Di\u00e9-Des-Vosges","potentialAction":[{"@type":"SearchAction","target":{"@type":"EntryPoint","urlTemplate":"https:\/\/vosgesinfo.fr\/saintdieinfo\/?s={search_term_string}"},"query-input":"required name=search_term_string"}],"inLanguage":"fr-FR"},{"@type":"Organization","@id":"https:\/\/vosgesinfo.fr\/saintdieinfo\/#organization","name":"Saint Die Info","url":"https:\/\/vosgesinfo.fr\/saintdieinfo\/","logo":{"@type":"ImageObject","inLanguage":"fr-FR","@id":"https:\/\/vosgesinfo.fr\/saintdieinfo\/#\/schema\/logo\/image\/","url":"https:\/\/vosgesinfo.fr\/app\/uploads\/sites\/4\/2024\/02\/logo-sdi.jpg","contentUrl":"https:\/\/vosgesinfo.fr\/app\/uploads\/sites\/4\/2024\/02\/logo-sdi.jpg","width":600,"height":600,"caption":"Saint Die Info"},"image":{"@id":"https:\/\/vosgesinfo.fr\/saintdieinfo\/#\/schema\/logo\/image\/"},"sameAs":["https:\/\/www.facebook.com\/Saintdieinfofr","https:\/\/x.com\/VosgesInfo88","https:\/\/www.youtube.com\/@vosgesinfo"]},{"@type":"Person","@id":"https:\/\/vosgesinfo.fr\/saintdieinfo\/#\/schema\/person\/faee6704a21f3977511db84bd1cd450f","name":"la r\u00e9daction","image":{"@type":"ImageObject","inLanguage":"fr-FR","@id":"https:\/\/vosgesinfo.fr\/saintdieinfo\/#\/schema\/person\/image\/","url":"https:\/\/secure.gravatar.com\/avatar\/6673d8bc6a9c17fa9a453eaa3448de834fa308c2ec9635b7aa99441a7c8d2cf6?s=96&d=mm&r=g","contentUrl":"https:\/\/secure.gravatar.com\/avatar\/6673d8bc6a9c17fa9a453eaa3448de834fa308c2ec9635b7aa99441a7c8d2cf6?s=96&d=mm&r=g","caption":"la r\u00e9daction"},"url":"https:\/\/vosgesinfo.fr\/saintdieinfo\/author\/redac\/"}]}},"_links":{"self":[{"href":"https:\/\/vosgesinfo.fr\/saintdieinfo\/wp-json\/wp\/v2\/posts\/53897","targetHints":{"allow":["GET"]}}],"collection":[{"href":"https:\/\/vosgesinfo.fr\/saintdieinfo\/wp-json\/wp\/v2\/posts"}],"about":[{"href":"https:\/\/vosgesinfo.fr\/saintdieinfo\/wp-json\/wp\/v2\/types\/post"}],"author":[{"embeddable":true,"href":"https:\/\/vosgesinfo.fr\/saintdieinfo\/wp-json\/wp\/v2\/users\/44"}],"replies":[{"embeddable":true,"href":"https:\/\/vosgesinfo.fr\/saintdieinfo\/wp-json\/wp\/v2\/comments?post=53897"}],"version-history":[{"count":0,"href":"https:\/\/vosgesinfo.fr\/saintdieinfo\/wp-json\/wp\/v2\/posts\/53897\/revisions"}],"wp:featuredmedia":[{"embeddable":true,"href":"https:\/\/vosgesinfo.fr\/saintdieinfo\/wp-json\/wp\/v2\/media\/27225"}],"wp:attachment":[{"href":"https:\/\/vosgesinfo.fr\/saintdieinfo\/wp-json\/wp\/v2\/media?parent=53897"}],"wp:term":[{"taxonomy":"category","embeddable":true,"href":"https:\/\/vosgesinfo.fr\/saintdieinfo\/wp-json\/wp\/v2\/categories?post=53897"},{"taxonomy":"post_tag","embeddable":true,"href":"https:\/\/vosgesinfo.fr\/saintdieinfo\/wp-json\/wp\/v2\/tags?post=53897"}],"curies":[{"name":"wp","href":"https:\/\/api.w.org\/{rel}","templated":true}]}}