{"id":53957,"date":"2022-06-03T06:09:41","date_gmt":"2022-06-03T04:09:41","guid":{"rendered":"https:\/\/vosgesinfo.fr\/saintdieinfo\/2022\/06\/vides-greniers-marches-de-lartisanat-de-spa-deodatienne-de-retour-cet-ete\/"},"modified":"2022-06-03T06:09:41","modified_gmt":"2022-06-03T04:09:41","slug":"vides-greniers-marches-de-lartisanat-de-spa-deodatienne-de-retour-cet-ete","status":"publish","type":"post","link":"https:\/\/vosgesinfo.fr\/saintdieinfo\/2022\/06\/vides-greniers-marches-de-lartisanat-de-spa-deodatienne-de-retour-cet-ete\/","title":{"rendered":"Les vides-greniers et march\u00e9s de l&rsquo;artisanat de la SPA D\u00e9odatienne sont de retour cet \u00e9t\u00e9"},"content":{"rendered":"<h2><strong><span style=\"font-size: 14pt;\">L&rsquo;\u00e9t\u00e9 2021, la SPA D\u00e9odatienne avait d\u00e9cid\u00e9 d&rsquo;organiser des vides-greniers et march\u00e9s de l&rsquo;artisanat sur le parking de l&rsquo;hypermarch\u00e9 E.Leclerc de Saint-Di\u00e9-des-Vosges, afin de financer les soins animaliers et la reconstruction du refuge des Mo\u00eetresses. Suite au succ\u00e8s remport\u00e9 l&rsquo;an dernier, l&rsquo;association de protection animale r\u00e9it\u00e8re l&rsquo;op\u00e9ration cet \u00e9t\u00e9. Rendez-vous chaque dimanche des mois de juillet et d&rsquo;ao\u00fbt, de 7h \u00e0 18h toujours sur le parking de l&rsquo;hypermarch\u00e9 de la zone Hellieule 2. Ouvert aux particuliers et professionnels de la brocante, ainsi qu&rsquo;aux artisans cr\u00e9ateurs. Pr\u00e9-inscription obligatoire aupr\u00e8s du pr\u00e9sident Bruno Toussaint, au 06-80-62-26-52 ou via <a href=\"mailto:bruno.toussaint5@orange.fr\" target=\"_blank\" rel=\"noopener\">bruno.toussaint5@orange.fr<\/a>.<\/span><\/strong><\/h2>\n<p><!--more--><\/p>\n<p><a href=\"\/2022\/06\/Vide-Greniers_March\u00e9_Artisanat_SPA_D\u00e9odatienne-1.jpg\" target=\"_blank\" rel=\"noopener\"><img decoding=\"async\" class=\"aligncenter wp-image-184483 size-large\" src=\"\/2022\/06\/Vide-Greniers_March\u00e9_Artisanat_SPA_D\u00e9odatienne-1-724x1024.jpg\" alt=\"Vide-Greniers_March\u00e9_Artisanat_SPA_D\u00e9odatienne (1)\" width=\"724\" height=\"1024\" \/><\/a><\/p>\n<p>J.J.<\/p>\n","protected":false},"excerpt":{"rendered":"<p>L&rsquo;\u00e9t\u00e9 2021, la SPA D\u00e9odatienne avait d\u00e9cid\u00e9 d&rsquo;organiser des vides-greniers et march\u00e9s de l&rsquo;artisanat sur le parking de l&rsquo;hypermarch\u00e9 E.Leclerc [&hellip;]<\/p>\n","protected":false},"author":44,"featured_media":53958,"comment_status":"open","ping_status":"open","sticky":false,"template":"","format":"standard","meta":{"footnotes":""},"categories":[3900,2915,29,17],"tags":[8208,4133,2944,1372,3421],"class_list":["post-53957","post","type-post","status-publish","format-standard","has-post-thumbnail","hentry","category-breves","category-saint-die-son-canton","category-solidarite","category-vie-associative","tag-marche-de-lartisanat","tag-parking-de-lhypermarche-e-leclerc","tag-spa-deodatienne","tag-vide-greniers","tag-zone-hellieule-2"],"acf":[],"yoast_head":"<!-- This site is optimized with the Yoast SEO plugin v22.5 - https:\/\/yoast.com\/wordpress\/plugins\/seo\/ -->\n<title>Les vides-greniers et march\u00e9s de l&#039;artisanat de la SPA D\u00e9odatienne sont de retour cet \u00e9t\u00e9 - Saint Die Info<\/title>\n<meta name=\"robots\" content=\"index, follow, max-snippet:-1, max-image-preview:large, max-video-preview:-1\" \/>\n<link rel=\"canonical\" href=\"https:\/\/vosgesinfo.fr\/saintdieinfo\/2022\/06\/vides-greniers-marches-de-lartisanat-de-spa-deodatienne-de-retour-cet-ete\/\" \/>\n<meta name=\"twitter:card\" content=\"summary_large_image\" \/>\n<meta name=\"twitter:title\" content=\"Les vides-greniers et march\u00e9s de l&#039;artisanat de la SPA D\u00e9odatienne sont de retour cet \u00e9t\u00e9 - Saint Die Info\" \/>\n<meta name=\"twitter:description\" content=\"L&rsquo;\u00e9t\u00e9 2021, la SPA D\u00e9odatienne avait d\u00e9cid\u00e9 d&rsquo;organiser des vides-greniers et march\u00e9s de l&rsquo;artisanat sur le parking de l&rsquo;hypermarch\u00e9 E.Leclerc [&hellip;]\" \/>\n<meta name=\"twitter:image\" content=\"https:\/\/vosgesinfo.fr\/app\/uploads\/sites\/4\/2024\/08\/202206vide-greniers-marche-artisanat-spa-deodatienne-2.jpg\" \/>\n<meta name=\"twitter:creator\" content=\"@VosgesInfo88\" \/>\n<meta name=\"twitter:site\" content=\"@VosgesInfo88\" \/>\n<meta name=\"twitter:label1\" content=\"\u00c9crit par\" \/>\n\t<meta name=\"twitter:data1\" content=\"la r\u00e9daction\" \/>\n\t<meta name=\"twitter:label2\" content=\"Dur\u00e9e de lecture estim\u00e9e\" \/>\n\t<meta name=\"twitter:data2\" content=\"1 minute\" \/>\n<script type=\"application\/ld+json\" class=\"yoast-schema-graph\">{\"@context\":\"https:\/\/schema.org\",\"@graph\":[{\"@type\":\"Article\",\"@id\":\"https:\/\/vosgesinfo.fr\/saintdieinfo\/2022\/06\/vides-greniers-marches-de-lartisanat-de-spa-deodatienne-de-retour-cet-ete\/#article\",\"isPartOf\":{\"@id\":\"https:\/\/vosgesinfo.fr\/saintdieinfo\/2022\/06\/vides-greniers-marches-de-lartisanat-de-spa-deodatienne-de-retour-cet-ete\/\"},\"author\":{\"name\":\"la r\u00e9daction\",\"@id\":\"https:\/\/vosgesinfo.fr\/saintdieinfo\/#\/schema\/person\/faee6704a21f3977511db84bd1cd450f\"},\"headline\":\"Les vides-greniers et march\u00e9s de l&rsquo;artisanat de la SPA D\u00e9odatienne sont de retour cet \u00e9t\u00e9\",\"datePublished\":\"2022-06-03T04:09:41+00:00\",\"dateModified\":\"2022-06-03T04:09:41+00:00\",\"mainEntityOfPage\":{\"@id\":\"https:\/\/vosgesinfo.fr\/saintdieinfo\/2022\/06\/vides-greniers-marches-de-lartisanat-de-spa-deodatienne-de-retour-cet-ete\/\"},\"wordCount\":145,\"commentCount\":0,\"publisher\":{\"@id\":\"https:\/\/vosgesinfo.fr\/saintdieinfo\/#organization\"},\"image\":{\"@id\":\"https:\/\/vosgesinfo.fr\/saintdieinfo\/2022\/06\/vides-greniers-marches-de-lartisanat-de-spa-deodatienne-de-retour-cet-ete\/#primaryimage\"},\"thumbnailUrl\":\"https:\/\/vosgesinfo.fr\/app\/uploads\/sites\/4\/2024\/08\/202206vide-greniers-marche-artisanat-spa-deodatienne-2.jpg\",\"keywords\":[\"March\u00e9 de l'artisanat\",\"Parking de l'hypermarch\u00e9 E.Leclerc\",\"SPA D\u00e9odatienne\",\"vide-greniers\",\"Zone Hellieule 2\"],\"articleSection\":[\"Br\u00e8ves\",\"Saint-Di\u00e9-des-Vosges et son Agglom\u00e9ration\",\"Solidarit\u00e9\",\"Vie Associative\"],\"inLanguage\":\"fr-FR\",\"potentialAction\":[{\"@type\":\"CommentAction\",\"name\":\"Comment\",\"target\":[\"https:\/\/vosgesinfo.fr\/saintdieinfo\/2022\/06\/vides-greniers-marches-de-lartisanat-de-spa-deodatienne-de-retour-cet-ete\/#respond\"]}]},{\"@type\":\"WebPage\",\"@id\":\"https:\/\/vosgesinfo.fr\/saintdieinfo\/2022\/06\/vides-greniers-marches-de-lartisanat-de-spa-deodatienne-de-retour-cet-ete\/\",\"url\":\"https:\/\/vosgesinfo.fr\/saintdieinfo\/2022\/06\/vides-greniers-marches-de-lartisanat-de-spa-deodatienne-de-retour-cet-ete\/\",\"name\":\"Les vides-greniers et march\u00e9s de l'artisanat de la SPA D\u00e9odatienne sont de retour cet \u00e9t\u00e9 - Saint Die Info\",\"isPartOf\":{\"@id\":\"https:\/\/vosgesinfo.fr\/saintdieinfo\/#website\"},\"primaryImageOfPage\":{\"@id\":\"https:\/\/vosgesinfo.fr\/saintdieinfo\/2022\/06\/vides-greniers-marches-de-lartisanat-de-spa-deodatienne-de-retour-cet-ete\/#primaryimage\"},\"image\":{\"@id\":\"https:\/\/vosgesinfo.fr\/saintdieinfo\/2022\/06\/vides-greniers-marches-de-lartisanat-de-spa-deodatienne-de-retour-cet-ete\/#primaryimage\"},\"thumbnailUrl\":\"https:\/\/vosgesinfo.fr\/app\/uploads\/sites\/4\/2024\/08\/202206vide-greniers-marche-artisanat-spa-deodatienne-2.jpg\",\"datePublished\":\"2022-06-03T04:09:41+00:00\",\"dateModified\":\"2022-06-03T04:09:41+00:00\",\"breadcrumb\":{\"@id\":\"https:\/\/vosgesinfo.fr\/saintdieinfo\/2022\/06\/vides-greniers-marches-de-lartisanat-de-spa-deodatienne-de-retour-cet-ete\/#breadcrumb\"},\"inLanguage\":\"fr-FR\",\"potentialAction\":[{\"@type\":\"ReadAction\",\"target\":[\"https:\/\/vosgesinfo.fr\/saintdieinfo\/2022\/06\/vides-greniers-marches-de-lartisanat-de-spa-deodatienne-de-retour-cet-ete\/\"]}]},{\"@type\":\"ImageObject\",\"inLanguage\":\"fr-FR\",\"@id\":\"https:\/\/vosgesinfo.fr\/saintdieinfo\/2022\/06\/vides-greniers-marches-de-lartisanat-de-spa-deodatienne-de-retour-cet-ete\/#primaryimage\",\"url\":\"https:\/\/vosgesinfo.fr\/app\/uploads\/sites\/4\/2024\/08\/202206vide-greniers-marche-artisanat-spa-deodatienne-2.jpg\",\"contentUrl\":\"https:\/\/vosgesinfo.fr\/app\/uploads\/sites\/4\/2024\/08\/202206vide-greniers-marche-artisanat-spa-deodatienne-2.jpg\",\"width\":903,\"height\":653},{\"@type\":\"BreadcrumbList\",\"@id\":\"https:\/\/vosgesinfo.fr\/saintdieinfo\/2022\/06\/vides-greniers-marches-de-lartisanat-de-spa-deodatienne-de-retour-cet-ete\/#breadcrumb\",\"itemListElement\":[{\"@type\":\"ListItem\",\"position\":1,\"name\":\"Home\",\"item\":\"https:\/\/vosgesinfo.fr\/saintdieinfo\/\"},{\"@type\":\"ListItem\",\"position\":2,\"name\":\"Les vides-greniers et march\u00e9s de l&rsquo;artisanat de la SPA D\u00e9odatienne sont de retour cet \u00e9t\u00e9\"}]},{\"@type\":\"WebSite\",\"@id\":\"https:\/\/vosgesinfo.fr\/saintdieinfo\/#website\",\"url\":\"https:\/\/vosgesinfo.fr\/saintdieinfo\/\",\"name\":\"Saint Die Info\",\"description\":\"Toute l&#039;actualit\u00e9 de Saint-Di\u00e9-Des-Vosges\",\"publisher\":{\"@id\":\"https:\/\/vosgesinfo.fr\/saintdieinfo\/#organization\"},\"alternateName\":\"Toute l'actualit\u00e9 de Saint-Di\u00e9-Des-Vosges\",\"potentialAction\":[{\"@type\":\"SearchAction\",\"target\":{\"@type\":\"EntryPoint\",\"urlTemplate\":\"https:\/\/vosgesinfo.fr\/saintdieinfo\/?s={search_term_string}\"},\"query-input\":\"required name=search_term_string\"}],\"inLanguage\":\"fr-FR\"},{\"@type\":\"Organization\",\"@id\":\"https:\/\/vosgesinfo.fr\/saintdieinfo\/#organization\",\"name\":\"Saint Die Info\",\"url\":\"https:\/\/vosgesinfo.fr\/saintdieinfo\/\",\"logo\":{\"@type\":\"ImageObject\",\"inLanguage\":\"fr-FR\",\"@id\":\"https:\/\/vosgesinfo.fr\/saintdieinfo\/#\/schema\/logo\/image\/\",\"url\":\"https:\/\/vosgesinfo.fr\/app\/uploads\/sites\/4\/2024\/02\/logo-sdi.jpg\",\"contentUrl\":\"https:\/\/vosgesinfo.fr\/app\/uploads\/sites\/4\/2024\/02\/logo-sdi.jpg\",\"width\":600,\"height\":600,\"caption\":\"Saint Die Info\"},\"image\":{\"@id\":\"https:\/\/vosgesinfo.fr\/saintdieinfo\/#\/schema\/logo\/image\/\"},\"sameAs\":[\"https:\/\/www.facebook.com\/Saintdieinfofr\",\"https:\/\/x.com\/VosgesInfo88\",\"https:\/\/www.youtube.com\/@vosgesinfo\"]},{\"@type\":\"Person\",\"@id\":\"https:\/\/vosgesinfo.fr\/saintdieinfo\/#\/schema\/person\/faee6704a21f3977511db84bd1cd450f\",\"name\":\"la r\u00e9daction\",\"image\":{\"@type\":\"ImageObject\",\"inLanguage\":\"fr-FR\",\"@id\":\"https:\/\/vosgesinfo.fr\/saintdieinfo\/#\/schema\/person\/image\/\",\"url\":\"https:\/\/secure.gravatar.com\/avatar\/6673d8bc6a9c17fa9a453eaa3448de834fa308c2ec9635b7aa99441a7c8d2cf6?s=96&d=mm&r=g\",\"contentUrl\":\"https:\/\/secure.gravatar.com\/avatar\/6673d8bc6a9c17fa9a453eaa3448de834fa308c2ec9635b7aa99441a7c8d2cf6?s=96&d=mm&r=g\",\"caption\":\"la r\u00e9daction\"},\"url\":\"https:\/\/vosgesinfo.fr\/saintdieinfo\/author\/redac\/\"}]}<\/script>\n<!-- \/ Yoast SEO plugin. -->","yoast_head_json":{"title":"Les vides-greniers et march\u00e9s de l'artisanat de la SPA D\u00e9odatienne sont de retour cet \u00e9t\u00e9 - Saint Die Info","robots":{"index":"index","follow":"follow","max-snippet":"max-snippet:-1","max-image-preview":"max-image-preview:large","max-video-preview":"max-video-preview:-1"},"canonical":"https:\/\/vosgesinfo.fr\/saintdieinfo\/2022\/06\/vides-greniers-marches-de-lartisanat-de-spa-deodatienne-de-retour-cet-ete\/","twitter_card":"summary_large_image","twitter_title":"Les vides-greniers et march\u00e9s de l'artisanat de la SPA D\u00e9odatienne sont de retour cet \u00e9t\u00e9 - Saint Die Info","twitter_description":"L&rsquo;\u00e9t\u00e9 2021, la SPA D\u00e9odatienne avait d\u00e9cid\u00e9 d&rsquo;organiser des vides-greniers et march\u00e9s de l&rsquo;artisanat sur le parking de l&rsquo;hypermarch\u00e9 E.Leclerc [&hellip;]","twitter_image":"https:\/\/vosgesinfo.fr\/app\/uploads\/sites\/4\/2024\/08\/202206vide-greniers-marche-artisanat-spa-deodatienne-2.jpg","twitter_creator":"@VosgesInfo88","twitter_site":"@VosgesInfo88","twitter_misc":{"\u00c9crit par":"la r\u00e9daction","Dur\u00e9e de lecture estim\u00e9e":"1 minute"},"schema":{"@context":"https:\/\/schema.org","@graph":[{"@type":"Article","@id":"https:\/\/vosgesinfo.fr\/saintdieinfo\/2022\/06\/vides-greniers-marches-de-lartisanat-de-spa-deodatienne-de-retour-cet-ete\/#article","isPartOf":{"@id":"https:\/\/vosgesinfo.fr\/saintdieinfo\/2022\/06\/vides-greniers-marches-de-lartisanat-de-spa-deodatienne-de-retour-cet-ete\/"},"author":{"name":"la r\u00e9daction","@id":"https:\/\/vosgesinfo.fr\/saintdieinfo\/#\/schema\/person\/faee6704a21f3977511db84bd1cd450f"},"headline":"Les vides-greniers et march\u00e9s de l&rsquo;artisanat de la SPA D\u00e9odatienne sont de retour cet \u00e9t\u00e9","datePublished":"2022-06-03T04:09:41+00:00","dateModified":"2022-06-03T04:09:41+00:00","mainEntityOfPage":{"@id":"https:\/\/vosgesinfo.fr\/saintdieinfo\/2022\/06\/vides-greniers-marches-de-lartisanat-de-spa-deodatienne-de-retour-cet-ete\/"},"wordCount":145,"commentCount":0,"publisher":{"@id":"https:\/\/vosgesinfo.fr\/saintdieinfo\/#organization"},"image":{"@id":"https:\/\/vosgesinfo.fr\/saintdieinfo\/2022\/06\/vides-greniers-marches-de-lartisanat-de-spa-deodatienne-de-retour-cet-ete\/#primaryimage"},"thumbnailUrl":"https:\/\/vosgesinfo.fr\/app\/uploads\/sites\/4\/2024\/08\/202206vide-greniers-marche-artisanat-spa-deodatienne-2.jpg","keywords":["March\u00e9 de l'artisanat","Parking de l'hypermarch\u00e9 E.Leclerc","SPA D\u00e9odatienne","vide-greniers","Zone Hellieule 2"],"articleSection":["Br\u00e8ves","Saint-Di\u00e9-des-Vosges et son Agglom\u00e9ration","Solidarit\u00e9","Vie Associative"],"inLanguage":"fr-FR","potentialAction":[{"@type":"CommentAction","name":"Comment","target":["https:\/\/vosgesinfo.fr\/saintdieinfo\/2022\/06\/vides-greniers-marches-de-lartisanat-de-spa-deodatienne-de-retour-cet-ete\/#respond"]}]},{"@type":"WebPage","@id":"https:\/\/vosgesinfo.fr\/saintdieinfo\/2022\/06\/vides-greniers-marches-de-lartisanat-de-spa-deodatienne-de-retour-cet-ete\/","url":"https:\/\/vosgesinfo.fr\/saintdieinfo\/2022\/06\/vides-greniers-marches-de-lartisanat-de-spa-deodatienne-de-retour-cet-ete\/","name":"Les vides-greniers et march\u00e9s de l'artisanat de la SPA D\u00e9odatienne sont de retour cet \u00e9t\u00e9 - Saint Die Info","isPartOf":{"@id":"https:\/\/vosgesinfo.fr\/saintdieinfo\/#website"},"primaryImageOfPage":{"@id":"https:\/\/vosgesinfo.fr\/saintdieinfo\/2022\/06\/vides-greniers-marches-de-lartisanat-de-spa-deodatienne-de-retour-cet-ete\/#primaryimage"},"image":{"@id":"https:\/\/vosgesinfo.fr\/saintdieinfo\/2022\/06\/vides-greniers-marches-de-lartisanat-de-spa-deodatienne-de-retour-cet-ete\/#primaryimage"},"thumbnailUrl":"https:\/\/vosgesinfo.fr\/app\/uploads\/sites\/4\/2024\/08\/202206vide-greniers-marche-artisanat-spa-deodatienne-2.jpg","datePublished":"2022-06-03T04:09:41+00:00","dateModified":"2022-06-03T04:09:41+00:00","breadcrumb":{"@id":"https:\/\/vosgesinfo.fr\/saintdieinfo\/2022\/06\/vides-greniers-marches-de-lartisanat-de-spa-deodatienne-de-retour-cet-ete\/#breadcrumb"},"inLanguage":"fr-FR","potentialAction":[{"@type":"ReadAction","target":["https:\/\/vosgesinfo.fr\/saintdieinfo\/2022\/06\/vides-greniers-marches-de-lartisanat-de-spa-deodatienne-de-retour-cet-ete\/"]}]},{"@type":"ImageObject","inLanguage":"fr-FR","@id":"https:\/\/vosgesinfo.fr\/saintdieinfo\/2022\/06\/vides-greniers-marches-de-lartisanat-de-spa-deodatienne-de-retour-cet-ete\/#primaryimage","url":"https:\/\/vosgesinfo.fr\/app\/uploads\/sites\/4\/2024\/08\/202206vide-greniers-marche-artisanat-spa-deodatienne-2.jpg","contentUrl":"https:\/\/vosgesinfo.fr\/app\/uploads\/sites\/4\/2024\/08\/202206vide-greniers-marche-artisanat-spa-deodatienne-2.jpg","width":903,"height":653},{"@type":"BreadcrumbList","@id":"https:\/\/vosgesinfo.fr\/saintdieinfo\/2022\/06\/vides-greniers-marches-de-lartisanat-de-spa-deodatienne-de-retour-cet-ete\/#breadcrumb","itemListElement":[{"@type":"ListItem","position":1,"name":"Home","item":"https:\/\/vosgesinfo.fr\/saintdieinfo\/"},{"@type":"ListItem","position":2,"name":"Les vides-greniers et march\u00e9s de l&rsquo;artisanat de la SPA D\u00e9odatienne sont de retour cet \u00e9t\u00e9"}]},{"@type":"WebSite","@id":"https:\/\/vosgesinfo.fr\/saintdieinfo\/#website","url":"https:\/\/vosgesinfo.fr\/saintdieinfo\/","name":"Saint Die Info","description":"Toute l&#039;actualit\u00e9 de Saint-Di\u00e9-Des-Vosges","publisher":{"@id":"https:\/\/vosgesinfo.fr\/saintdieinfo\/#organization"},"alternateName":"Toute l'actualit\u00e9 de Saint-Di\u00e9-Des-Vosges","potentialAction":[{"@type":"SearchAction","target":{"@type":"EntryPoint","urlTemplate":"https:\/\/vosgesinfo.fr\/saintdieinfo\/?s={search_term_string}"},"query-input":"required name=search_term_string"}],"inLanguage":"fr-FR"},{"@type":"Organization","@id":"https:\/\/vosgesinfo.fr\/saintdieinfo\/#organization","name":"Saint Die Info","url":"https:\/\/vosgesinfo.fr\/saintdieinfo\/","logo":{"@type":"ImageObject","inLanguage":"fr-FR","@id":"https:\/\/vosgesinfo.fr\/saintdieinfo\/#\/schema\/logo\/image\/","url":"https:\/\/vosgesinfo.fr\/app\/uploads\/sites\/4\/2024\/02\/logo-sdi.jpg","contentUrl":"https:\/\/vosgesinfo.fr\/app\/uploads\/sites\/4\/2024\/02\/logo-sdi.jpg","width":600,"height":600,"caption":"Saint Die Info"},"image":{"@id":"https:\/\/vosgesinfo.fr\/saintdieinfo\/#\/schema\/logo\/image\/"},"sameAs":["https:\/\/www.facebook.com\/Saintdieinfofr","https:\/\/x.com\/VosgesInfo88","https:\/\/www.youtube.com\/@vosgesinfo"]},{"@type":"Person","@id":"https:\/\/vosgesinfo.fr\/saintdieinfo\/#\/schema\/person\/faee6704a21f3977511db84bd1cd450f","name":"la r\u00e9daction","image":{"@type":"ImageObject","inLanguage":"fr-FR","@id":"https:\/\/vosgesinfo.fr\/saintdieinfo\/#\/schema\/person\/image\/","url":"https:\/\/secure.gravatar.com\/avatar\/6673d8bc6a9c17fa9a453eaa3448de834fa308c2ec9635b7aa99441a7c8d2cf6?s=96&d=mm&r=g","contentUrl":"https:\/\/secure.gravatar.com\/avatar\/6673d8bc6a9c17fa9a453eaa3448de834fa308c2ec9635b7aa99441a7c8d2cf6?s=96&d=mm&r=g","caption":"la r\u00e9daction"},"url":"https:\/\/vosgesinfo.fr\/saintdieinfo\/author\/redac\/"}]}},"_links":{"self":[{"href":"https:\/\/vosgesinfo.fr\/saintdieinfo\/wp-json\/wp\/v2\/posts\/53957","targetHints":{"allow":["GET"]}}],"collection":[{"href":"https:\/\/vosgesinfo.fr\/saintdieinfo\/wp-json\/wp\/v2\/posts"}],"about":[{"href":"https:\/\/vosgesinfo.fr\/saintdieinfo\/wp-json\/wp\/v2\/types\/post"}],"author":[{"embeddable":true,"href":"https:\/\/vosgesinfo.fr\/saintdieinfo\/wp-json\/wp\/v2\/users\/44"}],"replies":[{"embeddable":true,"href":"https:\/\/vosgesinfo.fr\/saintdieinfo\/wp-json\/wp\/v2\/comments?post=53957"}],"version-history":[{"count":0,"href":"https:\/\/vosgesinfo.fr\/saintdieinfo\/wp-json\/wp\/v2\/posts\/53957\/revisions"}],"wp:featuredmedia":[{"embeddable":true,"href":"https:\/\/vosgesinfo.fr\/saintdieinfo\/wp-json\/wp\/v2\/media\/53958"}],"wp:attachment":[{"href":"https:\/\/vosgesinfo.fr\/saintdieinfo\/wp-json\/wp\/v2\/media?parent=53957"}],"wp:term":[{"taxonomy":"category","embeddable":true,"href":"https:\/\/vosgesinfo.fr\/saintdieinfo\/wp-json\/wp\/v2\/categories?post=53957"},{"taxonomy":"post_tag","embeddable":true,"href":"https:\/\/vosgesinfo.fr\/saintdieinfo\/wp-json\/wp\/v2\/tags?post=53957"}],"curies":[{"name":"wp","href":"https:\/\/api.w.org\/{rel}","templated":true}]}}