{"id":54112,"date":"2022-06-07T17:06:53","date_gmt":"2022-06-07T15:06:53","guid":{"rendered":"https:\/\/vosgesinfo.fr\/saintdieinfo\/2022\/06\/lorraine-17-retentions-de-permis-week-end\/"},"modified":"2022-06-07T17:06:53","modified_gmt":"2022-06-07T15:06:53","slug":"lorraine-17-retentions-de-permis-week-end","status":"publish","type":"post","link":"https:\/\/vosgesinfo.fr\/saintdieinfo\/2022\/06\/lorraine-17-retentions-de-permis-week-end\/","title":{"rendered":"Lorraine \u2013 17 r\u00e9tentions de permis ce week-end"},"content":{"rendered":"<div dir=\"auto\">\n<div id=\"attachment_184695\" style=\"width: 970px\" class=\"wp-caption aligncenter\"><a href=\"\/2022\/06\/Exc\u00e8s_Vitesse_Meurthe_et_Moselle.jpg\" target=\"_blank\" rel=\"noopener\"><img decoding=\"async\" aria-describedby=\"caption-attachment-184695\" class=\"wp-image-184695 size-large\" src=\"\/2022\/06\/Exc\u00e8s_Vitesse_Meurthe_et_Moselle-1024x504.jpg\" alt=\"Exc\u00e8s_Vitesse_Meurthe_et_Moselle\" width=\"960\" height=\"473\" \/><\/a><p id=\"caption-attachment-184695\" class=\"wp-caption-text\">(Photographie Gendarmerie de Meurthe-et-Moselle)<\/p><\/div>\n<\/div>\n<h2 dir=\"auto\"><strong><span style=\"font-size: 14pt;\">L&rsquo;ins\u00e9curit\u00e9 routi\u00e8re s&rsquo;est multipli\u00e9e sur les routes de Meurthe-et-Moselle durant ce week-end de la Pentec\u00f4te. Ces 3 derniers jours, les gendarmes ont ainsi proc\u00e9d\u00e9 \u00e0 17 r\u00e9tentions de permis de conduire pour de grands exc\u00e8s de vitesse.<\/span><\/strong><\/h2>\n<p><!--more--><\/p>\n<div dir=\"auto\">Un ressortissant allemand a notamment \u00e9t\u00e9 contr\u00f4l\u00e9 \u00e0 221 km\/h sur l&rsquo;A4, et un motard venant d&rsquo;acheter son 2 roues a \u00e9t\u00e9 arr\u00eat\u00e9 alors qu&rsquo;il circulait \u00e0 154 km\/h sur la RD913, \u00e0 Eulmont, o\u00f9 la vitesse est limit\u00e9e \u00e0 80 km\/h. Les militaires ont \u00e9galement constat\u00e9 16 conduites sous stup\u00e9fiants, 8 sous alcool, 9 conduites sans assurance et 5 sans permis de conduire. 9 v\u00e9hicules au total sont partis en fourri\u00e8re pour une p\u00e9riode de 7 jours.<\/div>\n<div dir=\"auto\">J.J.<\/div>\n<p>&nbsp;<\/p>\n","protected":false},"excerpt":{"rendered":"<p>L&rsquo;ins\u00e9curit\u00e9 routi\u00e8re s&rsquo;est multipli\u00e9e sur les routes de Meurthe-et-Moselle durant ce week-end de la Pentec\u00f4te. Ces 3 derniers jours, les [&hellip;]<\/p>\n","protected":false},"author":44,"featured_media":54113,"comment_status":"open","ping_status":"open","sticky":false,"template":"","format":"standard","meta":{"footnotes":""},"categories":[460,2924,4182],"tags":[4017,9403,2675],"class_list":["post-54112","post","type-post","status-publish","format-standard","has-post-thumbnail","hentry","category-a-la-une","category-fait-divers","category-lorraine","tag-gendarmerie-de-meurthe-et-moselle","tag-insecurite-routiere","tag-meurthe-et-moselle"],"acf":[],"yoast_head":"<!-- This site is optimized with the Yoast SEO plugin v22.5 - https:\/\/yoast.com\/wordpress\/plugins\/seo\/ -->\n<title>Lorraine \u2013 17 r\u00e9tentions de permis ce week-end - Saint Die Info<\/title>\n<meta name=\"robots\" content=\"index, follow, max-snippet:-1, max-image-preview:large, max-video-preview:-1\" \/>\n<link rel=\"canonical\" href=\"https:\/\/vosgesinfo.fr\/saintdieinfo\/2022\/06\/lorraine-17-retentions-de-permis-week-end\/\" \/>\n<meta name=\"twitter:card\" content=\"summary_large_image\" \/>\n<meta name=\"twitter:title\" content=\"Lorraine \u2013 17 r\u00e9tentions de permis ce week-end - Saint Die Info\" \/>\n<meta name=\"twitter:description\" content=\"L&rsquo;ins\u00e9curit\u00e9 routi\u00e8re s&rsquo;est multipli\u00e9e sur les routes de Meurthe-et-Moselle durant ce week-end de la Pentec\u00f4te. Ces 3 derniers jours, les [&hellip;]\" \/>\n<meta name=\"twitter:image\" content=\"https:\/\/vosgesinfo.fr\/app\/uploads\/sites\/4\/2024\/08\/202206exces-vitesse-meurthe-et-moselle.jpg\" \/>\n<meta name=\"twitter:creator\" content=\"@VosgesInfo88\" \/>\n<meta name=\"twitter:site\" content=\"@VosgesInfo88\" \/>\n<meta name=\"twitter:label1\" content=\"\u00c9crit par\" \/>\n\t<meta name=\"twitter:data1\" content=\"la r\u00e9daction\" \/>\n\t<meta name=\"twitter:label2\" content=\"Dur\u00e9e de lecture estim\u00e9e\" \/>\n\t<meta name=\"twitter:data2\" content=\"1 minute\" \/>\n<script type=\"application\/ld+json\" class=\"yoast-schema-graph\">{\"@context\":\"https:\/\/schema.org\",\"@graph\":[{\"@type\":\"Article\",\"@id\":\"https:\/\/vosgesinfo.fr\/saintdieinfo\/2022\/06\/lorraine-17-retentions-de-permis-week-end\/#article\",\"isPartOf\":{\"@id\":\"https:\/\/vosgesinfo.fr\/saintdieinfo\/2022\/06\/lorraine-17-retentions-de-permis-week-end\/\"},\"author\":{\"name\":\"la r\u00e9daction\",\"@id\":\"https:\/\/vosgesinfo.fr\/saintdieinfo\/#\/schema\/person\/faee6704a21f3977511db84bd1cd450f\"},\"headline\":\"Lorraine \u2013 17 r\u00e9tentions de permis ce week-end\",\"datePublished\":\"2022-06-07T15:06:53+00:00\",\"dateModified\":\"2022-06-07T15:06:53+00:00\",\"mainEntityOfPage\":{\"@id\":\"https:\/\/vosgesinfo.fr\/saintdieinfo\/2022\/06\/lorraine-17-retentions-de-permis-week-end\/\"},\"wordCount\":141,\"commentCount\":0,\"publisher\":{\"@id\":\"https:\/\/vosgesinfo.fr\/saintdieinfo\/#organization\"},\"image\":{\"@id\":\"https:\/\/vosgesinfo.fr\/saintdieinfo\/2022\/06\/lorraine-17-retentions-de-permis-week-end\/#primaryimage\"},\"thumbnailUrl\":\"https:\/\/vosgesinfo.fr\/app\/uploads\/sites\/4\/2024\/08\/202206exces-vitesse-meurthe-et-moselle.jpg\",\"keywords\":[\"Gendarmerie de Meurthe-et-Moselle\",\"Ins\u00e9curit\u00e9 routi\u00e8re\",\"Meurthe-et-Moselle\"],\"articleSection\":[\"A la Une\",\"Fait Divers\",\"Lorraine\"],\"inLanguage\":\"fr-FR\",\"potentialAction\":[{\"@type\":\"CommentAction\",\"name\":\"Comment\",\"target\":[\"https:\/\/vosgesinfo.fr\/saintdieinfo\/2022\/06\/lorraine-17-retentions-de-permis-week-end\/#respond\"]}]},{\"@type\":\"WebPage\",\"@id\":\"https:\/\/vosgesinfo.fr\/saintdieinfo\/2022\/06\/lorraine-17-retentions-de-permis-week-end\/\",\"url\":\"https:\/\/vosgesinfo.fr\/saintdieinfo\/2022\/06\/lorraine-17-retentions-de-permis-week-end\/\",\"name\":\"Lorraine \u2013 17 r\u00e9tentions de permis ce week-end - Saint Die Info\",\"isPartOf\":{\"@id\":\"https:\/\/vosgesinfo.fr\/saintdieinfo\/#website\"},\"primaryImageOfPage\":{\"@id\":\"https:\/\/vosgesinfo.fr\/saintdieinfo\/2022\/06\/lorraine-17-retentions-de-permis-week-end\/#primaryimage\"},\"image\":{\"@id\":\"https:\/\/vosgesinfo.fr\/saintdieinfo\/2022\/06\/lorraine-17-retentions-de-permis-week-end\/#primaryimage\"},\"thumbnailUrl\":\"https:\/\/vosgesinfo.fr\/app\/uploads\/sites\/4\/2024\/08\/202206exces-vitesse-meurthe-et-moselle.jpg\",\"datePublished\":\"2022-06-07T15:06:53+00:00\",\"dateModified\":\"2022-06-07T15:06:53+00:00\",\"breadcrumb\":{\"@id\":\"https:\/\/vosgesinfo.fr\/saintdieinfo\/2022\/06\/lorraine-17-retentions-de-permis-week-end\/#breadcrumb\"},\"inLanguage\":\"fr-FR\",\"potentialAction\":[{\"@type\":\"ReadAction\",\"target\":[\"https:\/\/vosgesinfo.fr\/saintdieinfo\/2022\/06\/lorraine-17-retentions-de-permis-week-end\/\"]}]},{\"@type\":\"ImageObject\",\"inLanguage\":\"fr-FR\",\"@id\":\"https:\/\/vosgesinfo.fr\/saintdieinfo\/2022\/06\/lorraine-17-retentions-de-permis-week-end\/#primaryimage\",\"url\":\"https:\/\/vosgesinfo.fr\/app\/uploads\/sites\/4\/2024\/08\/202206exces-vitesse-meurthe-et-moselle.jpg\",\"contentUrl\":\"https:\/\/vosgesinfo.fr\/app\/uploads\/sites\/4\/2024\/08\/202206exces-vitesse-meurthe-et-moselle.jpg\",\"width\":1993,\"height\":980},{\"@type\":\"BreadcrumbList\",\"@id\":\"https:\/\/vosgesinfo.fr\/saintdieinfo\/2022\/06\/lorraine-17-retentions-de-permis-week-end\/#breadcrumb\",\"itemListElement\":[{\"@type\":\"ListItem\",\"position\":1,\"name\":\"Home\",\"item\":\"https:\/\/vosgesinfo.fr\/saintdieinfo\/\"},{\"@type\":\"ListItem\",\"position\":2,\"name\":\"Lorraine \u2013 17 r\u00e9tentions de permis ce week-end\"}]},{\"@type\":\"WebSite\",\"@id\":\"https:\/\/vosgesinfo.fr\/saintdieinfo\/#website\",\"url\":\"https:\/\/vosgesinfo.fr\/saintdieinfo\/\",\"name\":\"Saint Die Info\",\"description\":\"Toute l&#039;actualit\u00e9 de Saint-Di\u00e9-Des-Vosges\",\"publisher\":{\"@id\":\"https:\/\/vosgesinfo.fr\/saintdieinfo\/#organization\"},\"alternateName\":\"Toute l'actualit\u00e9 de Saint-Di\u00e9-Des-Vosges\",\"potentialAction\":[{\"@type\":\"SearchAction\",\"target\":{\"@type\":\"EntryPoint\",\"urlTemplate\":\"https:\/\/vosgesinfo.fr\/saintdieinfo\/?s={search_term_string}\"},\"query-input\":\"required name=search_term_string\"}],\"inLanguage\":\"fr-FR\"},{\"@type\":\"Organization\",\"@id\":\"https:\/\/vosgesinfo.fr\/saintdieinfo\/#organization\",\"name\":\"Saint Die Info\",\"url\":\"https:\/\/vosgesinfo.fr\/saintdieinfo\/\",\"logo\":{\"@type\":\"ImageObject\",\"inLanguage\":\"fr-FR\",\"@id\":\"https:\/\/vosgesinfo.fr\/saintdieinfo\/#\/schema\/logo\/image\/\",\"url\":\"https:\/\/vosgesinfo.fr\/app\/uploads\/sites\/4\/2024\/02\/logo-sdi.jpg\",\"contentUrl\":\"https:\/\/vosgesinfo.fr\/app\/uploads\/sites\/4\/2024\/02\/logo-sdi.jpg\",\"width\":600,\"height\":600,\"caption\":\"Saint Die Info\"},\"image\":{\"@id\":\"https:\/\/vosgesinfo.fr\/saintdieinfo\/#\/schema\/logo\/image\/\"},\"sameAs\":[\"https:\/\/www.facebook.com\/Saintdieinfofr\",\"https:\/\/x.com\/VosgesInfo88\",\"https:\/\/www.youtube.com\/@vosgesinfo\"]},{\"@type\":\"Person\",\"@id\":\"https:\/\/vosgesinfo.fr\/saintdieinfo\/#\/schema\/person\/faee6704a21f3977511db84bd1cd450f\",\"name\":\"la r\u00e9daction\",\"image\":{\"@type\":\"ImageObject\",\"inLanguage\":\"fr-FR\",\"@id\":\"https:\/\/vosgesinfo.fr\/saintdieinfo\/#\/schema\/person\/image\/\",\"url\":\"https:\/\/secure.gravatar.com\/avatar\/6673d8bc6a9c17fa9a453eaa3448de834fa308c2ec9635b7aa99441a7c8d2cf6?s=96&d=mm&r=g\",\"contentUrl\":\"https:\/\/secure.gravatar.com\/avatar\/6673d8bc6a9c17fa9a453eaa3448de834fa308c2ec9635b7aa99441a7c8d2cf6?s=96&d=mm&r=g\",\"caption\":\"la r\u00e9daction\"},\"url\":\"https:\/\/vosgesinfo.fr\/saintdieinfo\/author\/redac\/\"}]}<\/script>\n<!-- \/ Yoast SEO plugin. -->","yoast_head_json":{"title":"Lorraine \u2013 17 r\u00e9tentions de permis ce week-end - Saint Die Info","robots":{"index":"index","follow":"follow","max-snippet":"max-snippet:-1","max-image-preview":"max-image-preview:large","max-video-preview":"max-video-preview:-1"},"canonical":"https:\/\/vosgesinfo.fr\/saintdieinfo\/2022\/06\/lorraine-17-retentions-de-permis-week-end\/","twitter_card":"summary_large_image","twitter_title":"Lorraine \u2013 17 r\u00e9tentions de permis ce week-end - Saint Die Info","twitter_description":"L&rsquo;ins\u00e9curit\u00e9 routi\u00e8re s&rsquo;est multipli\u00e9e sur les routes de Meurthe-et-Moselle durant ce week-end de la Pentec\u00f4te. Ces 3 derniers jours, les [&hellip;]","twitter_image":"https:\/\/vosgesinfo.fr\/app\/uploads\/sites\/4\/2024\/08\/202206exces-vitesse-meurthe-et-moselle.jpg","twitter_creator":"@VosgesInfo88","twitter_site":"@VosgesInfo88","twitter_misc":{"\u00c9crit par":"la r\u00e9daction","Dur\u00e9e de lecture estim\u00e9e":"1 minute"},"schema":{"@context":"https:\/\/schema.org","@graph":[{"@type":"Article","@id":"https:\/\/vosgesinfo.fr\/saintdieinfo\/2022\/06\/lorraine-17-retentions-de-permis-week-end\/#article","isPartOf":{"@id":"https:\/\/vosgesinfo.fr\/saintdieinfo\/2022\/06\/lorraine-17-retentions-de-permis-week-end\/"},"author":{"name":"la r\u00e9daction","@id":"https:\/\/vosgesinfo.fr\/saintdieinfo\/#\/schema\/person\/faee6704a21f3977511db84bd1cd450f"},"headline":"Lorraine \u2013 17 r\u00e9tentions de permis ce week-end","datePublished":"2022-06-07T15:06:53+00:00","dateModified":"2022-06-07T15:06:53+00:00","mainEntityOfPage":{"@id":"https:\/\/vosgesinfo.fr\/saintdieinfo\/2022\/06\/lorraine-17-retentions-de-permis-week-end\/"},"wordCount":141,"commentCount":0,"publisher":{"@id":"https:\/\/vosgesinfo.fr\/saintdieinfo\/#organization"},"image":{"@id":"https:\/\/vosgesinfo.fr\/saintdieinfo\/2022\/06\/lorraine-17-retentions-de-permis-week-end\/#primaryimage"},"thumbnailUrl":"https:\/\/vosgesinfo.fr\/app\/uploads\/sites\/4\/2024\/08\/202206exces-vitesse-meurthe-et-moselle.jpg","keywords":["Gendarmerie de Meurthe-et-Moselle","Ins\u00e9curit\u00e9 routi\u00e8re","Meurthe-et-Moselle"],"articleSection":["A la Une","Fait Divers","Lorraine"],"inLanguage":"fr-FR","potentialAction":[{"@type":"CommentAction","name":"Comment","target":["https:\/\/vosgesinfo.fr\/saintdieinfo\/2022\/06\/lorraine-17-retentions-de-permis-week-end\/#respond"]}]},{"@type":"WebPage","@id":"https:\/\/vosgesinfo.fr\/saintdieinfo\/2022\/06\/lorraine-17-retentions-de-permis-week-end\/","url":"https:\/\/vosgesinfo.fr\/saintdieinfo\/2022\/06\/lorraine-17-retentions-de-permis-week-end\/","name":"Lorraine \u2013 17 r\u00e9tentions de permis ce week-end - Saint Die Info","isPartOf":{"@id":"https:\/\/vosgesinfo.fr\/saintdieinfo\/#website"},"primaryImageOfPage":{"@id":"https:\/\/vosgesinfo.fr\/saintdieinfo\/2022\/06\/lorraine-17-retentions-de-permis-week-end\/#primaryimage"},"image":{"@id":"https:\/\/vosgesinfo.fr\/saintdieinfo\/2022\/06\/lorraine-17-retentions-de-permis-week-end\/#primaryimage"},"thumbnailUrl":"https:\/\/vosgesinfo.fr\/app\/uploads\/sites\/4\/2024\/08\/202206exces-vitesse-meurthe-et-moselle.jpg","datePublished":"2022-06-07T15:06:53+00:00","dateModified":"2022-06-07T15:06:53+00:00","breadcrumb":{"@id":"https:\/\/vosgesinfo.fr\/saintdieinfo\/2022\/06\/lorraine-17-retentions-de-permis-week-end\/#breadcrumb"},"inLanguage":"fr-FR","potentialAction":[{"@type":"ReadAction","target":["https:\/\/vosgesinfo.fr\/saintdieinfo\/2022\/06\/lorraine-17-retentions-de-permis-week-end\/"]}]},{"@type":"ImageObject","inLanguage":"fr-FR","@id":"https:\/\/vosgesinfo.fr\/saintdieinfo\/2022\/06\/lorraine-17-retentions-de-permis-week-end\/#primaryimage","url":"https:\/\/vosgesinfo.fr\/app\/uploads\/sites\/4\/2024\/08\/202206exces-vitesse-meurthe-et-moselle.jpg","contentUrl":"https:\/\/vosgesinfo.fr\/app\/uploads\/sites\/4\/2024\/08\/202206exces-vitesse-meurthe-et-moselle.jpg","width":1993,"height":980},{"@type":"BreadcrumbList","@id":"https:\/\/vosgesinfo.fr\/saintdieinfo\/2022\/06\/lorraine-17-retentions-de-permis-week-end\/#breadcrumb","itemListElement":[{"@type":"ListItem","position":1,"name":"Home","item":"https:\/\/vosgesinfo.fr\/saintdieinfo\/"},{"@type":"ListItem","position":2,"name":"Lorraine \u2013 17 r\u00e9tentions de permis ce week-end"}]},{"@type":"WebSite","@id":"https:\/\/vosgesinfo.fr\/saintdieinfo\/#website","url":"https:\/\/vosgesinfo.fr\/saintdieinfo\/","name":"Saint Die Info","description":"Toute l&#039;actualit\u00e9 de Saint-Di\u00e9-Des-Vosges","publisher":{"@id":"https:\/\/vosgesinfo.fr\/saintdieinfo\/#organization"},"alternateName":"Toute l'actualit\u00e9 de Saint-Di\u00e9-Des-Vosges","potentialAction":[{"@type":"SearchAction","target":{"@type":"EntryPoint","urlTemplate":"https:\/\/vosgesinfo.fr\/saintdieinfo\/?s={search_term_string}"},"query-input":"required name=search_term_string"}],"inLanguage":"fr-FR"},{"@type":"Organization","@id":"https:\/\/vosgesinfo.fr\/saintdieinfo\/#organization","name":"Saint Die Info","url":"https:\/\/vosgesinfo.fr\/saintdieinfo\/","logo":{"@type":"ImageObject","inLanguage":"fr-FR","@id":"https:\/\/vosgesinfo.fr\/saintdieinfo\/#\/schema\/logo\/image\/","url":"https:\/\/vosgesinfo.fr\/app\/uploads\/sites\/4\/2024\/02\/logo-sdi.jpg","contentUrl":"https:\/\/vosgesinfo.fr\/app\/uploads\/sites\/4\/2024\/02\/logo-sdi.jpg","width":600,"height":600,"caption":"Saint Die Info"},"image":{"@id":"https:\/\/vosgesinfo.fr\/saintdieinfo\/#\/schema\/logo\/image\/"},"sameAs":["https:\/\/www.facebook.com\/Saintdieinfofr","https:\/\/x.com\/VosgesInfo88","https:\/\/www.youtube.com\/@vosgesinfo"]},{"@type":"Person","@id":"https:\/\/vosgesinfo.fr\/saintdieinfo\/#\/schema\/person\/faee6704a21f3977511db84bd1cd450f","name":"la r\u00e9daction","image":{"@type":"ImageObject","inLanguage":"fr-FR","@id":"https:\/\/vosgesinfo.fr\/saintdieinfo\/#\/schema\/person\/image\/","url":"https:\/\/secure.gravatar.com\/avatar\/6673d8bc6a9c17fa9a453eaa3448de834fa308c2ec9635b7aa99441a7c8d2cf6?s=96&d=mm&r=g","contentUrl":"https:\/\/secure.gravatar.com\/avatar\/6673d8bc6a9c17fa9a453eaa3448de834fa308c2ec9635b7aa99441a7c8d2cf6?s=96&d=mm&r=g","caption":"la r\u00e9daction"},"url":"https:\/\/vosgesinfo.fr\/saintdieinfo\/author\/redac\/"}]}},"_links":{"self":[{"href":"https:\/\/vosgesinfo.fr\/saintdieinfo\/wp-json\/wp\/v2\/posts\/54112","targetHints":{"allow":["GET"]}}],"collection":[{"href":"https:\/\/vosgesinfo.fr\/saintdieinfo\/wp-json\/wp\/v2\/posts"}],"about":[{"href":"https:\/\/vosgesinfo.fr\/saintdieinfo\/wp-json\/wp\/v2\/types\/post"}],"author":[{"embeddable":true,"href":"https:\/\/vosgesinfo.fr\/saintdieinfo\/wp-json\/wp\/v2\/users\/44"}],"replies":[{"embeddable":true,"href":"https:\/\/vosgesinfo.fr\/saintdieinfo\/wp-json\/wp\/v2\/comments?post=54112"}],"version-history":[{"count":0,"href":"https:\/\/vosgesinfo.fr\/saintdieinfo\/wp-json\/wp\/v2\/posts\/54112\/revisions"}],"wp:featuredmedia":[{"embeddable":true,"href":"https:\/\/vosgesinfo.fr\/saintdieinfo\/wp-json\/wp\/v2\/media\/54113"}],"wp:attachment":[{"href":"https:\/\/vosgesinfo.fr\/saintdieinfo\/wp-json\/wp\/v2\/media?parent=54112"}],"wp:term":[{"taxonomy":"category","embeddable":true,"href":"https:\/\/vosgesinfo.fr\/saintdieinfo\/wp-json\/wp\/v2\/categories?post=54112"},{"taxonomy":"post_tag","embeddable":true,"href":"https:\/\/vosgesinfo.fr\/saintdieinfo\/wp-json\/wp\/v2\/tags?post=54112"}],"curies":[{"name":"wp","href":"https:\/\/api.w.org\/{rel}","templated":true}]}}