{"id":54116,"date":"2022-06-08T06:41:37","date_gmt":"2022-06-08T04:41:37","guid":{"rendered":"https:\/\/vosgesinfo.fr\/saintdieinfo\/2022\/06\/vosges-letat-apporte-soutien-aux-eleveurs\/"},"modified":"2022-06-08T06:41:37","modified_gmt":"2022-06-08T04:41:37","slug":"vosges-letat-apporte-soutien-aux-eleveurs","status":"publish","type":"post","link":"https:\/\/vosgesinfo.fr\/saintdieinfo\/2022\/06\/vosges-letat-apporte-soutien-aux-eleveurs\/","title":{"rendered":"Vosges \u2013 L&rsquo;Etat apporte un soutien aux \u00e9leveurs"},"content":{"rendered":"<h2><strong><span style=\"font-size: 14pt;\"><span dir=\"ltr\">Dans le cadre des mesures d\u2019aide d\u2019\u00c9tat visant \u00e0 soutenir l\u2019\u00e9conomie \u00e0 la suite au conflit Russo-<\/span><span dir=\"ltr\">Ukrainien, un plan de r\u00e9silience alimentation animale avec un dispositif de soutien aux \u00e9leveurs de <\/span><span dir=\"ltr\">m\u00e9tropole<\/span> <span dir=\"ltr\">est ouvert avec<\/span> <span dir=\"ltr\">une enveloppe de 310<\/span> <span dir=\"ltr\">millions d&rsquo;euros.<\/span><\/span><\/strong><\/h2>\n<p><!--more--><\/p>\n<p><span dir=\"ltr\">Les mati\u00e8res premi\u00e8res agricoles, et notamment les c\u00e9r\u00e9ales et les prot\u00e9ines v\u00e9g\u00e9tales, ont vu leur prix<\/span><span dir=\"ltr\"> fortement augmenter. Ce dispositif vise \u00e0 compenser une partie des surco\u00fbts d\u2019alimentation animale<\/span><span dir=\"ltr\"> des exploitations agricoles et piscicoles, sur une dur\u00e9e de 4 mois (du 16 mars au 15 juillet 2022). <\/span><span dir=\"ltr\">Les demandes doivent \u00eatre d\u00e9pos\u00e9es du 30 mai \u00e0 14h au 17 juin 2022 \u00e0 14h.<\/span><\/p>\n<p><span dir=\"ltr\">Les demandes sont obligatoirement faites sur la plate-forme d\u2019acquisition des donn\u00e9es (\u00ab PAD \u00bb) de<\/span><span dir=\"ltr\"> FranceAgriMer : <\/span><strong><a href=\"https:\/\/pad.agriculture.gouv.fr\/pad-presentation\/vues\/publique\/retrait-dispositif.xhtml?%20codeDispositif=UKRAINE_ELEVEUR_2022\" target=\"_blank\" rel=\"noopener\"><span dir=\"ltr\">https:\/\/pad.agriculture.gouv.fr\/pad-presentation\/vues\/publique\/retrait-dispositif.xhtml?<\/span><\/a><\/strong><strong><a href=\"https:\/\/pad.agriculture.gouv.fr\/pad-presentation\/vues\/publique\/retrait-dispositif.xhtml?%20codeDispositif=UKRAINE_ELEVEUR_2022\" target=\"_blank\" rel=\"noopener\"><span dir=\"ltr\">codeDispositif=UKRAINE_ELEVEUR_2022<\/span><\/a><\/strong><\/p>\n<p><span dir=\"ltr\">Toutes les informations utiles sont disponibles en ligne, sur le site de FranceAgriMer : <\/span><strong><span dir=\"ltr\"><a href=\"https:\/\/www.franceagrimer.fr\/Accompagner\/Plan-de-resilience\/Alimentation-animale-eleveurs\" target=\"_blank\" rel=\"noopener\">https:\/\/www.franceagrimer.fr\/Accompagner\/Plan-de-resilience\/Alimentation-animale-eleveurs<\/a><\/span><\/strong><\/p>\n<p><span dir=\"ltr\">Les \u00e9leveurs peuvent obtenir des informations compl\u00e9mentaires aup<\/span><span dir=\"ltr\">r\u00e8s<\/span> <span dir=\"ltr\">de<\/span> <span dir=\"ltr\">l<\/span><span dir=\"ltr\">a DDT des Vosges<\/span> <span dir=\"ltr\">:<\/span><\/p>\n<ul>\n<li><span dir=\"ltr\">Par mail<\/span> <span dir=\"ltr\">: <strong><a href=\"mailto:ddt-seaf-pse@vosges.gouv.fr\" target=\"_blank\" rel=\"noopener\">ddt-seaf-pse@vosges.gouv.fr<\/a><\/strong><\/span><\/li>\n<li><span dir=\"ltr\">P<\/span><span dir=\"ltr\">ar t\u00e9l\u00e9phone<\/span> <span dir=\"ltr\">:<\/span> <strong><span dir=\"ltr\">03 29 69 12 58<\/span><\/strong> <span dir=\"ltr\">\/ <strong>06 63 36 97 88<\/strong> S\u00e9bastien PIERRE<\/span><\/li>\n<\/ul>\n","protected":false},"excerpt":{"rendered":"<p>Dans le cadre des mesures d\u2019aide d\u2019\u00c9tat visant \u00e0 soutenir l\u2019\u00e9conomie \u00e0 la suite au conflit Russo-Ukrainien, un plan de [&hellip;]<\/p>\n","protected":false},"author":44,"featured_media":54117,"comment_status":"open","ping_status":"open","sticky":false,"template":"","format":"standard","meta":{"footnotes":""},"categories":[460,128,18],"tags":[11621,10405,11622],"class_list":["post-54116","post","type-post","status-publish","format-standard","has-post-thumbnail","hentry","category-a-la-une","category-agriculture","category-vosges","tag-eleveurs-des-vosges","tag-guerre-en-ukraine","tag-soutien-de-letat-aux-eleveurs"],"acf":[],"yoast_head":"<!-- This site is optimized with the Yoast SEO plugin v22.5 - https:\/\/yoast.com\/wordpress\/plugins\/seo\/ -->\n<title>Vosges \u2013 L&#039;Etat apporte un soutien aux \u00e9leveurs - Saint Die Info<\/title>\n<meta name=\"robots\" content=\"index, follow, max-snippet:-1, max-image-preview:large, max-video-preview:-1\" \/>\n<link rel=\"canonical\" href=\"https:\/\/vosgesinfo.fr\/saintdieinfo\/2022\/06\/vosges-letat-apporte-soutien-aux-eleveurs\/\" \/>\n<meta name=\"twitter:card\" content=\"summary_large_image\" \/>\n<meta name=\"twitter:title\" content=\"Vosges \u2013 L&#039;Etat apporte un soutien aux \u00e9leveurs - Saint Die Info\" \/>\n<meta name=\"twitter:description\" content=\"Dans le cadre des mesures d\u2019aide d\u2019\u00c9tat visant \u00e0 soutenir l\u2019\u00e9conomie \u00e0 la suite au conflit Russo-Ukrainien, un plan de [&hellip;]\" \/>\n<meta name=\"twitter:image\" content=\"https:\/\/vosgesinfo.fr\/app\/uploads\/sites\/4\/2024\/08\/202201vaches-2.jpg\" \/>\n<meta name=\"twitter:creator\" content=\"@VosgesInfo88\" \/>\n<meta name=\"twitter:site\" content=\"@VosgesInfo88\" \/>\n<meta name=\"twitter:label1\" content=\"\u00c9crit par\" \/>\n\t<meta name=\"twitter:data1\" content=\"la r\u00e9daction\" \/>\n\t<meta name=\"twitter:label2\" content=\"Dur\u00e9e de lecture estim\u00e9e\" \/>\n\t<meta name=\"twitter:data2\" content=\"1 minute\" \/>\n<script type=\"application\/ld+json\" class=\"yoast-schema-graph\">{\"@context\":\"https:\/\/schema.org\",\"@graph\":[{\"@type\":\"Article\",\"@id\":\"https:\/\/vosgesinfo.fr\/saintdieinfo\/2022\/06\/vosges-letat-apporte-soutien-aux-eleveurs\/#article\",\"isPartOf\":{\"@id\":\"https:\/\/vosgesinfo.fr\/saintdieinfo\/2022\/06\/vosges-letat-apporte-soutien-aux-eleveurs\/\"},\"author\":{\"name\":\"la r\u00e9daction\",\"@id\":\"https:\/\/vosgesinfo.fr\/saintdieinfo\/#\/schema\/person\/faee6704a21f3977511db84bd1cd450f\"},\"headline\":\"Vosges \u2013 L&rsquo;Etat apporte un soutien aux \u00e9leveurs\",\"datePublished\":\"2022-06-08T04:41:37+00:00\",\"dateModified\":\"2022-06-08T04:41:37+00:00\",\"mainEntityOfPage\":{\"@id\":\"https:\/\/vosgesinfo.fr\/saintdieinfo\/2022\/06\/vosges-letat-apporte-soutien-aux-eleveurs\/\"},\"wordCount\":198,\"commentCount\":0,\"publisher\":{\"@id\":\"https:\/\/vosgesinfo.fr\/saintdieinfo\/#organization\"},\"image\":{\"@id\":\"https:\/\/vosgesinfo.fr\/saintdieinfo\/2022\/06\/vosges-letat-apporte-soutien-aux-eleveurs\/#primaryimage\"},\"thumbnailUrl\":\"https:\/\/vosgesinfo.fr\/app\/uploads\/sites\/4\/2024\/08\/202201vaches-2.jpg\",\"keywords\":[\"Eleveurs des Vosges\",\"Guerre en Ukraine\",\"Soutien de l'Etat aux \u00e9leveurs\"],\"articleSection\":[\"A la Une\",\"Agriculture\",\"Vosges\"],\"inLanguage\":\"fr-FR\",\"potentialAction\":[{\"@type\":\"CommentAction\",\"name\":\"Comment\",\"target\":[\"https:\/\/vosgesinfo.fr\/saintdieinfo\/2022\/06\/vosges-letat-apporte-soutien-aux-eleveurs\/#respond\"]}]},{\"@type\":\"WebPage\",\"@id\":\"https:\/\/vosgesinfo.fr\/saintdieinfo\/2022\/06\/vosges-letat-apporte-soutien-aux-eleveurs\/\",\"url\":\"https:\/\/vosgesinfo.fr\/saintdieinfo\/2022\/06\/vosges-letat-apporte-soutien-aux-eleveurs\/\",\"name\":\"Vosges \u2013 L'Etat apporte un soutien aux \u00e9leveurs - Saint Die Info\",\"isPartOf\":{\"@id\":\"https:\/\/vosgesinfo.fr\/saintdieinfo\/#website\"},\"primaryImageOfPage\":{\"@id\":\"https:\/\/vosgesinfo.fr\/saintdieinfo\/2022\/06\/vosges-letat-apporte-soutien-aux-eleveurs\/#primaryimage\"},\"image\":{\"@id\":\"https:\/\/vosgesinfo.fr\/saintdieinfo\/2022\/06\/vosges-letat-apporte-soutien-aux-eleveurs\/#primaryimage\"},\"thumbnailUrl\":\"https:\/\/vosgesinfo.fr\/app\/uploads\/sites\/4\/2024\/08\/202201vaches-2.jpg\",\"datePublished\":\"2022-06-08T04:41:37+00:00\",\"dateModified\":\"2022-06-08T04:41:37+00:00\",\"breadcrumb\":{\"@id\":\"https:\/\/vosgesinfo.fr\/saintdieinfo\/2022\/06\/vosges-letat-apporte-soutien-aux-eleveurs\/#breadcrumb\"},\"inLanguage\":\"fr-FR\",\"potentialAction\":[{\"@type\":\"ReadAction\",\"target\":[\"https:\/\/vosgesinfo.fr\/saintdieinfo\/2022\/06\/vosges-letat-apporte-soutien-aux-eleveurs\/\"]}]},{\"@type\":\"ImageObject\",\"inLanguage\":\"fr-FR\",\"@id\":\"https:\/\/vosgesinfo.fr\/saintdieinfo\/2022\/06\/vosges-letat-apporte-soutien-aux-eleveurs\/#primaryimage\",\"url\":\"https:\/\/vosgesinfo.fr\/app\/uploads\/sites\/4\/2024\/08\/202201vaches-2.jpg\",\"contentUrl\":\"https:\/\/vosgesinfo.fr\/app\/uploads\/sites\/4\/2024\/08\/202201vaches-2.jpg\",\"width\":1600,\"height\":901},{\"@type\":\"BreadcrumbList\",\"@id\":\"https:\/\/vosgesinfo.fr\/saintdieinfo\/2022\/06\/vosges-letat-apporte-soutien-aux-eleveurs\/#breadcrumb\",\"itemListElement\":[{\"@type\":\"ListItem\",\"position\":1,\"name\":\"Home\",\"item\":\"https:\/\/vosgesinfo.fr\/saintdieinfo\/\"},{\"@type\":\"ListItem\",\"position\":2,\"name\":\"Vosges \u2013 L&rsquo;Etat apporte un soutien aux \u00e9leveurs\"}]},{\"@type\":\"WebSite\",\"@id\":\"https:\/\/vosgesinfo.fr\/saintdieinfo\/#website\",\"url\":\"https:\/\/vosgesinfo.fr\/saintdieinfo\/\",\"name\":\"Saint Die Info\",\"description\":\"Toute l&#039;actualit\u00e9 de Saint-Di\u00e9-Des-Vosges\",\"publisher\":{\"@id\":\"https:\/\/vosgesinfo.fr\/saintdieinfo\/#organization\"},\"alternateName\":\"Toute l'actualit\u00e9 de Saint-Di\u00e9-Des-Vosges\",\"potentialAction\":[{\"@type\":\"SearchAction\",\"target\":{\"@type\":\"EntryPoint\",\"urlTemplate\":\"https:\/\/vosgesinfo.fr\/saintdieinfo\/?s={search_term_string}\"},\"query-input\":\"required name=search_term_string\"}],\"inLanguage\":\"fr-FR\"},{\"@type\":\"Organization\",\"@id\":\"https:\/\/vosgesinfo.fr\/saintdieinfo\/#organization\",\"name\":\"Saint Die Info\",\"url\":\"https:\/\/vosgesinfo.fr\/saintdieinfo\/\",\"logo\":{\"@type\":\"ImageObject\",\"inLanguage\":\"fr-FR\",\"@id\":\"https:\/\/vosgesinfo.fr\/saintdieinfo\/#\/schema\/logo\/image\/\",\"url\":\"https:\/\/vosgesinfo.fr\/app\/uploads\/sites\/4\/2024\/02\/logo-sdi.jpg\",\"contentUrl\":\"https:\/\/vosgesinfo.fr\/app\/uploads\/sites\/4\/2024\/02\/logo-sdi.jpg\",\"width\":600,\"height\":600,\"caption\":\"Saint Die Info\"},\"image\":{\"@id\":\"https:\/\/vosgesinfo.fr\/saintdieinfo\/#\/schema\/logo\/image\/\"},\"sameAs\":[\"https:\/\/www.facebook.com\/Saintdieinfofr\",\"https:\/\/x.com\/VosgesInfo88\",\"https:\/\/www.youtube.com\/@vosgesinfo\"]},{\"@type\":\"Person\",\"@id\":\"https:\/\/vosgesinfo.fr\/saintdieinfo\/#\/schema\/person\/faee6704a21f3977511db84bd1cd450f\",\"name\":\"la r\u00e9daction\",\"image\":{\"@type\":\"ImageObject\",\"inLanguage\":\"fr-FR\",\"@id\":\"https:\/\/vosgesinfo.fr\/saintdieinfo\/#\/schema\/person\/image\/\",\"url\":\"https:\/\/secure.gravatar.com\/avatar\/6673d8bc6a9c17fa9a453eaa3448de834fa308c2ec9635b7aa99441a7c8d2cf6?s=96&d=mm&r=g\",\"contentUrl\":\"https:\/\/secure.gravatar.com\/avatar\/6673d8bc6a9c17fa9a453eaa3448de834fa308c2ec9635b7aa99441a7c8d2cf6?s=96&d=mm&r=g\",\"caption\":\"la r\u00e9daction\"},\"url\":\"https:\/\/vosgesinfo.fr\/saintdieinfo\/author\/redac\/\"}]}<\/script>\n<!-- \/ Yoast SEO plugin. -->","yoast_head_json":{"title":"Vosges \u2013 L'Etat apporte un soutien aux \u00e9leveurs - Saint Die Info","robots":{"index":"index","follow":"follow","max-snippet":"max-snippet:-1","max-image-preview":"max-image-preview:large","max-video-preview":"max-video-preview:-1"},"canonical":"https:\/\/vosgesinfo.fr\/saintdieinfo\/2022\/06\/vosges-letat-apporte-soutien-aux-eleveurs\/","twitter_card":"summary_large_image","twitter_title":"Vosges \u2013 L'Etat apporte un soutien aux \u00e9leveurs - Saint Die Info","twitter_description":"Dans le cadre des mesures d\u2019aide d\u2019\u00c9tat visant \u00e0 soutenir l\u2019\u00e9conomie \u00e0 la suite au conflit Russo-Ukrainien, un plan de [&hellip;]","twitter_image":"https:\/\/vosgesinfo.fr\/app\/uploads\/sites\/4\/2024\/08\/202201vaches-2.jpg","twitter_creator":"@VosgesInfo88","twitter_site":"@VosgesInfo88","twitter_misc":{"\u00c9crit par":"la r\u00e9daction","Dur\u00e9e de lecture estim\u00e9e":"1 minute"},"schema":{"@context":"https:\/\/schema.org","@graph":[{"@type":"Article","@id":"https:\/\/vosgesinfo.fr\/saintdieinfo\/2022\/06\/vosges-letat-apporte-soutien-aux-eleveurs\/#article","isPartOf":{"@id":"https:\/\/vosgesinfo.fr\/saintdieinfo\/2022\/06\/vosges-letat-apporte-soutien-aux-eleveurs\/"},"author":{"name":"la r\u00e9daction","@id":"https:\/\/vosgesinfo.fr\/saintdieinfo\/#\/schema\/person\/faee6704a21f3977511db84bd1cd450f"},"headline":"Vosges \u2013 L&rsquo;Etat apporte un soutien aux \u00e9leveurs","datePublished":"2022-06-08T04:41:37+00:00","dateModified":"2022-06-08T04:41:37+00:00","mainEntityOfPage":{"@id":"https:\/\/vosgesinfo.fr\/saintdieinfo\/2022\/06\/vosges-letat-apporte-soutien-aux-eleveurs\/"},"wordCount":198,"commentCount":0,"publisher":{"@id":"https:\/\/vosgesinfo.fr\/saintdieinfo\/#organization"},"image":{"@id":"https:\/\/vosgesinfo.fr\/saintdieinfo\/2022\/06\/vosges-letat-apporte-soutien-aux-eleveurs\/#primaryimage"},"thumbnailUrl":"https:\/\/vosgesinfo.fr\/app\/uploads\/sites\/4\/2024\/08\/202201vaches-2.jpg","keywords":["Eleveurs des Vosges","Guerre en Ukraine","Soutien de l'Etat aux \u00e9leveurs"],"articleSection":["A la Une","Agriculture","Vosges"],"inLanguage":"fr-FR","potentialAction":[{"@type":"CommentAction","name":"Comment","target":["https:\/\/vosgesinfo.fr\/saintdieinfo\/2022\/06\/vosges-letat-apporte-soutien-aux-eleveurs\/#respond"]}]},{"@type":"WebPage","@id":"https:\/\/vosgesinfo.fr\/saintdieinfo\/2022\/06\/vosges-letat-apporte-soutien-aux-eleveurs\/","url":"https:\/\/vosgesinfo.fr\/saintdieinfo\/2022\/06\/vosges-letat-apporte-soutien-aux-eleveurs\/","name":"Vosges \u2013 L'Etat apporte un soutien aux \u00e9leveurs - Saint Die Info","isPartOf":{"@id":"https:\/\/vosgesinfo.fr\/saintdieinfo\/#website"},"primaryImageOfPage":{"@id":"https:\/\/vosgesinfo.fr\/saintdieinfo\/2022\/06\/vosges-letat-apporte-soutien-aux-eleveurs\/#primaryimage"},"image":{"@id":"https:\/\/vosgesinfo.fr\/saintdieinfo\/2022\/06\/vosges-letat-apporte-soutien-aux-eleveurs\/#primaryimage"},"thumbnailUrl":"https:\/\/vosgesinfo.fr\/app\/uploads\/sites\/4\/2024\/08\/202201vaches-2.jpg","datePublished":"2022-06-08T04:41:37+00:00","dateModified":"2022-06-08T04:41:37+00:00","breadcrumb":{"@id":"https:\/\/vosgesinfo.fr\/saintdieinfo\/2022\/06\/vosges-letat-apporte-soutien-aux-eleveurs\/#breadcrumb"},"inLanguage":"fr-FR","potentialAction":[{"@type":"ReadAction","target":["https:\/\/vosgesinfo.fr\/saintdieinfo\/2022\/06\/vosges-letat-apporte-soutien-aux-eleveurs\/"]}]},{"@type":"ImageObject","inLanguage":"fr-FR","@id":"https:\/\/vosgesinfo.fr\/saintdieinfo\/2022\/06\/vosges-letat-apporte-soutien-aux-eleveurs\/#primaryimage","url":"https:\/\/vosgesinfo.fr\/app\/uploads\/sites\/4\/2024\/08\/202201vaches-2.jpg","contentUrl":"https:\/\/vosgesinfo.fr\/app\/uploads\/sites\/4\/2024\/08\/202201vaches-2.jpg","width":1600,"height":901},{"@type":"BreadcrumbList","@id":"https:\/\/vosgesinfo.fr\/saintdieinfo\/2022\/06\/vosges-letat-apporte-soutien-aux-eleveurs\/#breadcrumb","itemListElement":[{"@type":"ListItem","position":1,"name":"Home","item":"https:\/\/vosgesinfo.fr\/saintdieinfo\/"},{"@type":"ListItem","position":2,"name":"Vosges \u2013 L&rsquo;Etat apporte un soutien aux \u00e9leveurs"}]},{"@type":"WebSite","@id":"https:\/\/vosgesinfo.fr\/saintdieinfo\/#website","url":"https:\/\/vosgesinfo.fr\/saintdieinfo\/","name":"Saint Die Info","description":"Toute l&#039;actualit\u00e9 de Saint-Di\u00e9-Des-Vosges","publisher":{"@id":"https:\/\/vosgesinfo.fr\/saintdieinfo\/#organization"},"alternateName":"Toute l'actualit\u00e9 de Saint-Di\u00e9-Des-Vosges","potentialAction":[{"@type":"SearchAction","target":{"@type":"EntryPoint","urlTemplate":"https:\/\/vosgesinfo.fr\/saintdieinfo\/?s={search_term_string}"},"query-input":"required name=search_term_string"}],"inLanguage":"fr-FR"},{"@type":"Organization","@id":"https:\/\/vosgesinfo.fr\/saintdieinfo\/#organization","name":"Saint Die Info","url":"https:\/\/vosgesinfo.fr\/saintdieinfo\/","logo":{"@type":"ImageObject","inLanguage":"fr-FR","@id":"https:\/\/vosgesinfo.fr\/saintdieinfo\/#\/schema\/logo\/image\/","url":"https:\/\/vosgesinfo.fr\/app\/uploads\/sites\/4\/2024\/02\/logo-sdi.jpg","contentUrl":"https:\/\/vosgesinfo.fr\/app\/uploads\/sites\/4\/2024\/02\/logo-sdi.jpg","width":600,"height":600,"caption":"Saint Die Info"},"image":{"@id":"https:\/\/vosgesinfo.fr\/saintdieinfo\/#\/schema\/logo\/image\/"},"sameAs":["https:\/\/www.facebook.com\/Saintdieinfofr","https:\/\/x.com\/VosgesInfo88","https:\/\/www.youtube.com\/@vosgesinfo"]},{"@type":"Person","@id":"https:\/\/vosgesinfo.fr\/saintdieinfo\/#\/schema\/person\/faee6704a21f3977511db84bd1cd450f","name":"la r\u00e9daction","image":{"@type":"ImageObject","inLanguage":"fr-FR","@id":"https:\/\/vosgesinfo.fr\/saintdieinfo\/#\/schema\/person\/image\/","url":"https:\/\/secure.gravatar.com\/avatar\/6673d8bc6a9c17fa9a453eaa3448de834fa308c2ec9635b7aa99441a7c8d2cf6?s=96&d=mm&r=g","contentUrl":"https:\/\/secure.gravatar.com\/avatar\/6673d8bc6a9c17fa9a453eaa3448de834fa308c2ec9635b7aa99441a7c8d2cf6?s=96&d=mm&r=g","caption":"la r\u00e9daction"},"url":"https:\/\/vosgesinfo.fr\/saintdieinfo\/author\/redac\/"}]}},"_links":{"self":[{"href":"https:\/\/vosgesinfo.fr\/saintdieinfo\/wp-json\/wp\/v2\/posts\/54116","targetHints":{"allow":["GET"]}}],"collection":[{"href":"https:\/\/vosgesinfo.fr\/saintdieinfo\/wp-json\/wp\/v2\/posts"}],"about":[{"href":"https:\/\/vosgesinfo.fr\/saintdieinfo\/wp-json\/wp\/v2\/types\/post"}],"author":[{"embeddable":true,"href":"https:\/\/vosgesinfo.fr\/saintdieinfo\/wp-json\/wp\/v2\/users\/44"}],"replies":[{"embeddable":true,"href":"https:\/\/vosgesinfo.fr\/saintdieinfo\/wp-json\/wp\/v2\/comments?post=54116"}],"version-history":[{"count":0,"href":"https:\/\/vosgesinfo.fr\/saintdieinfo\/wp-json\/wp\/v2\/posts\/54116\/revisions"}],"wp:featuredmedia":[{"embeddable":true,"href":"https:\/\/vosgesinfo.fr\/saintdieinfo\/wp-json\/wp\/v2\/media\/54117"}],"wp:attachment":[{"href":"https:\/\/vosgesinfo.fr\/saintdieinfo\/wp-json\/wp\/v2\/media?parent=54116"}],"wp:term":[{"taxonomy":"category","embeddable":true,"href":"https:\/\/vosgesinfo.fr\/saintdieinfo\/wp-json\/wp\/v2\/categories?post=54116"},{"taxonomy":"post_tag","embeddable":true,"href":"https:\/\/vosgesinfo.fr\/saintdieinfo\/wp-json\/wp\/v2\/tags?post=54116"}],"curies":[{"name":"wp","href":"https:\/\/api.w.org\/{rel}","templated":true}]}}