{"id":54436,"date":"2022-06-17T07:34:19","date_gmt":"2022-06-17T05:34:19","guid":{"rendered":"https:\/\/vosgesinfo.fr\/saintdieinfo\/2022\/06\/feux-de-foret-adopter-bons-comportements-preserver-espaces-naturels\/"},"modified":"2022-06-17T07:34:19","modified_gmt":"2022-06-17T05:34:19","slug":"feux-de-foret-adopter-bons-comportements-preserver-espaces-naturels","status":"publish","type":"post","link":"https:\/\/vosgesinfo.fr\/saintdieinfo\/2022\/06\/feux-de-foret-adopter-bons-comportements-preserver-espaces-naturels\/","title":{"rendered":"Feux de for\u00eat : adopter les bons comportements pour pr\u00e9server les espaces naturels"},"content":{"rendered":"<div class=\"kvgmc6g5 cxmmr5t8 oygrvhab hcukyx3x c1et5uql ii04i59q\"><\/div>\n<div class=\"cxmmr5t8 oygrvhab hcukyx3x c1et5uql o9v6fnle ii04i59q\">\n<div dir=\"auto\">\n<div id=\"attachment_142851\" style=\"width: 970px\" class=\"wp-caption aligncenter\"><a href=\"\/2019\/07\/Pr\u00e9vention_Feux_For\u00eats_SDIS88-4.jpg\" target=\"_blank\" rel=\"noopener\"><img decoding=\"async\" aria-describedby=\"caption-attachment-142851\" class=\"wp-image-142851 size-large\" src=\"\/2019\/07\/Pr\u00e9vention_Feux_For\u00eats_SDIS88-4-1024x684.jpg\" alt=\"Pr\u00e9vention_Feux_For\u00eats_SDIS88 (4)\" width=\"960\" height=\"641\" \/><\/a><p id=\"caption-attachment-142851\" class=\"wp-caption-text\">(Photographie SDIS 88. Archive)<\/p><\/div>\n<\/div>\n<h2 dir=\"auto\"><strong><span style=\"font-size: 14pt;\">Avec ces fortes chaleurs, nous sommes nombreux \u00e0 avoir envie de profiter du grand air et de la nature. Il est cependant essentiel de faire preuve de vigilance, et d\u2019adopter de bons comportements afin d\u2019\u00e9viter les d\u00e9parts de feux. Le risque d\u2019incendie est influenc\u00e9 par de multiples facteurs (m\u00e9t\u00e9orologie, topographie, v\u00e9g\u00e9tation, activit\u00e9s humaines).<\/span><\/strong><\/h2>\n<\/div>\n<p><!--more--><\/p>\n<div class=\"cxmmr5t8 oygrvhab hcukyx3x c1et5uql o9v6fnle ii04i59q\">\n<h3 dir=\"auto\"><strong><span style=\"font-size: 12pt;\">La pr\u00e9vention du risque incendie de for\u00eat passe avant tout par des comportements responsables. Par des gestes simples, il est possible de r\u00e9duire consid\u00e9rablement le risque de d\u00e9part de feu de v\u00e9g\u00e9tation :<\/span><\/strong><\/h3>\n<\/div>\n<div class=\"cxmmr5t8 oygrvhab hcukyx3x c1et5uql o9v6fnle ii04i59q\">\n<ul>\n<li dir=\"auto\">\u00a0Ne pas faire usage de mat\u00e9riel provoquant des \u00e9tincelles (d\u00e9broussailleuse, disqueuse, meuleuse, poste \u00e0 souder, etc.) ;<\/li>\n<li dir=\"auto\">\u00a0Ne pas jeter de m\u00e9got par terre ou par la fen\u00eatre d\u2019un v\u00e9hicule ;<\/li>\n<li dir=\"auto\">\u00a0Ne pas faire de barbecue pr\u00e8s de la v\u00e9g\u00e9tation ;<\/li>\n<li dir=\"auto\">\u00a0Ne pas stocker de combustibles pr\u00e8s des maisons (bois de chemin\u00e9e, peintures ou solvants, citernes de gaz ou de fuel) ;<\/li>\n<li dir=\"auto\">\u00a0Respecter les consignes de s\u00e9curit\u00e9 et les interdictions d\u2019acc\u00e8s aux espaces forestiers.<\/li>\n<\/ul>\n<\/div>\n<div class=\"cxmmr5t8 oygrvhab hcukyx3x c1et5uql o9v6fnle ii04i59q\">\n<div dir=\"auto\">Riverains, touristes, randonneurs : restez vigilants ! Lors d\u2019un d\u00e9part de feu, contactez dans les plus brefs d\u00e9lais les services des pompiers (18) et des urgences (112 ou 114 pour les personnes sourdes ou malentendantes). Ensemble, adoptons les bons comportements afin d\u2019\u00e9viter tout d\u00e9part de feu, et ainsi pr\u00e9server notre nature et \u00e9viter de mettre en danger nos concitoyens !<\/div>\n<\/div>\n<div class=\"cxmmr5t8 oygrvhab hcukyx3x c1et5uql o9v6fnle ii04i59q\">\n<div dir=\"auto\"><\/div>\n<div dir=\"auto\">Retrouvez toutes les informations et les conseils :\u00a0<a class=\"oajrlxb2 g5ia77u1 qu0x051f esr5mh6w e9989ue4 r7d6kgcz rq0escxv nhd2j8a9 nc684nl6 p7hjln8o kvgmc6g5 cxmmr5t8 oygrvhab hcukyx3x jb3vyjys rz4wbd8a qt6c0cv9 a8nywdso i1ao9s8h esuyzwwr f1sip0of lzcic4wl gpro0wi8 py34i1dx\" tabindex=\"0\" href=\"https:\/\/l.facebook.com\/l.php?u=https%3A%2F%2Fwww.ecologie.gouv.fr%2Fprevention-des-feux-foret%3Ffbclid%3DIwAR3f_hruBU2wOOeRrqyr88tM6cazRXePhI1DkB7RoIdVnNBeqgTrhC3P0LQ&amp;h=AT0-psk5f2Co3Kg27BK8USxlfsDatRfkD_iHiT65m0LzC51Hi_PaVHM3Hd0Rfhi8Rh3yHrgoFCWqLjZujOvbRKP4UPddz_K3grc5o4qqTTTKk7J9CuE4YmviMlDOUD3aLTNR_WjJvYttXnnm5WEY&amp;__tn__=-UK-R&amp;c[0]=AT3xCRH9l_HnwSNmywpf0uLKAXEDz1X_LzyYttlmI-jeTiHEY_tA41MIrKuMlfEkM55mInoBmdJFI_qf-NtVqrJ1A2mGhPrA-hF-9GG5uTJoEuhsLSnOfnsFGPLu3fAUkQ4Mo9S9SGVn_02a4zAwyoMoHKJVsVIlp3OKDCpqQFnKfjpTUUSL0pYfah_ST22BneTuQ1AF\" target=\"_blank\" rel=\"nofollow noopener\">https:\/\/www.ecologie.gouv.fr\/prevention-des-feux-foret<\/a><\/div>\n<div dir=\"auto\"><a href=\"\/2022\/06\/Feux_de_For\u00eat.jpg\" target=\"_blank\" rel=\"noopener\"><img decoding=\"async\" class=\"aligncenter wp-image-185177 size-large\" src=\"\/2022\/06\/Feux_de_For\u00eat-724x1024.jpg\" alt=\"Feux_de_For\u00eat\" width=\"724\" height=\"1024\" \/><\/a><\/div>\n<\/div>\n<p>&nbsp;<\/p>\n","protected":false},"excerpt":{"rendered":"<p>Avec ces fortes chaleurs, nous sommes nombreux \u00e0 avoir envie de profiter du grand air et de la nature. Il [&hellip;]<\/p>\n","protected":false},"author":44,"featured_media":22444,"comment_status":"open","ping_status":"open","sticky":false,"template":"","format":"standard","meta":{"footnotes":""},"categories":[460,18],"tags":[1403,550,11729],"class_list":["post-54436","post","type-post","status-publish","format-standard","has-post-thumbnail","hentry","category-a-la-une","category-vosges","tag-feux-de-foret","tag-prefecture-des-vosges","tag-prevention-contre-les-feux-de-foret"],"acf":[],"yoast_head":"<!-- This site is optimized with the Yoast SEO plugin v22.5 - https:\/\/yoast.com\/wordpress\/plugins\/seo\/ -->\n<title>Feux de for\u00eat : adopter les bons comportements pour pr\u00e9server les espaces naturels - Saint Die Info<\/title>\n<meta name=\"robots\" content=\"index, follow, max-snippet:-1, max-image-preview:large, max-video-preview:-1\" \/>\n<link rel=\"canonical\" href=\"https:\/\/vosgesinfo.fr\/saintdieinfo\/2022\/06\/feux-de-foret-adopter-bons-comportements-preserver-espaces-naturels\/\" \/>\n<meta name=\"twitter:card\" content=\"summary_large_image\" \/>\n<meta name=\"twitter:title\" content=\"Feux de for\u00eat : adopter les bons comportements pour pr\u00e9server les espaces naturels - Saint Die Info\" \/>\n<meta name=\"twitter:description\" content=\"Avec ces fortes chaleurs, nous sommes nombreux \u00e0 avoir envie de profiter du grand air et de la nature. Il [&hellip;]\" \/>\n<meta name=\"twitter:image\" content=\"https:\/\/vosgesinfo.fr\/app\/uploads\/sites\/4\/2019\/07\/prevention-feux-forets-sdis88-4.jpg\" \/>\n<meta name=\"twitter:creator\" content=\"@VosgesInfo88\" \/>\n<meta name=\"twitter:site\" content=\"@VosgesInfo88\" \/>\n<meta name=\"twitter:label1\" content=\"\u00c9crit par\" \/>\n\t<meta name=\"twitter:data1\" content=\"la r\u00e9daction\" \/>\n\t<meta name=\"twitter:label2\" content=\"Dur\u00e9e de lecture estim\u00e9e\" \/>\n\t<meta name=\"twitter:data2\" content=\"1 minute\" \/>\n<script type=\"application\/ld+json\" class=\"yoast-schema-graph\">{\"@context\":\"https:\/\/schema.org\",\"@graph\":[{\"@type\":\"Article\",\"@id\":\"https:\/\/vosgesinfo.fr\/saintdieinfo\/2022\/06\/feux-de-foret-adopter-bons-comportements-preserver-espaces-naturels\/#article\",\"isPartOf\":{\"@id\":\"https:\/\/vosgesinfo.fr\/saintdieinfo\/2022\/06\/feux-de-foret-adopter-bons-comportements-preserver-espaces-naturels\/\"},\"author\":{\"name\":\"la r\u00e9daction\",\"@id\":\"https:\/\/vosgesinfo.fr\/saintdieinfo\/#\/schema\/person\/faee6704a21f3977511db84bd1cd450f\"},\"headline\":\"Feux de for\u00eat : adopter les bons comportements pour pr\u00e9server les espaces naturels\",\"datePublished\":\"2022-06-17T05:34:19+00:00\",\"dateModified\":\"2022-06-17T05:34:19+00:00\",\"mainEntityOfPage\":{\"@id\":\"https:\/\/vosgesinfo.fr\/saintdieinfo\/2022\/06\/feux-de-foret-adopter-bons-comportements-preserver-espaces-naturels\/\"},\"wordCount\":281,\"commentCount\":0,\"publisher\":{\"@id\":\"https:\/\/vosgesinfo.fr\/saintdieinfo\/#organization\"},\"image\":{\"@id\":\"https:\/\/vosgesinfo.fr\/saintdieinfo\/2022\/06\/feux-de-foret-adopter-bons-comportements-preserver-espaces-naturels\/#primaryimage\"},\"thumbnailUrl\":\"https:\/\/vosgesinfo.fr\/app\/uploads\/sites\/4\/2019\/07\/prevention-feux-forets-sdis88-4.jpg\",\"keywords\":[\"feux de for\u00eat\",\"pr\u00e9fecture des Vosges\",\"Pr\u00e9vention contre les feux de for\u00eat\"],\"articleSection\":[\"A la Une\",\"Vosges\"],\"inLanguage\":\"fr-FR\",\"potentialAction\":[{\"@type\":\"CommentAction\",\"name\":\"Comment\",\"target\":[\"https:\/\/vosgesinfo.fr\/saintdieinfo\/2022\/06\/feux-de-foret-adopter-bons-comportements-preserver-espaces-naturels\/#respond\"]}]},{\"@type\":\"WebPage\",\"@id\":\"https:\/\/vosgesinfo.fr\/saintdieinfo\/2022\/06\/feux-de-foret-adopter-bons-comportements-preserver-espaces-naturels\/\",\"url\":\"https:\/\/vosgesinfo.fr\/saintdieinfo\/2022\/06\/feux-de-foret-adopter-bons-comportements-preserver-espaces-naturels\/\",\"name\":\"Feux de for\u00eat : adopter les bons comportements pour pr\u00e9server les espaces naturels - Saint Die Info\",\"isPartOf\":{\"@id\":\"https:\/\/vosgesinfo.fr\/saintdieinfo\/#website\"},\"primaryImageOfPage\":{\"@id\":\"https:\/\/vosgesinfo.fr\/saintdieinfo\/2022\/06\/feux-de-foret-adopter-bons-comportements-preserver-espaces-naturels\/#primaryimage\"},\"image\":{\"@id\":\"https:\/\/vosgesinfo.fr\/saintdieinfo\/2022\/06\/feux-de-foret-adopter-bons-comportements-preserver-espaces-naturels\/#primaryimage\"},\"thumbnailUrl\":\"https:\/\/vosgesinfo.fr\/app\/uploads\/sites\/4\/2019\/07\/prevention-feux-forets-sdis88-4.jpg\",\"datePublished\":\"2022-06-17T05:34:19+00:00\",\"dateModified\":\"2022-06-17T05:34:19+00:00\",\"breadcrumb\":{\"@id\":\"https:\/\/vosgesinfo.fr\/saintdieinfo\/2022\/06\/feux-de-foret-adopter-bons-comportements-preserver-espaces-naturels\/#breadcrumb\"},\"inLanguage\":\"fr-FR\",\"potentialAction\":[{\"@type\":\"ReadAction\",\"target\":[\"https:\/\/vosgesinfo.fr\/saintdieinfo\/2022\/06\/feux-de-foret-adopter-bons-comportements-preserver-espaces-naturels\/\"]}]},{\"@type\":\"ImageObject\",\"inLanguage\":\"fr-FR\",\"@id\":\"https:\/\/vosgesinfo.fr\/saintdieinfo\/2022\/06\/feux-de-foret-adopter-bons-comportements-preserver-espaces-naturels\/#primaryimage\",\"url\":\"https:\/\/vosgesinfo.fr\/app\/uploads\/sites\/4\/2019\/07\/prevention-feux-forets-sdis88-4.jpg\",\"contentUrl\":\"https:\/\/vosgesinfo.fr\/app\/uploads\/sites\/4\/2019\/07\/prevention-feux-forets-sdis88-4.jpg\",\"width\":1198,\"height\":800},{\"@type\":\"BreadcrumbList\",\"@id\":\"https:\/\/vosgesinfo.fr\/saintdieinfo\/2022\/06\/feux-de-foret-adopter-bons-comportements-preserver-espaces-naturels\/#breadcrumb\",\"itemListElement\":[{\"@type\":\"ListItem\",\"position\":1,\"name\":\"Home\",\"item\":\"https:\/\/vosgesinfo.fr\/saintdieinfo\/\"},{\"@type\":\"ListItem\",\"position\":2,\"name\":\"Feux de for\u00eat : adopter les bons comportements pour pr\u00e9server les espaces naturels\"}]},{\"@type\":\"WebSite\",\"@id\":\"https:\/\/vosgesinfo.fr\/saintdieinfo\/#website\",\"url\":\"https:\/\/vosgesinfo.fr\/saintdieinfo\/\",\"name\":\"Saint Die Info\",\"description\":\"Toute l&#039;actualit\u00e9 de Saint-Di\u00e9-Des-Vosges\",\"publisher\":{\"@id\":\"https:\/\/vosgesinfo.fr\/saintdieinfo\/#organization\"},\"alternateName\":\"Toute l'actualit\u00e9 de Saint-Di\u00e9-Des-Vosges\",\"potentialAction\":[{\"@type\":\"SearchAction\",\"target\":{\"@type\":\"EntryPoint\",\"urlTemplate\":\"https:\/\/vosgesinfo.fr\/saintdieinfo\/?s={search_term_string}\"},\"query-input\":\"required name=search_term_string\"}],\"inLanguage\":\"fr-FR\"},{\"@type\":\"Organization\",\"@id\":\"https:\/\/vosgesinfo.fr\/saintdieinfo\/#organization\",\"name\":\"Saint Die Info\",\"url\":\"https:\/\/vosgesinfo.fr\/saintdieinfo\/\",\"logo\":{\"@type\":\"ImageObject\",\"inLanguage\":\"fr-FR\",\"@id\":\"https:\/\/vosgesinfo.fr\/saintdieinfo\/#\/schema\/logo\/image\/\",\"url\":\"https:\/\/vosgesinfo.fr\/app\/uploads\/sites\/4\/2024\/02\/logo-sdi.jpg\",\"contentUrl\":\"https:\/\/vosgesinfo.fr\/app\/uploads\/sites\/4\/2024\/02\/logo-sdi.jpg\",\"width\":600,\"height\":600,\"caption\":\"Saint Die Info\"},\"image\":{\"@id\":\"https:\/\/vosgesinfo.fr\/saintdieinfo\/#\/schema\/logo\/image\/\"},\"sameAs\":[\"https:\/\/www.facebook.com\/Saintdieinfofr\",\"https:\/\/x.com\/VosgesInfo88\",\"https:\/\/www.youtube.com\/@vosgesinfo\"]},{\"@type\":\"Person\",\"@id\":\"https:\/\/vosgesinfo.fr\/saintdieinfo\/#\/schema\/person\/faee6704a21f3977511db84bd1cd450f\",\"name\":\"la r\u00e9daction\",\"image\":{\"@type\":\"ImageObject\",\"inLanguage\":\"fr-FR\",\"@id\":\"https:\/\/vosgesinfo.fr\/saintdieinfo\/#\/schema\/person\/image\/\",\"url\":\"https:\/\/secure.gravatar.com\/avatar\/6673d8bc6a9c17fa9a453eaa3448de834fa308c2ec9635b7aa99441a7c8d2cf6?s=96&d=mm&r=g\",\"contentUrl\":\"https:\/\/secure.gravatar.com\/avatar\/6673d8bc6a9c17fa9a453eaa3448de834fa308c2ec9635b7aa99441a7c8d2cf6?s=96&d=mm&r=g\",\"caption\":\"la r\u00e9daction\"},\"url\":\"https:\/\/vosgesinfo.fr\/saintdieinfo\/author\/redac\/\"}]}<\/script>\n<!-- \/ Yoast SEO plugin. -->","yoast_head_json":{"title":"Feux de for\u00eat : adopter les bons comportements pour pr\u00e9server les espaces naturels - Saint Die Info","robots":{"index":"index","follow":"follow","max-snippet":"max-snippet:-1","max-image-preview":"max-image-preview:large","max-video-preview":"max-video-preview:-1"},"canonical":"https:\/\/vosgesinfo.fr\/saintdieinfo\/2022\/06\/feux-de-foret-adopter-bons-comportements-preserver-espaces-naturels\/","twitter_card":"summary_large_image","twitter_title":"Feux de for\u00eat : adopter les bons comportements pour pr\u00e9server les espaces naturels - Saint Die Info","twitter_description":"Avec ces fortes chaleurs, nous sommes nombreux \u00e0 avoir envie de profiter du grand air et de la nature. Il [&hellip;]","twitter_image":"https:\/\/vosgesinfo.fr\/app\/uploads\/sites\/4\/2019\/07\/prevention-feux-forets-sdis88-4.jpg","twitter_creator":"@VosgesInfo88","twitter_site":"@VosgesInfo88","twitter_misc":{"\u00c9crit par":"la r\u00e9daction","Dur\u00e9e de lecture estim\u00e9e":"1 minute"},"schema":{"@context":"https:\/\/schema.org","@graph":[{"@type":"Article","@id":"https:\/\/vosgesinfo.fr\/saintdieinfo\/2022\/06\/feux-de-foret-adopter-bons-comportements-preserver-espaces-naturels\/#article","isPartOf":{"@id":"https:\/\/vosgesinfo.fr\/saintdieinfo\/2022\/06\/feux-de-foret-adopter-bons-comportements-preserver-espaces-naturels\/"},"author":{"name":"la r\u00e9daction","@id":"https:\/\/vosgesinfo.fr\/saintdieinfo\/#\/schema\/person\/faee6704a21f3977511db84bd1cd450f"},"headline":"Feux de for\u00eat : adopter les bons comportements pour pr\u00e9server les espaces naturels","datePublished":"2022-06-17T05:34:19+00:00","dateModified":"2022-06-17T05:34:19+00:00","mainEntityOfPage":{"@id":"https:\/\/vosgesinfo.fr\/saintdieinfo\/2022\/06\/feux-de-foret-adopter-bons-comportements-preserver-espaces-naturels\/"},"wordCount":281,"commentCount":0,"publisher":{"@id":"https:\/\/vosgesinfo.fr\/saintdieinfo\/#organization"},"image":{"@id":"https:\/\/vosgesinfo.fr\/saintdieinfo\/2022\/06\/feux-de-foret-adopter-bons-comportements-preserver-espaces-naturels\/#primaryimage"},"thumbnailUrl":"https:\/\/vosgesinfo.fr\/app\/uploads\/sites\/4\/2019\/07\/prevention-feux-forets-sdis88-4.jpg","keywords":["feux de for\u00eat","pr\u00e9fecture des Vosges","Pr\u00e9vention contre les feux de for\u00eat"],"articleSection":["A la Une","Vosges"],"inLanguage":"fr-FR","potentialAction":[{"@type":"CommentAction","name":"Comment","target":["https:\/\/vosgesinfo.fr\/saintdieinfo\/2022\/06\/feux-de-foret-adopter-bons-comportements-preserver-espaces-naturels\/#respond"]}]},{"@type":"WebPage","@id":"https:\/\/vosgesinfo.fr\/saintdieinfo\/2022\/06\/feux-de-foret-adopter-bons-comportements-preserver-espaces-naturels\/","url":"https:\/\/vosgesinfo.fr\/saintdieinfo\/2022\/06\/feux-de-foret-adopter-bons-comportements-preserver-espaces-naturels\/","name":"Feux de for\u00eat : adopter les bons comportements pour pr\u00e9server les espaces naturels - Saint Die Info","isPartOf":{"@id":"https:\/\/vosgesinfo.fr\/saintdieinfo\/#website"},"primaryImageOfPage":{"@id":"https:\/\/vosgesinfo.fr\/saintdieinfo\/2022\/06\/feux-de-foret-adopter-bons-comportements-preserver-espaces-naturels\/#primaryimage"},"image":{"@id":"https:\/\/vosgesinfo.fr\/saintdieinfo\/2022\/06\/feux-de-foret-adopter-bons-comportements-preserver-espaces-naturels\/#primaryimage"},"thumbnailUrl":"https:\/\/vosgesinfo.fr\/app\/uploads\/sites\/4\/2019\/07\/prevention-feux-forets-sdis88-4.jpg","datePublished":"2022-06-17T05:34:19+00:00","dateModified":"2022-06-17T05:34:19+00:00","breadcrumb":{"@id":"https:\/\/vosgesinfo.fr\/saintdieinfo\/2022\/06\/feux-de-foret-adopter-bons-comportements-preserver-espaces-naturels\/#breadcrumb"},"inLanguage":"fr-FR","potentialAction":[{"@type":"ReadAction","target":["https:\/\/vosgesinfo.fr\/saintdieinfo\/2022\/06\/feux-de-foret-adopter-bons-comportements-preserver-espaces-naturels\/"]}]},{"@type":"ImageObject","inLanguage":"fr-FR","@id":"https:\/\/vosgesinfo.fr\/saintdieinfo\/2022\/06\/feux-de-foret-adopter-bons-comportements-preserver-espaces-naturels\/#primaryimage","url":"https:\/\/vosgesinfo.fr\/app\/uploads\/sites\/4\/2019\/07\/prevention-feux-forets-sdis88-4.jpg","contentUrl":"https:\/\/vosgesinfo.fr\/app\/uploads\/sites\/4\/2019\/07\/prevention-feux-forets-sdis88-4.jpg","width":1198,"height":800},{"@type":"BreadcrumbList","@id":"https:\/\/vosgesinfo.fr\/saintdieinfo\/2022\/06\/feux-de-foret-adopter-bons-comportements-preserver-espaces-naturels\/#breadcrumb","itemListElement":[{"@type":"ListItem","position":1,"name":"Home","item":"https:\/\/vosgesinfo.fr\/saintdieinfo\/"},{"@type":"ListItem","position":2,"name":"Feux de for\u00eat : adopter les bons comportements pour pr\u00e9server les espaces naturels"}]},{"@type":"WebSite","@id":"https:\/\/vosgesinfo.fr\/saintdieinfo\/#website","url":"https:\/\/vosgesinfo.fr\/saintdieinfo\/","name":"Saint Die Info","description":"Toute l&#039;actualit\u00e9 de Saint-Di\u00e9-Des-Vosges","publisher":{"@id":"https:\/\/vosgesinfo.fr\/saintdieinfo\/#organization"},"alternateName":"Toute l'actualit\u00e9 de Saint-Di\u00e9-Des-Vosges","potentialAction":[{"@type":"SearchAction","target":{"@type":"EntryPoint","urlTemplate":"https:\/\/vosgesinfo.fr\/saintdieinfo\/?s={search_term_string}"},"query-input":"required name=search_term_string"}],"inLanguage":"fr-FR"},{"@type":"Organization","@id":"https:\/\/vosgesinfo.fr\/saintdieinfo\/#organization","name":"Saint Die Info","url":"https:\/\/vosgesinfo.fr\/saintdieinfo\/","logo":{"@type":"ImageObject","inLanguage":"fr-FR","@id":"https:\/\/vosgesinfo.fr\/saintdieinfo\/#\/schema\/logo\/image\/","url":"https:\/\/vosgesinfo.fr\/app\/uploads\/sites\/4\/2024\/02\/logo-sdi.jpg","contentUrl":"https:\/\/vosgesinfo.fr\/app\/uploads\/sites\/4\/2024\/02\/logo-sdi.jpg","width":600,"height":600,"caption":"Saint Die Info"},"image":{"@id":"https:\/\/vosgesinfo.fr\/saintdieinfo\/#\/schema\/logo\/image\/"},"sameAs":["https:\/\/www.facebook.com\/Saintdieinfofr","https:\/\/x.com\/VosgesInfo88","https:\/\/www.youtube.com\/@vosgesinfo"]},{"@type":"Person","@id":"https:\/\/vosgesinfo.fr\/saintdieinfo\/#\/schema\/person\/faee6704a21f3977511db84bd1cd450f","name":"la r\u00e9daction","image":{"@type":"ImageObject","inLanguage":"fr-FR","@id":"https:\/\/vosgesinfo.fr\/saintdieinfo\/#\/schema\/person\/image\/","url":"https:\/\/secure.gravatar.com\/avatar\/6673d8bc6a9c17fa9a453eaa3448de834fa308c2ec9635b7aa99441a7c8d2cf6?s=96&d=mm&r=g","contentUrl":"https:\/\/secure.gravatar.com\/avatar\/6673d8bc6a9c17fa9a453eaa3448de834fa308c2ec9635b7aa99441a7c8d2cf6?s=96&d=mm&r=g","caption":"la r\u00e9daction"},"url":"https:\/\/vosgesinfo.fr\/saintdieinfo\/author\/redac\/"}]}},"_links":{"self":[{"href":"https:\/\/vosgesinfo.fr\/saintdieinfo\/wp-json\/wp\/v2\/posts\/54436","targetHints":{"allow":["GET"]}}],"collection":[{"href":"https:\/\/vosgesinfo.fr\/saintdieinfo\/wp-json\/wp\/v2\/posts"}],"about":[{"href":"https:\/\/vosgesinfo.fr\/saintdieinfo\/wp-json\/wp\/v2\/types\/post"}],"author":[{"embeddable":true,"href":"https:\/\/vosgesinfo.fr\/saintdieinfo\/wp-json\/wp\/v2\/users\/44"}],"replies":[{"embeddable":true,"href":"https:\/\/vosgesinfo.fr\/saintdieinfo\/wp-json\/wp\/v2\/comments?post=54436"}],"version-history":[{"count":0,"href":"https:\/\/vosgesinfo.fr\/saintdieinfo\/wp-json\/wp\/v2\/posts\/54436\/revisions"}],"wp:featuredmedia":[{"embeddable":true,"href":"https:\/\/vosgesinfo.fr\/saintdieinfo\/wp-json\/wp\/v2\/media\/22444"}],"wp:attachment":[{"href":"https:\/\/vosgesinfo.fr\/saintdieinfo\/wp-json\/wp\/v2\/media?parent=54436"}],"wp:term":[{"taxonomy":"category","embeddable":true,"href":"https:\/\/vosgesinfo.fr\/saintdieinfo\/wp-json\/wp\/v2\/categories?post=54436"},{"taxonomy":"post_tag","embeddable":true,"href":"https:\/\/vosgesinfo.fr\/saintdieinfo\/wp-json\/wp\/v2\/tags?post=54436"}],"curies":[{"name":"wp","href":"https:\/\/api.w.org\/{rel}","templated":true}]}}