{"id":54557,"date":"2022-07-10T22:04:21","date_gmt":"2022-07-10T20:04:21","guid":{"rendered":"https:\/\/vosgesinfo.fr\/saintdieinfo\/2022\/07\/annonce-legale-avis-denquete-publique-2\/"},"modified":"2022-07-10T22:04:21","modified_gmt":"2022-07-10T20:04:21","slug":"annonce-legale-avis-denquete-publique-2","status":"publish","type":"post","link":"https:\/\/vosgesinfo.fr\/saintdieinfo\/2022\/07\/annonce-legale-avis-denquete-publique-2\/","title":{"rendered":"Annonce l\u00e9gale &#8211; AVIS D\u2019ENQU\u00caTE PUBLIQUE"},"content":{"rendered":"<p style=\"text-align: center;\"><strong>AVIS D\u2019ENQU\u00caTE PUBLIQUE<\/strong><\/p>\n<p style=\"text-align: center;\">&#8212;&#8212;&#8212;-<\/p>\n<p>Par arr\u00eat\u00e9 n\u00b0 38\/2022\/ENV du 20 juin 2022, le pr\u00e9fet des Vosges a prescrit l\u2019ouverture d\u2019une enqu\u00eate publique d\u2019une dur\u00e9e de 19 jours, du 11 juillet 2022 \u00e0 10h00 heures au 29 juillet 2022 \u00e0 17 heures, sur la demande de d\u00e9claration d\u2019int\u00e9r\u00eat g\u00e9n\u00e9ral et de d\u00e9claration au titre de la nomenclature ICPE (installations, ouvrages, travaux et activit\u00e9s) du code de l\u2019environnement pr\u00e9sent\u00e9e par la communaut\u00e9 d\u2019agglom\u00e9ration de Saint-Di\u00e9-Des-Vosges pour son programme de restauration et d\u2019entretien des rivi\u00e8res de la Valdange, du Taintrou\u00e9, du Maubre et des ruisseaux de la Vacherie, d\u2019Herbaville et de Biarville.<\/p>\n<p>Toute personne pourra prendre connaissance du dossier relatif \u00e0 cette demande, comprenant notamment un dossier de demande de d\u00e9claration d\u2019int\u00e9r\u00eat g\u00e9n\u00e9ral et de d\u00e9claration au titre de la nomenclature IOTA du code de l\u2019environnement, les \u00e9l\u00e9ments cartographiques ainsi que la liste des parcelles conern\u00e9es, du 11 juillet 2022 \u00e0 10h00 au 29 juillet 2022 \u00e0 17 heures \u00e0 la mairie de Saint-Michel-sur-Meurthe, Taintrux ou Etival-Clairefontaine ; Saint-Michel-sur-Meurthe \u00e9tant le si\u00e8ge de l\u2019enqu\u00eate, aux jours et heures ouvrables de celles-ci ou sur le site internet de la pr\u00e9fecture des Vosges \u00e0 l\u2019adresse suivante :<\/p>\n<p>https:\/\/www.vosges.gouv.fr\/Politiques-publiques\/Enquetes-publiques-et-consultations-du-public\/Declaration-d-Interet-General-DIG<\/p>\n<p>En outre, un acc\u00e8s gratuit \u00e0 ces \u00e9l\u00e9ments sera garanti durant la m\u00eame p\u00e9riode par un poste informatique disponible \u00e0 la pr\u00e9fecture des Vosges, aux jours et heures ouvrables de celle-ci, sous r\u00e9serve d\u2019une prise de rendez-vous pr\u00e9alable par t\u00e9l\u00e9phone (03 29 69 88 73) ou par courriel \u00e0 l\u2019adresse suivante : pref-environnement@vosges.gouv.fr.<\/p>\n<p>Toute information relative \u00e0 ce projet pourra \u00eatre demand\u00e9e \u00e0 M. Antony MOUGENOT, responsable du projet \u00e0 la communaut\u00e9 d\u2019agglom\u00e9ration de Saint-Di\u00e9-des-Vosges, dont l\u2019adresse est : 7 place Saint-Martin \u2013 88 100 SAINT-DIE-DES-VOSGES ou :antony.mougenot@ca-saintdie.fr<\/p>\n<p>Le public pourra consigner directement ses observations et propositions sur le registre d\u2019enqu\u00eate publique ouvert \u00e0 cet effet dans les mairies de Saint-Michel-sur-Meurthe, Taintrux, Etival-Clairefontaine, ou les adresser par correspondance \u00e0 la mairie de Saint-Michel-sur-Meurthe, 1, place Georges Phelipeaux \u2013 88 470 SAINT-MICHEL-SUR-MEURTHE, \u00e0 l\u2019attention du commissaire enqu\u00eateur qui les annexera alors au registre d\u2019enqu\u00eate de la mairie de Saint-Michel-sur-Meurthe, si\u00e8ge de l\u2019enqu\u00eate.<\/p>\n<p>Le public pourra \u00e9galement consigner ses observations et propositions par courriel \u00e0 l\u2019adresse suivante : pref-enquetes-consultations-publiques@vosges.gouv.fr.<\/p>\n<p>Les observations et propositions du public qui pourraient \u00eatre transmises par voie postale ou \u00e9lectronique ou remises au commissaire enqu\u00eateur lors de ses permanences seront accessibles sur le site internet de la pr\u00e9fecture.<\/p>\n<p>Gilbert JANCOVICI, assurant les fonctions de commissaire enqu\u00eateur, se tiendra \u00e0 la disposition du public et recevra les observations et propositions \u00e9crites et orales, lors de ses permanences, dans les mairies de :<\/p>\n<p>SAINT-MICHEL-SUR-MEURTHE :\u00a0\u00a0\u00a0\u00a0\u00a0\u00a0\u00a0\u00a0\u00a0\u00a0\u00a0 le lundi 11 juillet 2022 de 10H00 \u00e0 12h00<\/p>\n<p>ETIVAL-CLAIREFONTAINE\u00a0\u00a0\u00a0\u00a0\u00a0\u00a0\u00a0\u00a0\u00a0\u00a0\u00a0\u00a0\u00a0\u00a0\u00a0\u00a0\u00a0\u00a0\u00a0\u00a0\u00a0\u00a0\u00a0 le mercredi 13 juillet 2022 de 15h00 \u00e0 17h00<\/p>\n<p>TAINTRUX :\u00a0\u00a0\u00a0\u00a0\u00a0\u00a0\u00a0\u00a0\u00a0\u00a0\u00a0\u00a0\u00a0\u00a0\u00a0\u00a0\u00a0\u00a0\u00a0\u00a0\u00a0 \u00a0\u00a0\u00a0\u00a0\u00a0\u00a0\u00a0\u00a0\u00a0\u00a0\u00a0\u00a0\u00a0\u00a0\u00a0\u00a0\u00a0\u00a0\u00a0\u00a0\u00a0\u00a0\u00a0\u00a0\u00a0\u00a0\u00a0le lundi 18 juillet 2022 de 10h00 \u00e0 12h00<\/p>\n<p>TAINTRUX :\u00a0\u00a0\u00a0\u00a0\u00a0\u00a0\u00a0\u00a0\u00a0\u00a0\u00a0\u00a0\u00a0\u00a0\u00a0\u00a0\u00a0\u00a0\u00a0\u00a0\u00a0 \u00a0\u00a0\u00a0\u00a0\u00a0\u00a0\u00a0\u00a0\u00a0\u00a0\u00a0\u00a0\u00a0\u00a0\u00a0\u00a0\u00a0\u00a0\u00a0\u00a0\u00a0\u00a0\u00a0\u00a0\u00a0\u00a0\u00a0le samedi 23 juillet 2022 de 10h00 \u00e0 12h00<\/p>\n<p>SAINT-MICHEL-SUR-MEURTHE\u00a0\u00a0\u00a0\u00a0\u00a0\u00a0\u00a0\u00a0\u00a0\u00a0\u00a0\u00a0\u00a0\u00a0 le mardi 26 juillet 2022 de 10h00 \u00e0 12h00<\/p>\n<p>ETIVAL-CLAIREFONTAINE\u00a0\u00a0\u00a0\u00a0\u00a0\u00a0\u00a0\u00a0\u00a0\u00a0\u00a0\u00a0\u00a0\u00a0\u00a0\u00a0\u00a0\u00a0\u00a0\u00a0\u00a0\u00a0\u00a0\u00a0 le vendredi 29 juillet 2022 de 15h00 \u00e0 17h00<\/p>\n<p>D\u00e8s leur r\u00e9ception, le rapport et les conclusions motiv\u00e9es du commissaire enqu\u00eateur seront tenus \u00e0 la disposition du public, pendant une dur\u00e9e d\u2019un an \u00e0 compter de la cl\u00f4ture de l\u2019enqu\u00eate, \u00e0 la pr\u00e9fecture des Vosges (bureau de l\u2019environnement et site internet) et dans les mairies de Saint-Michel-sur-Meurte, Taintrux et Etival-Clairefontaine.<\/p>\n","protected":false},"excerpt":{"rendered":"<p>AVIS D\u2019ENQU\u00caTE PUBLIQUE &#8212;&#8212;&#8212;- Par arr\u00eat\u00e9 n\u00b0 38\/2022\/ENV du 20 juin 2022, le pr\u00e9fet des Vosges a prescrit l\u2019ouverture d\u2019une [&hellip;]<\/p>\n","protected":false},"author":44,"featured_media":0,"comment_status":"open","ping_status":"open","sticky":false,"template":"","format":"standard","meta":{"footnotes":""},"categories":[7884],"tags":[],"class_list":["post-54557","post","type-post","status-publish","format-standard","hentry","category-annonce-legale"],"acf":[],"yoast_head":"<!-- This site is optimized with the Yoast SEO plugin v22.5 - https:\/\/yoast.com\/wordpress\/plugins\/seo\/ -->\n<title>Annonce l\u00e9gale - AVIS D\u2019ENQU\u00caTE PUBLIQUE - Saint Die Info<\/title>\n<meta name=\"robots\" content=\"index, follow, max-snippet:-1, max-image-preview:large, max-video-preview:-1\" \/>\n<link rel=\"canonical\" href=\"https:\/\/vosgesinfo.fr\/saintdieinfo\/2022\/07\/annonce-legale-avis-denquete-publique-2\/\" \/>\n<meta name=\"twitter:card\" content=\"summary_large_image\" \/>\n<meta name=\"twitter:title\" content=\"Annonce l\u00e9gale - AVIS D\u2019ENQU\u00caTE PUBLIQUE - Saint Die Info\" \/>\n<meta name=\"twitter:description\" content=\"AVIS D\u2019ENQU\u00caTE PUBLIQUE &#8212;&#8212;&#8212;- Par arr\u00eat\u00e9 n\u00b0 38\/2022\/ENV du 20 juin 2022, le pr\u00e9fet des Vosges a prescrit l\u2019ouverture d\u2019une [&hellip;]\" \/>\n<meta name=\"twitter:creator\" content=\"@VosgesInfo88\" \/>\n<meta name=\"twitter:site\" content=\"@VosgesInfo88\" \/>\n<meta name=\"twitter:label1\" content=\"\u00c9crit par\" \/>\n\t<meta name=\"twitter:data1\" content=\"la r\u00e9daction\" \/>\n\t<meta name=\"twitter:label2\" content=\"Dur\u00e9e de lecture estim\u00e9e\" \/>\n\t<meta name=\"twitter:data2\" content=\"3 minutes\" \/>\n<script type=\"application\/ld+json\" class=\"yoast-schema-graph\">{\"@context\":\"https:\/\/schema.org\",\"@graph\":[{\"@type\":\"Article\",\"@id\":\"https:\/\/vosgesinfo.fr\/saintdieinfo\/2022\/07\/annonce-legale-avis-denquete-publique-2\/#article\",\"isPartOf\":{\"@id\":\"https:\/\/vosgesinfo.fr\/saintdieinfo\/2022\/07\/annonce-legale-avis-denquete-publique-2\/\"},\"author\":{\"name\":\"la r\u00e9daction\",\"@id\":\"https:\/\/vosgesinfo.fr\/saintdieinfo\/#\/schema\/person\/faee6704a21f3977511db84bd1cd450f\"},\"headline\":\"Annonce l\u00e9gale &#8211; AVIS D\u2019ENQU\u00caTE PUBLIQUE\",\"datePublished\":\"2022-07-10T20:04:21+00:00\",\"dateModified\":\"2022-07-10T20:04:21+00:00\",\"mainEntityOfPage\":{\"@id\":\"https:\/\/vosgesinfo.fr\/saintdieinfo\/2022\/07\/annonce-legale-avis-denquete-publique-2\/\"},\"wordCount\":572,\"commentCount\":0,\"publisher\":{\"@id\":\"https:\/\/vosgesinfo.fr\/saintdieinfo\/#organization\"},\"articleSection\":[\"Annonce l\u00e9gale\"],\"inLanguage\":\"fr-FR\",\"potentialAction\":[{\"@type\":\"CommentAction\",\"name\":\"Comment\",\"target\":[\"https:\/\/vosgesinfo.fr\/saintdieinfo\/2022\/07\/annonce-legale-avis-denquete-publique-2\/#respond\"]}]},{\"@type\":\"WebPage\",\"@id\":\"https:\/\/vosgesinfo.fr\/saintdieinfo\/2022\/07\/annonce-legale-avis-denquete-publique-2\/\",\"url\":\"https:\/\/vosgesinfo.fr\/saintdieinfo\/2022\/07\/annonce-legale-avis-denquete-publique-2\/\",\"name\":\"Annonce l\u00e9gale - AVIS D\u2019ENQU\u00caTE PUBLIQUE - Saint Die Info\",\"isPartOf\":{\"@id\":\"https:\/\/vosgesinfo.fr\/saintdieinfo\/#website\"},\"datePublished\":\"2022-07-10T20:04:21+00:00\",\"dateModified\":\"2022-07-10T20:04:21+00:00\",\"breadcrumb\":{\"@id\":\"https:\/\/vosgesinfo.fr\/saintdieinfo\/2022\/07\/annonce-legale-avis-denquete-publique-2\/#breadcrumb\"},\"inLanguage\":\"fr-FR\",\"potentialAction\":[{\"@type\":\"ReadAction\",\"target\":[\"https:\/\/vosgesinfo.fr\/saintdieinfo\/2022\/07\/annonce-legale-avis-denquete-publique-2\/\"]}]},{\"@type\":\"BreadcrumbList\",\"@id\":\"https:\/\/vosgesinfo.fr\/saintdieinfo\/2022\/07\/annonce-legale-avis-denquete-publique-2\/#breadcrumb\",\"itemListElement\":[{\"@type\":\"ListItem\",\"position\":1,\"name\":\"Home\",\"item\":\"https:\/\/vosgesinfo.fr\/saintdieinfo\/\"},{\"@type\":\"ListItem\",\"position\":2,\"name\":\"Annonce l\u00e9gale &#8211; AVIS D\u2019ENQU\u00caTE PUBLIQUE\"}]},{\"@type\":\"WebSite\",\"@id\":\"https:\/\/vosgesinfo.fr\/saintdieinfo\/#website\",\"url\":\"https:\/\/vosgesinfo.fr\/saintdieinfo\/\",\"name\":\"Saint Die Info\",\"description\":\"Toute l&#039;actualit\u00e9 de Saint-Di\u00e9-Des-Vosges\",\"publisher\":{\"@id\":\"https:\/\/vosgesinfo.fr\/saintdieinfo\/#organization\"},\"alternateName\":\"Toute l'actualit\u00e9 de Saint-Di\u00e9-Des-Vosges\",\"potentialAction\":[{\"@type\":\"SearchAction\",\"target\":{\"@type\":\"EntryPoint\",\"urlTemplate\":\"https:\/\/vosgesinfo.fr\/saintdieinfo\/?s={search_term_string}\"},\"query-input\":\"required name=search_term_string\"}],\"inLanguage\":\"fr-FR\"},{\"@type\":\"Organization\",\"@id\":\"https:\/\/vosgesinfo.fr\/saintdieinfo\/#organization\",\"name\":\"Saint Die Info\",\"url\":\"https:\/\/vosgesinfo.fr\/saintdieinfo\/\",\"logo\":{\"@type\":\"ImageObject\",\"inLanguage\":\"fr-FR\",\"@id\":\"https:\/\/vosgesinfo.fr\/saintdieinfo\/#\/schema\/logo\/image\/\",\"url\":\"https:\/\/vosgesinfo.fr\/app\/uploads\/sites\/4\/2024\/02\/logo-sdi.jpg\",\"contentUrl\":\"https:\/\/vosgesinfo.fr\/app\/uploads\/sites\/4\/2024\/02\/logo-sdi.jpg\",\"width\":600,\"height\":600,\"caption\":\"Saint Die Info\"},\"image\":{\"@id\":\"https:\/\/vosgesinfo.fr\/saintdieinfo\/#\/schema\/logo\/image\/\"},\"sameAs\":[\"https:\/\/www.facebook.com\/Saintdieinfofr\",\"https:\/\/x.com\/VosgesInfo88\",\"https:\/\/www.youtube.com\/@vosgesinfo\"]},{\"@type\":\"Person\",\"@id\":\"https:\/\/vosgesinfo.fr\/saintdieinfo\/#\/schema\/person\/faee6704a21f3977511db84bd1cd450f\",\"name\":\"la r\u00e9daction\",\"image\":{\"@type\":\"ImageObject\",\"inLanguage\":\"fr-FR\",\"@id\":\"https:\/\/vosgesinfo.fr\/saintdieinfo\/#\/schema\/person\/image\/\",\"url\":\"https:\/\/secure.gravatar.com\/avatar\/6673d8bc6a9c17fa9a453eaa3448de834fa308c2ec9635b7aa99441a7c8d2cf6?s=96&d=mm&r=g\",\"contentUrl\":\"https:\/\/secure.gravatar.com\/avatar\/6673d8bc6a9c17fa9a453eaa3448de834fa308c2ec9635b7aa99441a7c8d2cf6?s=96&d=mm&r=g\",\"caption\":\"la r\u00e9daction\"},\"url\":\"https:\/\/vosgesinfo.fr\/saintdieinfo\/author\/redac\/\"}]}<\/script>\n<!-- \/ Yoast SEO plugin. -->","yoast_head_json":{"title":"Annonce l\u00e9gale - AVIS D\u2019ENQU\u00caTE PUBLIQUE - Saint Die Info","robots":{"index":"index","follow":"follow","max-snippet":"max-snippet:-1","max-image-preview":"max-image-preview:large","max-video-preview":"max-video-preview:-1"},"canonical":"https:\/\/vosgesinfo.fr\/saintdieinfo\/2022\/07\/annonce-legale-avis-denquete-publique-2\/","twitter_card":"summary_large_image","twitter_title":"Annonce l\u00e9gale - AVIS D\u2019ENQU\u00caTE PUBLIQUE - Saint Die Info","twitter_description":"AVIS D\u2019ENQU\u00caTE PUBLIQUE &#8212;&#8212;&#8212;- Par arr\u00eat\u00e9 n\u00b0 38\/2022\/ENV du 20 juin 2022, le pr\u00e9fet des Vosges a prescrit l\u2019ouverture d\u2019une [&hellip;]","twitter_creator":"@VosgesInfo88","twitter_site":"@VosgesInfo88","twitter_misc":{"\u00c9crit par":"la r\u00e9daction","Dur\u00e9e de lecture estim\u00e9e":"3 minutes"},"schema":{"@context":"https:\/\/schema.org","@graph":[{"@type":"Article","@id":"https:\/\/vosgesinfo.fr\/saintdieinfo\/2022\/07\/annonce-legale-avis-denquete-publique-2\/#article","isPartOf":{"@id":"https:\/\/vosgesinfo.fr\/saintdieinfo\/2022\/07\/annonce-legale-avis-denquete-publique-2\/"},"author":{"name":"la r\u00e9daction","@id":"https:\/\/vosgesinfo.fr\/saintdieinfo\/#\/schema\/person\/faee6704a21f3977511db84bd1cd450f"},"headline":"Annonce l\u00e9gale &#8211; AVIS D\u2019ENQU\u00caTE PUBLIQUE","datePublished":"2022-07-10T20:04:21+00:00","dateModified":"2022-07-10T20:04:21+00:00","mainEntityOfPage":{"@id":"https:\/\/vosgesinfo.fr\/saintdieinfo\/2022\/07\/annonce-legale-avis-denquete-publique-2\/"},"wordCount":572,"commentCount":0,"publisher":{"@id":"https:\/\/vosgesinfo.fr\/saintdieinfo\/#organization"},"articleSection":["Annonce l\u00e9gale"],"inLanguage":"fr-FR","potentialAction":[{"@type":"CommentAction","name":"Comment","target":["https:\/\/vosgesinfo.fr\/saintdieinfo\/2022\/07\/annonce-legale-avis-denquete-publique-2\/#respond"]}]},{"@type":"WebPage","@id":"https:\/\/vosgesinfo.fr\/saintdieinfo\/2022\/07\/annonce-legale-avis-denquete-publique-2\/","url":"https:\/\/vosgesinfo.fr\/saintdieinfo\/2022\/07\/annonce-legale-avis-denquete-publique-2\/","name":"Annonce l\u00e9gale - AVIS D\u2019ENQU\u00caTE PUBLIQUE - Saint Die Info","isPartOf":{"@id":"https:\/\/vosgesinfo.fr\/saintdieinfo\/#website"},"datePublished":"2022-07-10T20:04:21+00:00","dateModified":"2022-07-10T20:04:21+00:00","breadcrumb":{"@id":"https:\/\/vosgesinfo.fr\/saintdieinfo\/2022\/07\/annonce-legale-avis-denquete-publique-2\/#breadcrumb"},"inLanguage":"fr-FR","potentialAction":[{"@type":"ReadAction","target":["https:\/\/vosgesinfo.fr\/saintdieinfo\/2022\/07\/annonce-legale-avis-denquete-publique-2\/"]}]},{"@type":"BreadcrumbList","@id":"https:\/\/vosgesinfo.fr\/saintdieinfo\/2022\/07\/annonce-legale-avis-denquete-publique-2\/#breadcrumb","itemListElement":[{"@type":"ListItem","position":1,"name":"Home","item":"https:\/\/vosgesinfo.fr\/saintdieinfo\/"},{"@type":"ListItem","position":2,"name":"Annonce l\u00e9gale &#8211; AVIS D\u2019ENQU\u00caTE PUBLIQUE"}]},{"@type":"WebSite","@id":"https:\/\/vosgesinfo.fr\/saintdieinfo\/#website","url":"https:\/\/vosgesinfo.fr\/saintdieinfo\/","name":"Saint Die Info","description":"Toute l&#039;actualit\u00e9 de Saint-Di\u00e9-Des-Vosges","publisher":{"@id":"https:\/\/vosgesinfo.fr\/saintdieinfo\/#organization"},"alternateName":"Toute l'actualit\u00e9 de Saint-Di\u00e9-Des-Vosges","potentialAction":[{"@type":"SearchAction","target":{"@type":"EntryPoint","urlTemplate":"https:\/\/vosgesinfo.fr\/saintdieinfo\/?s={search_term_string}"},"query-input":"required name=search_term_string"}],"inLanguage":"fr-FR"},{"@type":"Organization","@id":"https:\/\/vosgesinfo.fr\/saintdieinfo\/#organization","name":"Saint Die Info","url":"https:\/\/vosgesinfo.fr\/saintdieinfo\/","logo":{"@type":"ImageObject","inLanguage":"fr-FR","@id":"https:\/\/vosgesinfo.fr\/saintdieinfo\/#\/schema\/logo\/image\/","url":"https:\/\/vosgesinfo.fr\/app\/uploads\/sites\/4\/2024\/02\/logo-sdi.jpg","contentUrl":"https:\/\/vosgesinfo.fr\/app\/uploads\/sites\/4\/2024\/02\/logo-sdi.jpg","width":600,"height":600,"caption":"Saint Die Info"},"image":{"@id":"https:\/\/vosgesinfo.fr\/saintdieinfo\/#\/schema\/logo\/image\/"},"sameAs":["https:\/\/www.facebook.com\/Saintdieinfofr","https:\/\/x.com\/VosgesInfo88","https:\/\/www.youtube.com\/@vosgesinfo"]},{"@type":"Person","@id":"https:\/\/vosgesinfo.fr\/saintdieinfo\/#\/schema\/person\/faee6704a21f3977511db84bd1cd450f","name":"la r\u00e9daction","image":{"@type":"ImageObject","inLanguage":"fr-FR","@id":"https:\/\/vosgesinfo.fr\/saintdieinfo\/#\/schema\/person\/image\/","url":"https:\/\/secure.gravatar.com\/avatar\/6673d8bc6a9c17fa9a453eaa3448de834fa308c2ec9635b7aa99441a7c8d2cf6?s=96&d=mm&r=g","contentUrl":"https:\/\/secure.gravatar.com\/avatar\/6673d8bc6a9c17fa9a453eaa3448de834fa308c2ec9635b7aa99441a7c8d2cf6?s=96&d=mm&r=g","caption":"la r\u00e9daction"},"url":"https:\/\/vosgesinfo.fr\/saintdieinfo\/author\/redac\/"}]}},"_links":{"self":[{"href":"https:\/\/vosgesinfo.fr\/saintdieinfo\/wp-json\/wp\/v2\/posts\/54557","targetHints":{"allow":["GET"]}}],"collection":[{"href":"https:\/\/vosgesinfo.fr\/saintdieinfo\/wp-json\/wp\/v2\/posts"}],"about":[{"href":"https:\/\/vosgesinfo.fr\/saintdieinfo\/wp-json\/wp\/v2\/types\/post"}],"author":[{"embeddable":true,"href":"https:\/\/vosgesinfo.fr\/saintdieinfo\/wp-json\/wp\/v2\/users\/44"}],"replies":[{"embeddable":true,"href":"https:\/\/vosgesinfo.fr\/saintdieinfo\/wp-json\/wp\/v2\/comments?post=54557"}],"version-history":[{"count":0,"href":"https:\/\/vosgesinfo.fr\/saintdieinfo\/wp-json\/wp\/v2\/posts\/54557\/revisions"}],"wp:attachment":[{"href":"https:\/\/vosgesinfo.fr\/saintdieinfo\/wp-json\/wp\/v2\/media?parent=54557"}],"wp:term":[{"taxonomy":"category","embeddable":true,"href":"https:\/\/vosgesinfo.fr\/saintdieinfo\/wp-json\/wp\/v2\/categories?post=54557"},{"taxonomy":"post_tag","embeddable":true,"href":"https:\/\/vosgesinfo.fr\/saintdieinfo\/wp-json\/wp\/v2\/tags?post=54557"}],"curies":[{"name":"wp","href":"https:\/\/api.w.org\/{rel}","templated":true}]}}