{"id":54598,"date":"2022-06-21T20:42:57","date_gmt":"2022-06-21T18:42:57","guid":{"rendered":"https:\/\/vosgesinfo.fr\/saintdieinfo\/2022\/06\/fete-de-musique-de-saint-die-vosges-images-videos\/"},"modified":"2022-06-21T20:42:57","modified_gmt":"2022-06-21T18:42:57","slug":"fete-de-musique-de-saint-die-vosges-images-videos","status":"publish","type":"post","link":"https:\/\/vosgesinfo.fr\/saintdieinfo\/2022\/06\/fete-de-musique-de-saint-die-vosges-images-videos\/","title":{"rendered":"La F\u00eate de la Musique de Saint-Di\u00e9-des-Vosges en images et vid\u00e9os"},"content":{"rendered":"<p><a href=\"\/2022\/06\/F\u00eate_Musique_SDDV_2022-24.jpg\" target=\"_blank\" rel=\"noopener\"><img decoding=\"async\" class=\"aligncenter wp-image-185475 size-large\" src=\"\/2022\/06\/F\u00eate_Musique_SDDV_2022-24-1024x771.jpg\" alt=\"F\u00eate_Musique_SDDV_2022 (24)\" width=\"960\" height=\"723\" \/><\/a><\/p>\n<h2><strong><span style=\"font-size: 14pt;\">3 ans. Cela faisait 3 ans que la F\u00eate de la Musique n&rsquo;avait pas eu lieu \u00e0 Saint-Di\u00e9-des-Vosges, en raison de la crise sanitaire. Nombreux attendaient donc ce moment de pied ferme, de pouvoir \u00e0 nouveau f\u00eater l&rsquo;arriv\u00e9e de l&rsquo;\u00e9t\u00e9 en musique.<\/span><\/strong><\/h2>\n<p><!--more--><\/p>\n<p>Sans surprise, il y avait beaucoup de monde au centre-ville d\u00e9odatien d\u00e8s 19h. De la rue Thiers \u00e0 la Place du March\u00e9 en passant par la Place du G\u00e9n\u00e9ral-de-Gaulle, les quais et le parc Jean-Mansuy, les diff\u00e9rentes formations musicales qui \u00e9taient de la partie cette ann\u00e9e ont propos\u00e9 du pop-rock, du rock, du blues, de la chanson fran\u00e7aise, du m\u00e9tal, de l&rsquo;\u00e9lectro, du chant choral, des tubes des ann\u00e9es 80, de la danse country&#8230; sans oublier les Arts du cirque avec l&rsquo;Ecole des Nez Rouges. Cerise sur le g\u00e2teau\u00a0: la m\u00e9t\u00e9o id\u00e9ale, ni trop chaude ni pluvieuse.<\/p>\n<p>J.J.<\/p>\n\n<p><iframe loading=\"lazy\" src=\"\/\/www.youtube.com\/embed\/0NisRo_dOg0\" width=\"425\" height=\"350\" allowfullscreen=\"allowfullscreen\"><\/iframe><\/p>\n<p><iframe loading=\"lazy\" src=\"\/\/www.youtube.com\/embed\/745SlRO8f0M\" width=\"425\" height=\"350\" allowfullscreen=\"allowfullscreen\"><\/iframe><\/p>\n<p><iframe loading=\"lazy\" src=\"\/\/www.youtube.com\/embed\/-mFtl510OFc\" width=\"425\" height=\"350\" allowfullscreen=\"allowfullscreen\"><\/iframe><\/p>\n<p><iframe loading=\"lazy\" src=\"\/\/www.youtube.com\/embed\/ofjH5MyeGzE\" width=\"425\" height=\"350\" allowfullscreen=\"allowfullscreen\"><\/iframe><\/p>\n<p><iframe loading=\"lazy\" src=\"\/\/www.youtube.com\/embed\/1kYjdh8hM9c\" width=\"425\" height=\"350\" allowfullscreen=\"allowfullscreen\"><\/iframe><\/p>\n","protected":false},"excerpt":{"rendered":"<p>3 ans. Cela faisait 3 ans que la F\u00eate de la Musique n&rsquo;avait pas eu lieu \u00e0 Saint-Di\u00e9-des-Vosges, en raison [&hellip;]<\/p>\n","protected":false},"author":44,"featured_media":54599,"comment_status":"open","ping_status":"open","sticky":false,"template":"","format":"standard","meta":{"footnotes":""},"categories":[460,8003,7847,20,2915],"tags":[1666,11188,11786],"class_list":["post-54598","post","type-post","status-publish","format-standard","has-post-thumbnail","hentry","category-a-la-une","category-concert-culture","category-art-culture","category-loisirs","category-saint-die-son-canton","tag-fete-de-la-musique","tag-fete-de-la-musique-2022","tag-fete-de-la-musique-de-saint-die-des-vosges"],"acf":[],"yoast_head":"<!-- This site is optimized with the Yoast SEO plugin v22.5 - https:\/\/yoast.com\/wordpress\/plugins\/seo\/ -->\n<title>La F\u00eate de la Musique de Saint-Di\u00e9-des-Vosges en images et vid\u00e9os - Saint Die Info<\/title>\n<meta name=\"robots\" content=\"index, follow, max-snippet:-1, max-image-preview:large, max-video-preview:-1\" \/>\n<link rel=\"canonical\" href=\"https:\/\/vosgesinfo.fr\/saintdieinfo\/2022\/06\/fete-de-musique-de-saint-die-vosges-images-videos\/\" \/>\n<meta name=\"twitter:card\" content=\"summary_large_image\" \/>\n<meta name=\"twitter:title\" content=\"La F\u00eate de la Musique de Saint-Di\u00e9-des-Vosges en images et vid\u00e9os - Saint Die Info\" \/>\n<meta name=\"twitter:description\" content=\"3 ans. Cela faisait 3 ans que la F\u00eate de la Musique n&rsquo;avait pas eu lieu \u00e0 Saint-Di\u00e9-des-Vosges, en raison [&hellip;]\" \/>\n<meta name=\"twitter:image\" content=\"https:\/\/vosgesinfo.fr\/app\/uploads\/sites\/4\/2024\/08\/202206fete-musique-sddv-2022-24.jpg\" \/>\n<meta name=\"twitter:creator\" content=\"@VosgesInfo88\" \/>\n<meta name=\"twitter:site\" content=\"@VosgesInfo88\" \/>\n<meta name=\"twitter:label1\" content=\"\u00c9crit par\" \/>\n\t<meta name=\"twitter:data1\" content=\"la r\u00e9daction\" \/>\n\t<meta name=\"twitter:label2\" content=\"Dur\u00e9e de lecture estim\u00e9e\" \/>\n\t<meta name=\"twitter:data2\" content=\"1 minute\" \/>\n<script type=\"application\/ld+json\" class=\"yoast-schema-graph\">{\"@context\":\"https:\/\/schema.org\",\"@graph\":[{\"@type\":\"Article\",\"@id\":\"https:\/\/vosgesinfo.fr\/saintdieinfo\/2022\/06\/fete-de-musique-de-saint-die-vosges-images-videos\/#article\",\"isPartOf\":{\"@id\":\"https:\/\/vosgesinfo.fr\/saintdieinfo\/2022\/06\/fete-de-musique-de-saint-die-vosges-images-videos\/\"},\"author\":{\"name\":\"la r\u00e9daction\",\"@id\":\"https:\/\/vosgesinfo.fr\/saintdieinfo\/#\/schema\/person\/faee6704a21f3977511db84bd1cd450f\"},\"headline\":\"La F\u00eate de la Musique de Saint-Di\u00e9-des-Vosges en images et vid\u00e9os\",\"datePublished\":\"2022-06-21T18:42:57+00:00\",\"dateModified\":\"2022-06-21T18:42:57+00:00\",\"mainEntityOfPage\":{\"@id\":\"https:\/\/vosgesinfo.fr\/saintdieinfo\/2022\/06\/fete-de-musique-de-saint-die-vosges-images-videos\/\"},\"wordCount\":177,\"commentCount\":0,\"publisher\":{\"@id\":\"https:\/\/vosgesinfo.fr\/saintdieinfo\/#organization\"},\"image\":{\"@id\":\"https:\/\/vosgesinfo.fr\/saintdieinfo\/2022\/06\/fete-de-musique-de-saint-die-vosges-images-videos\/#primaryimage\"},\"thumbnailUrl\":\"https:\/\/vosgesinfo.fr\/app\/uploads\/sites\/4\/2024\/08\/202206fete-musique-sddv-2022-24.jpg\",\"keywords\":[\"f\u00eate de la musique\",\"F\u00eate de la Musique 2022\",\"F\u00eate de la Musique de Saint-Di\u00e9-des-Vosges\"],\"articleSection\":[\"A la Une\",\"Concert\",\"Culture\",\"Loisirs\",\"Saint-Di\u00e9-des-Vosges et son Agglom\u00e9ration\"],\"inLanguage\":\"fr-FR\",\"potentialAction\":[{\"@type\":\"CommentAction\",\"name\":\"Comment\",\"target\":[\"https:\/\/vosgesinfo.fr\/saintdieinfo\/2022\/06\/fete-de-musique-de-saint-die-vosges-images-videos\/#respond\"]}]},{\"@type\":\"WebPage\",\"@id\":\"https:\/\/vosgesinfo.fr\/saintdieinfo\/2022\/06\/fete-de-musique-de-saint-die-vosges-images-videos\/\",\"url\":\"https:\/\/vosgesinfo.fr\/saintdieinfo\/2022\/06\/fete-de-musique-de-saint-die-vosges-images-videos\/\",\"name\":\"La F\u00eate de la Musique de Saint-Di\u00e9-des-Vosges en images et vid\u00e9os - Saint Die Info\",\"isPartOf\":{\"@id\":\"https:\/\/vosgesinfo.fr\/saintdieinfo\/#website\"},\"primaryImageOfPage\":{\"@id\":\"https:\/\/vosgesinfo.fr\/saintdieinfo\/2022\/06\/fete-de-musique-de-saint-die-vosges-images-videos\/#primaryimage\"},\"image\":{\"@id\":\"https:\/\/vosgesinfo.fr\/saintdieinfo\/2022\/06\/fete-de-musique-de-saint-die-vosges-images-videos\/#primaryimage\"},\"thumbnailUrl\":\"https:\/\/vosgesinfo.fr\/app\/uploads\/sites\/4\/2024\/08\/202206fete-musique-sddv-2022-24.jpg\",\"datePublished\":\"2022-06-21T18:42:57+00:00\",\"dateModified\":\"2022-06-21T18:42:57+00:00\",\"breadcrumb\":{\"@id\":\"https:\/\/vosgesinfo.fr\/saintdieinfo\/2022\/06\/fete-de-musique-de-saint-die-vosges-images-videos\/#breadcrumb\"},\"inLanguage\":\"fr-FR\",\"potentialAction\":[{\"@type\":\"ReadAction\",\"target\":[\"https:\/\/vosgesinfo.fr\/saintdieinfo\/2022\/06\/fete-de-musique-de-saint-die-vosges-images-videos\/\"]}]},{\"@type\":\"ImageObject\",\"inLanguage\":\"fr-FR\",\"@id\":\"https:\/\/vosgesinfo.fr\/saintdieinfo\/2022\/06\/fete-de-musique-de-saint-die-vosges-images-videos\/#primaryimage\",\"url\":\"https:\/\/vosgesinfo.fr\/app\/uploads\/sites\/4\/2024\/08\/202206fete-musique-sddv-2022-24.jpg\",\"contentUrl\":\"https:\/\/vosgesinfo.fr\/app\/uploads\/sites\/4\/2024\/08\/202206fete-musique-sddv-2022-24.jpg\",\"width\":1600,\"height\":1205},{\"@type\":\"BreadcrumbList\",\"@id\":\"https:\/\/vosgesinfo.fr\/saintdieinfo\/2022\/06\/fete-de-musique-de-saint-die-vosges-images-videos\/#breadcrumb\",\"itemListElement\":[{\"@type\":\"ListItem\",\"position\":1,\"name\":\"Home\",\"item\":\"https:\/\/vosgesinfo.fr\/saintdieinfo\/\"},{\"@type\":\"ListItem\",\"position\":2,\"name\":\"La F\u00eate de la Musique de Saint-Di\u00e9-des-Vosges en images et vid\u00e9os\"}]},{\"@type\":\"WebSite\",\"@id\":\"https:\/\/vosgesinfo.fr\/saintdieinfo\/#website\",\"url\":\"https:\/\/vosgesinfo.fr\/saintdieinfo\/\",\"name\":\"Saint Die Info\",\"description\":\"Toute l&#039;actualit\u00e9 de Saint-Di\u00e9-Des-Vosges\",\"publisher\":{\"@id\":\"https:\/\/vosgesinfo.fr\/saintdieinfo\/#organization\"},\"alternateName\":\"Toute l'actualit\u00e9 de Saint-Di\u00e9-Des-Vosges\",\"potentialAction\":[{\"@type\":\"SearchAction\",\"target\":{\"@type\":\"EntryPoint\",\"urlTemplate\":\"https:\/\/vosgesinfo.fr\/saintdieinfo\/?s={search_term_string}\"},\"query-input\":\"required name=search_term_string\"}],\"inLanguage\":\"fr-FR\"},{\"@type\":\"Organization\",\"@id\":\"https:\/\/vosgesinfo.fr\/saintdieinfo\/#organization\",\"name\":\"Saint Die Info\",\"url\":\"https:\/\/vosgesinfo.fr\/saintdieinfo\/\",\"logo\":{\"@type\":\"ImageObject\",\"inLanguage\":\"fr-FR\",\"@id\":\"https:\/\/vosgesinfo.fr\/saintdieinfo\/#\/schema\/logo\/image\/\",\"url\":\"https:\/\/vosgesinfo.fr\/app\/uploads\/sites\/4\/2024\/02\/logo-sdi.jpg\",\"contentUrl\":\"https:\/\/vosgesinfo.fr\/app\/uploads\/sites\/4\/2024\/02\/logo-sdi.jpg\",\"width\":600,\"height\":600,\"caption\":\"Saint Die Info\"},\"image\":{\"@id\":\"https:\/\/vosgesinfo.fr\/saintdieinfo\/#\/schema\/logo\/image\/\"},\"sameAs\":[\"https:\/\/www.facebook.com\/Saintdieinfofr\",\"https:\/\/x.com\/VosgesInfo88\",\"https:\/\/www.youtube.com\/@vosgesinfo\"]},{\"@type\":\"Person\",\"@id\":\"https:\/\/vosgesinfo.fr\/saintdieinfo\/#\/schema\/person\/faee6704a21f3977511db84bd1cd450f\",\"name\":\"la r\u00e9daction\",\"image\":{\"@type\":\"ImageObject\",\"inLanguage\":\"fr-FR\",\"@id\":\"https:\/\/vosgesinfo.fr\/saintdieinfo\/#\/schema\/person\/image\/\",\"url\":\"https:\/\/secure.gravatar.com\/avatar\/6673d8bc6a9c17fa9a453eaa3448de834fa308c2ec9635b7aa99441a7c8d2cf6?s=96&d=mm&r=g\",\"contentUrl\":\"https:\/\/secure.gravatar.com\/avatar\/6673d8bc6a9c17fa9a453eaa3448de834fa308c2ec9635b7aa99441a7c8d2cf6?s=96&d=mm&r=g\",\"caption\":\"la r\u00e9daction\"},\"url\":\"https:\/\/vosgesinfo.fr\/saintdieinfo\/author\/redac\/\"}]}<\/script>\n<!-- \/ Yoast SEO plugin. -->","yoast_head_json":{"title":"La F\u00eate de la Musique de Saint-Di\u00e9-des-Vosges en images et vid\u00e9os - Saint Die Info","robots":{"index":"index","follow":"follow","max-snippet":"max-snippet:-1","max-image-preview":"max-image-preview:large","max-video-preview":"max-video-preview:-1"},"canonical":"https:\/\/vosgesinfo.fr\/saintdieinfo\/2022\/06\/fete-de-musique-de-saint-die-vosges-images-videos\/","twitter_card":"summary_large_image","twitter_title":"La F\u00eate de la Musique de Saint-Di\u00e9-des-Vosges en images et vid\u00e9os - Saint Die Info","twitter_description":"3 ans. Cela faisait 3 ans que la F\u00eate de la Musique n&rsquo;avait pas eu lieu \u00e0 Saint-Di\u00e9-des-Vosges, en raison [&hellip;]","twitter_image":"https:\/\/vosgesinfo.fr\/app\/uploads\/sites\/4\/2024\/08\/202206fete-musique-sddv-2022-24.jpg","twitter_creator":"@VosgesInfo88","twitter_site":"@VosgesInfo88","twitter_misc":{"\u00c9crit par":"la r\u00e9daction","Dur\u00e9e de lecture estim\u00e9e":"1 minute"},"schema":{"@context":"https:\/\/schema.org","@graph":[{"@type":"Article","@id":"https:\/\/vosgesinfo.fr\/saintdieinfo\/2022\/06\/fete-de-musique-de-saint-die-vosges-images-videos\/#article","isPartOf":{"@id":"https:\/\/vosgesinfo.fr\/saintdieinfo\/2022\/06\/fete-de-musique-de-saint-die-vosges-images-videos\/"},"author":{"name":"la r\u00e9daction","@id":"https:\/\/vosgesinfo.fr\/saintdieinfo\/#\/schema\/person\/faee6704a21f3977511db84bd1cd450f"},"headline":"La F\u00eate de la Musique de Saint-Di\u00e9-des-Vosges en images et vid\u00e9os","datePublished":"2022-06-21T18:42:57+00:00","dateModified":"2022-06-21T18:42:57+00:00","mainEntityOfPage":{"@id":"https:\/\/vosgesinfo.fr\/saintdieinfo\/2022\/06\/fete-de-musique-de-saint-die-vosges-images-videos\/"},"wordCount":177,"commentCount":0,"publisher":{"@id":"https:\/\/vosgesinfo.fr\/saintdieinfo\/#organization"},"image":{"@id":"https:\/\/vosgesinfo.fr\/saintdieinfo\/2022\/06\/fete-de-musique-de-saint-die-vosges-images-videos\/#primaryimage"},"thumbnailUrl":"https:\/\/vosgesinfo.fr\/app\/uploads\/sites\/4\/2024\/08\/202206fete-musique-sddv-2022-24.jpg","keywords":["f\u00eate de la musique","F\u00eate de la Musique 2022","F\u00eate de la Musique de Saint-Di\u00e9-des-Vosges"],"articleSection":["A la Une","Concert","Culture","Loisirs","Saint-Di\u00e9-des-Vosges et son Agglom\u00e9ration"],"inLanguage":"fr-FR","potentialAction":[{"@type":"CommentAction","name":"Comment","target":["https:\/\/vosgesinfo.fr\/saintdieinfo\/2022\/06\/fete-de-musique-de-saint-die-vosges-images-videos\/#respond"]}]},{"@type":"WebPage","@id":"https:\/\/vosgesinfo.fr\/saintdieinfo\/2022\/06\/fete-de-musique-de-saint-die-vosges-images-videos\/","url":"https:\/\/vosgesinfo.fr\/saintdieinfo\/2022\/06\/fete-de-musique-de-saint-die-vosges-images-videos\/","name":"La F\u00eate de la Musique de Saint-Di\u00e9-des-Vosges en images et vid\u00e9os - Saint Die Info","isPartOf":{"@id":"https:\/\/vosgesinfo.fr\/saintdieinfo\/#website"},"primaryImageOfPage":{"@id":"https:\/\/vosgesinfo.fr\/saintdieinfo\/2022\/06\/fete-de-musique-de-saint-die-vosges-images-videos\/#primaryimage"},"image":{"@id":"https:\/\/vosgesinfo.fr\/saintdieinfo\/2022\/06\/fete-de-musique-de-saint-die-vosges-images-videos\/#primaryimage"},"thumbnailUrl":"https:\/\/vosgesinfo.fr\/app\/uploads\/sites\/4\/2024\/08\/202206fete-musique-sddv-2022-24.jpg","datePublished":"2022-06-21T18:42:57+00:00","dateModified":"2022-06-21T18:42:57+00:00","breadcrumb":{"@id":"https:\/\/vosgesinfo.fr\/saintdieinfo\/2022\/06\/fete-de-musique-de-saint-die-vosges-images-videos\/#breadcrumb"},"inLanguage":"fr-FR","potentialAction":[{"@type":"ReadAction","target":["https:\/\/vosgesinfo.fr\/saintdieinfo\/2022\/06\/fete-de-musique-de-saint-die-vosges-images-videos\/"]}]},{"@type":"ImageObject","inLanguage":"fr-FR","@id":"https:\/\/vosgesinfo.fr\/saintdieinfo\/2022\/06\/fete-de-musique-de-saint-die-vosges-images-videos\/#primaryimage","url":"https:\/\/vosgesinfo.fr\/app\/uploads\/sites\/4\/2024\/08\/202206fete-musique-sddv-2022-24.jpg","contentUrl":"https:\/\/vosgesinfo.fr\/app\/uploads\/sites\/4\/2024\/08\/202206fete-musique-sddv-2022-24.jpg","width":1600,"height":1205},{"@type":"BreadcrumbList","@id":"https:\/\/vosgesinfo.fr\/saintdieinfo\/2022\/06\/fete-de-musique-de-saint-die-vosges-images-videos\/#breadcrumb","itemListElement":[{"@type":"ListItem","position":1,"name":"Home","item":"https:\/\/vosgesinfo.fr\/saintdieinfo\/"},{"@type":"ListItem","position":2,"name":"La F\u00eate de la Musique de Saint-Di\u00e9-des-Vosges en images et vid\u00e9os"}]},{"@type":"WebSite","@id":"https:\/\/vosgesinfo.fr\/saintdieinfo\/#website","url":"https:\/\/vosgesinfo.fr\/saintdieinfo\/","name":"Saint Die Info","description":"Toute l&#039;actualit\u00e9 de Saint-Di\u00e9-Des-Vosges","publisher":{"@id":"https:\/\/vosgesinfo.fr\/saintdieinfo\/#organization"},"alternateName":"Toute l'actualit\u00e9 de Saint-Di\u00e9-Des-Vosges","potentialAction":[{"@type":"SearchAction","target":{"@type":"EntryPoint","urlTemplate":"https:\/\/vosgesinfo.fr\/saintdieinfo\/?s={search_term_string}"},"query-input":"required name=search_term_string"}],"inLanguage":"fr-FR"},{"@type":"Organization","@id":"https:\/\/vosgesinfo.fr\/saintdieinfo\/#organization","name":"Saint Die Info","url":"https:\/\/vosgesinfo.fr\/saintdieinfo\/","logo":{"@type":"ImageObject","inLanguage":"fr-FR","@id":"https:\/\/vosgesinfo.fr\/saintdieinfo\/#\/schema\/logo\/image\/","url":"https:\/\/vosgesinfo.fr\/app\/uploads\/sites\/4\/2024\/02\/logo-sdi.jpg","contentUrl":"https:\/\/vosgesinfo.fr\/app\/uploads\/sites\/4\/2024\/02\/logo-sdi.jpg","width":600,"height":600,"caption":"Saint Die Info"},"image":{"@id":"https:\/\/vosgesinfo.fr\/saintdieinfo\/#\/schema\/logo\/image\/"},"sameAs":["https:\/\/www.facebook.com\/Saintdieinfofr","https:\/\/x.com\/VosgesInfo88","https:\/\/www.youtube.com\/@vosgesinfo"]},{"@type":"Person","@id":"https:\/\/vosgesinfo.fr\/saintdieinfo\/#\/schema\/person\/faee6704a21f3977511db84bd1cd450f","name":"la r\u00e9daction","image":{"@type":"ImageObject","inLanguage":"fr-FR","@id":"https:\/\/vosgesinfo.fr\/saintdieinfo\/#\/schema\/person\/image\/","url":"https:\/\/secure.gravatar.com\/avatar\/6673d8bc6a9c17fa9a453eaa3448de834fa308c2ec9635b7aa99441a7c8d2cf6?s=96&d=mm&r=g","contentUrl":"https:\/\/secure.gravatar.com\/avatar\/6673d8bc6a9c17fa9a453eaa3448de834fa308c2ec9635b7aa99441a7c8d2cf6?s=96&d=mm&r=g","caption":"la r\u00e9daction"},"url":"https:\/\/vosgesinfo.fr\/saintdieinfo\/author\/redac\/"}]}},"_links":{"self":[{"href":"https:\/\/vosgesinfo.fr\/saintdieinfo\/wp-json\/wp\/v2\/posts\/54598","targetHints":{"allow":["GET"]}}],"collection":[{"href":"https:\/\/vosgesinfo.fr\/saintdieinfo\/wp-json\/wp\/v2\/posts"}],"about":[{"href":"https:\/\/vosgesinfo.fr\/saintdieinfo\/wp-json\/wp\/v2\/types\/post"}],"author":[{"embeddable":true,"href":"https:\/\/vosgesinfo.fr\/saintdieinfo\/wp-json\/wp\/v2\/users\/44"}],"replies":[{"embeddable":true,"href":"https:\/\/vosgesinfo.fr\/saintdieinfo\/wp-json\/wp\/v2\/comments?post=54598"}],"version-history":[{"count":0,"href":"https:\/\/vosgesinfo.fr\/saintdieinfo\/wp-json\/wp\/v2\/posts\/54598\/revisions"}],"wp:featuredmedia":[{"embeddable":true,"href":"https:\/\/vosgesinfo.fr\/saintdieinfo\/wp-json\/wp\/v2\/media\/54599"}],"wp:attachment":[{"href":"https:\/\/vosgesinfo.fr\/saintdieinfo\/wp-json\/wp\/v2\/media?parent=54598"}],"wp:term":[{"taxonomy":"category","embeddable":true,"href":"https:\/\/vosgesinfo.fr\/saintdieinfo\/wp-json\/wp\/v2\/categories?post=54598"},{"taxonomy":"post_tag","embeddable":true,"href":"https:\/\/vosgesinfo.fr\/saintdieinfo\/wp-json\/wp\/v2\/tags?post=54598"}],"curies":[{"name":"wp","href":"https:\/\/api.w.org\/{rel}","templated":true}]}}