{"id":54935,"date":"2022-06-28T09:52:01","date_gmt":"2022-06-28T07:52:01","guid":{"rendered":"https:\/\/vosgesinfo.fr\/saintdieinfo\/2022\/06\/pierre-percee-saison-spectacles-estivaux-lancee\/"},"modified":"2022-06-28T09:52:01","modified_gmt":"2022-06-28T07:52:01","slug":"pierre-percee-saison-spectacles-estivaux-lancee","status":"publish","type":"post","link":"https:\/\/vosgesinfo.fr\/saintdieinfo\/2022\/06\/pierre-percee-saison-spectacles-estivaux-lancee\/","title":{"rendered":"Pierre-Perc\u00e9e \u2013 La saison des spectacles estivaux est lanc\u00e9e !"},"content":{"rendered":"\n<h2><strong><span style=\"font-size: 14pt;\">La saison des spectacles estivaux est lanc\u00e9e \u00e0 Pierre-Perc\u00e9e, <a href=\"https:\/\/saintdieinfo.fr\/2022\/06\/pierre-percee-saison-marches-nocturnes-lancee\/\" target=\"_blank\" rel=\"noopener\">avec un march\u00e9 nocturne et artisanal chaque vendredi soir, du 10 juin au 26 ao\u00fbt.<\/a> Pour chacun de ces march\u00e9s, un spectacle diff\u00e9rent est propos\u00e9 au public : concerts, contes, clown, etc. Ci-dessous le programme des prochaines animations qui rythmeront l&rsquo;\u00e9t\u00e9 \u00e0 Pierre-Perc\u00e9e :<\/span><\/strong><\/h2>\n<p><!--more--><\/p>\n<ul>\n<li>01\/07: Musicien, chanteur, conteur Philippe Pochat <a href=\"https:\/\/philippe-pochat.jimdofree.com\/\" target=\"_blank\" rel=\"noopener\">https:\/\/philippe-pochat.jimdofree.com\/<\/a><\/li>\n<li>08\/07: Sabine et Denis ils reviennent pour notre plus grand plaisir. Chant Humoristique.<\/li>\n<li>15\/07: Le c\u00e9l\u00e8bre Mimouch artiste jongleur clown.<\/li>\n<li>22\/07: Rock n&rsquo;Roll avec Mayday de Baccarat.<\/li>\n<li>29\/07: Sabine et Denis, une seconde fois !<\/li>\n<li>05\/08: Benoit Charrier conteur et musicien Les F\u00e9es du Logis.<\/li>\n<li>12\/08: Les ex symbol&rsquo;s pour la 1\u00e8re fois \u00e0 Pierre Perc\u00e9e.<\/li>\n<li>19\/08: La 2\u00e8me de Mimouch,\u00a0 quand on aime on compte pas !<\/li>\n<li>26\/08: Pour conclure cette saison nous avons la chance d&rsquo;accueillir Buddy&rsquo;s Cab\u00a0 Groupe Pop Rock Blues!<\/li>\n<\/ul>\n","protected":false},"excerpt":{"rendered":"<p>La saison des spectacles estivaux est lanc\u00e9e \u00e0 Pierre-Perc\u00e9e, avec un march\u00e9 nocturne et artisanal chaque vendredi soir, du 10 [&hellip;]<\/p>\n","protected":false},"author":44,"featured_media":54936,"comment_status":"open","ping_status":"open","sticky":false,"template":"","format":"standard","meta":{"footnotes":""},"categories":[3900,8003,7847,20,2915],"tags":[3259,11877],"class_list":["post-54935","post","type-post","status-publish","format-standard","has-post-thumbnail","hentry","category-breves","category-concert-culture","category-art-culture","category-loisirs","category-saint-die-son-canton","tag-pierre-percee","tag-saison-des-spectacles-de-pierre-percee"],"acf":[],"yoast_head":"<!-- This site is optimized with the Yoast SEO plugin v22.5 - https:\/\/yoast.com\/wordpress\/plugins\/seo\/ -->\n<title>Pierre-Perc\u00e9e \u2013 La saison des spectacles estivaux est lanc\u00e9e ! - Saint Die Info<\/title>\n<meta name=\"robots\" content=\"index, follow, max-snippet:-1, max-image-preview:large, max-video-preview:-1\" \/>\n<link rel=\"canonical\" href=\"https:\/\/vosgesinfo.fr\/saintdieinfo\/2022\/06\/pierre-percee-saison-spectacles-estivaux-lancee\/\" \/>\n<meta name=\"twitter:card\" content=\"summary_large_image\" \/>\n<meta name=\"twitter:title\" content=\"Pierre-Perc\u00e9e \u2013 La saison des spectacles estivaux est lanc\u00e9e ! - Saint Die Info\" \/>\n<meta name=\"twitter:description\" content=\"La saison des spectacles estivaux est lanc\u00e9e \u00e0 Pierre-Perc\u00e9e, avec un march\u00e9 nocturne et artisanal chaque vendredi soir, du 10 [&hellip;]\" \/>\n<meta name=\"twitter:image\" content=\"https:\/\/vosgesinfo.fr\/app\/uploads\/sites\/4\/2024\/08\/202206pierre-percee-saison-spectacles-2022-3-1.jpg\" \/>\n<meta name=\"twitter:creator\" content=\"@VosgesInfo88\" \/>\n<meta name=\"twitter:site\" content=\"@VosgesInfo88\" \/>\n<meta name=\"twitter:label1\" content=\"\u00c9crit par\" \/>\n\t<meta name=\"twitter:data1\" content=\"la r\u00e9daction\" \/>\n\t<meta name=\"twitter:label2\" content=\"Dur\u00e9e de lecture estim\u00e9e\" \/>\n\t<meta name=\"twitter:data2\" content=\"1 minute\" \/>\n<script type=\"application\/ld+json\" class=\"yoast-schema-graph\">{\"@context\":\"https:\/\/schema.org\",\"@graph\":[{\"@type\":\"Article\",\"@id\":\"https:\/\/vosgesinfo.fr\/saintdieinfo\/2022\/06\/pierre-percee-saison-spectacles-estivaux-lancee\/#article\",\"isPartOf\":{\"@id\":\"https:\/\/vosgesinfo.fr\/saintdieinfo\/2022\/06\/pierre-percee-saison-spectacles-estivaux-lancee\/\"},\"author\":{\"name\":\"la r\u00e9daction\",\"@id\":\"https:\/\/vosgesinfo.fr\/saintdieinfo\/#\/schema\/person\/faee6704a21f3977511db84bd1cd450f\"},\"headline\":\"Pierre-Perc\u00e9e \u2013 La saison des spectacles estivaux est lanc\u00e9e !\",\"datePublished\":\"2022-06-28T07:52:01+00:00\",\"dateModified\":\"2022-06-28T07:52:01+00:00\",\"mainEntityOfPage\":{\"@id\":\"https:\/\/vosgesinfo.fr\/saintdieinfo\/2022\/06\/pierre-percee-saison-spectacles-estivaux-lancee\/\"},\"wordCount\":160,\"commentCount\":0,\"publisher\":{\"@id\":\"https:\/\/vosgesinfo.fr\/saintdieinfo\/#organization\"},\"image\":{\"@id\":\"https:\/\/vosgesinfo.fr\/saintdieinfo\/2022\/06\/pierre-percee-saison-spectacles-estivaux-lancee\/#primaryimage\"},\"thumbnailUrl\":\"https:\/\/vosgesinfo.fr\/app\/uploads\/sites\/4\/2024\/08\/202206pierre-percee-saison-spectacles-2022-3-1.jpg\",\"keywords\":[\"Pierre-Perc\u00e9e\",\"Saison des spectacles de Pierre-Perc\u00e9e\"],\"articleSection\":[\"Br\u00e8ves\",\"Concert\",\"Culture\",\"Loisirs\",\"Saint-Di\u00e9-des-Vosges et son Agglom\u00e9ration\"],\"inLanguage\":\"fr-FR\",\"potentialAction\":[{\"@type\":\"CommentAction\",\"name\":\"Comment\",\"target\":[\"https:\/\/vosgesinfo.fr\/saintdieinfo\/2022\/06\/pierre-percee-saison-spectacles-estivaux-lancee\/#respond\"]}]},{\"@type\":\"WebPage\",\"@id\":\"https:\/\/vosgesinfo.fr\/saintdieinfo\/2022\/06\/pierre-percee-saison-spectacles-estivaux-lancee\/\",\"url\":\"https:\/\/vosgesinfo.fr\/saintdieinfo\/2022\/06\/pierre-percee-saison-spectacles-estivaux-lancee\/\",\"name\":\"Pierre-Perc\u00e9e \u2013 La saison des spectacles estivaux est lanc\u00e9e ! - Saint Die Info\",\"isPartOf\":{\"@id\":\"https:\/\/vosgesinfo.fr\/saintdieinfo\/#website\"},\"primaryImageOfPage\":{\"@id\":\"https:\/\/vosgesinfo.fr\/saintdieinfo\/2022\/06\/pierre-percee-saison-spectacles-estivaux-lancee\/#primaryimage\"},\"image\":{\"@id\":\"https:\/\/vosgesinfo.fr\/saintdieinfo\/2022\/06\/pierre-percee-saison-spectacles-estivaux-lancee\/#primaryimage\"},\"thumbnailUrl\":\"https:\/\/vosgesinfo.fr\/app\/uploads\/sites\/4\/2024\/08\/202206pierre-percee-saison-spectacles-2022-3-1.jpg\",\"datePublished\":\"2022-06-28T07:52:01+00:00\",\"dateModified\":\"2022-06-28T07:52:01+00:00\",\"breadcrumb\":{\"@id\":\"https:\/\/vosgesinfo.fr\/saintdieinfo\/2022\/06\/pierre-percee-saison-spectacles-estivaux-lancee\/#breadcrumb\"},\"inLanguage\":\"fr-FR\",\"potentialAction\":[{\"@type\":\"ReadAction\",\"target\":[\"https:\/\/vosgesinfo.fr\/saintdieinfo\/2022\/06\/pierre-percee-saison-spectacles-estivaux-lancee\/\"]}]},{\"@type\":\"ImageObject\",\"inLanguage\":\"fr-FR\",\"@id\":\"https:\/\/vosgesinfo.fr\/saintdieinfo\/2022\/06\/pierre-percee-saison-spectacles-estivaux-lancee\/#primaryimage\",\"url\":\"https:\/\/vosgesinfo.fr\/app\/uploads\/sites\/4\/2024\/08\/202206pierre-percee-saison-spectacles-2022-3-1.jpg\",\"contentUrl\":\"https:\/\/vosgesinfo.fr\/app\/uploads\/sites\/4\/2024\/08\/202206pierre-percee-saison-spectacles-2022-3-1.jpg\",\"width\":1600,\"height\":1200},{\"@type\":\"BreadcrumbList\",\"@id\":\"https:\/\/vosgesinfo.fr\/saintdieinfo\/2022\/06\/pierre-percee-saison-spectacles-estivaux-lancee\/#breadcrumb\",\"itemListElement\":[{\"@type\":\"ListItem\",\"position\":1,\"name\":\"Home\",\"item\":\"https:\/\/vosgesinfo.fr\/saintdieinfo\/\"},{\"@type\":\"ListItem\",\"position\":2,\"name\":\"Pierre-Perc\u00e9e \u2013 La saison des spectacles estivaux est lanc\u00e9e !\"}]},{\"@type\":\"WebSite\",\"@id\":\"https:\/\/vosgesinfo.fr\/saintdieinfo\/#website\",\"url\":\"https:\/\/vosgesinfo.fr\/saintdieinfo\/\",\"name\":\"Saint Die Info\",\"description\":\"Toute l&#039;actualit\u00e9 de Saint-Di\u00e9-Des-Vosges\",\"publisher\":{\"@id\":\"https:\/\/vosgesinfo.fr\/saintdieinfo\/#organization\"},\"alternateName\":\"Toute l'actualit\u00e9 de Saint-Di\u00e9-Des-Vosges\",\"potentialAction\":[{\"@type\":\"SearchAction\",\"target\":{\"@type\":\"EntryPoint\",\"urlTemplate\":\"https:\/\/vosgesinfo.fr\/saintdieinfo\/?s={search_term_string}\"},\"query-input\":\"required name=search_term_string\"}],\"inLanguage\":\"fr-FR\"},{\"@type\":\"Organization\",\"@id\":\"https:\/\/vosgesinfo.fr\/saintdieinfo\/#organization\",\"name\":\"Saint Die Info\",\"url\":\"https:\/\/vosgesinfo.fr\/saintdieinfo\/\",\"logo\":{\"@type\":\"ImageObject\",\"inLanguage\":\"fr-FR\",\"@id\":\"https:\/\/vosgesinfo.fr\/saintdieinfo\/#\/schema\/logo\/image\/\",\"url\":\"https:\/\/vosgesinfo.fr\/app\/uploads\/sites\/4\/2024\/02\/logo-sdi.jpg\",\"contentUrl\":\"https:\/\/vosgesinfo.fr\/app\/uploads\/sites\/4\/2024\/02\/logo-sdi.jpg\",\"width\":600,\"height\":600,\"caption\":\"Saint Die Info\"},\"image\":{\"@id\":\"https:\/\/vosgesinfo.fr\/saintdieinfo\/#\/schema\/logo\/image\/\"},\"sameAs\":[\"https:\/\/www.facebook.com\/Saintdieinfofr\",\"https:\/\/x.com\/VosgesInfo88\",\"https:\/\/www.youtube.com\/@vosgesinfo\"]},{\"@type\":\"Person\",\"@id\":\"https:\/\/vosgesinfo.fr\/saintdieinfo\/#\/schema\/person\/faee6704a21f3977511db84bd1cd450f\",\"name\":\"la r\u00e9daction\",\"image\":{\"@type\":\"ImageObject\",\"inLanguage\":\"fr-FR\",\"@id\":\"https:\/\/vosgesinfo.fr\/saintdieinfo\/#\/schema\/person\/image\/\",\"url\":\"https:\/\/secure.gravatar.com\/avatar\/6673d8bc6a9c17fa9a453eaa3448de834fa308c2ec9635b7aa99441a7c8d2cf6?s=96&d=mm&r=g\",\"contentUrl\":\"https:\/\/secure.gravatar.com\/avatar\/6673d8bc6a9c17fa9a453eaa3448de834fa308c2ec9635b7aa99441a7c8d2cf6?s=96&d=mm&r=g\",\"caption\":\"la r\u00e9daction\"},\"url\":\"https:\/\/vosgesinfo.fr\/saintdieinfo\/author\/redac\/\"}]}<\/script>\n<!-- \/ Yoast SEO plugin. -->","yoast_head_json":{"title":"Pierre-Perc\u00e9e \u2013 La saison des spectacles estivaux est lanc\u00e9e ! - Saint Die Info","robots":{"index":"index","follow":"follow","max-snippet":"max-snippet:-1","max-image-preview":"max-image-preview:large","max-video-preview":"max-video-preview:-1"},"canonical":"https:\/\/vosgesinfo.fr\/saintdieinfo\/2022\/06\/pierre-percee-saison-spectacles-estivaux-lancee\/","twitter_card":"summary_large_image","twitter_title":"Pierre-Perc\u00e9e \u2013 La saison des spectacles estivaux est lanc\u00e9e ! - Saint Die Info","twitter_description":"La saison des spectacles estivaux est lanc\u00e9e \u00e0 Pierre-Perc\u00e9e, avec un march\u00e9 nocturne et artisanal chaque vendredi soir, du 10 [&hellip;]","twitter_image":"https:\/\/vosgesinfo.fr\/app\/uploads\/sites\/4\/2024\/08\/202206pierre-percee-saison-spectacles-2022-3-1.jpg","twitter_creator":"@VosgesInfo88","twitter_site":"@VosgesInfo88","twitter_misc":{"\u00c9crit par":"la r\u00e9daction","Dur\u00e9e de lecture estim\u00e9e":"1 minute"},"schema":{"@context":"https:\/\/schema.org","@graph":[{"@type":"Article","@id":"https:\/\/vosgesinfo.fr\/saintdieinfo\/2022\/06\/pierre-percee-saison-spectacles-estivaux-lancee\/#article","isPartOf":{"@id":"https:\/\/vosgesinfo.fr\/saintdieinfo\/2022\/06\/pierre-percee-saison-spectacles-estivaux-lancee\/"},"author":{"name":"la r\u00e9daction","@id":"https:\/\/vosgesinfo.fr\/saintdieinfo\/#\/schema\/person\/faee6704a21f3977511db84bd1cd450f"},"headline":"Pierre-Perc\u00e9e \u2013 La saison des spectacles estivaux est lanc\u00e9e !","datePublished":"2022-06-28T07:52:01+00:00","dateModified":"2022-06-28T07:52:01+00:00","mainEntityOfPage":{"@id":"https:\/\/vosgesinfo.fr\/saintdieinfo\/2022\/06\/pierre-percee-saison-spectacles-estivaux-lancee\/"},"wordCount":160,"commentCount":0,"publisher":{"@id":"https:\/\/vosgesinfo.fr\/saintdieinfo\/#organization"},"image":{"@id":"https:\/\/vosgesinfo.fr\/saintdieinfo\/2022\/06\/pierre-percee-saison-spectacles-estivaux-lancee\/#primaryimage"},"thumbnailUrl":"https:\/\/vosgesinfo.fr\/app\/uploads\/sites\/4\/2024\/08\/202206pierre-percee-saison-spectacles-2022-3-1.jpg","keywords":["Pierre-Perc\u00e9e","Saison des spectacles de Pierre-Perc\u00e9e"],"articleSection":["Br\u00e8ves","Concert","Culture","Loisirs","Saint-Di\u00e9-des-Vosges et son Agglom\u00e9ration"],"inLanguage":"fr-FR","potentialAction":[{"@type":"CommentAction","name":"Comment","target":["https:\/\/vosgesinfo.fr\/saintdieinfo\/2022\/06\/pierre-percee-saison-spectacles-estivaux-lancee\/#respond"]}]},{"@type":"WebPage","@id":"https:\/\/vosgesinfo.fr\/saintdieinfo\/2022\/06\/pierre-percee-saison-spectacles-estivaux-lancee\/","url":"https:\/\/vosgesinfo.fr\/saintdieinfo\/2022\/06\/pierre-percee-saison-spectacles-estivaux-lancee\/","name":"Pierre-Perc\u00e9e \u2013 La saison des spectacles estivaux est lanc\u00e9e ! - Saint Die Info","isPartOf":{"@id":"https:\/\/vosgesinfo.fr\/saintdieinfo\/#website"},"primaryImageOfPage":{"@id":"https:\/\/vosgesinfo.fr\/saintdieinfo\/2022\/06\/pierre-percee-saison-spectacles-estivaux-lancee\/#primaryimage"},"image":{"@id":"https:\/\/vosgesinfo.fr\/saintdieinfo\/2022\/06\/pierre-percee-saison-spectacles-estivaux-lancee\/#primaryimage"},"thumbnailUrl":"https:\/\/vosgesinfo.fr\/app\/uploads\/sites\/4\/2024\/08\/202206pierre-percee-saison-spectacles-2022-3-1.jpg","datePublished":"2022-06-28T07:52:01+00:00","dateModified":"2022-06-28T07:52:01+00:00","breadcrumb":{"@id":"https:\/\/vosgesinfo.fr\/saintdieinfo\/2022\/06\/pierre-percee-saison-spectacles-estivaux-lancee\/#breadcrumb"},"inLanguage":"fr-FR","potentialAction":[{"@type":"ReadAction","target":["https:\/\/vosgesinfo.fr\/saintdieinfo\/2022\/06\/pierre-percee-saison-spectacles-estivaux-lancee\/"]}]},{"@type":"ImageObject","inLanguage":"fr-FR","@id":"https:\/\/vosgesinfo.fr\/saintdieinfo\/2022\/06\/pierre-percee-saison-spectacles-estivaux-lancee\/#primaryimage","url":"https:\/\/vosgesinfo.fr\/app\/uploads\/sites\/4\/2024\/08\/202206pierre-percee-saison-spectacles-2022-3-1.jpg","contentUrl":"https:\/\/vosgesinfo.fr\/app\/uploads\/sites\/4\/2024\/08\/202206pierre-percee-saison-spectacles-2022-3-1.jpg","width":1600,"height":1200},{"@type":"BreadcrumbList","@id":"https:\/\/vosgesinfo.fr\/saintdieinfo\/2022\/06\/pierre-percee-saison-spectacles-estivaux-lancee\/#breadcrumb","itemListElement":[{"@type":"ListItem","position":1,"name":"Home","item":"https:\/\/vosgesinfo.fr\/saintdieinfo\/"},{"@type":"ListItem","position":2,"name":"Pierre-Perc\u00e9e \u2013 La saison des spectacles estivaux est lanc\u00e9e !"}]},{"@type":"WebSite","@id":"https:\/\/vosgesinfo.fr\/saintdieinfo\/#website","url":"https:\/\/vosgesinfo.fr\/saintdieinfo\/","name":"Saint Die Info","description":"Toute l&#039;actualit\u00e9 de Saint-Di\u00e9-Des-Vosges","publisher":{"@id":"https:\/\/vosgesinfo.fr\/saintdieinfo\/#organization"},"alternateName":"Toute l'actualit\u00e9 de Saint-Di\u00e9-Des-Vosges","potentialAction":[{"@type":"SearchAction","target":{"@type":"EntryPoint","urlTemplate":"https:\/\/vosgesinfo.fr\/saintdieinfo\/?s={search_term_string}"},"query-input":"required name=search_term_string"}],"inLanguage":"fr-FR"},{"@type":"Organization","@id":"https:\/\/vosgesinfo.fr\/saintdieinfo\/#organization","name":"Saint Die Info","url":"https:\/\/vosgesinfo.fr\/saintdieinfo\/","logo":{"@type":"ImageObject","inLanguage":"fr-FR","@id":"https:\/\/vosgesinfo.fr\/saintdieinfo\/#\/schema\/logo\/image\/","url":"https:\/\/vosgesinfo.fr\/app\/uploads\/sites\/4\/2024\/02\/logo-sdi.jpg","contentUrl":"https:\/\/vosgesinfo.fr\/app\/uploads\/sites\/4\/2024\/02\/logo-sdi.jpg","width":600,"height":600,"caption":"Saint Die Info"},"image":{"@id":"https:\/\/vosgesinfo.fr\/saintdieinfo\/#\/schema\/logo\/image\/"},"sameAs":["https:\/\/www.facebook.com\/Saintdieinfofr","https:\/\/x.com\/VosgesInfo88","https:\/\/www.youtube.com\/@vosgesinfo"]},{"@type":"Person","@id":"https:\/\/vosgesinfo.fr\/saintdieinfo\/#\/schema\/person\/faee6704a21f3977511db84bd1cd450f","name":"la r\u00e9daction","image":{"@type":"ImageObject","inLanguage":"fr-FR","@id":"https:\/\/vosgesinfo.fr\/saintdieinfo\/#\/schema\/person\/image\/","url":"https:\/\/secure.gravatar.com\/avatar\/6673d8bc6a9c17fa9a453eaa3448de834fa308c2ec9635b7aa99441a7c8d2cf6?s=96&d=mm&r=g","contentUrl":"https:\/\/secure.gravatar.com\/avatar\/6673d8bc6a9c17fa9a453eaa3448de834fa308c2ec9635b7aa99441a7c8d2cf6?s=96&d=mm&r=g","caption":"la r\u00e9daction"},"url":"https:\/\/vosgesinfo.fr\/saintdieinfo\/author\/redac\/"}]}},"_links":{"self":[{"href":"https:\/\/vosgesinfo.fr\/saintdieinfo\/wp-json\/wp\/v2\/posts\/54935","targetHints":{"allow":["GET"]}}],"collection":[{"href":"https:\/\/vosgesinfo.fr\/saintdieinfo\/wp-json\/wp\/v2\/posts"}],"about":[{"href":"https:\/\/vosgesinfo.fr\/saintdieinfo\/wp-json\/wp\/v2\/types\/post"}],"author":[{"embeddable":true,"href":"https:\/\/vosgesinfo.fr\/saintdieinfo\/wp-json\/wp\/v2\/users\/44"}],"replies":[{"embeddable":true,"href":"https:\/\/vosgesinfo.fr\/saintdieinfo\/wp-json\/wp\/v2\/comments?post=54935"}],"version-history":[{"count":0,"href":"https:\/\/vosgesinfo.fr\/saintdieinfo\/wp-json\/wp\/v2\/posts\/54935\/revisions"}],"wp:featuredmedia":[{"embeddable":true,"href":"https:\/\/vosgesinfo.fr\/saintdieinfo\/wp-json\/wp\/v2\/media\/54936"}],"wp:attachment":[{"href":"https:\/\/vosgesinfo.fr\/saintdieinfo\/wp-json\/wp\/v2\/media?parent=54935"}],"wp:term":[{"taxonomy":"category","embeddable":true,"href":"https:\/\/vosgesinfo.fr\/saintdieinfo\/wp-json\/wp\/v2\/categories?post=54935"},{"taxonomy":"post_tag","embeddable":true,"href":"https:\/\/vosgesinfo.fr\/saintdieinfo\/wp-json\/wp\/v2\/tags?post=54935"}],"curies":[{"name":"wp","href":"https:\/\/api.w.org\/{rel}","templated":true}]}}