{"id":54937,"date":"2022-06-28T11:44:27","date_gmt":"2022-06-28T09:44:27","guid":{"rendered":"https:\/\/vosgesinfo.fr\/saintdieinfo\/2022\/06\/saint-michel-meurthe-prochaine-collecte-de-sang-jeudi\/"},"modified":"2022-06-28T11:44:27","modified_gmt":"2022-06-28T09:44:27","slug":"saint-michel-meurthe-prochaine-collecte-de-sang-jeudi","status":"publish","type":"post","link":"https:\/\/vosgesinfo.fr\/saintdieinfo\/2022\/06\/saint-michel-meurthe-prochaine-collecte-de-sang-jeudi\/","title":{"rendered":"Saint-Michel-sur-Meurthe \u2013 Prochaine collecte de sang ce jeudi"},"content":{"rendered":"<h2><strong><span style=\"font-size: 14pt;\">C&rsquo;est un des engagements de l&rsquo;Amicale pour le Don de Sang B\u00e9n\u00e9vole de Saint-Di\u00e9-des-Vosges et de sa r\u00e9gion : donner rendez-vous aux donneurs non seulement dans la ville-centre, Saint-Di\u00e9-des-Vosges, mais aussi dans les zones rurales du secteur dont cette dynamique Amicale a la charge.<\/span><\/strong><\/h2>\n<p><!--more--><\/p>\n<p>C&rsquo;est ainsi que, cette ann\u00e9e, deux collectes sont programm\u00e9es \u00e0 Saint-Michel-sur-Meurthe (le 30 juin et le 26 d\u00e9cembre) contre une seule en 2021&#8230; pour une premi\u00e8re dans cette commune ! Et la collecte \u00e0 Sainte-Marguerite, qui \u00e9tait aussi une premi\u00e8re historique dans la cit\u00e9 margaritaine \u00e0 l&rsquo;automne 2021, sera r\u00e9\u00e9dit\u00e9e l\u00e0 encore \u00e0 l&rsquo;automne (le 17 octobre).<\/p>\n<p>C&rsquo;est une volont\u00e9 d&rsquo;aller au devant des donneurs, et de toucher des personnes qui ne vont pas spontan\u00e9ment vers les collectes principales. Pour marquer cet engagement, quelques b\u00e9n\u00e9voles ont sillonn\u00e9 quelques chemins de Saint-Michel-sur-Meurthe et de quelques villages alentour pour informer les habitants par des tracts d\u00e9pos\u00e9s dans les bo\u00eetes \u00e0 lettres.<br \/>\nCar, quels que soient les moyens de communication employ\u00e9s, le message est toujours le m\u00eame : les besoins en sang sont toujours bien pr\u00e9sents, et criants.<\/p>\n<p>Quels que soient vos lieux d&rsquo;habitation, vous pouvez vous rendre \u00e0 la salle des f\u00eates de Saint-Michel-sur-Meurthe (place Georges Ph\u00e9lipeaux) pour sauver des vies en tendant le bras et en donnant un peu du pr\u00e9cieux liquide qui coule dans vos veines. L&rsquo;\u00e9quipe de l&rsquo;Etablissement Fran\u00e7ais du Sang (EFS) vous y attend de 16 h \u00e0 19 h 30, avec le renfort efficace des b\u00e9n\u00e9voles de l&rsquo;Amicale d\u00e9odatienne, qui se d\u00e9m\u00e8ne toujours pour proposer des collations de qualit\u00e9 et savoureuses.<\/p>\n<p>Cette fois-ci, en plus des traditionnels sandwiches, fruits, etc., l&rsquo;Amicale a d\u00e9cid\u00e9 de proposer des tartelettes aux fruits produites par la boulangerie michelloise situ\u00e9e \u00e0 quelques pas de la salle des f\u00eates et de la Mairie. Du circuit court qui s&rsquo;ajoute \u00e0 l&rsquo;esprit de proximit\u00e9 avec les donneurs !<\/p>\n<p><a href=\"\/2022\/06\/Saint-Michel-sur-Meurthe-Collecte_de_Sang_Mobile.jpg\" target=\"_blank\" rel=\"noopener\"><img decoding=\"async\" class=\"aligncenter wp-image-185927 size-large\" src=\"\/2022\/06\/Saint-Michel-sur-Meurthe-Collecte_de_Sang_Mobile-720x1024.jpg\" alt=\"Saint-Michel-sur-Meurthe-Collecte_de_Sang_Mobile\" width=\"720\" height=\"1024\" \/><\/a><\/p>\n","protected":false},"excerpt":{"rendered":"<p>C&rsquo;est un des engagements de l&rsquo;Amicale pour le Don de Sang B\u00e9n\u00e9vole de Saint-Di\u00e9-des-Vosges et de sa r\u00e9gion : donner [&hellip;]<\/p>\n","protected":false},"author":44,"featured_media":22543,"comment_status":"open","ping_status":"open","sticky":false,"template":"","format":"standard","meta":{"footnotes":""},"categories":[3900,2915,4152,13,29],"tags":[8629,4071,3863],"class_list":["post-54937","post","type-post","status-publish","format-standard","has-post-thumbnail","hentry","category-breves","category-saint-die-son-canton","category-sante","category-societe","category-solidarite","tag-amicale-des-donneurs-de-sang-de-saint-die-des-vosges","tag-collecte-de-sang-mobile","tag-saint-michel-sur-meurthe"],"acf":[],"yoast_head":"<!-- This site is optimized with the Yoast SEO plugin v22.5 - https:\/\/yoast.com\/wordpress\/plugins\/seo\/ -->\n<title>Saint-Michel-sur-Meurthe \u2013 Prochaine collecte de sang ce jeudi - Saint Die Info<\/title>\n<meta name=\"robots\" content=\"index, follow, max-snippet:-1, max-image-preview:large, max-video-preview:-1\" \/>\n<link rel=\"canonical\" href=\"https:\/\/vosgesinfo.fr\/saintdieinfo\/2022\/06\/saint-michel-meurthe-prochaine-collecte-de-sang-jeudi\/\" \/>\n<meta name=\"twitter:card\" content=\"summary_large_image\" \/>\n<meta name=\"twitter:title\" content=\"Saint-Michel-sur-Meurthe \u2013 Prochaine collecte de sang ce jeudi - Saint Die Info\" \/>\n<meta name=\"twitter:description\" content=\"C&rsquo;est un des engagements de l&rsquo;Amicale pour le Don de Sang B\u00e9n\u00e9vole de Saint-Di\u00e9-des-Vosges et de sa r\u00e9gion : donner [&hellip;]\" \/>\n<meta name=\"twitter:image\" content=\"https:\/\/vosgesinfo.fr\/app\/uploads\/sites\/4\/2021\/09\/don-du-sang2.jpg\" \/>\n<meta name=\"twitter:creator\" content=\"@VosgesInfo88\" \/>\n<meta name=\"twitter:site\" content=\"@VosgesInfo88\" \/>\n<meta name=\"twitter:label1\" content=\"\u00c9crit par\" \/>\n\t<meta name=\"twitter:data1\" content=\"la r\u00e9daction\" \/>\n\t<meta name=\"twitter:label2\" content=\"Dur\u00e9e de lecture estim\u00e9e\" \/>\n\t<meta name=\"twitter:data2\" content=\"2 minutes\" \/>\n<script type=\"application\/ld+json\" class=\"yoast-schema-graph\">{\"@context\":\"https:\/\/schema.org\",\"@graph\":[{\"@type\":\"Article\",\"@id\":\"https:\/\/vosgesinfo.fr\/saintdieinfo\/2022\/06\/saint-michel-meurthe-prochaine-collecte-de-sang-jeudi\/#article\",\"isPartOf\":{\"@id\":\"https:\/\/vosgesinfo.fr\/saintdieinfo\/2022\/06\/saint-michel-meurthe-prochaine-collecte-de-sang-jeudi\/\"},\"author\":{\"name\":\"la r\u00e9daction\",\"@id\":\"https:\/\/vosgesinfo.fr\/saintdieinfo\/#\/schema\/person\/faee6704a21f3977511db84bd1cd450f\"},\"headline\":\"Saint-Michel-sur-Meurthe \u2013 Prochaine collecte de sang ce jeudi\",\"datePublished\":\"2022-06-28T09:44:27+00:00\",\"dateModified\":\"2022-06-28T09:44:27+00:00\",\"mainEntityOfPage\":{\"@id\":\"https:\/\/vosgesinfo.fr\/saintdieinfo\/2022\/06\/saint-michel-meurthe-prochaine-collecte-de-sang-jeudi\/\"},\"wordCount\":340,\"commentCount\":0,\"publisher\":{\"@id\":\"https:\/\/vosgesinfo.fr\/saintdieinfo\/#organization\"},\"image\":{\"@id\":\"https:\/\/vosgesinfo.fr\/saintdieinfo\/2022\/06\/saint-michel-meurthe-prochaine-collecte-de-sang-jeudi\/#primaryimage\"},\"thumbnailUrl\":\"https:\/\/vosgesinfo.fr\/app\/uploads\/sites\/4\/2021\/09\/don-du-sang2.jpg\",\"keywords\":[\"Amicale des Donneurs de Sang de Saint-Di\u00e9-des-Vosges\",\"Collecte de sang mobile\",\"Saint-Michel-sur-Meurthe\"],\"articleSection\":[\"Br\u00e8ves\",\"Saint-Di\u00e9-des-Vosges et son Agglom\u00e9ration\",\"Sant\u00e9\",\"Soci\u00e9t\u00e9\",\"Solidarit\u00e9\"],\"inLanguage\":\"fr-FR\",\"potentialAction\":[{\"@type\":\"CommentAction\",\"name\":\"Comment\",\"target\":[\"https:\/\/vosgesinfo.fr\/saintdieinfo\/2022\/06\/saint-michel-meurthe-prochaine-collecte-de-sang-jeudi\/#respond\"]}]},{\"@type\":\"WebPage\",\"@id\":\"https:\/\/vosgesinfo.fr\/saintdieinfo\/2022\/06\/saint-michel-meurthe-prochaine-collecte-de-sang-jeudi\/\",\"url\":\"https:\/\/vosgesinfo.fr\/saintdieinfo\/2022\/06\/saint-michel-meurthe-prochaine-collecte-de-sang-jeudi\/\",\"name\":\"Saint-Michel-sur-Meurthe \u2013 Prochaine collecte de sang ce jeudi - Saint Die Info\",\"isPartOf\":{\"@id\":\"https:\/\/vosgesinfo.fr\/saintdieinfo\/#website\"},\"primaryImageOfPage\":{\"@id\":\"https:\/\/vosgesinfo.fr\/saintdieinfo\/2022\/06\/saint-michel-meurthe-prochaine-collecte-de-sang-jeudi\/#primaryimage\"},\"image\":{\"@id\":\"https:\/\/vosgesinfo.fr\/saintdieinfo\/2022\/06\/saint-michel-meurthe-prochaine-collecte-de-sang-jeudi\/#primaryimage\"},\"thumbnailUrl\":\"https:\/\/vosgesinfo.fr\/app\/uploads\/sites\/4\/2021\/09\/don-du-sang2.jpg\",\"datePublished\":\"2022-06-28T09:44:27+00:00\",\"dateModified\":\"2022-06-28T09:44:27+00:00\",\"breadcrumb\":{\"@id\":\"https:\/\/vosgesinfo.fr\/saintdieinfo\/2022\/06\/saint-michel-meurthe-prochaine-collecte-de-sang-jeudi\/#breadcrumb\"},\"inLanguage\":\"fr-FR\",\"potentialAction\":[{\"@type\":\"ReadAction\",\"target\":[\"https:\/\/vosgesinfo.fr\/saintdieinfo\/2022\/06\/saint-michel-meurthe-prochaine-collecte-de-sang-jeudi\/\"]}]},{\"@type\":\"ImageObject\",\"inLanguage\":\"fr-FR\",\"@id\":\"https:\/\/vosgesinfo.fr\/saintdieinfo\/2022\/06\/saint-michel-meurthe-prochaine-collecte-de-sang-jeudi\/#primaryimage\",\"url\":\"https:\/\/vosgesinfo.fr\/app\/uploads\/sites\/4\/2021\/09\/don-du-sang2.jpg\",\"contentUrl\":\"https:\/\/vosgesinfo.fr\/app\/uploads\/sites\/4\/2021\/09\/don-du-sang2.jpg\",\"width\":800,\"height\":571},{\"@type\":\"BreadcrumbList\",\"@id\":\"https:\/\/vosgesinfo.fr\/saintdieinfo\/2022\/06\/saint-michel-meurthe-prochaine-collecte-de-sang-jeudi\/#breadcrumb\",\"itemListElement\":[{\"@type\":\"ListItem\",\"position\":1,\"name\":\"Home\",\"item\":\"https:\/\/vosgesinfo.fr\/saintdieinfo\/\"},{\"@type\":\"ListItem\",\"position\":2,\"name\":\"Saint-Michel-sur-Meurthe \u2013 Prochaine collecte de sang ce jeudi\"}]},{\"@type\":\"WebSite\",\"@id\":\"https:\/\/vosgesinfo.fr\/saintdieinfo\/#website\",\"url\":\"https:\/\/vosgesinfo.fr\/saintdieinfo\/\",\"name\":\"Saint Die Info\",\"description\":\"Toute l&#039;actualit\u00e9 de Saint-Di\u00e9-Des-Vosges\",\"publisher\":{\"@id\":\"https:\/\/vosgesinfo.fr\/saintdieinfo\/#organization\"},\"alternateName\":\"Toute l'actualit\u00e9 de Saint-Di\u00e9-Des-Vosges\",\"potentialAction\":[{\"@type\":\"SearchAction\",\"target\":{\"@type\":\"EntryPoint\",\"urlTemplate\":\"https:\/\/vosgesinfo.fr\/saintdieinfo\/?s={search_term_string}\"},\"query-input\":\"required name=search_term_string\"}],\"inLanguage\":\"fr-FR\"},{\"@type\":\"Organization\",\"@id\":\"https:\/\/vosgesinfo.fr\/saintdieinfo\/#organization\",\"name\":\"Saint Die Info\",\"url\":\"https:\/\/vosgesinfo.fr\/saintdieinfo\/\",\"logo\":{\"@type\":\"ImageObject\",\"inLanguage\":\"fr-FR\",\"@id\":\"https:\/\/vosgesinfo.fr\/saintdieinfo\/#\/schema\/logo\/image\/\",\"url\":\"https:\/\/vosgesinfo.fr\/app\/uploads\/sites\/4\/2024\/02\/logo-sdi.jpg\",\"contentUrl\":\"https:\/\/vosgesinfo.fr\/app\/uploads\/sites\/4\/2024\/02\/logo-sdi.jpg\",\"width\":600,\"height\":600,\"caption\":\"Saint Die Info\"},\"image\":{\"@id\":\"https:\/\/vosgesinfo.fr\/saintdieinfo\/#\/schema\/logo\/image\/\"},\"sameAs\":[\"https:\/\/www.facebook.com\/Saintdieinfofr\",\"https:\/\/x.com\/VosgesInfo88\",\"https:\/\/www.youtube.com\/@vosgesinfo\"]},{\"@type\":\"Person\",\"@id\":\"https:\/\/vosgesinfo.fr\/saintdieinfo\/#\/schema\/person\/faee6704a21f3977511db84bd1cd450f\",\"name\":\"la r\u00e9daction\",\"image\":{\"@type\":\"ImageObject\",\"inLanguage\":\"fr-FR\",\"@id\":\"https:\/\/vosgesinfo.fr\/saintdieinfo\/#\/schema\/person\/image\/\",\"url\":\"https:\/\/secure.gravatar.com\/avatar\/6673d8bc6a9c17fa9a453eaa3448de834fa308c2ec9635b7aa99441a7c8d2cf6?s=96&d=mm&r=g\",\"contentUrl\":\"https:\/\/secure.gravatar.com\/avatar\/6673d8bc6a9c17fa9a453eaa3448de834fa308c2ec9635b7aa99441a7c8d2cf6?s=96&d=mm&r=g\",\"caption\":\"la r\u00e9daction\"},\"url\":\"https:\/\/vosgesinfo.fr\/saintdieinfo\/author\/redac\/\"}]}<\/script>\n<!-- \/ Yoast SEO plugin. -->","yoast_head_json":{"title":"Saint-Michel-sur-Meurthe \u2013 Prochaine collecte de sang ce jeudi - Saint Die Info","robots":{"index":"index","follow":"follow","max-snippet":"max-snippet:-1","max-image-preview":"max-image-preview:large","max-video-preview":"max-video-preview:-1"},"canonical":"https:\/\/vosgesinfo.fr\/saintdieinfo\/2022\/06\/saint-michel-meurthe-prochaine-collecte-de-sang-jeudi\/","twitter_card":"summary_large_image","twitter_title":"Saint-Michel-sur-Meurthe \u2013 Prochaine collecte de sang ce jeudi - Saint Die Info","twitter_description":"C&rsquo;est un des engagements de l&rsquo;Amicale pour le Don de Sang B\u00e9n\u00e9vole de Saint-Di\u00e9-des-Vosges et de sa r\u00e9gion : donner [&hellip;]","twitter_image":"https:\/\/vosgesinfo.fr\/app\/uploads\/sites\/4\/2021\/09\/don-du-sang2.jpg","twitter_creator":"@VosgesInfo88","twitter_site":"@VosgesInfo88","twitter_misc":{"\u00c9crit par":"la r\u00e9daction","Dur\u00e9e de lecture estim\u00e9e":"2 minutes"},"schema":{"@context":"https:\/\/schema.org","@graph":[{"@type":"Article","@id":"https:\/\/vosgesinfo.fr\/saintdieinfo\/2022\/06\/saint-michel-meurthe-prochaine-collecte-de-sang-jeudi\/#article","isPartOf":{"@id":"https:\/\/vosgesinfo.fr\/saintdieinfo\/2022\/06\/saint-michel-meurthe-prochaine-collecte-de-sang-jeudi\/"},"author":{"name":"la r\u00e9daction","@id":"https:\/\/vosgesinfo.fr\/saintdieinfo\/#\/schema\/person\/faee6704a21f3977511db84bd1cd450f"},"headline":"Saint-Michel-sur-Meurthe \u2013 Prochaine collecte de sang ce jeudi","datePublished":"2022-06-28T09:44:27+00:00","dateModified":"2022-06-28T09:44:27+00:00","mainEntityOfPage":{"@id":"https:\/\/vosgesinfo.fr\/saintdieinfo\/2022\/06\/saint-michel-meurthe-prochaine-collecte-de-sang-jeudi\/"},"wordCount":340,"commentCount":0,"publisher":{"@id":"https:\/\/vosgesinfo.fr\/saintdieinfo\/#organization"},"image":{"@id":"https:\/\/vosgesinfo.fr\/saintdieinfo\/2022\/06\/saint-michel-meurthe-prochaine-collecte-de-sang-jeudi\/#primaryimage"},"thumbnailUrl":"https:\/\/vosgesinfo.fr\/app\/uploads\/sites\/4\/2021\/09\/don-du-sang2.jpg","keywords":["Amicale des Donneurs de Sang de Saint-Di\u00e9-des-Vosges","Collecte de sang mobile","Saint-Michel-sur-Meurthe"],"articleSection":["Br\u00e8ves","Saint-Di\u00e9-des-Vosges et son Agglom\u00e9ration","Sant\u00e9","Soci\u00e9t\u00e9","Solidarit\u00e9"],"inLanguage":"fr-FR","potentialAction":[{"@type":"CommentAction","name":"Comment","target":["https:\/\/vosgesinfo.fr\/saintdieinfo\/2022\/06\/saint-michel-meurthe-prochaine-collecte-de-sang-jeudi\/#respond"]}]},{"@type":"WebPage","@id":"https:\/\/vosgesinfo.fr\/saintdieinfo\/2022\/06\/saint-michel-meurthe-prochaine-collecte-de-sang-jeudi\/","url":"https:\/\/vosgesinfo.fr\/saintdieinfo\/2022\/06\/saint-michel-meurthe-prochaine-collecte-de-sang-jeudi\/","name":"Saint-Michel-sur-Meurthe \u2013 Prochaine collecte de sang ce jeudi - Saint Die Info","isPartOf":{"@id":"https:\/\/vosgesinfo.fr\/saintdieinfo\/#website"},"primaryImageOfPage":{"@id":"https:\/\/vosgesinfo.fr\/saintdieinfo\/2022\/06\/saint-michel-meurthe-prochaine-collecte-de-sang-jeudi\/#primaryimage"},"image":{"@id":"https:\/\/vosgesinfo.fr\/saintdieinfo\/2022\/06\/saint-michel-meurthe-prochaine-collecte-de-sang-jeudi\/#primaryimage"},"thumbnailUrl":"https:\/\/vosgesinfo.fr\/app\/uploads\/sites\/4\/2021\/09\/don-du-sang2.jpg","datePublished":"2022-06-28T09:44:27+00:00","dateModified":"2022-06-28T09:44:27+00:00","breadcrumb":{"@id":"https:\/\/vosgesinfo.fr\/saintdieinfo\/2022\/06\/saint-michel-meurthe-prochaine-collecte-de-sang-jeudi\/#breadcrumb"},"inLanguage":"fr-FR","potentialAction":[{"@type":"ReadAction","target":["https:\/\/vosgesinfo.fr\/saintdieinfo\/2022\/06\/saint-michel-meurthe-prochaine-collecte-de-sang-jeudi\/"]}]},{"@type":"ImageObject","inLanguage":"fr-FR","@id":"https:\/\/vosgesinfo.fr\/saintdieinfo\/2022\/06\/saint-michel-meurthe-prochaine-collecte-de-sang-jeudi\/#primaryimage","url":"https:\/\/vosgesinfo.fr\/app\/uploads\/sites\/4\/2021\/09\/don-du-sang2.jpg","contentUrl":"https:\/\/vosgesinfo.fr\/app\/uploads\/sites\/4\/2021\/09\/don-du-sang2.jpg","width":800,"height":571},{"@type":"BreadcrumbList","@id":"https:\/\/vosgesinfo.fr\/saintdieinfo\/2022\/06\/saint-michel-meurthe-prochaine-collecte-de-sang-jeudi\/#breadcrumb","itemListElement":[{"@type":"ListItem","position":1,"name":"Home","item":"https:\/\/vosgesinfo.fr\/saintdieinfo\/"},{"@type":"ListItem","position":2,"name":"Saint-Michel-sur-Meurthe \u2013 Prochaine collecte de sang ce jeudi"}]},{"@type":"WebSite","@id":"https:\/\/vosgesinfo.fr\/saintdieinfo\/#website","url":"https:\/\/vosgesinfo.fr\/saintdieinfo\/","name":"Saint Die Info","description":"Toute l&#039;actualit\u00e9 de Saint-Di\u00e9-Des-Vosges","publisher":{"@id":"https:\/\/vosgesinfo.fr\/saintdieinfo\/#organization"},"alternateName":"Toute l'actualit\u00e9 de Saint-Di\u00e9-Des-Vosges","potentialAction":[{"@type":"SearchAction","target":{"@type":"EntryPoint","urlTemplate":"https:\/\/vosgesinfo.fr\/saintdieinfo\/?s={search_term_string}"},"query-input":"required name=search_term_string"}],"inLanguage":"fr-FR"},{"@type":"Organization","@id":"https:\/\/vosgesinfo.fr\/saintdieinfo\/#organization","name":"Saint Die Info","url":"https:\/\/vosgesinfo.fr\/saintdieinfo\/","logo":{"@type":"ImageObject","inLanguage":"fr-FR","@id":"https:\/\/vosgesinfo.fr\/saintdieinfo\/#\/schema\/logo\/image\/","url":"https:\/\/vosgesinfo.fr\/app\/uploads\/sites\/4\/2024\/02\/logo-sdi.jpg","contentUrl":"https:\/\/vosgesinfo.fr\/app\/uploads\/sites\/4\/2024\/02\/logo-sdi.jpg","width":600,"height":600,"caption":"Saint Die Info"},"image":{"@id":"https:\/\/vosgesinfo.fr\/saintdieinfo\/#\/schema\/logo\/image\/"},"sameAs":["https:\/\/www.facebook.com\/Saintdieinfofr","https:\/\/x.com\/VosgesInfo88","https:\/\/www.youtube.com\/@vosgesinfo"]},{"@type":"Person","@id":"https:\/\/vosgesinfo.fr\/saintdieinfo\/#\/schema\/person\/faee6704a21f3977511db84bd1cd450f","name":"la r\u00e9daction","image":{"@type":"ImageObject","inLanguage":"fr-FR","@id":"https:\/\/vosgesinfo.fr\/saintdieinfo\/#\/schema\/person\/image\/","url":"https:\/\/secure.gravatar.com\/avatar\/6673d8bc6a9c17fa9a453eaa3448de834fa308c2ec9635b7aa99441a7c8d2cf6?s=96&d=mm&r=g","contentUrl":"https:\/\/secure.gravatar.com\/avatar\/6673d8bc6a9c17fa9a453eaa3448de834fa308c2ec9635b7aa99441a7c8d2cf6?s=96&d=mm&r=g","caption":"la r\u00e9daction"},"url":"https:\/\/vosgesinfo.fr\/saintdieinfo\/author\/redac\/"}]}},"_links":{"self":[{"href":"https:\/\/vosgesinfo.fr\/saintdieinfo\/wp-json\/wp\/v2\/posts\/54937","targetHints":{"allow":["GET"]}}],"collection":[{"href":"https:\/\/vosgesinfo.fr\/saintdieinfo\/wp-json\/wp\/v2\/posts"}],"about":[{"href":"https:\/\/vosgesinfo.fr\/saintdieinfo\/wp-json\/wp\/v2\/types\/post"}],"author":[{"embeddable":true,"href":"https:\/\/vosgesinfo.fr\/saintdieinfo\/wp-json\/wp\/v2\/users\/44"}],"replies":[{"embeddable":true,"href":"https:\/\/vosgesinfo.fr\/saintdieinfo\/wp-json\/wp\/v2\/comments?post=54937"}],"version-history":[{"count":0,"href":"https:\/\/vosgesinfo.fr\/saintdieinfo\/wp-json\/wp\/v2\/posts\/54937\/revisions"}],"wp:featuredmedia":[{"embeddable":true,"href":"https:\/\/vosgesinfo.fr\/saintdieinfo\/wp-json\/wp\/v2\/media\/22543"}],"wp:attachment":[{"href":"https:\/\/vosgesinfo.fr\/saintdieinfo\/wp-json\/wp\/v2\/media?parent=54937"}],"wp:term":[{"taxonomy":"category","embeddable":true,"href":"https:\/\/vosgesinfo.fr\/saintdieinfo\/wp-json\/wp\/v2\/categories?post=54937"},{"taxonomy":"post_tag","embeddable":true,"href":"https:\/\/vosgesinfo.fr\/saintdieinfo\/wp-json\/wp\/v2\/tags?post=54937"}],"curies":[{"name":"wp","href":"https:\/\/api.w.org\/{rel}","templated":true}]}}