{"id":54944,"date":"2022-06-28T12:29:55","date_gmt":"2022-06-28T10:29:55","guid":{"rendered":"https:\/\/vosgesinfo.fr\/saintdieinfo\/2022\/06\/retraites-cfdt-a-lheure-bilan-annuel\/"},"modified":"2022-06-28T12:29:55","modified_gmt":"2022-06-28T10:29:55","slug":"retraites-cfdt-a-lheure-bilan-annuel","status":"publish","type":"post","link":"https:\/\/vosgesinfo.fr\/saintdieinfo\/2022\/06\/retraites-cfdt-a-lheure-bilan-annuel\/","title":{"rendered":"Les retrait\u00e9s CFDT \u00e0 l&rsquo;heure du bilan annuel"},"content":{"rendered":"\n<h2><strong><span style=\"font-size: 14pt;\">Les membres de l&rsquo;Union Territoriale des Retrait\u00e9s CFDT se sont r\u00e9unis ce mardi dans les locaux d\u00e9odatiens de CAP Jeunes, \u00e0 l&rsquo;occasion de leur assembl\u00e9e g\u00e9n\u00e9rale d\u00e9partementale.<\/span><\/strong><\/h2>\n<p><!--more--><\/p>\n<p>Comme il a \u00e9t\u00e9 soulign\u00e9 lors de ces assises annuelles, le message port\u00e9 par le syndicat de retrait\u00e9s se veut simple\u00a0: \u00ab\u00a0Il faut prendre soin de nos retrait\u00e9s. Nous sommes \u00e9galement perturb\u00e9s par la situation des r\u00e9sidents dans les EHPAD, l&rsquo;augmentation des d\u00e9serts m\u00e9dicaux, l&rsquo;\u00e9loignement des m\u00e9decins sp\u00e9cialistes&#8230;\u00a0\u00bb.<\/p>\n<p>La CFDT et 63 acteurs de la soci\u00e9t\u00e9 civile avaient par ailleurs interpell\u00e9 les candidats \u00e0 la pr\u00e9sidentielle avec le \u00ab\u00a0Pacte du pouvoir de vivre\u00a0\u00bb, qui comporte 90 propositions pour un nouveau mod\u00e8le de soci\u00e9t\u00e9 \u00e9cologique, sociale et d\u00e9mocratique. Ce pacte avait \u00e9t\u00e9 pr\u00e9sent\u00e9 le 5 mars 2019, dans l&rsquo;objectif que les questions sociales et environnementales ne soient plus dissoci\u00e9es. Mais aussi pour rassembler un large front d&rsquo;acteurs syndicaux, associatifs et mutualistes autour d&rsquo;un triple objectif\u00a0: faire \u00e9voluer le d\u00e9bat public sur ces enjeux majeurs de soci\u00e9t\u00e9, faire entendre la soci\u00e9t\u00e9 civile organis\u00e9e et construire un rapport de force face \u00e0 un exercice tr\u00e8s vertical du pouvoir.<\/p>\n<p>\u00ab\u00a0Le \u00ab\u00a0Pacte du pouvoir de vivre\u00a0\u00bb est bien en route sur les secteurs de Remiremont et Vagney, et surtout ancr\u00e9 sur l&rsquo;alimentation. Sur le territoire de Saint-Di\u00e9-des-Vosges, nous allons travailler sur le sujet du transport\u00a0\u00bb a pr\u00e9cis\u00e9 William Michel, secr\u00e9taire de l&rsquo;Union Locale de Saint-Di\u00e9-des-Vosges, lors de l&rsquo;assembl\u00e9e g\u00e9n\u00e9rale d\u00e9partementale.<\/p>\n<p>J.J.<\/p>\n","protected":false},"excerpt":{"rendered":"<p>Les membres de l&rsquo;Union Territoriale des Retrait\u00e9s CFDT se sont r\u00e9unis ce mardi dans les locaux d\u00e9odatiens de CAP Jeunes, [&hellip;]<\/p>\n","protected":false},"author":44,"featured_media":54945,"comment_status":"open","ping_status":"open","sticky":false,"template":"","format":"standard","meta":{"footnotes":""},"categories":[460,10,2915],"tags":[11881,579,11882],"class_list":["post-54944","post","type-post","status-publish","format-standard","has-post-thumbnail","hentry","category-a-la-une","category-politique","category-saint-die-son-canton","tag-assemblee-generale-annuelle","tag-cfdt","tag-retraites-cfdt"],"acf":[],"yoast_head":"<!-- This site is optimized with the Yoast SEO plugin v22.5 - https:\/\/yoast.com\/wordpress\/plugins\/seo\/ -->\n<title>Les retrait\u00e9s CFDT \u00e0 l&#039;heure du bilan annuel - Saint Die Info<\/title>\n<meta name=\"robots\" content=\"index, follow, max-snippet:-1, max-image-preview:large, max-video-preview:-1\" \/>\n<link rel=\"canonical\" href=\"https:\/\/vosgesinfo.fr\/saintdieinfo\/2022\/06\/retraites-cfdt-a-lheure-bilan-annuel\/\" \/>\n<meta name=\"twitter:card\" content=\"summary_large_image\" \/>\n<meta name=\"twitter:title\" content=\"Les retrait\u00e9s CFDT \u00e0 l&#039;heure du bilan annuel - Saint Die Info\" \/>\n<meta name=\"twitter:description\" content=\"Les membres de l&rsquo;Union Territoriale des Retrait\u00e9s CFDT se sont r\u00e9unis ce mardi dans les locaux d\u00e9odatiens de CAP Jeunes, [&hellip;]\" \/>\n<meta name=\"twitter:image\" content=\"https:\/\/vosgesinfo.fr\/app\/uploads\/sites\/4\/2024\/08\/202206ag-cfdt-1.jpg\" \/>\n<meta name=\"twitter:creator\" content=\"@VosgesInfo88\" \/>\n<meta name=\"twitter:site\" content=\"@VosgesInfo88\" \/>\n<meta name=\"twitter:label1\" content=\"\u00c9crit par\" \/>\n\t<meta name=\"twitter:data1\" content=\"la r\u00e9daction\" \/>\n\t<meta name=\"twitter:label2\" content=\"Dur\u00e9e de lecture estim\u00e9e\" \/>\n\t<meta name=\"twitter:data2\" content=\"1 minute\" \/>\n<script type=\"application\/ld+json\" class=\"yoast-schema-graph\">{\"@context\":\"https:\/\/schema.org\",\"@graph\":[{\"@type\":\"Article\",\"@id\":\"https:\/\/vosgesinfo.fr\/saintdieinfo\/2022\/06\/retraites-cfdt-a-lheure-bilan-annuel\/#article\",\"isPartOf\":{\"@id\":\"https:\/\/vosgesinfo.fr\/saintdieinfo\/2022\/06\/retraites-cfdt-a-lheure-bilan-annuel\/\"},\"author\":{\"name\":\"la r\u00e9daction\",\"@id\":\"https:\/\/vosgesinfo.fr\/saintdieinfo\/#\/schema\/person\/faee6704a21f3977511db84bd1cd450f\"},\"headline\":\"Les retrait\u00e9s CFDT \u00e0 l&rsquo;heure du bilan annuel\",\"datePublished\":\"2022-06-28T10:29:55+00:00\",\"dateModified\":\"2022-06-28T10:29:55+00:00\",\"mainEntityOfPage\":{\"@id\":\"https:\/\/vosgesinfo.fr\/saintdieinfo\/2022\/06\/retraites-cfdt-a-lheure-bilan-annuel\/\"},\"wordCount\":287,\"commentCount\":0,\"publisher\":{\"@id\":\"https:\/\/vosgesinfo.fr\/saintdieinfo\/#organization\"},\"image\":{\"@id\":\"https:\/\/vosgesinfo.fr\/saintdieinfo\/2022\/06\/retraites-cfdt-a-lheure-bilan-annuel\/#primaryimage\"},\"thumbnailUrl\":\"https:\/\/vosgesinfo.fr\/app\/uploads\/sites\/4\/2024\/08\/202206ag-cfdt-1.jpg\",\"keywords\":[\"Assembl\u00e9e g\u00e9n\u00e9rale annuelle\",\"CFDT\",\"Retrait\u00e9s CFDT\"],\"articleSection\":[\"A la Une\",\"Politique\",\"Saint-Di\u00e9-des-Vosges et son Agglom\u00e9ration\"],\"inLanguage\":\"fr-FR\",\"potentialAction\":[{\"@type\":\"CommentAction\",\"name\":\"Comment\",\"target\":[\"https:\/\/vosgesinfo.fr\/saintdieinfo\/2022\/06\/retraites-cfdt-a-lheure-bilan-annuel\/#respond\"]}]},{\"@type\":\"WebPage\",\"@id\":\"https:\/\/vosgesinfo.fr\/saintdieinfo\/2022\/06\/retraites-cfdt-a-lheure-bilan-annuel\/\",\"url\":\"https:\/\/vosgesinfo.fr\/saintdieinfo\/2022\/06\/retraites-cfdt-a-lheure-bilan-annuel\/\",\"name\":\"Les retrait\u00e9s CFDT \u00e0 l'heure du bilan annuel - Saint Die Info\",\"isPartOf\":{\"@id\":\"https:\/\/vosgesinfo.fr\/saintdieinfo\/#website\"},\"primaryImageOfPage\":{\"@id\":\"https:\/\/vosgesinfo.fr\/saintdieinfo\/2022\/06\/retraites-cfdt-a-lheure-bilan-annuel\/#primaryimage\"},\"image\":{\"@id\":\"https:\/\/vosgesinfo.fr\/saintdieinfo\/2022\/06\/retraites-cfdt-a-lheure-bilan-annuel\/#primaryimage\"},\"thumbnailUrl\":\"https:\/\/vosgesinfo.fr\/app\/uploads\/sites\/4\/2024\/08\/202206ag-cfdt-1.jpg\",\"datePublished\":\"2022-06-28T10:29:55+00:00\",\"dateModified\":\"2022-06-28T10:29:55+00:00\",\"breadcrumb\":{\"@id\":\"https:\/\/vosgesinfo.fr\/saintdieinfo\/2022\/06\/retraites-cfdt-a-lheure-bilan-annuel\/#breadcrumb\"},\"inLanguage\":\"fr-FR\",\"potentialAction\":[{\"@type\":\"ReadAction\",\"target\":[\"https:\/\/vosgesinfo.fr\/saintdieinfo\/2022\/06\/retraites-cfdt-a-lheure-bilan-annuel\/\"]}]},{\"@type\":\"ImageObject\",\"inLanguage\":\"fr-FR\",\"@id\":\"https:\/\/vosgesinfo.fr\/saintdieinfo\/2022\/06\/retraites-cfdt-a-lheure-bilan-annuel\/#primaryimage\",\"url\":\"https:\/\/vosgesinfo.fr\/app\/uploads\/sites\/4\/2024\/08\/202206ag-cfdt-1.jpg\",\"contentUrl\":\"https:\/\/vosgesinfo.fr\/app\/uploads\/sites\/4\/2024\/08\/202206ag-cfdt-1.jpg\",\"width\":768,\"height\":538},{\"@type\":\"BreadcrumbList\",\"@id\":\"https:\/\/vosgesinfo.fr\/saintdieinfo\/2022\/06\/retraites-cfdt-a-lheure-bilan-annuel\/#breadcrumb\",\"itemListElement\":[{\"@type\":\"ListItem\",\"position\":1,\"name\":\"Home\",\"item\":\"https:\/\/vosgesinfo.fr\/saintdieinfo\/\"},{\"@type\":\"ListItem\",\"position\":2,\"name\":\"Les retrait\u00e9s CFDT \u00e0 l&rsquo;heure du bilan annuel\"}]},{\"@type\":\"WebSite\",\"@id\":\"https:\/\/vosgesinfo.fr\/saintdieinfo\/#website\",\"url\":\"https:\/\/vosgesinfo.fr\/saintdieinfo\/\",\"name\":\"Saint Die Info\",\"description\":\"Toute l&#039;actualit\u00e9 de Saint-Di\u00e9-Des-Vosges\",\"publisher\":{\"@id\":\"https:\/\/vosgesinfo.fr\/saintdieinfo\/#organization\"},\"alternateName\":\"Toute l'actualit\u00e9 de Saint-Di\u00e9-Des-Vosges\",\"potentialAction\":[{\"@type\":\"SearchAction\",\"target\":{\"@type\":\"EntryPoint\",\"urlTemplate\":\"https:\/\/vosgesinfo.fr\/saintdieinfo\/?s={search_term_string}\"},\"query-input\":\"required name=search_term_string\"}],\"inLanguage\":\"fr-FR\"},{\"@type\":\"Organization\",\"@id\":\"https:\/\/vosgesinfo.fr\/saintdieinfo\/#organization\",\"name\":\"Saint Die Info\",\"url\":\"https:\/\/vosgesinfo.fr\/saintdieinfo\/\",\"logo\":{\"@type\":\"ImageObject\",\"inLanguage\":\"fr-FR\",\"@id\":\"https:\/\/vosgesinfo.fr\/saintdieinfo\/#\/schema\/logo\/image\/\",\"url\":\"https:\/\/vosgesinfo.fr\/app\/uploads\/sites\/4\/2024\/02\/logo-sdi.jpg\",\"contentUrl\":\"https:\/\/vosgesinfo.fr\/app\/uploads\/sites\/4\/2024\/02\/logo-sdi.jpg\",\"width\":600,\"height\":600,\"caption\":\"Saint Die Info\"},\"image\":{\"@id\":\"https:\/\/vosgesinfo.fr\/saintdieinfo\/#\/schema\/logo\/image\/\"},\"sameAs\":[\"https:\/\/www.facebook.com\/Saintdieinfofr\",\"https:\/\/x.com\/VosgesInfo88\",\"https:\/\/www.youtube.com\/@vosgesinfo\"]},{\"@type\":\"Person\",\"@id\":\"https:\/\/vosgesinfo.fr\/saintdieinfo\/#\/schema\/person\/faee6704a21f3977511db84bd1cd450f\",\"name\":\"la r\u00e9daction\",\"image\":{\"@type\":\"ImageObject\",\"inLanguage\":\"fr-FR\",\"@id\":\"https:\/\/vosgesinfo.fr\/saintdieinfo\/#\/schema\/person\/image\/\",\"url\":\"https:\/\/secure.gravatar.com\/avatar\/6673d8bc6a9c17fa9a453eaa3448de834fa308c2ec9635b7aa99441a7c8d2cf6?s=96&d=mm&r=g\",\"contentUrl\":\"https:\/\/secure.gravatar.com\/avatar\/6673d8bc6a9c17fa9a453eaa3448de834fa308c2ec9635b7aa99441a7c8d2cf6?s=96&d=mm&r=g\",\"caption\":\"la r\u00e9daction\"},\"url\":\"https:\/\/vosgesinfo.fr\/saintdieinfo\/author\/redac\/\"}]}<\/script>\n<!-- \/ Yoast SEO plugin. -->","yoast_head_json":{"title":"Les retrait\u00e9s CFDT \u00e0 l'heure du bilan annuel - Saint Die Info","robots":{"index":"index","follow":"follow","max-snippet":"max-snippet:-1","max-image-preview":"max-image-preview:large","max-video-preview":"max-video-preview:-1"},"canonical":"https:\/\/vosgesinfo.fr\/saintdieinfo\/2022\/06\/retraites-cfdt-a-lheure-bilan-annuel\/","twitter_card":"summary_large_image","twitter_title":"Les retrait\u00e9s CFDT \u00e0 l'heure du bilan annuel - Saint Die Info","twitter_description":"Les membres de l&rsquo;Union Territoriale des Retrait\u00e9s CFDT se sont r\u00e9unis ce mardi dans les locaux d\u00e9odatiens de CAP Jeunes, [&hellip;]","twitter_image":"https:\/\/vosgesinfo.fr\/app\/uploads\/sites\/4\/2024\/08\/202206ag-cfdt-1.jpg","twitter_creator":"@VosgesInfo88","twitter_site":"@VosgesInfo88","twitter_misc":{"\u00c9crit par":"la r\u00e9daction","Dur\u00e9e de lecture estim\u00e9e":"1 minute"},"schema":{"@context":"https:\/\/schema.org","@graph":[{"@type":"Article","@id":"https:\/\/vosgesinfo.fr\/saintdieinfo\/2022\/06\/retraites-cfdt-a-lheure-bilan-annuel\/#article","isPartOf":{"@id":"https:\/\/vosgesinfo.fr\/saintdieinfo\/2022\/06\/retraites-cfdt-a-lheure-bilan-annuel\/"},"author":{"name":"la r\u00e9daction","@id":"https:\/\/vosgesinfo.fr\/saintdieinfo\/#\/schema\/person\/faee6704a21f3977511db84bd1cd450f"},"headline":"Les retrait\u00e9s CFDT \u00e0 l&rsquo;heure du bilan annuel","datePublished":"2022-06-28T10:29:55+00:00","dateModified":"2022-06-28T10:29:55+00:00","mainEntityOfPage":{"@id":"https:\/\/vosgesinfo.fr\/saintdieinfo\/2022\/06\/retraites-cfdt-a-lheure-bilan-annuel\/"},"wordCount":287,"commentCount":0,"publisher":{"@id":"https:\/\/vosgesinfo.fr\/saintdieinfo\/#organization"},"image":{"@id":"https:\/\/vosgesinfo.fr\/saintdieinfo\/2022\/06\/retraites-cfdt-a-lheure-bilan-annuel\/#primaryimage"},"thumbnailUrl":"https:\/\/vosgesinfo.fr\/app\/uploads\/sites\/4\/2024\/08\/202206ag-cfdt-1.jpg","keywords":["Assembl\u00e9e g\u00e9n\u00e9rale annuelle","CFDT","Retrait\u00e9s CFDT"],"articleSection":["A la Une","Politique","Saint-Di\u00e9-des-Vosges et son Agglom\u00e9ration"],"inLanguage":"fr-FR","potentialAction":[{"@type":"CommentAction","name":"Comment","target":["https:\/\/vosgesinfo.fr\/saintdieinfo\/2022\/06\/retraites-cfdt-a-lheure-bilan-annuel\/#respond"]}]},{"@type":"WebPage","@id":"https:\/\/vosgesinfo.fr\/saintdieinfo\/2022\/06\/retraites-cfdt-a-lheure-bilan-annuel\/","url":"https:\/\/vosgesinfo.fr\/saintdieinfo\/2022\/06\/retraites-cfdt-a-lheure-bilan-annuel\/","name":"Les retrait\u00e9s CFDT \u00e0 l'heure du bilan annuel - Saint Die Info","isPartOf":{"@id":"https:\/\/vosgesinfo.fr\/saintdieinfo\/#website"},"primaryImageOfPage":{"@id":"https:\/\/vosgesinfo.fr\/saintdieinfo\/2022\/06\/retraites-cfdt-a-lheure-bilan-annuel\/#primaryimage"},"image":{"@id":"https:\/\/vosgesinfo.fr\/saintdieinfo\/2022\/06\/retraites-cfdt-a-lheure-bilan-annuel\/#primaryimage"},"thumbnailUrl":"https:\/\/vosgesinfo.fr\/app\/uploads\/sites\/4\/2024\/08\/202206ag-cfdt-1.jpg","datePublished":"2022-06-28T10:29:55+00:00","dateModified":"2022-06-28T10:29:55+00:00","breadcrumb":{"@id":"https:\/\/vosgesinfo.fr\/saintdieinfo\/2022\/06\/retraites-cfdt-a-lheure-bilan-annuel\/#breadcrumb"},"inLanguage":"fr-FR","potentialAction":[{"@type":"ReadAction","target":["https:\/\/vosgesinfo.fr\/saintdieinfo\/2022\/06\/retraites-cfdt-a-lheure-bilan-annuel\/"]}]},{"@type":"ImageObject","inLanguage":"fr-FR","@id":"https:\/\/vosgesinfo.fr\/saintdieinfo\/2022\/06\/retraites-cfdt-a-lheure-bilan-annuel\/#primaryimage","url":"https:\/\/vosgesinfo.fr\/app\/uploads\/sites\/4\/2024\/08\/202206ag-cfdt-1.jpg","contentUrl":"https:\/\/vosgesinfo.fr\/app\/uploads\/sites\/4\/2024\/08\/202206ag-cfdt-1.jpg","width":768,"height":538},{"@type":"BreadcrumbList","@id":"https:\/\/vosgesinfo.fr\/saintdieinfo\/2022\/06\/retraites-cfdt-a-lheure-bilan-annuel\/#breadcrumb","itemListElement":[{"@type":"ListItem","position":1,"name":"Home","item":"https:\/\/vosgesinfo.fr\/saintdieinfo\/"},{"@type":"ListItem","position":2,"name":"Les retrait\u00e9s CFDT \u00e0 l&rsquo;heure du bilan annuel"}]},{"@type":"WebSite","@id":"https:\/\/vosgesinfo.fr\/saintdieinfo\/#website","url":"https:\/\/vosgesinfo.fr\/saintdieinfo\/","name":"Saint Die Info","description":"Toute l&#039;actualit\u00e9 de Saint-Di\u00e9-Des-Vosges","publisher":{"@id":"https:\/\/vosgesinfo.fr\/saintdieinfo\/#organization"},"alternateName":"Toute l'actualit\u00e9 de Saint-Di\u00e9-Des-Vosges","potentialAction":[{"@type":"SearchAction","target":{"@type":"EntryPoint","urlTemplate":"https:\/\/vosgesinfo.fr\/saintdieinfo\/?s={search_term_string}"},"query-input":"required name=search_term_string"}],"inLanguage":"fr-FR"},{"@type":"Organization","@id":"https:\/\/vosgesinfo.fr\/saintdieinfo\/#organization","name":"Saint Die Info","url":"https:\/\/vosgesinfo.fr\/saintdieinfo\/","logo":{"@type":"ImageObject","inLanguage":"fr-FR","@id":"https:\/\/vosgesinfo.fr\/saintdieinfo\/#\/schema\/logo\/image\/","url":"https:\/\/vosgesinfo.fr\/app\/uploads\/sites\/4\/2024\/02\/logo-sdi.jpg","contentUrl":"https:\/\/vosgesinfo.fr\/app\/uploads\/sites\/4\/2024\/02\/logo-sdi.jpg","width":600,"height":600,"caption":"Saint Die Info"},"image":{"@id":"https:\/\/vosgesinfo.fr\/saintdieinfo\/#\/schema\/logo\/image\/"},"sameAs":["https:\/\/www.facebook.com\/Saintdieinfofr","https:\/\/x.com\/VosgesInfo88","https:\/\/www.youtube.com\/@vosgesinfo"]},{"@type":"Person","@id":"https:\/\/vosgesinfo.fr\/saintdieinfo\/#\/schema\/person\/faee6704a21f3977511db84bd1cd450f","name":"la r\u00e9daction","image":{"@type":"ImageObject","inLanguage":"fr-FR","@id":"https:\/\/vosgesinfo.fr\/saintdieinfo\/#\/schema\/person\/image\/","url":"https:\/\/secure.gravatar.com\/avatar\/6673d8bc6a9c17fa9a453eaa3448de834fa308c2ec9635b7aa99441a7c8d2cf6?s=96&d=mm&r=g","contentUrl":"https:\/\/secure.gravatar.com\/avatar\/6673d8bc6a9c17fa9a453eaa3448de834fa308c2ec9635b7aa99441a7c8d2cf6?s=96&d=mm&r=g","caption":"la r\u00e9daction"},"url":"https:\/\/vosgesinfo.fr\/saintdieinfo\/author\/redac\/"}]}},"_links":{"self":[{"href":"https:\/\/vosgesinfo.fr\/saintdieinfo\/wp-json\/wp\/v2\/posts\/54944","targetHints":{"allow":["GET"]}}],"collection":[{"href":"https:\/\/vosgesinfo.fr\/saintdieinfo\/wp-json\/wp\/v2\/posts"}],"about":[{"href":"https:\/\/vosgesinfo.fr\/saintdieinfo\/wp-json\/wp\/v2\/types\/post"}],"author":[{"embeddable":true,"href":"https:\/\/vosgesinfo.fr\/saintdieinfo\/wp-json\/wp\/v2\/users\/44"}],"replies":[{"embeddable":true,"href":"https:\/\/vosgesinfo.fr\/saintdieinfo\/wp-json\/wp\/v2\/comments?post=54944"}],"version-history":[{"count":0,"href":"https:\/\/vosgesinfo.fr\/saintdieinfo\/wp-json\/wp\/v2\/posts\/54944\/revisions"}],"wp:featuredmedia":[{"embeddable":true,"href":"https:\/\/vosgesinfo.fr\/saintdieinfo\/wp-json\/wp\/v2\/media\/54945"}],"wp:attachment":[{"href":"https:\/\/vosgesinfo.fr\/saintdieinfo\/wp-json\/wp\/v2\/media?parent=54944"}],"wp:term":[{"taxonomy":"category","embeddable":true,"href":"https:\/\/vosgesinfo.fr\/saintdieinfo\/wp-json\/wp\/v2\/categories?post=54944"},{"taxonomy":"post_tag","embeddable":true,"href":"https:\/\/vosgesinfo.fr\/saintdieinfo\/wp-json\/wp\/v2\/tags?post=54944"}],"curies":[{"name":"wp","href":"https:\/\/api.w.org\/{rel}","templated":true}]}}