{"id":54947,"date":"2022-06-28T13:47:57","date_gmt":"2022-06-28T11:47:57","guid":{"rendered":"https:\/\/vosgesinfo.fr\/saintdieinfo\/2022\/06\/propositions-cheminots-cgt-modernisation-developpement-de-ligne-ferroviaire-epinal-saint-die-vosges-strasbourg\/"},"modified":"2022-06-28T13:47:57","modified_gmt":"2022-06-28T11:47:57","slug":"propositions-cheminots-cgt-modernisation-developpement-de-ligne-ferroviaire-epinal-saint-die-vosges-strasbourg","status":"publish","type":"post","link":"https:\/\/vosgesinfo.fr\/saintdieinfo\/2022\/06\/propositions-cheminots-cgt-modernisation-developpement-de-ligne-ferroviaire-epinal-saint-die-vosges-strasbourg\/","title":{"rendered":"Les propositions des cheminots CGT pour \u00ab\u00a0la modernisation et le d\u00e9veloppement de la ligne ferroviaire Epinal \u2013 Saint-Di\u00e9-des-Vosges \u2013 Strasbourg\u00a0\u00bb"},"content":{"rendered":"<div id=\"attachment_114094\" style=\"width: 1010px\" class=\"wp-caption aligncenter\"><a href=\"\/2017\/12\/Cheminots_CGT_Ligne_SDDV_Arches.jpg\"><img decoding=\"async\" aria-describedby=\"caption-attachment-114094\" class=\"wp-image-114094 size-full\" src=\"\/2017\/12\/Cheminots_CGT_Ligne_SDDV_Arches.jpg\" alt=\"Cheminots_CGT_Ligne_SDDV_Arches\" width=\"1000\" height=\"667\" \/><\/a><p id=\"caption-attachment-114094\" class=\"wp-caption-text\">R\u00e9my G\u00e9hin et G\u00e9rard Coinchelin, respectivement repr\u00e9sentant et secr\u00e9taire du syndicat CGT Cheminots de Saint-Di\u00e9-des-Vosges et environs. (Archive)<\/p><\/div>\n<h2><strong><span style=\"font-size: 14pt;\">Le syndicat CGT des cheminots de Saint-Di\u00e9-des-Vosges et environs a transmis \u00e0 la presse ce mardi 28 juin un document de 12 pages, dans lequel sont pr\u00e9sent\u00e9es des propositions pour \u00ab\u00a0la modernisation de la ligne 18\u00a0\u00bb. Soit la ligne ferroviaire Epinal \u2013 Saint-Di\u00e9-des-Vosges \u2013 Strasbourg.<\/span><\/strong><\/h2>\n<p><!--more--><\/p>\n<p>\u00ab\u00a0Les villes moyennes et les zones rurales font face \u00e0 des d\u00e9fis\u00a0: d\u00e9ficit d\u00e9mographique, vieillissement de la population, transition \u00e9cologique, questions \u00e9nerg\u00e9tique et climatiques, questions socio-\u00e9conomiques, attractivit\u00e9 des territoires, r\u00e9industrialisation et niveau des services. Dans un cadre de moyenne montagne et de milieux naturels, la ligne 18 est ind\u00e9niablement un outil pour r\u00e9pondre \u00e0 ces enjeux. Elle doit favoriser les interactions entre les villes moyennes de Saint-Di\u00e9-des-Vosges, Epinal, G\u00e9rardmer, la m\u00e9tropole de Strasbourg et les zones rurales interm\u00e9diaires\u00a0\u00bb estiment les cheminots en pr\u00e9ambule du document.<\/p>\n<p>Selon ces derniers, \u00ab\u00a0la modernisation de la ligne Epinal \u2013 Saint-Di\u00e9-des-Vosges \u2013 Strasbourg permettra de valoriser des territoires qu peuvent se r\u00e9v\u00e9ler plus r\u00e9silients par rapport aux m\u00e9tropoles, en termes de qualit\u00e9 de vie, de d\u00e9mographie, d\u00a0\u00bbemplois, d&rsquo;acc\u00e8s \u00e0 l&rsquo;immobilier, d&rsquo;attractivit\u00e9 \u00e9conomique et r\u00e9sidentielle, d&rsquo;organisation du travail. L&rsquo;accessibilit\u00e9 des m\u00e9tropoles avec les \u00ab\u00a0Zones \u00e0 Faibles Emissions Mobilit\u00e9s\u00a0\u00bb, les difficult\u00e9s de stationnement et leurs co\u00fbts ne font que renforcer la pertinence du ferroviaire.\u00a0\u00bb<\/p>\n<p>Pour la CGT, \u00ab\u00a0de r\u00e9els investissements d&rsquo;infrastructures\u00a0\u00bb sont indispensables pour p\u00e9renniser l&rsquo;axe Epinal \u2013 Saint-Di\u00e9-des-Vosges \u2013 Epinal au vu des enjeux actuels, notamment en mati\u00e8re de soci\u00e9t\u00e9 et de transition \u00e9cologique.<\/p>\n<p>Concr\u00e8tement, le syndicat propose par exemple de recr\u00e9er des arr\u00eats entre Saint-Di\u00e9-des-Vosges et Epinal. A Saint-L\u00e9onard \u2013 ce qui est en cours d&rsquo;\u00e9tude par la Communaut\u00e9 d&rsquo;Agglom\u00e9ration de Saint-Di\u00e9-des-Vosges \u2013 mais aussi \u00e0 Docelles-Ch\u00e9nim\u00e9nil, Bruy\u00e8res, Corcieux-Van\u00e9mont, La Houssi\u00e8re, Laveline-devant-Bruy\u00e8res, Laval et L\u00e9panges-sur-Vologne. Les cheminots souhaitent \u00e9galement un \u00ab\u00a0investissement massif \u00e0 poursuivre dans l&rsquo;infrastructure\u00a0\u00bb, en demandant \u00ab\u00a0une augmentation de la vitesse en ligne de 90km\/h \u00e0 110km\/h\u00a0\u00bb ou \u00ab\u00a0l&rsquo;\u00e9tude de la suppression des ralentissements permanents\u00a0\u00bb. En parall\u00e8le, la CGT estime n\u00e9cessaire la \u00ab\u00a0modernisation du plan de voies de la gare de Saint-Di\u00e9-des-Vosges\u00a0\u00bb, depuis la r\u00e9ouverture de la ligne Epinal \u2013 Saint-Di\u00e9-des-Vosges le 21 d\u00e9cembre 2021.<\/p>\n<p>En ce qui concerne l&rsquo;axe reliant Saint-Di\u00e9-des-Vosges \u00e0 Strasbourg, le syndicat avance des propositions pour une meilleure gestion des flux. Ce qui passe, selon eux, par la mise en place d&rsquo;une signalisation automatique lumineuse, une occupation continue du poste de cantonnement de Saint-Blaise-la-Roche ou la r\u00e9alisation rapide d&rsquo;un v\u00e9ritable renouvellement voie ballast, \u00ab\u00a0sur les portions non trait\u00e9es \u00e0 ce jour, permettant un rel\u00e8vement des vitesses de 90km\/h \u00e0 110km\/h avec des normes techniques r\u00e9pondant ua transport FRET\u00a0\u00bb.<\/p>\n<p>Autre proposition \u00e9mise par cheminots CGT,la r\u00e9ouverture de la ligne ferroviaire de G\u00e9rardmer. \u00ab\u00a0Le bassin de vie G\u00e9rardmer, son contexte g\u00e9ographique, \u00e9conomique et touristique imposent des r\u00e9seaux de transports n\u00e9cessaires aux besoins des populations et aux besoins des activit\u00e9s \u00e0 l&rsquo;\u00e9chelle du massif vosgien. [\u2026] G\u00e9rardmer, 3e ville des Vosges en terme de population, avec une activit\u00e9 importante, a besoin d&rsquo;une relation ferroviaire forte. De plus, elle se trouve dans une r\u00e9gion qui souffre du manque de moyens de transports collectifs. La r\u00e9activation de cette ligne, ferm\u00e9e en 1988, entre dans le cadre du d\u00e9veloppement de la ligne Epinal \u2013 Saint-Di\u00e9-des-Vosges \u2013 Strasbourg.\u00a0\u00bb<\/p>\n<p><strong><a href=\"\/2022\/06\/Version-n\u00b0-2-du-27-juin-2022.pdf\" target=\"_blank\" rel=\"noopener\">Le document est t\u00e9l\u00e9chargeable ici.<\/a><\/strong><\/p>\n<p>J.J.<\/p>\n","protected":false},"excerpt":{"rendered":"<p>Le syndicat CGT des cheminots de Saint-Di\u00e9-des-Vosges et environs a transmis \u00e0 la presse ce mardi 28 juin un document [&hellip;]<\/p>\n","protected":false},"author":44,"featured_media":28888,"comment_status":"open","ping_status":"open","sticky":false,"template":"","format":"standard","meta":{"footnotes":""},"categories":[460,10,2915],"tags":[136,3379,10542],"class_list":["post-54947","post","type-post","status-publish","format-standard","has-post-thumbnail","hentry","category-a-la-une","category-politique","category-saint-die-son-canton","tag-cgt","tag-ligne-ferroviaire-epinal-saint-die-des-vosges-strasbourg","tag-syndicat-cgt-des-cheminots-de-saint-die-des-vosges-et-environs"],"acf":[],"yoast_head":"<!-- This site is optimized with the Yoast SEO plugin v22.5 - https:\/\/yoast.com\/wordpress\/plugins\/seo\/ -->\n<title>Les propositions des cheminots CGT pour \u00ab\u00a0la modernisation et le d\u00e9veloppement de la ligne ferroviaire Epinal \u2013 Saint-Di\u00e9-des-Vosges \u2013 Strasbourg\u00a0\u00bb - Saint Die Info<\/title>\n<meta name=\"robots\" content=\"index, follow, max-snippet:-1, max-image-preview:large, max-video-preview:-1\" \/>\n<link rel=\"canonical\" href=\"https:\/\/vosgesinfo.fr\/saintdieinfo\/2022\/06\/propositions-cheminots-cgt-modernisation-developpement-de-ligne-ferroviaire-epinal-saint-die-vosges-strasbourg\/\" \/>\n<meta name=\"twitter:card\" content=\"summary_large_image\" \/>\n<meta name=\"twitter:title\" content=\"Les propositions des cheminots CGT pour \u00ab\u00a0la modernisation et le d\u00e9veloppement de la ligne ferroviaire Epinal \u2013 Saint-Di\u00e9-des-Vosges \u2013 Strasbourg\u00a0\u00bb - Saint Die Info\" \/>\n<meta name=\"twitter:description\" content=\"Le syndicat CGT des cheminots de Saint-Di\u00e9-des-Vosges et environs a transmis \u00e0 la presse ce mardi 28 juin un document [&hellip;]\" \/>\n<meta name=\"twitter:image\" content=\"https:\/\/vosgesinfo.fr\/app\/uploads\/sites\/4\/2017\/12\/cheminots-cgt-ligne-sddv-arches.jpg\" \/>\n<meta name=\"twitter:creator\" content=\"@VosgesInfo88\" \/>\n<meta name=\"twitter:site\" content=\"@VosgesInfo88\" \/>\n<meta name=\"twitter:label1\" content=\"\u00c9crit par\" \/>\n\t<meta name=\"twitter:data1\" content=\"la r\u00e9daction\" \/>\n\t<meta name=\"twitter:label2\" content=\"Dur\u00e9e de lecture estim\u00e9e\" \/>\n\t<meta name=\"twitter:data2\" content=\"3 minutes\" \/>\n<script type=\"application\/ld+json\" class=\"yoast-schema-graph\">{\"@context\":\"https:\/\/schema.org\",\"@graph\":[{\"@type\":\"Article\",\"@id\":\"https:\/\/vosgesinfo.fr\/saintdieinfo\/2022\/06\/propositions-cheminots-cgt-modernisation-developpement-de-ligne-ferroviaire-epinal-saint-die-vosges-strasbourg\/#article\",\"isPartOf\":{\"@id\":\"https:\/\/vosgesinfo.fr\/saintdieinfo\/2022\/06\/propositions-cheminots-cgt-modernisation-developpement-de-ligne-ferroviaire-epinal-saint-die-vosges-strasbourg\/\"},\"author\":{\"name\":\"la r\u00e9daction\",\"@id\":\"https:\/\/vosgesinfo.fr\/saintdieinfo\/#\/schema\/person\/faee6704a21f3977511db84bd1cd450f\"},\"headline\":\"Les propositions des cheminots CGT pour \u00ab\u00a0la modernisation et le d\u00e9veloppement de la ligne ferroviaire Epinal \u2013 Saint-Di\u00e9-des-Vosges \u2013 Strasbourg\u00a0\u00bb\",\"datePublished\":\"2022-06-28T11:47:57+00:00\",\"dateModified\":\"2022-06-28T11:47:57+00:00\",\"mainEntityOfPage\":{\"@id\":\"https:\/\/vosgesinfo.fr\/saintdieinfo\/2022\/06\/propositions-cheminots-cgt-modernisation-developpement-de-ligne-ferroviaire-epinal-saint-die-vosges-strasbourg\/\"},\"wordCount\":641,\"commentCount\":0,\"publisher\":{\"@id\":\"https:\/\/vosgesinfo.fr\/saintdieinfo\/#organization\"},\"image\":{\"@id\":\"https:\/\/vosgesinfo.fr\/saintdieinfo\/2022\/06\/propositions-cheminots-cgt-modernisation-developpement-de-ligne-ferroviaire-epinal-saint-die-vosges-strasbourg\/#primaryimage\"},\"thumbnailUrl\":\"https:\/\/vosgesinfo.fr\/app\/uploads\/sites\/4\/2017\/12\/cheminots-cgt-ligne-sddv-arches.jpg\",\"keywords\":[\"CGT\",\"Ligne ferroviaire Epinal - Saint-Di\u00e9-des-Vosges - Strasbourg\",\"Syndicat CGT des Cheminots de Saint-Di\u00e9-des-Vosges et environs\"],\"articleSection\":[\"A la Une\",\"Politique\",\"Saint-Di\u00e9-des-Vosges et son Agglom\u00e9ration\"],\"inLanguage\":\"fr-FR\",\"potentialAction\":[{\"@type\":\"CommentAction\",\"name\":\"Comment\",\"target\":[\"https:\/\/vosgesinfo.fr\/saintdieinfo\/2022\/06\/propositions-cheminots-cgt-modernisation-developpement-de-ligne-ferroviaire-epinal-saint-die-vosges-strasbourg\/#respond\"]}]},{\"@type\":\"WebPage\",\"@id\":\"https:\/\/vosgesinfo.fr\/saintdieinfo\/2022\/06\/propositions-cheminots-cgt-modernisation-developpement-de-ligne-ferroviaire-epinal-saint-die-vosges-strasbourg\/\",\"url\":\"https:\/\/vosgesinfo.fr\/saintdieinfo\/2022\/06\/propositions-cheminots-cgt-modernisation-developpement-de-ligne-ferroviaire-epinal-saint-die-vosges-strasbourg\/\",\"name\":\"Les propositions des cheminots CGT pour \u00ab\u00a0la modernisation et le d\u00e9veloppement de la ligne ferroviaire Epinal \u2013 Saint-Di\u00e9-des-Vosges \u2013 Strasbourg\u00a0\u00bb - Saint Die Info\",\"isPartOf\":{\"@id\":\"https:\/\/vosgesinfo.fr\/saintdieinfo\/#website\"},\"primaryImageOfPage\":{\"@id\":\"https:\/\/vosgesinfo.fr\/saintdieinfo\/2022\/06\/propositions-cheminots-cgt-modernisation-developpement-de-ligne-ferroviaire-epinal-saint-die-vosges-strasbourg\/#primaryimage\"},\"image\":{\"@id\":\"https:\/\/vosgesinfo.fr\/saintdieinfo\/2022\/06\/propositions-cheminots-cgt-modernisation-developpement-de-ligne-ferroviaire-epinal-saint-die-vosges-strasbourg\/#primaryimage\"},\"thumbnailUrl\":\"https:\/\/vosgesinfo.fr\/app\/uploads\/sites\/4\/2017\/12\/cheminots-cgt-ligne-sddv-arches.jpg\",\"datePublished\":\"2022-06-28T11:47:57+00:00\",\"dateModified\":\"2022-06-28T11:47:57+00:00\",\"breadcrumb\":{\"@id\":\"https:\/\/vosgesinfo.fr\/saintdieinfo\/2022\/06\/propositions-cheminots-cgt-modernisation-developpement-de-ligne-ferroviaire-epinal-saint-die-vosges-strasbourg\/#breadcrumb\"},\"inLanguage\":\"fr-FR\",\"potentialAction\":[{\"@type\":\"ReadAction\",\"target\":[\"https:\/\/vosgesinfo.fr\/saintdieinfo\/2022\/06\/propositions-cheminots-cgt-modernisation-developpement-de-ligne-ferroviaire-epinal-saint-die-vosges-strasbourg\/\"]}]},{\"@type\":\"ImageObject\",\"inLanguage\":\"fr-FR\",\"@id\":\"https:\/\/vosgesinfo.fr\/saintdieinfo\/2022\/06\/propositions-cheminots-cgt-modernisation-developpement-de-ligne-ferroviaire-epinal-saint-die-vosges-strasbourg\/#primaryimage\",\"url\":\"https:\/\/vosgesinfo.fr\/app\/uploads\/sites\/4\/2017\/12\/cheminots-cgt-ligne-sddv-arches.jpg\",\"contentUrl\":\"https:\/\/vosgesinfo.fr\/app\/uploads\/sites\/4\/2017\/12\/cheminots-cgt-ligne-sddv-arches.jpg\"},{\"@type\":\"BreadcrumbList\",\"@id\":\"https:\/\/vosgesinfo.fr\/saintdieinfo\/2022\/06\/propositions-cheminots-cgt-modernisation-developpement-de-ligne-ferroviaire-epinal-saint-die-vosges-strasbourg\/#breadcrumb\",\"itemListElement\":[{\"@type\":\"ListItem\",\"position\":1,\"name\":\"Home\",\"item\":\"https:\/\/vosgesinfo.fr\/saintdieinfo\/\"},{\"@type\":\"ListItem\",\"position\":2,\"name\":\"Les propositions des cheminots CGT pour \u00ab\u00a0la modernisation et le d\u00e9veloppement de la ligne ferroviaire Epinal \u2013 Saint-Di\u00e9-des-Vosges \u2013 Strasbourg\u00a0\u00bb\"}]},{\"@type\":\"WebSite\",\"@id\":\"https:\/\/vosgesinfo.fr\/saintdieinfo\/#website\",\"url\":\"https:\/\/vosgesinfo.fr\/saintdieinfo\/\",\"name\":\"Saint Die Info\",\"description\":\"Toute l&#039;actualit\u00e9 de Saint-Di\u00e9-Des-Vosges\",\"publisher\":{\"@id\":\"https:\/\/vosgesinfo.fr\/saintdieinfo\/#organization\"},\"alternateName\":\"Toute l'actualit\u00e9 de Saint-Di\u00e9-Des-Vosges\",\"potentialAction\":[{\"@type\":\"SearchAction\",\"target\":{\"@type\":\"EntryPoint\",\"urlTemplate\":\"https:\/\/vosgesinfo.fr\/saintdieinfo\/?s={search_term_string}\"},\"query-input\":\"required name=search_term_string\"}],\"inLanguage\":\"fr-FR\"},{\"@type\":\"Organization\",\"@id\":\"https:\/\/vosgesinfo.fr\/saintdieinfo\/#organization\",\"name\":\"Saint Die Info\",\"url\":\"https:\/\/vosgesinfo.fr\/saintdieinfo\/\",\"logo\":{\"@type\":\"ImageObject\",\"inLanguage\":\"fr-FR\",\"@id\":\"https:\/\/vosgesinfo.fr\/saintdieinfo\/#\/schema\/logo\/image\/\",\"url\":\"https:\/\/vosgesinfo.fr\/app\/uploads\/sites\/4\/2024\/02\/logo-sdi.jpg\",\"contentUrl\":\"https:\/\/vosgesinfo.fr\/app\/uploads\/sites\/4\/2024\/02\/logo-sdi.jpg\",\"width\":600,\"height\":600,\"caption\":\"Saint Die Info\"},\"image\":{\"@id\":\"https:\/\/vosgesinfo.fr\/saintdieinfo\/#\/schema\/logo\/image\/\"},\"sameAs\":[\"https:\/\/www.facebook.com\/Saintdieinfofr\",\"https:\/\/x.com\/VosgesInfo88\",\"https:\/\/www.youtube.com\/@vosgesinfo\"]},{\"@type\":\"Person\",\"@id\":\"https:\/\/vosgesinfo.fr\/saintdieinfo\/#\/schema\/person\/faee6704a21f3977511db84bd1cd450f\",\"name\":\"la r\u00e9daction\",\"image\":{\"@type\":\"ImageObject\",\"inLanguage\":\"fr-FR\",\"@id\":\"https:\/\/vosgesinfo.fr\/saintdieinfo\/#\/schema\/person\/image\/\",\"url\":\"https:\/\/secure.gravatar.com\/avatar\/6673d8bc6a9c17fa9a453eaa3448de834fa308c2ec9635b7aa99441a7c8d2cf6?s=96&d=mm&r=g\",\"contentUrl\":\"https:\/\/secure.gravatar.com\/avatar\/6673d8bc6a9c17fa9a453eaa3448de834fa308c2ec9635b7aa99441a7c8d2cf6?s=96&d=mm&r=g\",\"caption\":\"la r\u00e9daction\"},\"url\":\"https:\/\/vosgesinfo.fr\/saintdieinfo\/author\/redac\/\"}]}<\/script>\n<!-- \/ Yoast SEO plugin. -->","yoast_head_json":{"title":"Les propositions des cheminots CGT pour \u00ab\u00a0la modernisation et le d\u00e9veloppement de la ligne ferroviaire Epinal \u2013 Saint-Di\u00e9-des-Vosges \u2013 Strasbourg\u00a0\u00bb - Saint Die Info","robots":{"index":"index","follow":"follow","max-snippet":"max-snippet:-1","max-image-preview":"max-image-preview:large","max-video-preview":"max-video-preview:-1"},"canonical":"https:\/\/vosgesinfo.fr\/saintdieinfo\/2022\/06\/propositions-cheminots-cgt-modernisation-developpement-de-ligne-ferroviaire-epinal-saint-die-vosges-strasbourg\/","twitter_card":"summary_large_image","twitter_title":"Les propositions des cheminots CGT pour \u00ab\u00a0la modernisation et le d\u00e9veloppement de la ligne ferroviaire Epinal \u2013 Saint-Di\u00e9-des-Vosges \u2013 Strasbourg\u00a0\u00bb - Saint Die Info","twitter_description":"Le syndicat CGT des cheminots de Saint-Di\u00e9-des-Vosges et environs a transmis \u00e0 la presse ce mardi 28 juin un document [&hellip;]","twitter_image":"https:\/\/vosgesinfo.fr\/app\/uploads\/sites\/4\/2017\/12\/cheminots-cgt-ligne-sddv-arches.jpg","twitter_creator":"@VosgesInfo88","twitter_site":"@VosgesInfo88","twitter_misc":{"\u00c9crit par":"la r\u00e9daction","Dur\u00e9e de lecture estim\u00e9e":"3 minutes"},"schema":{"@context":"https:\/\/schema.org","@graph":[{"@type":"Article","@id":"https:\/\/vosgesinfo.fr\/saintdieinfo\/2022\/06\/propositions-cheminots-cgt-modernisation-developpement-de-ligne-ferroviaire-epinal-saint-die-vosges-strasbourg\/#article","isPartOf":{"@id":"https:\/\/vosgesinfo.fr\/saintdieinfo\/2022\/06\/propositions-cheminots-cgt-modernisation-developpement-de-ligne-ferroviaire-epinal-saint-die-vosges-strasbourg\/"},"author":{"name":"la r\u00e9daction","@id":"https:\/\/vosgesinfo.fr\/saintdieinfo\/#\/schema\/person\/faee6704a21f3977511db84bd1cd450f"},"headline":"Les propositions des cheminots CGT pour \u00ab\u00a0la modernisation et le d\u00e9veloppement de la ligne ferroviaire Epinal \u2013 Saint-Di\u00e9-des-Vosges \u2013 Strasbourg\u00a0\u00bb","datePublished":"2022-06-28T11:47:57+00:00","dateModified":"2022-06-28T11:47:57+00:00","mainEntityOfPage":{"@id":"https:\/\/vosgesinfo.fr\/saintdieinfo\/2022\/06\/propositions-cheminots-cgt-modernisation-developpement-de-ligne-ferroviaire-epinal-saint-die-vosges-strasbourg\/"},"wordCount":641,"commentCount":0,"publisher":{"@id":"https:\/\/vosgesinfo.fr\/saintdieinfo\/#organization"},"image":{"@id":"https:\/\/vosgesinfo.fr\/saintdieinfo\/2022\/06\/propositions-cheminots-cgt-modernisation-developpement-de-ligne-ferroviaire-epinal-saint-die-vosges-strasbourg\/#primaryimage"},"thumbnailUrl":"https:\/\/vosgesinfo.fr\/app\/uploads\/sites\/4\/2017\/12\/cheminots-cgt-ligne-sddv-arches.jpg","keywords":["CGT","Ligne ferroviaire Epinal - Saint-Di\u00e9-des-Vosges - Strasbourg","Syndicat CGT des Cheminots de Saint-Di\u00e9-des-Vosges et environs"],"articleSection":["A la Une","Politique","Saint-Di\u00e9-des-Vosges et son Agglom\u00e9ration"],"inLanguage":"fr-FR","potentialAction":[{"@type":"CommentAction","name":"Comment","target":["https:\/\/vosgesinfo.fr\/saintdieinfo\/2022\/06\/propositions-cheminots-cgt-modernisation-developpement-de-ligne-ferroviaire-epinal-saint-die-vosges-strasbourg\/#respond"]}]},{"@type":"WebPage","@id":"https:\/\/vosgesinfo.fr\/saintdieinfo\/2022\/06\/propositions-cheminots-cgt-modernisation-developpement-de-ligne-ferroviaire-epinal-saint-die-vosges-strasbourg\/","url":"https:\/\/vosgesinfo.fr\/saintdieinfo\/2022\/06\/propositions-cheminots-cgt-modernisation-developpement-de-ligne-ferroviaire-epinal-saint-die-vosges-strasbourg\/","name":"Les propositions des cheminots CGT pour \u00ab\u00a0la modernisation et le d\u00e9veloppement de la ligne ferroviaire Epinal \u2013 Saint-Di\u00e9-des-Vosges \u2013 Strasbourg\u00a0\u00bb - Saint Die Info","isPartOf":{"@id":"https:\/\/vosgesinfo.fr\/saintdieinfo\/#website"},"primaryImageOfPage":{"@id":"https:\/\/vosgesinfo.fr\/saintdieinfo\/2022\/06\/propositions-cheminots-cgt-modernisation-developpement-de-ligne-ferroviaire-epinal-saint-die-vosges-strasbourg\/#primaryimage"},"image":{"@id":"https:\/\/vosgesinfo.fr\/saintdieinfo\/2022\/06\/propositions-cheminots-cgt-modernisation-developpement-de-ligne-ferroviaire-epinal-saint-die-vosges-strasbourg\/#primaryimage"},"thumbnailUrl":"https:\/\/vosgesinfo.fr\/app\/uploads\/sites\/4\/2017\/12\/cheminots-cgt-ligne-sddv-arches.jpg","datePublished":"2022-06-28T11:47:57+00:00","dateModified":"2022-06-28T11:47:57+00:00","breadcrumb":{"@id":"https:\/\/vosgesinfo.fr\/saintdieinfo\/2022\/06\/propositions-cheminots-cgt-modernisation-developpement-de-ligne-ferroviaire-epinal-saint-die-vosges-strasbourg\/#breadcrumb"},"inLanguage":"fr-FR","potentialAction":[{"@type":"ReadAction","target":["https:\/\/vosgesinfo.fr\/saintdieinfo\/2022\/06\/propositions-cheminots-cgt-modernisation-developpement-de-ligne-ferroviaire-epinal-saint-die-vosges-strasbourg\/"]}]},{"@type":"ImageObject","inLanguage":"fr-FR","@id":"https:\/\/vosgesinfo.fr\/saintdieinfo\/2022\/06\/propositions-cheminots-cgt-modernisation-developpement-de-ligne-ferroviaire-epinal-saint-die-vosges-strasbourg\/#primaryimage","url":"https:\/\/vosgesinfo.fr\/app\/uploads\/sites\/4\/2017\/12\/cheminots-cgt-ligne-sddv-arches.jpg","contentUrl":"https:\/\/vosgesinfo.fr\/app\/uploads\/sites\/4\/2017\/12\/cheminots-cgt-ligne-sddv-arches.jpg"},{"@type":"BreadcrumbList","@id":"https:\/\/vosgesinfo.fr\/saintdieinfo\/2022\/06\/propositions-cheminots-cgt-modernisation-developpement-de-ligne-ferroviaire-epinal-saint-die-vosges-strasbourg\/#breadcrumb","itemListElement":[{"@type":"ListItem","position":1,"name":"Home","item":"https:\/\/vosgesinfo.fr\/saintdieinfo\/"},{"@type":"ListItem","position":2,"name":"Les propositions des cheminots CGT pour \u00ab\u00a0la modernisation et le d\u00e9veloppement de la ligne ferroviaire Epinal \u2013 Saint-Di\u00e9-des-Vosges \u2013 Strasbourg\u00a0\u00bb"}]},{"@type":"WebSite","@id":"https:\/\/vosgesinfo.fr\/saintdieinfo\/#website","url":"https:\/\/vosgesinfo.fr\/saintdieinfo\/","name":"Saint Die Info","description":"Toute l&#039;actualit\u00e9 de Saint-Di\u00e9-Des-Vosges","publisher":{"@id":"https:\/\/vosgesinfo.fr\/saintdieinfo\/#organization"},"alternateName":"Toute l'actualit\u00e9 de Saint-Di\u00e9-Des-Vosges","potentialAction":[{"@type":"SearchAction","target":{"@type":"EntryPoint","urlTemplate":"https:\/\/vosgesinfo.fr\/saintdieinfo\/?s={search_term_string}"},"query-input":"required name=search_term_string"}],"inLanguage":"fr-FR"},{"@type":"Organization","@id":"https:\/\/vosgesinfo.fr\/saintdieinfo\/#organization","name":"Saint Die Info","url":"https:\/\/vosgesinfo.fr\/saintdieinfo\/","logo":{"@type":"ImageObject","inLanguage":"fr-FR","@id":"https:\/\/vosgesinfo.fr\/saintdieinfo\/#\/schema\/logo\/image\/","url":"https:\/\/vosgesinfo.fr\/app\/uploads\/sites\/4\/2024\/02\/logo-sdi.jpg","contentUrl":"https:\/\/vosgesinfo.fr\/app\/uploads\/sites\/4\/2024\/02\/logo-sdi.jpg","width":600,"height":600,"caption":"Saint Die Info"},"image":{"@id":"https:\/\/vosgesinfo.fr\/saintdieinfo\/#\/schema\/logo\/image\/"},"sameAs":["https:\/\/www.facebook.com\/Saintdieinfofr","https:\/\/x.com\/VosgesInfo88","https:\/\/www.youtube.com\/@vosgesinfo"]},{"@type":"Person","@id":"https:\/\/vosgesinfo.fr\/saintdieinfo\/#\/schema\/person\/faee6704a21f3977511db84bd1cd450f","name":"la r\u00e9daction","image":{"@type":"ImageObject","inLanguage":"fr-FR","@id":"https:\/\/vosgesinfo.fr\/saintdieinfo\/#\/schema\/person\/image\/","url":"https:\/\/secure.gravatar.com\/avatar\/6673d8bc6a9c17fa9a453eaa3448de834fa308c2ec9635b7aa99441a7c8d2cf6?s=96&d=mm&r=g","contentUrl":"https:\/\/secure.gravatar.com\/avatar\/6673d8bc6a9c17fa9a453eaa3448de834fa308c2ec9635b7aa99441a7c8d2cf6?s=96&d=mm&r=g","caption":"la r\u00e9daction"},"url":"https:\/\/vosgesinfo.fr\/saintdieinfo\/author\/redac\/"}]}},"_links":{"self":[{"href":"https:\/\/vosgesinfo.fr\/saintdieinfo\/wp-json\/wp\/v2\/posts\/54947","targetHints":{"allow":["GET"]}}],"collection":[{"href":"https:\/\/vosgesinfo.fr\/saintdieinfo\/wp-json\/wp\/v2\/posts"}],"about":[{"href":"https:\/\/vosgesinfo.fr\/saintdieinfo\/wp-json\/wp\/v2\/types\/post"}],"author":[{"embeddable":true,"href":"https:\/\/vosgesinfo.fr\/saintdieinfo\/wp-json\/wp\/v2\/users\/44"}],"replies":[{"embeddable":true,"href":"https:\/\/vosgesinfo.fr\/saintdieinfo\/wp-json\/wp\/v2\/comments?post=54947"}],"version-history":[{"count":0,"href":"https:\/\/vosgesinfo.fr\/saintdieinfo\/wp-json\/wp\/v2\/posts\/54947\/revisions"}],"wp:featuredmedia":[{"embeddable":true,"href":"https:\/\/vosgesinfo.fr\/saintdieinfo\/wp-json\/wp\/v2\/media\/28888"}],"wp:attachment":[{"href":"https:\/\/vosgesinfo.fr\/saintdieinfo\/wp-json\/wp\/v2\/media?parent=54947"}],"wp:term":[{"taxonomy":"category","embeddable":true,"href":"https:\/\/vosgesinfo.fr\/saintdieinfo\/wp-json\/wp\/v2\/categories?post=54947"},{"taxonomy":"post_tag","embeddable":true,"href":"https:\/\/vosgesinfo.fr\/saintdieinfo\/wp-json\/wp\/v2\/tags?post=54947"}],"curies":[{"name":"wp","href":"https:\/\/api.w.org\/{rel}","templated":true}]}}