{"id":54991,"date":"2024-08-14T13:34:51","date_gmt":"2024-08-14T11:34:51","guid":{"rendered":"https:\/\/vosgesinfo.fr\/saintdieinfo\/?p=54991"},"modified":"2024-08-14T13:34:51","modified_gmt":"2024-08-14T11:34:51","slug":"amenagement-de-parcs-de-detente-pour-chiens-au-refuge-de-la-spa-deodatienne","status":"publish","type":"post","link":"https:\/\/vosgesinfo.fr\/saintdieinfo\/2024\/08\/amenagement-de-parcs-de-detente-pour-chiens-au-refuge-de-la-spa-deodatienne\/","title":{"rendered":"Am\u00e9nagement de parcs de d\u00e9tente pour chiens au refuge de la SPA D\u00e9odatienne"},"content":{"rendered":"<p><iframe loading=\"lazy\" title=\"Am\u00e9nagement de parcs de d\u00e9tente pour chiens au refuge de la SPA D\u00e9odatienne\" width=\"500\" height=\"281\" src=\"https:\/\/www.youtube.com\/embed\/3KY8Wi9XTOU?feature=oembed\" frameborder=\"0\" allow=\"accelerometer; autoplay; clipboard-write; encrypted-media; gyroscope; picture-in-picture; web-share\" referrerpolicy=\"strict-origin-when-cross-origin\" allowfullscreen><\/iframe><\/p>\n<h2>Une nouvelle \u00e9tape dans le projet de reconstruction du refuge de la SPA D\u00e9odatienne vient de d\u00e9buter cette semaine, avec le lancement des travaux d&rsquo;am\u00e9nagement des futurs parcs de d\u00e9tente pour chiens.<\/h2>\n<p><!--more--><\/p>\n<p>Situ\u00e9s \u00e0 l&rsquo;arri\u00e8re du refuge, ces 3 terrains de d\u00e9tente cl\u00f4tur\u00e9s seront \u00e9quip\u00e9s d&rsquo;agr\u00e8s pour que les chiens du refuge puissent bouger et se d\u00e9fouler. Cela permettra \u00e9galement de tester les chiens avec leurs potentiels nouveaux propri\u00e9taires.<\/p>\n<p>Le terrain principal fera 364 m\u00b2, pour une dimension de 13m x 28m, tandis que les 2 autres seront plus petits. Les travaux sont r\u00e9alis\u00e9s par l&rsquo;entreprise Terrassement 54, de Thiaville-sur-Meurthe, et se chiffrent \u00e0 hauteur de 35 000\u20ac. L&rsquo;am\u00e9nagement des 3 terrains devrait \u00eatre termin\u00e9 d&rsquo;ici la fin de ce mois d&rsquo;ao\u00fbt.<\/p>\n<p>\u00ab\u00a0Nous avons d\u00e9cid\u00e9 de prendre un ma\u00eetre d&rsquo;oeuvre pour ce chantier, pour que tout soit fait correctement\u00a0\u00bb pr\u00e9cise la pr\u00e9sidente de la SPA D\u00e9odatienne Catherine Toussaint, tout en pr\u00e9cisant que le refuge accueille actuellement environ 45 chiens. \u00ab\u00a0Il y a pas mal de turn over gr\u00e2ce aux adoptions, mais la situation ne va pas en s&rsquo;am\u00e9liorant. Nous avons toujours beaucoup de chiens qui arrivent au refuge.\u00a0\u00bb<\/p>\n<p>Si le b\u00e2timent d&rsquo;infirmerie et de quarantaine est d\u00e9sormais totalement termin\u00e9, ces parcs de d\u00e9tente sont la deuxi\u00e8me grande \u00e9tape du projet de reconstruction. La prochaine \u00e9tant les chenils, puis plus tard les chatteries. Ce qui repr\u00e9sente au total plusieurs centaines de milliers d&rsquo;\u20ac d&rsquo;investissement pour l&rsquo;association de protection animale, qui multiplie les animations pour r\u00e9colter le maximum d&rsquo;argent. Afin de faire avancer la reconstruction du refuge, mais aussi pour payer les importants frais v\u00e9t\u00e9rinaires.<\/p>\n<p>J.J.<\/p>\n<p><a href=\"https:\/\/vosgesinfo.fr\/app\/uploads\/sites\/4\/2024\/08\/amenagement-parcs-detente-refuge-spa-deodatienne-1-scaled.jpg\"><img decoding=\"async\" class=\"alignnone size-large wp-image-55897\" src=\"https:\/\/vosgesinfo.fr\/app\/uploads\/sites\/4\/2024\/08\/amenagement-parcs-detente-refuge-spa-deodatienne-1-1024x771.jpg\" alt=\"\" width=\"1024\" height=\"771\" srcset=\"https:\/\/vosgesinfo.fr\/app\/uploads\/sites\/4\/2024\/08\/amenagement-parcs-detente-refuge-spa-deodatienne-1-1024x771.jpg 1024w, https:\/\/vosgesinfo.fr\/app\/uploads\/sites\/4\/2024\/08\/amenagement-parcs-detente-refuge-spa-deodatienne-1-300x226.jpg 300w, https:\/\/vosgesinfo.fr\/app\/uploads\/sites\/4\/2024\/08\/amenagement-parcs-detente-refuge-spa-deodatienne-1-768x578.jpg 768w, https:\/\/vosgesinfo.fr\/app\/uploads\/sites\/4\/2024\/08\/amenagement-parcs-detente-refuge-spa-deodatienne-1-1536x1157.jpg 1536w, https:\/\/vosgesinfo.fr\/app\/uploads\/sites\/4\/2024\/08\/amenagement-parcs-detente-refuge-spa-deodatienne-1-2048x1542.jpg 2048w\" sizes=\"(max-width: 1024px) 100vw, 1024px\" \/><\/a><\/p>\n<div id=\"attachment_55911\" style=\"width: 1034px\" class=\"wp-caption alignnone\"><a href=\"https:\/\/vosgesinfo.fr\/app\/uploads\/sites\/4\/2024\/08\/amenagement-parcs-detente-refuge-spa-deodatienne-3-scaled.jpg\"><img decoding=\"async\" aria-describedby=\"caption-attachment-55911\" class=\"wp-image-55911 size-large\" src=\"https:\/\/vosgesinfo.fr\/app\/uploads\/sites\/4\/2024\/08\/amenagement-parcs-detente-refuge-spa-deodatienne-3-1024x771.jpg\" alt=\"\" width=\"1024\" height=\"771\" srcset=\"https:\/\/vosgesinfo.fr\/app\/uploads\/sites\/4\/2024\/08\/amenagement-parcs-detente-refuge-spa-deodatienne-3-1024x771.jpg 1024w, https:\/\/vosgesinfo.fr\/app\/uploads\/sites\/4\/2024\/08\/amenagement-parcs-detente-refuge-spa-deodatienne-3-300x226.jpg 300w, https:\/\/vosgesinfo.fr\/app\/uploads\/sites\/4\/2024\/08\/amenagement-parcs-detente-refuge-spa-deodatienne-3-768x578.jpg 768w, https:\/\/vosgesinfo.fr\/app\/uploads\/sites\/4\/2024\/08\/amenagement-parcs-detente-refuge-spa-deodatienne-3-1536x1157.jpg 1536w, https:\/\/vosgesinfo.fr\/app\/uploads\/sites\/4\/2024\/08\/amenagement-parcs-detente-refuge-spa-deodatienne-3-2048x1542.jpg 2048w\" sizes=\"(max-width: 1024px) 100vw, 1024px\" \/><\/a><p id=\"caption-attachment-55911\" class=\"wp-caption-text\">Le b\u00e2timent d&rsquo;infirmerie et quarantaine est totalement termin\u00e9.<\/p><\/div>\n<p><a href=\"https:\/\/vosgesinfo.fr\/app\/uploads\/sites\/4\/2024\/08\/amenagement-parcs-detente-refuge-spa-deodatienne-2-scaled.jpg\"><img decoding=\"async\" class=\"alignnone size-large wp-image-55905\" src=\"https:\/\/vosgesinfo.fr\/app\/uploads\/sites\/4\/2024\/08\/amenagement-parcs-detente-refuge-spa-deodatienne-2-1024x771.jpg\" alt=\"\" width=\"1024\" height=\"771\" srcset=\"https:\/\/vosgesinfo.fr\/app\/uploads\/sites\/4\/2024\/08\/amenagement-parcs-detente-refuge-spa-deodatienne-2-1024x771.jpg 1024w, https:\/\/vosgesinfo.fr\/app\/uploads\/sites\/4\/2024\/08\/amenagement-parcs-detente-refuge-spa-deodatienne-2-300x226.jpg 300w, https:\/\/vosgesinfo.fr\/app\/uploads\/sites\/4\/2024\/08\/amenagement-parcs-detente-refuge-spa-deodatienne-2-768x578.jpg 768w, https:\/\/vosgesinfo.fr\/app\/uploads\/sites\/4\/2024\/08\/amenagement-parcs-detente-refuge-spa-deodatienne-2-1536x1157.jpg 1536w, https:\/\/vosgesinfo.fr\/app\/uploads\/sites\/4\/2024\/08\/amenagement-parcs-detente-refuge-spa-deodatienne-2-2048x1542.jpg 2048w\" sizes=\"(max-width: 1024px) 100vw, 1024px\" \/><\/a><\/p>\n","protected":false},"excerpt":{"rendered":"<p>Une nouvelle \u00e9tape dans le projet de reconstruction du refuge de la SPA D\u00e9odatienne vient de d\u00e9buter cette semaine, avec [&hellip;]<\/p>\n","protected":false},"author":46,"featured_media":55897,"comment_status":"open","ping_status":"open","sticky":false,"template":"","format":"standard","meta":{"footnotes":""},"categories":[460,167,17],"tags":[12358,12357,12359,3004,2944],"class_list":["post-54991","post","type-post","status-publish","format-standard","has-post-thumbnail","hentry","category-a-la-une","category-saint-die-des-vosges","category-vie-associative","tag-amenagement-de-parcs-de-detente-pour-chiens-au-refuge-de-la-spa-deodatienne","tag-catherine-toussaint","tag-parcs-de-detente-pour-chiens","tag-projet-de-reconstruction-du-refuge-de-la-spa-deodatienne","tag-spa-deodatienne"],"acf":[],"yoast_head":"<!-- This site is optimized with the Yoast SEO plugin v22.5 - https:\/\/yoast.com\/wordpress\/plugins\/seo\/ -->\n<title>Am\u00e9nagement de parcs de d\u00e9tente pour chiens au refuge de la SPA D\u00e9odatienne - Saint Die Info<\/title>\n<meta name=\"robots\" content=\"index, follow, max-snippet:-1, max-image-preview:large, max-video-preview:-1\" \/>\n<link rel=\"canonical\" href=\"https:\/\/vosgesinfo.fr\/saintdieinfo\/?p=54991\" \/>\n<meta name=\"twitter:card\" content=\"summary_large_image\" \/>\n<meta name=\"twitter:title\" content=\"Am\u00e9nagement de parcs de d\u00e9tente pour chiens au refuge de la SPA D\u00e9odatienne - Saint Die Info\" \/>\n<meta name=\"twitter:description\" content=\"Une nouvelle \u00e9tape dans le projet de reconstruction du refuge de la SPA D\u00e9odatienne vient de d\u00e9buter cette semaine, avec [&hellip;]\" \/>\n<meta name=\"twitter:image\" content=\"https:\/\/vosgesinfo.fr\/app\/uploads\/sites\/4\/2024\/08\/amenagement-parcs-detente-refuge-spa-deodatienne-1-scaled.jpg\" \/>\n<meta name=\"twitter:creator\" content=\"@VosgesInfo88\" \/>\n<meta name=\"twitter:site\" content=\"@VosgesInfo88\" \/>\n<meta name=\"twitter:label1\" content=\"\u00c9crit par\" \/>\n\t<meta name=\"twitter:data1\" content=\"J.J.\" \/>\n\t<meta name=\"twitter:label2\" content=\"Dur\u00e9e de lecture estim\u00e9e\" \/>\n\t<meta name=\"twitter:data2\" content=\"3 minutes\" \/>\n<script type=\"application\/ld+json\" class=\"yoast-schema-graph\">{\"@context\":\"https:\/\/schema.org\",\"@graph\":[{\"@type\":\"Article\",\"@id\":\"https:\/\/vosgesinfo.fr\/saintdieinfo\/?p=54991#article\",\"isPartOf\":{\"@id\":\"https:\/\/vosgesinfo.fr\/saintdieinfo\/?p=54991\"},\"author\":{\"name\":\"J.J.\",\"@id\":\"https:\/\/vosgesinfo.fr\/saintdieinfo\/#\/schema\/person\/fa73e9f726d67bb88f46d5b7943cb572\"},\"headline\":\"Am\u00e9nagement de parcs de d\u00e9tente pour chiens au refuge de la SPA D\u00e9odatienne\",\"datePublished\":\"2024-08-14T11:34:51+00:00\",\"dateModified\":\"2024-08-14T11:34:51+00:00\",\"mainEntityOfPage\":{\"@id\":\"https:\/\/vosgesinfo.fr\/saintdieinfo\/?p=54991\"},\"wordCount\":340,\"commentCount\":1,\"publisher\":{\"@id\":\"https:\/\/vosgesinfo.fr\/saintdieinfo\/#organization\"},\"image\":{\"@id\":\"https:\/\/vosgesinfo.fr\/saintdieinfo\/?p=54991#primaryimage\"},\"thumbnailUrl\":\"https:\/\/vosgesinfo.fr\/app\/uploads\/sites\/4\/2024\/08\/amenagement-parcs-detente-refuge-spa-deodatienne-1-scaled.jpg\",\"keywords\":[\"Am\u00e9nagement de parcs de d\u00e9tente pour chiens au refuge de la SPA D\u00e9odatienne\",\"Catherine Toussaint\",\"Parcs de d\u00e9tente pour chiens\",\"Projet de reconstruction du refuge de la SPA D\u00e9odatienne\",\"SPA D\u00e9odatienne\"],\"articleSection\":[\"A la Une\",\"Saint-Di\u00e9-des-Vosges\",\"Vie Associative\"],\"inLanguage\":\"fr-FR\",\"potentialAction\":[{\"@type\":\"CommentAction\",\"name\":\"Comment\",\"target\":[\"https:\/\/vosgesinfo.fr\/saintdieinfo\/?p=54991#respond\"]}]},{\"@type\":\"WebPage\",\"@id\":\"https:\/\/vosgesinfo.fr\/saintdieinfo\/?p=54991\",\"url\":\"https:\/\/vosgesinfo.fr\/saintdieinfo\/?p=54991\",\"name\":\"Am\u00e9nagement de parcs de d\u00e9tente pour chiens au refuge de la SPA D\u00e9odatienne - Saint Die Info\",\"isPartOf\":{\"@id\":\"https:\/\/vosgesinfo.fr\/saintdieinfo\/#website\"},\"primaryImageOfPage\":{\"@id\":\"https:\/\/vosgesinfo.fr\/saintdieinfo\/?p=54991#primaryimage\"},\"image\":{\"@id\":\"https:\/\/vosgesinfo.fr\/saintdieinfo\/?p=54991#primaryimage\"},\"thumbnailUrl\":\"https:\/\/vosgesinfo.fr\/app\/uploads\/sites\/4\/2024\/08\/amenagement-parcs-detente-refuge-spa-deodatienne-1-scaled.jpg\",\"datePublished\":\"2024-08-14T11:34:51+00:00\",\"dateModified\":\"2024-08-14T11:34:51+00:00\",\"breadcrumb\":{\"@id\":\"https:\/\/vosgesinfo.fr\/saintdieinfo\/?p=54991#breadcrumb\"},\"inLanguage\":\"fr-FR\",\"potentialAction\":[{\"@type\":\"ReadAction\",\"target\":[\"https:\/\/vosgesinfo.fr\/saintdieinfo\/?p=54991\"]}]},{\"@type\":\"ImageObject\",\"inLanguage\":\"fr-FR\",\"@id\":\"https:\/\/vosgesinfo.fr\/saintdieinfo\/?p=54991#primaryimage\",\"url\":\"https:\/\/vosgesinfo.fr\/app\/uploads\/sites\/4\/2024\/08\/amenagement-parcs-detente-refuge-spa-deodatienne-1-scaled.jpg\",\"contentUrl\":\"https:\/\/vosgesinfo.fr\/app\/uploads\/sites\/4\/2024\/08\/amenagement-parcs-detente-refuge-spa-deodatienne-1-scaled.jpg\",\"width\":2560,\"height\":1928},{\"@type\":\"BreadcrumbList\",\"@id\":\"https:\/\/vosgesinfo.fr\/saintdieinfo\/?p=54991#breadcrumb\",\"itemListElement\":[{\"@type\":\"ListItem\",\"position\":1,\"name\":\"Home\",\"item\":\"https:\/\/vosgesinfo.fr\/saintdieinfo\/\"},{\"@type\":\"ListItem\",\"position\":2,\"name\":\"Am\u00e9nagement de parcs de d\u00e9tente pour chiens au refuge de la SPA D\u00e9odatienne\"}]},{\"@type\":\"WebSite\",\"@id\":\"https:\/\/vosgesinfo.fr\/saintdieinfo\/#website\",\"url\":\"https:\/\/vosgesinfo.fr\/saintdieinfo\/\",\"name\":\"Saint Die Info\",\"description\":\"Toute l&#039;actualit\u00e9 de Saint-Di\u00e9-Des-Vosges\",\"publisher\":{\"@id\":\"https:\/\/vosgesinfo.fr\/saintdieinfo\/#organization\"},\"alternateName\":\"Toute l'actualit\u00e9 de Saint-Di\u00e9-Des-Vosges\",\"potentialAction\":[{\"@type\":\"SearchAction\",\"target\":{\"@type\":\"EntryPoint\",\"urlTemplate\":\"https:\/\/vosgesinfo.fr\/saintdieinfo\/?s={search_term_string}\"},\"query-input\":\"required name=search_term_string\"}],\"inLanguage\":\"fr-FR\"},{\"@type\":\"Organization\",\"@id\":\"https:\/\/vosgesinfo.fr\/saintdieinfo\/#organization\",\"name\":\"Saint Die Info\",\"url\":\"https:\/\/vosgesinfo.fr\/saintdieinfo\/\",\"logo\":{\"@type\":\"ImageObject\",\"inLanguage\":\"fr-FR\",\"@id\":\"https:\/\/vosgesinfo.fr\/saintdieinfo\/#\/schema\/logo\/image\/\",\"url\":\"https:\/\/vosgesinfo.fr\/app\/uploads\/sites\/4\/2024\/02\/logo-sdi.jpg\",\"contentUrl\":\"https:\/\/vosgesinfo.fr\/app\/uploads\/sites\/4\/2024\/02\/logo-sdi.jpg\",\"width\":600,\"height\":600,\"caption\":\"Saint Die Info\"},\"image\":{\"@id\":\"https:\/\/vosgesinfo.fr\/saintdieinfo\/#\/schema\/logo\/image\/\"},\"sameAs\":[\"https:\/\/www.facebook.com\/Saintdieinfofr\",\"https:\/\/x.com\/VosgesInfo88\",\"https:\/\/www.youtube.com\/@vosgesinfo\"]},{\"@type\":\"Person\",\"@id\":\"https:\/\/vosgesinfo.fr\/saintdieinfo\/#\/schema\/person\/fa73e9f726d67bb88f46d5b7943cb572\",\"name\":\"J.J.\",\"image\":{\"@type\":\"ImageObject\",\"inLanguage\":\"fr-FR\",\"@id\":\"https:\/\/vosgesinfo.fr\/saintdieinfo\/#\/schema\/person\/image\/\",\"url\":\"https:\/\/secure.gravatar.com\/avatar\/219e749e47ffbcca018a360ae4add7d4cdf1cdaaf8bc7676b27efade3fe65615?s=96&d=mm&r=g\",\"contentUrl\":\"https:\/\/secure.gravatar.com\/avatar\/219e749e47ffbcca018a360ae4add7d4cdf1cdaaf8bc7676b27efade3fe65615?s=96&d=mm&r=g\",\"caption\":\"J.J.\"},\"url\":\"https:\/\/vosgesinfo.fr\/saintdieinfo\/author\/j-j\/\"}]}<\/script>\n<!-- \/ Yoast SEO plugin. -->","yoast_head_json":{"title":"Am\u00e9nagement de parcs de d\u00e9tente pour chiens au refuge de la SPA D\u00e9odatienne - Saint Die Info","robots":{"index":"index","follow":"follow","max-snippet":"max-snippet:-1","max-image-preview":"max-image-preview:large","max-video-preview":"max-video-preview:-1"},"canonical":"https:\/\/vosgesinfo.fr\/saintdieinfo\/?p=54991","twitter_card":"summary_large_image","twitter_title":"Am\u00e9nagement de parcs de d\u00e9tente pour chiens au refuge de la SPA D\u00e9odatienne - Saint Die Info","twitter_description":"Une nouvelle \u00e9tape dans le projet de reconstruction du refuge de la SPA D\u00e9odatienne vient de d\u00e9buter cette semaine, avec [&hellip;]","twitter_image":"https:\/\/vosgesinfo.fr\/app\/uploads\/sites\/4\/2024\/08\/amenagement-parcs-detente-refuge-spa-deodatienne-1-scaled.jpg","twitter_creator":"@VosgesInfo88","twitter_site":"@VosgesInfo88","twitter_misc":{"\u00c9crit par":"J.J.","Dur\u00e9e de lecture estim\u00e9e":"3 minutes"},"schema":{"@context":"https:\/\/schema.org","@graph":[{"@type":"Article","@id":"https:\/\/vosgesinfo.fr\/saintdieinfo\/?p=54991#article","isPartOf":{"@id":"https:\/\/vosgesinfo.fr\/saintdieinfo\/?p=54991"},"author":{"name":"J.J.","@id":"https:\/\/vosgesinfo.fr\/saintdieinfo\/#\/schema\/person\/fa73e9f726d67bb88f46d5b7943cb572"},"headline":"Am\u00e9nagement de parcs de d\u00e9tente pour chiens au refuge de la SPA D\u00e9odatienne","datePublished":"2024-08-14T11:34:51+00:00","dateModified":"2024-08-14T11:34:51+00:00","mainEntityOfPage":{"@id":"https:\/\/vosgesinfo.fr\/saintdieinfo\/?p=54991"},"wordCount":340,"commentCount":1,"publisher":{"@id":"https:\/\/vosgesinfo.fr\/saintdieinfo\/#organization"},"image":{"@id":"https:\/\/vosgesinfo.fr\/saintdieinfo\/?p=54991#primaryimage"},"thumbnailUrl":"https:\/\/vosgesinfo.fr\/app\/uploads\/sites\/4\/2024\/08\/amenagement-parcs-detente-refuge-spa-deodatienne-1-scaled.jpg","keywords":["Am\u00e9nagement de parcs de d\u00e9tente pour chiens au refuge de la SPA D\u00e9odatienne","Catherine Toussaint","Parcs de d\u00e9tente pour chiens","Projet de reconstruction du refuge de la SPA D\u00e9odatienne","SPA D\u00e9odatienne"],"articleSection":["A la Une","Saint-Di\u00e9-des-Vosges","Vie Associative"],"inLanguage":"fr-FR","potentialAction":[{"@type":"CommentAction","name":"Comment","target":["https:\/\/vosgesinfo.fr\/saintdieinfo\/?p=54991#respond"]}]},{"@type":"WebPage","@id":"https:\/\/vosgesinfo.fr\/saintdieinfo\/?p=54991","url":"https:\/\/vosgesinfo.fr\/saintdieinfo\/?p=54991","name":"Am\u00e9nagement de parcs de d\u00e9tente pour chiens au refuge de la SPA D\u00e9odatienne - Saint Die Info","isPartOf":{"@id":"https:\/\/vosgesinfo.fr\/saintdieinfo\/#website"},"primaryImageOfPage":{"@id":"https:\/\/vosgesinfo.fr\/saintdieinfo\/?p=54991#primaryimage"},"image":{"@id":"https:\/\/vosgesinfo.fr\/saintdieinfo\/?p=54991#primaryimage"},"thumbnailUrl":"https:\/\/vosgesinfo.fr\/app\/uploads\/sites\/4\/2024\/08\/amenagement-parcs-detente-refuge-spa-deodatienne-1-scaled.jpg","datePublished":"2024-08-14T11:34:51+00:00","dateModified":"2024-08-14T11:34:51+00:00","breadcrumb":{"@id":"https:\/\/vosgesinfo.fr\/saintdieinfo\/?p=54991#breadcrumb"},"inLanguage":"fr-FR","potentialAction":[{"@type":"ReadAction","target":["https:\/\/vosgesinfo.fr\/saintdieinfo\/?p=54991"]}]},{"@type":"ImageObject","inLanguage":"fr-FR","@id":"https:\/\/vosgesinfo.fr\/saintdieinfo\/?p=54991#primaryimage","url":"https:\/\/vosgesinfo.fr\/app\/uploads\/sites\/4\/2024\/08\/amenagement-parcs-detente-refuge-spa-deodatienne-1-scaled.jpg","contentUrl":"https:\/\/vosgesinfo.fr\/app\/uploads\/sites\/4\/2024\/08\/amenagement-parcs-detente-refuge-spa-deodatienne-1-scaled.jpg","width":2560,"height":1928},{"@type":"BreadcrumbList","@id":"https:\/\/vosgesinfo.fr\/saintdieinfo\/?p=54991#breadcrumb","itemListElement":[{"@type":"ListItem","position":1,"name":"Home","item":"https:\/\/vosgesinfo.fr\/saintdieinfo\/"},{"@type":"ListItem","position":2,"name":"Am\u00e9nagement de parcs de d\u00e9tente pour chiens au refuge de la SPA D\u00e9odatienne"}]},{"@type":"WebSite","@id":"https:\/\/vosgesinfo.fr\/saintdieinfo\/#website","url":"https:\/\/vosgesinfo.fr\/saintdieinfo\/","name":"Saint Die Info","description":"Toute l&#039;actualit\u00e9 de Saint-Di\u00e9-Des-Vosges","publisher":{"@id":"https:\/\/vosgesinfo.fr\/saintdieinfo\/#organization"},"alternateName":"Toute l'actualit\u00e9 de Saint-Di\u00e9-Des-Vosges","potentialAction":[{"@type":"SearchAction","target":{"@type":"EntryPoint","urlTemplate":"https:\/\/vosgesinfo.fr\/saintdieinfo\/?s={search_term_string}"},"query-input":"required name=search_term_string"}],"inLanguage":"fr-FR"},{"@type":"Organization","@id":"https:\/\/vosgesinfo.fr\/saintdieinfo\/#organization","name":"Saint Die Info","url":"https:\/\/vosgesinfo.fr\/saintdieinfo\/","logo":{"@type":"ImageObject","inLanguage":"fr-FR","@id":"https:\/\/vosgesinfo.fr\/saintdieinfo\/#\/schema\/logo\/image\/","url":"https:\/\/vosgesinfo.fr\/app\/uploads\/sites\/4\/2024\/02\/logo-sdi.jpg","contentUrl":"https:\/\/vosgesinfo.fr\/app\/uploads\/sites\/4\/2024\/02\/logo-sdi.jpg","width":600,"height":600,"caption":"Saint Die Info"},"image":{"@id":"https:\/\/vosgesinfo.fr\/saintdieinfo\/#\/schema\/logo\/image\/"},"sameAs":["https:\/\/www.facebook.com\/Saintdieinfofr","https:\/\/x.com\/VosgesInfo88","https:\/\/www.youtube.com\/@vosgesinfo"]},{"@type":"Person","@id":"https:\/\/vosgesinfo.fr\/saintdieinfo\/#\/schema\/person\/fa73e9f726d67bb88f46d5b7943cb572","name":"J.J.","image":{"@type":"ImageObject","inLanguage":"fr-FR","@id":"https:\/\/vosgesinfo.fr\/saintdieinfo\/#\/schema\/person\/image\/","url":"https:\/\/secure.gravatar.com\/avatar\/219e749e47ffbcca018a360ae4add7d4cdf1cdaaf8bc7676b27efade3fe65615?s=96&d=mm&r=g","contentUrl":"https:\/\/secure.gravatar.com\/avatar\/219e749e47ffbcca018a360ae4add7d4cdf1cdaaf8bc7676b27efade3fe65615?s=96&d=mm&r=g","caption":"J.J."},"url":"https:\/\/vosgesinfo.fr\/saintdieinfo\/author\/j-j\/"}]}},"_links":{"self":[{"href":"https:\/\/vosgesinfo.fr\/saintdieinfo\/wp-json\/wp\/v2\/posts\/54991","targetHints":{"allow":["GET"]}}],"collection":[{"href":"https:\/\/vosgesinfo.fr\/saintdieinfo\/wp-json\/wp\/v2\/posts"}],"about":[{"href":"https:\/\/vosgesinfo.fr\/saintdieinfo\/wp-json\/wp\/v2\/types\/post"}],"author":[{"embeddable":true,"href":"https:\/\/vosgesinfo.fr\/saintdieinfo\/wp-json\/wp\/v2\/users\/46"}],"replies":[{"embeddable":true,"href":"https:\/\/vosgesinfo.fr\/saintdieinfo\/wp-json\/wp\/v2\/comments?post=54991"}],"version-history":[{"count":4,"href":"https:\/\/vosgesinfo.fr\/saintdieinfo\/wp-json\/wp\/v2\/posts\/54991\/revisions"}],"predecessor-version":[{"id":56930,"href":"https:\/\/vosgesinfo.fr\/saintdieinfo\/wp-json\/wp\/v2\/posts\/54991\/revisions\/56930"}],"wp:featuredmedia":[{"embeddable":true,"href":"https:\/\/vosgesinfo.fr\/saintdieinfo\/wp-json\/wp\/v2\/media\/55897"}],"wp:attachment":[{"href":"https:\/\/vosgesinfo.fr\/saintdieinfo\/wp-json\/wp\/v2\/media?parent=54991"}],"wp:term":[{"taxonomy":"category","embeddable":true,"href":"https:\/\/vosgesinfo.fr\/saintdieinfo\/wp-json\/wp\/v2\/categories?post=54991"},{"taxonomy":"post_tag","embeddable":true,"href":"https:\/\/vosgesinfo.fr\/saintdieinfo\/wp-json\/wp\/v2\/tags?post=54991"}],"curies":[{"name":"wp","href":"https:\/\/api.w.org\/{rel}","templated":true}]}}