{"id":55733,"date":"2022-07-15T07:34:13","date_gmt":"2022-07-15T05:34:13","guid":{"rendered":"https:\/\/vosgesinfo.fr\/saintdieinfo\/2022\/07\/vosges-montagne-hommes-jacques-cuny-expose-a-schlucht\/"},"modified":"2022-07-15T07:34:13","modified_gmt":"2022-07-15T05:34:13","slug":"vosges-montagne-hommes-jacques-cuny-expose-a-schlucht","status":"publish","type":"post","link":"https:\/\/vosgesinfo.fr\/saintdieinfo\/2022\/07\/vosges-montagne-hommes-jacques-cuny-expose-a-schlucht\/","title":{"rendered":"Vosges \u2013 \u00ab\u00a0La Montagne et ses Hommes\u00a0\u00bb, Jacques Cuny expose \u00e0 La Schlucht"},"content":{"rendered":"<p><a href=\"\/2022\/07\/Exposition_Jacques_Cuny.jpg\" target=\"_blank\" rel=\"noopener\"><img decoding=\"async\" class=\"aligncenter wp-image-187039 size-large\" src=\"\/2022\/07\/Exposition_Jacques_Cuny-578x1024.jpg\" alt=\"Exposition_Jacques_Cuny\" width=\"578\" height=\"1024\" \/><\/a><\/p>\n<h2><strong><span style=\"font-size: 14pt;\">C\u2019est \u00e0 la chapelle Notre-Dame-des-Chaumes \u00e0 La Schlucht que Jacques Cuny vous donne rendez- vous tout l\u2019\u00e9t\u00e9. <\/span><\/strong><\/h2>\n<p><!--more--><\/p>\n<p>Cet amoureux des Hautes-Vosges, des paysages, de la faune, mais aussi des paysans qui y vivent, expose les photographies tir\u00e9es de son dernier ouvrage \u00ab\u00a0<a href=\"https:\/\/tristanjacquescuny.wixsite.com\/jacquescuny\" target=\"_blank\" rel=\"noopener\"><em>Voyage au c\u0153ur des Hautes Vosges<\/em>\u00a0<\/a>\u00bb. \u00a0Agr\u00e9ment\u00e9e\u00a0de sons enregistr\u00e9s par l\u2019auteur lors du tournage des 16 films de la s\u00e9rie \u00ab\u00a0<em>L\u2019\u00e2me des Hautes Vosges<\/em>\u00a0\u00bb, l&rsquo;exposition fait\u00a0la part belle aux \u00ab\u00a0anciens\u00a0\u00bb\u00a0qui\u00a0 nous racontent\u00a0leur\u00a0quotidien, leur vie, leur histoire\u2026 Du 12 juillet au 16 ao\u00fbt, entr\u00e9e libre tous les jours de 14h \u00e0 18h.<\/p>\n<h3><strong><span style=\"font-size: 12pt;\">\u00ab\u00a0Regards crois\u00e9s\u00a0\u00bb<\/span><\/strong><\/h3>\n<p>Des visites comment\u00e9es par\u00a0 l\u2019artiste accompagn\u00e9 d\u2019acteurs du patrimoine t\u00e9moignant sur leur m\u00e9tier\u00a0sont \u00e9galement propos\u00e9es avec :<\/p>\n<ul>\n<li>Yvan Fresse : ancien sagard, forestier&#8230; mardi 19 juillet \u00e0 15 h;<\/li>\n<li>Fran\u00e7ois Ancel : ancien d\u00e9bardeur avec ses chevaux, mardi 2 ao\u00fbt \u00e0 15 h;<\/li>\n<li>Jean-Michel Curien : agriculteur, mardi 9 ao\u00fbt \u00e0 15 h.<\/li>\n<\/ul>\n<p>L&rsquo;entr\u00e9e est libre.<\/p>\n<h3><strong><span style=\"font-size: 12pt;\">Dimanche 31 juillet \u00e0 16h30 : place au cin\u00e9ma<\/span><\/strong><\/h3>\n<p>Une projection du film de Jacques Cuny \u00ab\u00a0<em>Aux sources de mes Hautes-Vosges<\/em>\u00a0\u00bb suivie d\u2019un \u00e9change avec l\u2019auteur est \u00e9galement pr\u00e9vue \u00e0\u00a0salle du T\u00e9tras \u00e0 la Schlucht.<br \/>\nGratuit sur inscription 03 89 77 90 30 (places limit\u00e9es).<\/p>\n<p><strong>\u00a0Pour en savoir plus sur le Col de La Schlucht c&rsquo;est <a href=\"https:\/\/www.vosges.fr\/col-de-la-schlucht\" target=\"_blank\" rel=\"noopener\">ici<\/a>.<\/strong><\/p>\n<p>&#8211;<\/p>\n<p>Source : <a href=\"https:\/\/www.vosgesmag.fr\" target=\"_blank\" rel=\"noopener\">www.vosgesmag.fr<\/a><\/p>\n","protected":false},"excerpt":{"rendered":"<p>C\u2019est \u00e0 la chapelle Notre-Dame-des-Chaumes \u00e0 La Schlucht que Jacques Cuny vous donne rendez- vous tout l\u2019\u00e9t\u00e9.<\/p>\n","protected":false},"author":44,"featured_media":55734,"comment_status":"open","ping_status":"open","sticky":false,"template":"","format":"standard","meta":{"footnotes":""},"categories":[460,7847,18],"tags":[12066,6063,2952,3190,6619],"class_list":["post-55733","post","type-post","status-publish","format-standard","has-post-thumbnail","hentry","category-a-la-une","category-art-culture","category-vosges","tag-chapelle-notre-dame-des-chaumes","tag-col-de-la-schlucht","tag-exposition-photographique","tag-jacques-cuny","tag-la-montagne-et-ses-hommes"],"acf":[],"yoast_head":"<!-- This site is optimized with the Yoast SEO plugin v22.5 - https:\/\/yoast.com\/wordpress\/plugins\/seo\/ -->\n<title>Vosges \u2013 &quot;La Montagne et ses Hommes&quot;, Jacques Cuny expose \u00e0 La Schlucht - Saint Die Info<\/title>\n<meta name=\"robots\" content=\"index, follow, max-snippet:-1, max-image-preview:large, max-video-preview:-1\" \/>\n<link rel=\"canonical\" href=\"https:\/\/vosgesinfo.fr\/saintdieinfo\/2022\/07\/vosges-montagne-hommes-jacques-cuny-expose-a-schlucht\/\" \/>\n<meta name=\"twitter:card\" content=\"summary_large_image\" \/>\n<meta name=\"twitter:title\" content=\"Vosges \u2013 &quot;La Montagne et ses Hommes&quot;, Jacques Cuny expose \u00e0 La Schlucht - Saint Die Info\" \/>\n<meta name=\"twitter:description\" content=\"C\u2019est \u00e0 la chapelle Notre-Dame-des-Chaumes \u00e0 La Schlucht que Jacques Cuny vous donne rendez- vous tout l\u2019\u00e9t\u00e9.\" \/>\n<meta name=\"twitter:image\" content=\"https:\/\/vosgesinfo.fr\/app\/uploads\/sites\/4\/2024\/08\/202207exposition-jacques-cuny-01.jpg\" \/>\n<meta name=\"twitter:creator\" content=\"@VosgesInfo88\" \/>\n<meta name=\"twitter:site\" content=\"@VosgesInfo88\" \/>\n<meta name=\"twitter:label1\" content=\"\u00c9crit par\" \/>\n\t<meta name=\"twitter:data1\" content=\"la r\u00e9daction\" \/>\n\t<meta name=\"twitter:label2\" content=\"Dur\u00e9e de lecture estim\u00e9e\" \/>\n\t<meta name=\"twitter:data2\" content=\"1 minute\" \/>\n<script type=\"application\/ld+json\" class=\"yoast-schema-graph\">{\"@context\":\"https:\/\/schema.org\",\"@graph\":[{\"@type\":\"Article\",\"@id\":\"https:\/\/vosgesinfo.fr\/saintdieinfo\/2022\/07\/vosges-montagne-hommes-jacques-cuny-expose-a-schlucht\/#article\",\"isPartOf\":{\"@id\":\"https:\/\/vosgesinfo.fr\/saintdieinfo\/2022\/07\/vosges-montagne-hommes-jacques-cuny-expose-a-schlucht\/\"},\"author\":{\"name\":\"la r\u00e9daction\",\"@id\":\"https:\/\/vosgesinfo.fr\/saintdieinfo\/#\/schema\/person\/faee6704a21f3977511db84bd1cd450f\"},\"headline\":\"Vosges \u2013 \u00ab\u00a0La Montagne et ses Hommes\u00a0\u00bb, Jacques Cuny expose \u00e0 La Schlucht\",\"datePublished\":\"2022-07-15T05:34:13+00:00\",\"dateModified\":\"2022-07-15T05:34:13+00:00\",\"mainEntityOfPage\":{\"@id\":\"https:\/\/vosgesinfo.fr\/saintdieinfo\/2022\/07\/vosges-montagne-hommes-jacques-cuny-expose-a-schlucht\/\"},\"wordCount\":234,\"commentCount\":0,\"publisher\":{\"@id\":\"https:\/\/vosgesinfo.fr\/saintdieinfo\/#organization\"},\"image\":{\"@id\":\"https:\/\/vosgesinfo.fr\/saintdieinfo\/2022\/07\/vosges-montagne-hommes-jacques-cuny-expose-a-schlucht\/#primaryimage\"},\"thumbnailUrl\":\"https:\/\/vosgesinfo.fr\/app\/uploads\/sites\/4\/2024\/08\/202207exposition-jacques-cuny-01.jpg\",\"keywords\":[\"Chapelle Notre-Dame-des-Chaumes\",\"Col de la Schlucht\",\"Exposition photographique\",\"Jacques Cuny\",\"La montagne et ses hommes\"],\"articleSection\":[\"A la Une\",\"Culture\",\"Vosges\"],\"inLanguage\":\"fr-FR\",\"potentialAction\":[{\"@type\":\"CommentAction\",\"name\":\"Comment\",\"target\":[\"https:\/\/vosgesinfo.fr\/saintdieinfo\/2022\/07\/vosges-montagne-hommes-jacques-cuny-expose-a-schlucht\/#respond\"]}]},{\"@type\":\"WebPage\",\"@id\":\"https:\/\/vosgesinfo.fr\/saintdieinfo\/2022\/07\/vosges-montagne-hommes-jacques-cuny-expose-a-schlucht\/\",\"url\":\"https:\/\/vosgesinfo.fr\/saintdieinfo\/2022\/07\/vosges-montagne-hommes-jacques-cuny-expose-a-schlucht\/\",\"name\":\"Vosges \u2013 \\\"La Montagne et ses Hommes\\\", Jacques Cuny expose \u00e0 La Schlucht - Saint Die Info\",\"isPartOf\":{\"@id\":\"https:\/\/vosgesinfo.fr\/saintdieinfo\/#website\"},\"primaryImageOfPage\":{\"@id\":\"https:\/\/vosgesinfo.fr\/saintdieinfo\/2022\/07\/vosges-montagne-hommes-jacques-cuny-expose-a-schlucht\/#primaryimage\"},\"image\":{\"@id\":\"https:\/\/vosgesinfo.fr\/saintdieinfo\/2022\/07\/vosges-montagne-hommes-jacques-cuny-expose-a-schlucht\/#primaryimage\"},\"thumbnailUrl\":\"https:\/\/vosgesinfo.fr\/app\/uploads\/sites\/4\/2024\/08\/202207exposition-jacques-cuny-01.jpg\",\"datePublished\":\"2022-07-15T05:34:13+00:00\",\"dateModified\":\"2022-07-15T05:34:13+00:00\",\"breadcrumb\":{\"@id\":\"https:\/\/vosgesinfo.fr\/saintdieinfo\/2022\/07\/vosges-montagne-hommes-jacques-cuny-expose-a-schlucht\/#breadcrumb\"},\"inLanguage\":\"fr-FR\",\"potentialAction\":[{\"@type\":\"ReadAction\",\"target\":[\"https:\/\/vosgesinfo.fr\/saintdieinfo\/2022\/07\/vosges-montagne-hommes-jacques-cuny-expose-a-schlucht\/\"]}]},{\"@type\":\"ImageObject\",\"inLanguage\":\"fr-FR\",\"@id\":\"https:\/\/vosgesinfo.fr\/saintdieinfo\/2022\/07\/vosges-montagne-hommes-jacques-cuny-expose-a-schlucht\/#primaryimage\",\"url\":\"https:\/\/vosgesinfo.fr\/app\/uploads\/sites\/4\/2024\/08\/202207exposition-jacques-cuny-01.jpg\",\"contentUrl\":\"https:\/\/vosgesinfo.fr\/app\/uploads\/sites\/4\/2024\/08\/202207exposition-jacques-cuny-01.jpg\",\"width\":721,\"height\":531},{\"@type\":\"BreadcrumbList\",\"@id\":\"https:\/\/vosgesinfo.fr\/saintdieinfo\/2022\/07\/vosges-montagne-hommes-jacques-cuny-expose-a-schlucht\/#breadcrumb\",\"itemListElement\":[{\"@type\":\"ListItem\",\"position\":1,\"name\":\"Home\",\"item\":\"https:\/\/vosgesinfo.fr\/saintdieinfo\/\"},{\"@type\":\"ListItem\",\"position\":2,\"name\":\"Vosges \u2013 \u00ab\u00a0La Montagne et ses Hommes\u00a0\u00bb, Jacques Cuny expose \u00e0 La Schlucht\"}]},{\"@type\":\"WebSite\",\"@id\":\"https:\/\/vosgesinfo.fr\/saintdieinfo\/#website\",\"url\":\"https:\/\/vosgesinfo.fr\/saintdieinfo\/\",\"name\":\"Saint Die Info\",\"description\":\"Toute l&#039;actualit\u00e9 de Saint-Di\u00e9-Des-Vosges\",\"publisher\":{\"@id\":\"https:\/\/vosgesinfo.fr\/saintdieinfo\/#organization\"},\"alternateName\":\"Toute l'actualit\u00e9 de Saint-Di\u00e9-Des-Vosges\",\"potentialAction\":[{\"@type\":\"SearchAction\",\"target\":{\"@type\":\"EntryPoint\",\"urlTemplate\":\"https:\/\/vosgesinfo.fr\/saintdieinfo\/?s={search_term_string}\"},\"query-input\":\"required name=search_term_string\"}],\"inLanguage\":\"fr-FR\"},{\"@type\":\"Organization\",\"@id\":\"https:\/\/vosgesinfo.fr\/saintdieinfo\/#organization\",\"name\":\"Saint Die Info\",\"url\":\"https:\/\/vosgesinfo.fr\/saintdieinfo\/\",\"logo\":{\"@type\":\"ImageObject\",\"inLanguage\":\"fr-FR\",\"@id\":\"https:\/\/vosgesinfo.fr\/saintdieinfo\/#\/schema\/logo\/image\/\",\"url\":\"https:\/\/vosgesinfo.fr\/app\/uploads\/sites\/4\/2024\/02\/logo-sdi.jpg\",\"contentUrl\":\"https:\/\/vosgesinfo.fr\/app\/uploads\/sites\/4\/2024\/02\/logo-sdi.jpg\",\"width\":600,\"height\":600,\"caption\":\"Saint Die Info\"},\"image\":{\"@id\":\"https:\/\/vosgesinfo.fr\/saintdieinfo\/#\/schema\/logo\/image\/\"},\"sameAs\":[\"https:\/\/www.facebook.com\/Saintdieinfofr\",\"https:\/\/x.com\/VosgesInfo88\",\"https:\/\/www.youtube.com\/@vosgesinfo\"]},{\"@type\":\"Person\",\"@id\":\"https:\/\/vosgesinfo.fr\/saintdieinfo\/#\/schema\/person\/faee6704a21f3977511db84bd1cd450f\",\"name\":\"la r\u00e9daction\",\"image\":{\"@type\":\"ImageObject\",\"inLanguage\":\"fr-FR\",\"@id\":\"https:\/\/vosgesinfo.fr\/saintdieinfo\/#\/schema\/person\/image\/\",\"url\":\"https:\/\/secure.gravatar.com\/avatar\/6673d8bc6a9c17fa9a453eaa3448de834fa308c2ec9635b7aa99441a7c8d2cf6?s=96&d=mm&r=g\",\"contentUrl\":\"https:\/\/secure.gravatar.com\/avatar\/6673d8bc6a9c17fa9a453eaa3448de834fa308c2ec9635b7aa99441a7c8d2cf6?s=96&d=mm&r=g\",\"caption\":\"la r\u00e9daction\"},\"url\":\"https:\/\/vosgesinfo.fr\/saintdieinfo\/author\/redac\/\"}]}<\/script>\n<!-- \/ Yoast SEO plugin. -->","yoast_head_json":{"title":"Vosges \u2013 \"La Montagne et ses Hommes\", Jacques Cuny expose \u00e0 La Schlucht - Saint Die Info","robots":{"index":"index","follow":"follow","max-snippet":"max-snippet:-1","max-image-preview":"max-image-preview:large","max-video-preview":"max-video-preview:-1"},"canonical":"https:\/\/vosgesinfo.fr\/saintdieinfo\/2022\/07\/vosges-montagne-hommes-jacques-cuny-expose-a-schlucht\/","twitter_card":"summary_large_image","twitter_title":"Vosges \u2013 \"La Montagne et ses Hommes\", Jacques Cuny expose \u00e0 La Schlucht - Saint Die Info","twitter_description":"C\u2019est \u00e0 la chapelle Notre-Dame-des-Chaumes \u00e0 La Schlucht que Jacques Cuny vous donne rendez- vous tout l\u2019\u00e9t\u00e9.","twitter_image":"https:\/\/vosgesinfo.fr\/app\/uploads\/sites\/4\/2024\/08\/202207exposition-jacques-cuny-01.jpg","twitter_creator":"@VosgesInfo88","twitter_site":"@VosgesInfo88","twitter_misc":{"\u00c9crit par":"la r\u00e9daction","Dur\u00e9e de lecture estim\u00e9e":"1 minute"},"schema":{"@context":"https:\/\/schema.org","@graph":[{"@type":"Article","@id":"https:\/\/vosgesinfo.fr\/saintdieinfo\/2022\/07\/vosges-montagne-hommes-jacques-cuny-expose-a-schlucht\/#article","isPartOf":{"@id":"https:\/\/vosgesinfo.fr\/saintdieinfo\/2022\/07\/vosges-montagne-hommes-jacques-cuny-expose-a-schlucht\/"},"author":{"name":"la r\u00e9daction","@id":"https:\/\/vosgesinfo.fr\/saintdieinfo\/#\/schema\/person\/faee6704a21f3977511db84bd1cd450f"},"headline":"Vosges \u2013 \u00ab\u00a0La Montagne et ses Hommes\u00a0\u00bb, Jacques Cuny expose \u00e0 La Schlucht","datePublished":"2022-07-15T05:34:13+00:00","dateModified":"2022-07-15T05:34:13+00:00","mainEntityOfPage":{"@id":"https:\/\/vosgesinfo.fr\/saintdieinfo\/2022\/07\/vosges-montagne-hommes-jacques-cuny-expose-a-schlucht\/"},"wordCount":234,"commentCount":0,"publisher":{"@id":"https:\/\/vosgesinfo.fr\/saintdieinfo\/#organization"},"image":{"@id":"https:\/\/vosgesinfo.fr\/saintdieinfo\/2022\/07\/vosges-montagne-hommes-jacques-cuny-expose-a-schlucht\/#primaryimage"},"thumbnailUrl":"https:\/\/vosgesinfo.fr\/app\/uploads\/sites\/4\/2024\/08\/202207exposition-jacques-cuny-01.jpg","keywords":["Chapelle Notre-Dame-des-Chaumes","Col de la Schlucht","Exposition photographique","Jacques Cuny","La montagne et ses hommes"],"articleSection":["A la Une","Culture","Vosges"],"inLanguage":"fr-FR","potentialAction":[{"@type":"CommentAction","name":"Comment","target":["https:\/\/vosgesinfo.fr\/saintdieinfo\/2022\/07\/vosges-montagne-hommes-jacques-cuny-expose-a-schlucht\/#respond"]}]},{"@type":"WebPage","@id":"https:\/\/vosgesinfo.fr\/saintdieinfo\/2022\/07\/vosges-montagne-hommes-jacques-cuny-expose-a-schlucht\/","url":"https:\/\/vosgesinfo.fr\/saintdieinfo\/2022\/07\/vosges-montagne-hommes-jacques-cuny-expose-a-schlucht\/","name":"Vosges \u2013 \"La Montagne et ses Hommes\", Jacques Cuny expose \u00e0 La Schlucht - Saint Die Info","isPartOf":{"@id":"https:\/\/vosgesinfo.fr\/saintdieinfo\/#website"},"primaryImageOfPage":{"@id":"https:\/\/vosgesinfo.fr\/saintdieinfo\/2022\/07\/vosges-montagne-hommes-jacques-cuny-expose-a-schlucht\/#primaryimage"},"image":{"@id":"https:\/\/vosgesinfo.fr\/saintdieinfo\/2022\/07\/vosges-montagne-hommes-jacques-cuny-expose-a-schlucht\/#primaryimage"},"thumbnailUrl":"https:\/\/vosgesinfo.fr\/app\/uploads\/sites\/4\/2024\/08\/202207exposition-jacques-cuny-01.jpg","datePublished":"2022-07-15T05:34:13+00:00","dateModified":"2022-07-15T05:34:13+00:00","breadcrumb":{"@id":"https:\/\/vosgesinfo.fr\/saintdieinfo\/2022\/07\/vosges-montagne-hommes-jacques-cuny-expose-a-schlucht\/#breadcrumb"},"inLanguage":"fr-FR","potentialAction":[{"@type":"ReadAction","target":["https:\/\/vosgesinfo.fr\/saintdieinfo\/2022\/07\/vosges-montagne-hommes-jacques-cuny-expose-a-schlucht\/"]}]},{"@type":"ImageObject","inLanguage":"fr-FR","@id":"https:\/\/vosgesinfo.fr\/saintdieinfo\/2022\/07\/vosges-montagne-hommes-jacques-cuny-expose-a-schlucht\/#primaryimage","url":"https:\/\/vosgesinfo.fr\/app\/uploads\/sites\/4\/2024\/08\/202207exposition-jacques-cuny-01.jpg","contentUrl":"https:\/\/vosgesinfo.fr\/app\/uploads\/sites\/4\/2024\/08\/202207exposition-jacques-cuny-01.jpg","width":721,"height":531},{"@type":"BreadcrumbList","@id":"https:\/\/vosgesinfo.fr\/saintdieinfo\/2022\/07\/vosges-montagne-hommes-jacques-cuny-expose-a-schlucht\/#breadcrumb","itemListElement":[{"@type":"ListItem","position":1,"name":"Home","item":"https:\/\/vosgesinfo.fr\/saintdieinfo\/"},{"@type":"ListItem","position":2,"name":"Vosges \u2013 \u00ab\u00a0La Montagne et ses Hommes\u00a0\u00bb, Jacques Cuny expose \u00e0 La Schlucht"}]},{"@type":"WebSite","@id":"https:\/\/vosgesinfo.fr\/saintdieinfo\/#website","url":"https:\/\/vosgesinfo.fr\/saintdieinfo\/","name":"Saint Die Info","description":"Toute l&#039;actualit\u00e9 de Saint-Di\u00e9-Des-Vosges","publisher":{"@id":"https:\/\/vosgesinfo.fr\/saintdieinfo\/#organization"},"alternateName":"Toute l'actualit\u00e9 de Saint-Di\u00e9-Des-Vosges","potentialAction":[{"@type":"SearchAction","target":{"@type":"EntryPoint","urlTemplate":"https:\/\/vosgesinfo.fr\/saintdieinfo\/?s={search_term_string}"},"query-input":"required name=search_term_string"}],"inLanguage":"fr-FR"},{"@type":"Organization","@id":"https:\/\/vosgesinfo.fr\/saintdieinfo\/#organization","name":"Saint Die Info","url":"https:\/\/vosgesinfo.fr\/saintdieinfo\/","logo":{"@type":"ImageObject","inLanguage":"fr-FR","@id":"https:\/\/vosgesinfo.fr\/saintdieinfo\/#\/schema\/logo\/image\/","url":"https:\/\/vosgesinfo.fr\/app\/uploads\/sites\/4\/2024\/02\/logo-sdi.jpg","contentUrl":"https:\/\/vosgesinfo.fr\/app\/uploads\/sites\/4\/2024\/02\/logo-sdi.jpg","width":600,"height":600,"caption":"Saint Die Info"},"image":{"@id":"https:\/\/vosgesinfo.fr\/saintdieinfo\/#\/schema\/logo\/image\/"},"sameAs":["https:\/\/www.facebook.com\/Saintdieinfofr","https:\/\/x.com\/VosgesInfo88","https:\/\/www.youtube.com\/@vosgesinfo"]},{"@type":"Person","@id":"https:\/\/vosgesinfo.fr\/saintdieinfo\/#\/schema\/person\/faee6704a21f3977511db84bd1cd450f","name":"la r\u00e9daction","image":{"@type":"ImageObject","inLanguage":"fr-FR","@id":"https:\/\/vosgesinfo.fr\/saintdieinfo\/#\/schema\/person\/image\/","url":"https:\/\/secure.gravatar.com\/avatar\/6673d8bc6a9c17fa9a453eaa3448de834fa308c2ec9635b7aa99441a7c8d2cf6?s=96&d=mm&r=g","contentUrl":"https:\/\/secure.gravatar.com\/avatar\/6673d8bc6a9c17fa9a453eaa3448de834fa308c2ec9635b7aa99441a7c8d2cf6?s=96&d=mm&r=g","caption":"la r\u00e9daction"},"url":"https:\/\/vosgesinfo.fr\/saintdieinfo\/author\/redac\/"}]}},"_links":{"self":[{"href":"https:\/\/vosgesinfo.fr\/saintdieinfo\/wp-json\/wp\/v2\/posts\/55733","targetHints":{"allow":["GET"]}}],"collection":[{"href":"https:\/\/vosgesinfo.fr\/saintdieinfo\/wp-json\/wp\/v2\/posts"}],"about":[{"href":"https:\/\/vosgesinfo.fr\/saintdieinfo\/wp-json\/wp\/v2\/types\/post"}],"author":[{"embeddable":true,"href":"https:\/\/vosgesinfo.fr\/saintdieinfo\/wp-json\/wp\/v2\/users\/44"}],"replies":[{"embeddable":true,"href":"https:\/\/vosgesinfo.fr\/saintdieinfo\/wp-json\/wp\/v2\/comments?post=55733"}],"version-history":[{"count":0,"href":"https:\/\/vosgesinfo.fr\/saintdieinfo\/wp-json\/wp\/v2\/posts\/55733\/revisions"}],"wp:featuredmedia":[{"embeddable":true,"href":"https:\/\/vosgesinfo.fr\/saintdieinfo\/wp-json\/wp\/v2\/media\/55734"}],"wp:attachment":[{"href":"https:\/\/vosgesinfo.fr\/saintdieinfo\/wp-json\/wp\/v2\/media?parent=55733"}],"wp:term":[{"taxonomy":"category","embeddable":true,"href":"https:\/\/vosgesinfo.fr\/saintdieinfo\/wp-json\/wp\/v2\/categories?post=55733"},{"taxonomy":"post_tag","embeddable":true,"href":"https:\/\/vosgesinfo.fr\/saintdieinfo\/wp-json\/wp\/v2\/tags?post=55733"}],"curies":[{"name":"wp","href":"https:\/\/api.w.org\/{rel}","templated":true}]}}