{"id":55736,"date":"2022-07-15T09:31:28","date_gmt":"2022-07-15T07:31:28","guid":{"rendered":"https:\/\/vosgesinfo.fr\/saintdieinfo\/2022\/07\/vosges-fibre-poursuit-deploiement-departement-5\/"},"modified":"2022-07-15T09:31:28","modified_gmt":"2022-07-15T07:31:28","slug":"vosges-fibre-poursuit-deploiement-departement-5","status":"publish","type":"post","link":"https:\/\/vosgesinfo.fr\/saintdieinfo\/2022\/07\/vosges-fibre-poursuit-deploiement-departement-5\/","title":{"rendered":"Vosges \u2013 La fibre poursuit son d\u00e9ploiement dans le d\u00e9partement"},"content":{"rendered":"<div id=\"attachment_162462\" style=\"width: 810px\" class=\"wp-caption aligncenter\"><a href=\"\/2020\/09\/Fibre_Optique.jpg\" target=\"_blank\" rel=\"noopener\"><img decoding=\"async\" aria-describedby=\"caption-attachment-162462\" class=\"wp-image-162462 size-full\" src=\"\/2020\/09\/Fibre_Optique.jpg\" alt=\"Fibre_Optique\" width=\"800\" height=\"424\" \/><\/a><p id=\"caption-attachment-162462\" class=\"wp-caption-text\">(Illustration)<\/p><\/div>\n<h2><strong><span style=\"font-size: 14pt;\">Le d\u00e9ploiement de la fibre optique se poursuit dans le Grand Est, avec 84 nouvelles communes \u00e9ligibles au tr\u00e8s haut d\u00e9bit \u00e0 compter du lundi 25 juillet prochain. Dans les Vosges, cela concerne les communes suivantes :<\/span><\/strong><\/h2>\n<p><!--more--><\/p>\n<ul>\n<li><strong>Communaut\u00e9 d\u2019agglom\u00e9ration d\u2019Epinal<\/strong><\/li>\n<\/ul>\n<p>Frizon, Montmotier, La Chapelle-aux-Bois <em>(commune d\u00e9sormais ouverte en totalit\u00e9), <\/em>Fontenoy-le-Ch\u00e2teau <em>(sauf Les Baraques, Les Calois, Le Grurupt, La Pip\u00e9e, Les Roberts)<\/em>, La Voge-les-Bains <em>(poursuite au centre et sud-est, de la rue Lamblon \u00e0 la rue des Chardonnerets, les rues de Verdun \/ du Charmois \/ du Million \/ de la Gare \/ du Bertramont et leurs perpendiculaires)<\/em>, Le Clerjus <em>(poursuite secteur gare, La Landre, Les Quennechelles)<\/em><\/p>\n<ul>\n<li><strong>Communaut\u00e9 d\u2019agglom\u00e9ration de Saint-Di\u00e9-des-Vosges<\/strong><\/li>\n<\/ul>\n<p>Bertrimoutier <em>(commune d\u00e9sormais ouverte en totalit\u00e9)<\/em>, Combrimont, Frapelle, La Grande Fosse, La Petite Fosse, Le Beulay, Lesseux, Lusse, Provench\u00e8res-et-Colroy<\/p>\n<ul>\n<li><strong>Communaut\u00e9 de communes de Bruy\u00e8res \u2013 Vallons des Vosges<\/strong><\/li>\n<\/ul>\n<p>Fays, L\u00e9panges-sur-Vologne, Laval-sur-Vologne <em>(n\u00b0230 \u00e0 860 route de L\u00e9panges + rue de Fays)<\/em>, Prey<\/p>\n<ul>\n<li><strong>Communaut\u00e9 de communes de la R\u00e9gion de Rambervillers<\/strong><\/li>\n<\/ul>\n<p>Br\u00fb, Jeanm\u00e9nil <em> (1<sup>\u00e8re<\/sup> phase d\u2019ouverture pour l\u2019ouest de la commune depuis Rambervillers et Br\u00fb par la rue de Moulins jusqu\u2019\u00e0 la rue de Thiarmenil et la rue de la Gare avec toutes leurs voies perpendiculaires)<\/em><\/p>\n<ul>\n<li><strong>Communaut\u00e9 de communes des Hautes-Vosges<\/strong><\/li>\n<\/ul>\n<p>La Forge <em>(1<sup>\u00e8re<\/sup> phase d\u2019ouverture depuis le Tholy jusqu\u2019au Faillard, salle des Brimbelines et route du Moulin)<\/em><\/p>\n<ul>\n<li><strong><em>Communaut\u00e9 de communes de G\u00e9rardmer \u2013 Hautes-Vosges<\/em><\/strong><\/li>\n<\/ul>\n<p>Le Tholy <em>(commune d\u00e9sormais ouverte en totalit\u00e9)<\/em><\/p>\n","protected":false},"excerpt":{"rendered":"<p>Le d\u00e9ploiement de la fibre optique se poursuit dans le Grand Est, avec 84 nouvelles communes \u00e9ligibles au tr\u00e8s haut [&hellip;]<\/p>\n","protected":false},"author":44,"featured_media":28251,"comment_status":"open","ping_status":"open","sticky":false,"template":"","format":"standard","meta":{"footnotes":""},"categories":[460,2915,18],"tags":[12067,5168],"class_list":["post-55736","post","type-post","status-publish","format-standard","has-post-thumbnail","hentry","category-a-la-une","category-saint-die-son-canton","category-vosges","tag-deploiement-de-la-fibre-optique","tag-fibre-optique"],"acf":[],"yoast_head":"<!-- This site is optimized with the Yoast SEO plugin v22.5 - https:\/\/yoast.com\/wordpress\/plugins\/seo\/ -->\n<title>Vosges \u2013 La fibre poursuit son d\u00e9ploiement dans le d\u00e9partement - Saint Die Info<\/title>\n<meta name=\"robots\" content=\"index, follow, max-snippet:-1, max-image-preview:large, max-video-preview:-1\" \/>\n<link rel=\"canonical\" href=\"https:\/\/vosgesinfo.fr\/saintdieinfo\/2022\/07\/vosges-fibre-poursuit-deploiement-departement-5\/\" \/>\n<meta name=\"twitter:card\" content=\"summary_large_image\" \/>\n<meta name=\"twitter:title\" content=\"Vosges \u2013 La fibre poursuit son d\u00e9ploiement dans le d\u00e9partement - Saint Die Info\" \/>\n<meta name=\"twitter:description\" content=\"Le d\u00e9ploiement de la fibre optique se poursuit dans le Grand Est, avec 84 nouvelles communes \u00e9ligibles au tr\u00e8s haut [&hellip;]\" \/>\n<meta name=\"twitter:image\" content=\"https:\/\/vosgesinfo.fr\/app\/uploads\/sites\/4\/2020\/09\/fibre-optique.jpg\" \/>\n<meta name=\"twitter:creator\" content=\"@VosgesInfo88\" \/>\n<meta name=\"twitter:site\" content=\"@VosgesInfo88\" \/>\n<meta name=\"twitter:label1\" content=\"\u00c9crit par\" \/>\n\t<meta name=\"twitter:data1\" content=\"la r\u00e9daction\" \/>\n\t<meta name=\"twitter:label2\" content=\"Dur\u00e9e de lecture estim\u00e9e\" \/>\n\t<meta name=\"twitter:data2\" content=\"1 minute\" \/>\n<script type=\"application\/ld+json\" class=\"yoast-schema-graph\">{\"@context\":\"https:\/\/schema.org\",\"@graph\":[{\"@type\":\"Article\",\"@id\":\"https:\/\/vosgesinfo.fr\/saintdieinfo\/2022\/07\/vosges-fibre-poursuit-deploiement-departement-5\/#article\",\"isPartOf\":{\"@id\":\"https:\/\/vosgesinfo.fr\/saintdieinfo\/2022\/07\/vosges-fibre-poursuit-deploiement-departement-5\/\"},\"author\":{\"name\":\"la r\u00e9daction\",\"@id\":\"https:\/\/vosgesinfo.fr\/saintdieinfo\/#\/schema\/person\/faee6704a21f3977511db84bd1cd450f\"},\"headline\":\"Vosges \u2013 La fibre poursuit son d\u00e9ploiement dans le d\u00e9partement\",\"datePublished\":\"2022-07-15T07:31:28+00:00\",\"dateModified\":\"2022-07-15T07:31:28+00:00\",\"mainEntityOfPage\":{\"@id\":\"https:\/\/vosgesinfo.fr\/saintdieinfo\/2022\/07\/vosges-fibre-poursuit-deploiement-departement-5\/\"},\"wordCount\":261,\"commentCount\":0,\"publisher\":{\"@id\":\"https:\/\/vosgesinfo.fr\/saintdieinfo\/#organization\"},\"image\":{\"@id\":\"https:\/\/vosgesinfo.fr\/saintdieinfo\/2022\/07\/vosges-fibre-poursuit-deploiement-departement-5\/#primaryimage\"},\"thumbnailUrl\":\"https:\/\/vosgesinfo.fr\/app\/uploads\/sites\/4\/2020\/09\/fibre-optique.jpg\",\"keywords\":[\"D\u00e9ploiement de la fibre optique\",\"Fibre optique\"],\"articleSection\":[\"A la Une\",\"Saint-Di\u00e9-des-Vosges et son Agglom\u00e9ration\",\"Vosges\"],\"inLanguage\":\"fr-FR\",\"potentialAction\":[{\"@type\":\"CommentAction\",\"name\":\"Comment\",\"target\":[\"https:\/\/vosgesinfo.fr\/saintdieinfo\/2022\/07\/vosges-fibre-poursuit-deploiement-departement-5\/#respond\"]}]},{\"@type\":\"WebPage\",\"@id\":\"https:\/\/vosgesinfo.fr\/saintdieinfo\/2022\/07\/vosges-fibre-poursuit-deploiement-departement-5\/\",\"url\":\"https:\/\/vosgesinfo.fr\/saintdieinfo\/2022\/07\/vosges-fibre-poursuit-deploiement-departement-5\/\",\"name\":\"Vosges \u2013 La fibre poursuit son d\u00e9ploiement dans le d\u00e9partement - Saint Die Info\",\"isPartOf\":{\"@id\":\"https:\/\/vosgesinfo.fr\/saintdieinfo\/#website\"},\"primaryImageOfPage\":{\"@id\":\"https:\/\/vosgesinfo.fr\/saintdieinfo\/2022\/07\/vosges-fibre-poursuit-deploiement-departement-5\/#primaryimage\"},\"image\":{\"@id\":\"https:\/\/vosgesinfo.fr\/saintdieinfo\/2022\/07\/vosges-fibre-poursuit-deploiement-departement-5\/#primaryimage\"},\"thumbnailUrl\":\"https:\/\/vosgesinfo.fr\/app\/uploads\/sites\/4\/2020\/09\/fibre-optique.jpg\",\"datePublished\":\"2022-07-15T07:31:28+00:00\",\"dateModified\":\"2022-07-15T07:31:28+00:00\",\"breadcrumb\":{\"@id\":\"https:\/\/vosgesinfo.fr\/saintdieinfo\/2022\/07\/vosges-fibre-poursuit-deploiement-departement-5\/#breadcrumb\"},\"inLanguage\":\"fr-FR\",\"potentialAction\":[{\"@type\":\"ReadAction\",\"target\":[\"https:\/\/vosgesinfo.fr\/saintdieinfo\/2022\/07\/vosges-fibre-poursuit-deploiement-departement-5\/\"]}]},{\"@type\":\"ImageObject\",\"inLanguage\":\"fr-FR\",\"@id\":\"https:\/\/vosgesinfo.fr\/saintdieinfo\/2022\/07\/vosges-fibre-poursuit-deploiement-departement-5\/#primaryimage\",\"url\":\"https:\/\/vosgesinfo.fr\/app\/uploads\/sites\/4\/2020\/09\/fibre-optique.jpg\",\"contentUrl\":\"https:\/\/vosgesinfo.fr\/app\/uploads\/sites\/4\/2020\/09\/fibre-optique.jpg\"},{\"@type\":\"BreadcrumbList\",\"@id\":\"https:\/\/vosgesinfo.fr\/saintdieinfo\/2022\/07\/vosges-fibre-poursuit-deploiement-departement-5\/#breadcrumb\",\"itemListElement\":[{\"@type\":\"ListItem\",\"position\":1,\"name\":\"Home\",\"item\":\"https:\/\/vosgesinfo.fr\/saintdieinfo\/\"},{\"@type\":\"ListItem\",\"position\":2,\"name\":\"Vosges \u2013 La fibre poursuit son d\u00e9ploiement dans le d\u00e9partement\"}]},{\"@type\":\"WebSite\",\"@id\":\"https:\/\/vosgesinfo.fr\/saintdieinfo\/#website\",\"url\":\"https:\/\/vosgesinfo.fr\/saintdieinfo\/\",\"name\":\"Saint Die Info\",\"description\":\"Toute l&#039;actualit\u00e9 de Saint-Di\u00e9-Des-Vosges\",\"publisher\":{\"@id\":\"https:\/\/vosgesinfo.fr\/saintdieinfo\/#organization\"},\"alternateName\":\"Toute l'actualit\u00e9 de Saint-Di\u00e9-Des-Vosges\",\"potentialAction\":[{\"@type\":\"SearchAction\",\"target\":{\"@type\":\"EntryPoint\",\"urlTemplate\":\"https:\/\/vosgesinfo.fr\/saintdieinfo\/?s={search_term_string}\"},\"query-input\":\"required name=search_term_string\"}],\"inLanguage\":\"fr-FR\"},{\"@type\":\"Organization\",\"@id\":\"https:\/\/vosgesinfo.fr\/saintdieinfo\/#organization\",\"name\":\"Saint Die Info\",\"url\":\"https:\/\/vosgesinfo.fr\/saintdieinfo\/\",\"logo\":{\"@type\":\"ImageObject\",\"inLanguage\":\"fr-FR\",\"@id\":\"https:\/\/vosgesinfo.fr\/saintdieinfo\/#\/schema\/logo\/image\/\",\"url\":\"https:\/\/vosgesinfo.fr\/app\/uploads\/sites\/4\/2024\/02\/logo-sdi.jpg\",\"contentUrl\":\"https:\/\/vosgesinfo.fr\/app\/uploads\/sites\/4\/2024\/02\/logo-sdi.jpg\",\"width\":600,\"height\":600,\"caption\":\"Saint Die Info\"},\"image\":{\"@id\":\"https:\/\/vosgesinfo.fr\/saintdieinfo\/#\/schema\/logo\/image\/\"},\"sameAs\":[\"https:\/\/www.facebook.com\/Saintdieinfofr\",\"https:\/\/x.com\/VosgesInfo88\",\"https:\/\/www.youtube.com\/@vosgesinfo\"]},{\"@type\":\"Person\",\"@id\":\"https:\/\/vosgesinfo.fr\/saintdieinfo\/#\/schema\/person\/faee6704a21f3977511db84bd1cd450f\",\"name\":\"la r\u00e9daction\",\"image\":{\"@type\":\"ImageObject\",\"inLanguage\":\"fr-FR\",\"@id\":\"https:\/\/vosgesinfo.fr\/saintdieinfo\/#\/schema\/person\/image\/\",\"url\":\"https:\/\/secure.gravatar.com\/avatar\/6673d8bc6a9c17fa9a453eaa3448de834fa308c2ec9635b7aa99441a7c8d2cf6?s=96&d=mm&r=g\",\"contentUrl\":\"https:\/\/secure.gravatar.com\/avatar\/6673d8bc6a9c17fa9a453eaa3448de834fa308c2ec9635b7aa99441a7c8d2cf6?s=96&d=mm&r=g\",\"caption\":\"la r\u00e9daction\"},\"url\":\"https:\/\/vosgesinfo.fr\/saintdieinfo\/author\/redac\/\"}]}<\/script>\n<!-- \/ Yoast SEO plugin. -->","yoast_head_json":{"title":"Vosges \u2013 La fibre poursuit son d\u00e9ploiement dans le d\u00e9partement - Saint Die Info","robots":{"index":"index","follow":"follow","max-snippet":"max-snippet:-1","max-image-preview":"max-image-preview:large","max-video-preview":"max-video-preview:-1"},"canonical":"https:\/\/vosgesinfo.fr\/saintdieinfo\/2022\/07\/vosges-fibre-poursuit-deploiement-departement-5\/","twitter_card":"summary_large_image","twitter_title":"Vosges \u2013 La fibre poursuit son d\u00e9ploiement dans le d\u00e9partement - Saint Die Info","twitter_description":"Le d\u00e9ploiement de la fibre optique se poursuit dans le Grand Est, avec 84 nouvelles communes \u00e9ligibles au tr\u00e8s haut [&hellip;]","twitter_image":"https:\/\/vosgesinfo.fr\/app\/uploads\/sites\/4\/2020\/09\/fibre-optique.jpg","twitter_creator":"@VosgesInfo88","twitter_site":"@VosgesInfo88","twitter_misc":{"\u00c9crit par":"la r\u00e9daction","Dur\u00e9e de lecture estim\u00e9e":"1 minute"},"schema":{"@context":"https:\/\/schema.org","@graph":[{"@type":"Article","@id":"https:\/\/vosgesinfo.fr\/saintdieinfo\/2022\/07\/vosges-fibre-poursuit-deploiement-departement-5\/#article","isPartOf":{"@id":"https:\/\/vosgesinfo.fr\/saintdieinfo\/2022\/07\/vosges-fibre-poursuit-deploiement-departement-5\/"},"author":{"name":"la r\u00e9daction","@id":"https:\/\/vosgesinfo.fr\/saintdieinfo\/#\/schema\/person\/faee6704a21f3977511db84bd1cd450f"},"headline":"Vosges \u2013 La fibre poursuit son d\u00e9ploiement dans le d\u00e9partement","datePublished":"2022-07-15T07:31:28+00:00","dateModified":"2022-07-15T07:31:28+00:00","mainEntityOfPage":{"@id":"https:\/\/vosgesinfo.fr\/saintdieinfo\/2022\/07\/vosges-fibre-poursuit-deploiement-departement-5\/"},"wordCount":261,"commentCount":0,"publisher":{"@id":"https:\/\/vosgesinfo.fr\/saintdieinfo\/#organization"},"image":{"@id":"https:\/\/vosgesinfo.fr\/saintdieinfo\/2022\/07\/vosges-fibre-poursuit-deploiement-departement-5\/#primaryimage"},"thumbnailUrl":"https:\/\/vosgesinfo.fr\/app\/uploads\/sites\/4\/2020\/09\/fibre-optique.jpg","keywords":["D\u00e9ploiement de la fibre optique","Fibre optique"],"articleSection":["A la Une","Saint-Di\u00e9-des-Vosges et son Agglom\u00e9ration","Vosges"],"inLanguage":"fr-FR","potentialAction":[{"@type":"CommentAction","name":"Comment","target":["https:\/\/vosgesinfo.fr\/saintdieinfo\/2022\/07\/vosges-fibre-poursuit-deploiement-departement-5\/#respond"]}]},{"@type":"WebPage","@id":"https:\/\/vosgesinfo.fr\/saintdieinfo\/2022\/07\/vosges-fibre-poursuit-deploiement-departement-5\/","url":"https:\/\/vosgesinfo.fr\/saintdieinfo\/2022\/07\/vosges-fibre-poursuit-deploiement-departement-5\/","name":"Vosges \u2013 La fibre poursuit son d\u00e9ploiement dans le d\u00e9partement - Saint Die Info","isPartOf":{"@id":"https:\/\/vosgesinfo.fr\/saintdieinfo\/#website"},"primaryImageOfPage":{"@id":"https:\/\/vosgesinfo.fr\/saintdieinfo\/2022\/07\/vosges-fibre-poursuit-deploiement-departement-5\/#primaryimage"},"image":{"@id":"https:\/\/vosgesinfo.fr\/saintdieinfo\/2022\/07\/vosges-fibre-poursuit-deploiement-departement-5\/#primaryimage"},"thumbnailUrl":"https:\/\/vosgesinfo.fr\/app\/uploads\/sites\/4\/2020\/09\/fibre-optique.jpg","datePublished":"2022-07-15T07:31:28+00:00","dateModified":"2022-07-15T07:31:28+00:00","breadcrumb":{"@id":"https:\/\/vosgesinfo.fr\/saintdieinfo\/2022\/07\/vosges-fibre-poursuit-deploiement-departement-5\/#breadcrumb"},"inLanguage":"fr-FR","potentialAction":[{"@type":"ReadAction","target":["https:\/\/vosgesinfo.fr\/saintdieinfo\/2022\/07\/vosges-fibre-poursuit-deploiement-departement-5\/"]}]},{"@type":"ImageObject","inLanguage":"fr-FR","@id":"https:\/\/vosgesinfo.fr\/saintdieinfo\/2022\/07\/vosges-fibre-poursuit-deploiement-departement-5\/#primaryimage","url":"https:\/\/vosgesinfo.fr\/app\/uploads\/sites\/4\/2020\/09\/fibre-optique.jpg","contentUrl":"https:\/\/vosgesinfo.fr\/app\/uploads\/sites\/4\/2020\/09\/fibre-optique.jpg"},{"@type":"BreadcrumbList","@id":"https:\/\/vosgesinfo.fr\/saintdieinfo\/2022\/07\/vosges-fibre-poursuit-deploiement-departement-5\/#breadcrumb","itemListElement":[{"@type":"ListItem","position":1,"name":"Home","item":"https:\/\/vosgesinfo.fr\/saintdieinfo\/"},{"@type":"ListItem","position":2,"name":"Vosges \u2013 La fibre poursuit son d\u00e9ploiement dans le d\u00e9partement"}]},{"@type":"WebSite","@id":"https:\/\/vosgesinfo.fr\/saintdieinfo\/#website","url":"https:\/\/vosgesinfo.fr\/saintdieinfo\/","name":"Saint Die Info","description":"Toute l&#039;actualit\u00e9 de Saint-Di\u00e9-Des-Vosges","publisher":{"@id":"https:\/\/vosgesinfo.fr\/saintdieinfo\/#organization"},"alternateName":"Toute l'actualit\u00e9 de Saint-Di\u00e9-Des-Vosges","potentialAction":[{"@type":"SearchAction","target":{"@type":"EntryPoint","urlTemplate":"https:\/\/vosgesinfo.fr\/saintdieinfo\/?s={search_term_string}"},"query-input":"required name=search_term_string"}],"inLanguage":"fr-FR"},{"@type":"Organization","@id":"https:\/\/vosgesinfo.fr\/saintdieinfo\/#organization","name":"Saint Die Info","url":"https:\/\/vosgesinfo.fr\/saintdieinfo\/","logo":{"@type":"ImageObject","inLanguage":"fr-FR","@id":"https:\/\/vosgesinfo.fr\/saintdieinfo\/#\/schema\/logo\/image\/","url":"https:\/\/vosgesinfo.fr\/app\/uploads\/sites\/4\/2024\/02\/logo-sdi.jpg","contentUrl":"https:\/\/vosgesinfo.fr\/app\/uploads\/sites\/4\/2024\/02\/logo-sdi.jpg","width":600,"height":600,"caption":"Saint Die Info"},"image":{"@id":"https:\/\/vosgesinfo.fr\/saintdieinfo\/#\/schema\/logo\/image\/"},"sameAs":["https:\/\/www.facebook.com\/Saintdieinfofr","https:\/\/x.com\/VosgesInfo88","https:\/\/www.youtube.com\/@vosgesinfo"]},{"@type":"Person","@id":"https:\/\/vosgesinfo.fr\/saintdieinfo\/#\/schema\/person\/faee6704a21f3977511db84bd1cd450f","name":"la r\u00e9daction","image":{"@type":"ImageObject","inLanguage":"fr-FR","@id":"https:\/\/vosgesinfo.fr\/saintdieinfo\/#\/schema\/person\/image\/","url":"https:\/\/secure.gravatar.com\/avatar\/6673d8bc6a9c17fa9a453eaa3448de834fa308c2ec9635b7aa99441a7c8d2cf6?s=96&d=mm&r=g","contentUrl":"https:\/\/secure.gravatar.com\/avatar\/6673d8bc6a9c17fa9a453eaa3448de834fa308c2ec9635b7aa99441a7c8d2cf6?s=96&d=mm&r=g","caption":"la r\u00e9daction"},"url":"https:\/\/vosgesinfo.fr\/saintdieinfo\/author\/redac\/"}]}},"_links":{"self":[{"href":"https:\/\/vosgesinfo.fr\/saintdieinfo\/wp-json\/wp\/v2\/posts\/55736","targetHints":{"allow":["GET"]}}],"collection":[{"href":"https:\/\/vosgesinfo.fr\/saintdieinfo\/wp-json\/wp\/v2\/posts"}],"about":[{"href":"https:\/\/vosgesinfo.fr\/saintdieinfo\/wp-json\/wp\/v2\/types\/post"}],"author":[{"embeddable":true,"href":"https:\/\/vosgesinfo.fr\/saintdieinfo\/wp-json\/wp\/v2\/users\/44"}],"replies":[{"embeddable":true,"href":"https:\/\/vosgesinfo.fr\/saintdieinfo\/wp-json\/wp\/v2\/comments?post=55736"}],"version-history":[{"count":0,"href":"https:\/\/vosgesinfo.fr\/saintdieinfo\/wp-json\/wp\/v2\/posts\/55736\/revisions"}],"wp:featuredmedia":[{"embeddable":true,"href":"https:\/\/vosgesinfo.fr\/saintdieinfo\/wp-json\/wp\/v2\/media\/28251"}],"wp:attachment":[{"href":"https:\/\/vosgesinfo.fr\/saintdieinfo\/wp-json\/wp\/v2\/media?parent=55736"}],"wp:term":[{"taxonomy":"category","embeddable":true,"href":"https:\/\/vosgesinfo.fr\/saintdieinfo\/wp-json\/wp\/v2\/categories?post=55736"},{"taxonomy":"post_tag","embeddable":true,"href":"https:\/\/vosgesinfo.fr\/saintdieinfo\/wp-json\/wp\/v2\/tags?post=55736"}],"curies":[{"name":"wp","href":"https:\/\/api.w.org\/{rel}","templated":true}]}}