{"id":55806,"date":"2022-07-18T11:21:30","date_gmt":"2022-07-18T09:21:30","guid":{"rendered":"https:\/\/vosgesinfo.fr\/saintdieinfo\/2022\/07\/a-gens-david-valence-lun-signataires-de-tribune-denoncant-propos-de-caroline-cayeux\/"},"modified":"2022-07-18T11:21:30","modified_gmt":"2022-07-18T09:21:30","slug":"a-gens-david-valence-lun-signataires-de-tribune-denoncant-propos-de-caroline-cayeux","status":"publish","type":"post","link":"https:\/\/vosgesinfo.fr\/saintdieinfo\/2022\/07\/a-gens-david-valence-lun-signataires-de-tribune-denoncant-propos-de-caroline-cayeux\/","title":{"rendered":"\u00ab\u00a0A tous ces gens-l\u00e0\u00a0\u00bb\u00a0: David Valence est l&rsquo;un des signataires de la tribune d\u00e9non\u00e7ant les propos de Caroline Cayeux"},"content":{"rendered":"<div id=\"attachment_118595\" style=\"width: 970px\" class=\"wp-caption aligncenter\"><a href=\"\/2018\/03\/David_Valence-1.jpg\" target=\"_blank\" rel=\"noopener\"><img decoding=\"async\" aria-describedby=\"caption-attachment-118595\" class=\"wp-image-118595 size-large\" src=\"\/2018\/03\/David_Valence-1-1024x938.jpg\" alt=\"David_Valence (1)\" width=\"960\" height=\"879\" \/><\/a><p id=\"caption-attachment-118595\" class=\"wp-caption-text\">(Archive)<\/p><\/div>\n<h2><strong><span style=\"font-size: 14pt;\">Nomm\u00e9e ministre des Collectivit\u00e9s territoriales le 4 juillet dernier, Caroline Cayeux est actuellement au c\u0153ur d&rsquo;une pol\u00e9mique suite \u00e0 ses propos tenus en 2013 face au S\u00e9nat lors du d\u00e9bat sur le mariage pour tous.<\/span><\/strong><\/h2>\n<p><!--more--><\/p>\n<p>Caroline Cayeux avait notamment qualifi\u00e9 le mariage pour tous de \u00ab\u00a0dessein qui va contre la nature.\u00a0\u00bb Le 12 juillet dernier, la ministre s&rsquo;est exprim\u00e9e sur Public S\u00e9nat en disant \u00ab\u00a0maintenir ses propos\u00a0\u00bb, pr\u00e9cisant \u00ab\u00a0j&rsquo;ai beaucoup d&rsquo;amis parmi tous ces gens-l\u00e0 et franchement, c&rsquo;est un mauvais proc\u00e8s qu&rsquo;on me fait et \u00e7a m&rsquo;a beaucoup contrari\u00e9e.\u00a0\u00bb Des propos qui ne sont pas pass\u00e9s aupr\u00e8s de plus d&rsquo;une centaine de personnalit\u00e9s, dont le d\u00e9put\u00e9 de la deuxi\u00e8me circonscription des Vosges David Valence, qui est l&rsquo;un des signataires de la tribune \u00ab\u00a0A tous ces gens-l\u00e0\u00a0\u00bb, parue samedi dans le Journal du Dimanche et qui d\u00e9nonce les propos de Caroline Cayeux (<strong><a href=\"https:\/\/www.lejdd.fr\/Politique\/a-tous-ces-gens-la-des-elus-de-la-majorite-et-des-personnalites-denoncent-les-propos-de-caroline-cayeux-4123539\" target=\"_blank\" rel=\"noopener\">\u00e0 lire ici<\/a><\/strong>).<\/p>\n<p>\u00ab\u00a0Comment accepter les propos tenus par la ministre charg\u00e9e des Collectivit\u00e9s territoriales \u00e0 la veille de la f\u00eate natonale\u00a0? Comment accepter qu&rsquo;un membre de l&rsquo;ex\u00e9cutif, dont le premier r\u00f4le est d&rsquo;assurer l&rsquo;application des lois, puisse appeler \u00ab\u00a0ces gens-l\u00e0\u00a0\u00bb des citoyens fran\u00e7ais\u00a0? Comment ne pas voir que, dans son esprit, ils ne rel\u00e8vent pas de la m\u00eame cat\u00e9gorie de citoyens\u00a0? La question n&rsquo;est pas de savoir si cette nouvelle ministre a, dans son entourage, des amis parmi \u00ab\u00a0ces gens-l\u00e0\u00a0\u00bb, comme un masque sur les pr\u00e9jug\u00e9s. Elle a choisi d\u00e9lib\u00e9r\u00e9ment de maintenir des propos homophobes\u00a0: c&rsquo;est certaines r\u00e9pr\u00e9hensible. Et seul un juge devrait en d\u00e9cider. En revanche, la question est de savoir si le gouvernement, dans son devoir de solidarit\u00e9, valide la position d&rsquo;un de ses membres, et si la majorit\u00e9 souscrit \u00e0 son attitude. Il s&rsquo;agit de d\u00e9fendre non pas telle ou telle communaut\u00e9, mais bien le respect du principe d&rsquo;\u00e9galit\u00e9 et de l\u00e9galit\u00e9. Nous savons que l&rsquo;exemplarit\u00e9 est plus que jamais n\u00e9cessaire pour maintenir un d\u00e9bat d\u00e9mocratique apais\u00e9 et constructif\u00a0\u00bb peut-on notamment lire dans cette tribune, qui a \u00e9galement \u00e9t\u00e9 sign\u00e9e par l&rsquo;\u00e9crivain Philippe Besson, le pr\u00e9sident de l&rsquo;Institut du Monde Arabe et ancien ministre de la Culture Jack Lang, le neuropsychiatre Boris Cyrulnik, l&rsquo;ancien premier ministre Manuel Valls ou la premi\u00e8re adjointe au maire de Marseille Mich\u00e8le Rubirola.<\/p>\n<p>J.J.<\/p>\n","protected":false},"excerpt":{"rendered":"<p>Nomm\u00e9e ministre des Collectivit\u00e9s territoriales le 4 juillet dernier, Caroline Cayeux est actuellement au c\u0153ur d&rsquo;une pol\u00e9mique suite \u00e0 ses [&hellip;]<\/p>\n","protected":false},"author":44,"featured_media":55807,"comment_status":"open","ping_status":"open","sticky":false,"template":"","format":"standard","meta":{"footnotes":""},"categories":[460,10,2915],"tags":[12095,12096,3337,12097,12098],"class_list":["post-55806","post","type-post","status-publish","format-standard","has-post-thumbnail","hentry","category-a-la-une","category-politique","category-saint-die-son-canton","tag-a-tous-ces-gens-la","tag-caroline-cayeux","tag-david-valence","tag-le-journal-du-dimanche","tag-ministre-des-collectivites-territoriales"],"acf":[],"yoast_head":"<!-- This site is optimized with the Yoast SEO plugin v22.5 - https:\/\/yoast.com\/wordpress\/plugins\/seo\/ -->\n<title>\u00ab\u00a0A tous ces gens-l\u00e0\u00a0\u00bb\u00a0: David Valence est l&#039;un des signataires de la tribune d\u00e9non\u00e7ant les propos de Caroline Cayeux - Saint Die Info<\/title>\n<meta name=\"robots\" content=\"index, follow, max-snippet:-1, max-image-preview:large, max-video-preview:-1\" \/>\n<link rel=\"canonical\" href=\"https:\/\/vosgesinfo.fr\/saintdieinfo\/2022\/07\/a-gens-david-valence-lun-signataires-de-tribune-denoncant-propos-de-caroline-cayeux\/\" \/>\n<meta name=\"twitter:card\" content=\"summary_large_image\" \/>\n<meta name=\"twitter:title\" content=\"\u00ab\u00a0A tous ces gens-l\u00e0\u00a0\u00bb\u00a0: David Valence est l&#039;un des signataires de la tribune d\u00e9non\u00e7ant les propos de Caroline Cayeux - Saint Die Info\" \/>\n<meta name=\"twitter:description\" content=\"Nomm\u00e9e ministre des Collectivit\u00e9s territoriales le 4 juillet dernier, Caroline Cayeux est actuellement au c\u0153ur d&rsquo;une pol\u00e9mique suite \u00e0 ses [&hellip;]\" \/>\n<meta name=\"twitter:image\" content=\"https:\/\/vosgesinfo.fr\/app\/uploads\/sites\/4\/2024\/08\/201803david-valence-1-12.jpg\" \/>\n<meta name=\"twitter:creator\" content=\"@VosgesInfo88\" \/>\n<meta name=\"twitter:site\" content=\"@VosgesInfo88\" \/>\n<meta name=\"twitter:label1\" content=\"\u00c9crit par\" \/>\n\t<meta name=\"twitter:data1\" content=\"la r\u00e9daction\" \/>\n\t<meta name=\"twitter:label2\" content=\"Dur\u00e9e de lecture estim\u00e9e\" \/>\n\t<meta name=\"twitter:data2\" content=\"2 minutes\" \/>\n<script type=\"application\/ld+json\" class=\"yoast-schema-graph\">{\"@context\":\"https:\/\/schema.org\",\"@graph\":[{\"@type\":\"Article\",\"@id\":\"https:\/\/vosgesinfo.fr\/saintdieinfo\/2022\/07\/a-gens-david-valence-lun-signataires-de-tribune-denoncant-propos-de-caroline-cayeux\/#article\",\"isPartOf\":{\"@id\":\"https:\/\/vosgesinfo.fr\/saintdieinfo\/2022\/07\/a-gens-david-valence-lun-signataires-de-tribune-denoncant-propos-de-caroline-cayeux\/\"},\"author\":{\"name\":\"la r\u00e9daction\",\"@id\":\"https:\/\/vosgesinfo.fr\/saintdieinfo\/#\/schema\/person\/faee6704a21f3977511db84bd1cd450f\"},\"headline\":\"\u00ab\u00a0A tous ces gens-l\u00e0\u00a0\u00bb\u00a0: David Valence est l&rsquo;un des signataires de la tribune d\u00e9non\u00e7ant les propos de Caroline Cayeux\",\"datePublished\":\"2022-07-18T09:21:30+00:00\",\"dateModified\":\"2022-07-18T09:21:30+00:00\",\"mainEntityOfPage\":{\"@id\":\"https:\/\/vosgesinfo.fr\/saintdieinfo\/2022\/07\/a-gens-david-valence-lun-signataires-de-tribune-denoncant-propos-de-caroline-cayeux\/\"},\"wordCount\":453,\"commentCount\":0,\"publisher\":{\"@id\":\"https:\/\/vosgesinfo.fr\/saintdieinfo\/#organization\"},\"image\":{\"@id\":\"https:\/\/vosgesinfo.fr\/saintdieinfo\/2022\/07\/a-gens-david-valence-lun-signataires-de-tribune-denoncant-propos-de-caroline-cayeux\/#primaryimage\"},\"thumbnailUrl\":\"https:\/\/vosgesinfo.fr\/app\/uploads\/sites\/4\/2024\/08\/201803david-valence-1-12.jpg\",\"keywords\":[\"A tous ces gens-l\u00e0\",\"Caroline Cayeux\",\"David Valence\",\"Le Journal du Dimanche\",\"Ministre des Collectivit\u00e9s territoriales\"],\"articleSection\":[\"A la Une\",\"Politique\",\"Saint-Di\u00e9-des-Vosges et son Agglom\u00e9ration\"],\"inLanguage\":\"fr-FR\",\"potentialAction\":[{\"@type\":\"CommentAction\",\"name\":\"Comment\",\"target\":[\"https:\/\/vosgesinfo.fr\/saintdieinfo\/2022\/07\/a-gens-david-valence-lun-signataires-de-tribune-denoncant-propos-de-caroline-cayeux\/#respond\"]}]},{\"@type\":\"WebPage\",\"@id\":\"https:\/\/vosgesinfo.fr\/saintdieinfo\/2022\/07\/a-gens-david-valence-lun-signataires-de-tribune-denoncant-propos-de-caroline-cayeux\/\",\"url\":\"https:\/\/vosgesinfo.fr\/saintdieinfo\/2022\/07\/a-gens-david-valence-lun-signataires-de-tribune-denoncant-propos-de-caroline-cayeux\/\",\"name\":\"\u00ab\u00a0A tous ces gens-l\u00e0\u00a0\u00bb\u00a0: David Valence est l'un des signataires de la tribune d\u00e9non\u00e7ant les propos de Caroline Cayeux - Saint Die Info\",\"isPartOf\":{\"@id\":\"https:\/\/vosgesinfo.fr\/saintdieinfo\/#website\"},\"primaryImageOfPage\":{\"@id\":\"https:\/\/vosgesinfo.fr\/saintdieinfo\/2022\/07\/a-gens-david-valence-lun-signataires-de-tribune-denoncant-propos-de-caroline-cayeux\/#primaryimage\"},\"image\":{\"@id\":\"https:\/\/vosgesinfo.fr\/saintdieinfo\/2022\/07\/a-gens-david-valence-lun-signataires-de-tribune-denoncant-propos-de-caroline-cayeux\/#primaryimage\"},\"thumbnailUrl\":\"https:\/\/vosgesinfo.fr\/app\/uploads\/sites\/4\/2024\/08\/201803david-valence-1-12.jpg\",\"datePublished\":\"2022-07-18T09:21:30+00:00\",\"dateModified\":\"2022-07-18T09:21:30+00:00\",\"breadcrumb\":{\"@id\":\"https:\/\/vosgesinfo.fr\/saintdieinfo\/2022\/07\/a-gens-david-valence-lun-signataires-de-tribune-denoncant-propos-de-caroline-cayeux\/#breadcrumb\"},\"inLanguage\":\"fr-FR\",\"potentialAction\":[{\"@type\":\"ReadAction\",\"target\":[\"https:\/\/vosgesinfo.fr\/saintdieinfo\/2022\/07\/a-gens-david-valence-lun-signataires-de-tribune-denoncant-propos-de-caroline-cayeux\/\"]}]},{\"@type\":\"ImageObject\",\"inLanguage\":\"fr-FR\",\"@id\":\"https:\/\/vosgesinfo.fr\/saintdieinfo\/2022\/07\/a-gens-david-valence-lun-signataires-de-tribune-denoncant-propos-de-caroline-cayeux\/#primaryimage\",\"url\":\"https:\/\/vosgesinfo.fr\/app\/uploads\/sites\/4\/2024\/08\/201803david-valence-1-12.jpg\",\"contentUrl\":\"https:\/\/vosgesinfo.fr\/app\/uploads\/sites\/4\/2024\/08\/201803david-valence-1-12.jpg\",\"width\":1367,\"height\":1252},{\"@type\":\"BreadcrumbList\",\"@id\":\"https:\/\/vosgesinfo.fr\/saintdieinfo\/2022\/07\/a-gens-david-valence-lun-signataires-de-tribune-denoncant-propos-de-caroline-cayeux\/#breadcrumb\",\"itemListElement\":[{\"@type\":\"ListItem\",\"position\":1,\"name\":\"Home\",\"item\":\"https:\/\/vosgesinfo.fr\/saintdieinfo\/\"},{\"@type\":\"ListItem\",\"position\":2,\"name\":\"\u00ab\u00a0A tous ces gens-l\u00e0\u00a0\u00bb\u00a0: David Valence est l&rsquo;un des signataires de la tribune d\u00e9non\u00e7ant les propos de Caroline Cayeux\"}]},{\"@type\":\"WebSite\",\"@id\":\"https:\/\/vosgesinfo.fr\/saintdieinfo\/#website\",\"url\":\"https:\/\/vosgesinfo.fr\/saintdieinfo\/\",\"name\":\"Saint Die Info\",\"description\":\"Toute l&#039;actualit\u00e9 de Saint-Di\u00e9-Des-Vosges\",\"publisher\":{\"@id\":\"https:\/\/vosgesinfo.fr\/saintdieinfo\/#organization\"},\"alternateName\":\"Toute l'actualit\u00e9 de Saint-Di\u00e9-Des-Vosges\",\"potentialAction\":[{\"@type\":\"SearchAction\",\"target\":{\"@type\":\"EntryPoint\",\"urlTemplate\":\"https:\/\/vosgesinfo.fr\/saintdieinfo\/?s={search_term_string}\"},\"query-input\":\"required name=search_term_string\"}],\"inLanguage\":\"fr-FR\"},{\"@type\":\"Organization\",\"@id\":\"https:\/\/vosgesinfo.fr\/saintdieinfo\/#organization\",\"name\":\"Saint Die Info\",\"url\":\"https:\/\/vosgesinfo.fr\/saintdieinfo\/\",\"logo\":{\"@type\":\"ImageObject\",\"inLanguage\":\"fr-FR\",\"@id\":\"https:\/\/vosgesinfo.fr\/saintdieinfo\/#\/schema\/logo\/image\/\",\"url\":\"https:\/\/vosgesinfo.fr\/app\/uploads\/sites\/4\/2024\/02\/logo-sdi.jpg\",\"contentUrl\":\"https:\/\/vosgesinfo.fr\/app\/uploads\/sites\/4\/2024\/02\/logo-sdi.jpg\",\"width\":600,\"height\":600,\"caption\":\"Saint Die Info\"},\"image\":{\"@id\":\"https:\/\/vosgesinfo.fr\/saintdieinfo\/#\/schema\/logo\/image\/\"},\"sameAs\":[\"https:\/\/www.facebook.com\/Saintdieinfofr\",\"https:\/\/x.com\/VosgesInfo88\",\"https:\/\/www.youtube.com\/@vosgesinfo\"]},{\"@type\":\"Person\",\"@id\":\"https:\/\/vosgesinfo.fr\/saintdieinfo\/#\/schema\/person\/faee6704a21f3977511db84bd1cd450f\",\"name\":\"la r\u00e9daction\",\"image\":{\"@type\":\"ImageObject\",\"inLanguage\":\"fr-FR\",\"@id\":\"https:\/\/vosgesinfo.fr\/saintdieinfo\/#\/schema\/person\/image\/\",\"url\":\"https:\/\/secure.gravatar.com\/avatar\/6673d8bc6a9c17fa9a453eaa3448de834fa308c2ec9635b7aa99441a7c8d2cf6?s=96&d=mm&r=g\",\"contentUrl\":\"https:\/\/secure.gravatar.com\/avatar\/6673d8bc6a9c17fa9a453eaa3448de834fa308c2ec9635b7aa99441a7c8d2cf6?s=96&d=mm&r=g\",\"caption\":\"la r\u00e9daction\"},\"url\":\"https:\/\/vosgesinfo.fr\/saintdieinfo\/author\/redac\/\"}]}<\/script>\n<!-- \/ Yoast SEO plugin. -->","yoast_head_json":{"title":"\u00ab\u00a0A tous ces gens-l\u00e0\u00a0\u00bb\u00a0: David Valence est l'un des signataires de la tribune d\u00e9non\u00e7ant les propos de Caroline Cayeux - Saint Die Info","robots":{"index":"index","follow":"follow","max-snippet":"max-snippet:-1","max-image-preview":"max-image-preview:large","max-video-preview":"max-video-preview:-1"},"canonical":"https:\/\/vosgesinfo.fr\/saintdieinfo\/2022\/07\/a-gens-david-valence-lun-signataires-de-tribune-denoncant-propos-de-caroline-cayeux\/","twitter_card":"summary_large_image","twitter_title":"\u00ab\u00a0A tous ces gens-l\u00e0\u00a0\u00bb\u00a0: David Valence est l'un des signataires de la tribune d\u00e9non\u00e7ant les propos de Caroline Cayeux - Saint Die Info","twitter_description":"Nomm\u00e9e ministre des Collectivit\u00e9s territoriales le 4 juillet dernier, Caroline Cayeux est actuellement au c\u0153ur d&rsquo;une pol\u00e9mique suite \u00e0 ses [&hellip;]","twitter_image":"https:\/\/vosgesinfo.fr\/app\/uploads\/sites\/4\/2024\/08\/201803david-valence-1-12.jpg","twitter_creator":"@VosgesInfo88","twitter_site":"@VosgesInfo88","twitter_misc":{"\u00c9crit par":"la r\u00e9daction","Dur\u00e9e de lecture estim\u00e9e":"2 minutes"},"schema":{"@context":"https:\/\/schema.org","@graph":[{"@type":"Article","@id":"https:\/\/vosgesinfo.fr\/saintdieinfo\/2022\/07\/a-gens-david-valence-lun-signataires-de-tribune-denoncant-propos-de-caroline-cayeux\/#article","isPartOf":{"@id":"https:\/\/vosgesinfo.fr\/saintdieinfo\/2022\/07\/a-gens-david-valence-lun-signataires-de-tribune-denoncant-propos-de-caroline-cayeux\/"},"author":{"name":"la r\u00e9daction","@id":"https:\/\/vosgesinfo.fr\/saintdieinfo\/#\/schema\/person\/faee6704a21f3977511db84bd1cd450f"},"headline":"\u00ab\u00a0A tous ces gens-l\u00e0\u00a0\u00bb\u00a0: David Valence est l&rsquo;un des signataires de la tribune d\u00e9non\u00e7ant les propos de Caroline Cayeux","datePublished":"2022-07-18T09:21:30+00:00","dateModified":"2022-07-18T09:21:30+00:00","mainEntityOfPage":{"@id":"https:\/\/vosgesinfo.fr\/saintdieinfo\/2022\/07\/a-gens-david-valence-lun-signataires-de-tribune-denoncant-propos-de-caroline-cayeux\/"},"wordCount":453,"commentCount":0,"publisher":{"@id":"https:\/\/vosgesinfo.fr\/saintdieinfo\/#organization"},"image":{"@id":"https:\/\/vosgesinfo.fr\/saintdieinfo\/2022\/07\/a-gens-david-valence-lun-signataires-de-tribune-denoncant-propos-de-caroline-cayeux\/#primaryimage"},"thumbnailUrl":"https:\/\/vosgesinfo.fr\/app\/uploads\/sites\/4\/2024\/08\/201803david-valence-1-12.jpg","keywords":["A tous ces gens-l\u00e0","Caroline Cayeux","David Valence","Le Journal du Dimanche","Ministre des Collectivit\u00e9s territoriales"],"articleSection":["A la Une","Politique","Saint-Di\u00e9-des-Vosges et son Agglom\u00e9ration"],"inLanguage":"fr-FR","potentialAction":[{"@type":"CommentAction","name":"Comment","target":["https:\/\/vosgesinfo.fr\/saintdieinfo\/2022\/07\/a-gens-david-valence-lun-signataires-de-tribune-denoncant-propos-de-caroline-cayeux\/#respond"]}]},{"@type":"WebPage","@id":"https:\/\/vosgesinfo.fr\/saintdieinfo\/2022\/07\/a-gens-david-valence-lun-signataires-de-tribune-denoncant-propos-de-caroline-cayeux\/","url":"https:\/\/vosgesinfo.fr\/saintdieinfo\/2022\/07\/a-gens-david-valence-lun-signataires-de-tribune-denoncant-propos-de-caroline-cayeux\/","name":"\u00ab\u00a0A tous ces gens-l\u00e0\u00a0\u00bb\u00a0: David Valence est l'un des signataires de la tribune d\u00e9non\u00e7ant les propos de Caroline Cayeux - Saint Die Info","isPartOf":{"@id":"https:\/\/vosgesinfo.fr\/saintdieinfo\/#website"},"primaryImageOfPage":{"@id":"https:\/\/vosgesinfo.fr\/saintdieinfo\/2022\/07\/a-gens-david-valence-lun-signataires-de-tribune-denoncant-propos-de-caroline-cayeux\/#primaryimage"},"image":{"@id":"https:\/\/vosgesinfo.fr\/saintdieinfo\/2022\/07\/a-gens-david-valence-lun-signataires-de-tribune-denoncant-propos-de-caroline-cayeux\/#primaryimage"},"thumbnailUrl":"https:\/\/vosgesinfo.fr\/app\/uploads\/sites\/4\/2024\/08\/201803david-valence-1-12.jpg","datePublished":"2022-07-18T09:21:30+00:00","dateModified":"2022-07-18T09:21:30+00:00","breadcrumb":{"@id":"https:\/\/vosgesinfo.fr\/saintdieinfo\/2022\/07\/a-gens-david-valence-lun-signataires-de-tribune-denoncant-propos-de-caroline-cayeux\/#breadcrumb"},"inLanguage":"fr-FR","potentialAction":[{"@type":"ReadAction","target":["https:\/\/vosgesinfo.fr\/saintdieinfo\/2022\/07\/a-gens-david-valence-lun-signataires-de-tribune-denoncant-propos-de-caroline-cayeux\/"]}]},{"@type":"ImageObject","inLanguage":"fr-FR","@id":"https:\/\/vosgesinfo.fr\/saintdieinfo\/2022\/07\/a-gens-david-valence-lun-signataires-de-tribune-denoncant-propos-de-caroline-cayeux\/#primaryimage","url":"https:\/\/vosgesinfo.fr\/app\/uploads\/sites\/4\/2024\/08\/201803david-valence-1-12.jpg","contentUrl":"https:\/\/vosgesinfo.fr\/app\/uploads\/sites\/4\/2024\/08\/201803david-valence-1-12.jpg","width":1367,"height":1252},{"@type":"BreadcrumbList","@id":"https:\/\/vosgesinfo.fr\/saintdieinfo\/2022\/07\/a-gens-david-valence-lun-signataires-de-tribune-denoncant-propos-de-caroline-cayeux\/#breadcrumb","itemListElement":[{"@type":"ListItem","position":1,"name":"Home","item":"https:\/\/vosgesinfo.fr\/saintdieinfo\/"},{"@type":"ListItem","position":2,"name":"\u00ab\u00a0A tous ces gens-l\u00e0\u00a0\u00bb\u00a0: David Valence est l&rsquo;un des signataires de la tribune d\u00e9non\u00e7ant les propos de Caroline Cayeux"}]},{"@type":"WebSite","@id":"https:\/\/vosgesinfo.fr\/saintdieinfo\/#website","url":"https:\/\/vosgesinfo.fr\/saintdieinfo\/","name":"Saint Die Info","description":"Toute l&#039;actualit\u00e9 de Saint-Di\u00e9-Des-Vosges","publisher":{"@id":"https:\/\/vosgesinfo.fr\/saintdieinfo\/#organization"},"alternateName":"Toute l'actualit\u00e9 de Saint-Di\u00e9-Des-Vosges","potentialAction":[{"@type":"SearchAction","target":{"@type":"EntryPoint","urlTemplate":"https:\/\/vosgesinfo.fr\/saintdieinfo\/?s={search_term_string}"},"query-input":"required name=search_term_string"}],"inLanguage":"fr-FR"},{"@type":"Organization","@id":"https:\/\/vosgesinfo.fr\/saintdieinfo\/#organization","name":"Saint Die Info","url":"https:\/\/vosgesinfo.fr\/saintdieinfo\/","logo":{"@type":"ImageObject","inLanguage":"fr-FR","@id":"https:\/\/vosgesinfo.fr\/saintdieinfo\/#\/schema\/logo\/image\/","url":"https:\/\/vosgesinfo.fr\/app\/uploads\/sites\/4\/2024\/02\/logo-sdi.jpg","contentUrl":"https:\/\/vosgesinfo.fr\/app\/uploads\/sites\/4\/2024\/02\/logo-sdi.jpg","width":600,"height":600,"caption":"Saint Die Info"},"image":{"@id":"https:\/\/vosgesinfo.fr\/saintdieinfo\/#\/schema\/logo\/image\/"},"sameAs":["https:\/\/www.facebook.com\/Saintdieinfofr","https:\/\/x.com\/VosgesInfo88","https:\/\/www.youtube.com\/@vosgesinfo"]},{"@type":"Person","@id":"https:\/\/vosgesinfo.fr\/saintdieinfo\/#\/schema\/person\/faee6704a21f3977511db84bd1cd450f","name":"la r\u00e9daction","image":{"@type":"ImageObject","inLanguage":"fr-FR","@id":"https:\/\/vosgesinfo.fr\/saintdieinfo\/#\/schema\/person\/image\/","url":"https:\/\/secure.gravatar.com\/avatar\/6673d8bc6a9c17fa9a453eaa3448de834fa308c2ec9635b7aa99441a7c8d2cf6?s=96&d=mm&r=g","contentUrl":"https:\/\/secure.gravatar.com\/avatar\/6673d8bc6a9c17fa9a453eaa3448de834fa308c2ec9635b7aa99441a7c8d2cf6?s=96&d=mm&r=g","caption":"la r\u00e9daction"},"url":"https:\/\/vosgesinfo.fr\/saintdieinfo\/author\/redac\/"}]}},"_links":{"self":[{"href":"https:\/\/vosgesinfo.fr\/saintdieinfo\/wp-json\/wp\/v2\/posts\/55806","targetHints":{"allow":["GET"]}}],"collection":[{"href":"https:\/\/vosgesinfo.fr\/saintdieinfo\/wp-json\/wp\/v2\/posts"}],"about":[{"href":"https:\/\/vosgesinfo.fr\/saintdieinfo\/wp-json\/wp\/v2\/types\/post"}],"author":[{"embeddable":true,"href":"https:\/\/vosgesinfo.fr\/saintdieinfo\/wp-json\/wp\/v2\/users\/44"}],"replies":[{"embeddable":true,"href":"https:\/\/vosgesinfo.fr\/saintdieinfo\/wp-json\/wp\/v2\/comments?post=55806"}],"version-history":[{"count":0,"href":"https:\/\/vosgesinfo.fr\/saintdieinfo\/wp-json\/wp\/v2\/posts\/55806\/revisions"}],"wp:featuredmedia":[{"embeddable":true,"href":"https:\/\/vosgesinfo.fr\/saintdieinfo\/wp-json\/wp\/v2\/media\/55807"}],"wp:attachment":[{"href":"https:\/\/vosgesinfo.fr\/saintdieinfo\/wp-json\/wp\/v2\/media?parent=55806"}],"wp:term":[{"taxonomy":"category","embeddable":true,"href":"https:\/\/vosgesinfo.fr\/saintdieinfo\/wp-json\/wp\/v2\/categories?post=55806"},{"taxonomy":"post_tag","embeddable":true,"href":"https:\/\/vosgesinfo.fr\/saintdieinfo\/wp-json\/wp\/v2\/tags?post=55806"}],"curies":[{"name":"wp","href":"https:\/\/api.w.org\/{rel}","templated":true}]}}