{"id":55895,"date":"2022-07-20T11:03:25","date_gmt":"2022-07-20T09:03:25","guid":{"rendered":"https:\/\/vosgesinfo.fr\/saintdieinfo\/2022\/07\/incendies-7-sapeurs-pompiers-vosgiens-renfort-bretagne\/"},"modified":"2022-07-20T11:03:25","modified_gmt":"2022-07-20T09:03:25","slug":"incendies-7-sapeurs-pompiers-vosgiens-renfort-bretagne","status":"publish","type":"post","link":"https:\/\/vosgesinfo.fr\/saintdieinfo\/2022\/07\/incendies-7-sapeurs-pompiers-vosgiens-renfort-bretagne\/","title":{"rendered":"Incendies\u00a0: 7 sapeurs-pompiers vosgiens en renfort en Bretagne"},"content":{"rendered":"<div id=\"attachment_187255\" style=\"width: 970px\" class=\"wp-caption aligncenter\"><a href=\"\/2022\/07\/Renforts_SP_Vosgiens_Bretagne-1.jpg\" target=\"_blank\" rel=\"noopener\"><img decoding=\"async\" aria-describedby=\"caption-attachment-187255\" class=\"wp-image-187255 size-full\" src=\"\/2022\/07\/Renforts_SP_Vosgiens_Bretagne-1.jpg\" alt=\"Renforts_SP_Vosgiens_Bretagne (1)\" width=\"960\" height=\"720\" \/><\/a><p id=\"caption-attachment-187255\" class=\"wp-caption-text\">(Photographies SDIS88)<\/p><\/div>\n<h2><strong><span style=\"font-size: 14pt;\">Un 3e d\u00e9tachement du Service d&rsquo;Incendie et de Secours des Vosges \u2013 SDIS88 \u2013 est parti en renfort sur les incendies qui font actuellement rage en ce mois de juillet caniculaire. La nuit derni\u00e8re, un d\u00e9tachement de 7 sapeurs-pompiers sp\u00e9cialis\u00e9s Feux de For\u00eats \u2013 FDF \u2013 sont partis \u00e0 4h du matin en direction du Finist\u00e8re. Sur place, ils appuieront leurs coll\u00e8gues du SDIS29 sur l&rsquo;incendie des Monts d&rsquo;Arr\u00e9e.<\/span><\/strong><\/h2>\n<p>J.J.<\/p>\n<p><a href=\"\/2022\/07\/Renforts_SP_Vosgiens_Bretagne-2.jpg\" target=\"_blank\" rel=\"noopener\"><img decoding=\"async\" class=\"aligncenter wp-image-187254 size-full\" src=\"\/2022\/07\/Renforts_SP_Vosgiens_Bretagne-2.jpg\" alt=\"Renforts_SP_Vosgiens_Bretagne (2)\" width=\"960\" height=\"720\" \/><\/a><\/p>\n","protected":false},"excerpt":{"rendered":"<p>Un 3e d\u00e9tachement du Service d&rsquo;Incendie et de Secours des Vosges \u2013 SDIS88 \u2013 est parti en renfort sur les [&hellip;]<\/p>\n","protected":false},"author":44,"featured_media":55896,"comment_status":"open","ping_status":"open","sticky":false,"template":"","format":"standard","meta":{"footnotes":""},"categories":[460,18],"tags":[12125,12126,1017,12127,1553],"class_list":["post-55895","post","type-post","status-publish","format-standard","has-post-thumbnail","hentry","category-a-la-une","category-vosges","tag-finistere","tag-incendie-des-monts-darree","tag-sapeurs-pompiers-des-vosges","tag-sdis29","tag-sdis88"],"acf":[],"yoast_head":"<!-- This site is optimized with the Yoast SEO plugin v22.5 - https:\/\/yoast.com\/wordpress\/plugins\/seo\/ -->\n<title>Incendies\u00a0: 7 sapeurs-pompiers vosgiens en renfort en Bretagne - Saint Die Info<\/title>\n<meta name=\"robots\" content=\"index, follow, max-snippet:-1, max-image-preview:large, max-video-preview:-1\" \/>\n<link rel=\"canonical\" href=\"https:\/\/vosgesinfo.fr\/saintdieinfo\/2022\/07\/incendies-7-sapeurs-pompiers-vosgiens-renfort-bretagne\/\" \/>\n<meta name=\"twitter:card\" content=\"summary_large_image\" \/>\n<meta name=\"twitter:title\" content=\"Incendies\u00a0: 7 sapeurs-pompiers vosgiens en renfort en Bretagne - Saint Die Info\" \/>\n<meta name=\"twitter:description\" content=\"Un 3e d\u00e9tachement du Service d&rsquo;Incendie et de Secours des Vosges \u2013 SDIS88 \u2013 est parti en renfort sur les [&hellip;]\" \/>\n<meta name=\"twitter:image\" content=\"https:\/\/vosgesinfo.fr\/app\/uploads\/sites\/4\/2024\/08\/202207renforts-sp-vosgiens-bretagne-1.jpg\" \/>\n<meta name=\"twitter:creator\" content=\"@VosgesInfo88\" \/>\n<meta name=\"twitter:site\" content=\"@VosgesInfo88\" \/>\n<meta name=\"twitter:label1\" content=\"\u00c9crit par\" \/>\n\t<meta name=\"twitter:data1\" content=\"la r\u00e9daction\" \/>\n<script type=\"application\/ld+json\" class=\"yoast-schema-graph\">{\"@context\":\"https:\/\/schema.org\",\"@graph\":[{\"@type\":\"Article\",\"@id\":\"https:\/\/vosgesinfo.fr\/saintdieinfo\/2022\/07\/incendies-7-sapeurs-pompiers-vosgiens-renfort-bretagne\/#article\",\"isPartOf\":{\"@id\":\"https:\/\/vosgesinfo.fr\/saintdieinfo\/2022\/07\/incendies-7-sapeurs-pompiers-vosgiens-renfort-bretagne\/\"},\"author\":{\"name\":\"la r\u00e9daction\",\"@id\":\"https:\/\/vosgesinfo.fr\/saintdieinfo\/#\/schema\/person\/faee6704a21f3977511db84bd1cd450f\"},\"headline\":\"Incendies\u00a0: 7 sapeurs-pompiers vosgiens en renfort en Bretagne\",\"datePublished\":\"2022-07-20T09:03:25+00:00\",\"dateModified\":\"2022-07-20T09:03:25+00:00\",\"mainEntityOfPage\":{\"@id\":\"https:\/\/vosgesinfo.fr\/saintdieinfo\/2022\/07\/incendies-7-sapeurs-pompiers-vosgiens-renfort-bretagne\/\"},\"wordCount\":93,\"commentCount\":0,\"publisher\":{\"@id\":\"https:\/\/vosgesinfo.fr\/saintdieinfo\/#organization\"},\"image\":{\"@id\":\"https:\/\/vosgesinfo.fr\/saintdieinfo\/2022\/07\/incendies-7-sapeurs-pompiers-vosgiens-renfort-bretagne\/#primaryimage\"},\"thumbnailUrl\":\"https:\/\/vosgesinfo.fr\/app\/uploads\/sites\/4\/2024\/08\/202207renforts-sp-vosgiens-bretagne-1.jpg\",\"keywords\":[\"Finist\u00e8re\",\"Incendie des Monts d'Arr\u00e9e\",\"sapeurs-pompiers des Vosges\",\"SDIS29\",\"Sdis88\"],\"articleSection\":[\"A la Une\",\"Vosges\"],\"inLanguage\":\"fr-FR\",\"potentialAction\":[{\"@type\":\"CommentAction\",\"name\":\"Comment\",\"target\":[\"https:\/\/vosgesinfo.fr\/saintdieinfo\/2022\/07\/incendies-7-sapeurs-pompiers-vosgiens-renfort-bretagne\/#respond\"]}]},{\"@type\":\"WebPage\",\"@id\":\"https:\/\/vosgesinfo.fr\/saintdieinfo\/2022\/07\/incendies-7-sapeurs-pompiers-vosgiens-renfort-bretagne\/\",\"url\":\"https:\/\/vosgesinfo.fr\/saintdieinfo\/2022\/07\/incendies-7-sapeurs-pompiers-vosgiens-renfort-bretagne\/\",\"name\":\"Incendies\u00a0: 7 sapeurs-pompiers vosgiens en renfort en Bretagne - Saint Die Info\",\"isPartOf\":{\"@id\":\"https:\/\/vosgesinfo.fr\/saintdieinfo\/#website\"},\"primaryImageOfPage\":{\"@id\":\"https:\/\/vosgesinfo.fr\/saintdieinfo\/2022\/07\/incendies-7-sapeurs-pompiers-vosgiens-renfort-bretagne\/#primaryimage\"},\"image\":{\"@id\":\"https:\/\/vosgesinfo.fr\/saintdieinfo\/2022\/07\/incendies-7-sapeurs-pompiers-vosgiens-renfort-bretagne\/#primaryimage\"},\"thumbnailUrl\":\"https:\/\/vosgesinfo.fr\/app\/uploads\/sites\/4\/2024\/08\/202207renforts-sp-vosgiens-bretagne-1.jpg\",\"datePublished\":\"2022-07-20T09:03:25+00:00\",\"dateModified\":\"2022-07-20T09:03:25+00:00\",\"breadcrumb\":{\"@id\":\"https:\/\/vosgesinfo.fr\/saintdieinfo\/2022\/07\/incendies-7-sapeurs-pompiers-vosgiens-renfort-bretagne\/#breadcrumb\"},\"inLanguage\":\"fr-FR\",\"potentialAction\":[{\"@type\":\"ReadAction\",\"target\":[\"https:\/\/vosgesinfo.fr\/saintdieinfo\/2022\/07\/incendies-7-sapeurs-pompiers-vosgiens-renfort-bretagne\/\"]}]},{\"@type\":\"ImageObject\",\"inLanguage\":\"fr-FR\",\"@id\":\"https:\/\/vosgesinfo.fr\/saintdieinfo\/2022\/07\/incendies-7-sapeurs-pompiers-vosgiens-renfort-bretagne\/#primaryimage\",\"url\":\"https:\/\/vosgesinfo.fr\/app\/uploads\/sites\/4\/2024\/08\/202207renforts-sp-vosgiens-bretagne-1.jpg\",\"contentUrl\":\"https:\/\/vosgesinfo.fr\/app\/uploads\/sites\/4\/2024\/08\/202207renforts-sp-vosgiens-bretagne-1.jpg\",\"width\":960,\"height\":720},{\"@type\":\"BreadcrumbList\",\"@id\":\"https:\/\/vosgesinfo.fr\/saintdieinfo\/2022\/07\/incendies-7-sapeurs-pompiers-vosgiens-renfort-bretagne\/#breadcrumb\",\"itemListElement\":[{\"@type\":\"ListItem\",\"position\":1,\"name\":\"Home\",\"item\":\"https:\/\/vosgesinfo.fr\/saintdieinfo\/\"},{\"@type\":\"ListItem\",\"position\":2,\"name\":\"Incendies\u00a0: 7 sapeurs-pompiers vosgiens en renfort en Bretagne\"}]},{\"@type\":\"WebSite\",\"@id\":\"https:\/\/vosgesinfo.fr\/saintdieinfo\/#website\",\"url\":\"https:\/\/vosgesinfo.fr\/saintdieinfo\/\",\"name\":\"Saint Die Info\",\"description\":\"Toute l&#039;actualit\u00e9 de Saint-Di\u00e9-Des-Vosges\",\"publisher\":{\"@id\":\"https:\/\/vosgesinfo.fr\/saintdieinfo\/#organization\"},\"alternateName\":\"Toute l'actualit\u00e9 de Saint-Di\u00e9-Des-Vosges\",\"potentialAction\":[{\"@type\":\"SearchAction\",\"target\":{\"@type\":\"EntryPoint\",\"urlTemplate\":\"https:\/\/vosgesinfo.fr\/saintdieinfo\/?s={search_term_string}\"},\"query-input\":\"required name=search_term_string\"}],\"inLanguage\":\"fr-FR\"},{\"@type\":\"Organization\",\"@id\":\"https:\/\/vosgesinfo.fr\/saintdieinfo\/#organization\",\"name\":\"Saint Die Info\",\"url\":\"https:\/\/vosgesinfo.fr\/saintdieinfo\/\",\"logo\":{\"@type\":\"ImageObject\",\"inLanguage\":\"fr-FR\",\"@id\":\"https:\/\/vosgesinfo.fr\/saintdieinfo\/#\/schema\/logo\/image\/\",\"url\":\"https:\/\/vosgesinfo.fr\/app\/uploads\/sites\/4\/2024\/02\/logo-sdi.jpg\",\"contentUrl\":\"https:\/\/vosgesinfo.fr\/app\/uploads\/sites\/4\/2024\/02\/logo-sdi.jpg\",\"width\":600,\"height\":600,\"caption\":\"Saint Die Info\"},\"image\":{\"@id\":\"https:\/\/vosgesinfo.fr\/saintdieinfo\/#\/schema\/logo\/image\/\"},\"sameAs\":[\"https:\/\/www.facebook.com\/Saintdieinfofr\",\"https:\/\/x.com\/VosgesInfo88\",\"https:\/\/www.youtube.com\/@vosgesinfo\"]},{\"@type\":\"Person\",\"@id\":\"https:\/\/vosgesinfo.fr\/saintdieinfo\/#\/schema\/person\/faee6704a21f3977511db84bd1cd450f\",\"name\":\"la r\u00e9daction\",\"image\":{\"@type\":\"ImageObject\",\"inLanguage\":\"fr-FR\",\"@id\":\"https:\/\/vosgesinfo.fr\/saintdieinfo\/#\/schema\/person\/image\/\",\"url\":\"https:\/\/secure.gravatar.com\/avatar\/6673d8bc6a9c17fa9a453eaa3448de834fa308c2ec9635b7aa99441a7c8d2cf6?s=96&d=mm&r=g\",\"contentUrl\":\"https:\/\/secure.gravatar.com\/avatar\/6673d8bc6a9c17fa9a453eaa3448de834fa308c2ec9635b7aa99441a7c8d2cf6?s=96&d=mm&r=g\",\"caption\":\"la r\u00e9daction\"},\"url\":\"https:\/\/vosgesinfo.fr\/saintdieinfo\/author\/redac\/\"}]}<\/script>\n<!-- \/ Yoast SEO plugin. -->","yoast_head_json":{"title":"Incendies\u00a0: 7 sapeurs-pompiers vosgiens en renfort en Bretagne - Saint Die Info","robots":{"index":"index","follow":"follow","max-snippet":"max-snippet:-1","max-image-preview":"max-image-preview:large","max-video-preview":"max-video-preview:-1"},"canonical":"https:\/\/vosgesinfo.fr\/saintdieinfo\/2022\/07\/incendies-7-sapeurs-pompiers-vosgiens-renfort-bretagne\/","twitter_card":"summary_large_image","twitter_title":"Incendies\u00a0: 7 sapeurs-pompiers vosgiens en renfort en Bretagne - Saint Die Info","twitter_description":"Un 3e d\u00e9tachement du Service d&rsquo;Incendie et de Secours des Vosges \u2013 SDIS88 \u2013 est parti en renfort sur les [&hellip;]","twitter_image":"https:\/\/vosgesinfo.fr\/app\/uploads\/sites\/4\/2024\/08\/202207renforts-sp-vosgiens-bretagne-1.jpg","twitter_creator":"@VosgesInfo88","twitter_site":"@VosgesInfo88","twitter_misc":{"\u00c9crit par":"la r\u00e9daction"},"schema":{"@context":"https:\/\/schema.org","@graph":[{"@type":"Article","@id":"https:\/\/vosgesinfo.fr\/saintdieinfo\/2022\/07\/incendies-7-sapeurs-pompiers-vosgiens-renfort-bretagne\/#article","isPartOf":{"@id":"https:\/\/vosgesinfo.fr\/saintdieinfo\/2022\/07\/incendies-7-sapeurs-pompiers-vosgiens-renfort-bretagne\/"},"author":{"name":"la r\u00e9daction","@id":"https:\/\/vosgesinfo.fr\/saintdieinfo\/#\/schema\/person\/faee6704a21f3977511db84bd1cd450f"},"headline":"Incendies\u00a0: 7 sapeurs-pompiers vosgiens en renfort en Bretagne","datePublished":"2022-07-20T09:03:25+00:00","dateModified":"2022-07-20T09:03:25+00:00","mainEntityOfPage":{"@id":"https:\/\/vosgesinfo.fr\/saintdieinfo\/2022\/07\/incendies-7-sapeurs-pompiers-vosgiens-renfort-bretagne\/"},"wordCount":93,"commentCount":0,"publisher":{"@id":"https:\/\/vosgesinfo.fr\/saintdieinfo\/#organization"},"image":{"@id":"https:\/\/vosgesinfo.fr\/saintdieinfo\/2022\/07\/incendies-7-sapeurs-pompiers-vosgiens-renfort-bretagne\/#primaryimage"},"thumbnailUrl":"https:\/\/vosgesinfo.fr\/app\/uploads\/sites\/4\/2024\/08\/202207renforts-sp-vosgiens-bretagne-1.jpg","keywords":["Finist\u00e8re","Incendie des Monts d'Arr\u00e9e","sapeurs-pompiers des Vosges","SDIS29","Sdis88"],"articleSection":["A la Une","Vosges"],"inLanguage":"fr-FR","potentialAction":[{"@type":"CommentAction","name":"Comment","target":["https:\/\/vosgesinfo.fr\/saintdieinfo\/2022\/07\/incendies-7-sapeurs-pompiers-vosgiens-renfort-bretagne\/#respond"]}]},{"@type":"WebPage","@id":"https:\/\/vosgesinfo.fr\/saintdieinfo\/2022\/07\/incendies-7-sapeurs-pompiers-vosgiens-renfort-bretagne\/","url":"https:\/\/vosgesinfo.fr\/saintdieinfo\/2022\/07\/incendies-7-sapeurs-pompiers-vosgiens-renfort-bretagne\/","name":"Incendies\u00a0: 7 sapeurs-pompiers vosgiens en renfort en Bretagne - Saint Die Info","isPartOf":{"@id":"https:\/\/vosgesinfo.fr\/saintdieinfo\/#website"},"primaryImageOfPage":{"@id":"https:\/\/vosgesinfo.fr\/saintdieinfo\/2022\/07\/incendies-7-sapeurs-pompiers-vosgiens-renfort-bretagne\/#primaryimage"},"image":{"@id":"https:\/\/vosgesinfo.fr\/saintdieinfo\/2022\/07\/incendies-7-sapeurs-pompiers-vosgiens-renfort-bretagne\/#primaryimage"},"thumbnailUrl":"https:\/\/vosgesinfo.fr\/app\/uploads\/sites\/4\/2024\/08\/202207renforts-sp-vosgiens-bretagne-1.jpg","datePublished":"2022-07-20T09:03:25+00:00","dateModified":"2022-07-20T09:03:25+00:00","breadcrumb":{"@id":"https:\/\/vosgesinfo.fr\/saintdieinfo\/2022\/07\/incendies-7-sapeurs-pompiers-vosgiens-renfort-bretagne\/#breadcrumb"},"inLanguage":"fr-FR","potentialAction":[{"@type":"ReadAction","target":["https:\/\/vosgesinfo.fr\/saintdieinfo\/2022\/07\/incendies-7-sapeurs-pompiers-vosgiens-renfort-bretagne\/"]}]},{"@type":"ImageObject","inLanguage":"fr-FR","@id":"https:\/\/vosgesinfo.fr\/saintdieinfo\/2022\/07\/incendies-7-sapeurs-pompiers-vosgiens-renfort-bretagne\/#primaryimage","url":"https:\/\/vosgesinfo.fr\/app\/uploads\/sites\/4\/2024\/08\/202207renforts-sp-vosgiens-bretagne-1.jpg","contentUrl":"https:\/\/vosgesinfo.fr\/app\/uploads\/sites\/4\/2024\/08\/202207renforts-sp-vosgiens-bretagne-1.jpg","width":960,"height":720},{"@type":"BreadcrumbList","@id":"https:\/\/vosgesinfo.fr\/saintdieinfo\/2022\/07\/incendies-7-sapeurs-pompiers-vosgiens-renfort-bretagne\/#breadcrumb","itemListElement":[{"@type":"ListItem","position":1,"name":"Home","item":"https:\/\/vosgesinfo.fr\/saintdieinfo\/"},{"@type":"ListItem","position":2,"name":"Incendies\u00a0: 7 sapeurs-pompiers vosgiens en renfort en Bretagne"}]},{"@type":"WebSite","@id":"https:\/\/vosgesinfo.fr\/saintdieinfo\/#website","url":"https:\/\/vosgesinfo.fr\/saintdieinfo\/","name":"Saint Die Info","description":"Toute l&#039;actualit\u00e9 de Saint-Di\u00e9-Des-Vosges","publisher":{"@id":"https:\/\/vosgesinfo.fr\/saintdieinfo\/#organization"},"alternateName":"Toute l'actualit\u00e9 de Saint-Di\u00e9-Des-Vosges","potentialAction":[{"@type":"SearchAction","target":{"@type":"EntryPoint","urlTemplate":"https:\/\/vosgesinfo.fr\/saintdieinfo\/?s={search_term_string}"},"query-input":"required name=search_term_string"}],"inLanguage":"fr-FR"},{"@type":"Organization","@id":"https:\/\/vosgesinfo.fr\/saintdieinfo\/#organization","name":"Saint Die Info","url":"https:\/\/vosgesinfo.fr\/saintdieinfo\/","logo":{"@type":"ImageObject","inLanguage":"fr-FR","@id":"https:\/\/vosgesinfo.fr\/saintdieinfo\/#\/schema\/logo\/image\/","url":"https:\/\/vosgesinfo.fr\/app\/uploads\/sites\/4\/2024\/02\/logo-sdi.jpg","contentUrl":"https:\/\/vosgesinfo.fr\/app\/uploads\/sites\/4\/2024\/02\/logo-sdi.jpg","width":600,"height":600,"caption":"Saint Die Info"},"image":{"@id":"https:\/\/vosgesinfo.fr\/saintdieinfo\/#\/schema\/logo\/image\/"},"sameAs":["https:\/\/www.facebook.com\/Saintdieinfofr","https:\/\/x.com\/VosgesInfo88","https:\/\/www.youtube.com\/@vosgesinfo"]},{"@type":"Person","@id":"https:\/\/vosgesinfo.fr\/saintdieinfo\/#\/schema\/person\/faee6704a21f3977511db84bd1cd450f","name":"la r\u00e9daction","image":{"@type":"ImageObject","inLanguage":"fr-FR","@id":"https:\/\/vosgesinfo.fr\/saintdieinfo\/#\/schema\/person\/image\/","url":"https:\/\/secure.gravatar.com\/avatar\/6673d8bc6a9c17fa9a453eaa3448de834fa308c2ec9635b7aa99441a7c8d2cf6?s=96&d=mm&r=g","contentUrl":"https:\/\/secure.gravatar.com\/avatar\/6673d8bc6a9c17fa9a453eaa3448de834fa308c2ec9635b7aa99441a7c8d2cf6?s=96&d=mm&r=g","caption":"la r\u00e9daction"},"url":"https:\/\/vosgesinfo.fr\/saintdieinfo\/author\/redac\/"}]}},"_links":{"self":[{"href":"https:\/\/vosgesinfo.fr\/saintdieinfo\/wp-json\/wp\/v2\/posts\/55895","targetHints":{"allow":["GET"]}}],"collection":[{"href":"https:\/\/vosgesinfo.fr\/saintdieinfo\/wp-json\/wp\/v2\/posts"}],"about":[{"href":"https:\/\/vosgesinfo.fr\/saintdieinfo\/wp-json\/wp\/v2\/types\/post"}],"author":[{"embeddable":true,"href":"https:\/\/vosgesinfo.fr\/saintdieinfo\/wp-json\/wp\/v2\/users\/44"}],"replies":[{"embeddable":true,"href":"https:\/\/vosgesinfo.fr\/saintdieinfo\/wp-json\/wp\/v2\/comments?post=55895"}],"version-history":[{"count":0,"href":"https:\/\/vosgesinfo.fr\/saintdieinfo\/wp-json\/wp\/v2\/posts\/55895\/revisions"}],"wp:featuredmedia":[{"embeddable":true,"href":"https:\/\/vosgesinfo.fr\/saintdieinfo\/wp-json\/wp\/v2\/media\/55896"}],"wp:attachment":[{"href":"https:\/\/vosgesinfo.fr\/saintdieinfo\/wp-json\/wp\/v2\/media?parent=55895"}],"wp:term":[{"taxonomy":"category","embeddable":true,"href":"https:\/\/vosgesinfo.fr\/saintdieinfo\/wp-json\/wp\/v2\/categories?post=55895"},{"taxonomy":"post_tag","embeddable":true,"href":"https:\/\/vosgesinfo.fr\/saintdieinfo\/wp-json\/wp\/v2\/tags?post=55895"}],"curies":[{"name":"wp","href":"https:\/\/api.w.org\/{rel}","templated":true}]}}