{"id":55992,"date":"2022-07-23T20:29:06","date_gmt":"2022-07-23T18:29:06","guid":{"rendered":"https:\/\/vosgesinfo.fr\/saintdieinfo\/2022\/07\/rouges-eaux-plus-de-60-sapeurs-pompiers-mobilises-venir-a-bout-dun-feu-de-foret\/"},"modified":"2022-07-23T20:29:06","modified_gmt":"2022-07-23T18:29:06","slug":"rouges-eaux-plus-de-60-sapeurs-pompiers-mobilises-venir-a-bout-dun-feu-de-foret","status":"publish","type":"post","link":"https:\/\/vosgesinfo.fr\/saintdieinfo\/2022\/07\/rouges-eaux-plus-de-60-sapeurs-pompiers-mobilises-venir-a-bout-dun-feu-de-foret\/","title":{"rendered":"Les Rouges-Eaux \u2013 Plus de 60 sapeurs-pompiers mobilis\u00e9s pour venir \u00e0 bout d&rsquo;un feu de for\u00eat"},"content":{"rendered":"<div id=\"attachment_187440\" style=\"width: 781px\" class=\"wp-caption aligncenter\"><a href=\"\/2022\/07\/Les_Rouges_Eaux-Feu_de_For\u00eat-3.jpg\" target=\"_blank\" rel=\"noopener\"><img decoding=\"async\" aria-describedby=\"caption-attachment-187440\" class=\"wp-image-187440 size-large\" src=\"\/2022\/07\/Les_Rouges_Eaux-Feu_de_For\u00eat-3-771x1024.jpg\" alt=\"Les_Rouges_Eaux-Feu_de_For\u00eat (3)\" width=\"771\" height=\"1024\" \/><\/a><p id=\"caption-attachment-187440\" class=\"wp-caption-text\">(Photographies SDIS88)<\/p><\/div>\n<h2><strong><span style=\"font-family: Calibri, sans-serif; font-size: 14pt;\">Il \u00e9tait environ 17h20 lorsqu&rsquo;un feu de broussailles s&rsquo;est d\u00e9clench\u00e9 aux Rouges-Eaux, au lieu-dit \u00ab\u00a0A Geru\u00a0\u00bb. 13 sapeurs-pompiers sont intervenus sur l&rsquo;incendie, avant que les flammes ne se propagent \u00e0 la for\u00eat attenante. Ce sont plus de 60 soldats du feu et 17 v\u00e9hicules qui ont \u00e9t\u00e9 mobilis\u00e9s pour venir \u00e0 bout de l&rsquo;incendie, qui a \u00e9t\u00e9 circonscrit sur les coups de 19h. Au total, 2 hectares de for\u00eat ont \u00e9t\u00e9 br\u00fbl\u00e9s.<\/span><\/strong><\/h2>\n<p>J.J.<\/p>\n\n","protected":false},"excerpt":{"rendered":"<p>Il \u00e9tait environ 17h20 lorsqu&rsquo;un feu de broussailles s&rsquo;est d\u00e9clench\u00e9 aux Rouges-Eaux, au lieu-dit \u00ab\u00a0A Geru\u00a0\u00bb. 13 sapeurs-pompiers sont intervenus [&hellip;]<\/p>\n","protected":false},"author":44,"featured_media":55993,"comment_status":"open","ping_status":"open","sticky":false,"template":"","format":"standard","meta":{"footnotes":""},"categories":[460,2924,2915],"tags":[10795,1608,3012,1017,1553],"class_list":["post-55992","post","type-post","status-publish","format-standard","has-post-thumbnail","hentry","category-a-la-une","category-fait-divers","category-saint-die-son-canton","tag-feu-de-broussailles","tag-feu-de-foret","tag-les-rouges-eaux","tag-sapeurs-pompiers-des-vosges","tag-sdis88"],"acf":[],"yoast_head":"<!-- This site is optimized with the Yoast SEO plugin v22.5 - https:\/\/yoast.com\/wordpress\/plugins\/seo\/ -->\n<title>Les Rouges-Eaux \u2013 Plus de 60 sapeurs-pompiers mobilis\u00e9s pour venir \u00e0 bout d&#039;un feu de for\u00eat - Saint Die Info<\/title>\n<meta name=\"robots\" content=\"index, follow, max-snippet:-1, max-image-preview:large, max-video-preview:-1\" \/>\n<link rel=\"canonical\" href=\"https:\/\/vosgesinfo.fr\/saintdieinfo\/2022\/07\/rouges-eaux-plus-de-60-sapeurs-pompiers-mobilises-venir-a-bout-dun-feu-de-foret\/\" \/>\n<meta name=\"twitter:card\" content=\"summary_large_image\" \/>\n<meta name=\"twitter:title\" content=\"Les Rouges-Eaux \u2013 Plus de 60 sapeurs-pompiers mobilis\u00e9s pour venir \u00e0 bout d&#039;un feu de for\u00eat - Saint Die Info\" \/>\n<meta name=\"twitter:description\" content=\"Il \u00e9tait environ 17h20 lorsqu&rsquo;un feu de broussailles s&rsquo;est d\u00e9clench\u00e9 aux Rouges-Eaux, au lieu-dit \u00ab\u00a0A Geru\u00a0\u00bb. 13 sapeurs-pompiers sont intervenus [&hellip;]\" \/>\n<meta name=\"twitter:image\" content=\"https:\/\/vosgesinfo.fr\/app\/uploads\/sites\/4\/2024\/08\/202207les-rouges-eaux-feu-de-foret-3.jpg\" \/>\n<meta name=\"twitter:creator\" content=\"@VosgesInfo88\" \/>\n<meta name=\"twitter:site\" content=\"@VosgesInfo88\" \/>\n<meta name=\"twitter:label1\" content=\"\u00c9crit par\" \/>\n\t<meta name=\"twitter:data1\" content=\"la r\u00e9daction\" \/>\n<script type=\"application\/ld+json\" class=\"yoast-schema-graph\">{\"@context\":\"https:\/\/schema.org\",\"@graph\":[{\"@type\":\"Article\",\"@id\":\"https:\/\/vosgesinfo.fr\/saintdieinfo\/2022\/07\/rouges-eaux-plus-de-60-sapeurs-pompiers-mobilises-venir-a-bout-dun-feu-de-foret\/#article\",\"isPartOf\":{\"@id\":\"https:\/\/vosgesinfo.fr\/saintdieinfo\/2022\/07\/rouges-eaux-plus-de-60-sapeurs-pompiers-mobilises-venir-a-bout-dun-feu-de-foret\/\"},\"author\":{\"name\":\"la r\u00e9daction\",\"@id\":\"https:\/\/vosgesinfo.fr\/saintdieinfo\/#\/schema\/person\/faee6704a21f3977511db84bd1cd450f\"},\"headline\":\"Les Rouges-Eaux \u2013 Plus de 60 sapeurs-pompiers mobilis\u00e9s pour venir \u00e0 bout d&rsquo;un feu de for\u00eat\",\"datePublished\":\"2022-07-23T18:29:06+00:00\",\"dateModified\":\"2022-07-23T18:29:06+00:00\",\"mainEntityOfPage\":{\"@id\":\"https:\/\/vosgesinfo.fr\/saintdieinfo\/2022\/07\/rouges-eaux-plus-de-60-sapeurs-pompiers-mobilises-venir-a-bout-dun-feu-de-foret\/\"},\"wordCount\":110,\"commentCount\":0,\"publisher\":{\"@id\":\"https:\/\/vosgesinfo.fr\/saintdieinfo\/#organization\"},\"image\":{\"@id\":\"https:\/\/vosgesinfo.fr\/saintdieinfo\/2022\/07\/rouges-eaux-plus-de-60-sapeurs-pompiers-mobilises-venir-a-bout-dun-feu-de-foret\/#primaryimage\"},\"thumbnailUrl\":\"https:\/\/vosgesinfo.fr\/app\/uploads\/sites\/4\/2024\/08\/202207les-rouges-eaux-feu-de-foret-3.jpg\",\"keywords\":[\"Feu de broussailles\",\"feu de for\u00eat\",\"Les Rouges-Eaux\",\"sapeurs-pompiers des Vosges\",\"Sdis88\"],\"articleSection\":[\"A la Une\",\"Fait Divers\",\"Saint-Di\u00e9-des-Vosges et son Agglom\u00e9ration\"],\"inLanguage\":\"fr-FR\",\"potentialAction\":[{\"@type\":\"CommentAction\",\"name\":\"Comment\",\"target\":[\"https:\/\/vosgesinfo.fr\/saintdieinfo\/2022\/07\/rouges-eaux-plus-de-60-sapeurs-pompiers-mobilises-venir-a-bout-dun-feu-de-foret\/#respond\"]}]},{\"@type\":\"WebPage\",\"@id\":\"https:\/\/vosgesinfo.fr\/saintdieinfo\/2022\/07\/rouges-eaux-plus-de-60-sapeurs-pompiers-mobilises-venir-a-bout-dun-feu-de-foret\/\",\"url\":\"https:\/\/vosgesinfo.fr\/saintdieinfo\/2022\/07\/rouges-eaux-plus-de-60-sapeurs-pompiers-mobilises-venir-a-bout-dun-feu-de-foret\/\",\"name\":\"Les Rouges-Eaux \u2013 Plus de 60 sapeurs-pompiers mobilis\u00e9s pour venir \u00e0 bout d'un feu de for\u00eat - Saint Die Info\",\"isPartOf\":{\"@id\":\"https:\/\/vosgesinfo.fr\/saintdieinfo\/#website\"},\"primaryImageOfPage\":{\"@id\":\"https:\/\/vosgesinfo.fr\/saintdieinfo\/2022\/07\/rouges-eaux-plus-de-60-sapeurs-pompiers-mobilises-venir-a-bout-dun-feu-de-foret\/#primaryimage\"},\"image\":{\"@id\":\"https:\/\/vosgesinfo.fr\/saintdieinfo\/2022\/07\/rouges-eaux-plus-de-60-sapeurs-pompiers-mobilises-venir-a-bout-dun-feu-de-foret\/#primaryimage\"},\"thumbnailUrl\":\"https:\/\/vosgesinfo.fr\/app\/uploads\/sites\/4\/2024\/08\/202207les-rouges-eaux-feu-de-foret-3.jpg\",\"datePublished\":\"2022-07-23T18:29:06+00:00\",\"dateModified\":\"2022-07-23T18:29:06+00:00\",\"breadcrumb\":{\"@id\":\"https:\/\/vosgesinfo.fr\/saintdieinfo\/2022\/07\/rouges-eaux-plus-de-60-sapeurs-pompiers-mobilises-venir-a-bout-dun-feu-de-foret\/#breadcrumb\"},\"inLanguage\":\"fr-FR\",\"potentialAction\":[{\"@type\":\"ReadAction\",\"target\":[\"https:\/\/vosgesinfo.fr\/saintdieinfo\/2022\/07\/rouges-eaux-plus-de-60-sapeurs-pompiers-mobilises-venir-a-bout-dun-feu-de-foret\/\"]}]},{\"@type\":\"ImageObject\",\"inLanguage\":\"fr-FR\",\"@id\":\"https:\/\/vosgesinfo.fr\/saintdieinfo\/2022\/07\/rouges-eaux-plus-de-60-sapeurs-pompiers-mobilises-venir-a-bout-dun-feu-de-foret\/#primaryimage\",\"url\":\"https:\/\/vosgesinfo.fr\/app\/uploads\/sites\/4\/2024\/08\/202207les-rouges-eaux-feu-de-foret-3.jpg\",\"contentUrl\":\"https:\/\/vosgesinfo.fr\/app\/uploads\/sites\/4\/2024\/08\/202207les-rouges-eaux-feu-de-foret-3.jpg\",\"width\":1204,\"height\":1600},{\"@type\":\"BreadcrumbList\",\"@id\":\"https:\/\/vosgesinfo.fr\/saintdieinfo\/2022\/07\/rouges-eaux-plus-de-60-sapeurs-pompiers-mobilises-venir-a-bout-dun-feu-de-foret\/#breadcrumb\",\"itemListElement\":[{\"@type\":\"ListItem\",\"position\":1,\"name\":\"Home\",\"item\":\"https:\/\/vosgesinfo.fr\/saintdieinfo\/\"},{\"@type\":\"ListItem\",\"position\":2,\"name\":\"Les Rouges-Eaux \u2013 Plus de 60 sapeurs-pompiers mobilis\u00e9s pour venir \u00e0 bout d&rsquo;un feu de for\u00eat\"}]},{\"@type\":\"WebSite\",\"@id\":\"https:\/\/vosgesinfo.fr\/saintdieinfo\/#website\",\"url\":\"https:\/\/vosgesinfo.fr\/saintdieinfo\/\",\"name\":\"Saint Die Info\",\"description\":\"Toute l&#039;actualit\u00e9 de Saint-Di\u00e9-Des-Vosges\",\"publisher\":{\"@id\":\"https:\/\/vosgesinfo.fr\/saintdieinfo\/#organization\"},\"alternateName\":\"Toute l'actualit\u00e9 de Saint-Di\u00e9-Des-Vosges\",\"potentialAction\":[{\"@type\":\"SearchAction\",\"target\":{\"@type\":\"EntryPoint\",\"urlTemplate\":\"https:\/\/vosgesinfo.fr\/saintdieinfo\/?s={search_term_string}\"},\"query-input\":\"required name=search_term_string\"}],\"inLanguage\":\"fr-FR\"},{\"@type\":\"Organization\",\"@id\":\"https:\/\/vosgesinfo.fr\/saintdieinfo\/#organization\",\"name\":\"Saint Die Info\",\"url\":\"https:\/\/vosgesinfo.fr\/saintdieinfo\/\",\"logo\":{\"@type\":\"ImageObject\",\"inLanguage\":\"fr-FR\",\"@id\":\"https:\/\/vosgesinfo.fr\/saintdieinfo\/#\/schema\/logo\/image\/\",\"url\":\"https:\/\/vosgesinfo.fr\/app\/uploads\/sites\/4\/2024\/02\/logo-sdi.jpg\",\"contentUrl\":\"https:\/\/vosgesinfo.fr\/app\/uploads\/sites\/4\/2024\/02\/logo-sdi.jpg\",\"width\":600,\"height\":600,\"caption\":\"Saint Die Info\"},\"image\":{\"@id\":\"https:\/\/vosgesinfo.fr\/saintdieinfo\/#\/schema\/logo\/image\/\"},\"sameAs\":[\"https:\/\/www.facebook.com\/Saintdieinfofr\",\"https:\/\/x.com\/VosgesInfo88\",\"https:\/\/www.youtube.com\/@vosgesinfo\"]},{\"@type\":\"Person\",\"@id\":\"https:\/\/vosgesinfo.fr\/saintdieinfo\/#\/schema\/person\/faee6704a21f3977511db84bd1cd450f\",\"name\":\"la r\u00e9daction\",\"image\":{\"@type\":\"ImageObject\",\"inLanguage\":\"fr-FR\",\"@id\":\"https:\/\/vosgesinfo.fr\/saintdieinfo\/#\/schema\/person\/image\/\",\"url\":\"https:\/\/secure.gravatar.com\/avatar\/6673d8bc6a9c17fa9a453eaa3448de834fa308c2ec9635b7aa99441a7c8d2cf6?s=96&d=mm&r=g\",\"contentUrl\":\"https:\/\/secure.gravatar.com\/avatar\/6673d8bc6a9c17fa9a453eaa3448de834fa308c2ec9635b7aa99441a7c8d2cf6?s=96&d=mm&r=g\",\"caption\":\"la r\u00e9daction\"},\"url\":\"https:\/\/vosgesinfo.fr\/saintdieinfo\/author\/redac\/\"}]}<\/script>\n<!-- \/ Yoast SEO plugin. -->","yoast_head_json":{"title":"Les Rouges-Eaux \u2013 Plus de 60 sapeurs-pompiers mobilis\u00e9s pour venir \u00e0 bout d'un feu de for\u00eat - Saint Die Info","robots":{"index":"index","follow":"follow","max-snippet":"max-snippet:-1","max-image-preview":"max-image-preview:large","max-video-preview":"max-video-preview:-1"},"canonical":"https:\/\/vosgesinfo.fr\/saintdieinfo\/2022\/07\/rouges-eaux-plus-de-60-sapeurs-pompiers-mobilises-venir-a-bout-dun-feu-de-foret\/","twitter_card":"summary_large_image","twitter_title":"Les Rouges-Eaux \u2013 Plus de 60 sapeurs-pompiers mobilis\u00e9s pour venir \u00e0 bout d'un feu de for\u00eat - Saint Die Info","twitter_description":"Il \u00e9tait environ 17h20 lorsqu&rsquo;un feu de broussailles s&rsquo;est d\u00e9clench\u00e9 aux Rouges-Eaux, au lieu-dit \u00ab\u00a0A Geru\u00a0\u00bb. 13 sapeurs-pompiers sont intervenus [&hellip;]","twitter_image":"https:\/\/vosgesinfo.fr\/app\/uploads\/sites\/4\/2024\/08\/202207les-rouges-eaux-feu-de-foret-3.jpg","twitter_creator":"@VosgesInfo88","twitter_site":"@VosgesInfo88","twitter_misc":{"\u00c9crit par":"la r\u00e9daction"},"schema":{"@context":"https:\/\/schema.org","@graph":[{"@type":"Article","@id":"https:\/\/vosgesinfo.fr\/saintdieinfo\/2022\/07\/rouges-eaux-plus-de-60-sapeurs-pompiers-mobilises-venir-a-bout-dun-feu-de-foret\/#article","isPartOf":{"@id":"https:\/\/vosgesinfo.fr\/saintdieinfo\/2022\/07\/rouges-eaux-plus-de-60-sapeurs-pompiers-mobilises-venir-a-bout-dun-feu-de-foret\/"},"author":{"name":"la r\u00e9daction","@id":"https:\/\/vosgesinfo.fr\/saintdieinfo\/#\/schema\/person\/faee6704a21f3977511db84bd1cd450f"},"headline":"Les Rouges-Eaux \u2013 Plus de 60 sapeurs-pompiers mobilis\u00e9s pour venir \u00e0 bout d&rsquo;un feu de for\u00eat","datePublished":"2022-07-23T18:29:06+00:00","dateModified":"2022-07-23T18:29:06+00:00","mainEntityOfPage":{"@id":"https:\/\/vosgesinfo.fr\/saintdieinfo\/2022\/07\/rouges-eaux-plus-de-60-sapeurs-pompiers-mobilises-venir-a-bout-dun-feu-de-foret\/"},"wordCount":110,"commentCount":0,"publisher":{"@id":"https:\/\/vosgesinfo.fr\/saintdieinfo\/#organization"},"image":{"@id":"https:\/\/vosgesinfo.fr\/saintdieinfo\/2022\/07\/rouges-eaux-plus-de-60-sapeurs-pompiers-mobilises-venir-a-bout-dun-feu-de-foret\/#primaryimage"},"thumbnailUrl":"https:\/\/vosgesinfo.fr\/app\/uploads\/sites\/4\/2024\/08\/202207les-rouges-eaux-feu-de-foret-3.jpg","keywords":["Feu de broussailles","feu de for\u00eat","Les Rouges-Eaux","sapeurs-pompiers des Vosges","Sdis88"],"articleSection":["A la Une","Fait Divers","Saint-Di\u00e9-des-Vosges et son Agglom\u00e9ration"],"inLanguage":"fr-FR","potentialAction":[{"@type":"CommentAction","name":"Comment","target":["https:\/\/vosgesinfo.fr\/saintdieinfo\/2022\/07\/rouges-eaux-plus-de-60-sapeurs-pompiers-mobilises-venir-a-bout-dun-feu-de-foret\/#respond"]}]},{"@type":"WebPage","@id":"https:\/\/vosgesinfo.fr\/saintdieinfo\/2022\/07\/rouges-eaux-plus-de-60-sapeurs-pompiers-mobilises-venir-a-bout-dun-feu-de-foret\/","url":"https:\/\/vosgesinfo.fr\/saintdieinfo\/2022\/07\/rouges-eaux-plus-de-60-sapeurs-pompiers-mobilises-venir-a-bout-dun-feu-de-foret\/","name":"Les Rouges-Eaux \u2013 Plus de 60 sapeurs-pompiers mobilis\u00e9s pour venir \u00e0 bout d'un feu de for\u00eat - Saint Die Info","isPartOf":{"@id":"https:\/\/vosgesinfo.fr\/saintdieinfo\/#website"},"primaryImageOfPage":{"@id":"https:\/\/vosgesinfo.fr\/saintdieinfo\/2022\/07\/rouges-eaux-plus-de-60-sapeurs-pompiers-mobilises-venir-a-bout-dun-feu-de-foret\/#primaryimage"},"image":{"@id":"https:\/\/vosgesinfo.fr\/saintdieinfo\/2022\/07\/rouges-eaux-plus-de-60-sapeurs-pompiers-mobilises-venir-a-bout-dun-feu-de-foret\/#primaryimage"},"thumbnailUrl":"https:\/\/vosgesinfo.fr\/app\/uploads\/sites\/4\/2024\/08\/202207les-rouges-eaux-feu-de-foret-3.jpg","datePublished":"2022-07-23T18:29:06+00:00","dateModified":"2022-07-23T18:29:06+00:00","breadcrumb":{"@id":"https:\/\/vosgesinfo.fr\/saintdieinfo\/2022\/07\/rouges-eaux-plus-de-60-sapeurs-pompiers-mobilises-venir-a-bout-dun-feu-de-foret\/#breadcrumb"},"inLanguage":"fr-FR","potentialAction":[{"@type":"ReadAction","target":["https:\/\/vosgesinfo.fr\/saintdieinfo\/2022\/07\/rouges-eaux-plus-de-60-sapeurs-pompiers-mobilises-venir-a-bout-dun-feu-de-foret\/"]}]},{"@type":"ImageObject","inLanguage":"fr-FR","@id":"https:\/\/vosgesinfo.fr\/saintdieinfo\/2022\/07\/rouges-eaux-plus-de-60-sapeurs-pompiers-mobilises-venir-a-bout-dun-feu-de-foret\/#primaryimage","url":"https:\/\/vosgesinfo.fr\/app\/uploads\/sites\/4\/2024\/08\/202207les-rouges-eaux-feu-de-foret-3.jpg","contentUrl":"https:\/\/vosgesinfo.fr\/app\/uploads\/sites\/4\/2024\/08\/202207les-rouges-eaux-feu-de-foret-3.jpg","width":1204,"height":1600},{"@type":"BreadcrumbList","@id":"https:\/\/vosgesinfo.fr\/saintdieinfo\/2022\/07\/rouges-eaux-plus-de-60-sapeurs-pompiers-mobilises-venir-a-bout-dun-feu-de-foret\/#breadcrumb","itemListElement":[{"@type":"ListItem","position":1,"name":"Home","item":"https:\/\/vosgesinfo.fr\/saintdieinfo\/"},{"@type":"ListItem","position":2,"name":"Les Rouges-Eaux \u2013 Plus de 60 sapeurs-pompiers mobilis\u00e9s pour venir \u00e0 bout d&rsquo;un feu de for\u00eat"}]},{"@type":"WebSite","@id":"https:\/\/vosgesinfo.fr\/saintdieinfo\/#website","url":"https:\/\/vosgesinfo.fr\/saintdieinfo\/","name":"Saint Die Info","description":"Toute l&#039;actualit\u00e9 de Saint-Di\u00e9-Des-Vosges","publisher":{"@id":"https:\/\/vosgesinfo.fr\/saintdieinfo\/#organization"},"alternateName":"Toute l'actualit\u00e9 de Saint-Di\u00e9-Des-Vosges","potentialAction":[{"@type":"SearchAction","target":{"@type":"EntryPoint","urlTemplate":"https:\/\/vosgesinfo.fr\/saintdieinfo\/?s={search_term_string}"},"query-input":"required name=search_term_string"}],"inLanguage":"fr-FR"},{"@type":"Organization","@id":"https:\/\/vosgesinfo.fr\/saintdieinfo\/#organization","name":"Saint Die Info","url":"https:\/\/vosgesinfo.fr\/saintdieinfo\/","logo":{"@type":"ImageObject","inLanguage":"fr-FR","@id":"https:\/\/vosgesinfo.fr\/saintdieinfo\/#\/schema\/logo\/image\/","url":"https:\/\/vosgesinfo.fr\/app\/uploads\/sites\/4\/2024\/02\/logo-sdi.jpg","contentUrl":"https:\/\/vosgesinfo.fr\/app\/uploads\/sites\/4\/2024\/02\/logo-sdi.jpg","width":600,"height":600,"caption":"Saint Die Info"},"image":{"@id":"https:\/\/vosgesinfo.fr\/saintdieinfo\/#\/schema\/logo\/image\/"},"sameAs":["https:\/\/www.facebook.com\/Saintdieinfofr","https:\/\/x.com\/VosgesInfo88","https:\/\/www.youtube.com\/@vosgesinfo"]},{"@type":"Person","@id":"https:\/\/vosgesinfo.fr\/saintdieinfo\/#\/schema\/person\/faee6704a21f3977511db84bd1cd450f","name":"la r\u00e9daction","image":{"@type":"ImageObject","inLanguage":"fr-FR","@id":"https:\/\/vosgesinfo.fr\/saintdieinfo\/#\/schema\/person\/image\/","url":"https:\/\/secure.gravatar.com\/avatar\/6673d8bc6a9c17fa9a453eaa3448de834fa308c2ec9635b7aa99441a7c8d2cf6?s=96&d=mm&r=g","contentUrl":"https:\/\/secure.gravatar.com\/avatar\/6673d8bc6a9c17fa9a453eaa3448de834fa308c2ec9635b7aa99441a7c8d2cf6?s=96&d=mm&r=g","caption":"la r\u00e9daction"},"url":"https:\/\/vosgesinfo.fr\/saintdieinfo\/author\/redac\/"}]}},"_links":{"self":[{"href":"https:\/\/vosgesinfo.fr\/saintdieinfo\/wp-json\/wp\/v2\/posts\/55992","targetHints":{"allow":["GET"]}}],"collection":[{"href":"https:\/\/vosgesinfo.fr\/saintdieinfo\/wp-json\/wp\/v2\/posts"}],"about":[{"href":"https:\/\/vosgesinfo.fr\/saintdieinfo\/wp-json\/wp\/v2\/types\/post"}],"author":[{"embeddable":true,"href":"https:\/\/vosgesinfo.fr\/saintdieinfo\/wp-json\/wp\/v2\/users\/44"}],"replies":[{"embeddable":true,"href":"https:\/\/vosgesinfo.fr\/saintdieinfo\/wp-json\/wp\/v2\/comments?post=55992"}],"version-history":[{"count":0,"href":"https:\/\/vosgesinfo.fr\/saintdieinfo\/wp-json\/wp\/v2\/posts\/55992\/revisions"}],"wp:featuredmedia":[{"embeddable":true,"href":"https:\/\/vosgesinfo.fr\/saintdieinfo\/wp-json\/wp\/v2\/media\/55993"}],"wp:attachment":[{"href":"https:\/\/vosgesinfo.fr\/saintdieinfo\/wp-json\/wp\/v2\/media?parent=55992"}],"wp:term":[{"taxonomy":"category","embeddable":true,"href":"https:\/\/vosgesinfo.fr\/saintdieinfo\/wp-json\/wp\/v2\/categories?post=55992"},{"taxonomy":"post_tag","embeddable":true,"href":"https:\/\/vosgesinfo.fr\/saintdieinfo\/wp-json\/wp\/v2\/tags?post=55992"}],"curies":[{"name":"wp","href":"https:\/\/api.w.org\/{rel}","templated":true}]}}