{"id":56197,"date":"2022-07-28T18:32:04","date_gmt":"2022-07-28T16:32:04","guid":{"rendered":"https:\/\/vosgesinfo.fr\/saintdieinfo\/2022\/07\/visite-a-saint-die-vosges-elisabeth-borne-evoque-lavenir-programme-action-coeur-de-ville\/"},"modified":"2022-07-28T18:32:04","modified_gmt":"2022-07-28T16:32:04","slug":"visite-a-saint-die-vosges-elisabeth-borne-evoque-lavenir-programme-action-coeur-de-ville","status":"publish","type":"post","link":"https:\/\/vosgesinfo.fr\/saintdieinfo\/2022\/07\/visite-a-saint-die-vosges-elisabeth-borne-evoque-lavenir-programme-action-coeur-de-ville\/","title":{"rendered":"En visite \u00e0 Saint-Di\u00e9-des-Vosges, Elisabeth Borne \u00e9voque l&rsquo;avenir du programme Action Coeur de Ville"},"content":{"rendered":"<p><a href=\"\/2022\/07\/Elisabeth_Borne_Action_Coeur_de_Ville-21.jpg\" target=\"_blank\" rel=\"noopener\"><img decoding=\"async\" class=\"aligncenter wp-image-187735 size-large\" src=\"\/2022\/07\/Elisabeth_Borne_Action_Coeur_de_Ville-21-1024x771.jpg\" alt=\"Elisabeth_Borne_Action_Coeur_de_Ville (21)\" width=\"960\" height=\"723\" \/><\/a><\/p>\n<h2><strong><span style=\"font-size: 14pt;\">La premi\u00e8re ministre Elisabeth Borne \u00e9tait de passage \u00e0 Saint-Di\u00e9-des-Vosges ce jeudi apr\u00e8s-midi, 3 ans apr\u00e8s sa pr\u00e9c\u00e9dente venue. C&rsquo;\u00e9tait le 1er juillet 2019, pour signer la convention actant la r\u00e9ouverture de la ligne ferroviaire Epinal \u2013 Saint-Di\u00e9-des-Vosges, alors qu&rsquo;elle occupait la fonction de ministre des Transports.<\/span><\/strong><\/h2>\n<p><!--more--><\/p>\n<p>Accueillie sur place par le maire Bruno Toussaint, la premi\u00e8re ministre est all\u00e9e \u00e0 la rencontre des commer\u00e7ants d&rsquo;une partie de la rue Stanislas et de la rue Thiers, s&rsquo;est rendue dans les locaux de la maison du programme Action Coeur de Ville, puis a visit\u00e9 le chantier de la future Boussole. L&rsquo;objet de sa visite \u00e9tant pr\u00e9cis\u00e9ment le programme Action Coeur de Ville.<\/p>\n<p>Ce programme national dot\u00e9 d&rsquo;une enveloppe de 5 milliards d&rsquo;euros vise \u00e0 redynamiser 222 villes moyennes fran\u00e7aises. Dans le d\u00e9partement des Vosges, sont concern\u00e9es les villes de Saint-Di\u00e9-des-Vosges et Epinal. C&rsquo;est dans la cit\u00e9 d\u00e9odatienne que Action Coeur de Ville avait \u00e9t\u00e9 symboliquement lanc\u00e9 le 18 avril 2018 \u2013 apr\u00e8s un lancement officiel le 15 d\u00e9cembre 2017 \u2013 lors de la visite du pr\u00e9sident de la R\u00e9publique Emmanuel Macron.<\/p>\n<p>Plus de 4 ans apr\u00e8s son lancement, Elisabeth Borne a rappel\u00e9 que ce programme d&rsquo;une dur\u00e9e initiale de 5 ans \u2013 de 2017 \u00e0 2022 &#8211; allait se prolonger jusqu&rsquo;en 2026. La premi\u00e8re ministre a \u00e9galement pr\u00e9cis\u00e9 que Action Coeur de Ville allait \u00eatre compl\u00e9t\u00e9, en ne se concentrant plus uniquement sur les centres-villes mais \u00e9galement sur les entr\u00e9es de villes et les quartiers gares.<\/p>\n<p>Et d&rsquo;ajouter\u00a0: \u00ab\u00a0Nous allons aussi verdir le programme, afin d&rsquo;y int\u00e9grer les enjeux du d\u00e9veloppement durable. Action Coeur de Ville est une r\u00e9ussite, les commerces sont revenus dans les centres-villes, des travaux de r\u00e9novation de l&rsquo;habitat sont men\u00e9s et des friches sont compl\u00e8tement transform\u00e9es, comme c&rsquo;est par exemple le cas ici avec la Boussole. J&rsquo;ai la conviction que quand l&rsquo;Etat et les collectivit\u00e9s agissent main dans la main, on peut relever tous les d\u00e9fis.\u00a0\u00bb<\/p>\n<p>J.J.<\/p>\n\n","protected":false},"excerpt":{"rendered":"<p>La premi\u00e8re ministre Elisabeth Borne \u00e9tait de passage \u00e0 Saint-Di\u00e9-des-Vosges ce jeudi apr\u00e8s-midi, 3 ans apr\u00e8s sa pr\u00e9c\u00e9dente venue. C&rsquo;\u00e9tait [&hellip;]<\/p>\n","protected":false},"author":44,"featured_media":56198,"comment_status":"open","ping_status":"open","sticky":false,"template":"","format":"standard","meta":{"footnotes":""},"categories":[460,10,2915],"tags":[688,12192,12153],"class_list":["post-56197","post","type-post","status-publish","format-standard","has-post-thumbnail","hentry","category-a-la-une","category-politique","category-saint-die-son-canton","tag-elisabeth-borne","tag-premiere-ministre-francaise","tag-programme-action-coeur-de-ville"],"acf":[],"yoast_head":"<!-- This site is optimized with the Yoast SEO plugin v22.5 - https:\/\/yoast.com\/wordpress\/plugins\/seo\/ -->\n<title>En visite \u00e0 Saint-Di\u00e9-des-Vosges, Elisabeth Borne \u00e9voque l&#039;avenir du programme Action Coeur de Ville - Saint Die Info<\/title>\n<meta name=\"robots\" content=\"index, follow, max-snippet:-1, max-image-preview:large, max-video-preview:-1\" \/>\n<link rel=\"canonical\" href=\"https:\/\/vosgesinfo.fr\/saintdieinfo\/2022\/07\/visite-a-saint-die-vosges-elisabeth-borne-evoque-lavenir-programme-action-coeur-de-ville\/\" \/>\n<meta name=\"twitter:card\" content=\"summary_large_image\" \/>\n<meta name=\"twitter:title\" content=\"En visite \u00e0 Saint-Di\u00e9-des-Vosges, Elisabeth Borne \u00e9voque l&#039;avenir du programme Action Coeur de Ville - Saint Die Info\" \/>\n<meta name=\"twitter:description\" content=\"La premi\u00e8re ministre Elisabeth Borne \u00e9tait de passage \u00e0 Saint-Di\u00e9-des-Vosges ce jeudi apr\u00e8s-midi, 3 ans apr\u00e8s sa pr\u00e9c\u00e9dente venue. C&rsquo;\u00e9tait [&hellip;]\" \/>\n<meta name=\"twitter:image\" content=\"https:\/\/vosgesinfo.fr\/app\/uploads\/sites\/4\/2024\/08\/202207elisabeth-borne-action-coeur-de-ville-21.jpg\" \/>\n<meta name=\"twitter:creator\" content=\"@VosgesInfo88\" \/>\n<meta name=\"twitter:site\" content=\"@VosgesInfo88\" \/>\n<meta name=\"twitter:label1\" content=\"\u00c9crit par\" \/>\n\t<meta name=\"twitter:data1\" content=\"la r\u00e9daction\" \/>\n\t<meta name=\"twitter:label2\" content=\"Dur\u00e9e de lecture estim\u00e9e\" \/>\n\t<meta name=\"twitter:data2\" content=\"2 minutes\" \/>\n<script type=\"application\/ld+json\" class=\"yoast-schema-graph\">{\"@context\":\"https:\/\/schema.org\",\"@graph\":[{\"@type\":\"Article\",\"@id\":\"https:\/\/vosgesinfo.fr\/saintdieinfo\/2022\/07\/visite-a-saint-die-vosges-elisabeth-borne-evoque-lavenir-programme-action-coeur-de-ville\/#article\",\"isPartOf\":{\"@id\":\"https:\/\/vosgesinfo.fr\/saintdieinfo\/2022\/07\/visite-a-saint-die-vosges-elisabeth-borne-evoque-lavenir-programme-action-coeur-de-ville\/\"},\"author\":{\"name\":\"la r\u00e9daction\",\"@id\":\"https:\/\/vosgesinfo.fr\/saintdieinfo\/#\/schema\/person\/faee6704a21f3977511db84bd1cd450f\"},\"headline\":\"En visite \u00e0 Saint-Di\u00e9-des-Vosges, Elisabeth Borne \u00e9voque l&rsquo;avenir du programme Action Coeur de Ville\",\"datePublished\":\"2022-07-28T16:32:04+00:00\",\"dateModified\":\"2022-07-28T16:32:04+00:00\",\"mainEntityOfPage\":{\"@id\":\"https:\/\/vosgesinfo.fr\/saintdieinfo\/2022\/07\/visite-a-saint-die-vosges-elisabeth-borne-evoque-lavenir-programme-action-coeur-de-ville\/\"},\"wordCount\":374,\"commentCount\":0,\"publisher\":{\"@id\":\"https:\/\/vosgesinfo.fr\/saintdieinfo\/#organization\"},\"image\":{\"@id\":\"https:\/\/vosgesinfo.fr\/saintdieinfo\/2022\/07\/visite-a-saint-die-vosges-elisabeth-borne-evoque-lavenir-programme-action-coeur-de-ville\/#primaryimage\"},\"thumbnailUrl\":\"https:\/\/vosgesinfo.fr\/app\/uploads\/sites\/4\/2024\/08\/202207elisabeth-borne-action-coeur-de-ville-21.jpg\",\"keywords\":[\"Elisabeth Borne\",\"Premi\u00e8re ministre fran\u00e7aise\",\"Programme Action Coeur de Ville\"],\"articleSection\":[\"A la Une\",\"Politique\",\"Saint-Di\u00e9-des-Vosges et son Agglom\u00e9ration\"],\"inLanguage\":\"fr-FR\",\"potentialAction\":[{\"@type\":\"CommentAction\",\"name\":\"Comment\",\"target\":[\"https:\/\/vosgesinfo.fr\/saintdieinfo\/2022\/07\/visite-a-saint-die-vosges-elisabeth-borne-evoque-lavenir-programme-action-coeur-de-ville\/#respond\"]}]},{\"@type\":\"WebPage\",\"@id\":\"https:\/\/vosgesinfo.fr\/saintdieinfo\/2022\/07\/visite-a-saint-die-vosges-elisabeth-borne-evoque-lavenir-programme-action-coeur-de-ville\/\",\"url\":\"https:\/\/vosgesinfo.fr\/saintdieinfo\/2022\/07\/visite-a-saint-die-vosges-elisabeth-borne-evoque-lavenir-programme-action-coeur-de-ville\/\",\"name\":\"En visite \u00e0 Saint-Di\u00e9-des-Vosges, Elisabeth Borne \u00e9voque l'avenir du programme Action Coeur de Ville - Saint Die Info\",\"isPartOf\":{\"@id\":\"https:\/\/vosgesinfo.fr\/saintdieinfo\/#website\"},\"primaryImageOfPage\":{\"@id\":\"https:\/\/vosgesinfo.fr\/saintdieinfo\/2022\/07\/visite-a-saint-die-vosges-elisabeth-borne-evoque-lavenir-programme-action-coeur-de-ville\/#primaryimage\"},\"image\":{\"@id\":\"https:\/\/vosgesinfo.fr\/saintdieinfo\/2022\/07\/visite-a-saint-die-vosges-elisabeth-borne-evoque-lavenir-programme-action-coeur-de-ville\/#primaryimage\"},\"thumbnailUrl\":\"https:\/\/vosgesinfo.fr\/app\/uploads\/sites\/4\/2024\/08\/202207elisabeth-borne-action-coeur-de-ville-21.jpg\",\"datePublished\":\"2022-07-28T16:32:04+00:00\",\"dateModified\":\"2022-07-28T16:32:04+00:00\",\"breadcrumb\":{\"@id\":\"https:\/\/vosgesinfo.fr\/saintdieinfo\/2022\/07\/visite-a-saint-die-vosges-elisabeth-borne-evoque-lavenir-programme-action-coeur-de-ville\/#breadcrumb\"},\"inLanguage\":\"fr-FR\",\"potentialAction\":[{\"@type\":\"ReadAction\",\"target\":[\"https:\/\/vosgesinfo.fr\/saintdieinfo\/2022\/07\/visite-a-saint-die-vosges-elisabeth-borne-evoque-lavenir-programme-action-coeur-de-ville\/\"]}]},{\"@type\":\"ImageObject\",\"inLanguage\":\"fr-FR\",\"@id\":\"https:\/\/vosgesinfo.fr\/saintdieinfo\/2022\/07\/visite-a-saint-die-vosges-elisabeth-borne-evoque-lavenir-programme-action-coeur-de-ville\/#primaryimage\",\"url\":\"https:\/\/vosgesinfo.fr\/app\/uploads\/sites\/4\/2024\/08\/202207elisabeth-borne-action-coeur-de-ville-21.jpg\",\"contentUrl\":\"https:\/\/vosgesinfo.fr\/app\/uploads\/sites\/4\/2024\/08\/202207elisabeth-borne-action-coeur-de-ville-21.jpg\",\"width\":1600,\"height\":1205},{\"@type\":\"BreadcrumbList\",\"@id\":\"https:\/\/vosgesinfo.fr\/saintdieinfo\/2022\/07\/visite-a-saint-die-vosges-elisabeth-borne-evoque-lavenir-programme-action-coeur-de-ville\/#breadcrumb\",\"itemListElement\":[{\"@type\":\"ListItem\",\"position\":1,\"name\":\"Home\",\"item\":\"https:\/\/vosgesinfo.fr\/saintdieinfo\/\"},{\"@type\":\"ListItem\",\"position\":2,\"name\":\"En visite \u00e0 Saint-Di\u00e9-des-Vosges, Elisabeth Borne \u00e9voque l&rsquo;avenir du programme Action Coeur de Ville\"}]},{\"@type\":\"WebSite\",\"@id\":\"https:\/\/vosgesinfo.fr\/saintdieinfo\/#website\",\"url\":\"https:\/\/vosgesinfo.fr\/saintdieinfo\/\",\"name\":\"Saint Die Info\",\"description\":\"Toute l&#039;actualit\u00e9 de Saint-Di\u00e9-Des-Vosges\",\"publisher\":{\"@id\":\"https:\/\/vosgesinfo.fr\/saintdieinfo\/#organization\"},\"alternateName\":\"Toute l'actualit\u00e9 de Saint-Di\u00e9-Des-Vosges\",\"potentialAction\":[{\"@type\":\"SearchAction\",\"target\":{\"@type\":\"EntryPoint\",\"urlTemplate\":\"https:\/\/vosgesinfo.fr\/saintdieinfo\/?s={search_term_string}\"},\"query-input\":\"required name=search_term_string\"}],\"inLanguage\":\"fr-FR\"},{\"@type\":\"Organization\",\"@id\":\"https:\/\/vosgesinfo.fr\/saintdieinfo\/#organization\",\"name\":\"Saint Die Info\",\"url\":\"https:\/\/vosgesinfo.fr\/saintdieinfo\/\",\"logo\":{\"@type\":\"ImageObject\",\"inLanguage\":\"fr-FR\",\"@id\":\"https:\/\/vosgesinfo.fr\/saintdieinfo\/#\/schema\/logo\/image\/\",\"url\":\"https:\/\/vosgesinfo.fr\/app\/uploads\/sites\/4\/2024\/02\/logo-sdi.jpg\",\"contentUrl\":\"https:\/\/vosgesinfo.fr\/app\/uploads\/sites\/4\/2024\/02\/logo-sdi.jpg\",\"width\":600,\"height\":600,\"caption\":\"Saint Die Info\"},\"image\":{\"@id\":\"https:\/\/vosgesinfo.fr\/saintdieinfo\/#\/schema\/logo\/image\/\"},\"sameAs\":[\"https:\/\/www.facebook.com\/Saintdieinfofr\",\"https:\/\/x.com\/VosgesInfo88\",\"https:\/\/www.youtube.com\/@vosgesinfo\"]},{\"@type\":\"Person\",\"@id\":\"https:\/\/vosgesinfo.fr\/saintdieinfo\/#\/schema\/person\/faee6704a21f3977511db84bd1cd450f\",\"name\":\"la r\u00e9daction\",\"image\":{\"@type\":\"ImageObject\",\"inLanguage\":\"fr-FR\",\"@id\":\"https:\/\/vosgesinfo.fr\/saintdieinfo\/#\/schema\/person\/image\/\",\"url\":\"https:\/\/secure.gravatar.com\/avatar\/6673d8bc6a9c17fa9a453eaa3448de834fa308c2ec9635b7aa99441a7c8d2cf6?s=96&d=mm&r=g\",\"contentUrl\":\"https:\/\/secure.gravatar.com\/avatar\/6673d8bc6a9c17fa9a453eaa3448de834fa308c2ec9635b7aa99441a7c8d2cf6?s=96&d=mm&r=g\",\"caption\":\"la r\u00e9daction\"},\"url\":\"https:\/\/vosgesinfo.fr\/saintdieinfo\/author\/redac\/\"}]}<\/script>\n<!-- \/ Yoast SEO plugin. -->","yoast_head_json":{"title":"En visite \u00e0 Saint-Di\u00e9-des-Vosges, Elisabeth Borne \u00e9voque l'avenir du programme Action Coeur de Ville - Saint Die Info","robots":{"index":"index","follow":"follow","max-snippet":"max-snippet:-1","max-image-preview":"max-image-preview:large","max-video-preview":"max-video-preview:-1"},"canonical":"https:\/\/vosgesinfo.fr\/saintdieinfo\/2022\/07\/visite-a-saint-die-vosges-elisabeth-borne-evoque-lavenir-programme-action-coeur-de-ville\/","twitter_card":"summary_large_image","twitter_title":"En visite \u00e0 Saint-Di\u00e9-des-Vosges, Elisabeth Borne \u00e9voque l'avenir du programme Action Coeur de Ville - Saint Die Info","twitter_description":"La premi\u00e8re ministre Elisabeth Borne \u00e9tait de passage \u00e0 Saint-Di\u00e9-des-Vosges ce jeudi apr\u00e8s-midi, 3 ans apr\u00e8s sa pr\u00e9c\u00e9dente venue. C&rsquo;\u00e9tait [&hellip;]","twitter_image":"https:\/\/vosgesinfo.fr\/app\/uploads\/sites\/4\/2024\/08\/202207elisabeth-borne-action-coeur-de-ville-21.jpg","twitter_creator":"@VosgesInfo88","twitter_site":"@VosgesInfo88","twitter_misc":{"\u00c9crit par":"la r\u00e9daction","Dur\u00e9e de lecture estim\u00e9e":"2 minutes"},"schema":{"@context":"https:\/\/schema.org","@graph":[{"@type":"Article","@id":"https:\/\/vosgesinfo.fr\/saintdieinfo\/2022\/07\/visite-a-saint-die-vosges-elisabeth-borne-evoque-lavenir-programme-action-coeur-de-ville\/#article","isPartOf":{"@id":"https:\/\/vosgesinfo.fr\/saintdieinfo\/2022\/07\/visite-a-saint-die-vosges-elisabeth-borne-evoque-lavenir-programme-action-coeur-de-ville\/"},"author":{"name":"la r\u00e9daction","@id":"https:\/\/vosgesinfo.fr\/saintdieinfo\/#\/schema\/person\/faee6704a21f3977511db84bd1cd450f"},"headline":"En visite \u00e0 Saint-Di\u00e9-des-Vosges, Elisabeth Borne \u00e9voque l&rsquo;avenir du programme Action Coeur de Ville","datePublished":"2022-07-28T16:32:04+00:00","dateModified":"2022-07-28T16:32:04+00:00","mainEntityOfPage":{"@id":"https:\/\/vosgesinfo.fr\/saintdieinfo\/2022\/07\/visite-a-saint-die-vosges-elisabeth-borne-evoque-lavenir-programme-action-coeur-de-ville\/"},"wordCount":374,"commentCount":0,"publisher":{"@id":"https:\/\/vosgesinfo.fr\/saintdieinfo\/#organization"},"image":{"@id":"https:\/\/vosgesinfo.fr\/saintdieinfo\/2022\/07\/visite-a-saint-die-vosges-elisabeth-borne-evoque-lavenir-programme-action-coeur-de-ville\/#primaryimage"},"thumbnailUrl":"https:\/\/vosgesinfo.fr\/app\/uploads\/sites\/4\/2024\/08\/202207elisabeth-borne-action-coeur-de-ville-21.jpg","keywords":["Elisabeth Borne","Premi\u00e8re ministre fran\u00e7aise","Programme Action Coeur de Ville"],"articleSection":["A la Une","Politique","Saint-Di\u00e9-des-Vosges et son Agglom\u00e9ration"],"inLanguage":"fr-FR","potentialAction":[{"@type":"CommentAction","name":"Comment","target":["https:\/\/vosgesinfo.fr\/saintdieinfo\/2022\/07\/visite-a-saint-die-vosges-elisabeth-borne-evoque-lavenir-programme-action-coeur-de-ville\/#respond"]}]},{"@type":"WebPage","@id":"https:\/\/vosgesinfo.fr\/saintdieinfo\/2022\/07\/visite-a-saint-die-vosges-elisabeth-borne-evoque-lavenir-programme-action-coeur-de-ville\/","url":"https:\/\/vosgesinfo.fr\/saintdieinfo\/2022\/07\/visite-a-saint-die-vosges-elisabeth-borne-evoque-lavenir-programme-action-coeur-de-ville\/","name":"En visite \u00e0 Saint-Di\u00e9-des-Vosges, Elisabeth Borne \u00e9voque l'avenir du programme Action Coeur de Ville - Saint Die Info","isPartOf":{"@id":"https:\/\/vosgesinfo.fr\/saintdieinfo\/#website"},"primaryImageOfPage":{"@id":"https:\/\/vosgesinfo.fr\/saintdieinfo\/2022\/07\/visite-a-saint-die-vosges-elisabeth-borne-evoque-lavenir-programme-action-coeur-de-ville\/#primaryimage"},"image":{"@id":"https:\/\/vosgesinfo.fr\/saintdieinfo\/2022\/07\/visite-a-saint-die-vosges-elisabeth-borne-evoque-lavenir-programme-action-coeur-de-ville\/#primaryimage"},"thumbnailUrl":"https:\/\/vosgesinfo.fr\/app\/uploads\/sites\/4\/2024\/08\/202207elisabeth-borne-action-coeur-de-ville-21.jpg","datePublished":"2022-07-28T16:32:04+00:00","dateModified":"2022-07-28T16:32:04+00:00","breadcrumb":{"@id":"https:\/\/vosgesinfo.fr\/saintdieinfo\/2022\/07\/visite-a-saint-die-vosges-elisabeth-borne-evoque-lavenir-programme-action-coeur-de-ville\/#breadcrumb"},"inLanguage":"fr-FR","potentialAction":[{"@type":"ReadAction","target":["https:\/\/vosgesinfo.fr\/saintdieinfo\/2022\/07\/visite-a-saint-die-vosges-elisabeth-borne-evoque-lavenir-programme-action-coeur-de-ville\/"]}]},{"@type":"ImageObject","inLanguage":"fr-FR","@id":"https:\/\/vosgesinfo.fr\/saintdieinfo\/2022\/07\/visite-a-saint-die-vosges-elisabeth-borne-evoque-lavenir-programme-action-coeur-de-ville\/#primaryimage","url":"https:\/\/vosgesinfo.fr\/app\/uploads\/sites\/4\/2024\/08\/202207elisabeth-borne-action-coeur-de-ville-21.jpg","contentUrl":"https:\/\/vosgesinfo.fr\/app\/uploads\/sites\/4\/2024\/08\/202207elisabeth-borne-action-coeur-de-ville-21.jpg","width":1600,"height":1205},{"@type":"BreadcrumbList","@id":"https:\/\/vosgesinfo.fr\/saintdieinfo\/2022\/07\/visite-a-saint-die-vosges-elisabeth-borne-evoque-lavenir-programme-action-coeur-de-ville\/#breadcrumb","itemListElement":[{"@type":"ListItem","position":1,"name":"Home","item":"https:\/\/vosgesinfo.fr\/saintdieinfo\/"},{"@type":"ListItem","position":2,"name":"En visite \u00e0 Saint-Di\u00e9-des-Vosges, Elisabeth Borne \u00e9voque l&rsquo;avenir du programme Action Coeur de Ville"}]},{"@type":"WebSite","@id":"https:\/\/vosgesinfo.fr\/saintdieinfo\/#website","url":"https:\/\/vosgesinfo.fr\/saintdieinfo\/","name":"Saint Die Info","description":"Toute l&#039;actualit\u00e9 de Saint-Di\u00e9-Des-Vosges","publisher":{"@id":"https:\/\/vosgesinfo.fr\/saintdieinfo\/#organization"},"alternateName":"Toute l'actualit\u00e9 de Saint-Di\u00e9-Des-Vosges","potentialAction":[{"@type":"SearchAction","target":{"@type":"EntryPoint","urlTemplate":"https:\/\/vosgesinfo.fr\/saintdieinfo\/?s={search_term_string}"},"query-input":"required name=search_term_string"}],"inLanguage":"fr-FR"},{"@type":"Organization","@id":"https:\/\/vosgesinfo.fr\/saintdieinfo\/#organization","name":"Saint Die Info","url":"https:\/\/vosgesinfo.fr\/saintdieinfo\/","logo":{"@type":"ImageObject","inLanguage":"fr-FR","@id":"https:\/\/vosgesinfo.fr\/saintdieinfo\/#\/schema\/logo\/image\/","url":"https:\/\/vosgesinfo.fr\/app\/uploads\/sites\/4\/2024\/02\/logo-sdi.jpg","contentUrl":"https:\/\/vosgesinfo.fr\/app\/uploads\/sites\/4\/2024\/02\/logo-sdi.jpg","width":600,"height":600,"caption":"Saint Die Info"},"image":{"@id":"https:\/\/vosgesinfo.fr\/saintdieinfo\/#\/schema\/logo\/image\/"},"sameAs":["https:\/\/www.facebook.com\/Saintdieinfofr","https:\/\/x.com\/VosgesInfo88","https:\/\/www.youtube.com\/@vosgesinfo"]},{"@type":"Person","@id":"https:\/\/vosgesinfo.fr\/saintdieinfo\/#\/schema\/person\/faee6704a21f3977511db84bd1cd450f","name":"la r\u00e9daction","image":{"@type":"ImageObject","inLanguage":"fr-FR","@id":"https:\/\/vosgesinfo.fr\/saintdieinfo\/#\/schema\/person\/image\/","url":"https:\/\/secure.gravatar.com\/avatar\/6673d8bc6a9c17fa9a453eaa3448de834fa308c2ec9635b7aa99441a7c8d2cf6?s=96&d=mm&r=g","contentUrl":"https:\/\/secure.gravatar.com\/avatar\/6673d8bc6a9c17fa9a453eaa3448de834fa308c2ec9635b7aa99441a7c8d2cf6?s=96&d=mm&r=g","caption":"la r\u00e9daction"},"url":"https:\/\/vosgesinfo.fr\/saintdieinfo\/author\/redac\/"}]}},"_links":{"self":[{"href":"https:\/\/vosgesinfo.fr\/saintdieinfo\/wp-json\/wp\/v2\/posts\/56197","targetHints":{"allow":["GET"]}}],"collection":[{"href":"https:\/\/vosgesinfo.fr\/saintdieinfo\/wp-json\/wp\/v2\/posts"}],"about":[{"href":"https:\/\/vosgesinfo.fr\/saintdieinfo\/wp-json\/wp\/v2\/types\/post"}],"author":[{"embeddable":true,"href":"https:\/\/vosgesinfo.fr\/saintdieinfo\/wp-json\/wp\/v2\/users\/44"}],"replies":[{"embeddable":true,"href":"https:\/\/vosgesinfo.fr\/saintdieinfo\/wp-json\/wp\/v2\/comments?post=56197"}],"version-history":[{"count":0,"href":"https:\/\/vosgesinfo.fr\/saintdieinfo\/wp-json\/wp\/v2\/posts\/56197\/revisions"}],"wp:featuredmedia":[{"embeddable":true,"href":"https:\/\/vosgesinfo.fr\/saintdieinfo\/wp-json\/wp\/v2\/media\/56198"}],"wp:attachment":[{"href":"https:\/\/vosgesinfo.fr\/saintdieinfo\/wp-json\/wp\/v2\/media?parent=56197"}],"wp:term":[{"taxonomy":"category","embeddable":true,"href":"https:\/\/vosgesinfo.fr\/saintdieinfo\/wp-json\/wp\/v2\/categories?post=56197"},{"taxonomy":"post_tag","embeddable":true,"href":"https:\/\/vosgesinfo.fr\/saintdieinfo\/wp-json\/wp\/v2\/tags?post=56197"}],"curies":[{"name":"wp","href":"https:\/\/api.w.org\/{rel}","templated":true}]}}