{"id":56251,"date":"2022-07-29T14:23:23","date_gmt":"2022-07-29T12:23:23","guid":{"rendered":"https:\/\/vosgesinfo.fr\/saintdieinfo\/2022\/07\/trois-spectacles-musicaux-jardins-de-chapelle-saint-roch\/"},"modified":"2022-07-29T14:23:23","modified_gmt":"2022-07-29T12:23:23","slug":"trois-spectacles-musicaux-jardins-de-chapelle-saint-roch","status":"publish","type":"post","link":"https:\/\/vosgesinfo.fr\/saintdieinfo\/2022\/07\/trois-spectacles-musicaux-jardins-de-chapelle-saint-roch\/","title":{"rendered":"Trois spectacles musicaux dans les jardins de la chapelle Saint-Roch"},"content":{"rendered":"<p><a href=\"\/2022\/07\/Jardins_Chapelle_Saint-Roch_Spectacles.jpg\" target=\"_blank\" rel=\"noopener\"><img decoding=\"async\" class=\"aligncenter wp-image-187782 size-large\" src=\"\/2022\/07\/Jardins_Chapelle_Saint-Roch_Spectacles-717x1024.jpg\" alt=\"Jardins_Chapelle_Saint-Roch_Spectacles\" width=\"717\" height=\"1024\" \/><\/a><\/p>\n<h2><strong><span style=\"font-size: 14pt;\">Mercredi 3 ao\u00fbt \u00e0 partir de 19h, les Jardins de la Chapelle Saint Roch pr\u00e9sentent 3 spectacles dans le cadre de l&rsquo;\u00c9t\u00e9 en Grand :<\/span><\/strong><\/h2>\n<p><!--more--><\/p>\n<h3><strong><span style=\"font-size: 12pt;\">Maellan DELGADO, Slameur<\/span><\/strong><\/h3>\n<p>Slam \/ Rap<\/p>\n<p><a href=\"https:\/\/www.youtube.com\/watch?v=7ARSFcEg8gY\" target=\"_blank\" data-saferedirecturl=\"https:\/\/www.google.com\/url?q=https:\/\/www.youtube.com\/watch?v%3D7ARSFcEg8gY&amp;source=gmail&amp;ust=1659173795153000&amp;usg=AOvVaw2O5oOeF_U83EF_OkNNs-WZ\" rel=\"noopener\">Clip : https:\/\/www.youtube.com\/watch?<wbr \/>v=7ARSFcEg8gY<\/a><\/p>\n<h3><strong><span style=\"font-size: 12pt;\">\u00ab\u00a0Beethoven Metalo Vivace\u00a0\u00bb par la Compagnie Monsieur Le Directeur :<\/span><\/strong><\/h3>\n<p>Solo de guitare symphonique sur corde<br \/>\nDe et avec : Christophe Bouffartigue &#8211; Production : Les Th\u00e9r\u00e8ses<br \/>\nAcrobatie a\u00e9rienne, humour et guitare de haut vol : c\u2019est le programme d\u00e9coiffant que propose cette performance intr\u00e9pide. On y \u00e9coute de la musique m\u00e9tal ex\u00e9cut\u00e9e piano solo et on y d\u00e9couvre la 9\u00e8me Symphonie de Beethoven tron\u00e7onn\u00e9e par un curieux et volubile chef d\u2019orchestre qui joue de la guitare \u00e9lectrique en grimpant \u00e0 la corde.<\/p>\n<h3><strong><span style=\"font-size: 12pt;\">Low Noise Trio &#8211; Trio de Jazz (piano , guitare ,saxophone)<\/span><\/strong><\/h3>\n<p>\u00ab\u00a0Il feuillette les pages du grand livre du jazz, des grands standards intemporels en passant par la bossa nova, le blues, des adaptations de la chanson fran\u00e7aise.<br \/>\nAvec Philippe Mangenot au saxophone, Maxime G\u00e9rardin au piano et Philippe G\u00e9rardin \u00e0 la guitare\u00a0\u00bb<\/p>\n","protected":false},"excerpt":{"rendered":"<p>Mercredi 3 ao\u00fbt \u00e0 partir de 19h, les Jardins de la Chapelle Saint Roch pr\u00e9sentent 3 spectacles dans le cadre [&hellip;]<\/p>\n","protected":false},"author":44,"featured_media":56252,"comment_status":"open","ping_status":"open","sticky":false,"template":"","format":"standard","meta":{"footnotes":""},"categories":[3900,8003,7847,2915],"tags":[12196,3019,3483,12197,12198],"class_list":["post-56251","post","type-post","status-publish","format-standard","has-post-thumbnail","hentry","category-breves","category-concert-culture","category-art-culture","category-saint-die-son-canton","tag-beethoven-metalo-vivace","tag-chapelle-saint-roch","tag-jardins-de-la-chapelle-saint-roch","tag-low-noise-trio","tag-maellan-delgado"],"acf":[],"yoast_head":"<!-- This site is optimized with the Yoast SEO plugin v22.5 - https:\/\/yoast.com\/wordpress\/plugins\/seo\/ -->\n<title>Trois spectacles musicaux dans les jardins de la chapelle Saint-Roch - Saint Die Info<\/title>\n<meta name=\"robots\" content=\"index, follow, max-snippet:-1, max-image-preview:large, max-video-preview:-1\" \/>\n<link rel=\"canonical\" href=\"https:\/\/vosgesinfo.fr\/saintdieinfo\/2022\/07\/trois-spectacles-musicaux-jardins-de-chapelle-saint-roch\/\" \/>\n<meta name=\"twitter:card\" content=\"summary_large_image\" \/>\n<meta name=\"twitter:title\" content=\"Trois spectacles musicaux dans les jardins de la chapelle Saint-Roch - Saint Die Info\" \/>\n<meta name=\"twitter:description\" content=\"Mercredi 3 ao\u00fbt \u00e0 partir de 19h, les Jardins de la Chapelle Saint Roch pr\u00e9sentent 3 spectacles dans le cadre [&hellip;]\" \/>\n<meta name=\"twitter:image\" content=\"https:\/\/vosgesinfo.fr\/app\/uploads\/sites\/4\/2024\/08\/202207jardins-chapelle-saint-roch-spectacles.jpg\" \/>\n<meta name=\"twitter:creator\" content=\"@VosgesInfo88\" \/>\n<meta name=\"twitter:site\" content=\"@VosgesInfo88\" \/>\n<meta name=\"twitter:label1\" content=\"\u00c9crit par\" \/>\n\t<meta name=\"twitter:data1\" content=\"la r\u00e9daction\" \/>\n\t<meta name=\"twitter:label2\" content=\"Dur\u00e9e de lecture estim\u00e9e\" \/>\n\t<meta name=\"twitter:data2\" content=\"1 minute\" \/>\n<script type=\"application\/ld+json\" class=\"yoast-schema-graph\">{\"@context\":\"https:\/\/schema.org\",\"@graph\":[{\"@type\":\"Article\",\"@id\":\"https:\/\/vosgesinfo.fr\/saintdieinfo\/2022\/07\/trois-spectacles-musicaux-jardins-de-chapelle-saint-roch\/#article\",\"isPartOf\":{\"@id\":\"https:\/\/vosgesinfo.fr\/saintdieinfo\/2022\/07\/trois-spectacles-musicaux-jardins-de-chapelle-saint-roch\/\"},\"author\":{\"name\":\"la r\u00e9daction\",\"@id\":\"https:\/\/vosgesinfo.fr\/saintdieinfo\/#\/schema\/person\/faee6704a21f3977511db84bd1cd450f\"},\"headline\":\"Trois spectacles musicaux dans les jardins de la chapelle Saint-Roch\",\"datePublished\":\"2022-07-29T12:23:23+00:00\",\"dateModified\":\"2022-07-29T12:23:23+00:00\",\"mainEntityOfPage\":{\"@id\":\"https:\/\/vosgesinfo.fr\/saintdieinfo\/2022\/07\/trois-spectacles-musicaux-jardins-de-chapelle-saint-roch\/\"},\"wordCount\":193,\"commentCount\":0,\"publisher\":{\"@id\":\"https:\/\/vosgesinfo.fr\/saintdieinfo\/#organization\"},\"image\":{\"@id\":\"https:\/\/vosgesinfo.fr\/saintdieinfo\/2022\/07\/trois-spectacles-musicaux-jardins-de-chapelle-saint-roch\/#primaryimage\"},\"thumbnailUrl\":\"https:\/\/vosgesinfo.fr\/app\/uploads\/sites\/4\/2024\/08\/202207jardins-chapelle-saint-roch-spectacles.jpg\",\"keywords\":[\"Beethoven Metalo Vivace\",\"Chapelle Saint-Roch\",\"Jardins de la Chapelle Saint-Roch\",\"Low Noise Trio\",\"Maellan Delgado\"],\"articleSection\":[\"Br\u00e8ves\",\"Concert\",\"Culture\",\"Saint-Di\u00e9-des-Vosges et son Agglom\u00e9ration\"],\"inLanguage\":\"fr-FR\",\"potentialAction\":[{\"@type\":\"CommentAction\",\"name\":\"Comment\",\"target\":[\"https:\/\/vosgesinfo.fr\/saintdieinfo\/2022\/07\/trois-spectacles-musicaux-jardins-de-chapelle-saint-roch\/#respond\"]}]},{\"@type\":\"WebPage\",\"@id\":\"https:\/\/vosgesinfo.fr\/saintdieinfo\/2022\/07\/trois-spectacles-musicaux-jardins-de-chapelle-saint-roch\/\",\"url\":\"https:\/\/vosgesinfo.fr\/saintdieinfo\/2022\/07\/trois-spectacles-musicaux-jardins-de-chapelle-saint-roch\/\",\"name\":\"Trois spectacles musicaux dans les jardins de la chapelle Saint-Roch - Saint Die Info\",\"isPartOf\":{\"@id\":\"https:\/\/vosgesinfo.fr\/saintdieinfo\/#website\"},\"primaryImageOfPage\":{\"@id\":\"https:\/\/vosgesinfo.fr\/saintdieinfo\/2022\/07\/trois-spectacles-musicaux-jardins-de-chapelle-saint-roch\/#primaryimage\"},\"image\":{\"@id\":\"https:\/\/vosgesinfo.fr\/saintdieinfo\/2022\/07\/trois-spectacles-musicaux-jardins-de-chapelle-saint-roch\/#primaryimage\"},\"thumbnailUrl\":\"https:\/\/vosgesinfo.fr\/app\/uploads\/sites\/4\/2024\/08\/202207jardins-chapelle-saint-roch-spectacles.jpg\",\"datePublished\":\"2022-07-29T12:23:23+00:00\",\"dateModified\":\"2022-07-29T12:23:23+00:00\",\"breadcrumb\":{\"@id\":\"https:\/\/vosgesinfo.fr\/saintdieinfo\/2022\/07\/trois-spectacles-musicaux-jardins-de-chapelle-saint-roch\/#breadcrumb\"},\"inLanguage\":\"fr-FR\",\"potentialAction\":[{\"@type\":\"ReadAction\",\"target\":[\"https:\/\/vosgesinfo.fr\/saintdieinfo\/2022\/07\/trois-spectacles-musicaux-jardins-de-chapelle-saint-roch\/\"]}]},{\"@type\":\"ImageObject\",\"inLanguage\":\"fr-FR\",\"@id\":\"https:\/\/vosgesinfo.fr\/saintdieinfo\/2022\/07\/trois-spectacles-musicaux-jardins-de-chapelle-saint-roch\/#primaryimage\",\"url\":\"https:\/\/vosgesinfo.fr\/app\/uploads\/sites\/4\/2024\/08\/202207jardins-chapelle-saint-roch-spectacles.jpg\",\"contentUrl\":\"https:\/\/vosgesinfo.fr\/app\/uploads\/sites\/4\/2024\/08\/202207jardins-chapelle-saint-roch-spectacles.jpg\",\"width\":1575,\"height\":2250},{\"@type\":\"BreadcrumbList\",\"@id\":\"https:\/\/vosgesinfo.fr\/saintdieinfo\/2022\/07\/trois-spectacles-musicaux-jardins-de-chapelle-saint-roch\/#breadcrumb\",\"itemListElement\":[{\"@type\":\"ListItem\",\"position\":1,\"name\":\"Home\",\"item\":\"https:\/\/vosgesinfo.fr\/saintdieinfo\/\"},{\"@type\":\"ListItem\",\"position\":2,\"name\":\"Trois spectacles musicaux dans les jardins de la chapelle Saint-Roch\"}]},{\"@type\":\"WebSite\",\"@id\":\"https:\/\/vosgesinfo.fr\/saintdieinfo\/#website\",\"url\":\"https:\/\/vosgesinfo.fr\/saintdieinfo\/\",\"name\":\"Saint Die Info\",\"description\":\"Toute l&#039;actualit\u00e9 de Saint-Di\u00e9-Des-Vosges\",\"publisher\":{\"@id\":\"https:\/\/vosgesinfo.fr\/saintdieinfo\/#organization\"},\"alternateName\":\"Toute l'actualit\u00e9 de Saint-Di\u00e9-Des-Vosges\",\"potentialAction\":[{\"@type\":\"SearchAction\",\"target\":{\"@type\":\"EntryPoint\",\"urlTemplate\":\"https:\/\/vosgesinfo.fr\/saintdieinfo\/?s={search_term_string}\"},\"query-input\":\"required name=search_term_string\"}],\"inLanguage\":\"fr-FR\"},{\"@type\":\"Organization\",\"@id\":\"https:\/\/vosgesinfo.fr\/saintdieinfo\/#organization\",\"name\":\"Saint Die Info\",\"url\":\"https:\/\/vosgesinfo.fr\/saintdieinfo\/\",\"logo\":{\"@type\":\"ImageObject\",\"inLanguage\":\"fr-FR\",\"@id\":\"https:\/\/vosgesinfo.fr\/saintdieinfo\/#\/schema\/logo\/image\/\",\"url\":\"https:\/\/vosgesinfo.fr\/app\/uploads\/sites\/4\/2024\/02\/logo-sdi.jpg\",\"contentUrl\":\"https:\/\/vosgesinfo.fr\/app\/uploads\/sites\/4\/2024\/02\/logo-sdi.jpg\",\"width\":600,\"height\":600,\"caption\":\"Saint Die Info\"},\"image\":{\"@id\":\"https:\/\/vosgesinfo.fr\/saintdieinfo\/#\/schema\/logo\/image\/\"},\"sameAs\":[\"https:\/\/www.facebook.com\/Saintdieinfofr\",\"https:\/\/x.com\/VosgesInfo88\",\"https:\/\/www.youtube.com\/@vosgesinfo\"]},{\"@type\":\"Person\",\"@id\":\"https:\/\/vosgesinfo.fr\/saintdieinfo\/#\/schema\/person\/faee6704a21f3977511db84bd1cd450f\",\"name\":\"la r\u00e9daction\",\"image\":{\"@type\":\"ImageObject\",\"inLanguage\":\"fr-FR\",\"@id\":\"https:\/\/vosgesinfo.fr\/saintdieinfo\/#\/schema\/person\/image\/\",\"url\":\"https:\/\/secure.gravatar.com\/avatar\/6673d8bc6a9c17fa9a453eaa3448de834fa308c2ec9635b7aa99441a7c8d2cf6?s=96&d=mm&r=g\",\"contentUrl\":\"https:\/\/secure.gravatar.com\/avatar\/6673d8bc6a9c17fa9a453eaa3448de834fa308c2ec9635b7aa99441a7c8d2cf6?s=96&d=mm&r=g\",\"caption\":\"la r\u00e9daction\"},\"url\":\"https:\/\/vosgesinfo.fr\/saintdieinfo\/author\/redac\/\"}]}<\/script>\n<!-- \/ Yoast SEO plugin. -->","yoast_head_json":{"title":"Trois spectacles musicaux dans les jardins de la chapelle Saint-Roch - Saint Die Info","robots":{"index":"index","follow":"follow","max-snippet":"max-snippet:-1","max-image-preview":"max-image-preview:large","max-video-preview":"max-video-preview:-1"},"canonical":"https:\/\/vosgesinfo.fr\/saintdieinfo\/2022\/07\/trois-spectacles-musicaux-jardins-de-chapelle-saint-roch\/","twitter_card":"summary_large_image","twitter_title":"Trois spectacles musicaux dans les jardins de la chapelle Saint-Roch - Saint Die Info","twitter_description":"Mercredi 3 ao\u00fbt \u00e0 partir de 19h, les Jardins de la Chapelle Saint Roch pr\u00e9sentent 3 spectacles dans le cadre [&hellip;]","twitter_image":"https:\/\/vosgesinfo.fr\/app\/uploads\/sites\/4\/2024\/08\/202207jardins-chapelle-saint-roch-spectacles.jpg","twitter_creator":"@VosgesInfo88","twitter_site":"@VosgesInfo88","twitter_misc":{"\u00c9crit par":"la r\u00e9daction","Dur\u00e9e de lecture estim\u00e9e":"1 minute"},"schema":{"@context":"https:\/\/schema.org","@graph":[{"@type":"Article","@id":"https:\/\/vosgesinfo.fr\/saintdieinfo\/2022\/07\/trois-spectacles-musicaux-jardins-de-chapelle-saint-roch\/#article","isPartOf":{"@id":"https:\/\/vosgesinfo.fr\/saintdieinfo\/2022\/07\/trois-spectacles-musicaux-jardins-de-chapelle-saint-roch\/"},"author":{"name":"la r\u00e9daction","@id":"https:\/\/vosgesinfo.fr\/saintdieinfo\/#\/schema\/person\/faee6704a21f3977511db84bd1cd450f"},"headline":"Trois spectacles musicaux dans les jardins de la chapelle Saint-Roch","datePublished":"2022-07-29T12:23:23+00:00","dateModified":"2022-07-29T12:23:23+00:00","mainEntityOfPage":{"@id":"https:\/\/vosgesinfo.fr\/saintdieinfo\/2022\/07\/trois-spectacles-musicaux-jardins-de-chapelle-saint-roch\/"},"wordCount":193,"commentCount":0,"publisher":{"@id":"https:\/\/vosgesinfo.fr\/saintdieinfo\/#organization"},"image":{"@id":"https:\/\/vosgesinfo.fr\/saintdieinfo\/2022\/07\/trois-spectacles-musicaux-jardins-de-chapelle-saint-roch\/#primaryimage"},"thumbnailUrl":"https:\/\/vosgesinfo.fr\/app\/uploads\/sites\/4\/2024\/08\/202207jardins-chapelle-saint-roch-spectacles.jpg","keywords":["Beethoven Metalo Vivace","Chapelle Saint-Roch","Jardins de la Chapelle Saint-Roch","Low Noise Trio","Maellan Delgado"],"articleSection":["Br\u00e8ves","Concert","Culture","Saint-Di\u00e9-des-Vosges et son Agglom\u00e9ration"],"inLanguage":"fr-FR","potentialAction":[{"@type":"CommentAction","name":"Comment","target":["https:\/\/vosgesinfo.fr\/saintdieinfo\/2022\/07\/trois-spectacles-musicaux-jardins-de-chapelle-saint-roch\/#respond"]}]},{"@type":"WebPage","@id":"https:\/\/vosgesinfo.fr\/saintdieinfo\/2022\/07\/trois-spectacles-musicaux-jardins-de-chapelle-saint-roch\/","url":"https:\/\/vosgesinfo.fr\/saintdieinfo\/2022\/07\/trois-spectacles-musicaux-jardins-de-chapelle-saint-roch\/","name":"Trois spectacles musicaux dans les jardins de la chapelle Saint-Roch - Saint Die Info","isPartOf":{"@id":"https:\/\/vosgesinfo.fr\/saintdieinfo\/#website"},"primaryImageOfPage":{"@id":"https:\/\/vosgesinfo.fr\/saintdieinfo\/2022\/07\/trois-spectacles-musicaux-jardins-de-chapelle-saint-roch\/#primaryimage"},"image":{"@id":"https:\/\/vosgesinfo.fr\/saintdieinfo\/2022\/07\/trois-spectacles-musicaux-jardins-de-chapelle-saint-roch\/#primaryimage"},"thumbnailUrl":"https:\/\/vosgesinfo.fr\/app\/uploads\/sites\/4\/2024\/08\/202207jardins-chapelle-saint-roch-spectacles.jpg","datePublished":"2022-07-29T12:23:23+00:00","dateModified":"2022-07-29T12:23:23+00:00","breadcrumb":{"@id":"https:\/\/vosgesinfo.fr\/saintdieinfo\/2022\/07\/trois-spectacles-musicaux-jardins-de-chapelle-saint-roch\/#breadcrumb"},"inLanguage":"fr-FR","potentialAction":[{"@type":"ReadAction","target":["https:\/\/vosgesinfo.fr\/saintdieinfo\/2022\/07\/trois-spectacles-musicaux-jardins-de-chapelle-saint-roch\/"]}]},{"@type":"ImageObject","inLanguage":"fr-FR","@id":"https:\/\/vosgesinfo.fr\/saintdieinfo\/2022\/07\/trois-spectacles-musicaux-jardins-de-chapelle-saint-roch\/#primaryimage","url":"https:\/\/vosgesinfo.fr\/app\/uploads\/sites\/4\/2024\/08\/202207jardins-chapelle-saint-roch-spectacles.jpg","contentUrl":"https:\/\/vosgesinfo.fr\/app\/uploads\/sites\/4\/2024\/08\/202207jardins-chapelle-saint-roch-spectacles.jpg","width":1575,"height":2250},{"@type":"BreadcrumbList","@id":"https:\/\/vosgesinfo.fr\/saintdieinfo\/2022\/07\/trois-spectacles-musicaux-jardins-de-chapelle-saint-roch\/#breadcrumb","itemListElement":[{"@type":"ListItem","position":1,"name":"Home","item":"https:\/\/vosgesinfo.fr\/saintdieinfo\/"},{"@type":"ListItem","position":2,"name":"Trois spectacles musicaux dans les jardins de la chapelle Saint-Roch"}]},{"@type":"WebSite","@id":"https:\/\/vosgesinfo.fr\/saintdieinfo\/#website","url":"https:\/\/vosgesinfo.fr\/saintdieinfo\/","name":"Saint Die Info","description":"Toute l&#039;actualit\u00e9 de Saint-Di\u00e9-Des-Vosges","publisher":{"@id":"https:\/\/vosgesinfo.fr\/saintdieinfo\/#organization"},"alternateName":"Toute l'actualit\u00e9 de Saint-Di\u00e9-Des-Vosges","potentialAction":[{"@type":"SearchAction","target":{"@type":"EntryPoint","urlTemplate":"https:\/\/vosgesinfo.fr\/saintdieinfo\/?s={search_term_string}"},"query-input":"required name=search_term_string"}],"inLanguage":"fr-FR"},{"@type":"Organization","@id":"https:\/\/vosgesinfo.fr\/saintdieinfo\/#organization","name":"Saint Die Info","url":"https:\/\/vosgesinfo.fr\/saintdieinfo\/","logo":{"@type":"ImageObject","inLanguage":"fr-FR","@id":"https:\/\/vosgesinfo.fr\/saintdieinfo\/#\/schema\/logo\/image\/","url":"https:\/\/vosgesinfo.fr\/app\/uploads\/sites\/4\/2024\/02\/logo-sdi.jpg","contentUrl":"https:\/\/vosgesinfo.fr\/app\/uploads\/sites\/4\/2024\/02\/logo-sdi.jpg","width":600,"height":600,"caption":"Saint Die Info"},"image":{"@id":"https:\/\/vosgesinfo.fr\/saintdieinfo\/#\/schema\/logo\/image\/"},"sameAs":["https:\/\/www.facebook.com\/Saintdieinfofr","https:\/\/x.com\/VosgesInfo88","https:\/\/www.youtube.com\/@vosgesinfo"]},{"@type":"Person","@id":"https:\/\/vosgesinfo.fr\/saintdieinfo\/#\/schema\/person\/faee6704a21f3977511db84bd1cd450f","name":"la r\u00e9daction","image":{"@type":"ImageObject","inLanguage":"fr-FR","@id":"https:\/\/vosgesinfo.fr\/saintdieinfo\/#\/schema\/person\/image\/","url":"https:\/\/secure.gravatar.com\/avatar\/6673d8bc6a9c17fa9a453eaa3448de834fa308c2ec9635b7aa99441a7c8d2cf6?s=96&d=mm&r=g","contentUrl":"https:\/\/secure.gravatar.com\/avatar\/6673d8bc6a9c17fa9a453eaa3448de834fa308c2ec9635b7aa99441a7c8d2cf6?s=96&d=mm&r=g","caption":"la r\u00e9daction"},"url":"https:\/\/vosgesinfo.fr\/saintdieinfo\/author\/redac\/"}]}},"_links":{"self":[{"href":"https:\/\/vosgesinfo.fr\/saintdieinfo\/wp-json\/wp\/v2\/posts\/56251","targetHints":{"allow":["GET"]}}],"collection":[{"href":"https:\/\/vosgesinfo.fr\/saintdieinfo\/wp-json\/wp\/v2\/posts"}],"about":[{"href":"https:\/\/vosgesinfo.fr\/saintdieinfo\/wp-json\/wp\/v2\/types\/post"}],"author":[{"embeddable":true,"href":"https:\/\/vosgesinfo.fr\/saintdieinfo\/wp-json\/wp\/v2\/users\/44"}],"replies":[{"embeddable":true,"href":"https:\/\/vosgesinfo.fr\/saintdieinfo\/wp-json\/wp\/v2\/comments?post=56251"}],"version-history":[{"count":0,"href":"https:\/\/vosgesinfo.fr\/saintdieinfo\/wp-json\/wp\/v2\/posts\/56251\/revisions"}],"wp:featuredmedia":[{"embeddable":true,"href":"https:\/\/vosgesinfo.fr\/saintdieinfo\/wp-json\/wp\/v2\/media\/56252"}],"wp:attachment":[{"href":"https:\/\/vosgesinfo.fr\/saintdieinfo\/wp-json\/wp\/v2\/media?parent=56251"}],"wp:term":[{"taxonomy":"category","embeddable":true,"href":"https:\/\/vosgesinfo.fr\/saintdieinfo\/wp-json\/wp\/v2\/categories?post=56251"},{"taxonomy":"post_tag","embeddable":true,"href":"https:\/\/vosgesinfo.fr\/saintdieinfo\/wp-json\/wp\/v2\/tags?post=56251"}],"curies":[{"name":"wp","href":"https:\/\/api.w.org\/{rel}","templated":true}]}}