{"id":56257,"date":"2022-07-29T14:30:28","date_gmt":"2022-07-29T12:30:28","guid":{"rendered":"https:\/\/vosgesinfo.fr\/saintdieinfo\/2022\/07\/vosges-ouvrir-bouches-dincendie-se-rafraichir-cest-interdit\/"},"modified":"2022-07-29T14:30:28","modified_gmt":"2022-07-29T12:30:28","slug":"vosges-ouvrir-bouches-dincendie-se-rafraichir-cest-interdit","status":"publish","type":"post","link":"https:\/\/vosgesinfo.fr\/saintdieinfo\/2022\/07\/vosges-ouvrir-bouches-dincendie-se-rafraichir-cest-interdit\/","title":{"rendered":"Vosges \u2013 Ouvrir les bouches d&rsquo;incendie pour se rafraichir, c&rsquo;est interdit !"},"content":{"rendered":"<div class=\"cxmmr5t8 oygrvhab hcukyx3x c1et5uql o9v6fnle ii04i59q\">\n<h2 dir=\"auto\"><strong><span style=\"font-size: 14pt;\">La Pr\u00e9fecture des Vosges tient \u00e0 rappeler en cette fin de mois de juillet qu&rsquo;ouvrir les bouches d&rsquo;incendie, c&rsquo;est interdit ! En plus de gaspiller de l&rsquo;eau, cette pratique est dangereuse et mobilise inutilement les services de secours.<\/span><\/strong><\/h2>\n<\/div>\n<p><!--more--><\/p>\n<div class=\"cxmmr5t8 oygrvhab hcukyx3x c1et5uql o9v6fnle ii04i59q\">\n<div dir=\"auto\">Il est strictement interdit d\u2019ouvrir les bouches\/poteaux incendie, m\u00eame durant les p\u00e9riodes de fortes chaleurs. Cet usage r\u00e9cr\u00e9atif d&rsquo;un dispositif de secours, est bien entendu totalement ill\u00e9gal et occasionne la perte de millions de litres d&rsquo;eau par an.<\/div>\n<\/div>\n<div class=\"cxmmr5t8 oygrvhab hcukyx3x c1et5uql o9v6fnle ii04i59q\">\n<h3 dir=\"auto\"><strong><span style=\"font-size: 12pt;\">Initialement employ\u00e9s pour se rafraichir en p\u00e9riode de forte chaleur, ces geysers en pleine rue peuvent s\u2019av\u00e9rer dangereux :<\/span><\/strong><\/h3>\n<ul>\n<li dir=\"auto\">Risque de p\u00e9nurie d\u2019eau pour les sapeurs-pompiers ;<\/li>\n<li dir=\"auto\">Accidents de la route ou corporels \u00e0 cause de la pr\u00e9sence d\u2019eau sur la chauss\u00e9e ;<\/li>\n<li dir=\"auto\">Projection en arri\u00e8re d\u00fb \u00e0 la pression du jet d\u2019eau ;<\/li>\n<li dir=\"auto\">Risques d\u2019\u00e9lectrocutions en cas d\u2019inondations d\u2019\u00e9quipements \u00e9lectriques ;<\/li>\n<li dir=\"auto\">D\u00e9gradations mat\u00e9rielles dues \u00e0 l\u2019inondation des caves et parkings ;<\/li>\n<li dir=\"auto\">Mobilisation inutile des services de secours.<\/li>\n<\/ul>\n<\/div>\n<div class=\"cxmmr5t8 oygrvhab hcukyx3x c1et5uql o9v6fnle ii04i59q\">\n<div dir=\"auto\">Ouvrir les bouches incendie p\u00e9nalise les sapeurs-pompiers et peut s&rsquo;av\u00e9rer dangereux en cas de p\u00e9nurie d&rsquo;eau. En effet, les p\u00e9riodes de fortes chaleurs peuvent provoquer des incendies et feux de for\u00eats, face auxquels il est indispensable que les bouches\/poteaux incendie soient suffisamment approvisionn\u00e9es en eau. Pour se rafra\u00eechir ou s\u2019amuser, rendez-vous dans les lieux ad\u00e9quats tels que des piscines, des plans d\u2019eau autoris\u00e9s pour la baignade, etc.<\/div>\n<\/div>\n<div class=\"cxmmr5t8 oygrvhab hcukyx3x c1et5uql o9v6fnle ii04i59q\">\n<div dir=\"auto\"><\/div>\n<div dir=\"auto\"><a href=\"\/2022\/07\/295872942_371581855120893_6870598802468733317_n.jpg\" target=\"_blank\" rel=\"noopener\"><img decoding=\"async\" class=\"aligncenter wp-image-187790 size-full\" src=\"\/2022\/07\/295872942_371581855120893_6870598802468733317_n.jpg\" alt=\"295872942_371581855120893_6870598802468733317_n\" width=\"1024\" height=\"1024\" \/><\/a><\/div>\n<\/div>\n<p>&nbsp;<\/p>\n","protected":false},"excerpt":{"rendered":"<p>La Pr\u00e9fecture des Vosges tient \u00e0 rappeler en cette fin de mois de juillet qu&rsquo;ouvrir les bouches d&rsquo;incendie, c&rsquo;est interdit [&hellip;]<\/p>\n","protected":false},"author":44,"featured_media":56258,"comment_status":"open","ping_status":"open","sticky":false,"template":"","format":"standard","meta":{"footnotes":""},"categories":[460,18],"tags":[550,12204],"class_list":["post-56257","post","type-post","status-publish","format-standard","has-post-thumbnail","hentry","category-a-la-une","category-vosges","tag-prefecture-des-vosges","tag-street-pooling"],"acf":[],"yoast_head":"<!-- This site is optimized with the Yoast SEO plugin v22.5 - https:\/\/yoast.com\/wordpress\/plugins\/seo\/ -->\n<title>Vosges \u2013 Ouvrir les bouches d&#039;incendie pour se rafraichir, c&#039;est interdit ! - Saint Die Info<\/title>\n<meta name=\"robots\" content=\"index, follow, max-snippet:-1, max-image-preview:large, max-video-preview:-1\" \/>\n<link rel=\"canonical\" href=\"https:\/\/vosgesinfo.fr\/saintdieinfo\/2022\/07\/vosges-ouvrir-bouches-dincendie-se-rafraichir-cest-interdit\/\" \/>\n<meta name=\"twitter:card\" content=\"summary_large_image\" \/>\n<meta name=\"twitter:title\" content=\"Vosges \u2013 Ouvrir les bouches d&#039;incendie pour se rafraichir, c&#039;est interdit ! - Saint Die Info\" \/>\n<meta name=\"twitter:description\" content=\"La Pr\u00e9fecture des Vosges tient \u00e0 rappeler en cette fin de mois de juillet qu&rsquo;ouvrir les bouches d&rsquo;incendie, c&rsquo;est interdit [&hellip;]\" \/>\n<meta name=\"twitter:image\" content=\"https:\/\/vosgesinfo.fr\/app\/uploads\/sites\/4\/2024\/08\/202207295872942-371581855120893-6870598802468733317-n.jpg\" \/>\n<meta name=\"twitter:creator\" content=\"@VosgesInfo88\" \/>\n<meta name=\"twitter:site\" content=\"@VosgesInfo88\" \/>\n<meta name=\"twitter:label1\" content=\"\u00c9crit par\" \/>\n\t<meta name=\"twitter:data1\" content=\"la r\u00e9daction\" \/>\n\t<meta name=\"twitter:label2\" content=\"Dur\u00e9e de lecture estim\u00e9e\" \/>\n\t<meta name=\"twitter:data2\" content=\"1 minute\" \/>\n<script type=\"application\/ld+json\" class=\"yoast-schema-graph\">{\"@context\":\"https:\/\/schema.org\",\"@graph\":[{\"@type\":\"Article\",\"@id\":\"https:\/\/vosgesinfo.fr\/saintdieinfo\/2022\/07\/vosges-ouvrir-bouches-dincendie-se-rafraichir-cest-interdit\/#article\",\"isPartOf\":{\"@id\":\"https:\/\/vosgesinfo.fr\/saintdieinfo\/2022\/07\/vosges-ouvrir-bouches-dincendie-se-rafraichir-cest-interdit\/\"},\"author\":{\"name\":\"la r\u00e9daction\",\"@id\":\"https:\/\/vosgesinfo.fr\/saintdieinfo\/#\/schema\/person\/faee6704a21f3977511db84bd1cd450f\"},\"headline\":\"Vosges \u2013 Ouvrir les bouches d&rsquo;incendie pour se rafraichir, c&rsquo;est interdit !\",\"datePublished\":\"2022-07-29T12:30:28+00:00\",\"dateModified\":\"2022-07-29T12:30:28+00:00\",\"mainEntityOfPage\":{\"@id\":\"https:\/\/vosgesinfo.fr\/saintdieinfo\/2022\/07\/vosges-ouvrir-bouches-dincendie-se-rafraichir-cest-interdit\/\"},\"wordCount\":268,\"commentCount\":0,\"publisher\":{\"@id\":\"https:\/\/vosgesinfo.fr\/saintdieinfo\/#organization\"},\"image\":{\"@id\":\"https:\/\/vosgesinfo.fr\/saintdieinfo\/2022\/07\/vosges-ouvrir-bouches-dincendie-se-rafraichir-cest-interdit\/#primaryimage\"},\"thumbnailUrl\":\"https:\/\/vosgesinfo.fr\/app\/uploads\/sites\/4\/2024\/08\/202207295872942-371581855120893-6870598802468733317-n.jpg\",\"keywords\":[\"pr\u00e9fecture des Vosges\",\"Street pooling\"],\"articleSection\":[\"A la Une\",\"Vosges\"],\"inLanguage\":\"fr-FR\",\"potentialAction\":[{\"@type\":\"CommentAction\",\"name\":\"Comment\",\"target\":[\"https:\/\/vosgesinfo.fr\/saintdieinfo\/2022\/07\/vosges-ouvrir-bouches-dincendie-se-rafraichir-cest-interdit\/#respond\"]}]},{\"@type\":\"WebPage\",\"@id\":\"https:\/\/vosgesinfo.fr\/saintdieinfo\/2022\/07\/vosges-ouvrir-bouches-dincendie-se-rafraichir-cest-interdit\/\",\"url\":\"https:\/\/vosgesinfo.fr\/saintdieinfo\/2022\/07\/vosges-ouvrir-bouches-dincendie-se-rafraichir-cest-interdit\/\",\"name\":\"Vosges \u2013 Ouvrir les bouches d'incendie pour se rafraichir, c'est interdit ! - Saint Die Info\",\"isPartOf\":{\"@id\":\"https:\/\/vosgesinfo.fr\/saintdieinfo\/#website\"},\"primaryImageOfPage\":{\"@id\":\"https:\/\/vosgesinfo.fr\/saintdieinfo\/2022\/07\/vosges-ouvrir-bouches-dincendie-se-rafraichir-cest-interdit\/#primaryimage\"},\"image\":{\"@id\":\"https:\/\/vosgesinfo.fr\/saintdieinfo\/2022\/07\/vosges-ouvrir-bouches-dincendie-se-rafraichir-cest-interdit\/#primaryimage\"},\"thumbnailUrl\":\"https:\/\/vosgesinfo.fr\/app\/uploads\/sites\/4\/2024\/08\/202207295872942-371581855120893-6870598802468733317-n.jpg\",\"datePublished\":\"2022-07-29T12:30:28+00:00\",\"dateModified\":\"2022-07-29T12:30:28+00:00\",\"breadcrumb\":{\"@id\":\"https:\/\/vosgesinfo.fr\/saintdieinfo\/2022\/07\/vosges-ouvrir-bouches-dincendie-se-rafraichir-cest-interdit\/#breadcrumb\"},\"inLanguage\":\"fr-FR\",\"potentialAction\":[{\"@type\":\"ReadAction\",\"target\":[\"https:\/\/vosgesinfo.fr\/saintdieinfo\/2022\/07\/vosges-ouvrir-bouches-dincendie-se-rafraichir-cest-interdit\/\"]}]},{\"@type\":\"ImageObject\",\"inLanguage\":\"fr-FR\",\"@id\":\"https:\/\/vosgesinfo.fr\/saintdieinfo\/2022\/07\/vosges-ouvrir-bouches-dincendie-se-rafraichir-cest-interdit\/#primaryimage\",\"url\":\"https:\/\/vosgesinfo.fr\/app\/uploads\/sites\/4\/2024\/08\/202207295872942-371581855120893-6870598802468733317-n.jpg\",\"contentUrl\":\"https:\/\/vosgesinfo.fr\/app\/uploads\/sites\/4\/2024\/08\/202207295872942-371581855120893-6870598802468733317-n.jpg\",\"width\":1024,\"height\":1024},{\"@type\":\"BreadcrumbList\",\"@id\":\"https:\/\/vosgesinfo.fr\/saintdieinfo\/2022\/07\/vosges-ouvrir-bouches-dincendie-se-rafraichir-cest-interdit\/#breadcrumb\",\"itemListElement\":[{\"@type\":\"ListItem\",\"position\":1,\"name\":\"Home\",\"item\":\"https:\/\/vosgesinfo.fr\/saintdieinfo\/\"},{\"@type\":\"ListItem\",\"position\":2,\"name\":\"Vosges \u2013 Ouvrir les bouches d&rsquo;incendie pour se rafraichir, c&rsquo;est interdit !\"}]},{\"@type\":\"WebSite\",\"@id\":\"https:\/\/vosgesinfo.fr\/saintdieinfo\/#website\",\"url\":\"https:\/\/vosgesinfo.fr\/saintdieinfo\/\",\"name\":\"Saint Die Info\",\"description\":\"Toute l&#039;actualit\u00e9 de Saint-Di\u00e9-Des-Vosges\",\"publisher\":{\"@id\":\"https:\/\/vosgesinfo.fr\/saintdieinfo\/#organization\"},\"alternateName\":\"Toute l'actualit\u00e9 de Saint-Di\u00e9-Des-Vosges\",\"potentialAction\":[{\"@type\":\"SearchAction\",\"target\":{\"@type\":\"EntryPoint\",\"urlTemplate\":\"https:\/\/vosgesinfo.fr\/saintdieinfo\/?s={search_term_string}\"},\"query-input\":\"required name=search_term_string\"}],\"inLanguage\":\"fr-FR\"},{\"@type\":\"Organization\",\"@id\":\"https:\/\/vosgesinfo.fr\/saintdieinfo\/#organization\",\"name\":\"Saint Die Info\",\"url\":\"https:\/\/vosgesinfo.fr\/saintdieinfo\/\",\"logo\":{\"@type\":\"ImageObject\",\"inLanguage\":\"fr-FR\",\"@id\":\"https:\/\/vosgesinfo.fr\/saintdieinfo\/#\/schema\/logo\/image\/\",\"url\":\"https:\/\/vosgesinfo.fr\/app\/uploads\/sites\/4\/2024\/02\/logo-sdi.jpg\",\"contentUrl\":\"https:\/\/vosgesinfo.fr\/app\/uploads\/sites\/4\/2024\/02\/logo-sdi.jpg\",\"width\":600,\"height\":600,\"caption\":\"Saint Die Info\"},\"image\":{\"@id\":\"https:\/\/vosgesinfo.fr\/saintdieinfo\/#\/schema\/logo\/image\/\"},\"sameAs\":[\"https:\/\/www.facebook.com\/Saintdieinfofr\",\"https:\/\/x.com\/VosgesInfo88\",\"https:\/\/www.youtube.com\/@vosgesinfo\"]},{\"@type\":\"Person\",\"@id\":\"https:\/\/vosgesinfo.fr\/saintdieinfo\/#\/schema\/person\/faee6704a21f3977511db84bd1cd450f\",\"name\":\"la r\u00e9daction\",\"image\":{\"@type\":\"ImageObject\",\"inLanguage\":\"fr-FR\",\"@id\":\"https:\/\/vosgesinfo.fr\/saintdieinfo\/#\/schema\/person\/image\/\",\"url\":\"https:\/\/secure.gravatar.com\/avatar\/6673d8bc6a9c17fa9a453eaa3448de834fa308c2ec9635b7aa99441a7c8d2cf6?s=96&d=mm&r=g\",\"contentUrl\":\"https:\/\/secure.gravatar.com\/avatar\/6673d8bc6a9c17fa9a453eaa3448de834fa308c2ec9635b7aa99441a7c8d2cf6?s=96&d=mm&r=g\",\"caption\":\"la r\u00e9daction\"},\"url\":\"https:\/\/vosgesinfo.fr\/saintdieinfo\/author\/redac\/\"}]}<\/script>\n<!-- \/ Yoast SEO plugin. -->","yoast_head_json":{"title":"Vosges \u2013 Ouvrir les bouches d'incendie pour se rafraichir, c'est interdit ! - Saint Die Info","robots":{"index":"index","follow":"follow","max-snippet":"max-snippet:-1","max-image-preview":"max-image-preview:large","max-video-preview":"max-video-preview:-1"},"canonical":"https:\/\/vosgesinfo.fr\/saintdieinfo\/2022\/07\/vosges-ouvrir-bouches-dincendie-se-rafraichir-cest-interdit\/","twitter_card":"summary_large_image","twitter_title":"Vosges \u2013 Ouvrir les bouches d'incendie pour se rafraichir, c'est interdit ! - Saint Die Info","twitter_description":"La Pr\u00e9fecture des Vosges tient \u00e0 rappeler en cette fin de mois de juillet qu&rsquo;ouvrir les bouches d&rsquo;incendie, c&rsquo;est interdit [&hellip;]","twitter_image":"https:\/\/vosgesinfo.fr\/app\/uploads\/sites\/4\/2024\/08\/202207295872942-371581855120893-6870598802468733317-n.jpg","twitter_creator":"@VosgesInfo88","twitter_site":"@VosgesInfo88","twitter_misc":{"\u00c9crit par":"la r\u00e9daction","Dur\u00e9e de lecture estim\u00e9e":"1 minute"},"schema":{"@context":"https:\/\/schema.org","@graph":[{"@type":"Article","@id":"https:\/\/vosgesinfo.fr\/saintdieinfo\/2022\/07\/vosges-ouvrir-bouches-dincendie-se-rafraichir-cest-interdit\/#article","isPartOf":{"@id":"https:\/\/vosgesinfo.fr\/saintdieinfo\/2022\/07\/vosges-ouvrir-bouches-dincendie-se-rafraichir-cest-interdit\/"},"author":{"name":"la r\u00e9daction","@id":"https:\/\/vosgesinfo.fr\/saintdieinfo\/#\/schema\/person\/faee6704a21f3977511db84bd1cd450f"},"headline":"Vosges \u2013 Ouvrir les bouches d&rsquo;incendie pour se rafraichir, c&rsquo;est interdit !","datePublished":"2022-07-29T12:30:28+00:00","dateModified":"2022-07-29T12:30:28+00:00","mainEntityOfPage":{"@id":"https:\/\/vosgesinfo.fr\/saintdieinfo\/2022\/07\/vosges-ouvrir-bouches-dincendie-se-rafraichir-cest-interdit\/"},"wordCount":268,"commentCount":0,"publisher":{"@id":"https:\/\/vosgesinfo.fr\/saintdieinfo\/#organization"},"image":{"@id":"https:\/\/vosgesinfo.fr\/saintdieinfo\/2022\/07\/vosges-ouvrir-bouches-dincendie-se-rafraichir-cest-interdit\/#primaryimage"},"thumbnailUrl":"https:\/\/vosgesinfo.fr\/app\/uploads\/sites\/4\/2024\/08\/202207295872942-371581855120893-6870598802468733317-n.jpg","keywords":["pr\u00e9fecture des Vosges","Street pooling"],"articleSection":["A la Une","Vosges"],"inLanguage":"fr-FR","potentialAction":[{"@type":"CommentAction","name":"Comment","target":["https:\/\/vosgesinfo.fr\/saintdieinfo\/2022\/07\/vosges-ouvrir-bouches-dincendie-se-rafraichir-cest-interdit\/#respond"]}]},{"@type":"WebPage","@id":"https:\/\/vosgesinfo.fr\/saintdieinfo\/2022\/07\/vosges-ouvrir-bouches-dincendie-se-rafraichir-cest-interdit\/","url":"https:\/\/vosgesinfo.fr\/saintdieinfo\/2022\/07\/vosges-ouvrir-bouches-dincendie-se-rafraichir-cest-interdit\/","name":"Vosges \u2013 Ouvrir les bouches d'incendie pour se rafraichir, c'est interdit ! - Saint Die Info","isPartOf":{"@id":"https:\/\/vosgesinfo.fr\/saintdieinfo\/#website"},"primaryImageOfPage":{"@id":"https:\/\/vosgesinfo.fr\/saintdieinfo\/2022\/07\/vosges-ouvrir-bouches-dincendie-se-rafraichir-cest-interdit\/#primaryimage"},"image":{"@id":"https:\/\/vosgesinfo.fr\/saintdieinfo\/2022\/07\/vosges-ouvrir-bouches-dincendie-se-rafraichir-cest-interdit\/#primaryimage"},"thumbnailUrl":"https:\/\/vosgesinfo.fr\/app\/uploads\/sites\/4\/2024\/08\/202207295872942-371581855120893-6870598802468733317-n.jpg","datePublished":"2022-07-29T12:30:28+00:00","dateModified":"2022-07-29T12:30:28+00:00","breadcrumb":{"@id":"https:\/\/vosgesinfo.fr\/saintdieinfo\/2022\/07\/vosges-ouvrir-bouches-dincendie-se-rafraichir-cest-interdit\/#breadcrumb"},"inLanguage":"fr-FR","potentialAction":[{"@type":"ReadAction","target":["https:\/\/vosgesinfo.fr\/saintdieinfo\/2022\/07\/vosges-ouvrir-bouches-dincendie-se-rafraichir-cest-interdit\/"]}]},{"@type":"ImageObject","inLanguage":"fr-FR","@id":"https:\/\/vosgesinfo.fr\/saintdieinfo\/2022\/07\/vosges-ouvrir-bouches-dincendie-se-rafraichir-cest-interdit\/#primaryimage","url":"https:\/\/vosgesinfo.fr\/app\/uploads\/sites\/4\/2024\/08\/202207295872942-371581855120893-6870598802468733317-n.jpg","contentUrl":"https:\/\/vosgesinfo.fr\/app\/uploads\/sites\/4\/2024\/08\/202207295872942-371581855120893-6870598802468733317-n.jpg","width":1024,"height":1024},{"@type":"BreadcrumbList","@id":"https:\/\/vosgesinfo.fr\/saintdieinfo\/2022\/07\/vosges-ouvrir-bouches-dincendie-se-rafraichir-cest-interdit\/#breadcrumb","itemListElement":[{"@type":"ListItem","position":1,"name":"Home","item":"https:\/\/vosgesinfo.fr\/saintdieinfo\/"},{"@type":"ListItem","position":2,"name":"Vosges \u2013 Ouvrir les bouches d&rsquo;incendie pour se rafraichir, c&rsquo;est interdit !"}]},{"@type":"WebSite","@id":"https:\/\/vosgesinfo.fr\/saintdieinfo\/#website","url":"https:\/\/vosgesinfo.fr\/saintdieinfo\/","name":"Saint Die Info","description":"Toute l&#039;actualit\u00e9 de Saint-Di\u00e9-Des-Vosges","publisher":{"@id":"https:\/\/vosgesinfo.fr\/saintdieinfo\/#organization"},"alternateName":"Toute l'actualit\u00e9 de Saint-Di\u00e9-Des-Vosges","potentialAction":[{"@type":"SearchAction","target":{"@type":"EntryPoint","urlTemplate":"https:\/\/vosgesinfo.fr\/saintdieinfo\/?s={search_term_string}"},"query-input":"required name=search_term_string"}],"inLanguage":"fr-FR"},{"@type":"Organization","@id":"https:\/\/vosgesinfo.fr\/saintdieinfo\/#organization","name":"Saint Die Info","url":"https:\/\/vosgesinfo.fr\/saintdieinfo\/","logo":{"@type":"ImageObject","inLanguage":"fr-FR","@id":"https:\/\/vosgesinfo.fr\/saintdieinfo\/#\/schema\/logo\/image\/","url":"https:\/\/vosgesinfo.fr\/app\/uploads\/sites\/4\/2024\/02\/logo-sdi.jpg","contentUrl":"https:\/\/vosgesinfo.fr\/app\/uploads\/sites\/4\/2024\/02\/logo-sdi.jpg","width":600,"height":600,"caption":"Saint Die Info"},"image":{"@id":"https:\/\/vosgesinfo.fr\/saintdieinfo\/#\/schema\/logo\/image\/"},"sameAs":["https:\/\/www.facebook.com\/Saintdieinfofr","https:\/\/x.com\/VosgesInfo88","https:\/\/www.youtube.com\/@vosgesinfo"]},{"@type":"Person","@id":"https:\/\/vosgesinfo.fr\/saintdieinfo\/#\/schema\/person\/faee6704a21f3977511db84bd1cd450f","name":"la r\u00e9daction","image":{"@type":"ImageObject","inLanguage":"fr-FR","@id":"https:\/\/vosgesinfo.fr\/saintdieinfo\/#\/schema\/person\/image\/","url":"https:\/\/secure.gravatar.com\/avatar\/6673d8bc6a9c17fa9a453eaa3448de834fa308c2ec9635b7aa99441a7c8d2cf6?s=96&d=mm&r=g","contentUrl":"https:\/\/secure.gravatar.com\/avatar\/6673d8bc6a9c17fa9a453eaa3448de834fa308c2ec9635b7aa99441a7c8d2cf6?s=96&d=mm&r=g","caption":"la r\u00e9daction"},"url":"https:\/\/vosgesinfo.fr\/saintdieinfo\/author\/redac\/"}]}},"_links":{"self":[{"href":"https:\/\/vosgesinfo.fr\/saintdieinfo\/wp-json\/wp\/v2\/posts\/56257","targetHints":{"allow":["GET"]}}],"collection":[{"href":"https:\/\/vosgesinfo.fr\/saintdieinfo\/wp-json\/wp\/v2\/posts"}],"about":[{"href":"https:\/\/vosgesinfo.fr\/saintdieinfo\/wp-json\/wp\/v2\/types\/post"}],"author":[{"embeddable":true,"href":"https:\/\/vosgesinfo.fr\/saintdieinfo\/wp-json\/wp\/v2\/users\/44"}],"replies":[{"embeddable":true,"href":"https:\/\/vosgesinfo.fr\/saintdieinfo\/wp-json\/wp\/v2\/comments?post=56257"}],"version-history":[{"count":0,"href":"https:\/\/vosgesinfo.fr\/saintdieinfo\/wp-json\/wp\/v2\/posts\/56257\/revisions"}],"wp:featuredmedia":[{"embeddable":true,"href":"https:\/\/vosgesinfo.fr\/saintdieinfo\/wp-json\/wp\/v2\/media\/56258"}],"wp:attachment":[{"href":"https:\/\/vosgesinfo.fr\/saintdieinfo\/wp-json\/wp\/v2\/media?parent=56257"}],"wp:term":[{"taxonomy":"category","embeddable":true,"href":"https:\/\/vosgesinfo.fr\/saintdieinfo\/wp-json\/wp\/v2\/categories?post=56257"},{"taxonomy":"post_tag","embeddable":true,"href":"https:\/\/vosgesinfo.fr\/saintdieinfo\/wp-json\/wp\/v2\/tags?post=56257"}],"curies":[{"name":"wp","href":"https:\/\/api.w.org\/{rel}","templated":true}]}}