{"id":56503,"date":"2022-08-07T10:23:47","date_gmt":"2022-08-07T08:23:47","guid":{"rendered":"https:\/\/vosgesinfo.fr\/saintdieinfo\/2022\/08\/incendies-10-sapeurs-pompiers-vosgiens-renfort-gironde\/"},"modified":"2022-08-07T10:23:47","modified_gmt":"2022-08-07T08:23:47","slug":"incendies-10-sapeurs-pompiers-vosgiens-renfort-gironde","status":"publish","type":"post","link":"https:\/\/vosgesinfo.fr\/saintdieinfo\/2022\/08\/incendies-10-sapeurs-pompiers-vosgiens-renfort-gironde\/","title":{"rendered":"Incendies\u00a0: 10 sapeurs-pompiers vosgiens en renfort en Gironde"},"content":{"rendered":"<div id=\"attachment_188170\" style=\"width: 970px\" class=\"wp-caption aligncenter\"><a href=\"\/2022\/08\/Renfort_SP-1.jpg\" target=\"_blank\" rel=\"noopener\"><img decoding=\"async\" aria-describedby=\"caption-attachment-188170\" class=\"wp-image-188170 size-full\" src=\"\/2022\/08\/Renfort_SP-1.jpg\" alt=\"Renfort_SP (1)\" width=\"960\" height=\"720\" \/><\/a><p id=\"caption-attachment-188170\" class=\"wp-caption-text\">(Photographies SDIS88)<\/p><\/div>\n<h2><strong><span style=\"font-family: Calibri, sans-serif; font-size: 14pt;\">T\u00f4t ce dimanche matin, 10 sapeurs-pompiers vosgiens de la colonne Feux de For\u00eat \u2013 FDF \u2013 Est Bravo ont pris le d\u00e9part en direction de la Gironde, dans le cadre de la solidarit\u00e9 nationale afin d&rsquo;apporter un renfort sur les incendies qui font toujours rage. Plus particuli\u00e8rement sur les feux de Landiras et La Teste-de-Buch.<\/span><\/strong><\/h2>\n<p><!--more--><\/p>\n<p><span style=\"font-family: Calibri, sans-serif;\"><span style=\"font-size: large;\">Etaient pr\u00e9sents pour assister au d\u00e9part de R\u00e9gine Begel, premi\u00e8re vice-pr\u00e9sidente du SDIS88, et David Percheron, secr\u00e9taire g\u00e9n\u00e9ral de la Pr\u00e9fecture des Vosges et repr\u00e9sentant du pr\u00e9fet Yves Seguy. Depuis le d\u00e9but de la saison estivale, ce sont pr\u00e8s de 50 sapeurs-pompiers du SDIS88 qui ont particip\u00e9 aux renforts extra-d\u00e9partementaux.<\/span><\/span><\/p>\n<p>J.J.<\/p>\n<p><a href=\"\/2022\/08\/Renfort_SP-2.jpg\" target=\"_blank\" rel=\"noopener\"><img decoding=\"async\" class=\"aligncenter wp-image-188171 size-full\" src=\"\/2022\/08\/Renfort_SP-2.jpg\" alt=\"Renfort_SP (2)\" width=\"613\" height=\"459\" \/><\/a><\/p>\n","protected":false},"excerpt":{"rendered":"<p>T\u00f4t ce dimanche matin, 10 sapeurs-pompiers vosgiens de la colonne Feux de For\u00eat \u2013 FDF \u2013 Est Bravo ont pris [&hellip;]<\/p>\n","protected":false},"author":44,"featured_media":56504,"comment_status":"open","ping_status":"open","sticky":false,"template":"","format":"standard","meta":{"footnotes":""},"categories":[460,18],"tags":[12278,4217,12279,1017,1553],"class_list":["post-56503","post","type-post","status-publish","format-standard","has-post-thumbnail","hentry","category-a-la-une","category-vosges","tag-colonne-feux-de-foret-est-bravo","tag-feux-de-forets","tag-renfort-en-gironde","tag-sapeurs-pompiers-des-vosges","tag-sdis88"],"acf":[],"yoast_head":"<!-- This site is optimized with the Yoast SEO plugin v22.5 - https:\/\/yoast.com\/wordpress\/plugins\/seo\/ -->\n<title>Incendies\u00a0: 10 sapeurs-pompiers vosgiens en renfort en Gironde - Saint Die Info<\/title>\n<meta name=\"robots\" content=\"index, follow, max-snippet:-1, max-image-preview:large, max-video-preview:-1\" \/>\n<link rel=\"canonical\" href=\"https:\/\/vosgesinfo.fr\/saintdieinfo\/2022\/08\/incendies-10-sapeurs-pompiers-vosgiens-renfort-gironde\/\" \/>\n<meta name=\"twitter:card\" content=\"summary_large_image\" \/>\n<meta name=\"twitter:title\" content=\"Incendies\u00a0: 10 sapeurs-pompiers vosgiens en renfort en Gironde - Saint Die Info\" \/>\n<meta name=\"twitter:description\" content=\"T\u00f4t ce dimanche matin, 10 sapeurs-pompiers vosgiens de la colonne Feux de For\u00eat \u2013 FDF \u2013 Est Bravo ont pris [&hellip;]\" \/>\n<meta name=\"twitter:image\" content=\"https:\/\/vosgesinfo.fr\/app\/uploads\/sites\/4\/2024\/08\/202208renfort-sp-1.jpg\" \/>\n<meta name=\"twitter:creator\" content=\"@VosgesInfo88\" \/>\n<meta name=\"twitter:site\" content=\"@VosgesInfo88\" \/>\n<meta name=\"twitter:label1\" content=\"\u00c9crit par\" \/>\n\t<meta name=\"twitter:data1\" content=\"la r\u00e9daction\" \/>\n\t<meta name=\"twitter:label2\" content=\"Dur\u00e9e de lecture estim\u00e9e\" \/>\n\t<meta name=\"twitter:data2\" content=\"1 minute\" \/>\n<script type=\"application\/ld+json\" class=\"yoast-schema-graph\">{\"@context\":\"https:\/\/schema.org\",\"@graph\":[{\"@type\":\"Article\",\"@id\":\"https:\/\/vosgesinfo.fr\/saintdieinfo\/2022\/08\/incendies-10-sapeurs-pompiers-vosgiens-renfort-gironde\/#article\",\"isPartOf\":{\"@id\":\"https:\/\/vosgesinfo.fr\/saintdieinfo\/2022\/08\/incendies-10-sapeurs-pompiers-vosgiens-renfort-gironde\/\"},\"author\":{\"name\":\"la r\u00e9daction\",\"@id\":\"https:\/\/vosgesinfo.fr\/saintdieinfo\/#\/schema\/person\/faee6704a21f3977511db84bd1cd450f\"},\"headline\":\"Incendies\u00a0: 10 sapeurs-pompiers vosgiens en renfort en Gironde\",\"datePublished\":\"2022-08-07T08:23:47+00:00\",\"dateModified\":\"2022-08-07T08:23:47+00:00\",\"mainEntityOfPage\":{\"@id\":\"https:\/\/vosgesinfo.fr\/saintdieinfo\/2022\/08\/incendies-10-sapeurs-pompiers-vosgiens-renfort-gironde\/\"},\"wordCount\":138,\"commentCount\":0,\"publisher\":{\"@id\":\"https:\/\/vosgesinfo.fr\/saintdieinfo\/#organization\"},\"image\":{\"@id\":\"https:\/\/vosgesinfo.fr\/saintdieinfo\/2022\/08\/incendies-10-sapeurs-pompiers-vosgiens-renfort-gironde\/#primaryimage\"},\"thumbnailUrl\":\"https:\/\/vosgesinfo.fr\/app\/uploads\/sites\/4\/2024\/08\/202208renfort-sp-1.jpg\",\"keywords\":[\"Colonne Feux de For\u00eat Est Bravo\",\"Feux de for\u00eats\",\"Renfort en Gironde\",\"sapeurs-pompiers des Vosges\",\"Sdis88\"],\"articleSection\":[\"A la Une\",\"Vosges\"],\"inLanguage\":\"fr-FR\",\"potentialAction\":[{\"@type\":\"CommentAction\",\"name\":\"Comment\",\"target\":[\"https:\/\/vosgesinfo.fr\/saintdieinfo\/2022\/08\/incendies-10-sapeurs-pompiers-vosgiens-renfort-gironde\/#respond\"]}]},{\"@type\":\"WebPage\",\"@id\":\"https:\/\/vosgesinfo.fr\/saintdieinfo\/2022\/08\/incendies-10-sapeurs-pompiers-vosgiens-renfort-gironde\/\",\"url\":\"https:\/\/vosgesinfo.fr\/saintdieinfo\/2022\/08\/incendies-10-sapeurs-pompiers-vosgiens-renfort-gironde\/\",\"name\":\"Incendies\u00a0: 10 sapeurs-pompiers vosgiens en renfort en Gironde - Saint Die Info\",\"isPartOf\":{\"@id\":\"https:\/\/vosgesinfo.fr\/saintdieinfo\/#website\"},\"primaryImageOfPage\":{\"@id\":\"https:\/\/vosgesinfo.fr\/saintdieinfo\/2022\/08\/incendies-10-sapeurs-pompiers-vosgiens-renfort-gironde\/#primaryimage\"},\"image\":{\"@id\":\"https:\/\/vosgesinfo.fr\/saintdieinfo\/2022\/08\/incendies-10-sapeurs-pompiers-vosgiens-renfort-gironde\/#primaryimage\"},\"thumbnailUrl\":\"https:\/\/vosgesinfo.fr\/app\/uploads\/sites\/4\/2024\/08\/202208renfort-sp-1.jpg\",\"datePublished\":\"2022-08-07T08:23:47+00:00\",\"dateModified\":\"2022-08-07T08:23:47+00:00\",\"breadcrumb\":{\"@id\":\"https:\/\/vosgesinfo.fr\/saintdieinfo\/2022\/08\/incendies-10-sapeurs-pompiers-vosgiens-renfort-gironde\/#breadcrumb\"},\"inLanguage\":\"fr-FR\",\"potentialAction\":[{\"@type\":\"ReadAction\",\"target\":[\"https:\/\/vosgesinfo.fr\/saintdieinfo\/2022\/08\/incendies-10-sapeurs-pompiers-vosgiens-renfort-gironde\/\"]}]},{\"@type\":\"ImageObject\",\"inLanguage\":\"fr-FR\",\"@id\":\"https:\/\/vosgesinfo.fr\/saintdieinfo\/2022\/08\/incendies-10-sapeurs-pompiers-vosgiens-renfort-gironde\/#primaryimage\",\"url\":\"https:\/\/vosgesinfo.fr\/app\/uploads\/sites\/4\/2024\/08\/202208renfort-sp-1.jpg\",\"contentUrl\":\"https:\/\/vosgesinfo.fr\/app\/uploads\/sites\/4\/2024\/08\/202208renfort-sp-1.jpg\",\"width\":960,\"height\":720},{\"@type\":\"BreadcrumbList\",\"@id\":\"https:\/\/vosgesinfo.fr\/saintdieinfo\/2022\/08\/incendies-10-sapeurs-pompiers-vosgiens-renfort-gironde\/#breadcrumb\",\"itemListElement\":[{\"@type\":\"ListItem\",\"position\":1,\"name\":\"Home\",\"item\":\"https:\/\/vosgesinfo.fr\/saintdieinfo\/\"},{\"@type\":\"ListItem\",\"position\":2,\"name\":\"Incendies\u00a0: 10 sapeurs-pompiers vosgiens en renfort en Gironde\"}]},{\"@type\":\"WebSite\",\"@id\":\"https:\/\/vosgesinfo.fr\/saintdieinfo\/#website\",\"url\":\"https:\/\/vosgesinfo.fr\/saintdieinfo\/\",\"name\":\"Saint Die Info\",\"description\":\"Toute l&#039;actualit\u00e9 de Saint-Di\u00e9-Des-Vosges\",\"publisher\":{\"@id\":\"https:\/\/vosgesinfo.fr\/saintdieinfo\/#organization\"},\"alternateName\":\"Toute l'actualit\u00e9 de Saint-Di\u00e9-Des-Vosges\",\"potentialAction\":[{\"@type\":\"SearchAction\",\"target\":{\"@type\":\"EntryPoint\",\"urlTemplate\":\"https:\/\/vosgesinfo.fr\/saintdieinfo\/?s={search_term_string}\"},\"query-input\":\"required name=search_term_string\"}],\"inLanguage\":\"fr-FR\"},{\"@type\":\"Organization\",\"@id\":\"https:\/\/vosgesinfo.fr\/saintdieinfo\/#organization\",\"name\":\"Saint Die Info\",\"url\":\"https:\/\/vosgesinfo.fr\/saintdieinfo\/\",\"logo\":{\"@type\":\"ImageObject\",\"inLanguage\":\"fr-FR\",\"@id\":\"https:\/\/vosgesinfo.fr\/saintdieinfo\/#\/schema\/logo\/image\/\",\"url\":\"https:\/\/vosgesinfo.fr\/app\/uploads\/sites\/4\/2024\/02\/logo-sdi.jpg\",\"contentUrl\":\"https:\/\/vosgesinfo.fr\/app\/uploads\/sites\/4\/2024\/02\/logo-sdi.jpg\",\"width\":600,\"height\":600,\"caption\":\"Saint Die Info\"},\"image\":{\"@id\":\"https:\/\/vosgesinfo.fr\/saintdieinfo\/#\/schema\/logo\/image\/\"},\"sameAs\":[\"https:\/\/www.facebook.com\/Saintdieinfofr\",\"https:\/\/x.com\/VosgesInfo88\",\"https:\/\/www.youtube.com\/@vosgesinfo\"]},{\"@type\":\"Person\",\"@id\":\"https:\/\/vosgesinfo.fr\/saintdieinfo\/#\/schema\/person\/faee6704a21f3977511db84bd1cd450f\",\"name\":\"la r\u00e9daction\",\"image\":{\"@type\":\"ImageObject\",\"inLanguage\":\"fr-FR\",\"@id\":\"https:\/\/vosgesinfo.fr\/saintdieinfo\/#\/schema\/person\/image\/\",\"url\":\"https:\/\/secure.gravatar.com\/avatar\/6673d8bc6a9c17fa9a453eaa3448de834fa308c2ec9635b7aa99441a7c8d2cf6?s=96&d=mm&r=g\",\"contentUrl\":\"https:\/\/secure.gravatar.com\/avatar\/6673d8bc6a9c17fa9a453eaa3448de834fa308c2ec9635b7aa99441a7c8d2cf6?s=96&d=mm&r=g\",\"caption\":\"la r\u00e9daction\"},\"url\":\"https:\/\/vosgesinfo.fr\/saintdieinfo\/author\/redac\/\"}]}<\/script>\n<!-- \/ Yoast SEO plugin. -->","yoast_head_json":{"title":"Incendies\u00a0: 10 sapeurs-pompiers vosgiens en renfort en Gironde - Saint Die Info","robots":{"index":"index","follow":"follow","max-snippet":"max-snippet:-1","max-image-preview":"max-image-preview:large","max-video-preview":"max-video-preview:-1"},"canonical":"https:\/\/vosgesinfo.fr\/saintdieinfo\/2022\/08\/incendies-10-sapeurs-pompiers-vosgiens-renfort-gironde\/","twitter_card":"summary_large_image","twitter_title":"Incendies\u00a0: 10 sapeurs-pompiers vosgiens en renfort en Gironde - Saint Die Info","twitter_description":"T\u00f4t ce dimanche matin, 10 sapeurs-pompiers vosgiens de la colonne Feux de For\u00eat \u2013 FDF \u2013 Est Bravo ont pris [&hellip;]","twitter_image":"https:\/\/vosgesinfo.fr\/app\/uploads\/sites\/4\/2024\/08\/202208renfort-sp-1.jpg","twitter_creator":"@VosgesInfo88","twitter_site":"@VosgesInfo88","twitter_misc":{"\u00c9crit par":"la r\u00e9daction","Dur\u00e9e de lecture estim\u00e9e":"1 minute"},"schema":{"@context":"https:\/\/schema.org","@graph":[{"@type":"Article","@id":"https:\/\/vosgesinfo.fr\/saintdieinfo\/2022\/08\/incendies-10-sapeurs-pompiers-vosgiens-renfort-gironde\/#article","isPartOf":{"@id":"https:\/\/vosgesinfo.fr\/saintdieinfo\/2022\/08\/incendies-10-sapeurs-pompiers-vosgiens-renfort-gironde\/"},"author":{"name":"la r\u00e9daction","@id":"https:\/\/vosgesinfo.fr\/saintdieinfo\/#\/schema\/person\/faee6704a21f3977511db84bd1cd450f"},"headline":"Incendies\u00a0: 10 sapeurs-pompiers vosgiens en renfort en Gironde","datePublished":"2022-08-07T08:23:47+00:00","dateModified":"2022-08-07T08:23:47+00:00","mainEntityOfPage":{"@id":"https:\/\/vosgesinfo.fr\/saintdieinfo\/2022\/08\/incendies-10-sapeurs-pompiers-vosgiens-renfort-gironde\/"},"wordCount":138,"commentCount":0,"publisher":{"@id":"https:\/\/vosgesinfo.fr\/saintdieinfo\/#organization"},"image":{"@id":"https:\/\/vosgesinfo.fr\/saintdieinfo\/2022\/08\/incendies-10-sapeurs-pompiers-vosgiens-renfort-gironde\/#primaryimage"},"thumbnailUrl":"https:\/\/vosgesinfo.fr\/app\/uploads\/sites\/4\/2024\/08\/202208renfort-sp-1.jpg","keywords":["Colonne Feux de For\u00eat Est Bravo","Feux de for\u00eats","Renfort en Gironde","sapeurs-pompiers des Vosges","Sdis88"],"articleSection":["A la Une","Vosges"],"inLanguage":"fr-FR","potentialAction":[{"@type":"CommentAction","name":"Comment","target":["https:\/\/vosgesinfo.fr\/saintdieinfo\/2022\/08\/incendies-10-sapeurs-pompiers-vosgiens-renfort-gironde\/#respond"]}]},{"@type":"WebPage","@id":"https:\/\/vosgesinfo.fr\/saintdieinfo\/2022\/08\/incendies-10-sapeurs-pompiers-vosgiens-renfort-gironde\/","url":"https:\/\/vosgesinfo.fr\/saintdieinfo\/2022\/08\/incendies-10-sapeurs-pompiers-vosgiens-renfort-gironde\/","name":"Incendies\u00a0: 10 sapeurs-pompiers vosgiens en renfort en Gironde - Saint Die Info","isPartOf":{"@id":"https:\/\/vosgesinfo.fr\/saintdieinfo\/#website"},"primaryImageOfPage":{"@id":"https:\/\/vosgesinfo.fr\/saintdieinfo\/2022\/08\/incendies-10-sapeurs-pompiers-vosgiens-renfort-gironde\/#primaryimage"},"image":{"@id":"https:\/\/vosgesinfo.fr\/saintdieinfo\/2022\/08\/incendies-10-sapeurs-pompiers-vosgiens-renfort-gironde\/#primaryimage"},"thumbnailUrl":"https:\/\/vosgesinfo.fr\/app\/uploads\/sites\/4\/2024\/08\/202208renfort-sp-1.jpg","datePublished":"2022-08-07T08:23:47+00:00","dateModified":"2022-08-07T08:23:47+00:00","breadcrumb":{"@id":"https:\/\/vosgesinfo.fr\/saintdieinfo\/2022\/08\/incendies-10-sapeurs-pompiers-vosgiens-renfort-gironde\/#breadcrumb"},"inLanguage":"fr-FR","potentialAction":[{"@type":"ReadAction","target":["https:\/\/vosgesinfo.fr\/saintdieinfo\/2022\/08\/incendies-10-sapeurs-pompiers-vosgiens-renfort-gironde\/"]}]},{"@type":"ImageObject","inLanguage":"fr-FR","@id":"https:\/\/vosgesinfo.fr\/saintdieinfo\/2022\/08\/incendies-10-sapeurs-pompiers-vosgiens-renfort-gironde\/#primaryimage","url":"https:\/\/vosgesinfo.fr\/app\/uploads\/sites\/4\/2024\/08\/202208renfort-sp-1.jpg","contentUrl":"https:\/\/vosgesinfo.fr\/app\/uploads\/sites\/4\/2024\/08\/202208renfort-sp-1.jpg","width":960,"height":720},{"@type":"BreadcrumbList","@id":"https:\/\/vosgesinfo.fr\/saintdieinfo\/2022\/08\/incendies-10-sapeurs-pompiers-vosgiens-renfort-gironde\/#breadcrumb","itemListElement":[{"@type":"ListItem","position":1,"name":"Home","item":"https:\/\/vosgesinfo.fr\/saintdieinfo\/"},{"@type":"ListItem","position":2,"name":"Incendies\u00a0: 10 sapeurs-pompiers vosgiens en renfort en Gironde"}]},{"@type":"WebSite","@id":"https:\/\/vosgesinfo.fr\/saintdieinfo\/#website","url":"https:\/\/vosgesinfo.fr\/saintdieinfo\/","name":"Saint Die Info","description":"Toute l&#039;actualit\u00e9 de Saint-Di\u00e9-Des-Vosges","publisher":{"@id":"https:\/\/vosgesinfo.fr\/saintdieinfo\/#organization"},"alternateName":"Toute l'actualit\u00e9 de Saint-Di\u00e9-Des-Vosges","potentialAction":[{"@type":"SearchAction","target":{"@type":"EntryPoint","urlTemplate":"https:\/\/vosgesinfo.fr\/saintdieinfo\/?s={search_term_string}"},"query-input":"required name=search_term_string"}],"inLanguage":"fr-FR"},{"@type":"Organization","@id":"https:\/\/vosgesinfo.fr\/saintdieinfo\/#organization","name":"Saint Die Info","url":"https:\/\/vosgesinfo.fr\/saintdieinfo\/","logo":{"@type":"ImageObject","inLanguage":"fr-FR","@id":"https:\/\/vosgesinfo.fr\/saintdieinfo\/#\/schema\/logo\/image\/","url":"https:\/\/vosgesinfo.fr\/app\/uploads\/sites\/4\/2024\/02\/logo-sdi.jpg","contentUrl":"https:\/\/vosgesinfo.fr\/app\/uploads\/sites\/4\/2024\/02\/logo-sdi.jpg","width":600,"height":600,"caption":"Saint Die Info"},"image":{"@id":"https:\/\/vosgesinfo.fr\/saintdieinfo\/#\/schema\/logo\/image\/"},"sameAs":["https:\/\/www.facebook.com\/Saintdieinfofr","https:\/\/x.com\/VosgesInfo88","https:\/\/www.youtube.com\/@vosgesinfo"]},{"@type":"Person","@id":"https:\/\/vosgesinfo.fr\/saintdieinfo\/#\/schema\/person\/faee6704a21f3977511db84bd1cd450f","name":"la r\u00e9daction","image":{"@type":"ImageObject","inLanguage":"fr-FR","@id":"https:\/\/vosgesinfo.fr\/saintdieinfo\/#\/schema\/person\/image\/","url":"https:\/\/secure.gravatar.com\/avatar\/6673d8bc6a9c17fa9a453eaa3448de834fa308c2ec9635b7aa99441a7c8d2cf6?s=96&d=mm&r=g","contentUrl":"https:\/\/secure.gravatar.com\/avatar\/6673d8bc6a9c17fa9a453eaa3448de834fa308c2ec9635b7aa99441a7c8d2cf6?s=96&d=mm&r=g","caption":"la r\u00e9daction"},"url":"https:\/\/vosgesinfo.fr\/saintdieinfo\/author\/redac\/"}]}},"_links":{"self":[{"href":"https:\/\/vosgesinfo.fr\/saintdieinfo\/wp-json\/wp\/v2\/posts\/56503","targetHints":{"allow":["GET"]}}],"collection":[{"href":"https:\/\/vosgesinfo.fr\/saintdieinfo\/wp-json\/wp\/v2\/posts"}],"about":[{"href":"https:\/\/vosgesinfo.fr\/saintdieinfo\/wp-json\/wp\/v2\/types\/post"}],"author":[{"embeddable":true,"href":"https:\/\/vosgesinfo.fr\/saintdieinfo\/wp-json\/wp\/v2\/users\/44"}],"replies":[{"embeddable":true,"href":"https:\/\/vosgesinfo.fr\/saintdieinfo\/wp-json\/wp\/v2\/comments?post=56503"}],"version-history":[{"count":0,"href":"https:\/\/vosgesinfo.fr\/saintdieinfo\/wp-json\/wp\/v2\/posts\/56503\/revisions"}],"wp:featuredmedia":[{"embeddable":true,"href":"https:\/\/vosgesinfo.fr\/saintdieinfo\/wp-json\/wp\/v2\/media\/56504"}],"wp:attachment":[{"href":"https:\/\/vosgesinfo.fr\/saintdieinfo\/wp-json\/wp\/v2\/media?parent=56503"}],"wp:term":[{"taxonomy":"category","embeddable":true,"href":"https:\/\/vosgesinfo.fr\/saintdieinfo\/wp-json\/wp\/v2\/categories?post=56503"},{"taxonomy":"post_tag","embeddable":true,"href":"https:\/\/vosgesinfo.fr\/saintdieinfo\/wp-json\/wp\/v2\/tags?post=56503"}],"curies":[{"name":"wp","href":"https:\/\/api.w.org\/{rel}","templated":true}]}}