{"id":56511,"date":"2022-08-08T07:11:19","date_gmt":"2022-08-08T05:11:19","guid":{"rendered":"https:\/\/vosgesinfo.fr\/saintdieinfo\/2022\/08\/ete-grand-a-saint-die-vosges-programme-de-semaine-23\/"},"modified":"2022-08-08T07:11:19","modified_gmt":"2022-08-08T05:11:19","slug":"ete-grand-a-saint-die-vosges-programme-de-semaine-23","status":"publish","type":"post","link":"https:\/\/vosgesinfo.fr\/saintdieinfo\/2022\/08\/ete-grand-a-saint-die-vosges-programme-de-semaine-23\/","title":{"rendered":"Et\u00e9 en grand \u00e0 Saint-Di\u00e9-des-Vosges\u00a0: le programme de la semaine"},"content":{"rendered":"<h3><strong><span style=\"font-size: 12pt;\">Lundi 8 ao\u00fbt<\/span><\/strong><\/h3>\n<ul>\n<li>de 13 h 30 \u00e0 17 h \/ Moyenmoutier. Explor&rsquo;games organis\u00e9 par l&rsquo; Office de Tourisme Intercommunal. (descriptif lundi 11 juillet) \u00e0 partir de 8 ans. Pr\u00e9-r\u00e9sa : 03 29 52 66 66 \/ <a href=\"mailto:ete-en-grand@ville-saintdie.fr\" target=\"_blank\" rel=\"noopener\">ete-en-grand@ville-saintdie.fr<\/a>.<\/li>\n<li>de 14 h \u00e0 17 h \/ Jardin des \u00c9lues de la Lib\u00e9ration \u2013 L\u2019Orme. Jeux de soci\u00e9t\u00e9. Par le Service Education. Repli : salle Carbonnar.<\/li>\n<li>de 18 h \u00e0 18 h 45 \/ Parc de l&rsquo;Ev\u00each\u00e9. Renfo &#8211; Cardio par Mel Fitness et Danse. + de 14 ans. Pr\u00e9-r\u00e9sa : Richard M\u00e9lanie 06 24 70 73 69. Payant : 3\u20ac, la 1\u00e8re offerte.<\/li>\n<li>de 18 h \u00e0 19 h \/ D\u00e9part du Centre social G.-Tillion. Lundi de Saint-Roch La 1000\u00e8me G\u00e9n\u00e9ration. Avec S\u00e9bastien Houbre (Compagnie des Miroisques).. Sur la Contensph\u00e8re il y a un mythe que tout le monde conna\u00eet : le mythe de la 1000 \u00e8me g\u00e9n\u00e9ration, qui dit \u00e0 peu pr\u00e8s ceci : \u00abSi \u00e0 sa milli\u00e8me g\u00e9n\u00e9ration, l&rsquo;Homme ne vit pas en harmonie avec la Nature, le pouls du monde, alors adviendra la fin du monde ou de l &lsquo;humanit\u00e9 tout du moins.\u00bb Et la milli\u00e8me g\u00e9n\u00e9ration, c&rsquo;est celle d&rsquo;aujourd&rsquo;hui. Tous publics. Compagnie des 3 tr\u00e9sors. Contact : Christophe au 06 24 70 73 71.<\/li>\n<\/ul>\n<h3><strong><span style=\"font-size: 12pt;\">Mardi 9 ao\u00fbt<\/span><\/strong><\/h3>\n<ul>\n<li>de 15 h \u00e0 16 h \/ Ecole Baldensperger \u2013 Quartier de St-Roch. \u00abBas Les Mains\u00bb par la. Compagnie des 3 Tr\u00e9sors. Spectacle de Marionnettes avec Alexis Frenette. Tous publics. Contact : Christophe au 06 24 70 73 71.<\/li>\n<li>de 14 h \u00e0 17 h \/ Kellermann (Place Allende). Brico-r\u00e9cup\u00e9rations sur le th\u00e8me de la nature. Par le Service Education. Repli : salle Carbonnar.<\/li>\n<li>de 14 h \u00e0 17 h \/ St-Roch \u00e0 c\u00f4t\u00e9 du City stade (\u00e9cole Baldensperger). Animation structure gonflable par le Service politique de la ville. Contact : 03 29 52 66 66.<\/li>\n<li>de 14 h 15 \u00e0 15 h 30 \/ rdv devant l&rsquo;Office de Tourisme de Saint-Di\u00e9-des-Vosges. Parcours du Petit D\u00e9odatien organis\u00e9 par l&rsquo;Office de Tourisme Intercommunal. Tu souhaites connaitre Saint-Di\u00e9-des-Vosges comme ta poche ? Apprends son histoire en t&rsquo;amusant et gagne un super cadeau ! Des \u00e9nigmes \u00e0 d\u00e9couvrir, des r\u00e9bus \u00e0 traduire ! Le parcours du Petit D\u00e9odatien est une visite ludique de la Ville de Saint-Di\u00e9 pour les enfants. Sur r\u00e9servation obligatoire la veille de la visite, dernier d\u00e9lai Visite gratuite pour des enfants de moins de 12 ans. Pr\u00e9-r\u00e9sa : <a href=\"mailto:tourisme@ca-saintdie.fr\" target=\"_blank\" rel=\"noopener\">tourisme@ca-saintdie.fr<\/a> \/ 03 29 42 22 22. Jauge : 5 pers minimun, 10 pers maximum.<\/li>\n<li>de 21 h \u00e0 23 h \/ Les Arrang\u00e9s (anciennement Vosegus Bar), rue Pastourelle, place du march\u00e9. La Mardi \u2013 Karaok\u00e9 en ch\u0153ur. Plus d\u2019infos aupr\u00e8s de vos serveurs.<\/li>\n<\/ul>\n<h3><strong><span style=\"font-size: 12pt;\">Mercredi 10 ao\u00fbt<\/span><\/strong><\/h3>\n<ul>\n<li>de 13 h 30 \u00e0 17 h 30 \/ Mus\u00e9e Pierre-No\u00ebl. MUSEO\u2019QUIZ (descriptif mercredi 6 juillet) \u2013 Retrait du livret jeu \u00e0 l\u2019accueil du Mus\u00e9e. A partir de 7 ans. Contact : <a href=\"mailto:musee_pierre_noel@ca-saintdie.fr\" target=\"_blank\" rel=\"noopener\">musee_pierre_noel@ca-saintdie.fr<\/a> \/ T\u00e9l. : 03 29 51 60 35.<\/li>\n<li>de 14 h \u00e0 17 h \/ M\u00e9diath\u00e8que Jean-de-la-Fontaine. Lectures en transat (descriptif mercredi 3 ao\u00fbt). Tous publics. Contact : 03 29 56 50 67.<\/li>\n<li>de 14 h \u00e0 17 h 30 \/ St-Roch parking. Les Sapeurs Pompiers au contact de la population\u00a0:<br \/>\n1 &#8211; Atelier pratique Alerter &#8211; Masser \u2013 D\u00e9fibriler\u00a0;<br \/>\n2 &#8211; Accident domestique conduite \u00e0 tenir\u00a0;<br \/>\n3 \u2013 Pr\u00e9sentation de l&rsquo;activit\u00e9 des Sapeurs Pompiers\u00a0;<br \/>\n4 &#8211; Pr\u00e9sentation de V\u00e9hicules\u00a0;<br \/>\nTous publics.<\/li>\n<li>de 14 h \u00e0 18 h \/ Boulodrome \/ Chemin du Coucheux. Concours vacanciers de p\u00e9tanque par l&rsquo;association SDDV P\u00e9tanque. Tous publics. Pr\u00e9-r\u00e9sa : <a href=\"mailto:welcomesddvp@orange.fr\" target=\"_blank\" rel=\"noopener\">welcomesddvp@orange.fr<\/a> \/ T\u00e9l. : 06 87 61 87 21. Payant : 4\u20ac par joueur. Repli : Boulodrome.<\/li>\n<li>de 14 h 30 \u00e0 15 h 45 \/ Parc Jean-Mansuy. Man\u00e8ge Spectaculaire. Devenez flibustiers, ou endossez un autre r\u00f4le dans un spectacle de pirates participatif ! Compagnie Histoire d&rsquo;eux. \u00c0 partir de 4 ans.<\/li>\n<li>de 16 h \u00e0 17 h \/ Jardin Simone-Veil. Ceci Cela Comptines &amp; Chansons Enfantines (Musical). Spectacle cibl\u00e9 pour les enfants de 3 \u00e0 11 ans. Un voyage musical et une d\u00e9couverte des instruments de musique sur les comptines et chansons enfantines traditionnelles. Repli : salle Carbonnar. Contact : Direction EMAC au 03 29 52 66 41.<\/li>\n<li>de 18 h \u00e0 18 h 45 \/ P\u00f4le sant\u00e9, 1 rue le Corbusier. Circuit training. Pr\u00e9-r\u00e9sa : Richard M\u00e9lanie au 06 24 70 73 69. Payant : 3\u20ac, la 1 \u00e8re offerte.<\/li>\n<\/ul>\n<h3><strong><span style=\"font-size: 12pt;\">Jeudi 11 ao\u00fbt<\/span><\/strong><\/h3>\n<ul>\n<li>de 10 h \u00e0 18 h \/ Terrain de basket St-Roch. Animations et tournoi BASKET 3X3 par le Service des Sports. Animations en matin\u00e9e et tournoi l&rsquo;apr\u00e8s-midi. De 10 h \u00e0 12 h : Animations pour les 6\/10 ans sous forme d&rsquo;ateliers. De 13 h 30 \u00e0 18 h : Tournoi de basket 3*3. Inscription gratuite. Tous les participants seront r\u00e9compens\u00e9s. Contact : Duval Marine au 03 29 52 66 67.<\/li>\n<li>de 14 h \u00e0 17 h \/ Kellermann (parking Maison des Syndicats). Animation structure gonflable par le Service politique de la ville. Contact : 03 29 52 66 66.<\/li>\n<li>de 14 h \u00e0 16 h \/ Rdv devant l&rsquo;Office de Tourisme Histoire de la Cit\u00e9 (descriptif jeudi 7 juillet). Gratuit pour les moins de 12 ans. Pr\u00e9-r\u00e9sa : <a href=\"mailto:tourisme@ca-saintdie.fr\" target=\"_blank\" rel=\"noopener\">tourisme@ca-saintdie.fr<\/a> \/ 03 29 42 22 22. Payant 3,50 \u20ac\/pers. Jauge : 15 pers maxi \/ 5 pers mini.<\/li>\n<li>de 16 h \u00e0 17 h \/ Jardin Simone-Veil. TofBlanc (Jongleries Clownesques de Rues). Spectacles participatifs avec les enfants sous forme de jeux, et du rire garanti pour tous !!! Repli : salle Carbonnar. Contact : Direction EMAC au 03 29 52 66 41.<\/li>\n<li>de 20 h \u00e0 21 h \/ Saint-Roch. Le Groupe de Vari\u00e9t\u00e9 \u00abLes BEGOODIE&rsquo;S\u00bb. Chorale par D\u00e9o C\u0153ur. Tous publics. Repli : salle Carbonnar. Contact : Ducoudard Sylvie au 06 51 71 60 81.<\/li>\n<\/ul>\n<h3><strong><span style=\"font-size: 12pt;\">Vendredi 12 ao\u00fbt<\/span><\/strong><\/h3>\n<ul>\n<li>de 10 h \u00e0 18 h \/ Terrain de Kellermann. Animations et tournoi BASKET 3X3 par le Service des Sports. Contact : Duval Marine au 03 29 52 66 67.<\/li>\n<li>14 h \/ Sous la Tour de la Libert\u00e9. Activit\u00e9 Cit\u00e9&#8230; CAP ! par la Police Municipale (descriptif vendredi 8 juillet). \u00c9quipe de 7 \u00e0 15 joueurs. Tous publics. Contact : Petitnicolas Cindy au 03 29 52 66 66.<\/li>\n<li>de 14 h \u00e0 17 h \/ Saint-Roch \u2013 Place Jean XXIII. Action interg\u00e9n\u00e9rationnelle par les CESF du CCAS. Apr\u00e8s-midi \u00e0 destination de tous et des r\u00e9sidents des b\u00e2timents pour personnes \u00e2g\u00e9es (Alsace et le Parc). Contact : Pintos Cendrine au 03 29 52 39 39.<\/li>\n<li>de 17 h 30 \u00e0 18 h 30 \/ Saint-Roch. \u00abChouet&rsquo; La Vie\u00bb avec le Semeur de Sons + cr\u00e9ation sonore collective par la Compagnie des 3 Tr\u00e9sors. Tous publics. Contact : Christophe au 06 24 70 73 71.<\/li>\n<li>de 18 h \u00e0 minuit \/ Place G\u00e9n\u00e9ral-de-Gaulle. Repas concert de l\u2019\u00e9t\u00e9. Tous publics.<\/li>\n<li>de 19 h \u00e0 23 h \/ Boulodrome \/ Chemin du coucheux. Concours vacanciers de p\u00e9tanque par l&rsquo;association SDDV P\u00e9tanque. Pr\u00e9-r\u00e9sa\u00a0: <a href=\"mailto:welcomesddvp@orange.fr\" target=\"_blank\" rel=\"noopener\">welcomesddvp@orange.fr<\/a> \/ T\u00e9l. : 06 87 61 87 21. Payant 4\u20ac par joueur.<\/li>\n<li>de 21 h \u00e0 1 h \/ WHY NOT CAFE. Concert. Rejoignez-nous pour les concerts du vendredi ! Contact : 03 29 58 30 13 \/ <a href=\"mailto:cgcafe.whynot@gmail.com\" target=\"_blank\" rel=\"noopener\">cgcafe.whynot@gmail.com<\/a>.<\/li>\n<\/ul>\n<h3><strong><span style=\"font-size: 12pt;\">Samedi 13 ao\u00fbt<\/span><\/strong><\/h3>\n<ul>\n<li>de 15 h \u00e0 17 h \/ Saint-Roch. \u00abChouet&rsquo; La Vie\u00bb avec le Semeur de Sons + cr\u00e9ation sonore collective par la Compagnie des 3 Tr\u00e9sors. Tous publics. Contact : Christophe au 06 24 70 73 71.<\/li>\n<\/ul>\n<h3><strong><span style=\"font-size: 12pt;\">Dimanche 14 ao\u00fbt<\/span><\/strong><\/h3>\n<ul>\n<li>de 7 h \u00e0 18 h \/ Parking du supermarch\u00e9 Leclerc. Zone d&rsquo;Hellieule. Vide-greniers et march\u00e9 de l&rsquo;artisanat. Tous les dimanches de juillet et ao\u00fbt, la SPA D\u00e9odatienne organise un vide-greniers pour financer des. soins animaliers et la reconstruction du refuge. Ouvert aux particuliers et professionnels de la brocante et aux artisans cr\u00e9ateurs. Tous publics. Contact : 06 80 62 26 52.<\/li>\n<li>de 12 h \u00e0 15 h \/ Bar aux Tonneaux, 1 rue de l\u2019Orient. Ap\u00e9ro musical et festif. Tous publics. Contact : Fresse Fabrice au 06 19 02 87 00.<\/li>\n<li>de 15 h \u00e0 17 h \/ Saint-Roch. \u00abChouet&rsquo; La Vie\u00bb avec le Semeur de Sons + cr\u00e9ation sonore collective par la Compagnie des 3 Tr\u00e9sors. Contact : Christophe au 06 24 70 73 71.<\/li>\n<li>de 17 h \u00e0 21 h \/ Place du March\u00e9 &#8211; London Tavern. Ap\u00e9ro concert du dimanche soir \u00abAD&rsquo;LINE\u00bb. Ad&rsquo;Line est une chanteuse dont le timbre de voix est reconnaissable entre tous. Son r\u00e9pertoire s&rsquo;articule autour de compositions originales et de reprises, en fran\u00e7ais, en anglais, dans un univers qui balance entre Pop, Rock et Folk. Tous publics. Contact : Georges Cl\u00e9ment au 03 29 55 31 03.<\/li>\n<li>de 18 h \u00e0 20 h \/ Bar 1507. Ap\u00e9ro concert du dimanche soir. Contact : Didiergeorge Alexandre au 06 20 20 46 96.<\/li>\n<li>A 20 h 30 \/ Grotte de Foucharupt. Messe annuelle du 15 ao\u00fbt. Tous publics.<\/li>\n<\/ul>\n","protected":false},"excerpt":{"rendered":"<p>Lundi 8 ao\u00fbt de 13 h 30 \u00e0 17 h \/ Moyenmoutier. Explor&rsquo;games organis\u00e9 par l&rsquo; Office de Tourisme Intercommunal. [&hellip;]<\/p>\n","protected":false},"author":44,"featured_media":56512,"comment_status":"open","ping_status":"open","sticky":false,"template":"","format":"standard","meta":{"footnotes":""},"categories":[460,7847,20,2915],"tags":[2967],"class_list":["post-56511","post","type-post","status-publish","format-standard","has-post-thumbnail","hentry","category-a-la-une","category-art-culture","category-loisirs","category-saint-die-son-canton","tag-ete-en-grand-a-saint-die-des-vosges"],"acf":[],"yoast_head":"<!-- This site is optimized with the Yoast SEO plugin v22.5 - https:\/\/yoast.com\/wordpress\/plugins\/seo\/ -->\n<title>Et\u00e9 en grand \u00e0 Saint-Di\u00e9-des-Vosges\u00a0: le programme de la semaine - Saint Die Info<\/title>\n<meta name=\"robots\" content=\"index, follow, max-snippet:-1, max-image-preview:large, max-video-preview:-1\" \/>\n<link rel=\"canonical\" href=\"https:\/\/vosgesinfo.fr\/saintdieinfo\/2022\/08\/ete-grand-a-saint-die-vosges-programme-de-semaine-23\/\" \/>\n<meta name=\"twitter:card\" content=\"summary_large_image\" \/>\n<meta name=\"twitter:title\" content=\"Et\u00e9 en grand \u00e0 Saint-Di\u00e9-des-Vosges\u00a0: le programme de la semaine - Saint Die Info\" \/>\n<meta name=\"twitter:description\" content=\"Lundi 8 ao\u00fbt de 13 h 30 \u00e0 17 h \/ Moyenmoutier. Explor&rsquo;games organis\u00e9 par l&rsquo; Office de Tourisme Intercommunal. [&hellip;]\" \/>\n<meta name=\"twitter:image\" content=\"https:\/\/vosgesinfo.fr\/app\/uploads\/sites\/4\/2024\/08\/202206ete-en-grand-2022-02-8.jpg\" \/>\n<meta name=\"twitter:creator\" content=\"@VosgesInfo88\" \/>\n<meta name=\"twitter:site\" content=\"@VosgesInfo88\" \/>\n<meta name=\"twitter:label1\" content=\"\u00c9crit par\" \/>\n\t<meta name=\"twitter:data1\" content=\"la r\u00e9daction\" \/>\n\t<meta name=\"twitter:label2\" content=\"Dur\u00e9e de lecture estim\u00e9e\" \/>\n\t<meta name=\"twitter:data2\" content=\"6 minutes\" \/>\n<script type=\"application\/ld+json\" class=\"yoast-schema-graph\">{\"@context\":\"https:\/\/schema.org\",\"@graph\":[{\"@type\":\"Article\",\"@id\":\"https:\/\/vosgesinfo.fr\/saintdieinfo\/2022\/08\/ete-grand-a-saint-die-vosges-programme-de-semaine-23\/#article\",\"isPartOf\":{\"@id\":\"https:\/\/vosgesinfo.fr\/saintdieinfo\/2022\/08\/ete-grand-a-saint-die-vosges-programme-de-semaine-23\/\"},\"author\":{\"name\":\"la r\u00e9daction\",\"@id\":\"https:\/\/vosgesinfo.fr\/saintdieinfo\/#\/schema\/person\/faee6704a21f3977511db84bd1cd450f\"},\"headline\":\"Et\u00e9 en grand \u00e0 Saint-Di\u00e9-des-Vosges\u00a0: le programme de la semaine\",\"datePublished\":\"2022-08-08T05:11:19+00:00\",\"dateModified\":\"2022-08-08T05:11:19+00:00\",\"mainEntityOfPage\":{\"@id\":\"https:\/\/vosgesinfo.fr\/saintdieinfo\/2022\/08\/ete-grand-a-saint-die-vosges-programme-de-semaine-23\/\"},\"wordCount\":1203,\"commentCount\":0,\"publisher\":{\"@id\":\"https:\/\/vosgesinfo.fr\/saintdieinfo\/#organization\"},\"image\":{\"@id\":\"https:\/\/vosgesinfo.fr\/saintdieinfo\/2022\/08\/ete-grand-a-saint-die-vosges-programme-de-semaine-23\/#primaryimage\"},\"thumbnailUrl\":\"https:\/\/vosgesinfo.fr\/app\/uploads\/sites\/4\/2024\/08\/202206ete-en-grand-2022-02-8.jpg\",\"keywords\":[\"Et\u00e9 en grand \u00e0 Saint-Di\u00e9-des-Vosges\"],\"articleSection\":[\"A la Une\",\"Culture\",\"Loisirs\",\"Saint-Di\u00e9-des-Vosges et son Agglom\u00e9ration\"],\"inLanguage\":\"fr-FR\",\"potentialAction\":[{\"@type\":\"CommentAction\",\"name\":\"Comment\",\"target\":[\"https:\/\/vosgesinfo.fr\/saintdieinfo\/2022\/08\/ete-grand-a-saint-die-vosges-programme-de-semaine-23\/#respond\"]}]},{\"@type\":\"WebPage\",\"@id\":\"https:\/\/vosgesinfo.fr\/saintdieinfo\/2022\/08\/ete-grand-a-saint-die-vosges-programme-de-semaine-23\/\",\"url\":\"https:\/\/vosgesinfo.fr\/saintdieinfo\/2022\/08\/ete-grand-a-saint-die-vosges-programme-de-semaine-23\/\",\"name\":\"Et\u00e9 en grand \u00e0 Saint-Di\u00e9-des-Vosges\u00a0: le programme de la semaine - Saint Die Info\",\"isPartOf\":{\"@id\":\"https:\/\/vosgesinfo.fr\/saintdieinfo\/#website\"},\"primaryImageOfPage\":{\"@id\":\"https:\/\/vosgesinfo.fr\/saintdieinfo\/2022\/08\/ete-grand-a-saint-die-vosges-programme-de-semaine-23\/#primaryimage\"},\"image\":{\"@id\":\"https:\/\/vosgesinfo.fr\/saintdieinfo\/2022\/08\/ete-grand-a-saint-die-vosges-programme-de-semaine-23\/#primaryimage\"},\"thumbnailUrl\":\"https:\/\/vosgesinfo.fr\/app\/uploads\/sites\/4\/2024\/08\/202206ete-en-grand-2022-02-8.jpg\",\"datePublished\":\"2022-08-08T05:11:19+00:00\",\"dateModified\":\"2022-08-08T05:11:19+00:00\",\"breadcrumb\":{\"@id\":\"https:\/\/vosgesinfo.fr\/saintdieinfo\/2022\/08\/ete-grand-a-saint-die-vosges-programme-de-semaine-23\/#breadcrumb\"},\"inLanguage\":\"fr-FR\",\"potentialAction\":[{\"@type\":\"ReadAction\",\"target\":[\"https:\/\/vosgesinfo.fr\/saintdieinfo\/2022\/08\/ete-grand-a-saint-die-vosges-programme-de-semaine-23\/\"]}]},{\"@type\":\"ImageObject\",\"inLanguage\":\"fr-FR\",\"@id\":\"https:\/\/vosgesinfo.fr\/saintdieinfo\/2022\/08\/ete-grand-a-saint-die-vosges-programme-de-semaine-23\/#primaryimage\",\"url\":\"https:\/\/vosgesinfo.fr\/app\/uploads\/sites\/4\/2024\/08\/202206ete-en-grand-2022-02-8.jpg\",\"contentUrl\":\"https:\/\/vosgesinfo.fr\/app\/uploads\/sites\/4\/2024\/08\/202206ete-en-grand-2022-02-8.jpg\",\"width\":1181,\"height\":963},{\"@type\":\"BreadcrumbList\",\"@id\":\"https:\/\/vosgesinfo.fr\/saintdieinfo\/2022\/08\/ete-grand-a-saint-die-vosges-programme-de-semaine-23\/#breadcrumb\",\"itemListElement\":[{\"@type\":\"ListItem\",\"position\":1,\"name\":\"Home\",\"item\":\"https:\/\/vosgesinfo.fr\/saintdieinfo\/\"},{\"@type\":\"ListItem\",\"position\":2,\"name\":\"Et\u00e9 en grand \u00e0 Saint-Di\u00e9-des-Vosges\u00a0: le programme de la semaine\"}]},{\"@type\":\"WebSite\",\"@id\":\"https:\/\/vosgesinfo.fr\/saintdieinfo\/#website\",\"url\":\"https:\/\/vosgesinfo.fr\/saintdieinfo\/\",\"name\":\"Saint Die Info\",\"description\":\"Toute l&#039;actualit\u00e9 de Saint-Di\u00e9-Des-Vosges\",\"publisher\":{\"@id\":\"https:\/\/vosgesinfo.fr\/saintdieinfo\/#organization\"},\"alternateName\":\"Toute l'actualit\u00e9 de Saint-Di\u00e9-Des-Vosges\",\"potentialAction\":[{\"@type\":\"SearchAction\",\"target\":{\"@type\":\"EntryPoint\",\"urlTemplate\":\"https:\/\/vosgesinfo.fr\/saintdieinfo\/?s={search_term_string}\"},\"query-input\":\"required name=search_term_string\"}],\"inLanguage\":\"fr-FR\"},{\"@type\":\"Organization\",\"@id\":\"https:\/\/vosgesinfo.fr\/saintdieinfo\/#organization\",\"name\":\"Saint Die Info\",\"url\":\"https:\/\/vosgesinfo.fr\/saintdieinfo\/\",\"logo\":{\"@type\":\"ImageObject\",\"inLanguage\":\"fr-FR\",\"@id\":\"https:\/\/vosgesinfo.fr\/saintdieinfo\/#\/schema\/logo\/image\/\",\"url\":\"https:\/\/vosgesinfo.fr\/app\/uploads\/sites\/4\/2024\/02\/logo-sdi.jpg\",\"contentUrl\":\"https:\/\/vosgesinfo.fr\/app\/uploads\/sites\/4\/2024\/02\/logo-sdi.jpg\",\"width\":600,\"height\":600,\"caption\":\"Saint Die Info\"},\"image\":{\"@id\":\"https:\/\/vosgesinfo.fr\/saintdieinfo\/#\/schema\/logo\/image\/\"},\"sameAs\":[\"https:\/\/www.facebook.com\/Saintdieinfofr\",\"https:\/\/x.com\/VosgesInfo88\",\"https:\/\/www.youtube.com\/@vosgesinfo\"]},{\"@type\":\"Person\",\"@id\":\"https:\/\/vosgesinfo.fr\/saintdieinfo\/#\/schema\/person\/faee6704a21f3977511db84bd1cd450f\",\"name\":\"la r\u00e9daction\",\"image\":{\"@type\":\"ImageObject\",\"inLanguage\":\"fr-FR\",\"@id\":\"https:\/\/vosgesinfo.fr\/saintdieinfo\/#\/schema\/person\/image\/\",\"url\":\"https:\/\/secure.gravatar.com\/avatar\/6673d8bc6a9c17fa9a453eaa3448de834fa308c2ec9635b7aa99441a7c8d2cf6?s=96&d=mm&r=g\",\"contentUrl\":\"https:\/\/secure.gravatar.com\/avatar\/6673d8bc6a9c17fa9a453eaa3448de834fa308c2ec9635b7aa99441a7c8d2cf6?s=96&d=mm&r=g\",\"caption\":\"la r\u00e9daction\"},\"url\":\"https:\/\/vosgesinfo.fr\/saintdieinfo\/author\/redac\/\"}]}<\/script>\n<!-- \/ Yoast SEO plugin. -->","yoast_head_json":{"title":"Et\u00e9 en grand \u00e0 Saint-Di\u00e9-des-Vosges\u00a0: le programme de la semaine - Saint Die Info","robots":{"index":"index","follow":"follow","max-snippet":"max-snippet:-1","max-image-preview":"max-image-preview:large","max-video-preview":"max-video-preview:-1"},"canonical":"https:\/\/vosgesinfo.fr\/saintdieinfo\/2022\/08\/ete-grand-a-saint-die-vosges-programme-de-semaine-23\/","twitter_card":"summary_large_image","twitter_title":"Et\u00e9 en grand \u00e0 Saint-Di\u00e9-des-Vosges\u00a0: le programme de la semaine - Saint Die Info","twitter_description":"Lundi 8 ao\u00fbt de 13 h 30 \u00e0 17 h \/ Moyenmoutier. Explor&rsquo;games organis\u00e9 par l&rsquo; Office de Tourisme Intercommunal. [&hellip;]","twitter_image":"https:\/\/vosgesinfo.fr\/app\/uploads\/sites\/4\/2024\/08\/202206ete-en-grand-2022-02-8.jpg","twitter_creator":"@VosgesInfo88","twitter_site":"@VosgesInfo88","twitter_misc":{"\u00c9crit par":"la r\u00e9daction","Dur\u00e9e de lecture estim\u00e9e":"6 minutes"},"schema":{"@context":"https:\/\/schema.org","@graph":[{"@type":"Article","@id":"https:\/\/vosgesinfo.fr\/saintdieinfo\/2022\/08\/ete-grand-a-saint-die-vosges-programme-de-semaine-23\/#article","isPartOf":{"@id":"https:\/\/vosgesinfo.fr\/saintdieinfo\/2022\/08\/ete-grand-a-saint-die-vosges-programme-de-semaine-23\/"},"author":{"name":"la r\u00e9daction","@id":"https:\/\/vosgesinfo.fr\/saintdieinfo\/#\/schema\/person\/faee6704a21f3977511db84bd1cd450f"},"headline":"Et\u00e9 en grand \u00e0 Saint-Di\u00e9-des-Vosges\u00a0: le programme de la semaine","datePublished":"2022-08-08T05:11:19+00:00","dateModified":"2022-08-08T05:11:19+00:00","mainEntityOfPage":{"@id":"https:\/\/vosgesinfo.fr\/saintdieinfo\/2022\/08\/ete-grand-a-saint-die-vosges-programme-de-semaine-23\/"},"wordCount":1203,"commentCount":0,"publisher":{"@id":"https:\/\/vosgesinfo.fr\/saintdieinfo\/#organization"},"image":{"@id":"https:\/\/vosgesinfo.fr\/saintdieinfo\/2022\/08\/ete-grand-a-saint-die-vosges-programme-de-semaine-23\/#primaryimage"},"thumbnailUrl":"https:\/\/vosgesinfo.fr\/app\/uploads\/sites\/4\/2024\/08\/202206ete-en-grand-2022-02-8.jpg","keywords":["Et\u00e9 en grand \u00e0 Saint-Di\u00e9-des-Vosges"],"articleSection":["A la Une","Culture","Loisirs","Saint-Di\u00e9-des-Vosges et son Agglom\u00e9ration"],"inLanguage":"fr-FR","potentialAction":[{"@type":"CommentAction","name":"Comment","target":["https:\/\/vosgesinfo.fr\/saintdieinfo\/2022\/08\/ete-grand-a-saint-die-vosges-programme-de-semaine-23\/#respond"]}]},{"@type":"WebPage","@id":"https:\/\/vosgesinfo.fr\/saintdieinfo\/2022\/08\/ete-grand-a-saint-die-vosges-programme-de-semaine-23\/","url":"https:\/\/vosgesinfo.fr\/saintdieinfo\/2022\/08\/ete-grand-a-saint-die-vosges-programme-de-semaine-23\/","name":"Et\u00e9 en grand \u00e0 Saint-Di\u00e9-des-Vosges\u00a0: le programme de la semaine - Saint Die Info","isPartOf":{"@id":"https:\/\/vosgesinfo.fr\/saintdieinfo\/#website"},"primaryImageOfPage":{"@id":"https:\/\/vosgesinfo.fr\/saintdieinfo\/2022\/08\/ete-grand-a-saint-die-vosges-programme-de-semaine-23\/#primaryimage"},"image":{"@id":"https:\/\/vosgesinfo.fr\/saintdieinfo\/2022\/08\/ete-grand-a-saint-die-vosges-programme-de-semaine-23\/#primaryimage"},"thumbnailUrl":"https:\/\/vosgesinfo.fr\/app\/uploads\/sites\/4\/2024\/08\/202206ete-en-grand-2022-02-8.jpg","datePublished":"2022-08-08T05:11:19+00:00","dateModified":"2022-08-08T05:11:19+00:00","breadcrumb":{"@id":"https:\/\/vosgesinfo.fr\/saintdieinfo\/2022\/08\/ete-grand-a-saint-die-vosges-programme-de-semaine-23\/#breadcrumb"},"inLanguage":"fr-FR","potentialAction":[{"@type":"ReadAction","target":["https:\/\/vosgesinfo.fr\/saintdieinfo\/2022\/08\/ete-grand-a-saint-die-vosges-programme-de-semaine-23\/"]}]},{"@type":"ImageObject","inLanguage":"fr-FR","@id":"https:\/\/vosgesinfo.fr\/saintdieinfo\/2022\/08\/ete-grand-a-saint-die-vosges-programme-de-semaine-23\/#primaryimage","url":"https:\/\/vosgesinfo.fr\/app\/uploads\/sites\/4\/2024\/08\/202206ete-en-grand-2022-02-8.jpg","contentUrl":"https:\/\/vosgesinfo.fr\/app\/uploads\/sites\/4\/2024\/08\/202206ete-en-grand-2022-02-8.jpg","width":1181,"height":963},{"@type":"BreadcrumbList","@id":"https:\/\/vosgesinfo.fr\/saintdieinfo\/2022\/08\/ete-grand-a-saint-die-vosges-programme-de-semaine-23\/#breadcrumb","itemListElement":[{"@type":"ListItem","position":1,"name":"Home","item":"https:\/\/vosgesinfo.fr\/saintdieinfo\/"},{"@type":"ListItem","position":2,"name":"Et\u00e9 en grand \u00e0 Saint-Di\u00e9-des-Vosges\u00a0: le programme de la semaine"}]},{"@type":"WebSite","@id":"https:\/\/vosgesinfo.fr\/saintdieinfo\/#website","url":"https:\/\/vosgesinfo.fr\/saintdieinfo\/","name":"Saint Die Info","description":"Toute l&#039;actualit\u00e9 de Saint-Di\u00e9-Des-Vosges","publisher":{"@id":"https:\/\/vosgesinfo.fr\/saintdieinfo\/#organization"},"alternateName":"Toute l'actualit\u00e9 de Saint-Di\u00e9-Des-Vosges","potentialAction":[{"@type":"SearchAction","target":{"@type":"EntryPoint","urlTemplate":"https:\/\/vosgesinfo.fr\/saintdieinfo\/?s={search_term_string}"},"query-input":"required name=search_term_string"}],"inLanguage":"fr-FR"},{"@type":"Organization","@id":"https:\/\/vosgesinfo.fr\/saintdieinfo\/#organization","name":"Saint Die Info","url":"https:\/\/vosgesinfo.fr\/saintdieinfo\/","logo":{"@type":"ImageObject","inLanguage":"fr-FR","@id":"https:\/\/vosgesinfo.fr\/saintdieinfo\/#\/schema\/logo\/image\/","url":"https:\/\/vosgesinfo.fr\/app\/uploads\/sites\/4\/2024\/02\/logo-sdi.jpg","contentUrl":"https:\/\/vosgesinfo.fr\/app\/uploads\/sites\/4\/2024\/02\/logo-sdi.jpg","width":600,"height":600,"caption":"Saint Die Info"},"image":{"@id":"https:\/\/vosgesinfo.fr\/saintdieinfo\/#\/schema\/logo\/image\/"},"sameAs":["https:\/\/www.facebook.com\/Saintdieinfofr","https:\/\/x.com\/VosgesInfo88","https:\/\/www.youtube.com\/@vosgesinfo"]},{"@type":"Person","@id":"https:\/\/vosgesinfo.fr\/saintdieinfo\/#\/schema\/person\/faee6704a21f3977511db84bd1cd450f","name":"la r\u00e9daction","image":{"@type":"ImageObject","inLanguage":"fr-FR","@id":"https:\/\/vosgesinfo.fr\/saintdieinfo\/#\/schema\/person\/image\/","url":"https:\/\/secure.gravatar.com\/avatar\/6673d8bc6a9c17fa9a453eaa3448de834fa308c2ec9635b7aa99441a7c8d2cf6?s=96&d=mm&r=g","contentUrl":"https:\/\/secure.gravatar.com\/avatar\/6673d8bc6a9c17fa9a453eaa3448de834fa308c2ec9635b7aa99441a7c8d2cf6?s=96&d=mm&r=g","caption":"la r\u00e9daction"},"url":"https:\/\/vosgesinfo.fr\/saintdieinfo\/author\/redac\/"}]}},"_links":{"self":[{"href":"https:\/\/vosgesinfo.fr\/saintdieinfo\/wp-json\/wp\/v2\/posts\/56511","targetHints":{"allow":["GET"]}}],"collection":[{"href":"https:\/\/vosgesinfo.fr\/saintdieinfo\/wp-json\/wp\/v2\/posts"}],"about":[{"href":"https:\/\/vosgesinfo.fr\/saintdieinfo\/wp-json\/wp\/v2\/types\/post"}],"author":[{"embeddable":true,"href":"https:\/\/vosgesinfo.fr\/saintdieinfo\/wp-json\/wp\/v2\/users\/44"}],"replies":[{"embeddable":true,"href":"https:\/\/vosgesinfo.fr\/saintdieinfo\/wp-json\/wp\/v2\/comments?post=56511"}],"version-history":[{"count":0,"href":"https:\/\/vosgesinfo.fr\/saintdieinfo\/wp-json\/wp\/v2\/posts\/56511\/revisions"}],"wp:featuredmedia":[{"embeddable":true,"href":"https:\/\/vosgesinfo.fr\/saintdieinfo\/wp-json\/wp\/v2\/media\/56512"}],"wp:attachment":[{"href":"https:\/\/vosgesinfo.fr\/saintdieinfo\/wp-json\/wp\/v2\/media?parent=56511"}],"wp:term":[{"taxonomy":"category","embeddable":true,"href":"https:\/\/vosgesinfo.fr\/saintdieinfo\/wp-json\/wp\/v2\/categories?post=56511"},{"taxonomy":"post_tag","embeddable":true,"href":"https:\/\/vosgesinfo.fr\/saintdieinfo\/wp-json\/wp\/v2\/tags?post=56511"}],"curies":[{"name":"wp","href":"https:\/\/api.w.org\/{rel}","templated":true}]}}