{"id":56536,"date":"2022-08-08T11:32:16","date_gmt":"2022-08-08T09:32:16","guid":{"rendered":"https:\/\/vosgesinfo.fr\/saintdieinfo\/2022\/08\/vosges-marche-dete-animations-col-de-schlucht\/"},"modified":"2022-08-08T11:32:16","modified_gmt":"2022-08-08T09:32:16","slug":"vosges-marche-dete-animations-col-de-schlucht","status":"publish","type":"post","link":"https:\/\/vosgesinfo.fr\/saintdieinfo\/2022\/08\/vosges-marche-dete-animations-col-de-schlucht\/","title":{"rendered":"Vosges \u2013 March\u00e9 d&rsquo;\u00e9t\u00e9 et animations au col de la Schlucht"},"content":{"rendered":"<div id=\"attachment_188219\" style=\"width: 970px\" class=\"wp-caption aligncenter\"><a href=\"\/2022\/08\/2022ouverturedumarch\u00e9duterroir\u00e0laschlucht012.jpg\" target=\"_blank\" rel=\"noopener\"><img decoding=\"async\" aria-describedby=\"caption-attachment-188219\" class=\"wp-image-188219 size-large\" src=\"\/2022\/08\/2022ouverturedumarch\u00e9duterroir\u00e0laschlucht012-1024x577.jpg\" alt=\"2022ouverturedumarch\u00e9duterroir\u00e0laschlucht012\" width=\"960\" height=\"541\" \/><\/a><p id=\"caption-attachment-188219\" class=\"wp-caption-text\">(Photographies Vosges Mag)<\/p><\/div>\n<h2><strong><span style=\"font-size: 14pt;\">Jusqu&rsquo;au 6 septembre, d\u00e9couvrez les sp\u00e9cialit\u00e9s locales au d\u00e9tour de votre balade en montagne. C&rsquo;est au col de la Schlucht, situ\u00e9 \u00e0 1139 m\u00e8tres d&rsquo;altitude au coeur du Parc Naturel R\u00e9gional des Ballons des Vosges, que se tiendra le march\u00e9 de l&rsquo;\u00e9t\u00e9.<\/span><\/strong><\/h2>\n<p><!--more--><\/p>\n<p>Tous les mardis, de 13h \u00e0 18h, une vingtaine de producteurs vosgiens et alsaciens labellis\u00e9s \u00ab\u00a0Je Vois la Vie en Vosges Terroir\u00a0\u00bb et \u00ab\u00a0Bienvenue \u00e0 la ferme\u00a0\u00bb, vous pr\u00e9senteront leurs productions : charcuteries, fromages, miels, confitures, confiseries, boissons&#8230; mais aussi des produits plus insolites tels que le cuir de fruits ou les gel\u00e9es de plantes.<\/p>\n<p>Et jusqu&rsquo;au mardi 23 ao\u00fbt, profitez d&rsquo;animations th\u00e9matiques<\/p>\n<ul>\n<li>Mardi 9 ao\u00fbt &#8211;\u00a0Trouver le bon accord entre vins et mets;<\/li>\n<li>Mardi 16 ao\u00fbt &#8211;\u00a0Une ruche, comment \u00e7a marche ?;<\/li>\n<li>Mardi 23 ao\u00fbt &#8211;\u00a0D\u00e9couvrez les plantes sauvages de nos r\u00e9gions.<\/li>\n<\/ul>\n<p>A noter : le r\u00e9cent b\u00e2timent \u00ab\u00a0Le T\u00e9tras 1139\u00a0\u00bb, situ\u00e9 \u00e9galement au col de la Schlucht, abrite d\u00e9sormais un bureau d&rsquo;information\u00a0touristique, un snack-bar, une boutique labellis\u00e9e Je Vois la Vie en Vosges, et un\u00a0espace d\u00e9couverte retra\u00e7ant l&rsquo;histoire de ce col embl\u00e9matique. Ouvert tous les jours de 9h \u00e0 17h30\u00a0jusqu&rsquo;au 4 septembre.<\/p>\n\n<p>&#8211;<\/p>\n<p>Source : <a href=\"https:\/\/www.vosgesmag.fr\" target=\"_blank\" rel=\"noopener\">www.vosgesmag.fr<\/a><\/p>\n","protected":false},"excerpt":{"rendered":"<p>Jusqu&rsquo;au 6 septembre, d\u00e9couvrez les sp\u00e9cialit\u00e9s locales au d\u00e9tour de votre balade en montagne. C&rsquo;est au col de la Schlucht, [&hellip;]<\/p>\n","protected":false},"author":44,"featured_media":56537,"comment_status":"open","ping_status":"open","sticky":false,"template":"","format":"standard","meta":{"footnotes":""},"categories":[460,20,18],"tags":[6063,12294],"class_list":["post-56536","post","type-post","status-publish","format-standard","has-post-thumbnail","hentry","category-a-la-une","category-loisirs","category-vosges","tag-col-de-la-schlucht","tag-marche-dete-et-animations"],"acf":[],"yoast_head":"<!-- This site is optimized with the Yoast SEO plugin v22.5 - https:\/\/yoast.com\/wordpress\/plugins\/seo\/ -->\n<title>Vosges \u2013 March\u00e9 d&#039;\u00e9t\u00e9 et animations au col de la Schlucht - Saint Die Info<\/title>\n<meta name=\"robots\" content=\"index, follow, max-snippet:-1, max-image-preview:large, max-video-preview:-1\" \/>\n<link rel=\"canonical\" href=\"https:\/\/vosgesinfo.fr\/saintdieinfo\/2022\/08\/vosges-marche-dete-animations-col-de-schlucht\/\" \/>\n<meta name=\"twitter:card\" content=\"summary_large_image\" \/>\n<meta name=\"twitter:title\" content=\"Vosges \u2013 March\u00e9 d&#039;\u00e9t\u00e9 et animations au col de la Schlucht - Saint Die Info\" \/>\n<meta name=\"twitter:description\" content=\"Jusqu&rsquo;au 6 septembre, d\u00e9couvrez les sp\u00e9cialit\u00e9s locales au d\u00e9tour de votre balade en montagne. C&rsquo;est au col de la Schlucht, [&hellip;]\" \/>\n<meta name=\"twitter:image\" content=\"https:\/\/vosgesinfo.fr\/app\/uploads\/sites\/4\/2024\/08\/2022082022ouverturedumarcheduterroiralaschlucht012.jpg\" \/>\n<meta name=\"twitter:creator\" content=\"@VosgesInfo88\" \/>\n<meta name=\"twitter:site\" content=\"@VosgesInfo88\" \/>\n<meta name=\"twitter:label1\" content=\"\u00c9crit par\" \/>\n\t<meta name=\"twitter:data1\" content=\"la r\u00e9daction\" \/>\n\t<meta name=\"twitter:label2\" content=\"Dur\u00e9e de lecture estim\u00e9e\" \/>\n\t<meta name=\"twitter:data2\" content=\"1 minute\" \/>\n<script type=\"application\/ld+json\" class=\"yoast-schema-graph\">{\"@context\":\"https:\/\/schema.org\",\"@graph\":[{\"@type\":\"Article\",\"@id\":\"https:\/\/vosgesinfo.fr\/saintdieinfo\/2022\/08\/vosges-marche-dete-animations-col-de-schlucht\/#article\",\"isPartOf\":{\"@id\":\"https:\/\/vosgesinfo.fr\/saintdieinfo\/2022\/08\/vosges-marche-dete-animations-col-de-schlucht\/\"},\"author\":{\"name\":\"la r\u00e9daction\",\"@id\":\"https:\/\/vosgesinfo.fr\/saintdieinfo\/#\/schema\/person\/faee6704a21f3977511db84bd1cd450f\"},\"headline\":\"Vosges \u2013 March\u00e9 d&rsquo;\u00e9t\u00e9 et animations au col de la Schlucht\",\"datePublished\":\"2022-08-08T09:32:16+00:00\",\"dateModified\":\"2022-08-08T09:32:16+00:00\",\"mainEntityOfPage\":{\"@id\":\"https:\/\/vosgesinfo.fr\/saintdieinfo\/2022\/08\/vosges-marche-dete-animations-col-de-schlucht\/\"},\"wordCount\":242,\"commentCount\":0,\"publisher\":{\"@id\":\"https:\/\/vosgesinfo.fr\/saintdieinfo\/#organization\"},\"image\":{\"@id\":\"https:\/\/vosgesinfo.fr\/saintdieinfo\/2022\/08\/vosges-marche-dete-animations-col-de-schlucht\/#primaryimage\"},\"thumbnailUrl\":\"https:\/\/vosgesinfo.fr\/app\/uploads\/sites\/4\/2024\/08\/2022082022ouverturedumarcheduterroiralaschlucht012.jpg\",\"keywords\":[\"Col de la Schlucht\",\"March\u00e9 d'\u00e9t\u00e9 et animations\"],\"articleSection\":[\"A la Une\",\"Loisirs\",\"Vosges\"],\"inLanguage\":\"fr-FR\",\"potentialAction\":[{\"@type\":\"CommentAction\",\"name\":\"Comment\",\"target\":[\"https:\/\/vosgesinfo.fr\/saintdieinfo\/2022\/08\/vosges-marche-dete-animations-col-de-schlucht\/#respond\"]}]},{\"@type\":\"WebPage\",\"@id\":\"https:\/\/vosgesinfo.fr\/saintdieinfo\/2022\/08\/vosges-marche-dete-animations-col-de-schlucht\/\",\"url\":\"https:\/\/vosgesinfo.fr\/saintdieinfo\/2022\/08\/vosges-marche-dete-animations-col-de-schlucht\/\",\"name\":\"Vosges \u2013 March\u00e9 d'\u00e9t\u00e9 et animations au col de la Schlucht - Saint Die Info\",\"isPartOf\":{\"@id\":\"https:\/\/vosgesinfo.fr\/saintdieinfo\/#website\"},\"primaryImageOfPage\":{\"@id\":\"https:\/\/vosgesinfo.fr\/saintdieinfo\/2022\/08\/vosges-marche-dete-animations-col-de-schlucht\/#primaryimage\"},\"image\":{\"@id\":\"https:\/\/vosgesinfo.fr\/saintdieinfo\/2022\/08\/vosges-marche-dete-animations-col-de-schlucht\/#primaryimage\"},\"thumbnailUrl\":\"https:\/\/vosgesinfo.fr\/app\/uploads\/sites\/4\/2024\/08\/2022082022ouverturedumarcheduterroiralaschlucht012.jpg\",\"datePublished\":\"2022-08-08T09:32:16+00:00\",\"dateModified\":\"2022-08-08T09:32:16+00:00\",\"breadcrumb\":{\"@id\":\"https:\/\/vosgesinfo.fr\/saintdieinfo\/2022\/08\/vosges-marche-dete-animations-col-de-schlucht\/#breadcrumb\"},\"inLanguage\":\"fr-FR\",\"potentialAction\":[{\"@type\":\"ReadAction\",\"target\":[\"https:\/\/vosgesinfo.fr\/saintdieinfo\/2022\/08\/vosges-marche-dete-animations-col-de-schlucht\/\"]}]},{\"@type\":\"ImageObject\",\"inLanguage\":\"fr-FR\",\"@id\":\"https:\/\/vosgesinfo.fr\/saintdieinfo\/2022\/08\/vosges-marche-dete-animations-col-de-schlucht\/#primaryimage\",\"url\":\"https:\/\/vosgesinfo.fr\/app\/uploads\/sites\/4\/2024\/08\/2022082022ouverturedumarcheduterroiralaschlucht012.jpg\",\"contentUrl\":\"https:\/\/vosgesinfo.fr\/app\/uploads\/sites\/4\/2024\/08\/2022082022ouverturedumarcheduterroiralaschlucht012.jpg\",\"width\":1600,\"height\":902},{\"@type\":\"BreadcrumbList\",\"@id\":\"https:\/\/vosgesinfo.fr\/saintdieinfo\/2022\/08\/vosges-marche-dete-animations-col-de-schlucht\/#breadcrumb\",\"itemListElement\":[{\"@type\":\"ListItem\",\"position\":1,\"name\":\"Home\",\"item\":\"https:\/\/vosgesinfo.fr\/saintdieinfo\/\"},{\"@type\":\"ListItem\",\"position\":2,\"name\":\"Vosges \u2013 March\u00e9 d&rsquo;\u00e9t\u00e9 et animations au col de la Schlucht\"}]},{\"@type\":\"WebSite\",\"@id\":\"https:\/\/vosgesinfo.fr\/saintdieinfo\/#website\",\"url\":\"https:\/\/vosgesinfo.fr\/saintdieinfo\/\",\"name\":\"Saint Die Info\",\"description\":\"Toute l&#039;actualit\u00e9 de Saint-Di\u00e9-Des-Vosges\",\"publisher\":{\"@id\":\"https:\/\/vosgesinfo.fr\/saintdieinfo\/#organization\"},\"alternateName\":\"Toute l'actualit\u00e9 de Saint-Di\u00e9-Des-Vosges\",\"potentialAction\":[{\"@type\":\"SearchAction\",\"target\":{\"@type\":\"EntryPoint\",\"urlTemplate\":\"https:\/\/vosgesinfo.fr\/saintdieinfo\/?s={search_term_string}\"},\"query-input\":\"required name=search_term_string\"}],\"inLanguage\":\"fr-FR\"},{\"@type\":\"Organization\",\"@id\":\"https:\/\/vosgesinfo.fr\/saintdieinfo\/#organization\",\"name\":\"Saint Die Info\",\"url\":\"https:\/\/vosgesinfo.fr\/saintdieinfo\/\",\"logo\":{\"@type\":\"ImageObject\",\"inLanguage\":\"fr-FR\",\"@id\":\"https:\/\/vosgesinfo.fr\/saintdieinfo\/#\/schema\/logo\/image\/\",\"url\":\"https:\/\/vosgesinfo.fr\/app\/uploads\/sites\/4\/2024\/02\/logo-sdi.jpg\",\"contentUrl\":\"https:\/\/vosgesinfo.fr\/app\/uploads\/sites\/4\/2024\/02\/logo-sdi.jpg\",\"width\":600,\"height\":600,\"caption\":\"Saint Die Info\"},\"image\":{\"@id\":\"https:\/\/vosgesinfo.fr\/saintdieinfo\/#\/schema\/logo\/image\/\"},\"sameAs\":[\"https:\/\/www.facebook.com\/Saintdieinfofr\",\"https:\/\/x.com\/VosgesInfo88\",\"https:\/\/www.youtube.com\/@vosgesinfo\"]},{\"@type\":\"Person\",\"@id\":\"https:\/\/vosgesinfo.fr\/saintdieinfo\/#\/schema\/person\/faee6704a21f3977511db84bd1cd450f\",\"name\":\"la r\u00e9daction\",\"image\":{\"@type\":\"ImageObject\",\"inLanguage\":\"fr-FR\",\"@id\":\"https:\/\/vosgesinfo.fr\/saintdieinfo\/#\/schema\/person\/image\/\",\"url\":\"https:\/\/secure.gravatar.com\/avatar\/6673d8bc6a9c17fa9a453eaa3448de834fa308c2ec9635b7aa99441a7c8d2cf6?s=96&d=mm&r=g\",\"contentUrl\":\"https:\/\/secure.gravatar.com\/avatar\/6673d8bc6a9c17fa9a453eaa3448de834fa308c2ec9635b7aa99441a7c8d2cf6?s=96&d=mm&r=g\",\"caption\":\"la r\u00e9daction\"},\"url\":\"https:\/\/vosgesinfo.fr\/saintdieinfo\/author\/redac\/\"}]}<\/script>\n<!-- \/ Yoast SEO plugin. -->","yoast_head_json":{"title":"Vosges \u2013 March\u00e9 d'\u00e9t\u00e9 et animations au col de la Schlucht - Saint Die Info","robots":{"index":"index","follow":"follow","max-snippet":"max-snippet:-1","max-image-preview":"max-image-preview:large","max-video-preview":"max-video-preview:-1"},"canonical":"https:\/\/vosgesinfo.fr\/saintdieinfo\/2022\/08\/vosges-marche-dete-animations-col-de-schlucht\/","twitter_card":"summary_large_image","twitter_title":"Vosges \u2013 March\u00e9 d'\u00e9t\u00e9 et animations au col de la Schlucht - Saint Die Info","twitter_description":"Jusqu&rsquo;au 6 septembre, d\u00e9couvrez les sp\u00e9cialit\u00e9s locales au d\u00e9tour de votre balade en montagne. C&rsquo;est au col de la Schlucht, [&hellip;]","twitter_image":"https:\/\/vosgesinfo.fr\/app\/uploads\/sites\/4\/2024\/08\/2022082022ouverturedumarcheduterroiralaschlucht012.jpg","twitter_creator":"@VosgesInfo88","twitter_site":"@VosgesInfo88","twitter_misc":{"\u00c9crit par":"la r\u00e9daction","Dur\u00e9e de lecture estim\u00e9e":"1 minute"},"schema":{"@context":"https:\/\/schema.org","@graph":[{"@type":"Article","@id":"https:\/\/vosgesinfo.fr\/saintdieinfo\/2022\/08\/vosges-marche-dete-animations-col-de-schlucht\/#article","isPartOf":{"@id":"https:\/\/vosgesinfo.fr\/saintdieinfo\/2022\/08\/vosges-marche-dete-animations-col-de-schlucht\/"},"author":{"name":"la r\u00e9daction","@id":"https:\/\/vosgesinfo.fr\/saintdieinfo\/#\/schema\/person\/faee6704a21f3977511db84bd1cd450f"},"headline":"Vosges \u2013 March\u00e9 d&rsquo;\u00e9t\u00e9 et animations au col de la Schlucht","datePublished":"2022-08-08T09:32:16+00:00","dateModified":"2022-08-08T09:32:16+00:00","mainEntityOfPage":{"@id":"https:\/\/vosgesinfo.fr\/saintdieinfo\/2022\/08\/vosges-marche-dete-animations-col-de-schlucht\/"},"wordCount":242,"commentCount":0,"publisher":{"@id":"https:\/\/vosgesinfo.fr\/saintdieinfo\/#organization"},"image":{"@id":"https:\/\/vosgesinfo.fr\/saintdieinfo\/2022\/08\/vosges-marche-dete-animations-col-de-schlucht\/#primaryimage"},"thumbnailUrl":"https:\/\/vosgesinfo.fr\/app\/uploads\/sites\/4\/2024\/08\/2022082022ouverturedumarcheduterroiralaschlucht012.jpg","keywords":["Col de la Schlucht","March\u00e9 d'\u00e9t\u00e9 et animations"],"articleSection":["A la Une","Loisirs","Vosges"],"inLanguage":"fr-FR","potentialAction":[{"@type":"CommentAction","name":"Comment","target":["https:\/\/vosgesinfo.fr\/saintdieinfo\/2022\/08\/vosges-marche-dete-animations-col-de-schlucht\/#respond"]}]},{"@type":"WebPage","@id":"https:\/\/vosgesinfo.fr\/saintdieinfo\/2022\/08\/vosges-marche-dete-animations-col-de-schlucht\/","url":"https:\/\/vosgesinfo.fr\/saintdieinfo\/2022\/08\/vosges-marche-dete-animations-col-de-schlucht\/","name":"Vosges \u2013 March\u00e9 d'\u00e9t\u00e9 et animations au col de la Schlucht - Saint Die Info","isPartOf":{"@id":"https:\/\/vosgesinfo.fr\/saintdieinfo\/#website"},"primaryImageOfPage":{"@id":"https:\/\/vosgesinfo.fr\/saintdieinfo\/2022\/08\/vosges-marche-dete-animations-col-de-schlucht\/#primaryimage"},"image":{"@id":"https:\/\/vosgesinfo.fr\/saintdieinfo\/2022\/08\/vosges-marche-dete-animations-col-de-schlucht\/#primaryimage"},"thumbnailUrl":"https:\/\/vosgesinfo.fr\/app\/uploads\/sites\/4\/2024\/08\/2022082022ouverturedumarcheduterroiralaschlucht012.jpg","datePublished":"2022-08-08T09:32:16+00:00","dateModified":"2022-08-08T09:32:16+00:00","breadcrumb":{"@id":"https:\/\/vosgesinfo.fr\/saintdieinfo\/2022\/08\/vosges-marche-dete-animations-col-de-schlucht\/#breadcrumb"},"inLanguage":"fr-FR","potentialAction":[{"@type":"ReadAction","target":["https:\/\/vosgesinfo.fr\/saintdieinfo\/2022\/08\/vosges-marche-dete-animations-col-de-schlucht\/"]}]},{"@type":"ImageObject","inLanguage":"fr-FR","@id":"https:\/\/vosgesinfo.fr\/saintdieinfo\/2022\/08\/vosges-marche-dete-animations-col-de-schlucht\/#primaryimage","url":"https:\/\/vosgesinfo.fr\/app\/uploads\/sites\/4\/2024\/08\/2022082022ouverturedumarcheduterroiralaschlucht012.jpg","contentUrl":"https:\/\/vosgesinfo.fr\/app\/uploads\/sites\/4\/2024\/08\/2022082022ouverturedumarcheduterroiralaschlucht012.jpg","width":1600,"height":902},{"@type":"BreadcrumbList","@id":"https:\/\/vosgesinfo.fr\/saintdieinfo\/2022\/08\/vosges-marche-dete-animations-col-de-schlucht\/#breadcrumb","itemListElement":[{"@type":"ListItem","position":1,"name":"Home","item":"https:\/\/vosgesinfo.fr\/saintdieinfo\/"},{"@type":"ListItem","position":2,"name":"Vosges \u2013 March\u00e9 d&rsquo;\u00e9t\u00e9 et animations au col de la Schlucht"}]},{"@type":"WebSite","@id":"https:\/\/vosgesinfo.fr\/saintdieinfo\/#website","url":"https:\/\/vosgesinfo.fr\/saintdieinfo\/","name":"Saint Die Info","description":"Toute l&#039;actualit\u00e9 de Saint-Di\u00e9-Des-Vosges","publisher":{"@id":"https:\/\/vosgesinfo.fr\/saintdieinfo\/#organization"},"alternateName":"Toute l'actualit\u00e9 de Saint-Di\u00e9-Des-Vosges","potentialAction":[{"@type":"SearchAction","target":{"@type":"EntryPoint","urlTemplate":"https:\/\/vosgesinfo.fr\/saintdieinfo\/?s={search_term_string}"},"query-input":"required name=search_term_string"}],"inLanguage":"fr-FR"},{"@type":"Organization","@id":"https:\/\/vosgesinfo.fr\/saintdieinfo\/#organization","name":"Saint Die Info","url":"https:\/\/vosgesinfo.fr\/saintdieinfo\/","logo":{"@type":"ImageObject","inLanguage":"fr-FR","@id":"https:\/\/vosgesinfo.fr\/saintdieinfo\/#\/schema\/logo\/image\/","url":"https:\/\/vosgesinfo.fr\/app\/uploads\/sites\/4\/2024\/02\/logo-sdi.jpg","contentUrl":"https:\/\/vosgesinfo.fr\/app\/uploads\/sites\/4\/2024\/02\/logo-sdi.jpg","width":600,"height":600,"caption":"Saint Die Info"},"image":{"@id":"https:\/\/vosgesinfo.fr\/saintdieinfo\/#\/schema\/logo\/image\/"},"sameAs":["https:\/\/www.facebook.com\/Saintdieinfofr","https:\/\/x.com\/VosgesInfo88","https:\/\/www.youtube.com\/@vosgesinfo"]},{"@type":"Person","@id":"https:\/\/vosgesinfo.fr\/saintdieinfo\/#\/schema\/person\/faee6704a21f3977511db84bd1cd450f","name":"la r\u00e9daction","image":{"@type":"ImageObject","inLanguage":"fr-FR","@id":"https:\/\/vosgesinfo.fr\/saintdieinfo\/#\/schema\/person\/image\/","url":"https:\/\/secure.gravatar.com\/avatar\/6673d8bc6a9c17fa9a453eaa3448de834fa308c2ec9635b7aa99441a7c8d2cf6?s=96&d=mm&r=g","contentUrl":"https:\/\/secure.gravatar.com\/avatar\/6673d8bc6a9c17fa9a453eaa3448de834fa308c2ec9635b7aa99441a7c8d2cf6?s=96&d=mm&r=g","caption":"la r\u00e9daction"},"url":"https:\/\/vosgesinfo.fr\/saintdieinfo\/author\/redac\/"}]}},"_links":{"self":[{"href":"https:\/\/vosgesinfo.fr\/saintdieinfo\/wp-json\/wp\/v2\/posts\/56536","targetHints":{"allow":["GET"]}}],"collection":[{"href":"https:\/\/vosgesinfo.fr\/saintdieinfo\/wp-json\/wp\/v2\/posts"}],"about":[{"href":"https:\/\/vosgesinfo.fr\/saintdieinfo\/wp-json\/wp\/v2\/types\/post"}],"author":[{"embeddable":true,"href":"https:\/\/vosgesinfo.fr\/saintdieinfo\/wp-json\/wp\/v2\/users\/44"}],"replies":[{"embeddable":true,"href":"https:\/\/vosgesinfo.fr\/saintdieinfo\/wp-json\/wp\/v2\/comments?post=56536"}],"version-history":[{"count":0,"href":"https:\/\/vosgesinfo.fr\/saintdieinfo\/wp-json\/wp\/v2\/posts\/56536\/revisions"}],"wp:featuredmedia":[{"embeddable":true,"href":"https:\/\/vosgesinfo.fr\/saintdieinfo\/wp-json\/wp\/v2\/media\/56537"}],"wp:attachment":[{"href":"https:\/\/vosgesinfo.fr\/saintdieinfo\/wp-json\/wp\/v2\/media?parent=56536"}],"wp:term":[{"taxonomy":"category","embeddable":true,"href":"https:\/\/vosgesinfo.fr\/saintdieinfo\/wp-json\/wp\/v2\/categories?post=56536"},{"taxonomy":"post_tag","embeddable":true,"href":"https:\/\/vosgesinfo.fr\/saintdieinfo\/wp-json\/wp\/v2\/tags?post=56536"}],"curies":[{"name":"wp","href":"https:\/\/api.w.org\/{rel}","templated":true}]}}