{"id":56729,"date":"2022-08-12T12:55:32","date_gmt":"2022-08-12T10:55:32","guid":{"rendered":"https:\/\/vosgesinfo.fr\/saintdieinfo\/2022\/08\/saint-die-vosges-decide-de-sevir-contre-depots-sauvages-de-dechets\/"},"modified":"2022-08-12T12:55:32","modified_gmt":"2022-08-12T10:55:32","slug":"saint-die-vosges-decide-de-sevir-contre-depots-sauvages-de-dechets","status":"publish","type":"post","link":"https:\/\/vosgesinfo.fr\/saintdieinfo\/2022\/08\/saint-die-vosges-decide-de-sevir-contre-depots-sauvages-de-dechets\/","title":{"rendered":"Saint-Di\u00e9-des-Vosges d\u00e9cide de s\u00e9vir contre les d\u00e9p\u00f4ts sauvages de d\u00e9chets"},"content":{"rendered":"<div id=\"attachment_188500\" style=\"width: 970px\" class=\"wp-caption aligncenter\"><a href=\"\/2022\/08\/Lutte_Contre_D\u00e9p\u00f4ts_Sauvages_D\u00e9chets_SDDV-3.jpg\"><img decoding=\"async\" aria-describedby=\"caption-attachment-188500\" class=\"wp-image-188500 size-large\" src=\"\/2022\/08\/Lutte_Contre_D\u00e9p\u00f4ts_Sauvages_D\u00e9chets_SDDV-3-1024x771.jpg\" alt=\"Lutte_Contre_D\u00e9p\u00f4ts_Sauvages_D\u00e9chets_SDDV (3)\" width=\"960\" height=\"723\" \/><\/a><p id=\"caption-attachment-188500\" class=\"wp-caption-text\">Face aux nombreux d\u00e9p\u00f4ts ill\u00e9gaux de d\u00e9chets \u00e0 Saint-Di\u00e9-des-Vosges, le maire Bruno Toussaint (\u00e0 gauche) a d\u00e9cid\u00e9 de s\u00e9vir.<\/p><\/div>\n<h2><strong><span style=\"font-size: 14pt;\">Face aux nombreux et incessants d\u00e9p\u00f4ts de d\u00e9chets sauvages aux 4 coins de Saint-Di\u00e9-des-Vosges, le maire Bruno Toussaint a d\u00e9cid\u00e9 de s\u00e9vir avec la verbalisation syst\u00e9matique des contrevenants.<\/span><\/strong><\/h2>\n<p><!--more--><\/p>\n<p>\u00ab\u00a0Lorsque j&rsquo;ai pris ma fonction de maire, il y a un mois, j&rsquo;ai d\u00e9clar\u00e9 que j&rsquo;allais me battre pour que Saint-Di\u00e9-des-Vosges soit une ville propre. La lutte contre les d\u00e9p\u00f4ts sauvages de d\u00e9chets s&rsquo;inscrit dans cette logique. Et j&rsquo;estime que Saint-Di\u00e9-des-Vosges n&rsquo;est pas le d\u00e9potoir des villes alentours. Car des habitants des communes o\u00f9 les ordures fonctionnent avec un syst\u00e8me de pes\u00e9e pr\u00e9f\u00e8rent jeter leurs sacs \u00e0 Saint-Di\u00e9-des-Vosges. En cons\u00e9quence, les points de d\u00e9p\u00f4ts des ordures doivent \u00eatre nettoy\u00e9s tous les jours tellement le nombre de sacs poubelles est important. Sachant que les services techniques retrouvent \u00e9galement des encombrants\u00a0\u00bb a d\u00e9clar\u00e9 Bruno Toussaint ce vendredi matin, qui s&rsquo;est rendu aux bacs de regroupement situ\u00e9 \u00e0 l&rsquo;intersection des rues de Dijon et d&rsquo;Ormont Prolong\u00e9e. Un endroit o\u00f9 les d\u00e9p\u00f4ts ill\u00e9gaux de d\u00e9chets sont particuli\u00e8rement importants. Pour lutter contre ces d\u00e9p\u00f4ts sauvages, une cam\u00e9ra a \u00e9t\u00e9 r\u00e9cemment install\u00e9e par la Ville.<\/p>\n<p>Bruno Toussaint de pr\u00e9ciser \u00e0 ce propos\u00a0: \u00ab\u00a0Nous avons d\u00e9j\u00e0 identifi\u00e9 gr\u00e2ce \u00e0 la cam\u00e9ra, via les plaques des v\u00e9hicules, une soixantaine de personnes qui n&rsquo;ont pas \u00e0 d\u00e9poser leurs ordures ici. 70% de ces personnes r\u00e9sident \u00e0 Nayemont-les-Fosses. Nous avons fait de m\u00eame \u00e0 Kellermann et au stade de rugby, o\u00f9 la majorit\u00e9 des d\u00e9p\u00f4ts sauvages de d\u00e9chets sont le fait d&rsquo;habitants de Sainte-Marguerite. Au total, 5 cam\u00e9ras mobiles seront d\u00e9ploy\u00e9es sur la ville et des agents de la Police Municipale effectueront de la surveillance discr\u00e8te pour prendre les contrevenants en flagrant d\u00e9lit. Il n&rsquo;y aura pas de cadeau de fait, on verbalisera tout le monde. En plus de leur amende, les personnes concern\u00e9es recevront une lettre et seront re\u00e7ues par le premier adjoint. Et pour tout sac poubelle trouv\u00e9 en dehors des lieux de d\u00e9p\u00f4ts, il sera ouvert pour essayer de retrouver une adresse. C&rsquo;est malheureux d&rsquo;en arriver l\u00e0 et de s\u00e9vir, mais on n&rsquo;a pas pas le choix vu la situation actuelle. L&rsquo;id\u00e9e est que les gens comprennent qu&rsquo;on ne jette pas ses ordures n&rsquo;importe o\u00f9 et n&rsquo;importe comment \u00e0 Saint-Di\u00e9-des-Vosges. Cela concerne donc \u00e9galement les D\u00e9odatiens. Mais on ne prend personne en tra\u00eetre, des affiches ont \u00e9t\u00e9 install\u00e9es pour signaler que les d\u00e9p\u00f4ts d&rsquo;ordures sont destin\u00e9s uniquement aux riverains. \u00bb<\/p>\n<p>Pour rappel, en France le non respect des modalit\u00e9s de collecte des d\u00e9chets est sanctionn\u00e9 par une amende de 35 euros, major\u00e9e \u00e0 75 euros si elle n&rsquo;est pas pay\u00e9e dans les 45 jours. Le d\u00e9p\u00f4t, l&rsquo;abandon, le jet ou le d\u00e9versement de tout type de d\u00e9chets sur la voie publique sont punis d&rsquo;une amende forfaitaire de 135 euros, major\u00e9e \u00e0 375 euros pass\u00e9e 45 jours. En cas de d\u00e9p\u00f4ts sauvages d&rsquo;ordures \u00e0 l&rsquo;aide d&rsquo;un v\u00e9hicule, l&rsquo;amende peut atteindre 1500 euros avec confiscation du v\u00e9hicule \u2013 voire 3000 euros en cas de r\u00e9cidive \u2013 car cela constitue une contravention de 5e classe. La sanction peut m\u00eame grimper \u00e0 75 000 euros d&rsquo;amende et 2 ans de prison pour une entreprise se livrant \u00e0 ce genre de pratique, car cela contrevient au Code de l&rsquo;environnement.<\/p>\n<p>J.J.<\/p>\n\n","protected":false},"excerpt":{"rendered":"<p>Face aux nombreux et incessants d\u00e9p\u00f4ts de d\u00e9chets sauvages aux 4 coins de Saint-Di\u00e9-des-Vosges, le maire Bruno Toussaint a d\u00e9cid\u00e9 [&hellip;]<\/p>\n","protected":false},"author":44,"featured_media":56730,"comment_status":"open","ping_status":"open","sticky":false,"template":"","format":"standard","meta":{"footnotes":""},"categories":[460,2915],"tags":[12337,12338],"class_list":["post-56729","post","type-post","status-publish","format-standard","has-post-thumbnail","hentry","category-a-la-une","category-saint-die-son-canton","tag-depots-sauvages-de-dechets","tag-lutte-contre-les-depots-sauvages-de-dechets-a-saint-die-des-vosges"],"acf":[],"yoast_head":"<!-- This site is optimized with the Yoast SEO plugin v22.5 - https:\/\/yoast.com\/wordpress\/plugins\/seo\/ -->\n<title>Saint-Di\u00e9-des-Vosges d\u00e9cide de s\u00e9vir contre les d\u00e9p\u00f4ts sauvages de d\u00e9chets - Saint Die Info<\/title>\n<meta name=\"robots\" content=\"index, follow, max-snippet:-1, max-image-preview:large, max-video-preview:-1\" \/>\n<link rel=\"canonical\" href=\"https:\/\/vosgesinfo.fr\/saintdieinfo\/2022\/08\/saint-die-vosges-decide-de-sevir-contre-depots-sauvages-de-dechets\/\" \/>\n<meta name=\"twitter:card\" content=\"summary_large_image\" \/>\n<meta name=\"twitter:title\" content=\"Saint-Di\u00e9-des-Vosges d\u00e9cide de s\u00e9vir contre les d\u00e9p\u00f4ts sauvages de d\u00e9chets - Saint Die Info\" \/>\n<meta name=\"twitter:description\" content=\"Face aux nombreux et incessants d\u00e9p\u00f4ts de d\u00e9chets sauvages aux 4 coins de Saint-Di\u00e9-des-Vosges, le maire Bruno Toussaint a d\u00e9cid\u00e9 [&hellip;]\" \/>\n<meta name=\"twitter:image\" content=\"https:\/\/vosgesinfo.fr\/app\/uploads\/sites\/4\/2024\/08\/202208lutte-contre-depots-sauvages-dechets-sddv-3.jpg\" \/>\n<meta name=\"twitter:creator\" content=\"@VosgesInfo88\" \/>\n<meta name=\"twitter:site\" content=\"@VosgesInfo88\" \/>\n<meta name=\"twitter:label1\" content=\"\u00c9crit par\" \/>\n\t<meta name=\"twitter:data1\" content=\"la r\u00e9daction\" \/>\n\t<meta name=\"twitter:label2\" content=\"Dur\u00e9e de lecture estim\u00e9e\" \/>\n\t<meta name=\"twitter:data2\" content=\"3 minutes\" \/>\n<script type=\"application\/ld+json\" class=\"yoast-schema-graph\">{\"@context\":\"https:\/\/schema.org\",\"@graph\":[{\"@type\":\"Article\",\"@id\":\"https:\/\/vosgesinfo.fr\/saintdieinfo\/2022\/08\/saint-die-vosges-decide-de-sevir-contre-depots-sauvages-de-dechets\/#article\",\"isPartOf\":{\"@id\":\"https:\/\/vosgesinfo.fr\/saintdieinfo\/2022\/08\/saint-die-vosges-decide-de-sevir-contre-depots-sauvages-de-dechets\/\"},\"author\":{\"name\":\"la r\u00e9daction\",\"@id\":\"https:\/\/vosgesinfo.fr\/saintdieinfo\/#\/schema\/person\/faee6704a21f3977511db84bd1cd450f\"},\"headline\":\"Saint-Di\u00e9-des-Vosges d\u00e9cide de s\u00e9vir contre les d\u00e9p\u00f4ts sauvages de d\u00e9chets\",\"datePublished\":\"2022-08-12T10:55:32+00:00\",\"dateModified\":\"2022-08-12T10:55:32+00:00\",\"mainEntityOfPage\":{\"@id\":\"https:\/\/vosgesinfo.fr\/saintdieinfo\/2022\/08\/saint-die-vosges-decide-de-sevir-contre-depots-sauvages-de-dechets\/\"},\"wordCount\":659,\"commentCount\":0,\"publisher\":{\"@id\":\"https:\/\/vosgesinfo.fr\/saintdieinfo\/#organization\"},\"image\":{\"@id\":\"https:\/\/vosgesinfo.fr\/saintdieinfo\/2022\/08\/saint-die-vosges-decide-de-sevir-contre-depots-sauvages-de-dechets\/#primaryimage\"},\"thumbnailUrl\":\"https:\/\/vosgesinfo.fr\/app\/uploads\/sites\/4\/2024\/08\/202208lutte-contre-depots-sauvages-dechets-sddv-3.jpg\",\"keywords\":[\"D\u00e9p\u00f4ts sauvages de d\u00e9chets\",\"Lutte contre les d\u00e9p\u00f4ts sauvages de d\u00e9chets \u00e0 Saint-Di\u00e9-des-Vosges\"],\"articleSection\":[\"A la Une\",\"Saint-Di\u00e9-des-Vosges et son Agglom\u00e9ration\"],\"inLanguage\":\"fr-FR\",\"potentialAction\":[{\"@type\":\"CommentAction\",\"name\":\"Comment\",\"target\":[\"https:\/\/vosgesinfo.fr\/saintdieinfo\/2022\/08\/saint-die-vosges-decide-de-sevir-contre-depots-sauvages-de-dechets\/#respond\"]}]},{\"@type\":\"WebPage\",\"@id\":\"https:\/\/vosgesinfo.fr\/saintdieinfo\/2022\/08\/saint-die-vosges-decide-de-sevir-contre-depots-sauvages-de-dechets\/\",\"url\":\"https:\/\/vosgesinfo.fr\/saintdieinfo\/2022\/08\/saint-die-vosges-decide-de-sevir-contre-depots-sauvages-de-dechets\/\",\"name\":\"Saint-Di\u00e9-des-Vosges d\u00e9cide de s\u00e9vir contre les d\u00e9p\u00f4ts sauvages de d\u00e9chets - Saint Die Info\",\"isPartOf\":{\"@id\":\"https:\/\/vosgesinfo.fr\/saintdieinfo\/#website\"},\"primaryImageOfPage\":{\"@id\":\"https:\/\/vosgesinfo.fr\/saintdieinfo\/2022\/08\/saint-die-vosges-decide-de-sevir-contre-depots-sauvages-de-dechets\/#primaryimage\"},\"image\":{\"@id\":\"https:\/\/vosgesinfo.fr\/saintdieinfo\/2022\/08\/saint-die-vosges-decide-de-sevir-contre-depots-sauvages-de-dechets\/#primaryimage\"},\"thumbnailUrl\":\"https:\/\/vosgesinfo.fr\/app\/uploads\/sites\/4\/2024\/08\/202208lutte-contre-depots-sauvages-dechets-sddv-3.jpg\",\"datePublished\":\"2022-08-12T10:55:32+00:00\",\"dateModified\":\"2022-08-12T10:55:32+00:00\",\"breadcrumb\":{\"@id\":\"https:\/\/vosgesinfo.fr\/saintdieinfo\/2022\/08\/saint-die-vosges-decide-de-sevir-contre-depots-sauvages-de-dechets\/#breadcrumb\"},\"inLanguage\":\"fr-FR\",\"potentialAction\":[{\"@type\":\"ReadAction\",\"target\":[\"https:\/\/vosgesinfo.fr\/saintdieinfo\/2022\/08\/saint-die-vosges-decide-de-sevir-contre-depots-sauvages-de-dechets\/\"]}]},{\"@type\":\"ImageObject\",\"inLanguage\":\"fr-FR\",\"@id\":\"https:\/\/vosgesinfo.fr\/saintdieinfo\/2022\/08\/saint-die-vosges-decide-de-sevir-contre-depots-sauvages-de-dechets\/#primaryimage\",\"url\":\"https:\/\/vosgesinfo.fr\/app\/uploads\/sites\/4\/2024\/08\/202208lutte-contre-depots-sauvages-dechets-sddv-3.jpg\",\"contentUrl\":\"https:\/\/vosgesinfo.fr\/app\/uploads\/sites\/4\/2024\/08\/202208lutte-contre-depots-sauvages-dechets-sddv-3.jpg\",\"width\":1600,\"height\":1205},{\"@type\":\"BreadcrumbList\",\"@id\":\"https:\/\/vosgesinfo.fr\/saintdieinfo\/2022\/08\/saint-die-vosges-decide-de-sevir-contre-depots-sauvages-de-dechets\/#breadcrumb\",\"itemListElement\":[{\"@type\":\"ListItem\",\"position\":1,\"name\":\"Home\",\"item\":\"https:\/\/vosgesinfo.fr\/saintdieinfo\/\"},{\"@type\":\"ListItem\",\"position\":2,\"name\":\"Saint-Di\u00e9-des-Vosges d\u00e9cide de s\u00e9vir contre les d\u00e9p\u00f4ts sauvages de d\u00e9chets\"}]},{\"@type\":\"WebSite\",\"@id\":\"https:\/\/vosgesinfo.fr\/saintdieinfo\/#website\",\"url\":\"https:\/\/vosgesinfo.fr\/saintdieinfo\/\",\"name\":\"Saint Die Info\",\"description\":\"Toute l&#039;actualit\u00e9 de Saint-Di\u00e9-Des-Vosges\",\"publisher\":{\"@id\":\"https:\/\/vosgesinfo.fr\/saintdieinfo\/#organization\"},\"alternateName\":\"Toute l'actualit\u00e9 de Saint-Di\u00e9-Des-Vosges\",\"potentialAction\":[{\"@type\":\"SearchAction\",\"target\":{\"@type\":\"EntryPoint\",\"urlTemplate\":\"https:\/\/vosgesinfo.fr\/saintdieinfo\/?s={search_term_string}\"},\"query-input\":\"required name=search_term_string\"}],\"inLanguage\":\"fr-FR\"},{\"@type\":\"Organization\",\"@id\":\"https:\/\/vosgesinfo.fr\/saintdieinfo\/#organization\",\"name\":\"Saint Die Info\",\"url\":\"https:\/\/vosgesinfo.fr\/saintdieinfo\/\",\"logo\":{\"@type\":\"ImageObject\",\"inLanguage\":\"fr-FR\",\"@id\":\"https:\/\/vosgesinfo.fr\/saintdieinfo\/#\/schema\/logo\/image\/\",\"url\":\"https:\/\/vosgesinfo.fr\/app\/uploads\/sites\/4\/2024\/02\/logo-sdi.jpg\",\"contentUrl\":\"https:\/\/vosgesinfo.fr\/app\/uploads\/sites\/4\/2024\/02\/logo-sdi.jpg\",\"width\":600,\"height\":600,\"caption\":\"Saint Die Info\"},\"image\":{\"@id\":\"https:\/\/vosgesinfo.fr\/saintdieinfo\/#\/schema\/logo\/image\/\"},\"sameAs\":[\"https:\/\/www.facebook.com\/Saintdieinfofr\",\"https:\/\/x.com\/VosgesInfo88\",\"https:\/\/www.youtube.com\/@vosgesinfo\"]},{\"@type\":\"Person\",\"@id\":\"https:\/\/vosgesinfo.fr\/saintdieinfo\/#\/schema\/person\/faee6704a21f3977511db84bd1cd450f\",\"name\":\"la r\u00e9daction\",\"image\":{\"@type\":\"ImageObject\",\"inLanguage\":\"fr-FR\",\"@id\":\"https:\/\/vosgesinfo.fr\/saintdieinfo\/#\/schema\/person\/image\/\",\"url\":\"https:\/\/secure.gravatar.com\/avatar\/6673d8bc6a9c17fa9a453eaa3448de834fa308c2ec9635b7aa99441a7c8d2cf6?s=96&d=mm&r=g\",\"contentUrl\":\"https:\/\/secure.gravatar.com\/avatar\/6673d8bc6a9c17fa9a453eaa3448de834fa308c2ec9635b7aa99441a7c8d2cf6?s=96&d=mm&r=g\",\"caption\":\"la r\u00e9daction\"},\"url\":\"https:\/\/vosgesinfo.fr\/saintdieinfo\/author\/redac\/\"}]}<\/script>\n<!-- \/ Yoast SEO plugin. -->","yoast_head_json":{"title":"Saint-Di\u00e9-des-Vosges d\u00e9cide de s\u00e9vir contre les d\u00e9p\u00f4ts sauvages de d\u00e9chets - Saint Die Info","robots":{"index":"index","follow":"follow","max-snippet":"max-snippet:-1","max-image-preview":"max-image-preview:large","max-video-preview":"max-video-preview:-1"},"canonical":"https:\/\/vosgesinfo.fr\/saintdieinfo\/2022\/08\/saint-die-vosges-decide-de-sevir-contre-depots-sauvages-de-dechets\/","twitter_card":"summary_large_image","twitter_title":"Saint-Di\u00e9-des-Vosges d\u00e9cide de s\u00e9vir contre les d\u00e9p\u00f4ts sauvages de d\u00e9chets - Saint Die Info","twitter_description":"Face aux nombreux et incessants d\u00e9p\u00f4ts de d\u00e9chets sauvages aux 4 coins de Saint-Di\u00e9-des-Vosges, le maire Bruno Toussaint a d\u00e9cid\u00e9 [&hellip;]","twitter_image":"https:\/\/vosgesinfo.fr\/app\/uploads\/sites\/4\/2024\/08\/202208lutte-contre-depots-sauvages-dechets-sddv-3.jpg","twitter_creator":"@VosgesInfo88","twitter_site":"@VosgesInfo88","twitter_misc":{"\u00c9crit par":"la r\u00e9daction","Dur\u00e9e de lecture estim\u00e9e":"3 minutes"},"schema":{"@context":"https:\/\/schema.org","@graph":[{"@type":"Article","@id":"https:\/\/vosgesinfo.fr\/saintdieinfo\/2022\/08\/saint-die-vosges-decide-de-sevir-contre-depots-sauvages-de-dechets\/#article","isPartOf":{"@id":"https:\/\/vosgesinfo.fr\/saintdieinfo\/2022\/08\/saint-die-vosges-decide-de-sevir-contre-depots-sauvages-de-dechets\/"},"author":{"name":"la r\u00e9daction","@id":"https:\/\/vosgesinfo.fr\/saintdieinfo\/#\/schema\/person\/faee6704a21f3977511db84bd1cd450f"},"headline":"Saint-Di\u00e9-des-Vosges d\u00e9cide de s\u00e9vir contre les d\u00e9p\u00f4ts sauvages de d\u00e9chets","datePublished":"2022-08-12T10:55:32+00:00","dateModified":"2022-08-12T10:55:32+00:00","mainEntityOfPage":{"@id":"https:\/\/vosgesinfo.fr\/saintdieinfo\/2022\/08\/saint-die-vosges-decide-de-sevir-contre-depots-sauvages-de-dechets\/"},"wordCount":659,"commentCount":0,"publisher":{"@id":"https:\/\/vosgesinfo.fr\/saintdieinfo\/#organization"},"image":{"@id":"https:\/\/vosgesinfo.fr\/saintdieinfo\/2022\/08\/saint-die-vosges-decide-de-sevir-contre-depots-sauvages-de-dechets\/#primaryimage"},"thumbnailUrl":"https:\/\/vosgesinfo.fr\/app\/uploads\/sites\/4\/2024\/08\/202208lutte-contre-depots-sauvages-dechets-sddv-3.jpg","keywords":["D\u00e9p\u00f4ts sauvages de d\u00e9chets","Lutte contre les d\u00e9p\u00f4ts sauvages de d\u00e9chets \u00e0 Saint-Di\u00e9-des-Vosges"],"articleSection":["A la Une","Saint-Di\u00e9-des-Vosges et son Agglom\u00e9ration"],"inLanguage":"fr-FR","potentialAction":[{"@type":"CommentAction","name":"Comment","target":["https:\/\/vosgesinfo.fr\/saintdieinfo\/2022\/08\/saint-die-vosges-decide-de-sevir-contre-depots-sauvages-de-dechets\/#respond"]}]},{"@type":"WebPage","@id":"https:\/\/vosgesinfo.fr\/saintdieinfo\/2022\/08\/saint-die-vosges-decide-de-sevir-contre-depots-sauvages-de-dechets\/","url":"https:\/\/vosgesinfo.fr\/saintdieinfo\/2022\/08\/saint-die-vosges-decide-de-sevir-contre-depots-sauvages-de-dechets\/","name":"Saint-Di\u00e9-des-Vosges d\u00e9cide de s\u00e9vir contre les d\u00e9p\u00f4ts sauvages de d\u00e9chets - Saint Die Info","isPartOf":{"@id":"https:\/\/vosgesinfo.fr\/saintdieinfo\/#website"},"primaryImageOfPage":{"@id":"https:\/\/vosgesinfo.fr\/saintdieinfo\/2022\/08\/saint-die-vosges-decide-de-sevir-contre-depots-sauvages-de-dechets\/#primaryimage"},"image":{"@id":"https:\/\/vosgesinfo.fr\/saintdieinfo\/2022\/08\/saint-die-vosges-decide-de-sevir-contre-depots-sauvages-de-dechets\/#primaryimage"},"thumbnailUrl":"https:\/\/vosgesinfo.fr\/app\/uploads\/sites\/4\/2024\/08\/202208lutte-contre-depots-sauvages-dechets-sddv-3.jpg","datePublished":"2022-08-12T10:55:32+00:00","dateModified":"2022-08-12T10:55:32+00:00","breadcrumb":{"@id":"https:\/\/vosgesinfo.fr\/saintdieinfo\/2022\/08\/saint-die-vosges-decide-de-sevir-contre-depots-sauvages-de-dechets\/#breadcrumb"},"inLanguage":"fr-FR","potentialAction":[{"@type":"ReadAction","target":["https:\/\/vosgesinfo.fr\/saintdieinfo\/2022\/08\/saint-die-vosges-decide-de-sevir-contre-depots-sauvages-de-dechets\/"]}]},{"@type":"ImageObject","inLanguage":"fr-FR","@id":"https:\/\/vosgesinfo.fr\/saintdieinfo\/2022\/08\/saint-die-vosges-decide-de-sevir-contre-depots-sauvages-de-dechets\/#primaryimage","url":"https:\/\/vosgesinfo.fr\/app\/uploads\/sites\/4\/2024\/08\/202208lutte-contre-depots-sauvages-dechets-sddv-3.jpg","contentUrl":"https:\/\/vosgesinfo.fr\/app\/uploads\/sites\/4\/2024\/08\/202208lutte-contre-depots-sauvages-dechets-sddv-3.jpg","width":1600,"height":1205},{"@type":"BreadcrumbList","@id":"https:\/\/vosgesinfo.fr\/saintdieinfo\/2022\/08\/saint-die-vosges-decide-de-sevir-contre-depots-sauvages-de-dechets\/#breadcrumb","itemListElement":[{"@type":"ListItem","position":1,"name":"Home","item":"https:\/\/vosgesinfo.fr\/saintdieinfo\/"},{"@type":"ListItem","position":2,"name":"Saint-Di\u00e9-des-Vosges d\u00e9cide de s\u00e9vir contre les d\u00e9p\u00f4ts sauvages de d\u00e9chets"}]},{"@type":"WebSite","@id":"https:\/\/vosgesinfo.fr\/saintdieinfo\/#website","url":"https:\/\/vosgesinfo.fr\/saintdieinfo\/","name":"Saint Die Info","description":"Toute l&#039;actualit\u00e9 de Saint-Di\u00e9-Des-Vosges","publisher":{"@id":"https:\/\/vosgesinfo.fr\/saintdieinfo\/#organization"},"alternateName":"Toute l'actualit\u00e9 de Saint-Di\u00e9-Des-Vosges","potentialAction":[{"@type":"SearchAction","target":{"@type":"EntryPoint","urlTemplate":"https:\/\/vosgesinfo.fr\/saintdieinfo\/?s={search_term_string}"},"query-input":"required name=search_term_string"}],"inLanguage":"fr-FR"},{"@type":"Organization","@id":"https:\/\/vosgesinfo.fr\/saintdieinfo\/#organization","name":"Saint Die Info","url":"https:\/\/vosgesinfo.fr\/saintdieinfo\/","logo":{"@type":"ImageObject","inLanguage":"fr-FR","@id":"https:\/\/vosgesinfo.fr\/saintdieinfo\/#\/schema\/logo\/image\/","url":"https:\/\/vosgesinfo.fr\/app\/uploads\/sites\/4\/2024\/02\/logo-sdi.jpg","contentUrl":"https:\/\/vosgesinfo.fr\/app\/uploads\/sites\/4\/2024\/02\/logo-sdi.jpg","width":600,"height":600,"caption":"Saint Die Info"},"image":{"@id":"https:\/\/vosgesinfo.fr\/saintdieinfo\/#\/schema\/logo\/image\/"},"sameAs":["https:\/\/www.facebook.com\/Saintdieinfofr","https:\/\/x.com\/VosgesInfo88","https:\/\/www.youtube.com\/@vosgesinfo"]},{"@type":"Person","@id":"https:\/\/vosgesinfo.fr\/saintdieinfo\/#\/schema\/person\/faee6704a21f3977511db84bd1cd450f","name":"la r\u00e9daction","image":{"@type":"ImageObject","inLanguage":"fr-FR","@id":"https:\/\/vosgesinfo.fr\/saintdieinfo\/#\/schema\/person\/image\/","url":"https:\/\/secure.gravatar.com\/avatar\/6673d8bc6a9c17fa9a453eaa3448de834fa308c2ec9635b7aa99441a7c8d2cf6?s=96&d=mm&r=g","contentUrl":"https:\/\/secure.gravatar.com\/avatar\/6673d8bc6a9c17fa9a453eaa3448de834fa308c2ec9635b7aa99441a7c8d2cf6?s=96&d=mm&r=g","caption":"la r\u00e9daction"},"url":"https:\/\/vosgesinfo.fr\/saintdieinfo\/author\/redac\/"}]}},"_links":{"self":[{"href":"https:\/\/vosgesinfo.fr\/saintdieinfo\/wp-json\/wp\/v2\/posts\/56729","targetHints":{"allow":["GET"]}}],"collection":[{"href":"https:\/\/vosgesinfo.fr\/saintdieinfo\/wp-json\/wp\/v2\/posts"}],"about":[{"href":"https:\/\/vosgesinfo.fr\/saintdieinfo\/wp-json\/wp\/v2\/types\/post"}],"author":[{"embeddable":true,"href":"https:\/\/vosgesinfo.fr\/saintdieinfo\/wp-json\/wp\/v2\/users\/44"}],"replies":[{"embeddable":true,"href":"https:\/\/vosgesinfo.fr\/saintdieinfo\/wp-json\/wp\/v2\/comments?post=56729"}],"version-history":[{"count":0,"href":"https:\/\/vosgesinfo.fr\/saintdieinfo\/wp-json\/wp\/v2\/posts\/56729\/revisions"}],"wp:featuredmedia":[{"embeddable":true,"href":"https:\/\/vosgesinfo.fr\/saintdieinfo\/wp-json\/wp\/v2\/media\/56730"}],"wp:attachment":[{"href":"https:\/\/vosgesinfo.fr\/saintdieinfo\/wp-json\/wp\/v2\/media?parent=56729"}],"wp:term":[{"taxonomy":"category","embeddable":true,"href":"https:\/\/vosgesinfo.fr\/saintdieinfo\/wp-json\/wp\/v2\/categories?post=56729"},{"taxonomy":"post_tag","embeddable":true,"href":"https:\/\/vosgesinfo.fr\/saintdieinfo\/wp-json\/wp\/v2\/tags?post=56729"}],"curies":[{"name":"wp","href":"https:\/\/api.w.org\/{rel}","templated":true}]}}