{"id":56747,"date":"2022-08-12T17:18:22","date_gmt":"2022-08-12T15:18:22","guid":{"rendered":"https:\/\/vosgesinfo.fr\/saintdieinfo\/2022\/08\/feux-de-forets-haye-a-biffontaine-thiefosse-deux-incendies-fixes\/"},"modified":"2022-08-12T17:18:22","modified_gmt":"2022-08-12T15:18:22","slug":"feux-de-forets-haye-a-biffontaine-thiefosse-deux-incendies-fixes","status":"publish","type":"post","link":"https:\/\/vosgesinfo.fr\/saintdieinfo\/2022\/08\/feux-de-forets-haye-a-biffontaine-thiefosse-deux-incendies-fixes\/","title":{"rendered":"Feux de for\u00eats : Haye \u00e0 Biffontaine et Thi\u00e9fosse : les deux incendies sont fix\u00e9s"},"content":{"rendered":"<div id=\"attachment_188515\" style=\"width: 778px\" class=\"wp-caption aligncenter\"><a href=\"\/2022\/08\/Feux_For\u00eat_Haye-1.jpg\" target=\"_blank\" rel=\"noopener\"><img decoding=\"async\" aria-describedby=\"caption-attachment-188515\" class=\"wp-image-188515 size-full\" src=\"\/2022\/08\/Feux_For\u00eat_Haye-1.jpg\" alt=\"Feux_For\u00eat_Haye (1)\" width=\"768\" height=\"768\" \/><\/a><p id=\"caption-attachment-188515\" class=\"wp-caption-text\">(Photographie SDIS88)<\/p><\/div>\n<h2><strong><span style=\"font-size: 14pt;\">Deux feux de for\u00eats se sont d\u00e9clench\u00e9s ce vendredi apr\u00e8s-midi \u00e0 Biffontaine et Thi\u00e9fosse. Les 2 incendies sont d\u00e9sormais fix\u00e9s.<\/span><\/strong><\/h2>\n<p><!--more--><\/p>\n<h3><span style=\"font-size: 12pt;\"><span dir=\"ltr\">Actuellement sur les lieux du sinistre<\/span> <span dir=\"ltr\">:<\/span><\/span><\/h3>\n<ul>\n<li><span dir=\"ltr\">Les deux feux sont fix\u00e9s par les services de secours.<\/span><\/li>\n<li><span dir=\"ltr\">Deux<\/span> <span dir=\"ltr\">h\u00e9licopt\u00e8res<\/span> <span dir=\"ltr\">sont<\/span> <span dir=\"ltr\">pr\u00e9sents<\/span> <span dir=\"ltr\">sur<\/span> <span dir=\"ltr\">le<\/span> <span dir=\"ltr\">site<\/span> <span dir=\"ltr\">:<\/span> <span dir=\"ltr\">un<\/span> <span dir=\"ltr\">bombardier<\/span> <span dir=\"ltr\">d\u2019eau <\/span><span dir=\"ltr\">accompagn\u00e9 de l\u2019h\u00e9licopt\u00e8re des moyens nationaux de la s\u00e9curit\u00e9 civile et<\/span><br \/>\n<span dir=\"ltr\">de la gestion des crises ( Dragon25 ).<\/span><\/li>\n<\/ul>\n<p><span dir=\"ltr\">En concertation avec le colonel Larry OUVRARD, le pr\u00e9sident de la chambre <\/span><span dir=\"ltr\">d\u2019agriculture, J\u00e9r\u00f4me MATHIEU lance un appel aux agriculteurs afin qu\u2019ils<\/span><span dir=\"ltr\"> tiennent pr\u00eat leurs tonnes \u00e0 lisiers remplis d\u2019eau, afin de pr\u00eater main forte<\/span><span dir=\"ltr\"> aux sapeurs-pompiers le cas \u00e9ch\u00e9ant.<\/span><\/p>\n<p><span dir=\"ltr\">Le<\/span> <span dir=\"ltr\">pr\u00e9fet<\/span> <span dir=\"ltr\">des<\/span> <span dir=\"ltr\">Vosges<\/span> <span dir=\"ltr\">salue<\/span> <span dir=\"ltr\">l\u2019investissement<\/span> <span dir=\"ltr\">des<\/span> <span dir=\"ltr\">agriculteurs<\/span> <span dir=\"ltr\">qui<\/span> <span dir=\"ltr\">ont<\/span><span dir=\"ltr\"> activement r\u00e9pondu aux besoins des services d\u2019incendie et de secours avec<\/span><span dir=\"ltr\"> la distribution de fournitures en eau, et qui ont contribu\u00e9 \u00e0 la ma\u00eetrise rapide <\/span><span dir=\"ltr\">du feu.<\/span><\/p>\n\n","protected":false},"excerpt":{"rendered":"<p>Deux feux de for\u00eats se sont d\u00e9clench\u00e9s ce vendredi apr\u00e8s-midi \u00e0 Biffontaine et Thi\u00e9fosse. Les 2 incendies sont d\u00e9sormais fix\u00e9s.<\/p>\n","protected":false},"author":44,"featured_media":56748,"comment_status":"open","ping_status":"open","sticky":false,"template":"","format":"standard","meta":{"footnotes":""},"categories":[460,2924,18],"tags":[5576,4217,8493],"class_list":["post-56747","post","type-post","status-publish","format-standard","has-post-thumbnail","hentry","category-a-la-une","category-fait-divers","category-vosges","tag-biffontaine","tag-feux-de-forets","tag-thiefosse"],"acf":[],"yoast_head":"<!-- This site is optimized with the Yoast SEO plugin v22.5 - https:\/\/yoast.com\/wordpress\/plugins\/seo\/ -->\n<title>Feux de for\u00eats : Haye \u00e0 Biffontaine et Thi\u00e9fosse : les deux incendies sont fix\u00e9s - Saint Die Info<\/title>\n<meta name=\"robots\" content=\"index, follow, max-snippet:-1, max-image-preview:large, max-video-preview:-1\" \/>\n<link rel=\"canonical\" href=\"https:\/\/vosgesinfo.fr\/saintdieinfo\/2022\/08\/feux-de-forets-haye-a-biffontaine-thiefosse-deux-incendies-fixes\/\" \/>\n<meta name=\"twitter:card\" content=\"summary_large_image\" \/>\n<meta name=\"twitter:title\" content=\"Feux de for\u00eats : Haye \u00e0 Biffontaine et Thi\u00e9fosse : les deux incendies sont fix\u00e9s - Saint Die Info\" \/>\n<meta name=\"twitter:description\" content=\"Deux feux de for\u00eats se sont d\u00e9clench\u00e9s ce vendredi apr\u00e8s-midi \u00e0 Biffontaine et Thi\u00e9fosse. Les 2 incendies sont d\u00e9sormais fix\u00e9s.\" \/>\n<meta name=\"twitter:image\" content=\"https:\/\/vosgesinfo.fr\/app\/uploads\/sites\/4\/2024\/08\/202208feux-foret-haye-1-1.jpg\" \/>\n<meta name=\"twitter:creator\" content=\"@VosgesInfo88\" \/>\n<meta name=\"twitter:site\" content=\"@VosgesInfo88\" \/>\n<meta name=\"twitter:label1\" content=\"\u00c9crit par\" \/>\n\t<meta name=\"twitter:data1\" content=\"la r\u00e9daction\" \/>\n\t<meta name=\"twitter:label2\" content=\"Dur\u00e9e de lecture estim\u00e9e\" \/>\n\t<meta name=\"twitter:data2\" content=\"1 minute\" \/>\n<script type=\"application\/ld+json\" class=\"yoast-schema-graph\">{\"@context\":\"https:\/\/schema.org\",\"@graph\":[{\"@type\":\"Article\",\"@id\":\"https:\/\/vosgesinfo.fr\/saintdieinfo\/2022\/08\/feux-de-forets-haye-a-biffontaine-thiefosse-deux-incendies-fixes\/#article\",\"isPartOf\":{\"@id\":\"https:\/\/vosgesinfo.fr\/saintdieinfo\/2022\/08\/feux-de-forets-haye-a-biffontaine-thiefosse-deux-incendies-fixes\/\"},\"author\":{\"name\":\"la r\u00e9daction\",\"@id\":\"https:\/\/vosgesinfo.fr\/saintdieinfo\/#\/schema\/person\/faee6704a21f3977511db84bd1cd450f\"},\"headline\":\"Feux de for\u00eats : Haye \u00e0 Biffontaine et Thi\u00e9fosse : les deux incendies sont fix\u00e9s\",\"datePublished\":\"2022-08-12T15:18:22+00:00\",\"dateModified\":\"2022-08-12T15:18:22+00:00\",\"mainEntityOfPage\":{\"@id\":\"https:\/\/vosgesinfo.fr\/saintdieinfo\/2022\/08\/feux-de-forets-haye-a-biffontaine-thiefosse-deux-incendies-fixes\/\"},\"wordCount\":196,\"commentCount\":0,\"publisher\":{\"@id\":\"https:\/\/vosgesinfo.fr\/saintdieinfo\/#organization\"},\"image\":{\"@id\":\"https:\/\/vosgesinfo.fr\/saintdieinfo\/2022\/08\/feux-de-forets-haye-a-biffontaine-thiefosse-deux-incendies-fixes\/#primaryimage\"},\"thumbnailUrl\":\"https:\/\/vosgesinfo.fr\/app\/uploads\/sites\/4\/2024\/08\/202208feux-foret-haye-1-1.jpg\",\"keywords\":[\"Biffontaine\",\"Feux de for\u00eats\",\"Thiefosse\"],\"articleSection\":[\"A la Une\",\"Fait Divers\",\"Vosges\"],\"inLanguage\":\"fr-FR\",\"potentialAction\":[{\"@type\":\"CommentAction\",\"name\":\"Comment\",\"target\":[\"https:\/\/vosgesinfo.fr\/saintdieinfo\/2022\/08\/feux-de-forets-haye-a-biffontaine-thiefosse-deux-incendies-fixes\/#respond\"]}]},{\"@type\":\"WebPage\",\"@id\":\"https:\/\/vosgesinfo.fr\/saintdieinfo\/2022\/08\/feux-de-forets-haye-a-biffontaine-thiefosse-deux-incendies-fixes\/\",\"url\":\"https:\/\/vosgesinfo.fr\/saintdieinfo\/2022\/08\/feux-de-forets-haye-a-biffontaine-thiefosse-deux-incendies-fixes\/\",\"name\":\"Feux de for\u00eats : Haye \u00e0 Biffontaine et Thi\u00e9fosse : les deux incendies sont fix\u00e9s - Saint Die Info\",\"isPartOf\":{\"@id\":\"https:\/\/vosgesinfo.fr\/saintdieinfo\/#website\"},\"primaryImageOfPage\":{\"@id\":\"https:\/\/vosgesinfo.fr\/saintdieinfo\/2022\/08\/feux-de-forets-haye-a-biffontaine-thiefosse-deux-incendies-fixes\/#primaryimage\"},\"image\":{\"@id\":\"https:\/\/vosgesinfo.fr\/saintdieinfo\/2022\/08\/feux-de-forets-haye-a-biffontaine-thiefosse-deux-incendies-fixes\/#primaryimage\"},\"thumbnailUrl\":\"https:\/\/vosgesinfo.fr\/app\/uploads\/sites\/4\/2024\/08\/202208feux-foret-haye-1-1.jpg\",\"datePublished\":\"2022-08-12T15:18:22+00:00\",\"dateModified\":\"2022-08-12T15:18:22+00:00\",\"breadcrumb\":{\"@id\":\"https:\/\/vosgesinfo.fr\/saintdieinfo\/2022\/08\/feux-de-forets-haye-a-biffontaine-thiefosse-deux-incendies-fixes\/#breadcrumb\"},\"inLanguage\":\"fr-FR\",\"potentialAction\":[{\"@type\":\"ReadAction\",\"target\":[\"https:\/\/vosgesinfo.fr\/saintdieinfo\/2022\/08\/feux-de-forets-haye-a-biffontaine-thiefosse-deux-incendies-fixes\/\"]}]},{\"@type\":\"ImageObject\",\"inLanguage\":\"fr-FR\",\"@id\":\"https:\/\/vosgesinfo.fr\/saintdieinfo\/2022\/08\/feux-de-forets-haye-a-biffontaine-thiefosse-deux-incendies-fixes\/#primaryimage\",\"url\":\"https:\/\/vosgesinfo.fr\/app\/uploads\/sites\/4\/2024\/08\/202208feux-foret-haye-1-1.jpg\",\"contentUrl\":\"https:\/\/vosgesinfo.fr\/app\/uploads\/sites\/4\/2024\/08\/202208feux-foret-haye-1-1.jpg\",\"width\":768,\"height\":768},{\"@type\":\"BreadcrumbList\",\"@id\":\"https:\/\/vosgesinfo.fr\/saintdieinfo\/2022\/08\/feux-de-forets-haye-a-biffontaine-thiefosse-deux-incendies-fixes\/#breadcrumb\",\"itemListElement\":[{\"@type\":\"ListItem\",\"position\":1,\"name\":\"Home\",\"item\":\"https:\/\/vosgesinfo.fr\/saintdieinfo\/\"},{\"@type\":\"ListItem\",\"position\":2,\"name\":\"Feux de for\u00eats : Haye \u00e0 Biffontaine et Thi\u00e9fosse : les deux incendies sont fix\u00e9s\"}]},{\"@type\":\"WebSite\",\"@id\":\"https:\/\/vosgesinfo.fr\/saintdieinfo\/#website\",\"url\":\"https:\/\/vosgesinfo.fr\/saintdieinfo\/\",\"name\":\"Saint Die Info\",\"description\":\"Toute l&#039;actualit\u00e9 de Saint-Di\u00e9-Des-Vosges\",\"publisher\":{\"@id\":\"https:\/\/vosgesinfo.fr\/saintdieinfo\/#organization\"},\"alternateName\":\"Toute l'actualit\u00e9 de Saint-Di\u00e9-Des-Vosges\",\"potentialAction\":[{\"@type\":\"SearchAction\",\"target\":{\"@type\":\"EntryPoint\",\"urlTemplate\":\"https:\/\/vosgesinfo.fr\/saintdieinfo\/?s={search_term_string}\"},\"query-input\":\"required name=search_term_string\"}],\"inLanguage\":\"fr-FR\"},{\"@type\":\"Organization\",\"@id\":\"https:\/\/vosgesinfo.fr\/saintdieinfo\/#organization\",\"name\":\"Saint Die Info\",\"url\":\"https:\/\/vosgesinfo.fr\/saintdieinfo\/\",\"logo\":{\"@type\":\"ImageObject\",\"inLanguage\":\"fr-FR\",\"@id\":\"https:\/\/vosgesinfo.fr\/saintdieinfo\/#\/schema\/logo\/image\/\",\"url\":\"https:\/\/vosgesinfo.fr\/app\/uploads\/sites\/4\/2024\/02\/logo-sdi.jpg\",\"contentUrl\":\"https:\/\/vosgesinfo.fr\/app\/uploads\/sites\/4\/2024\/02\/logo-sdi.jpg\",\"width\":600,\"height\":600,\"caption\":\"Saint Die Info\"},\"image\":{\"@id\":\"https:\/\/vosgesinfo.fr\/saintdieinfo\/#\/schema\/logo\/image\/\"},\"sameAs\":[\"https:\/\/www.facebook.com\/Saintdieinfofr\",\"https:\/\/x.com\/VosgesInfo88\",\"https:\/\/www.youtube.com\/@vosgesinfo\"]},{\"@type\":\"Person\",\"@id\":\"https:\/\/vosgesinfo.fr\/saintdieinfo\/#\/schema\/person\/faee6704a21f3977511db84bd1cd450f\",\"name\":\"la r\u00e9daction\",\"image\":{\"@type\":\"ImageObject\",\"inLanguage\":\"fr-FR\",\"@id\":\"https:\/\/vosgesinfo.fr\/saintdieinfo\/#\/schema\/person\/image\/\",\"url\":\"https:\/\/secure.gravatar.com\/avatar\/6673d8bc6a9c17fa9a453eaa3448de834fa308c2ec9635b7aa99441a7c8d2cf6?s=96&d=mm&r=g\",\"contentUrl\":\"https:\/\/secure.gravatar.com\/avatar\/6673d8bc6a9c17fa9a453eaa3448de834fa308c2ec9635b7aa99441a7c8d2cf6?s=96&d=mm&r=g\",\"caption\":\"la r\u00e9daction\"},\"url\":\"https:\/\/vosgesinfo.fr\/saintdieinfo\/author\/redac\/\"}]}<\/script>\n<!-- \/ Yoast SEO plugin. -->","yoast_head_json":{"title":"Feux de for\u00eats : Haye \u00e0 Biffontaine et Thi\u00e9fosse : les deux incendies sont fix\u00e9s - Saint Die Info","robots":{"index":"index","follow":"follow","max-snippet":"max-snippet:-1","max-image-preview":"max-image-preview:large","max-video-preview":"max-video-preview:-1"},"canonical":"https:\/\/vosgesinfo.fr\/saintdieinfo\/2022\/08\/feux-de-forets-haye-a-biffontaine-thiefosse-deux-incendies-fixes\/","twitter_card":"summary_large_image","twitter_title":"Feux de for\u00eats : Haye \u00e0 Biffontaine et Thi\u00e9fosse : les deux incendies sont fix\u00e9s - Saint Die Info","twitter_description":"Deux feux de for\u00eats se sont d\u00e9clench\u00e9s ce vendredi apr\u00e8s-midi \u00e0 Biffontaine et Thi\u00e9fosse. Les 2 incendies sont d\u00e9sormais fix\u00e9s.","twitter_image":"https:\/\/vosgesinfo.fr\/app\/uploads\/sites\/4\/2024\/08\/202208feux-foret-haye-1-1.jpg","twitter_creator":"@VosgesInfo88","twitter_site":"@VosgesInfo88","twitter_misc":{"\u00c9crit par":"la r\u00e9daction","Dur\u00e9e de lecture estim\u00e9e":"1 minute"},"schema":{"@context":"https:\/\/schema.org","@graph":[{"@type":"Article","@id":"https:\/\/vosgesinfo.fr\/saintdieinfo\/2022\/08\/feux-de-forets-haye-a-biffontaine-thiefosse-deux-incendies-fixes\/#article","isPartOf":{"@id":"https:\/\/vosgesinfo.fr\/saintdieinfo\/2022\/08\/feux-de-forets-haye-a-biffontaine-thiefosse-deux-incendies-fixes\/"},"author":{"name":"la r\u00e9daction","@id":"https:\/\/vosgesinfo.fr\/saintdieinfo\/#\/schema\/person\/faee6704a21f3977511db84bd1cd450f"},"headline":"Feux de for\u00eats : Haye \u00e0 Biffontaine et Thi\u00e9fosse : les deux incendies sont fix\u00e9s","datePublished":"2022-08-12T15:18:22+00:00","dateModified":"2022-08-12T15:18:22+00:00","mainEntityOfPage":{"@id":"https:\/\/vosgesinfo.fr\/saintdieinfo\/2022\/08\/feux-de-forets-haye-a-biffontaine-thiefosse-deux-incendies-fixes\/"},"wordCount":196,"commentCount":0,"publisher":{"@id":"https:\/\/vosgesinfo.fr\/saintdieinfo\/#organization"},"image":{"@id":"https:\/\/vosgesinfo.fr\/saintdieinfo\/2022\/08\/feux-de-forets-haye-a-biffontaine-thiefosse-deux-incendies-fixes\/#primaryimage"},"thumbnailUrl":"https:\/\/vosgesinfo.fr\/app\/uploads\/sites\/4\/2024\/08\/202208feux-foret-haye-1-1.jpg","keywords":["Biffontaine","Feux de for\u00eats","Thiefosse"],"articleSection":["A la Une","Fait Divers","Vosges"],"inLanguage":"fr-FR","potentialAction":[{"@type":"CommentAction","name":"Comment","target":["https:\/\/vosgesinfo.fr\/saintdieinfo\/2022\/08\/feux-de-forets-haye-a-biffontaine-thiefosse-deux-incendies-fixes\/#respond"]}]},{"@type":"WebPage","@id":"https:\/\/vosgesinfo.fr\/saintdieinfo\/2022\/08\/feux-de-forets-haye-a-biffontaine-thiefosse-deux-incendies-fixes\/","url":"https:\/\/vosgesinfo.fr\/saintdieinfo\/2022\/08\/feux-de-forets-haye-a-biffontaine-thiefosse-deux-incendies-fixes\/","name":"Feux de for\u00eats : Haye \u00e0 Biffontaine et Thi\u00e9fosse : les deux incendies sont fix\u00e9s - Saint Die Info","isPartOf":{"@id":"https:\/\/vosgesinfo.fr\/saintdieinfo\/#website"},"primaryImageOfPage":{"@id":"https:\/\/vosgesinfo.fr\/saintdieinfo\/2022\/08\/feux-de-forets-haye-a-biffontaine-thiefosse-deux-incendies-fixes\/#primaryimage"},"image":{"@id":"https:\/\/vosgesinfo.fr\/saintdieinfo\/2022\/08\/feux-de-forets-haye-a-biffontaine-thiefosse-deux-incendies-fixes\/#primaryimage"},"thumbnailUrl":"https:\/\/vosgesinfo.fr\/app\/uploads\/sites\/4\/2024\/08\/202208feux-foret-haye-1-1.jpg","datePublished":"2022-08-12T15:18:22+00:00","dateModified":"2022-08-12T15:18:22+00:00","breadcrumb":{"@id":"https:\/\/vosgesinfo.fr\/saintdieinfo\/2022\/08\/feux-de-forets-haye-a-biffontaine-thiefosse-deux-incendies-fixes\/#breadcrumb"},"inLanguage":"fr-FR","potentialAction":[{"@type":"ReadAction","target":["https:\/\/vosgesinfo.fr\/saintdieinfo\/2022\/08\/feux-de-forets-haye-a-biffontaine-thiefosse-deux-incendies-fixes\/"]}]},{"@type":"ImageObject","inLanguage":"fr-FR","@id":"https:\/\/vosgesinfo.fr\/saintdieinfo\/2022\/08\/feux-de-forets-haye-a-biffontaine-thiefosse-deux-incendies-fixes\/#primaryimage","url":"https:\/\/vosgesinfo.fr\/app\/uploads\/sites\/4\/2024\/08\/202208feux-foret-haye-1-1.jpg","contentUrl":"https:\/\/vosgesinfo.fr\/app\/uploads\/sites\/4\/2024\/08\/202208feux-foret-haye-1-1.jpg","width":768,"height":768},{"@type":"BreadcrumbList","@id":"https:\/\/vosgesinfo.fr\/saintdieinfo\/2022\/08\/feux-de-forets-haye-a-biffontaine-thiefosse-deux-incendies-fixes\/#breadcrumb","itemListElement":[{"@type":"ListItem","position":1,"name":"Home","item":"https:\/\/vosgesinfo.fr\/saintdieinfo\/"},{"@type":"ListItem","position":2,"name":"Feux de for\u00eats : Haye \u00e0 Biffontaine et Thi\u00e9fosse : les deux incendies sont fix\u00e9s"}]},{"@type":"WebSite","@id":"https:\/\/vosgesinfo.fr\/saintdieinfo\/#website","url":"https:\/\/vosgesinfo.fr\/saintdieinfo\/","name":"Saint Die Info","description":"Toute l&#039;actualit\u00e9 de Saint-Di\u00e9-Des-Vosges","publisher":{"@id":"https:\/\/vosgesinfo.fr\/saintdieinfo\/#organization"},"alternateName":"Toute l'actualit\u00e9 de Saint-Di\u00e9-Des-Vosges","potentialAction":[{"@type":"SearchAction","target":{"@type":"EntryPoint","urlTemplate":"https:\/\/vosgesinfo.fr\/saintdieinfo\/?s={search_term_string}"},"query-input":"required name=search_term_string"}],"inLanguage":"fr-FR"},{"@type":"Organization","@id":"https:\/\/vosgesinfo.fr\/saintdieinfo\/#organization","name":"Saint Die Info","url":"https:\/\/vosgesinfo.fr\/saintdieinfo\/","logo":{"@type":"ImageObject","inLanguage":"fr-FR","@id":"https:\/\/vosgesinfo.fr\/saintdieinfo\/#\/schema\/logo\/image\/","url":"https:\/\/vosgesinfo.fr\/app\/uploads\/sites\/4\/2024\/02\/logo-sdi.jpg","contentUrl":"https:\/\/vosgesinfo.fr\/app\/uploads\/sites\/4\/2024\/02\/logo-sdi.jpg","width":600,"height":600,"caption":"Saint Die Info"},"image":{"@id":"https:\/\/vosgesinfo.fr\/saintdieinfo\/#\/schema\/logo\/image\/"},"sameAs":["https:\/\/www.facebook.com\/Saintdieinfofr","https:\/\/x.com\/VosgesInfo88","https:\/\/www.youtube.com\/@vosgesinfo"]},{"@type":"Person","@id":"https:\/\/vosgesinfo.fr\/saintdieinfo\/#\/schema\/person\/faee6704a21f3977511db84bd1cd450f","name":"la r\u00e9daction","image":{"@type":"ImageObject","inLanguage":"fr-FR","@id":"https:\/\/vosgesinfo.fr\/saintdieinfo\/#\/schema\/person\/image\/","url":"https:\/\/secure.gravatar.com\/avatar\/6673d8bc6a9c17fa9a453eaa3448de834fa308c2ec9635b7aa99441a7c8d2cf6?s=96&d=mm&r=g","contentUrl":"https:\/\/secure.gravatar.com\/avatar\/6673d8bc6a9c17fa9a453eaa3448de834fa308c2ec9635b7aa99441a7c8d2cf6?s=96&d=mm&r=g","caption":"la r\u00e9daction"},"url":"https:\/\/vosgesinfo.fr\/saintdieinfo\/author\/redac\/"}]}},"_links":{"self":[{"href":"https:\/\/vosgesinfo.fr\/saintdieinfo\/wp-json\/wp\/v2\/posts\/56747","targetHints":{"allow":["GET"]}}],"collection":[{"href":"https:\/\/vosgesinfo.fr\/saintdieinfo\/wp-json\/wp\/v2\/posts"}],"about":[{"href":"https:\/\/vosgesinfo.fr\/saintdieinfo\/wp-json\/wp\/v2\/types\/post"}],"author":[{"embeddable":true,"href":"https:\/\/vosgesinfo.fr\/saintdieinfo\/wp-json\/wp\/v2\/users\/44"}],"replies":[{"embeddable":true,"href":"https:\/\/vosgesinfo.fr\/saintdieinfo\/wp-json\/wp\/v2\/comments?post=56747"}],"version-history":[{"count":0,"href":"https:\/\/vosgesinfo.fr\/saintdieinfo\/wp-json\/wp\/v2\/posts\/56747\/revisions"}],"wp:featuredmedia":[{"embeddable":true,"href":"https:\/\/vosgesinfo.fr\/saintdieinfo\/wp-json\/wp\/v2\/media\/56748"}],"wp:attachment":[{"href":"https:\/\/vosgesinfo.fr\/saintdieinfo\/wp-json\/wp\/v2\/media?parent=56747"}],"wp:term":[{"taxonomy":"category","embeddable":true,"href":"https:\/\/vosgesinfo.fr\/saintdieinfo\/wp-json\/wp\/v2\/categories?post=56747"},{"taxonomy":"post_tag","embeddable":true,"href":"https:\/\/vosgesinfo.fr\/saintdieinfo\/wp-json\/wp\/v2\/tags?post=56747"}],"curies":[{"name":"wp","href":"https:\/\/api.w.org\/{rel}","templated":true}]}}