{"id":56764,"date":"2022-08-13T04:00:33","date_gmt":"2022-08-13T02:00:33","guid":{"rendered":"https:\/\/vosgesinfo.fr\/saintdieinfo\/2022\/08\/feux-de-foret-chambre-dagriculture-vosges-lance-appel-a-solidarite\/"},"modified":"2022-08-13T04:00:33","modified_gmt":"2022-08-13T02:00:33","slug":"feux-de-foret-chambre-dagriculture-vosges-lance-appel-a-solidarite","status":"publish","type":"post","link":"https:\/\/vosgesinfo.fr\/saintdieinfo\/2022\/08\/feux-de-foret-chambre-dagriculture-vosges-lance-appel-a-solidarite\/","title":{"rendered":"Feux de for\u00eat : la Chambre d\u2019Agriculture des Vosges lance un appel \u00e0 la solidarit\u00e9"},"content":{"rendered":"<div id=\"attachment_188541\" style=\"width: 970px\" class=\"wp-caption aligncenter\"><a href=\"\/2022\/08\/298674648_492590449539698_7242500748852709056_n.jpg\" target=\"_blank\" rel=\"noopener\"><img decoding=\"async\" aria-describedby=\"caption-attachment-188541\" class=\"wp-image-188541 size-large\" src=\"\/2022\/08\/298674648_492590449539698_7242500748852709056_n-1024x683.jpg\" alt=\"298674648_492590449539698_7242500748852709056_n\" width=\"960\" height=\"640\" \/><\/a><p id=\"caption-attachment-188541\" class=\"wp-caption-text\">(Photographie SDIS88)<\/p><\/div>\n<h2><strong><span style=\"font-size: 14pt;\">Les feux de for\u00eat sont quotidiens dans les Vosges ces derniers temps. Depuis plusieurs semaines maintenant, les Vosges traversent une intense p\u00e9riode de s\u00e9cheresse. Des mesures sont prises pour \u00e9conomiser l\u2019eau en attendant l\u2019am\u00e9lioration de la situation. Les pompiers sont mobilis\u00e9s sur de nombreuses zones, comme notamment hier \u00e0 Biffontaine et \u00e0 Thi\u00e9fosse. Une situation qui incite \u00e0 la solidarit\u00e9 et \u00e0 la prudence.\u00a0<\/span><\/strong><\/h2>\n<p><!--more--><\/p>\n<p>Face au risque d\u2019incendie extr\u00eamement important ce week-end, la Chambre d\u2019Agriculture des Vosges a lanc\u00e9 un appel \u00e0 la solidarit\u00e9 aux agriculteurs. \u00ab\u00a0Si vous en avez la possibilit\u00e9, remplissez d\u2019eau votre tonne \u00e0 lisier pour vous tenir pr\u00eat \u00e0 soutenir les Sapeurs Pompiers des Vosges en cas de d\u00e9part de feu dans votre secteur\u00a0\u00bb, pr\u00e9conise la Chambre d\u2019Agriculture. \u00ab\u00a0Soyez vigilent et prudent, merci pour votre implication\u00a0\u00bb<\/p>\n","protected":false},"excerpt":{"rendered":"<p>Les feux de for\u00eat sont quotidiens dans les Vosges ces derniers temps. Depuis plusieurs semaines maintenant, les Vosges traversent une [&hellip;]<\/p>\n","protected":false},"author":44,"featured_media":56765,"comment_status":"open","ping_status":"open","sticky":false,"template":"","format":"standard","meta":{"footnotes":""},"categories":[460,128,18],"tags":[4619,1403],"class_list":["post-56764","post","type-post","status-publish","format-standard","has-post-thumbnail","hentry","category-a-la-une","category-agriculture","category-vosges","tag-chambre-dagriculture-des-vosges","tag-feux-de-foret"],"acf":[],"yoast_head":"<!-- This site is optimized with the Yoast SEO plugin v22.5 - https:\/\/yoast.com\/wordpress\/plugins\/seo\/ -->\n<title>Feux de for\u00eat : la Chambre d\u2019Agriculture des Vosges lance un appel \u00e0 la solidarit\u00e9 - Saint Die Info<\/title>\n<meta name=\"robots\" content=\"index, follow, max-snippet:-1, max-image-preview:large, max-video-preview:-1\" \/>\n<link rel=\"canonical\" href=\"https:\/\/vosgesinfo.fr\/saintdieinfo\/2022\/08\/feux-de-foret-chambre-dagriculture-vosges-lance-appel-a-solidarite\/\" \/>\n<meta name=\"twitter:card\" content=\"summary_large_image\" \/>\n<meta name=\"twitter:title\" content=\"Feux de for\u00eat : la Chambre d\u2019Agriculture des Vosges lance un appel \u00e0 la solidarit\u00e9 - Saint Die Info\" \/>\n<meta name=\"twitter:description\" content=\"Les feux de for\u00eat sont quotidiens dans les Vosges ces derniers temps. Depuis plusieurs semaines maintenant, les Vosges traversent une [&hellip;]\" \/>\n<meta name=\"twitter:image\" content=\"https:\/\/vosgesinfo.fr\/app\/uploads\/sites\/4\/2024\/08\/202208298674648-492590449539698-7242500748852709056-n.jpg\" \/>\n<meta name=\"twitter:creator\" content=\"@VosgesInfo88\" \/>\n<meta name=\"twitter:site\" content=\"@VosgesInfo88\" \/>\n<meta name=\"twitter:label1\" content=\"\u00c9crit par\" \/>\n\t<meta name=\"twitter:data1\" content=\"la r\u00e9daction\" \/>\n\t<meta name=\"twitter:label2\" content=\"Dur\u00e9e de lecture estim\u00e9e\" \/>\n\t<meta name=\"twitter:data2\" content=\"1 minute\" \/>\n<script type=\"application\/ld+json\" class=\"yoast-schema-graph\">{\"@context\":\"https:\/\/schema.org\",\"@graph\":[{\"@type\":\"Article\",\"@id\":\"https:\/\/vosgesinfo.fr\/saintdieinfo\/2022\/08\/feux-de-foret-chambre-dagriculture-vosges-lance-appel-a-solidarite\/#article\",\"isPartOf\":{\"@id\":\"https:\/\/vosgesinfo.fr\/saintdieinfo\/2022\/08\/feux-de-foret-chambre-dagriculture-vosges-lance-appel-a-solidarite\/\"},\"author\":{\"name\":\"la r\u00e9daction\",\"@id\":\"https:\/\/vosgesinfo.fr\/saintdieinfo\/#\/schema\/person\/faee6704a21f3977511db84bd1cd450f\"},\"headline\":\"Feux de for\u00eat : la Chambre d\u2019Agriculture des Vosges lance un appel \u00e0 la solidarit\u00e9\",\"datePublished\":\"2022-08-13T02:00:33+00:00\",\"dateModified\":\"2022-08-13T02:00:33+00:00\",\"mainEntityOfPage\":{\"@id\":\"https:\/\/vosgesinfo.fr\/saintdieinfo\/2022\/08\/feux-de-foret-chambre-dagriculture-vosges-lance-appel-a-solidarite\/\"},\"wordCount\":163,\"commentCount\":0,\"publisher\":{\"@id\":\"https:\/\/vosgesinfo.fr\/saintdieinfo\/#organization\"},\"image\":{\"@id\":\"https:\/\/vosgesinfo.fr\/saintdieinfo\/2022\/08\/feux-de-foret-chambre-dagriculture-vosges-lance-appel-a-solidarite\/#primaryimage\"},\"thumbnailUrl\":\"https:\/\/vosgesinfo.fr\/app\/uploads\/sites\/4\/2024\/08\/202208298674648-492590449539698-7242500748852709056-n.jpg\",\"keywords\":[\"Chambre d'Agriculture des Vosges\",\"feux de for\u00eat\"],\"articleSection\":[\"A la Une\",\"Agriculture\",\"Vosges\"],\"inLanguage\":\"fr-FR\",\"potentialAction\":[{\"@type\":\"CommentAction\",\"name\":\"Comment\",\"target\":[\"https:\/\/vosgesinfo.fr\/saintdieinfo\/2022\/08\/feux-de-foret-chambre-dagriculture-vosges-lance-appel-a-solidarite\/#respond\"]}]},{\"@type\":\"WebPage\",\"@id\":\"https:\/\/vosgesinfo.fr\/saintdieinfo\/2022\/08\/feux-de-foret-chambre-dagriculture-vosges-lance-appel-a-solidarite\/\",\"url\":\"https:\/\/vosgesinfo.fr\/saintdieinfo\/2022\/08\/feux-de-foret-chambre-dagriculture-vosges-lance-appel-a-solidarite\/\",\"name\":\"Feux de for\u00eat : la Chambre d\u2019Agriculture des Vosges lance un appel \u00e0 la solidarit\u00e9 - Saint Die Info\",\"isPartOf\":{\"@id\":\"https:\/\/vosgesinfo.fr\/saintdieinfo\/#website\"},\"primaryImageOfPage\":{\"@id\":\"https:\/\/vosgesinfo.fr\/saintdieinfo\/2022\/08\/feux-de-foret-chambre-dagriculture-vosges-lance-appel-a-solidarite\/#primaryimage\"},\"image\":{\"@id\":\"https:\/\/vosgesinfo.fr\/saintdieinfo\/2022\/08\/feux-de-foret-chambre-dagriculture-vosges-lance-appel-a-solidarite\/#primaryimage\"},\"thumbnailUrl\":\"https:\/\/vosgesinfo.fr\/app\/uploads\/sites\/4\/2024\/08\/202208298674648-492590449539698-7242500748852709056-n.jpg\",\"datePublished\":\"2022-08-13T02:00:33+00:00\",\"dateModified\":\"2022-08-13T02:00:33+00:00\",\"breadcrumb\":{\"@id\":\"https:\/\/vosgesinfo.fr\/saintdieinfo\/2022\/08\/feux-de-foret-chambre-dagriculture-vosges-lance-appel-a-solidarite\/#breadcrumb\"},\"inLanguage\":\"fr-FR\",\"potentialAction\":[{\"@type\":\"ReadAction\",\"target\":[\"https:\/\/vosgesinfo.fr\/saintdieinfo\/2022\/08\/feux-de-foret-chambre-dagriculture-vosges-lance-appel-a-solidarite\/\"]}]},{\"@type\":\"ImageObject\",\"inLanguage\":\"fr-FR\",\"@id\":\"https:\/\/vosgesinfo.fr\/saintdieinfo\/2022\/08\/feux-de-foret-chambre-dagriculture-vosges-lance-appel-a-solidarite\/#primaryimage\",\"url\":\"https:\/\/vosgesinfo.fr\/app\/uploads\/sites\/4\/2024\/08\/202208298674648-492590449539698-7242500748852709056-n.jpg\",\"contentUrl\":\"https:\/\/vosgesinfo.fr\/app\/uploads\/sites\/4\/2024\/08\/202208298674648-492590449539698-7242500748852709056-n.jpg\",\"width\":2048,\"height\":1365},{\"@type\":\"BreadcrumbList\",\"@id\":\"https:\/\/vosgesinfo.fr\/saintdieinfo\/2022\/08\/feux-de-foret-chambre-dagriculture-vosges-lance-appel-a-solidarite\/#breadcrumb\",\"itemListElement\":[{\"@type\":\"ListItem\",\"position\":1,\"name\":\"Home\",\"item\":\"https:\/\/vosgesinfo.fr\/saintdieinfo\/\"},{\"@type\":\"ListItem\",\"position\":2,\"name\":\"Feux de for\u00eat : la Chambre d\u2019Agriculture des Vosges lance un appel \u00e0 la solidarit\u00e9\"}]},{\"@type\":\"WebSite\",\"@id\":\"https:\/\/vosgesinfo.fr\/saintdieinfo\/#website\",\"url\":\"https:\/\/vosgesinfo.fr\/saintdieinfo\/\",\"name\":\"Saint Die Info\",\"description\":\"Toute l&#039;actualit\u00e9 de Saint-Di\u00e9-Des-Vosges\",\"publisher\":{\"@id\":\"https:\/\/vosgesinfo.fr\/saintdieinfo\/#organization\"},\"alternateName\":\"Toute l'actualit\u00e9 de Saint-Di\u00e9-Des-Vosges\",\"potentialAction\":[{\"@type\":\"SearchAction\",\"target\":{\"@type\":\"EntryPoint\",\"urlTemplate\":\"https:\/\/vosgesinfo.fr\/saintdieinfo\/?s={search_term_string}\"},\"query-input\":\"required name=search_term_string\"}],\"inLanguage\":\"fr-FR\"},{\"@type\":\"Organization\",\"@id\":\"https:\/\/vosgesinfo.fr\/saintdieinfo\/#organization\",\"name\":\"Saint Die Info\",\"url\":\"https:\/\/vosgesinfo.fr\/saintdieinfo\/\",\"logo\":{\"@type\":\"ImageObject\",\"inLanguage\":\"fr-FR\",\"@id\":\"https:\/\/vosgesinfo.fr\/saintdieinfo\/#\/schema\/logo\/image\/\",\"url\":\"https:\/\/vosgesinfo.fr\/app\/uploads\/sites\/4\/2024\/02\/logo-sdi.jpg\",\"contentUrl\":\"https:\/\/vosgesinfo.fr\/app\/uploads\/sites\/4\/2024\/02\/logo-sdi.jpg\",\"width\":600,\"height\":600,\"caption\":\"Saint Die Info\"},\"image\":{\"@id\":\"https:\/\/vosgesinfo.fr\/saintdieinfo\/#\/schema\/logo\/image\/\"},\"sameAs\":[\"https:\/\/www.facebook.com\/Saintdieinfofr\",\"https:\/\/x.com\/VosgesInfo88\",\"https:\/\/www.youtube.com\/@vosgesinfo\"]},{\"@type\":\"Person\",\"@id\":\"https:\/\/vosgesinfo.fr\/saintdieinfo\/#\/schema\/person\/faee6704a21f3977511db84bd1cd450f\",\"name\":\"la r\u00e9daction\",\"image\":{\"@type\":\"ImageObject\",\"inLanguage\":\"fr-FR\",\"@id\":\"https:\/\/vosgesinfo.fr\/saintdieinfo\/#\/schema\/person\/image\/\",\"url\":\"https:\/\/secure.gravatar.com\/avatar\/6673d8bc6a9c17fa9a453eaa3448de834fa308c2ec9635b7aa99441a7c8d2cf6?s=96&d=mm&r=g\",\"contentUrl\":\"https:\/\/secure.gravatar.com\/avatar\/6673d8bc6a9c17fa9a453eaa3448de834fa308c2ec9635b7aa99441a7c8d2cf6?s=96&d=mm&r=g\",\"caption\":\"la r\u00e9daction\"},\"url\":\"https:\/\/vosgesinfo.fr\/saintdieinfo\/author\/redac\/\"}]}<\/script>\n<!-- \/ Yoast SEO plugin. -->","yoast_head_json":{"title":"Feux de for\u00eat : la Chambre d\u2019Agriculture des Vosges lance un appel \u00e0 la solidarit\u00e9 - Saint Die Info","robots":{"index":"index","follow":"follow","max-snippet":"max-snippet:-1","max-image-preview":"max-image-preview:large","max-video-preview":"max-video-preview:-1"},"canonical":"https:\/\/vosgesinfo.fr\/saintdieinfo\/2022\/08\/feux-de-foret-chambre-dagriculture-vosges-lance-appel-a-solidarite\/","twitter_card":"summary_large_image","twitter_title":"Feux de for\u00eat : la Chambre d\u2019Agriculture des Vosges lance un appel \u00e0 la solidarit\u00e9 - Saint Die Info","twitter_description":"Les feux de for\u00eat sont quotidiens dans les Vosges ces derniers temps. Depuis plusieurs semaines maintenant, les Vosges traversent une [&hellip;]","twitter_image":"https:\/\/vosgesinfo.fr\/app\/uploads\/sites\/4\/2024\/08\/202208298674648-492590449539698-7242500748852709056-n.jpg","twitter_creator":"@VosgesInfo88","twitter_site":"@VosgesInfo88","twitter_misc":{"\u00c9crit par":"la r\u00e9daction","Dur\u00e9e de lecture estim\u00e9e":"1 minute"},"schema":{"@context":"https:\/\/schema.org","@graph":[{"@type":"Article","@id":"https:\/\/vosgesinfo.fr\/saintdieinfo\/2022\/08\/feux-de-foret-chambre-dagriculture-vosges-lance-appel-a-solidarite\/#article","isPartOf":{"@id":"https:\/\/vosgesinfo.fr\/saintdieinfo\/2022\/08\/feux-de-foret-chambre-dagriculture-vosges-lance-appel-a-solidarite\/"},"author":{"name":"la r\u00e9daction","@id":"https:\/\/vosgesinfo.fr\/saintdieinfo\/#\/schema\/person\/faee6704a21f3977511db84bd1cd450f"},"headline":"Feux de for\u00eat : la Chambre d\u2019Agriculture des Vosges lance un appel \u00e0 la solidarit\u00e9","datePublished":"2022-08-13T02:00:33+00:00","dateModified":"2022-08-13T02:00:33+00:00","mainEntityOfPage":{"@id":"https:\/\/vosgesinfo.fr\/saintdieinfo\/2022\/08\/feux-de-foret-chambre-dagriculture-vosges-lance-appel-a-solidarite\/"},"wordCount":163,"commentCount":0,"publisher":{"@id":"https:\/\/vosgesinfo.fr\/saintdieinfo\/#organization"},"image":{"@id":"https:\/\/vosgesinfo.fr\/saintdieinfo\/2022\/08\/feux-de-foret-chambre-dagriculture-vosges-lance-appel-a-solidarite\/#primaryimage"},"thumbnailUrl":"https:\/\/vosgesinfo.fr\/app\/uploads\/sites\/4\/2024\/08\/202208298674648-492590449539698-7242500748852709056-n.jpg","keywords":["Chambre d'Agriculture des Vosges","feux de for\u00eat"],"articleSection":["A la Une","Agriculture","Vosges"],"inLanguage":"fr-FR","potentialAction":[{"@type":"CommentAction","name":"Comment","target":["https:\/\/vosgesinfo.fr\/saintdieinfo\/2022\/08\/feux-de-foret-chambre-dagriculture-vosges-lance-appel-a-solidarite\/#respond"]}]},{"@type":"WebPage","@id":"https:\/\/vosgesinfo.fr\/saintdieinfo\/2022\/08\/feux-de-foret-chambre-dagriculture-vosges-lance-appel-a-solidarite\/","url":"https:\/\/vosgesinfo.fr\/saintdieinfo\/2022\/08\/feux-de-foret-chambre-dagriculture-vosges-lance-appel-a-solidarite\/","name":"Feux de for\u00eat : la Chambre d\u2019Agriculture des Vosges lance un appel \u00e0 la solidarit\u00e9 - Saint Die Info","isPartOf":{"@id":"https:\/\/vosgesinfo.fr\/saintdieinfo\/#website"},"primaryImageOfPage":{"@id":"https:\/\/vosgesinfo.fr\/saintdieinfo\/2022\/08\/feux-de-foret-chambre-dagriculture-vosges-lance-appel-a-solidarite\/#primaryimage"},"image":{"@id":"https:\/\/vosgesinfo.fr\/saintdieinfo\/2022\/08\/feux-de-foret-chambre-dagriculture-vosges-lance-appel-a-solidarite\/#primaryimage"},"thumbnailUrl":"https:\/\/vosgesinfo.fr\/app\/uploads\/sites\/4\/2024\/08\/202208298674648-492590449539698-7242500748852709056-n.jpg","datePublished":"2022-08-13T02:00:33+00:00","dateModified":"2022-08-13T02:00:33+00:00","breadcrumb":{"@id":"https:\/\/vosgesinfo.fr\/saintdieinfo\/2022\/08\/feux-de-foret-chambre-dagriculture-vosges-lance-appel-a-solidarite\/#breadcrumb"},"inLanguage":"fr-FR","potentialAction":[{"@type":"ReadAction","target":["https:\/\/vosgesinfo.fr\/saintdieinfo\/2022\/08\/feux-de-foret-chambre-dagriculture-vosges-lance-appel-a-solidarite\/"]}]},{"@type":"ImageObject","inLanguage":"fr-FR","@id":"https:\/\/vosgesinfo.fr\/saintdieinfo\/2022\/08\/feux-de-foret-chambre-dagriculture-vosges-lance-appel-a-solidarite\/#primaryimage","url":"https:\/\/vosgesinfo.fr\/app\/uploads\/sites\/4\/2024\/08\/202208298674648-492590449539698-7242500748852709056-n.jpg","contentUrl":"https:\/\/vosgesinfo.fr\/app\/uploads\/sites\/4\/2024\/08\/202208298674648-492590449539698-7242500748852709056-n.jpg","width":2048,"height":1365},{"@type":"BreadcrumbList","@id":"https:\/\/vosgesinfo.fr\/saintdieinfo\/2022\/08\/feux-de-foret-chambre-dagriculture-vosges-lance-appel-a-solidarite\/#breadcrumb","itemListElement":[{"@type":"ListItem","position":1,"name":"Home","item":"https:\/\/vosgesinfo.fr\/saintdieinfo\/"},{"@type":"ListItem","position":2,"name":"Feux de for\u00eat : la Chambre d\u2019Agriculture des Vosges lance un appel \u00e0 la solidarit\u00e9"}]},{"@type":"WebSite","@id":"https:\/\/vosgesinfo.fr\/saintdieinfo\/#website","url":"https:\/\/vosgesinfo.fr\/saintdieinfo\/","name":"Saint Die Info","description":"Toute l&#039;actualit\u00e9 de Saint-Di\u00e9-Des-Vosges","publisher":{"@id":"https:\/\/vosgesinfo.fr\/saintdieinfo\/#organization"},"alternateName":"Toute l'actualit\u00e9 de Saint-Di\u00e9-Des-Vosges","potentialAction":[{"@type":"SearchAction","target":{"@type":"EntryPoint","urlTemplate":"https:\/\/vosgesinfo.fr\/saintdieinfo\/?s={search_term_string}"},"query-input":"required name=search_term_string"}],"inLanguage":"fr-FR"},{"@type":"Organization","@id":"https:\/\/vosgesinfo.fr\/saintdieinfo\/#organization","name":"Saint Die Info","url":"https:\/\/vosgesinfo.fr\/saintdieinfo\/","logo":{"@type":"ImageObject","inLanguage":"fr-FR","@id":"https:\/\/vosgesinfo.fr\/saintdieinfo\/#\/schema\/logo\/image\/","url":"https:\/\/vosgesinfo.fr\/app\/uploads\/sites\/4\/2024\/02\/logo-sdi.jpg","contentUrl":"https:\/\/vosgesinfo.fr\/app\/uploads\/sites\/4\/2024\/02\/logo-sdi.jpg","width":600,"height":600,"caption":"Saint Die Info"},"image":{"@id":"https:\/\/vosgesinfo.fr\/saintdieinfo\/#\/schema\/logo\/image\/"},"sameAs":["https:\/\/www.facebook.com\/Saintdieinfofr","https:\/\/x.com\/VosgesInfo88","https:\/\/www.youtube.com\/@vosgesinfo"]},{"@type":"Person","@id":"https:\/\/vosgesinfo.fr\/saintdieinfo\/#\/schema\/person\/faee6704a21f3977511db84bd1cd450f","name":"la r\u00e9daction","image":{"@type":"ImageObject","inLanguage":"fr-FR","@id":"https:\/\/vosgesinfo.fr\/saintdieinfo\/#\/schema\/person\/image\/","url":"https:\/\/secure.gravatar.com\/avatar\/6673d8bc6a9c17fa9a453eaa3448de834fa308c2ec9635b7aa99441a7c8d2cf6?s=96&d=mm&r=g","contentUrl":"https:\/\/secure.gravatar.com\/avatar\/6673d8bc6a9c17fa9a453eaa3448de834fa308c2ec9635b7aa99441a7c8d2cf6?s=96&d=mm&r=g","caption":"la r\u00e9daction"},"url":"https:\/\/vosgesinfo.fr\/saintdieinfo\/author\/redac\/"}]}},"_links":{"self":[{"href":"https:\/\/vosgesinfo.fr\/saintdieinfo\/wp-json\/wp\/v2\/posts\/56764","targetHints":{"allow":["GET"]}}],"collection":[{"href":"https:\/\/vosgesinfo.fr\/saintdieinfo\/wp-json\/wp\/v2\/posts"}],"about":[{"href":"https:\/\/vosgesinfo.fr\/saintdieinfo\/wp-json\/wp\/v2\/types\/post"}],"author":[{"embeddable":true,"href":"https:\/\/vosgesinfo.fr\/saintdieinfo\/wp-json\/wp\/v2\/users\/44"}],"replies":[{"embeddable":true,"href":"https:\/\/vosgesinfo.fr\/saintdieinfo\/wp-json\/wp\/v2\/comments?post=56764"}],"version-history":[{"count":0,"href":"https:\/\/vosgesinfo.fr\/saintdieinfo\/wp-json\/wp\/v2\/posts\/56764\/revisions"}],"wp:featuredmedia":[{"embeddable":true,"href":"https:\/\/vosgesinfo.fr\/saintdieinfo\/wp-json\/wp\/v2\/media\/56765"}],"wp:attachment":[{"href":"https:\/\/vosgesinfo.fr\/saintdieinfo\/wp-json\/wp\/v2\/media?parent=56764"}],"wp:term":[{"taxonomy":"category","embeddable":true,"href":"https:\/\/vosgesinfo.fr\/saintdieinfo\/wp-json\/wp\/v2\/categories?post=56764"},{"taxonomy":"post_tag","embeddable":true,"href":"https:\/\/vosgesinfo.fr\/saintdieinfo\/wp-json\/wp\/v2\/tags?post=56764"}],"curies":[{"name":"wp","href":"https:\/\/api.w.org\/{rel}","templated":true}]}}